{"id":179466,"date":"2025-01-30T07:00:00","date_gmt":"2025-01-30T10:00:00","guid":{"rendered":"https:\/\/folhapopular.info\/?p=179466"},"modified":"2025-01-29T15:52:54","modified_gmt":"2025-01-29T18:52:54","slug":"inscricoes-no-pro-esporte-rs-encerram-na-sexta-feira","status":"publish","type":"post","link":"https:\/\/folhapopular.info\/index.php\/2025\/01\/30\/inscricoes-no-pro-esporte-rs-encerram-na-sexta-feira\/","title":{"rendered":"Inscri\u00e7\u00f5es no Pr\u00f3-Esporte RS encerram na sexta-feira"},"content":{"rendered":"\n<p>As inscri\u00e7\u00f5es para novos projetos no Programa Pr\u00f3-Esporte RS, da Lei de Incentivo ao Esporte (LIE), se encerram ao meio-dia desta sexta-feira (31\/1). A iniciativa, administrada pela Secretaria do Esporte e Lazer (SEL), tem duas janelas anuais: janeiro e julho.<\/p>\n\n\n\n<p>Durante a gest\u00e3o de Eduardo Leite, o programa ampliou o investimento anual de R$ 25 milh\u00f5es para R$ 35 milh\u00f5es, atendendo mais de 60 modalidades esportivas e aumentando o n\u00famero de projetos contemplados de 83 para mais de 700.<\/p>\n\n\n\n<p>O Pr\u00f3-Esporte financia projetos esportivos e paradesportivos por meio de patroc\u00ednio de empresas com compensa\u00e7\u00e3o via ICMS. As propostas podem ser enviadas por pessoas f\u00edsicas, jur\u00eddicas ou prefeituras, e passam pela avalia\u00e7\u00e3o da C\u00e2mara T\u00e9cnica do programa.<\/p>\n\n\n\n<p>Mais informa\u00e7\u00f5es e inscri\u00e7\u00f5es no site proesporte.rs.gov.br ou pelos contatos <strong><a>proesporte@esporte.rs.gov.br<\/a><\/strong>, ou nos n\u00fameros (51) 3215-9405 \/ (51) 3215-9446.<\/p>\n\n\n\n<p>Um exemplo que recebeu aux\u00edlio do Programa Pr\u00f3-Esporte RS \u00e9 a Alaf, de Lajeado.<\/p>\n\n\n\n<figure class=\"wp-block-embed is-type-wp-embed is-provider-folha-popular wp-block-embed-folha-popular\"><div class=\"wp-block-embed__wrapper\">\n<blockquote class=\"wp-embedded-content\" data-secret=\"p5xKimioh8\"><a href=\"https:\/\/folhapopular.info\/index.php\/2025\/01\/29\/alaf-projeta-2025-melhor-apos-incentivo-financeiro\/\">Alaf projeta 2025 melhor ap\u00f3s incentivo financeiro<\/a><\/blockquote><iframe loading=\"lazy\" class=\"wp-embedded-content\" sandbox=\"allow-scripts\" security=\"restricted\" style=\"position: absolute; visibility: hidden;\" title=\"&#8220;Alaf projeta 2025 melhor ap\u00f3s incentivo financeiro&#8221; &#8212; Folha Popular\" src=\"https:\/\/folhapopular.info\/index.php\/2025\/01\/29\/alaf-projeta-2025-melhor-apos-incentivo-financeiro\/embed\/#?secret=kGzv9WQ6kY#?secret=p5xKimioh8\" data-secret=\"p5xKimioh8\" width=\"600\" height=\"338\" frameborder=\"0\" marginwidth=\"0\" marginheight=\"0\" scrolling=\"no\"><\/iframe>\n<\/div><\/figure>\n","protected":false},"excerpt":{"rendered":"<p>As inscri\u00e7\u00f5es para novos projetos no Programa Pr\u00f3-Esporte RS, da Lei de Incentivo ao Esporte (LIE), se encerram ao meio-dia desta sexta-feira (31\/1). A iniciativa, administrada pela Secretaria do Esporte e Lazer (SEL), tem duas janelas anuais: janeiro e julho. Durante a gest\u00e3o de Eduardo Leite, o programa ampliou o investimento anual de R$ 25 [&hellip;]<\/p>\n","protected":false},"author":8,"featured_media":179467,"comment_status":"open","ping_status":"open","sticky":false,"template":"","format":"standard","meta":{"pmpro_default_level":"","_jetpack_memberships_contains_paid_content":false,"footnotes":""},"categories":[5],"tags":[16574,17796,1794],"class_list":{"0":"post-179466","1":"post","2":"type-post","3":"status-publish","4":"format-standard","5":"has-post-thumbnail","7":"category-esportes","8":"tag-inscricoes-encerrando","9":"tag-programa-pro-esporte-rs","10":"tag-rio-grande-do-sul","11":"pmpro-has-access"},"yoast_head":"<!-- This site is optimized with the Yoast SEO plugin v27.5 - https:\/\/yoast.com\/product\/yoast-seo-wordpress\/ -->\n<title>Inscri\u00e7\u00f5es no Pr\u00f3-Esporte RS encerram na sexta-feira - Folha Popular<\/title>\n<meta name=\"robots\" content=\"index, follow, max-snippet:-1, max-image-preview:large, max-video-preview:-1\" \/>\n<link rel=\"canonical\" href=\"https:\/\/folhapopular.info\/index.php\/2025\/01\/30\/inscricoes-no-pro-esporte-rs-encerram-na-sexta-feira\/\" \/>\n<meta property=\"og:locale\" content=\"pt_BR\" \/>\n<meta property=\"og:type\" content=\"article\" \/>\n<meta property=\"og:title\" content=\"Inscri\u00e7\u00f5es no Pr\u00f3-Esporte RS encerram na sexta-feira - Folha Popular\" \/>\n<meta property=\"og:description\" content=\"As inscri\u00e7\u00f5es para novos projetos no Programa Pr\u00f3-Esporte RS, da Lei de Incentivo ao Esporte (LIE), se encerram ao meio-dia desta sexta-feira (31\/1). A iniciativa, administrada pela Secretaria do Esporte e Lazer (SEL), tem duas janelas anuais: janeiro e julho. Durante a gest\u00e3o de Eduardo Leite, o programa ampliou o investimento anual de R$ 25 [&hellip;]\" \/>\n<meta property=\"og:url\" content=\"https:\/\/folhapopular.info\/index.php\/2025\/01\/30\/inscricoes-no-pro-esporte-rs-encerram-na-sexta-feira\/\" \/>\n<meta property=\"og:site_name\" content=\"Folha Popular\" \/>\n<meta property=\"article:published_time\" content=\"2025-01-30T10:00:00+00:00\" \/>\n<meta property=\"og:image\" content=\"https:\/\/folhapopular.info\/wp-content\/uploads\/2025\/01\/29103750_47437_GDO.png\" \/>\n\t<meta property=\"og:image:width\" content=\"800\" \/>\n\t<meta property=\"og:image:height\" content=\"450\" \/>\n\t<meta property=\"og:image:type\" content=\"image\/png\" \/>\n<meta name=\"author\" content=\"Reda\u00e7\u00e3o Folha Popular\" \/>\n<meta name=\"twitter:card\" content=\"summary_large_image\" \/>\n<meta name=\"twitter:label1\" content=\"Escrito por\" \/>\n\t<meta name=\"twitter:data1\" content=\"Reda\u00e7\u00e3o Folha Popular\" \/>\n\t<meta name=\"twitter:label2\" content=\"Est. tempo de leitura\" \/>\n\t<meta name=\"twitter:data2\" content=\"2 minutos\" \/>\n<script type=\"application\/ld+json\" class=\"yoast-schema-graph\">{\"@context\":\"https:\\\/\\\/schema.org\",\"@graph\":[{\"@type\":\"Article\",\"@id\":\"https:\\\/\\\/folhapopular.info\\\/index.php\\\/2025\\\/01\\\/30\\\/inscricoes-no-pro-esporte-rs-encerram-na-sexta-feira\\\/#article\",\"isPartOf\":{\"@id\":\"https:\\\/\\\/folhapopular.info\\\/index.php\\\/2025\\\/01\\\/30\\\/inscricoes-no-pro-esporte-rs-encerram-na-sexta-feira\\\/\"},\"author\":{\"name\":\"Reda\u00e7\u00e3o Folha Popular\",\"@id\":\"https:\\\/\\\/folhapopular.info\\\/#\\\/schema\\\/person\\\/2814e8a0df7643585a9ca38bc6eb9d4b\"},\"headline\":\"Inscri\u00e7\u00f5es no Pr\u00f3-Esporte RS encerram na sexta-feira\",\"datePublished\":\"2025-01-30T10:00:00+00:00\",\"mainEntityOfPage\":{\"@id\":\"https:\\\/\\\/folhapopular.info\\\/index.php\\\/2025\\\/01\\\/30\\\/inscricoes-no-pro-esporte-rs-encerram-na-sexta-feira\\\/\"},\"wordCount\":181,\"commentCount\":0,\"image\":{\"@id\":\"https:\\\/\\\/folhapopular.info\\\/index.php\\\/2025\\\/01\\\/30\\\/inscricoes-no-pro-esporte-rs-encerram-na-sexta-feira\\\/#primaryimage\"},\"thumbnailUrl\":\"https:\\\/\\\/folhapopular.info\\\/wp-content\\\/uploads\\\/2025\\\/01\\\/29103750_47437_GDO.png\",\"keywords\":[\"Inscri\u00e7\u00f5es encerrando\",\"Programa Pr\u00f3-Esporte RS\",\"Rio Grande do Sul\"],\"articleSection\":[\"Esportes\"],\"inLanguage\":\"pt-BR\",\"potentialAction\":[{\"@type\":\"CommentAction\",\"name\":\"Comment\",\"target\":[\"https:\\\/\\\/folhapopular.info\\\/index.php\\\/2025\\\/01\\\/30\\\/inscricoes-no-pro-esporte-rs-encerram-na-sexta-feira\\\/#respond\"]}]},{\"@type\":\"WebPage\",\"@id\":\"https:\\\/\\\/folhapopular.info\\\/index.php\\\/2025\\\/01\\\/30\\\/inscricoes-no-pro-esporte-rs-encerram-na-sexta-feira\\\/\",\"url\":\"https:\\\/\\\/folhapopular.info\\\/index.php\\\/2025\\\/01\\\/30\\\/inscricoes-no-pro-esporte-rs-encerram-na-sexta-feira\\\/\",\"name\":\"Inscri\u00e7\u00f5es no Pr\u00f3-Esporte RS encerram na sexta-feira - Folha Popular\",\"isPartOf\":{\"@id\":\"https:\\\/\\\/folhapopular.info\\\/#website\"},\"primaryImageOfPage\":{\"@id\":\"https:\\\/\\\/folhapopular.info\\\/index.php\\\/2025\\\/01\\\/30\\\/inscricoes-no-pro-esporte-rs-encerram-na-sexta-feira\\\/#primaryimage\"},\"image\":{\"@id\":\"https:\\\/\\\/folhapopular.info\\\/index.php\\\/2025\\\/01\\\/30\\\/inscricoes-no-pro-esporte-rs-encerram-na-sexta-feira\\\/#primaryimage\"},\"thumbnailUrl\":\"https:\\\/\\\/folhapopular.info\\\/wp-content\\\/uploads\\\/2025\\\/01\\\/29103750_47437_GDO.png\",\"datePublished\":\"2025-01-30T10:00:00+00:00\",\"author\":{\"@id\":\"https:\\\/\\\/folhapopular.info\\\/#\\\/schema\\\/person\\\/2814e8a0df7643585a9ca38bc6eb9d4b\"},\"breadcrumb\":{\"@id\":\"https:\\\/\\\/folhapopular.info\\\/index.php\\\/2025\\\/01\\\/30\\\/inscricoes-no-pro-esporte-rs-encerram-na-sexta-feira\\\/#breadcrumb\"},\"inLanguage\":\"pt-BR\",\"potentialAction\":[{\"@type\":\"ReadAction\",\"target\":[\"https:\\\/\\\/folhapopular.info\\\/index.php\\\/2025\\\/01\\\/30\\\/inscricoes-no-pro-esporte-rs-encerram-na-sexta-feira\\\/\"]}]},{\"@type\":\"ImageObject\",\"inLanguage\":\"pt-BR\",\"@id\":\"https:\\\/\\\/folhapopular.info\\\/index.php\\\/2025\\\/01\\\/30\\\/inscricoes-no-pro-esporte-rs-encerram-na-sexta-feira\\\/#primaryimage\",\"url\":\"https:\\\/\\\/folhapopular.info\\\/wp-content\\\/uploads\\\/2025\\\/01\\\/29103750_47437_GDO.png\",\"contentUrl\":\"https:\\\/\\\/folhapopular.info\\\/wp-content\\\/uploads\\\/2025\\\/01\\\/29103750_47437_GDO.png\",\"width\":800,\"height\":450,\"caption\":\"Cr\u00e9dito: Divulga\u00e7\u00e3o\"},{\"@type\":\"BreadcrumbList\",\"@id\":\"https:\\\/\\\/folhapopular.info\\\/index.php\\\/2025\\\/01\\\/30\\\/inscricoes-no-pro-esporte-rs-encerram-na-sexta-feira\\\/#breadcrumb\",\"itemListElement\":[{\"@type\":\"ListItem\",\"position\":1,\"name\":\"In\u00edcio\",\"item\":\"https:\\\/\\\/folhapopular.info\\\/\"},{\"@type\":\"ListItem\",\"position\":2,\"name\":\"Inscri\u00e7\u00f5es no Pr\u00f3-Esporte RS encerram na sexta-feira\"}]},{\"@type\":\"WebSite\",\"@id\":\"https:\\\/\\\/folhapopular.info\\\/#website\",\"url\":\"https:\\\/\\\/folhapopular.info\\\/\",\"name\":\"Folha Popular\",\"description\":\"Onde voc\u00ea tem vez e voz\",\"potentialAction\":[{\"@type\":\"SearchAction\",\"target\":{\"@type\":\"EntryPoint\",\"urlTemplate\":\"https:\\\/\\\/folhapopular.info\\\/?s={search_term_string}\"},\"query-input\":{\"@type\":\"PropertyValueSpecification\",\"valueRequired\":true,\"valueName\":\"search_term_string\"}}],\"inLanguage\":\"pt-BR\"},{\"@type\":\"Person\",\"@id\":\"https:\\\/\\\/folhapopular.info\\\/#\\\/schema\\\/person\\\/2814e8a0df7643585a9ca38bc6eb9d4b\",\"name\":\"Reda\u00e7\u00e3o Folha Popular\",\"image\":{\"@type\":\"ImageObject\",\"inLanguage\":\"pt-BR\",\"@id\":\"https:\\\/\\\/folhapopular.info\\\/wp-content\\\/uploads\\\/2026\\\/04\\\/Folha-1.webp\",\"url\":\"https:\\\/\\\/folhapopular.info\\\/wp-content\\\/uploads\\\/2026\\\/04\\\/Folha-1.webp\",\"contentUrl\":\"https:\\\/\\\/folhapopular.info\\\/wp-content\\\/uploads\\\/2026\\\/04\\\/Folha-1.webp\",\"caption\":\"Reda\u00e7\u00e3o Folha Popular\"},\"url\":\"https:\\\/\\\/folhapopular.info\\\/index.php\\\/author\\\/redacao\\\/\"}]}<\/script>\n<!-- \/ Yoast SEO plugin. -->","yoast_head_json":{"title":"Inscri\u00e7\u00f5es no Pr\u00f3-Esporte RS encerram na sexta-feira - Folha Popular","robots":{"index":"index","follow":"follow","max-snippet":"max-snippet:-1","max-image-preview":"max-image-preview:large","max-video-preview":"max-video-preview:-1"},"canonical":"https:\/\/folhapopular.info\/index.php\/2025\/01\/30\/inscricoes-no-pro-esporte-rs-encerram-na-sexta-feira\/","og_locale":"pt_BR","og_type":"article","og_title":"Inscri\u00e7\u00f5es no Pr\u00f3-Esporte RS encerram na sexta-feira - Folha Popular","og_description":"As inscri\u00e7\u00f5es para novos projetos no Programa Pr\u00f3-Esporte RS, da Lei de Incentivo ao Esporte (LIE), se encerram ao meio-dia desta sexta-feira (31\/1). A iniciativa, administrada pela Secretaria do Esporte e Lazer (SEL), tem duas janelas anuais: janeiro e julho. Durante a gest\u00e3o de Eduardo Leite, o programa ampliou o investimento anual de R$ 25 [&hellip;]","og_url":"https:\/\/folhapopular.info\/index.php\/2025\/01\/30\/inscricoes-no-pro-esporte-rs-encerram-na-sexta-feira\/","og_site_name":"Folha Popular","article_published_time":"2025-01-30T10:00:00+00:00","og_image":[{"width":800,"height":450,"url":"https:\/\/folhapopular.info\/wp-content\/uploads\/2025\/01\/29103750_47437_GDO.png","type":"image\/png"}],"author":"Reda\u00e7\u00e3o Folha Popular","twitter_card":"summary_large_image","twitter_misc":{"Escrito por":"Reda\u00e7\u00e3o Folha Popular","Est. tempo de leitura":"2 minutos"},"schema":{"@context":"https:\/\/schema.org","@graph":[{"@type":"Article","@id":"https:\/\/folhapopular.info\/index.php\/2025\/01\/30\/inscricoes-no-pro-esporte-rs-encerram-na-sexta-feira\/#article","isPartOf":{"@id":"https:\/\/folhapopular.info\/index.php\/2025\/01\/30\/inscricoes-no-pro-esporte-rs-encerram-na-sexta-feira\/"},"author":{"name":"Reda\u00e7\u00e3o Folha Popular","@id":"https:\/\/folhapopular.info\/#\/schema\/person\/2814e8a0df7643585a9ca38bc6eb9d4b"},"headline":"Inscri\u00e7\u00f5es no Pr\u00f3-Esporte RS encerram na sexta-feira","datePublished":"2025-01-30T10:00:00+00:00","mainEntityOfPage":{"@id":"https:\/\/folhapopular.info\/index.php\/2025\/01\/30\/inscricoes-no-pro-esporte-rs-encerram-na-sexta-feira\/"},"wordCount":181,"commentCount":0,"image":{"@id":"https:\/\/folhapopular.info\/index.php\/2025\/01\/30\/inscricoes-no-pro-esporte-rs-encerram-na-sexta-feira\/#primaryimage"},"thumbnailUrl":"https:\/\/folhapopular.info\/wp-content\/uploads\/2025\/01\/29103750_47437_GDO.png","keywords":["Inscri\u00e7\u00f5es encerrando","Programa Pr\u00f3-Esporte RS","Rio Grande do Sul"],"articleSection":["Esportes"],"inLanguage":"pt-BR","potentialAction":[{"@type":"CommentAction","name":"Comment","target":["https:\/\/folhapopular.info\/index.php\/2025\/01\/30\/inscricoes-no-pro-esporte-rs-encerram-na-sexta-feira\/#respond"]}]},{"@type":"WebPage","@id":"https:\/\/folhapopular.info\/index.php\/2025\/01\/30\/inscricoes-no-pro-esporte-rs-encerram-na-sexta-feira\/","url":"https:\/\/folhapopular.info\/index.php\/2025\/01\/30\/inscricoes-no-pro-esporte-rs-encerram-na-sexta-feira\/","name":"Inscri\u00e7\u00f5es no Pr\u00f3-Esporte RS encerram na sexta-feira - Folha Popular","isPartOf":{"@id":"https:\/\/folhapopular.info\/#website"},"primaryImageOfPage":{"@id":"https:\/\/folhapopular.info\/index.php\/2025\/01\/30\/inscricoes-no-pro-esporte-rs-encerram-na-sexta-feira\/#primaryimage"},"image":{"@id":"https:\/\/folhapopular.info\/index.php\/2025\/01\/30\/inscricoes-no-pro-esporte-rs-encerram-na-sexta-feira\/#primaryimage"},"thumbnailUrl":"https:\/\/folhapopular.info\/wp-content\/uploads\/2025\/01\/29103750_47437_GDO.png","datePublished":"2025-01-30T10:00:00+00:00","author":{"@id":"https:\/\/folhapopular.info\/#\/schema\/person\/2814e8a0df7643585a9ca38bc6eb9d4b"},"breadcrumb":{"@id":"https:\/\/folhapopular.info\/index.php\/2025\/01\/30\/inscricoes-no-pro-esporte-rs-encerram-na-sexta-feira\/#breadcrumb"},"inLanguage":"pt-BR","potentialAction":[{"@type":"ReadAction","target":["https:\/\/folhapopular.info\/index.php\/2025\/01\/30\/inscricoes-no-pro-esporte-rs-encerram-na-sexta-feira\/"]}]},{"@type":"ImageObject","inLanguage":"pt-BR","@id":"https:\/\/folhapopular.info\/index.php\/2025\/01\/30\/inscricoes-no-pro-esporte-rs-encerram-na-sexta-feira\/#primaryimage","url":"https:\/\/folhapopular.info\/wp-content\/uploads\/2025\/01\/29103750_47437_GDO.png","contentUrl":"https:\/\/folhapopular.info\/wp-content\/uploads\/2025\/01\/29103750_47437_GDO.png","width":800,"height":450,"caption":"Cr\u00e9dito: Divulga\u00e7\u00e3o"},{"@type":"BreadcrumbList","@id":"https:\/\/folhapopular.info\/index.php\/2025\/01\/30\/inscricoes-no-pro-esporte-rs-encerram-na-sexta-feira\/#breadcrumb","itemListElement":[{"@type":"ListItem","position":1,"name":"In\u00edcio","item":"https:\/\/folhapopular.info\/"},{"@type":"ListItem","position":2,"name":"Inscri\u00e7\u00f5es no Pr\u00f3-Esporte RS encerram na sexta-feira"}]},{"@type":"WebSite","@id":"https:\/\/folhapopular.info\/#website","url":"https:\/\/folhapopular.info\/","name":"Folha Popular","description":"Onde voc\u00ea tem vez e voz","potentialAction":[{"@type":"SearchAction","target":{"@type":"EntryPoint","urlTemplate":"https:\/\/folhapopular.info\/?s={search_term_string}"},"query-input":{"@type":"PropertyValueSpecification","valueRequired":true,"valueName":"search_term_string"}}],"inLanguage":"pt-BR"},{"@type":"Person","@id":"https:\/\/folhapopular.info\/#\/schema\/person\/2814e8a0df7643585a9ca38bc6eb9d4b","name":"Reda\u00e7\u00e3o Folha Popular","image":{"@type":"ImageObject","inLanguage":"pt-BR","@id":"https:\/\/folhapopular.info\/wp-content\/uploads\/2026\/04\/Folha-1.webp","url":"https:\/\/folhapopular.info\/wp-content\/uploads\/2026\/04\/Folha-1.webp","contentUrl":"https:\/\/folhapopular.info\/wp-content\/uploads\/2026\/04\/Folha-1.webp","caption":"Reda\u00e7\u00e3o Folha Popular"},"url":"https:\/\/folhapopular.info\/index.php\/author\/redacao\/"}]}},"jetpack_featured_media_url":"https:\/\/folhapopular.info\/wp-content\/uploads\/2025\/01\/29103750_47437_GDO.png","jetpack_sharing_enabled":true,"amp_enabled":true,"_links":{"self":[{"href":"https:\/\/folhapopular.info\/index.php\/wp-json\/wp\/v2\/posts\/179466","targetHints":{"allow":["GET"]}}],"collection":[{"href":"https:\/\/folhapopular.info\/index.php\/wp-json\/wp\/v2\/posts"}],"about":[{"href":"https:\/\/folhapopular.info\/index.php\/wp-json\/wp\/v2\/types\/post"}],"author":[{"embeddable":true,"href":"https:\/\/folhapopular.info\/index.php\/wp-json\/wp\/v2\/users\/8"}],"replies":[{"embeddable":true,"href":"https:\/\/folhapopular.info\/index.php\/wp-json\/wp\/v2\/comments?post=179466"}],"version-history":[{"count":0,"href":"https:\/\/folhapopular.info\/index.php\/wp-json\/wp\/v2\/posts\/179466\/revisions"}],"wp:featuredmedia":[{"embeddable":true,"href":"https:\/\/folhapopular.info\/index.php\/wp-json\/wp\/v2\/media\/179467"}],"wp:attachment":[{"href":"https:\/\/folhapopular.info\/index.php\/wp-json\/wp\/v2\/media?parent=179466"}],"wp:term":[{"taxonomy":"category","embeddable":true,"href":"https:\/\/folhapopular.info\/index.php\/wp-json\/wp\/v2\/categories?post=179466"},{"taxonomy":"post_tag","embeddable":true,"href":"https:\/\/folhapopular.info\/index.php\/wp-json\/wp\/v2\/tags?post=179466"}],"curies":[{"name":"wp","href":"https:\/\/api.w.org\/{rel}","templated":true}]}}