{"id":179491,"date":"2025-01-29T20:17:33","date_gmt":"2025-01-29T23:17:33","guid":{"rendered":"https:\/\/folhapopular.info\/?p=179491"},"modified":"2025-01-29T20:21:23","modified_gmt":"2025-01-29T23:21:23","slug":"tres-pessoas-sao-presas-por-participacao-no-assassinato-de-vereador","status":"publish","type":"post","link":"https:\/\/folhapopular.info\/index.php\/2025\/01\/29\/tres-pessoas-sao-presas-por-participacao-no-assassinato-de-vereador\/","title":{"rendered":"Tr\u00eas pessoas s\u00e3o presas por participa\u00e7\u00e3o no assassinato de vereador"},"content":{"rendered":"\n<p>A Pol\u00edcia Civil prendeu na tarde desta quarta-feira (29\/1) um suspeito de envolvimento no assassinato do vereador de Estrela, Gerson Adriano da Silva, conhecido como Gersinho (PSDB). A informa\u00e7\u00e3o foi publicada pelo jornal Correio do Povo, de Porto Alegre. <\/p>\n\n\n\n<p>Amanh\u00e3, a Pol\u00edcia Civil far\u00e1 uma coletiva de imprensa na capital para esclarecer os fatos. A pol\u00edcia de Lajeado tamb\u00e9m pretende fazer uma coletiva, durante a tarde, na Draco.<\/p>\n\n\n\n<p>Conforme o Correio do Povo, a captura ocorreu em Alvorada, na Regi\u00e3o Metropolitana, durante uma opera\u00e7\u00e3o conjunta da Delegacia de Investiga\u00e7\u00e3o de Pessoas Desaparecidas (DPID), vinculada ao Departamento de Homic\u00eddios e Prote\u00e7\u00e3o \u00e0 Pessoa (DHPP), e da Delegacia de Pol\u00edcia de Estrela.<\/p>\n\n\n\n<p>Na ter\u00e7a-feira (28), outras duas pessoas j\u00e1 haviam sido detidas. Um homem foi preso em Alvorada, enquanto uma mulher foi capturada em Pelotas. De acordo com as investiga\u00e7\u00f5es, ela teria recebido uma transfer\u00eancia via Pix da conta do vereador.<\/p>\n\n\n\n<p>O corpo de Gersinho foi localizado na sexta-feira passada (24\/1) em uma \u00e1rea de matagal em Viam\u00e3o. Antes disso, o ve\u00edculo do vereador havia sido encontrado carbonizado no mesmo munic\u00edpio, e seus documentos foram achados no bairro Umbu, em Alvorada.<\/p>\n\n\n\n<h2 class=\"wp-block-heading\">Mat\u00e9ria relacionada<\/h2>\n\n\n\n<figure class=\"wp-block-embed is-type-wp-embed is-provider-folha-popular wp-block-embed-folha-popular\"><div class=\"wp-block-embed__wrapper\">\n<blockquote class=\"wp-embedded-content\" data-secret=\"NOfrWmNNbi\"><a href=\"https:\/\/folhapopular.info\/index.php\/2025\/01\/25\/corpo-do-vereador-gersinho-de-estrela-e-encontrado\/\">Corpo do vereador Gersinho, de Estrela, \u00e9 encontrado<\/a><\/blockquote><iframe loading=\"lazy\" class=\"wp-embedded-content\" sandbox=\"allow-scripts\" security=\"restricted\" style=\"position: absolute; visibility: hidden;\" title=\"&#8220;Corpo do vereador Gersinho, de Estrela, \u00e9 encontrado&#8221; &#8212; Folha Popular\" src=\"https:\/\/folhapopular.info\/index.php\/2025\/01\/25\/corpo-do-vereador-gersinho-de-estrela-e-encontrado\/embed\/#?secret=rhKthZRwFd#?secret=NOfrWmNNbi\" data-secret=\"NOfrWmNNbi\" width=\"600\" height=\"338\" frameborder=\"0\" marginwidth=\"0\" marginheight=\"0\" scrolling=\"no\"><\/iframe>\n<\/div><\/figure>\n","protected":false},"excerpt":{"rendered":"<p>A Pol\u00edcia Civil prendeu na tarde desta quarta-feira (29\/1) um suspeito de envolvimento no assassinato do vereador de Estrela, Gerson Adriano da Silva, conhecido como Gersinho (PSDB). A informa\u00e7\u00e3o foi publicada pelo jornal Correio do Povo, de Porto Alegre. Amanh\u00e3, a Pol\u00edcia Civil far\u00e1 uma coletiva de imprensa na capital para esclarecer os fatos. A [&hellip;]<\/p>\n","protected":false},"author":8,"featured_media":179492,"comment_status":"open","ping_status":"open","sticky":false,"template":"","format":"standard","meta":{"pmpro_default_level":"","_jetpack_memberships_contains_paid_content":false,"footnotes":""},"categories":[2,3,10982,7],"tags":[],"class_list":{"0":"post-179491","1":"post","2":"type-post","3":"status-publish","4":"format-standard","5":"has-post-thumbnail","7":"category-featured","8":"category-geral","9":"category-policia","10":"category-seguranca","11":"pmpro-has-access"},"yoast_head":"<!-- This site is optimized with the Yoast SEO plugin v27.5 - https:\/\/yoast.com\/product\/yoast-seo-wordpress\/ -->\n<title>Tr\u00eas pessoas s\u00e3o presas por participa\u00e7\u00e3o no assassinato de vereador - Folha Popular<\/title>\n<meta name=\"robots\" content=\"index, follow, max-snippet:-1, max-image-preview:large, max-video-preview:-1\" \/>\n<link rel=\"canonical\" href=\"https:\/\/folhapopular.info\/index.php\/2025\/01\/29\/tres-pessoas-sao-presas-por-participacao-no-assassinato-de-vereador\/\" \/>\n<meta property=\"og:locale\" content=\"pt_BR\" \/>\n<meta property=\"og:type\" content=\"article\" \/>\n<meta property=\"og:title\" content=\"Tr\u00eas pessoas s\u00e3o presas por participa\u00e7\u00e3o no assassinato de vereador - Folha Popular\" \/>\n<meta property=\"og:description\" content=\"A Pol\u00edcia Civil prendeu na tarde desta quarta-feira (29\/1) um suspeito de envolvimento no assassinato do vereador de Estrela, Gerson Adriano da Silva, conhecido como Gersinho (PSDB). A informa\u00e7\u00e3o foi publicada pelo jornal Correio do Povo, de Porto Alegre. Amanh\u00e3, a Pol\u00edcia Civil far\u00e1 uma coletiva de imprensa na capital para esclarecer os fatos. A [&hellip;]\" \/>\n<meta property=\"og:url\" content=\"https:\/\/folhapopular.info\/index.php\/2025\/01\/29\/tres-pessoas-sao-presas-por-participacao-no-assassinato-de-vereador\/\" \/>\n<meta property=\"og:site_name\" content=\"Folha Popular\" \/>\n<meta property=\"article:published_time\" content=\"2025-01-29T23:17:33+00:00\" \/>\n<meta property=\"article:modified_time\" content=\"2025-01-29T23:21:23+00:00\" \/>\n<meta property=\"og:image\" content=\"http:\/\/folhapopular.info\/wp-content\/uploads\/2025\/01\/Pag-5-Vereador-Gerson-e1737676316478-1.jpg\" \/>\n\t<meta property=\"og:image:width\" content=\"720\" \/>\n\t<meta property=\"og:image:height\" content=\"471\" \/>\n\t<meta property=\"og:image:type\" content=\"image\/jpeg\" \/>\n<meta name=\"author\" content=\"Reda\u00e7\u00e3o Folha Popular\" \/>\n<meta name=\"twitter:card\" content=\"summary_large_image\" \/>\n<meta name=\"twitter:label1\" content=\"Escrito por\" \/>\n\t<meta name=\"twitter:data1\" content=\"Reda\u00e7\u00e3o Folha Popular\" \/>\n\t<meta name=\"twitter:label2\" content=\"Est. tempo de leitura\" \/>\n\t<meta name=\"twitter:data2\" content=\"2 minutos\" \/>\n<script type=\"application\/ld+json\" class=\"yoast-schema-graph\">{\"@context\":\"https:\\\/\\\/schema.org\",\"@graph\":[{\"@type\":\"Article\",\"@id\":\"https:\\\/\\\/folhapopular.info\\\/index.php\\\/2025\\\/01\\\/29\\\/tres-pessoas-sao-presas-por-participacao-no-assassinato-de-vereador\\\/#article\",\"isPartOf\":{\"@id\":\"https:\\\/\\\/folhapopular.info\\\/index.php\\\/2025\\\/01\\\/29\\\/tres-pessoas-sao-presas-por-participacao-no-assassinato-de-vereador\\\/\"},\"author\":{\"name\":\"Reda\u00e7\u00e3o Folha Popular\",\"@id\":\"https:\\\/\\\/folhapopular.info\\\/#\\\/schema\\\/person\\\/2814e8a0df7643585a9ca38bc6eb9d4b\"},\"headline\":\"Tr\u00eas pessoas s\u00e3o presas por participa\u00e7\u00e3o no assassinato de vereador\",\"datePublished\":\"2025-01-29T23:17:33+00:00\",\"dateModified\":\"2025-01-29T23:21:23+00:00\",\"mainEntityOfPage\":{\"@id\":\"https:\\\/\\\/folhapopular.info\\\/index.php\\\/2025\\\/01\\\/29\\\/tres-pessoas-sao-presas-por-participacao-no-assassinato-de-vereador\\\/\"},\"wordCount\":224,\"commentCount\":0,\"image\":{\"@id\":\"https:\\\/\\\/folhapopular.info\\\/index.php\\\/2025\\\/01\\\/29\\\/tres-pessoas-sao-presas-por-participacao-no-assassinato-de-vereador\\\/#primaryimage\"},\"thumbnailUrl\":\"https:\\\/\\\/folhapopular.info\\\/wp-content\\\/uploads\\\/2025\\\/01\\\/Pag-5-Vereador-Gerson-e1737676316478-1.jpg\",\"articleSection\":[\"Destaques\",\"Geral\",\"Pol\u00edcia\",\"Seguran\u00e7a\"],\"inLanguage\":\"pt-BR\",\"potentialAction\":[{\"@type\":\"CommentAction\",\"name\":\"Comment\",\"target\":[\"https:\\\/\\\/folhapopular.info\\\/index.php\\\/2025\\\/01\\\/29\\\/tres-pessoas-sao-presas-por-participacao-no-assassinato-de-vereador\\\/#respond\"]}]},{\"@type\":\"WebPage\",\"@id\":\"https:\\\/\\\/folhapopular.info\\\/index.php\\\/2025\\\/01\\\/29\\\/tres-pessoas-sao-presas-por-participacao-no-assassinato-de-vereador\\\/\",\"url\":\"https:\\\/\\\/folhapopular.info\\\/index.php\\\/2025\\\/01\\\/29\\\/tres-pessoas-sao-presas-por-participacao-no-assassinato-de-vereador\\\/\",\"name\":\"Tr\u00eas pessoas s\u00e3o presas por participa\u00e7\u00e3o no assassinato de vereador - Folha Popular\",\"isPartOf\":{\"@id\":\"https:\\\/\\\/folhapopular.info\\\/#website\"},\"primaryImageOfPage\":{\"@id\":\"https:\\\/\\\/folhapopular.info\\\/index.php\\\/2025\\\/01\\\/29\\\/tres-pessoas-sao-presas-por-participacao-no-assassinato-de-vereador\\\/#primaryimage\"},\"image\":{\"@id\":\"https:\\\/\\\/folhapopular.info\\\/index.php\\\/2025\\\/01\\\/29\\\/tres-pessoas-sao-presas-por-participacao-no-assassinato-de-vereador\\\/#primaryimage\"},\"thumbnailUrl\":\"https:\\\/\\\/folhapopular.info\\\/wp-content\\\/uploads\\\/2025\\\/01\\\/Pag-5-Vereador-Gerson-e1737676316478-1.jpg\",\"datePublished\":\"2025-01-29T23:17:33+00:00\",\"dateModified\":\"2025-01-29T23:21:23+00:00\",\"author\":{\"@id\":\"https:\\\/\\\/folhapopular.info\\\/#\\\/schema\\\/person\\\/2814e8a0df7643585a9ca38bc6eb9d4b\"},\"breadcrumb\":{\"@id\":\"https:\\\/\\\/folhapopular.info\\\/index.php\\\/2025\\\/01\\\/29\\\/tres-pessoas-sao-presas-por-participacao-no-assassinato-de-vereador\\\/#breadcrumb\"},\"inLanguage\":\"pt-BR\",\"potentialAction\":[{\"@type\":\"ReadAction\",\"target\":[\"https:\\\/\\\/folhapopular.info\\\/index.php\\\/2025\\\/01\\\/29\\\/tres-pessoas-sao-presas-por-participacao-no-assassinato-de-vereador\\\/\"]}]},{\"@type\":\"ImageObject\",\"inLanguage\":\"pt-BR\",\"@id\":\"https:\\\/\\\/folhapopular.info\\\/index.php\\\/2025\\\/01\\\/29\\\/tres-pessoas-sao-presas-por-participacao-no-assassinato-de-vereador\\\/#primaryimage\",\"url\":\"https:\\\/\\\/folhapopular.info\\\/wp-content\\\/uploads\\\/2025\\\/01\\\/Pag-5-Vereador-Gerson-e1737676316478-1.jpg\",\"contentUrl\":\"https:\\\/\\\/folhapopular.info\\\/wp-content\\\/uploads\\\/2025\\\/01\\\/Pag-5-Vereador-Gerson-e1737676316478-1.jpg\",\"width\":720,\"height\":471},{\"@type\":\"BreadcrumbList\",\"@id\":\"https:\\\/\\\/folhapopular.info\\\/index.php\\\/2025\\\/01\\\/29\\\/tres-pessoas-sao-presas-por-participacao-no-assassinato-de-vereador\\\/#breadcrumb\",\"itemListElement\":[{\"@type\":\"ListItem\",\"position\":1,\"name\":\"In\u00edcio\",\"item\":\"https:\\\/\\\/folhapopular.info\\\/\"},{\"@type\":\"ListItem\",\"position\":2,\"name\":\"Tr\u00eas pessoas s\u00e3o presas por participa\u00e7\u00e3o no assassinato de vereador\"}]},{\"@type\":\"WebSite\",\"@id\":\"https:\\\/\\\/folhapopular.info\\\/#website\",\"url\":\"https:\\\/\\\/folhapopular.info\\\/\",\"name\":\"Folha Popular\",\"description\":\"Onde voc\u00ea tem vez e voz\",\"potentialAction\":[{\"@type\":\"SearchAction\",\"target\":{\"@type\":\"EntryPoint\",\"urlTemplate\":\"https:\\\/\\\/folhapopular.info\\\/?s={search_term_string}\"},\"query-input\":{\"@type\":\"PropertyValueSpecification\",\"valueRequired\":true,\"valueName\":\"search_term_string\"}}],\"inLanguage\":\"pt-BR\"},{\"@type\":\"Person\",\"@id\":\"https:\\\/\\\/folhapopular.info\\\/#\\\/schema\\\/person\\\/2814e8a0df7643585a9ca38bc6eb9d4b\",\"name\":\"Reda\u00e7\u00e3o Folha Popular\",\"image\":{\"@type\":\"ImageObject\",\"inLanguage\":\"pt-BR\",\"@id\":\"https:\\\/\\\/folhapopular.info\\\/wp-content\\\/uploads\\\/2026\\\/04\\\/Folha-1.webp\",\"url\":\"https:\\\/\\\/folhapopular.info\\\/wp-content\\\/uploads\\\/2026\\\/04\\\/Folha-1.webp\",\"contentUrl\":\"https:\\\/\\\/folhapopular.info\\\/wp-content\\\/uploads\\\/2026\\\/04\\\/Folha-1.webp\",\"caption\":\"Reda\u00e7\u00e3o Folha Popular\"},\"url\":\"https:\\\/\\\/folhapopular.info\\\/index.php\\\/author\\\/redacao\\\/\"}]}<\/script>\n<!-- \/ Yoast SEO plugin. -->","yoast_head_json":{"title":"Tr\u00eas pessoas s\u00e3o presas por participa\u00e7\u00e3o no assassinato de vereador - Folha Popular","robots":{"index":"index","follow":"follow","max-snippet":"max-snippet:-1","max-image-preview":"max-image-preview:large","max-video-preview":"max-video-preview:-1"},"canonical":"https:\/\/folhapopular.info\/index.php\/2025\/01\/29\/tres-pessoas-sao-presas-por-participacao-no-assassinato-de-vereador\/","og_locale":"pt_BR","og_type":"article","og_title":"Tr\u00eas pessoas s\u00e3o presas por participa\u00e7\u00e3o no assassinato de vereador - Folha Popular","og_description":"A Pol\u00edcia Civil prendeu na tarde desta quarta-feira (29\/1) um suspeito de envolvimento no assassinato do vereador de Estrela, Gerson Adriano da Silva, conhecido como Gersinho (PSDB). A informa\u00e7\u00e3o foi publicada pelo jornal Correio do Povo, de Porto Alegre. Amanh\u00e3, a Pol\u00edcia Civil far\u00e1 uma coletiva de imprensa na capital para esclarecer os fatos. A [&hellip;]","og_url":"https:\/\/folhapopular.info\/index.php\/2025\/01\/29\/tres-pessoas-sao-presas-por-participacao-no-assassinato-de-vereador\/","og_site_name":"Folha Popular","article_published_time":"2025-01-29T23:17:33+00:00","article_modified_time":"2025-01-29T23:21:23+00:00","og_image":[{"width":720,"height":471,"url":"http:\/\/folhapopular.info\/wp-content\/uploads\/2025\/01\/Pag-5-Vereador-Gerson-e1737676316478-1.jpg","type":"image\/jpeg"}],"author":"Reda\u00e7\u00e3o Folha Popular","twitter_card":"summary_large_image","twitter_misc":{"Escrito por":"Reda\u00e7\u00e3o Folha Popular","Est. tempo de leitura":"2 minutos"},"schema":{"@context":"https:\/\/schema.org","@graph":[{"@type":"Article","@id":"https:\/\/folhapopular.info\/index.php\/2025\/01\/29\/tres-pessoas-sao-presas-por-participacao-no-assassinato-de-vereador\/#article","isPartOf":{"@id":"https:\/\/folhapopular.info\/index.php\/2025\/01\/29\/tres-pessoas-sao-presas-por-participacao-no-assassinato-de-vereador\/"},"author":{"name":"Reda\u00e7\u00e3o Folha Popular","@id":"https:\/\/folhapopular.info\/#\/schema\/person\/2814e8a0df7643585a9ca38bc6eb9d4b"},"headline":"Tr\u00eas pessoas s\u00e3o presas por participa\u00e7\u00e3o no assassinato de vereador","datePublished":"2025-01-29T23:17:33+00:00","dateModified":"2025-01-29T23:21:23+00:00","mainEntityOfPage":{"@id":"https:\/\/folhapopular.info\/index.php\/2025\/01\/29\/tres-pessoas-sao-presas-por-participacao-no-assassinato-de-vereador\/"},"wordCount":224,"commentCount":0,"image":{"@id":"https:\/\/folhapopular.info\/index.php\/2025\/01\/29\/tres-pessoas-sao-presas-por-participacao-no-assassinato-de-vereador\/#primaryimage"},"thumbnailUrl":"https:\/\/folhapopular.info\/wp-content\/uploads\/2025\/01\/Pag-5-Vereador-Gerson-e1737676316478-1.jpg","articleSection":["Destaques","Geral","Pol\u00edcia","Seguran\u00e7a"],"inLanguage":"pt-BR","potentialAction":[{"@type":"CommentAction","name":"Comment","target":["https:\/\/folhapopular.info\/index.php\/2025\/01\/29\/tres-pessoas-sao-presas-por-participacao-no-assassinato-de-vereador\/#respond"]}]},{"@type":"WebPage","@id":"https:\/\/folhapopular.info\/index.php\/2025\/01\/29\/tres-pessoas-sao-presas-por-participacao-no-assassinato-de-vereador\/","url":"https:\/\/folhapopular.info\/index.php\/2025\/01\/29\/tres-pessoas-sao-presas-por-participacao-no-assassinato-de-vereador\/","name":"Tr\u00eas pessoas s\u00e3o presas por participa\u00e7\u00e3o no assassinato de vereador - Folha Popular","isPartOf":{"@id":"https:\/\/folhapopular.info\/#website"},"primaryImageOfPage":{"@id":"https:\/\/folhapopular.info\/index.php\/2025\/01\/29\/tres-pessoas-sao-presas-por-participacao-no-assassinato-de-vereador\/#primaryimage"},"image":{"@id":"https:\/\/folhapopular.info\/index.php\/2025\/01\/29\/tres-pessoas-sao-presas-por-participacao-no-assassinato-de-vereador\/#primaryimage"},"thumbnailUrl":"https:\/\/folhapopular.info\/wp-content\/uploads\/2025\/01\/Pag-5-Vereador-Gerson-e1737676316478-1.jpg","datePublished":"2025-01-29T23:17:33+00:00","dateModified":"2025-01-29T23:21:23+00:00","author":{"@id":"https:\/\/folhapopular.info\/#\/schema\/person\/2814e8a0df7643585a9ca38bc6eb9d4b"},"breadcrumb":{"@id":"https:\/\/folhapopular.info\/index.php\/2025\/01\/29\/tres-pessoas-sao-presas-por-participacao-no-assassinato-de-vereador\/#breadcrumb"},"inLanguage":"pt-BR","potentialAction":[{"@type":"ReadAction","target":["https:\/\/folhapopular.info\/index.php\/2025\/01\/29\/tres-pessoas-sao-presas-por-participacao-no-assassinato-de-vereador\/"]}]},{"@type":"ImageObject","inLanguage":"pt-BR","@id":"https:\/\/folhapopular.info\/index.php\/2025\/01\/29\/tres-pessoas-sao-presas-por-participacao-no-assassinato-de-vereador\/#primaryimage","url":"https:\/\/folhapopular.info\/wp-content\/uploads\/2025\/01\/Pag-5-Vereador-Gerson-e1737676316478-1.jpg","contentUrl":"https:\/\/folhapopular.info\/wp-content\/uploads\/2025\/01\/Pag-5-Vereador-Gerson-e1737676316478-1.jpg","width":720,"height":471},{"@type":"BreadcrumbList","@id":"https:\/\/folhapopular.info\/index.php\/2025\/01\/29\/tres-pessoas-sao-presas-por-participacao-no-assassinato-de-vereador\/#breadcrumb","itemListElement":[{"@type":"ListItem","position":1,"name":"In\u00edcio","item":"https:\/\/folhapopular.info\/"},{"@type":"ListItem","position":2,"name":"Tr\u00eas pessoas s\u00e3o presas por participa\u00e7\u00e3o no assassinato de vereador"}]},{"@type":"WebSite","@id":"https:\/\/folhapopular.info\/#website","url":"https:\/\/folhapopular.info\/","name":"Folha Popular","description":"Onde voc\u00ea tem vez e voz","potentialAction":[{"@type":"SearchAction","target":{"@type":"EntryPoint","urlTemplate":"https:\/\/folhapopular.info\/?s={search_term_string}"},"query-input":{"@type":"PropertyValueSpecification","valueRequired":true,"valueName":"search_term_string"}}],"inLanguage":"pt-BR"},{"@type":"Person","@id":"https:\/\/folhapopular.info\/#\/schema\/person\/2814e8a0df7643585a9ca38bc6eb9d4b","name":"Reda\u00e7\u00e3o Folha Popular","image":{"@type":"ImageObject","inLanguage":"pt-BR","@id":"https:\/\/folhapopular.info\/wp-content\/uploads\/2026\/04\/Folha-1.webp","url":"https:\/\/folhapopular.info\/wp-content\/uploads\/2026\/04\/Folha-1.webp","contentUrl":"https:\/\/folhapopular.info\/wp-content\/uploads\/2026\/04\/Folha-1.webp","caption":"Reda\u00e7\u00e3o Folha Popular"},"url":"https:\/\/folhapopular.info\/index.php\/author\/redacao\/"}]}},"jetpack_featured_media_url":"https:\/\/folhapopular.info\/wp-content\/uploads\/2025\/01\/Pag-5-Vereador-Gerson-e1737676316478-1.jpg","jetpack_sharing_enabled":true,"amp_enabled":true,"_links":{"self":[{"href":"https:\/\/folhapopular.info\/index.php\/wp-json\/wp\/v2\/posts\/179491","targetHints":{"allow":["GET"]}}],"collection":[{"href":"https:\/\/folhapopular.info\/index.php\/wp-json\/wp\/v2\/posts"}],"about":[{"href":"https:\/\/folhapopular.info\/index.php\/wp-json\/wp\/v2\/types\/post"}],"author":[{"embeddable":true,"href":"https:\/\/folhapopular.info\/index.php\/wp-json\/wp\/v2\/users\/8"}],"replies":[{"embeddable":true,"href":"https:\/\/folhapopular.info\/index.php\/wp-json\/wp\/v2\/comments?post=179491"}],"version-history":[{"count":0,"href":"https:\/\/folhapopular.info\/index.php\/wp-json\/wp\/v2\/posts\/179491\/revisions"}],"wp:featuredmedia":[{"embeddable":true,"href":"https:\/\/folhapopular.info\/index.php\/wp-json\/wp\/v2\/media\/179492"}],"wp:attachment":[{"href":"https:\/\/folhapopular.info\/index.php\/wp-json\/wp\/v2\/media?parent=179491"}],"wp:term":[{"taxonomy":"category","embeddable":true,"href":"https:\/\/folhapopular.info\/index.php\/wp-json\/wp\/v2\/categories?post=179491"},{"taxonomy":"post_tag","embeddable":true,"href":"https:\/\/folhapopular.info\/index.php\/wp-json\/wp\/v2\/tags?post=179491"}],"curies":[{"name":"wp","href":"https:\/\/api.w.org\/{rel}","templated":true}]}}