{"id":179564,"date":"2025-01-30T21:10:47","date_gmt":"2025-01-31T00:10:47","guid":{"rendered":"https:\/\/folhapopular.info\/?p=179564"},"modified":"2025-01-30T21:10:51","modified_gmt":"2025-01-31T00:10:51","slug":"arroio-do-meio-lanca-municipal-de-futebol-e-homenageia-ademar-crone-em-2025","status":"publish","type":"post","link":"https:\/\/folhapopular.info\/index.php\/2025\/01\/30\/arroio-do-meio-lanca-municipal-de-futebol-e-homenageia-ademar-crone-em-2025\/","title":{"rendered":"Arroio do Meio lan\u00e7a Municipal de futebol e homenageia Ademar Crone em 2025"},"content":{"rendered":"\n<p>A Liga Arroiomeense de Futebol Amador (LAFA) realizou o evento de lan\u00e7amento do Campeonato Municipal de 2025 na noite desta quinta-feira (30\/1), no Morro S\u00e3o Jos\u00e9, com vista panor\u00e2mica da cidade, de parte da regi\u00e3o e do Rio Taquari. A bola come\u00e7a a rolar no pr\u00f3ximo domingo (2\/2) para seis clubes nas categorias Aspirantes, Titulares e Veteranos.<\/p>\n\n\n\n<p>Anualmente, a LAFA tem o h\u00e1bito de homenagear pessoas que contribu\u00edram para deixar o campeonato um dos melhores da regi\u00e3o. Jos\u00e9 Ademar Crone &#8220;Crona&#8221;, ex-presidente do Rui Barbosa, ser\u00e1 o homenageado desta edi\u00e7\u00e3o. Ele nasceu no dia 9 de agosto de 1958, natural de Picada Arroio do Meio, e morou em Rui Barbosa. Foi presidente do Rui Barbosa nos anos de 2005 e 2011, quando o clube conquistou os t\u00edtulos de campe\u00e3o Regional Certel Sicredi na categoria Titulares.<\/p>\n\n\n\n<p>&#8220;O pai ficaria muito feliz, porque fez tudo pelo Rui Barbosa. A homenagem \u00e9 forma linda de reconhecer seu trabalho. Agrade\u00e7o pela homenagem e sei que ele ficaria muito emocionado&#8221;, destacou a filha Fernanda, ao lado da vi\u00fava Lori e do neto de Ademar Crone. A LAFA entregou uma camiseta oficial da competi\u00e7\u00e3o.<\/p>\n\n\n\n<p>O presidente da LAFA, Jos\u00e9 Elton Lorscheiter &#8220;Pantera&#8221;, convidou colegas de diretoria. &#8220;Eles s\u00e3o fundamentais para isto acontecer. Arroio do Meio \u00e9 exemplo em fazer futebol, porque tem dirigentes s\u00e9rios. Fizemos quatro reuni\u00f5es. Tudo foi decidido por estas pessoas. Temos um regulamento. A partir de domingo, a liga vai aplicar o que est\u00e1 acordado. Vamos nos espelhar no Crone, que quer o melhor por Arroio do Meio&#8221;, enfatizou.<\/p>\n\n\n\n<p>A premia\u00e7\u00e3o do campeonato prev\u00ea trof\u00e9us at\u00e9 o quarto lugar, pr\u00eamios para os destaques individuais e inclusive trof\u00e9u de participa\u00e7\u00e3o para os clubes que n\u00e3o avan\u00e7arem \u00e0s semifinais.<\/p>\n\n\n\n<div class=\"wp-block-jetpack-slideshow aligncenter\" data-effect=\"slide\"><div class=\"wp-block-jetpack-slideshow_container swiper-container\"><ul class=\"wp-block-jetpack-slideshow_swiper-wrapper swiper-wrapper\"><li class=\"wp-block-jetpack-slideshow_slide swiper-slide\"><figure><img loading=\"lazy\" decoding=\"async\" width=\"1024\" height=\"768\" alt=\"\" class=\"wp-block-jetpack-slideshow_image wp-image-179568\" data-id=\"179568\" src=\"https:\/\/folhapopular.info\/wp-content\/uploads\/2025\/01\/IMG_8847-Grande-1024x768.jpeg\" srcset=\"https:\/\/folhapopular.info\/wp-content\/uploads\/2025\/01\/IMG_8847-Grande-1024x768.jpeg 1024w, https:\/\/folhapopular.info\/wp-content\/uploads\/2025\/01\/IMG_8847-Grande-300x225.jpeg 300w, https:\/\/folhapopular.info\/wp-content\/uploads\/2025\/01\/IMG_8847-Grande-768x576.jpeg 768w, https:\/\/folhapopular.info\/wp-content\/uploads\/2025\/01\/IMG_8847-Grande-560x420.jpeg 560w, https:\/\/folhapopular.info\/wp-content\/uploads\/2025\/01\/IMG_8847-Grande-80x60.jpeg 80w, https:\/\/folhapopular.info\/wp-content\/uploads\/2025\/01\/IMG_8847-Grande-696x522.jpeg 696w, https:\/\/folhapopular.info\/wp-content\/uploads\/2025\/01\/IMG_8847-Grande-1068x801.jpeg 1068w, https:\/\/folhapopular.info\/wp-content\/uploads\/2025\/01\/IMG_8847-Grande.jpeg 1280w\" sizes=\"(max-width: 1024px) 100vw, 1024px\" \/><figcaption class=\"wp-block-jetpack-slideshow_caption gallery-caption\">Filha Fernanda, vi\u00fava e neto de Crona emocionaram-se com homenagem \/\/ Cr\u00e9dito: Lucas Leandro Brune<\/figcaption><\/figure><\/li><li class=\"wp-block-jetpack-slideshow_slide swiper-slide\"><figure><img loading=\"lazy\" decoding=\"async\" width=\"1024\" height=\"768\" alt=\"\" class=\"wp-block-jetpack-slideshow_image wp-image-179567\" data-id=\"179567\" src=\"https:\/\/folhapopular.info\/wp-content\/uploads\/2025\/01\/IMG_8846-Grande-1024x768.jpeg\" srcset=\"https:\/\/folhapopular.info\/wp-content\/uploads\/2025\/01\/IMG_8846-Grande-1024x768.jpeg 1024w, https:\/\/folhapopular.info\/wp-content\/uploads\/2025\/01\/IMG_8846-Grande-300x225.jpeg 300w, https:\/\/folhapopular.info\/wp-content\/uploads\/2025\/01\/IMG_8846-Grande-768x576.jpeg 768w, https:\/\/folhapopular.info\/wp-content\/uploads\/2025\/01\/IMG_8846-Grande-560x420.jpeg 560w, https:\/\/folhapopular.info\/wp-content\/uploads\/2025\/01\/IMG_8846-Grande-80x60.jpeg 80w, https:\/\/folhapopular.info\/wp-content\/uploads\/2025\/01\/IMG_8846-Grande-696x522.jpeg 696w, https:\/\/folhapopular.info\/wp-content\/uploads\/2025\/01\/IMG_8846-Grande-1068x801.jpeg 1068w, https:\/\/folhapopular.info\/wp-content\/uploads\/2025\/01\/IMG_8846-Grande.jpeg 1280w\" sizes=\"(max-width: 1024px) 100vw, 1024px\" \/><figcaption class=\"wp-block-jetpack-slideshow_caption gallery-caption\">Competi\u00e7\u00e3o deste ano homenagear\u00e1 Ademar Crone  \/\/ Cr\u00e9dito: Lucas Leandro Brune<\/figcaption><\/figure><\/li><li class=\"wp-block-jetpack-slideshow_slide swiper-slide\"><figure><img loading=\"lazy\" decoding=\"async\" width=\"1024\" height=\"768\" alt=\"\" class=\"wp-block-jetpack-slideshow_image wp-image-179566\" data-id=\"179566\" src=\"https:\/\/folhapopular.info\/wp-content\/uploads\/2025\/01\/IMG_8845-Grande-1024x768.jpeg\" srcset=\"https:\/\/folhapopular.info\/wp-content\/uploads\/2025\/01\/IMG_8845-Grande-1024x768.jpeg 1024w, https:\/\/folhapopular.info\/wp-content\/uploads\/2025\/01\/IMG_8845-Grande-300x225.jpeg 300w, https:\/\/folhapopular.info\/wp-content\/uploads\/2025\/01\/IMG_8845-Grande-768x576.jpeg 768w, https:\/\/folhapopular.info\/wp-content\/uploads\/2025\/01\/IMG_8845-Grande-560x420.jpeg 560w, https:\/\/folhapopular.info\/wp-content\/uploads\/2025\/01\/IMG_8845-Grande-80x60.jpeg 80w, https:\/\/folhapopular.info\/wp-content\/uploads\/2025\/01\/IMG_8845-Grande-696x522.jpeg 696w, https:\/\/folhapopular.info\/wp-content\/uploads\/2025\/01\/IMG_8845-Grande-1068x801.jpeg 1068w, https:\/\/folhapopular.info\/wp-content\/uploads\/2025\/01\/IMG_8845-Grande.jpeg 1280w\" sizes=\"(max-width: 1024px) 100vw, 1024px\" \/><figcaption class=\"wp-block-jetpack-slideshow_caption gallery-caption\">Competi\u00e7\u00e3o deste ano homenagear\u00e1 Ademar Crone  \/\/ Cr\u00e9dito: Lucas Leandro Brune<\/figcaption><\/figure><\/li><\/ul><a class=\"wp-block-jetpack-slideshow_button-prev swiper-button-prev swiper-button-white\" role=\"button\"><\/a><a class=\"wp-block-jetpack-slideshow_button-next swiper-button-next swiper-button-white\" role=\"button\"><\/a><a aria-label=\"Pause Slideshow\" class=\"wp-block-jetpack-slideshow_button-pause\" role=\"button\"><\/a><div class=\"wp-block-jetpack-slideshow_pagination swiper-pagination swiper-pagination-white\"><\/div><\/div><\/div>\n\n\n\n<h2 class=\"wp-block-heading\"><strong>L\u00edderes elogiam a competi\u00e7\u00e3o<\/strong><\/h2>\n\n\n\n<p>O prefeito de Arroio do Meio, Sidnei Eckert, considera uma miss\u00e3o dif\u00edcil de ser dirigente da liga. &#8220;Quando algu\u00e9m assume, temos que lembrar e agradecer. Quando a gente fala do futebol, os patrocinadores s\u00e3o fundamentais&#8221;, exp\u00f4s. Ele elogiou os volunt\u00e1rios que mant\u00eam as estruturas das sociedades e dos clubes. &#8220;O futebol faz a sociedade estar viva. Faz a comunidade acontecer. N\u00e3o \u00e9 um presidente ou t\u00e9cnico. \u00c9 toda comunidade que se une para fazer o campeonato sair. Que tenhamos lindos domingos nos pr\u00f3ximos meses&#8221;, comentou.<\/p>\n\n\n\n<p>O presidente da Aslivata, Vianei Batista Hammes, elogiou o local de lan\u00e7amento da competi\u00e7\u00e3o e o apoio da LAFA. &#8220;Arroio do Meio \u00e9 uma das maiores refer\u00eancias em competi\u00e7\u00f5es municipais, vinculados ao registro da Aslivata. Junto com Teut\u00f4nia, mais est\u00e3o vinculadas com a Aslivata. Vimos para apoiar e emprestar nossa credibilidade. Ideal seria todos munic\u00edpios vinculados a Aslivata, para jogadores atuarem no seu munic\u00edpio. Um ser\u00e1 campe\u00e3o, mas valorizado pela participa\u00e7\u00e3o de todos&#8221;, destacou.<\/p>\n\n\n\n<p>O presidente da C\u00e2mara de Vereadores, C\u00e9sar Kortz, parabenizou a LAFA por organizar o campeonato, aos patrocinadores, aos clubes e \u00e0s fam\u00edlias. &#8220;Pelos desportistas, o nosso futebol continua vivo&#8221;, salienta.<\/p>\n\n\n\n<p>O presidente da ARA, Jorge de Freitas, destacou o homenageado e lembrou a decis\u00e3o do Regional de 2005. Agradeceu o munic\u00edpio de Arroio do Meio por pagar a arbitragem. &#8220;Agradecer a confian\u00e7a em mais um ano, e aos patrocinadores por tamb\u00e9m levarem seu nome no fardamento da arbitragem&#8221;, sinalizou.<\/p>\n\n\n\n<h2 class=\"wp-block-heading\"><strong>Patrocinadores destacam a cultura do futebol<\/strong><\/h2>\n\n\n\n<p>&#8220;As empresas gostam de colocar suas marcas em eventos que d\u00e3o certo. E o Campeonato de Arroio do Meio \u00e9 feito por pessoas s\u00e9rias&#8221;, destacou Jair Almeida, gerente do Sicredi de Arroio do Meio. Ele tamb\u00e9m enalteceu as homenagens anualmente concedidas a pessoas que contribu\u00edram com o futebol amador da cidade.<\/p>\n\n\n\n<p>Arno de Vargas, da Neugebauer, refor\u00e7ou a honra de &#8220;colar a sua marca em evento bem organizado. A Neugebauer \u00e9 parceira h\u00e1 4 anos e nos inserimos na comunidade do futebol amador. Para mim, \u00e9 clara a for\u00e7a do futebol amador para a cultura de Arroio do Meio. As fam\u00edlias pegam cadeiras, chimarr\u00e3o e v\u00e3o de manh\u00e3 para at\u00e9 o fim do dia&#8221;.<\/p>\n\n\n\n<p>Ver\u00f4nica, da Girando Sol, comentou sobre o prop\u00f3sito de &#8220;levar sa\u00fade para o ambiente das pessoas. Apoiar evento esportivo faz parte do prop\u00f3sito, de estar em fam\u00edlia, para n\u00f3s o prazer est\u00e1 nas coisas mais simples da vida e em ser feliz. Joguem com amor e carinho, levando o contexto do futebol&#8221;.<\/p>\n\n\n\n<h2 class=\"wp-block-heading\"><strong>Bola rola domingo<\/strong><\/h2>\n\n\n\n<p>A partir do pr\u00f3ximo domingo (2\/2), a bola rola, com jogos de manh\u00e3 e \u00e0 tarde. Ao meio-dia haver\u00e1 almo\u00e7o nos locais dos jogos de Veteranos. Os clubes do Veterano precisam ter v\u00ednculo com clubes filiados. &#8220;A volta de sociedades paradas h\u00e1 anos. \u00c9 um passo para o retorno dos clubes&#8221;, destaca o presidente da LAFA, Pantera.<\/p>\n\n\n\n<p><strong>Veteranos (9h30)<\/strong><br>Racen  x  Forquetense<br>S\u00f3 Kellas  x  Cruzeiro<br>Ki Momento  x  Meninos da Vila<\/p>\n\n\n\n<p><strong>Aspirantes (14h) e Titulares (16h)<\/strong><br>Uni\u00e3o  x  Rui Barbosa<br>Esperan\u00e7a-RB  x  Cruzeiro<br>Palmense  x  Forquetense<\/p>\n\n\n\n<p>Palmense jogar\u00e1 no campo do Sete de Setembro de S\u00e3o Caetano, porque a sede do clube ainda n\u00e3o est\u00e1 recuperada ap\u00f3s a cat\u00e1strofe de maio de 2024.<\/p>\n\n\n\n<figure class=\"wp-block-image size-large\"><img loading=\"lazy\" decoding=\"async\" width=\"576\" height=\"1024\" src=\"https:\/\/folhapopular.info\/wp-content\/uploads\/2025\/01\/IMG_8851-576x1024.jpeg\" alt=\"\" class=\"wp-image-179570\" srcset=\"https:\/\/folhapopular.info\/wp-content\/uploads\/2025\/01\/IMG_8851-576x1024.jpeg 576w, https:\/\/folhapopular.info\/wp-content\/uploads\/2025\/01\/IMG_8851-169x300.jpeg 169w, https:\/\/folhapopular.info\/wp-content\/uploads\/2025\/01\/IMG_8851-768x1365.jpeg 768w, https:\/\/folhapopular.info\/wp-content\/uploads\/2025\/01\/IMG_8851-864x1536.jpeg 864w, https:\/\/folhapopular.info\/wp-content\/uploads\/2025\/01\/IMG_8851-1152x2048.jpeg 1152w, https:\/\/folhapopular.info\/wp-content\/uploads\/2025\/01\/IMG_8851-236x420.jpeg 236w, https:\/\/folhapopular.info\/wp-content\/uploads\/2025\/01\/IMG_8851-696x1237.jpeg 696w, https:\/\/folhapopular.info\/wp-content\/uploads\/2025\/01\/IMG_8851-1068x1899.jpeg 1068w, https:\/\/folhapopular.info\/wp-content\/uploads\/2025\/01\/IMG_8851-1920x3413.jpeg 1920w, https:\/\/folhapopular.info\/wp-content\/uploads\/2025\/01\/IMG_8851-scaled.jpeg 1440w\" sizes=\"auto, (max-width: 576px) 100vw, 576px\" \/><figcaption class=\"wp-element-caption\">Atletas e patrocinadores deram o &#8220;pontap\u00e9&#8221; inicial da competi\u00e7\u00e3o \/\/ Cr\u00e9dito: Lucas Leandro Brune<\/figcaption><\/figure>\n","protected":false},"excerpt":{"rendered":"<p>A Liga Arroiomeense de Futebol Amador (LAFA) realizou o evento de lan\u00e7amento do Campeonato Municipal de 2025 na noite desta quinta-feira (30\/1), no Morro S\u00e3o Jos\u00e9, com vista panor\u00e2mica da cidade, de parte da regi\u00e3o e do Rio Taquari. A bola come\u00e7a a rolar no pr\u00f3ximo domingo (2\/2) para seis clubes nas categorias Aspirantes, Titulares [&hellip;]<\/p>\n","protected":false},"author":7,"featured_media":179569,"comment_status":"open","ping_status":"open","sticky":false,"template":"","format":"standard","meta":{"pmpro_default_level":"","_jetpack_memberships_contains_paid_content":false,"footnotes":""},"categories":[5,240],"tags":[140,9251,147,156],"class_list":{"0":"post-179564","1":"post","2":"type-post","3":"status-publish","4":"format-standard","5":"has-post-thumbnail","7":"category-esportes","8":"category-futebol-amador","9":"tag-arroio-do-meio","10":"tag-campeonato-municipal-de-futebol-amador","11":"tag-futebol-amador","12":"tag-vale-do-taquari","13":"pmpro-has-access"},"yoast_head":"<!-- This site is optimized with the Yoast SEO plugin v27.5 - https:\/\/yoast.com\/product\/yoast-seo-wordpress\/ -->\n<title>Arroio do Meio lan\u00e7a Municipal de futebol e homenageia Ademar Crone em 2025 - Folha Popular<\/title>\n<meta name=\"robots\" content=\"index, follow, max-snippet:-1, max-image-preview:large, max-video-preview:-1\" \/>\n<link rel=\"canonical\" href=\"https:\/\/folhapopular.info\/index.php\/2025\/01\/30\/arroio-do-meio-lanca-municipal-de-futebol-e-homenageia-ademar-crone-em-2025\/\" \/>\n<meta property=\"og:locale\" content=\"pt_BR\" \/>\n<meta property=\"og:type\" content=\"article\" \/>\n<meta property=\"og:title\" content=\"Arroio do Meio lan\u00e7a Municipal de futebol e homenageia Ademar Crone em 2025 - Folha Popular\" \/>\n<meta property=\"og:description\" content=\"A Liga Arroiomeense de Futebol Amador (LAFA) realizou o evento de lan\u00e7amento do Campeonato Municipal de 2025 na noite desta quinta-feira (30\/1), no Morro S\u00e3o Jos\u00e9, com vista panor\u00e2mica da cidade, de parte da regi\u00e3o e do Rio Taquari. A bola come\u00e7a a rolar no pr\u00f3ximo domingo (2\/2) para seis clubes nas categorias Aspirantes, Titulares [&hellip;]\" \/>\n<meta property=\"og:url\" content=\"https:\/\/folhapopular.info\/index.php\/2025\/01\/30\/arroio-do-meio-lanca-municipal-de-futebol-e-homenageia-ademar-crone-em-2025\/\" \/>\n<meta property=\"og:site_name\" content=\"Folha Popular\" \/>\n<meta property=\"article:published_time\" content=\"2025-01-31T00:10:47+00:00\" \/>\n<meta property=\"article:modified_time\" content=\"2025-01-31T00:10:51+00:00\" \/>\n<meta property=\"og:image\" content=\"http:\/\/folhapopular.info\/wp-content\/uploads\/2025\/01\/IMG_8849-Grande.jpeg\" \/>\n\t<meta property=\"og:image:width\" content=\"1280\" \/>\n\t<meta property=\"og:image:height\" content=\"960\" \/>\n\t<meta property=\"og:image:type\" content=\"image\/jpeg\" \/>\n<meta name=\"author\" content=\"Lucas Leandro Brune\" \/>\n<meta name=\"twitter:card\" content=\"summary_large_image\" \/>\n<meta name=\"twitter:label1\" content=\"Escrito por\" \/>\n\t<meta name=\"twitter:data1\" content=\"Lucas Leandro Brune\" \/>\n\t<meta name=\"twitter:label2\" content=\"Est. tempo de leitura\" \/>\n\t<meta name=\"twitter:data2\" content=\"6 minutos\" \/>\n<script type=\"application\/ld+json\" class=\"yoast-schema-graph\">{\"@context\":\"https:\\\/\\\/schema.org\",\"@graph\":[{\"@type\":\"Article\",\"@id\":\"https:\\\/\\\/folhapopular.info\\\/index.php\\\/2025\\\/01\\\/30\\\/arroio-do-meio-lanca-municipal-de-futebol-e-homenageia-ademar-crone-em-2025\\\/#article\",\"isPartOf\":{\"@id\":\"https:\\\/\\\/folhapopular.info\\\/index.php\\\/2025\\\/01\\\/30\\\/arroio-do-meio-lanca-municipal-de-futebol-e-homenageia-ademar-crone-em-2025\\\/\"},\"author\":{\"name\":\"Lucas Leandro Brune\",\"@id\":\"https:\\\/\\\/folhapopular.info\\\/#\\\/schema\\\/person\\\/533a15f60cd49e81ab3a90b4ca33cb36\"},\"headline\":\"Arroio do Meio lan\u00e7a Municipal de futebol e homenageia Ademar Crone em 2025\",\"datePublished\":\"2025-01-31T00:10:47+00:00\",\"dateModified\":\"2025-01-31T00:10:51+00:00\",\"mainEntityOfPage\":{\"@id\":\"https:\\\/\\\/folhapopular.info\\\/index.php\\\/2025\\\/01\\\/30\\\/arroio-do-meio-lanca-municipal-de-futebol-e-homenageia-ademar-crone-em-2025\\\/\"},\"wordCount\":936,\"commentCount\":0,\"image\":{\"@id\":\"https:\\\/\\\/folhapopular.info\\\/index.php\\\/2025\\\/01\\\/30\\\/arroio-do-meio-lanca-municipal-de-futebol-e-homenageia-ademar-crone-em-2025\\\/#primaryimage\"},\"thumbnailUrl\":\"https:\\\/\\\/folhapopular.info\\\/wp-content\\\/uploads\\\/2025\\\/01\\\/IMG_8849-Grande.jpeg\",\"keywords\":[\"Arroio do Meio\",\"Campeonato Municipal de Futebol Amador\",\"futebol amador\",\"Vale do Taquari\"],\"articleSection\":[\"Esportes\",\"Futebol Amador\"],\"inLanguage\":\"pt-BR\",\"potentialAction\":[{\"@type\":\"CommentAction\",\"name\":\"Comment\",\"target\":[\"https:\\\/\\\/folhapopular.info\\\/index.php\\\/2025\\\/01\\\/30\\\/arroio-do-meio-lanca-municipal-de-futebol-e-homenageia-ademar-crone-em-2025\\\/#respond\"]}]},{\"@type\":\"WebPage\",\"@id\":\"https:\\\/\\\/folhapopular.info\\\/index.php\\\/2025\\\/01\\\/30\\\/arroio-do-meio-lanca-municipal-de-futebol-e-homenageia-ademar-crone-em-2025\\\/\",\"url\":\"https:\\\/\\\/folhapopular.info\\\/index.php\\\/2025\\\/01\\\/30\\\/arroio-do-meio-lanca-municipal-de-futebol-e-homenageia-ademar-crone-em-2025\\\/\",\"name\":\"Arroio do Meio lan\u00e7a Municipal de futebol e homenageia Ademar Crone em 2025 - Folha Popular\",\"isPartOf\":{\"@id\":\"https:\\\/\\\/folhapopular.info\\\/#website\"},\"primaryImageOfPage\":{\"@id\":\"https:\\\/\\\/folhapopular.info\\\/index.php\\\/2025\\\/01\\\/30\\\/arroio-do-meio-lanca-municipal-de-futebol-e-homenageia-ademar-crone-em-2025\\\/#primaryimage\"},\"image\":{\"@id\":\"https:\\\/\\\/folhapopular.info\\\/index.php\\\/2025\\\/01\\\/30\\\/arroio-do-meio-lanca-municipal-de-futebol-e-homenageia-ademar-crone-em-2025\\\/#primaryimage\"},\"thumbnailUrl\":\"https:\\\/\\\/folhapopular.info\\\/wp-content\\\/uploads\\\/2025\\\/01\\\/IMG_8849-Grande.jpeg\",\"datePublished\":\"2025-01-31T00:10:47+00:00\",\"dateModified\":\"2025-01-31T00:10:51+00:00\",\"author\":{\"@id\":\"https:\\\/\\\/folhapopular.info\\\/#\\\/schema\\\/person\\\/533a15f60cd49e81ab3a90b4ca33cb36\"},\"breadcrumb\":{\"@id\":\"https:\\\/\\\/folhapopular.info\\\/index.php\\\/2025\\\/01\\\/30\\\/arroio-do-meio-lanca-municipal-de-futebol-e-homenageia-ademar-crone-em-2025\\\/#breadcrumb\"},\"inLanguage\":\"pt-BR\",\"potentialAction\":[{\"@type\":\"ReadAction\",\"target\":[\"https:\\\/\\\/folhapopular.info\\\/index.php\\\/2025\\\/01\\\/30\\\/arroio-do-meio-lanca-municipal-de-futebol-e-homenageia-ademar-crone-em-2025\\\/\"]}]},{\"@type\":\"ImageObject\",\"inLanguage\":\"pt-BR\",\"@id\":\"https:\\\/\\\/folhapopular.info\\\/index.php\\\/2025\\\/01\\\/30\\\/arroio-do-meio-lanca-municipal-de-futebol-e-homenageia-ademar-crone-em-2025\\\/#primaryimage\",\"url\":\"https:\\\/\\\/folhapopular.info\\\/wp-content\\\/uploads\\\/2025\\\/01\\\/IMG_8849-Grande.jpeg\",\"contentUrl\":\"https:\\\/\\\/folhapopular.info\\\/wp-content\\\/uploads\\\/2025\\\/01\\\/IMG_8849-Grande.jpeg\",\"width\":1280,\"height\":960,\"caption\":\"Familiares de Jos\u00e9 Ademar Crone foram homenageados pela diretoria da LAFA \\\/\\\/ Cr\u00e9dito: Lucas Leandro Brune\"},{\"@type\":\"BreadcrumbList\",\"@id\":\"https:\\\/\\\/folhapopular.info\\\/index.php\\\/2025\\\/01\\\/30\\\/arroio-do-meio-lanca-municipal-de-futebol-e-homenageia-ademar-crone-em-2025\\\/#breadcrumb\",\"itemListElement\":[{\"@type\":\"ListItem\",\"position\":1,\"name\":\"In\u00edcio\",\"item\":\"https:\\\/\\\/folhapopular.info\\\/\"},{\"@type\":\"ListItem\",\"position\":2,\"name\":\"Arroio do Meio lan\u00e7a Municipal de futebol e homenageia Ademar Crone em 2025\"}]},{\"@type\":\"WebSite\",\"@id\":\"https:\\\/\\\/folhapopular.info\\\/#website\",\"url\":\"https:\\\/\\\/folhapopular.info\\\/\",\"name\":\"Folha Popular\",\"description\":\"Onde voc\u00ea tem vez e voz\",\"potentialAction\":[{\"@type\":\"SearchAction\",\"target\":{\"@type\":\"EntryPoint\",\"urlTemplate\":\"https:\\\/\\\/folhapopular.info\\\/?s={search_term_string}\"},\"query-input\":{\"@type\":\"PropertyValueSpecification\",\"valueRequired\":true,\"valueName\":\"search_term_string\"}}],\"inLanguage\":\"pt-BR\"},{\"@type\":\"Person\",\"@id\":\"https:\\\/\\\/folhapopular.info\\\/#\\\/schema\\\/person\\\/533a15f60cd49e81ab3a90b4ca33cb36\",\"name\":\"Lucas Leandro Brune\",\"image\":{\"@type\":\"ImageObject\",\"inLanguage\":\"pt-BR\",\"@id\":\"https:\\\/\\\/folhapopular.info\\\/wp-content\\\/uploads\\\/2026\\\/04\\\/LUCAS-1-1.webp\",\"url\":\"https:\\\/\\\/folhapopular.info\\\/wp-content\\\/uploads\\\/2026\\\/04\\\/LUCAS-1-1.webp\",\"contentUrl\":\"https:\\\/\\\/folhapopular.info\\\/wp-content\\\/uploads\\\/2026\\\/04\\\/LUCAS-1-1.webp\",\"caption\":\"Lucas Leandro Brune\"},\"description\":\"Jornalista Profissional Diplomado MTB\\\/RS 14.333\",\"url\":\"https:\\\/\\\/folhapopular.info\\\/index.php\\\/author\\\/lucas-brune\\\/\"}]}<\/script>\n<!-- \/ Yoast SEO plugin. -->","yoast_head_json":{"title":"Arroio do Meio lan\u00e7a Municipal de futebol e homenageia Ademar Crone em 2025 - Folha Popular","robots":{"index":"index","follow":"follow","max-snippet":"max-snippet:-1","max-image-preview":"max-image-preview:large","max-video-preview":"max-video-preview:-1"},"canonical":"https:\/\/folhapopular.info\/index.php\/2025\/01\/30\/arroio-do-meio-lanca-municipal-de-futebol-e-homenageia-ademar-crone-em-2025\/","og_locale":"pt_BR","og_type":"article","og_title":"Arroio do Meio lan\u00e7a Municipal de futebol e homenageia Ademar Crone em 2025 - Folha Popular","og_description":"A Liga Arroiomeense de Futebol Amador (LAFA) realizou o evento de lan\u00e7amento do Campeonato Municipal de 2025 na noite desta quinta-feira (30\/1), no Morro S\u00e3o Jos\u00e9, com vista panor\u00e2mica da cidade, de parte da regi\u00e3o e do Rio Taquari. A bola come\u00e7a a rolar no pr\u00f3ximo domingo (2\/2) para seis clubes nas categorias Aspirantes, Titulares [&hellip;]","og_url":"https:\/\/folhapopular.info\/index.php\/2025\/01\/30\/arroio-do-meio-lanca-municipal-de-futebol-e-homenageia-ademar-crone-em-2025\/","og_site_name":"Folha Popular","article_published_time":"2025-01-31T00:10:47+00:00","article_modified_time":"2025-01-31T00:10:51+00:00","og_image":[{"width":1280,"height":960,"url":"http:\/\/folhapopular.info\/wp-content\/uploads\/2025\/01\/IMG_8849-Grande.jpeg","type":"image\/jpeg"}],"author":"Lucas Leandro Brune","twitter_card":"summary_large_image","twitter_misc":{"Escrito por":"Lucas Leandro Brune","Est. tempo de leitura":"6 minutos"},"schema":{"@context":"https:\/\/schema.org","@graph":[{"@type":"Article","@id":"https:\/\/folhapopular.info\/index.php\/2025\/01\/30\/arroio-do-meio-lanca-municipal-de-futebol-e-homenageia-ademar-crone-em-2025\/#article","isPartOf":{"@id":"https:\/\/folhapopular.info\/index.php\/2025\/01\/30\/arroio-do-meio-lanca-municipal-de-futebol-e-homenageia-ademar-crone-em-2025\/"},"author":{"name":"Lucas Leandro Brune","@id":"https:\/\/folhapopular.info\/#\/schema\/person\/533a15f60cd49e81ab3a90b4ca33cb36"},"headline":"Arroio do Meio lan\u00e7a Municipal de futebol e homenageia Ademar Crone em 2025","datePublished":"2025-01-31T00:10:47+00:00","dateModified":"2025-01-31T00:10:51+00:00","mainEntityOfPage":{"@id":"https:\/\/folhapopular.info\/index.php\/2025\/01\/30\/arroio-do-meio-lanca-municipal-de-futebol-e-homenageia-ademar-crone-em-2025\/"},"wordCount":936,"commentCount":0,"image":{"@id":"https:\/\/folhapopular.info\/index.php\/2025\/01\/30\/arroio-do-meio-lanca-municipal-de-futebol-e-homenageia-ademar-crone-em-2025\/#primaryimage"},"thumbnailUrl":"https:\/\/folhapopular.info\/wp-content\/uploads\/2025\/01\/IMG_8849-Grande.jpeg","keywords":["Arroio do Meio","Campeonato Municipal de Futebol Amador","futebol amador","Vale do Taquari"],"articleSection":["Esportes","Futebol Amador"],"inLanguage":"pt-BR","potentialAction":[{"@type":"CommentAction","name":"Comment","target":["https:\/\/folhapopular.info\/index.php\/2025\/01\/30\/arroio-do-meio-lanca-municipal-de-futebol-e-homenageia-ademar-crone-em-2025\/#respond"]}]},{"@type":"WebPage","@id":"https:\/\/folhapopular.info\/index.php\/2025\/01\/30\/arroio-do-meio-lanca-municipal-de-futebol-e-homenageia-ademar-crone-em-2025\/","url":"https:\/\/folhapopular.info\/index.php\/2025\/01\/30\/arroio-do-meio-lanca-municipal-de-futebol-e-homenageia-ademar-crone-em-2025\/","name":"Arroio do Meio lan\u00e7a Municipal de futebol e homenageia Ademar Crone em 2025 - Folha Popular","isPartOf":{"@id":"https:\/\/folhapopular.info\/#website"},"primaryImageOfPage":{"@id":"https:\/\/folhapopular.info\/index.php\/2025\/01\/30\/arroio-do-meio-lanca-municipal-de-futebol-e-homenageia-ademar-crone-em-2025\/#primaryimage"},"image":{"@id":"https:\/\/folhapopular.info\/index.php\/2025\/01\/30\/arroio-do-meio-lanca-municipal-de-futebol-e-homenageia-ademar-crone-em-2025\/#primaryimage"},"thumbnailUrl":"https:\/\/folhapopular.info\/wp-content\/uploads\/2025\/01\/IMG_8849-Grande.jpeg","datePublished":"2025-01-31T00:10:47+00:00","dateModified":"2025-01-31T00:10:51+00:00","author":{"@id":"https:\/\/folhapopular.info\/#\/schema\/person\/533a15f60cd49e81ab3a90b4ca33cb36"},"breadcrumb":{"@id":"https:\/\/folhapopular.info\/index.php\/2025\/01\/30\/arroio-do-meio-lanca-municipal-de-futebol-e-homenageia-ademar-crone-em-2025\/#breadcrumb"},"inLanguage":"pt-BR","potentialAction":[{"@type":"ReadAction","target":["https:\/\/folhapopular.info\/index.php\/2025\/01\/30\/arroio-do-meio-lanca-municipal-de-futebol-e-homenageia-ademar-crone-em-2025\/"]}]},{"@type":"ImageObject","inLanguage":"pt-BR","@id":"https:\/\/folhapopular.info\/index.php\/2025\/01\/30\/arroio-do-meio-lanca-municipal-de-futebol-e-homenageia-ademar-crone-em-2025\/#primaryimage","url":"https:\/\/folhapopular.info\/wp-content\/uploads\/2025\/01\/IMG_8849-Grande.jpeg","contentUrl":"https:\/\/folhapopular.info\/wp-content\/uploads\/2025\/01\/IMG_8849-Grande.jpeg","width":1280,"height":960,"caption":"Familiares de Jos\u00e9 Ademar Crone foram homenageados pela diretoria da LAFA \/\/ Cr\u00e9dito: Lucas Leandro Brune"},{"@type":"BreadcrumbList","@id":"https:\/\/folhapopular.info\/index.php\/2025\/01\/30\/arroio-do-meio-lanca-municipal-de-futebol-e-homenageia-ademar-crone-em-2025\/#breadcrumb","itemListElement":[{"@type":"ListItem","position":1,"name":"In\u00edcio","item":"https:\/\/folhapopular.info\/"},{"@type":"ListItem","position":2,"name":"Arroio do Meio lan\u00e7a Municipal de futebol e homenageia Ademar Crone em 2025"}]},{"@type":"WebSite","@id":"https:\/\/folhapopular.info\/#website","url":"https:\/\/folhapopular.info\/","name":"Folha Popular","description":"Onde voc\u00ea tem vez e voz","potentialAction":[{"@type":"SearchAction","target":{"@type":"EntryPoint","urlTemplate":"https:\/\/folhapopular.info\/?s={search_term_string}"},"query-input":{"@type":"PropertyValueSpecification","valueRequired":true,"valueName":"search_term_string"}}],"inLanguage":"pt-BR"},{"@type":"Person","@id":"https:\/\/folhapopular.info\/#\/schema\/person\/533a15f60cd49e81ab3a90b4ca33cb36","name":"Lucas Leandro Brune","image":{"@type":"ImageObject","inLanguage":"pt-BR","@id":"https:\/\/folhapopular.info\/wp-content\/uploads\/2026\/04\/LUCAS-1-1.webp","url":"https:\/\/folhapopular.info\/wp-content\/uploads\/2026\/04\/LUCAS-1-1.webp","contentUrl":"https:\/\/folhapopular.info\/wp-content\/uploads\/2026\/04\/LUCAS-1-1.webp","caption":"Lucas Leandro Brune"},"description":"Jornalista Profissional Diplomado MTB\/RS 14.333","url":"https:\/\/folhapopular.info\/index.php\/author\/lucas-brune\/"}]}},"jetpack_featured_media_url":"https:\/\/folhapopular.info\/wp-content\/uploads\/2025\/01\/IMG_8849-Grande.jpeg","jetpack_sharing_enabled":true,"amp_enabled":true,"_links":{"self":[{"href":"https:\/\/folhapopular.info\/index.php\/wp-json\/wp\/v2\/posts\/179564","targetHints":{"allow":["GET"]}}],"collection":[{"href":"https:\/\/folhapopular.info\/index.php\/wp-json\/wp\/v2\/posts"}],"about":[{"href":"https:\/\/folhapopular.info\/index.php\/wp-json\/wp\/v2\/types\/post"}],"author":[{"embeddable":true,"href":"https:\/\/folhapopular.info\/index.php\/wp-json\/wp\/v2\/users\/7"}],"replies":[{"embeddable":true,"href":"https:\/\/folhapopular.info\/index.php\/wp-json\/wp\/v2\/comments?post=179564"}],"version-history":[{"count":0,"href":"https:\/\/folhapopular.info\/index.php\/wp-json\/wp\/v2\/posts\/179564\/revisions"}],"wp:featuredmedia":[{"embeddable":true,"href":"https:\/\/folhapopular.info\/index.php\/wp-json\/wp\/v2\/media\/179569"}],"wp:attachment":[{"href":"https:\/\/folhapopular.info\/index.php\/wp-json\/wp\/v2\/media?parent=179564"}],"wp:term":[{"taxonomy":"category","embeddable":true,"href":"https:\/\/folhapopular.info\/index.php\/wp-json\/wp\/v2\/categories?post=179564"},{"taxonomy":"post_tag","embeddable":true,"href":"https:\/\/folhapopular.info\/index.php\/wp-json\/wp\/v2\/tags?post=179564"}],"curies":[{"name":"wp","href":"https:\/\/api.w.org\/{rel}","templated":true}]}}