{"id":179742,"date":"2025-02-01T08:16:57","date_gmt":"2025-02-01T11:16:57","guid":{"rendered":"https:\/\/folhapopular.info\/?p=179742"},"modified":"2025-02-01T08:26:30","modified_gmt":"2025-02-01T11:26:30","slug":"jovem-morre-em-acidente-em-brochier","status":"publish","type":"post","link":"https:\/\/folhapopular.info\/index.php\/2025\/02\/01\/jovem-morre-em-acidente-em-brochier\/","title":{"rendered":"Jovem morre em acidente em Brochier"},"content":{"rendered":"\n<p>Um grave acidente de tr\u00e2nsito foi registrado pouco depois das 22h30min desta sexta-feira (31\/1) no munic\u00edpio de Brochier e resultou em uma v\u00edtima fatal. Carro e moto colidiram na Rua Erni Oscar Fauth, regi\u00e3o central da cidade.<\/p>\n\n\n\n<p>Henrique Augusto Dickel, de 25 anos, morador de Brochier, conduzia a moto e n\u00e3o resistiu aos ferimentos. A Brigada Militar atendeu o acidente e as circunst\u00e2ncias do mesmo ainda ser\u00e3o apuradas.<\/p>\n\n\n\n<p><\/p>\n","protected":false},"excerpt":{"rendered":"<p>Um grave acidente de tr\u00e2nsito foi registrado pouco depois das 22h30min desta sexta-feira (31\/1) no munic\u00edpio de Brochier e resultou em uma v\u00edtima fatal. Carro e moto colidiram na Rua Erni Oscar Fauth, regi\u00e3o central da cidade. Henrique Augusto Dickel, de 25 anos, morador de Brochier, conduzia a moto e n\u00e3o resistiu aos ferimentos. A [&hellip;]<\/p>\n","protected":false},"author":757,"featured_media":179743,"comment_status":"open","ping_status":"open","sticky":false,"template":"","format":"standard","meta":{"pmpro_default_level":"","_jetpack_memberships_contains_paid_content":false,"footnotes":""},"categories":[7,10983],"tags":[195,2435,113,7875],"class_list":{"0":"post-179742","1":"post","2":"type-post","3":"status-publish","4":"format-standard","5":"has-post-thumbnail","7":"category-seguranca","8":"category-transito","9":"tag-acidente","10":"tag-brochier","11":"tag-transito","12":"tag-vitima-fatal-2","13":"pmpro-has-access"},"yoast_head":"<!-- This site is optimized with the Yoast SEO plugin v27.5 - https:\/\/yoast.com\/product\/yoast-seo-wordpress\/ -->\n<title>Jovem morre em acidente em Brochier - Folha Popular<\/title>\n<meta name=\"robots\" content=\"index, follow, max-snippet:-1, max-image-preview:large, max-video-preview:-1\" \/>\n<link rel=\"canonical\" href=\"https:\/\/folhapopular.info\/index.php\/2025\/02\/01\/jovem-morre-em-acidente-em-brochier\/\" \/>\n<meta property=\"og:locale\" content=\"pt_BR\" \/>\n<meta property=\"og:type\" content=\"article\" \/>\n<meta property=\"og:title\" content=\"Jovem morre em acidente em Brochier - Folha Popular\" \/>\n<meta property=\"og:description\" content=\"Um grave acidente de tr\u00e2nsito foi registrado pouco depois das 22h30min desta sexta-feira (31\/1) no munic\u00edpio de Brochier e resultou em uma v\u00edtima fatal. Carro e moto colidiram na Rua Erni Oscar Fauth, regi\u00e3o central da cidade. Henrique Augusto Dickel, de 25 anos, morador de Brochier, conduzia a moto e n\u00e3o resistiu aos ferimentos. A [&hellip;]\" \/>\n<meta property=\"og:url\" content=\"https:\/\/folhapopular.info\/index.php\/2025\/02\/01\/jovem-morre-em-acidente-em-brochier\/\" \/>\n<meta property=\"og:site_name\" content=\"Folha Popular\" \/>\n<meta property=\"article:published_time\" content=\"2025-02-01T11:16:57+00:00\" \/>\n<meta property=\"article:modified_time\" content=\"2025-02-01T11:26:30+00:00\" \/>\n<meta property=\"og:image\" content=\"http:\/\/folhapopular.info\/wp-content\/uploads\/2025\/02\/475790314_1350089989758521_7540385775064896336_n.jpg\" \/>\n\t<meta property=\"og:image:width\" content=\"720\" \/>\n\t<meta property=\"og:image:height\" content=\"1280\" \/>\n\t<meta property=\"og:image:type\" content=\"image\/jpeg\" \/>\n<meta name=\"author\" content=\"Paloma Valandro\" \/>\n<meta name=\"twitter:card\" content=\"summary_large_image\" \/>\n<meta name=\"twitter:label1\" content=\"Escrito por\" \/>\n\t<meta name=\"twitter:data1\" content=\"Paloma Valandro\" \/>\n\t<meta name=\"twitter:label2\" content=\"Est. tempo de leitura\" \/>\n\t<meta name=\"twitter:data2\" content=\"1 minuto\" \/>\n<script type=\"application\/ld+json\" class=\"yoast-schema-graph\">{\"@context\":\"https:\\\/\\\/schema.org\",\"@graph\":[{\"@type\":\"Article\",\"@id\":\"https:\\\/\\\/folhapopular.info\\\/index.php\\\/2025\\\/02\\\/01\\\/jovem-morre-em-acidente-em-brochier\\\/#article\",\"isPartOf\":{\"@id\":\"https:\\\/\\\/folhapopular.info\\\/index.php\\\/2025\\\/02\\\/01\\\/jovem-morre-em-acidente-em-brochier\\\/\"},\"author\":{\"name\":\"Paloma Valandro\",\"@id\":\"https:\\\/\\\/folhapopular.info\\\/#\\\/schema\\\/person\\\/1fb1a50ca75661f91da0d3839657a34d\"},\"headline\":\"Jovem morre em acidente em Brochier\",\"datePublished\":\"2025-02-01T11:16:57+00:00\",\"dateModified\":\"2025-02-01T11:26:30+00:00\",\"mainEntityOfPage\":{\"@id\":\"https:\\\/\\\/folhapopular.info\\\/index.php\\\/2025\\\/02\\\/01\\\/jovem-morre-em-acidente-em-brochier\\\/\"},\"wordCount\":80,\"commentCount\":0,\"image\":{\"@id\":\"https:\\\/\\\/folhapopular.info\\\/index.php\\\/2025\\\/02\\\/01\\\/jovem-morre-em-acidente-em-brochier\\\/#primaryimage\"},\"thumbnailUrl\":\"https:\\\/\\\/folhapopular.info\\\/wp-content\\\/uploads\\\/2025\\\/02\\\/475790314_1350089989758521_7540385775064896336_n.jpg\",\"keywords\":[\"Acidente\",\"Brochier\",\"Tr\u00e2nsito\",\"V\u00edtima fatal\"],\"articleSection\":[\"Seguran\u00e7a\",\"Tr\u00e2nsito\"],\"inLanguage\":\"pt-BR\",\"potentialAction\":[{\"@type\":\"CommentAction\",\"name\":\"Comment\",\"target\":[\"https:\\\/\\\/folhapopular.info\\\/index.php\\\/2025\\\/02\\\/01\\\/jovem-morre-em-acidente-em-brochier\\\/#respond\"]}]},{\"@type\":\"WebPage\",\"@id\":\"https:\\\/\\\/folhapopular.info\\\/index.php\\\/2025\\\/02\\\/01\\\/jovem-morre-em-acidente-em-brochier\\\/\",\"url\":\"https:\\\/\\\/folhapopular.info\\\/index.php\\\/2025\\\/02\\\/01\\\/jovem-morre-em-acidente-em-brochier\\\/\",\"name\":\"Jovem morre em acidente em Brochier - Folha Popular\",\"isPartOf\":{\"@id\":\"https:\\\/\\\/folhapopular.info\\\/#website\"},\"primaryImageOfPage\":{\"@id\":\"https:\\\/\\\/folhapopular.info\\\/index.php\\\/2025\\\/02\\\/01\\\/jovem-morre-em-acidente-em-brochier\\\/#primaryimage\"},\"image\":{\"@id\":\"https:\\\/\\\/folhapopular.info\\\/index.php\\\/2025\\\/02\\\/01\\\/jovem-morre-em-acidente-em-brochier\\\/#primaryimage\"},\"thumbnailUrl\":\"https:\\\/\\\/folhapopular.info\\\/wp-content\\\/uploads\\\/2025\\\/02\\\/475790314_1350089989758521_7540385775064896336_n.jpg\",\"datePublished\":\"2025-02-01T11:16:57+00:00\",\"dateModified\":\"2025-02-01T11:26:30+00:00\",\"author\":{\"@id\":\"https:\\\/\\\/folhapopular.info\\\/#\\\/schema\\\/person\\\/1fb1a50ca75661f91da0d3839657a34d\"},\"breadcrumb\":{\"@id\":\"https:\\\/\\\/folhapopular.info\\\/index.php\\\/2025\\\/02\\\/01\\\/jovem-morre-em-acidente-em-brochier\\\/#breadcrumb\"},\"inLanguage\":\"pt-BR\",\"potentialAction\":[{\"@type\":\"ReadAction\",\"target\":[\"https:\\\/\\\/folhapopular.info\\\/index.php\\\/2025\\\/02\\\/01\\\/jovem-morre-em-acidente-em-brochier\\\/\"]}]},{\"@type\":\"ImageObject\",\"inLanguage\":\"pt-BR\",\"@id\":\"https:\\\/\\\/folhapopular.info\\\/index.php\\\/2025\\\/02\\\/01\\\/jovem-morre-em-acidente-em-brochier\\\/#primaryimage\",\"url\":\"https:\\\/\\\/folhapopular.info\\\/wp-content\\\/uploads\\\/2025\\\/02\\\/475790314_1350089989758521_7540385775064896336_n.jpg\",\"contentUrl\":\"https:\\\/\\\/folhapopular.info\\\/wp-content\\\/uploads\\\/2025\\\/02\\\/475790314_1350089989758521_7540385775064896336_n.jpg\",\"width\":720,\"height\":1280,\"caption\":\"Acidente foi registrado na noite desta sexta-feira, dia 31. Cr\u00e9dito: rede social\"},{\"@type\":\"BreadcrumbList\",\"@id\":\"https:\\\/\\\/folhapopular.info\\\/index.php\\\/2025\\\/02\\\/01\\\/jovem-morre-em-acidente-em-brochier\\\/#breadcrumb\",\"itemListElement\":[{\"@type\":\"ListItem\",\"position\":1,\"name\":\"In\u00edcio\",\"item\":\"https:\\\/\\\/folhapopular.info\\\/\"},{\"@type\":\"ListItem\",\"position\":2,\"name\":\"Jovem morre em acidente em Brochier\"}]},{\"@type\":\"WebSite\",\"@id\":\"https:\\\/\\\/folhapopular.info\\\/#website\",\"url\":\"https:\\\/\\\/folhapopular.info\\\/\",\"name\":\"Folha Popular\",\"description\":\"Onde voc\u00ea tem vez e voz\",\"potentialAction\":[{\"@type\":\"SearchAction\",\"target\":{\"@type\":\"EntryPoint\",\"urlTemplate\":\"https:\\\/\\\/folhapopular.info\\\/?s={search_term_string}\"},\"query-input\":{\"@type\":\"PropertyValueSpecification\",\"valueRequired\":true,\"valueName\":\"search_term_string\"}}],\"inLanguage\":\"pt-BR\"},{\"@type\":\"Person\",\"@id\":\"https:\\\/\\\/folhapopular.info\\\/#\\\/schema\\\/person\\\/1fb1a50ca75661f91da0d3839657a34d\",\"name\":\"Paloma Valandro\",\"image\":{\"@type\":\"ImageObject\",\"inLanguage\":\"pt-BR\",\"@id\":\"https:\\\/\\\/secure.gravatar.com\\\/avatar\\\/ef90a8f37349cc3654b42d805942c6378eb385817dccc9c637c94e7794973921?s=96&d=mm&r=g\",\"url\":\"https:\\\/\\\/secure.gravatar.com\\\/avatar\\\/ef90a8f37349cc3654b42d805942c6378eb385817dccc9c637c94e7794973921?s=96&d=mm&r=g\",\"contentUrl\":\"https:\\\/\\\/secure.gravatar.com\\\/avatar\\\/ef90a8f37349cc3654b42d805942c6378eb385817dccc9c637c94e7794973921?s=96&d=mm&r=g\",\"caption\":\"Paloma Valandro\"},\"url\":\"https:\\\/\\\/folhapopular.info\\\/index.php\\\/author\\\/paloma-valandro\\\/\"}]}<\/script>\n<!-- \/ Yoast SEO plugin. -->","yoast_head_json":{"title":"Jovem morre em acidente em Brochier - Folha Popular","robots":{"index":"index","follow":"follow","max-snippet":"max-snippet:-1","max-image-preview":"max-image-preview:large","max-video-preview":"max-video-preview:-1"},"canonical":"https:\/\/folhapopular.info\/index.php\/2025\/02\/01\/jovem-morre-em-acidente-em-brochier\/","og_locale":"pt_BR","og_type":"article","og_title":"Jovem morre em acidente em Brochier - Folha Popular","og_description":"Um grave acidente de tr\u00e2nsito foi registrado pouco depois das 22h30min desta sexta-feira (31\/1) no munic\u00edpio de Brochier e resultou em uma v\u00edtima fatal. Carro e moto colidiram na Rua Erni Oscar Fauth, regi\u00e3o central da cidade. Henrique Augusto Dickel, de 25 anos, morador de Brochier, conduzia a moto e n\u00e3o resistiu aos ferimentos. A [&hellip;]","og_url":"https:\/\/folhapopular.info\/index.php\/2025\/02\/01\/jovem-morre-em-acidente-em-brochier\/","og_site_name":"Folha Popular","article_published_time":"2025-02-01T11:16:57+00:00","article_modified_time":"2025-02-01T11:26:30+00:00","og_image":[{"width":720,"height":1280,"url":"http:\/\/folhapopular.info\/wp-content\/uploads\/2025\/02\/475790314_1350089989758521_7540385775064896336_n.jpg","type":"image\/jpeg"}],"author":"Paloma Valandro","twitter_card":"summary_large_image","twitter_misc":{"Escrito por":"Paloma Valandro","Est. tempo de leitura":"1 minuto"},"schema":{"@context":"https:\/\/schema.org","@graph":[{"@type":"Article","@id":"https:\/\/folhapopular.info\/index.php\/2025\/02\/01\/jovem-morre-em-acidente-em-brochier\/#article","isPartOf":{"@id":"https:\/\/folhapopular.info\/index.php\/2025\/02\/01\/jovem-morre-em-acidente-em-brochier\/"},"author":{"name":"Paloma Valandro","@id":"https:\/\/folhapopular.info\/#\/schema\/person\/1fb1a50ca75661f91da0d3839657a34d"},"headline":"Jovem morre em acidente em Brochier","datePublished":"2025-02-01T11:16:57+00:00","dateModified":"2025-02-01T11:26:30+00:00","mainEntityOfPage":{"@id":"https:\/\/folhapopular.info\/index.php\/2025\/02\/01\/jovem-morre-em-acidente-em-brochier\/"},"wordCount":80,"commentCount":0,"image":{"@id":"https:\/\/folhapopular.info\/index.php\/2025\/02\/01\/jovem-morre-em-acidente-em-brochier\/#primaryimage"},"thumbnailUrl":"https:\/\/folhapopular.info\/wp-content\/uploads\/2025\/02\/475790314_1350089989758521_7540385775064896336_n.jpg","keywords":["Acidente","Brochier","Tr\u00e2nsito","V\u00edtima fatal"],"articleSection":["Seguran\u00e7a","Tr\u00e2nsito"],"inLanguage":"pt-BR","potentialAction":[{"@type":"CommentAction","name":"Comment","target":["https:\/\/folhapopular.info\/index.php\/2025\/02\/01\/jovem-morre-em-acidente-em-brochier\/#respond"]}]},{"@type":"WebPage","@id":"https:\/\/folhapopular.info\/index.php\/2025\/02\/01\/jovem-morre-em-acidente-em-brochier\/","url":"https:\/\/folhapopular.info\/index.php\/2025\/02\/01\/jovem-morre-em-acidente-em-brochier\/","name":"Jovem morre em acidente em Brochier - Folha Popular","isPartOf":{"@id":"https:\/\/folhapopular.info\/#website"},"primaryImageOfPage":{"@id":"https:\/\/folhapopular.info\/index.php\/2025\/02\/01\/jovem-morre-em-acidente-em-brochier\/#primaryimage"},"image":{"@id":"https:\/\/folhapopular.info\/index.php\/2025\/02\/01\/jovem-morre-em-acidente-em-brochier\/#primaryimage"},"thumbnailUrl":"https:\/\/folhapopular.info\/wp-content\/uploads\/2025\/02\/475790314_1350089989758521_7540385775064896336_n.jpg","datePublished":"2025-02-01T11:16:57+00:00","dateModified":"2025-02-01T11:26:30+00:00","author":{"@id":"https:\/\/folhapopular.info\/#\/schema\/person\/1fb1a50ca75661f91da0d3839657a34d"},"breadcrumb":{"@id":"https:\/\/folhapopular.info\/index.php\/2025\/02\/01\/jovem-morre-em-acidente-em-brochier\/#breadcrumb"},"inLanguage":"pt-BR","potentialAction":[{"@type":"ReadAction","target":["https:\/\/folhapopular.info\/index.php\/2025\/02\/01\/jovem-morre-em-acidente-em-brochier\/"]}]},{"@type":"ImageObject","inLanguage":"pt-BR","@id":"https:\/\/folhapopular.info\/index.php\/2025\/02\/01\/jovem-morre-em-acidente-em-brochier\/#primaryimage","url":"https:\/\/folhapopular.info\/wp-content\/uploads\/2025\/02\/475790314_1350089989758521_7540385775064896336_n.jpg","contentUrl":"https:\/\/folhapopular.info\/wp-content\/uploads\/2025\/02\/475790314_1350089989758521_7540385775064896336_n.jpg","width":720,"height":1280,"caption":"Acidente foi registrado na noite desta sexta-feira, dia 31. Cr\u00e9dito: rede social"},{"@type":"BreadcrumbList","@id":"https:\/\/folhapopular.info\/index.php\/2025\/02\/01\/jovem-morre-em-acidente-em-brochier\/#breadcrumb","itemListElement":[{"@type":"ListItem","position":1,"name":"In\u00edcio","item":"https:\/\/folhapopular.info\/"},{"@type":"ListItem","position":2,"name":"Jovem morre em acidente em Brochier"}]},{"@type":"WebSite","@id":"https:\/\/folhapopular.info\/#website","url":"https:\/\/folhapopular.info\/","name":"Folha Popular","description":"Onde voc\u00ea tem vez e voz","potentialAction":[{"@type":"SearchAction","target":{"@type":"EntryPoint","urlTemplate":"https:\/\/folhapopular.info\/?s={search_term_string}"},"query-input":{"@type":"PropertyValueSpecification","valueRequired":true,"valueName":"search_term_string"}}],"inLanguage":"pt-BR"},{"@type":"Person","@id":"https:\/\/folhapopular.info\/#\/schema\/person\/1fb1a50ca75661f91da0d3839657a34d","name":"Paloma Valandro","image":{"@type":"ImageObject","inLanguage":"pt-BR","@id":"https:\/\/secure.gravatar.com\/avatar\/ef90a8f37349cc3654b42d805942c6378eb385817dccc9c637c94e7794973921?s=96&d=mm&r=g","url":"https:\/\/secure.gravatar.com\/avatar\/ef90a8f37349cc3654b42d805942c6378eb385817dccc9c637c94e7794973921?s=96&d=mm&r=g","contentUrl":"https:\/\/secure.gravatar.com\/avatar\/ef90a8f37349cc3654b42d805942c6378eb385817dccc9c637c94e7794973921?s=96&d=mm&r=g","caption":"Paloma Valandro"},"url":"https:\/\/folhapopular.info\/index.php\/author\/paloma-valandro\/"}]}},"jetpack_featured_media_url":"https:\/\/folhapopular.info\/wp-content\/uploads\/2025\/02\/475790314_1350089989758521_7540385775064896336_n.jpg","jetpack_sharing_enabled":true,"amp_enabled":true,"_links":{"self":[{"href":"https:\/\/folhapopular.info\/index.php\/wp-json\/wp\/v2\/posts\/179742","targetHints":{"allow":["GET"]}}],"collection":[{"href":"https:\/\/folhapopular.info\/index.php\/wp-json\/wp\/v2\/posts"}],"about":[{"href":"https:\/\/folhapopular.info\/index.php\/wp-json\/wp\/v2\/types\/post"}],"author":[{"embeddable":true,"href":"https:\/\/folhapopular.info\/index.php\/wp-json\/wp\/v2\/users\/757"}],"replies":[{"embeddable":true,"href":"https:\/\/folhapopular.info\/index.php\/wp-json\/wp\/v2\/comments?post=179742"}],"version-history":[{"count":0,"href":"https:\/\/folhapopular.info\/index.php\/wp-json\/wp\/v2\/posts\/179742\/revisions"}],"wp:featuredmedia":[{"embeddable":true,"href":"https:\/\/folhapopular.info\/index.php\/wp-json\/wp\/v2\/media\/179743"}],"wp:attachment":[{"href":"https:\/\/folhapopular.info\/index.php\/wp-json\/wp\/v2\/media?parent=179742"}],"wp:term":[{"taxonomy":"category","embeddable":true,"href":"https:\/\/folhapopular.info\/index.php\/wp-json\/wp\/v2\/categories?post=179742"},{"taxonomy":"post_tag","embeddable":true,"href":"https:\/\/folhapopular.info\/index.php\/wp-json\/wp\/v2\/tags?post=179742"}],"curies":[{"name":"wp","href":"https:\/\/api.w.org\/{rel}","templated":true}]}}