{"id":179777,"date":"2025-02-03T09:01:02","date_gmt":"2025-02-03T12:01:02","guid":{"rendered":"https:\/\/folhapopular.info\/?p=179777"},"modified":"2025-02-03T09:01:06","modified_gmt":"2025-02-03T12:01:06","slug":"rodada-do-aberto-de-verao-lojas-becker-marcada-pelo-equilibrio-e-resultados-apertados","status":"publish","type":"post","link":"https:\/\/folhapopular.info\/index.php\/2025\/02\/03\/rodada-do-aberto-de-verao-lojas-becker-marcada-pelo-equilibrio-e-resultados-apertados\/","title":{"rendered":"Rodada do Aberto de Ver\u00e3o Lojas Becker marcada pelo equil\u00edbrio e resultados apertados"},"content":{"rendered":"\n<p>O Campeonato Aberto de Ver\u00e3o Lojas Becker 2025 teve mais uma rodada disputada na sexta-feira (31\/1), com partidas de Futsal e Futebol Sete realizadas na Associa\u00e7\u00e3o dos Funcion\u00e1rios da Cooperativa Languiru.<\/p>\n\n\n\n<p>No Futsal, pela categoria Sub-15, o Redeem Fut Branco venceu o Redeem Fut Preto por 3 a 2, enquanto o Brochier superou a Laranja Mec\u00e2nica por 4 a 3. Na categoria For\u00e7a Livre, o Chelsea derrotou o Himmel Bier por 5 a 2, o Super Cau\u00e3 conquistou tr\u00eas pontos ao vencer o Kopperus Bier por 3 a 2, e o Amigos do Bar\u00e7a encerrou a rodada com um 6 a 3 sobre o Alpha.<\/p>\n\n\n\n<p>No Futebol Sete, os jogos ocorreram em dois campos. No Campo 1, pela categoria Master, o Vila Senior levou a melhor sobre os Veio da 24, vencendo por 3 a 1. Pela Sub-21, o Brochier bateu o GEW Servi\u00e7os por 1 a 0. J\u00e1 na For\u00e7a Livre, o Uni\u00e3o Olarias venceu o Brocadeira pelo placar m\u00ednimo de 1 a 0, enquanto os Guri da 24 superaram os Amigos do Gemeii em uma partida emocionante, terminando em 5 a 4.<\/p>\n\n\n\n<p>No Campo 2, pela categoria Veterano, o Alambique FC derrotou o Lacorunha por 2 a 1, enquanto Flamengo e For\u00e7a Jovem ficaram no empate em 2 a 2. Pela Sub-21, o Fluminense venceu o Vip Car por 3 a 2, e, encerrando a rodada, Amigos do Sacola e Elite ficaram no 1 a 1 pela For\u00e7a Livre.<\/p>\n\n\n\n<p>A pr\u00f3xima rodada est\u00e1 programada para a sexta-feira (7\/2), com novos confrontos de Futsal e Futebol Sete.<\/p>\n\n\n\n<figure class=\"wp-block-table is-style-stripes\"><table class=\"has-light-green-cyan-to-vivid-green-cyan-gradient-background has-background\"><tbody><tr><td><strong>44\u00ba Aberto de Ver\u00e3o Lojas Becker<\/strong><\/td><td><\/td><td><\/td><td><\/td><td><\/td><td><\/td><td><\/td><td><\/td><\/tr><tr><td><strong>Data<\/strong><\/td><td><strong>Categoria<\/strong><\/td><td><strong>Resultado<\/strong><\/td><td><\/td><td><\/td><td><\/td><td><\/td><td><\/td><\/tr><tr><td>31\/1<\/td><td>Sub-15<\/td><td>Redeem Fut Branco<\/td><td>3<\/td><td>x<\/td><td>2<\/td><td>Redeem Fut Preto<\/td><td><\/td><\/tr><tr><td>31\/1<\/td><td>Sub-15<\/td><td>Brochier<\/td><td>4<\/td><td>x<\/td><td>3<\/td><td>Laranja Mec\u00e2nica<\/td><td><\/td><\/tr><tr><td>31\/1<\/td><td>For\u00e7a Livre<\/td><td>Himmel Bier<\/td><td>2<\/td><td>x<\/td><td>5<\/td><td>Chelsea<\/td><td><\/td><\/tr><tr><td>31\/1<\/td><td>For\u00e7a Livre<\/td><td>Super Cau\u00e3<\/td><td>3<\/td><td>x<\/td><td>2<\/td><td>Kopperus Bier<\/td><td><\/td><\/tr><tr><td>31\/1<\/td><td>For\u00e7a Livre<\/td><td>Alpha<\/td><td>3<\/td><td>x<\/td><td>6<\/td><td>Amigos do Bar\u00e7a<\/td><td><\/td><\/tr><\/tbody><\/table><\/figure>\n\n\n\n<figure class=\"wp-block-table is-style-stripes\"><table class=\"has-light-green-cyan-to-vivid-green-cyan-gradient-background has-background\"><tbody><tr><td><strong>44\u00ba Aberto de Ver\u00e3o Lojas Becker &#8211; Campo 1<\/strong><\/td><td><\/td><td><\/td><td><\/td><td><\/td><td><\/td><td><\/td><\/tr><tr><td><strong>Data<\/strong><\/td><td><strong>Categoria<\/strong><\/td><td><strong>Resultados<\/strong><\/td><td><\/td><td><\/td><td><\/td><td><\/td><\/tr><tr><td>31\/1<\/td><td>Master<\/td><td>Vila Senior<\/td><td>3<\/td><td>x<\/td><td>1<\/td><td>Os Veio da 24<\/td><\/tr><tr><td>31\/1<\/td><td>Sub-21<\/td><td>GEW Servi\u00e7os<\/td><td>0<\/td><td>x<\/td><td>1<\/td><td>Brochier<\/td><\/tr><tr><td>31\/1<\/td><td>For\u00e7a Livre<\/td><td>Uni\u00e3o Olarias<\/td><td>1<\/td><td>x<\/td><td>0<\/td><td>Brocadeira<\/td><\/tr><tr><td>31\/1<\/td><td>For\u00e7a Livre<\/td><td>Os Guri da 24<\/td><td>5<\/td><td>x<\/td><td>4<\/td><td>Amigos do Gemeii<\/td><\/tr><\/tbody><\/table><\/figure>\n\n\n\n<figure class=\"wp-block-table is-style-stripes\"><table class=\"has-light-green-cyan-to-vivid-green-cyan-gradient-background has-background\"><tbody><tr><td><strong>44\u00ba Aberto de Ver\u00e3o Lojas Becker &#8211; Campo 2<\/strong><\/td><td><\/td><td><\/td><td><\/td><td><\/td><td><\/td><td><\/td><\/tr><tr><td><strong>Data<\/strong><\/td><td><strong>Categoria<\/strong><\/td><td><strong>Resultados<\/strong><\/td><td><\/td><td><\/td><td><\/td><td><\/td><\/tr><tr><td>31\/1<\/td><td>Veterano<\/td><td>Alambique FC<\/td><td>2<\/td><td>x<\/td><td>1<\/td><td>Lacorunha<\/td><\/tr><tr><td>31\/1<\/td><td>Veterano<\/td><td>Flamengo<\/td><td>2<\/td><td>x<\/td><td>2<\/td><td>For\u00e7a Jovem<\/td><\/tr><tr><td>31\/1<\/td><td>Sub-21<\/td><td>Vip Car<\/td><td>2<\/td><td>x<\/td><td>3<\/td><td>Fluminense<\/td><\/tr><tr><td>31\/1<\/td><td>For\u00e7a Livre<\/td><td>Elite<\/td><td>1<\/td><td>x<\/td><td>1<\/td><td>Amigos do Sacola<\/td><\/tr><\/tbody><\/table><\/figure>\n","protected":false},"excerpt":{"rendered":"<p>O Campeonato Aberto de Ver\u00e3o Lojas Becker 2025 teve mais uma rodada disputada na sexta-feira (31\/1), com partidas de Futsal e Futebol Sete realizadas na Associa\u00e7\u00e3o dos Funcion\u00e1rios da Cooperativa Languiru. No Futsal, pela categoria Sub-15, o Redeem Fut Branco venceu o Redeem Fut Preto por 3 a 2, enquanto o Brochier superou a Laranja [&hellip;]<\/p>\n","protected":false},"author":732,"featured_media":179778,"comment_status":"open","ping_status":"open","sticky":false,"template":"","format":"standard","meta":{"pmpro_default_level":"","_jetpack_memberships_contains_paid_content":false,"footnotes":""},"categories":[5,6592,530],"tags":[17666,17838,1273,31,17839,26],"class_list":{"0":"post-179777","1":"post","2":"type-post","3":"status-publish","4":"format-standard","5":"has-post-thumbnail","7":"category-esportes","8":"category-futebol-sete","9":"category-futsal","10":"tag-aberto-de-verao-lojas-becker-2025","11":"tag-equilibrio","12":"tag-futebol-sete","13":"tag-futsal","14":"tag-resultados-apertados","15":"tag-teutonia","16":"pmpro-has-access"},"yoast_head":"<!-- This site is optimized with the Yoast SEO plugin v27.5 - https:\/\/yoast.com\/product\/yoast-seo-wordpress\/ -->\n<title>Rodada do Aberto de Ver\u00e3o Lojas Becker marcada pelo equil\u00edbrio e resultados apertados - Folha Popular<\/title>\n<meta name=\"robots\" content=\"index, follow, max-snippet:-1, max-image-preview:large, max-video-preview:-1\" \/>\n<link rel=\"canonical\" href=\"https:\/\/folhapopular.info\/index.php\/2025\/02\/03\/rodada-do-aberto-de-verao-lojas-becker-marcada-pelo-equilibrio-e-resultados-apertados\/\" \/>\n<meta property=\"og:locale\" content=\"pt_BR\" \/>\n<meta property=\"og:type\" content=\"article\" \/>\n<meta property=\"og:title\" content=\"Rodada do Aberto de Ver\u00e3o Lojas Becker marcada pelo equil\u00edbrio e resultados apertados - Folha Popular\" \/>\n<meta property=\"og:description\" content=\"O Campeonato Aberto de Ver\u00e3o Lojas Becker 2025 teve mais uma rodada disputada na sexta-feira (31\/1), com partidas de Futsal e Futebol Sete realizadas na Associa\u00e7\u00e3o dos Funcion\u00e1rios da Cooperativa Languiru. No Futsal, pela categoria Sub-15, o Redeem Fut Branco venceu o Redeem Fut Preto por 3 a 2, enquanto o Brochier superou a Laranja [&hellip;]\" \/>\n<meta property=\"og:url\" content=\"https:\/\/folhapopular.info\/index.php\/2025\/02\/03\/rodada-do-aberto-de-verao-lojas-becker-marcada-pelo-equilibrio-e-resultados-apertados\/\" \/>\n<meta property=\"og:site_name\" content=\"Folha Popular\" \/>\n<meta property=\"article:author\" content=\"https:\/\/www.facebook.com\/luis.huppes\/\" \/>\n<meta property=\"article:published_time\" content=\"2025-02-03T12:01:02+00:00\" \/>\n<meta property=\"article:modified_time\" content=\"2025-02-03T12:01:06+00:00\" \/>\n<meta property=\"og:image\" content=\"http:\/\/folhapopular.info\/wp-content\/uploads\/2025\/02\/WhatsApp-Image-2025-02-01-at-01.34.14-scaled.jpeg\" \/>\n\t<meta property=\"og:image:width\" content=\"2560\" \/>\n\t<meta property=\"og:image:height\" content=\"1920\" \/>\n\t<meta property=\"og:image:type\" content=\"image\/jpeg\" \/>\n<meta name=\"author\" content=\"Luis Augusto Huppes\" \/>\n<meta name=\"twitter:card\" content=\"summary_large_image\" \/>\n<meta name=\"twitter:label1\" content=\"Escrito por\" \/>\n\t<meta name=\"twitter:data1\" content=\"Luis Augusto Huppes\" \/>\n\t<meta name=\"twitter:label2\" content=\"Est. tempo de leitura\" \/>\n\t<meta name=\"twitter:data2\" content=\"3 minutos\" \/>\n<script type=\"application\/ld+json\" class=\"yoast-schema-graph\">{\"@context\":\"https:\\\/\\\/schema.org\",\"@graph\":[{\"@type\":\"Article\",\"@id\":\"https:\\\/\\\/folhapopular.info\\\/index.php\\\/2025\\\/02\\\/03\\\/rodada-do-aberto-de-verao-lojas-becker-marcada-pelo-equilibrio-e-resultados-apertados\\\/#article\",\"isPartOf\":{\"@id\":\"https:\\\/\\\/folhapopular.info\\\/index.php\\\/2025\\\/02\\\/03\\\/rodada-do-aberto-de-verao-lojas-becker-marcada-pelo-equilibrio-e-resultados-apertados\\\/\"},\"author\":{\"name\":\"Luis Augusto Huppes\",\"@id\":\"https:\\\/\\\/folhapopular.info\\\/#\\\/schema\\\/person\\\/e852c327371714676d02e58cf917fd9f\"},\"headline\":\"Rodada do Aberto de Ver\u00e3o Lojas Becker marcada pelo equil\u00edbrio e resultados apertados\",\"datePublished\":\"2025-02-03T12:01:02+00:00\",\"dateModified\":\"2025-02-03T12:01:06+00:00\",\"mainEntityOfPage\":{\"@id\":\"https:\\\/\\\/folhapopular.info\\\/index.php\\\/2025\\\/02\\\/03\\\/rodada-do-aberto-de-verao-lojas-becker-marcada-pelo-equilibrio-e-resultados-apertados\\\/\"},\"wordCount\":378,\"commentCount\":0,\"image\":{\"@id\":\"https:\\\/\\\/folhapopular.info\\\/index.php\\\/2025\\\/02\\\/03\\\/rodada-do-aberto-de-verao-lojas-becker-marcada-pelo-equilibrio-e-resultados-apertados\\\/#primaryimage\"},\"thumbnailUrl\":\"https:\\\/\\\/folhapopular.info\\\/wp-content\\\/uploads\\\/2025\\\/02\\\/WhatsApp-Image-2025-02-01-at-01.34.14-scaled.jpeg\",\"keywords\":[\"Aberto de Ver\u00e3o Lojas Becker 2025\",\"equil\u00edbrio\",\"Futebol Sete\",\"Futsal\",\"resultados apertados\",\"Teut\u00f4nia\"],\"articleSection\":[\"Esportes\",\"Futebol Sete\",\"Futsal\"],\"inLanguage\":\"pt-BR\",\"potentialAction\":[{\"@type\":\"CommentAction\",\"name\":\"Comment\",\"target\":[\"https:\\\/\\\/folhapopular.info\\\/index.php\\\/2025\\\/02\\\/03\\\/rodada-do-aberto-de-verao-lojas-becker-marcada-pelo-equilibrio-e-resultados-apertados\\\/#respond\"]}]},{\"@type\":\"WebPage\",\"@id\":\"https:\\\/\\\/folhapopular.info\\\/index.php\\\/2025\\\/02\\\/03\\\/rodada-do-aberto-de-verao-lojas-becker-marcada-pelo-equilibrio-e-resultados-apertados\\\/\",\"url\":\"https:\\\/\\\/folhapopular.info\\\/index.php\\\/2025\\\/02\\\/03\\\/rodada-do-aberto-de-verao-lojas-becker-marcada-pelo-equilibrio-e-resultados-apertados\\\/\",\"name\":\"Rodada do Aberto de Ver\u00e3o Lojas Becker marcada pelo equil\u00edbrio e resultados apertados - Folha Popular\",\"isPartOf\":{\"@id\":\"https:\\\/\\\/folhapopular.info\\\/#website\"},\"primaryImageOfPage\":{\"@id\":\"https:\\\/\\\/folhapopular.info\\\/index.php\\\/2025\\\/02\\\/03\\\/rodada-do-aberto-de-verao-lojas-becker-marcada-pelo-equilibrio-e-resultados-apertados\\\/#primaryimage\"},\"image\":{\"@id\":\"https:\\\/\\\/folhapopular.info\\\/index.php\\\/2025\\\/02\\\/03\\\/rodada-do-aberto-de-verao-lojas-becker-marcada-pelo-equilibrio-e-resultados-apertados\\\/#primaryimage\"},\"thumbnailUrl\":\"https:\\\/\\\/folhapopular.info\\\/wp-content\\\/uploads\\\/2025\\\/02\\\/WhatsApp-Image-2025-02-01-at-01.34.14-scaled.jpeg\",\"datePublished\":\"2025-02-03T12:01:02+00:00\",\"dateModified\":\"2025-02-03T12:01:06+00:00\",\"author\":{\"@id\":\"https:\\\/\\\/folhapopular.info\\\/#\\\/schema\\\/person\\\/e852c327371714676d02e58cf917fd9f\"},\"breadcrumb\":{\"@id\":\"https:\\\/\\\/folhapopular.info\\\/index.php\\\/2025\\\/02\\\/03\\\/rodada-do-aberto-de-verao-lojas-becker-marcada-pelo-equilibrio-e-resultados-apertados\\\/#breadcrumb\"},\"inLanguage\":\"pt-BR\",\"potentialAction\":[{\"@type\":\"ReadAction\",\"target\":[\"https:\\\/\\\/folhapopular.info\\\/index.php\\\/2025\\\/02\\\/03\\\/rodada-do-aberto-de-verao-lojas-becker-marcada-pelo-equilibrio-e-resultados-apertados\\\/\"]}]},{\"@type\":\"ImageObject\",\"inLanguage\":\"pt-BR\",\"@id\":\"https:\\\/\\\/folhapopular.info\\\/index.php\\\/2025\\\/02\\\/03\\\/rodada-do-aberto-de-verao-lojas-becker-marcada-pelo-equilibrio-e-resultados-apertados\\\/#primaryimage\",\"url\":\"https:\\\/\\\/folhapopular.info\\\/wp-content\\\/uploads\\\/2025\\\/02\\\/WhatsApp-Image-2025-02-01-at-01.34.14-scaled.jpeg\",\"contentUrl\":\"https:\\\/\\\/folhapopular.info\\\/wp-content\\\/uploads\\\/2025\\\/02\\\/WhatsApp-Image-2025-02-01-at-01.34.14-scaled.jpeg\",\"width\":2560,\"height\":1920,\"caption\":\"Brochier bateu o GEW Servi\u00e7os por 1 a 0 \\\/ Cr\u00e9dito: Divulga\u00e7\u00e3o\"},{\"@type\":\"BreadcrumbList\",\"@id\":\"https:\\\/\\\/folhapopular.info\\\/index.php\\\/2025\\\/02\\\/03\\\/rodada-do-aberto-de-verao-lojas-becker-marcada-pelo-equilibrio-e-resultados-apertados\\\/#breadcrumb\",\"itemListElement\":[{\"@type\":\"ListItem\",\"position\":1,\"name\":\"In\u00edcio\",\"item\":\"https:\\\/\\\/folhapopular.info\\\/\"},{\"@type\":\"ListItem\",\"position\":2,\"name\":\"Rodada do Aberto de Ver\u00e3o Lojas Becker marcada pelo equil\u00edbrio e resultados apertados\"}]},{\"@type\":\"WebSite\",\"@id\":\"https:\\\/\\\/folhapopular.info\\\/#website\",\"url\":\"https:\\\/\\\/folhapopular.info\\\/\",\"name\":\"Folha Popular\",\"description\":\"Onde voc\u00ea tem vez e voz\",\"potentialAction\":[{\"@type\":\"SearchAction\",\"target\":{\"@type\":\"EntryPoint\",\"urlTemplate\":\"https:\\\/\\\/folhapopular.info\\\/?s={search_term_string}\"},\"query-input\":{\"@type\":\"PropertyValueSpecification\",\"valueRequired\":true,\"valueName\":\"search_term_string\"}}],\"inLanguage\":\"pt-BR\"},{\"@type\":\"Person\",\"@id\":\"https:\\\/\\\/folhapopular.info\\\/#\\\/schema\\\/person\\\/e852c327371714676d02e58cf917fd9f\",\"name\":\"Luis Augusto Huppes\",\"image\":{\"@type\":\"ImageObject\",\"inLanguage\":\"pt-BR\",\"@id\":\"https:\\\/\\\/folhapopular.info\\\/wp-content\\\/uploads\\\/2026\\\/04\\\/Luis-Augusto-Huppes-1-1.webp\",\"url\":\"https:\\\/\\\/folhapopular.info\\\/wp-content\\\/uploads\\\/2026\\\/04\\\/Luis-Augusto-Huppes-1-1.webp\",\"contentUrl\":\"https:\\\/\\\/folhapopular.info\\\/wp-content\\\/uploads\\\/2026\\\/04\\\/Luis-Augusto-Huppes-1-1.webp\",\"caption\":\"Luis Augusto Huppes\"},\"sameAs\":[\"https:\\\/\\\/www.facebook.com\\\/luis.huppes\\\/\",\"https:\\\/\\\/www.instagram.com\\\/luis.huppes\\\/\",\"https:\\\/\\\/www.linkedin.com\\\/in\\\/luis-augusto-huppes-2554b52b7\\\/\"],\"url\":\"https:\\\/\\\/folhapopular.info\\\/index.php\\\/author\\\/luis-augusto-huppes\\\/\"}]}<\/script>\n<!-- \/ Yoast SEO plugin. -->","yoast_head_json":{"title":"Rodada do Aberto de Ver\u00e3o Lojas Becker marcada pelo equil\u00edbrio e resultados apertados - Folha Popular","robots":{"index":"index","follow":"follow","max-snippet":"max-snippet:-1","max-image-preview":"max-image-preview:large","max-video-preview":"max-video-preview:-1"},"canonical":"https:\/\/folhapopular.info\/index.php\/2025\/02\/03\/rodada-do-aberto-de-verao-lojas-becker-marcada-pelo-equilibrio-e-resultados-apertados\/","og_locale":"pt_BR","og_type":"article","og_title":"Rodada do Aberto de Ver\u00e3o Lojas Becker marcada pelo equil\u00edbrio e resultados apertados - Folha Popular","og_description":"O Campeonato Aberto de Ver\u00e3o Lojas Becker 2025 teve mais uma rodada disputada na sexta-feira (31\/1), com partidas de Futsal e Futebol Sete realizadas na Associa\u00e7\u00e3o dos Funcion\u00e1rios da Cooperativa Languiru. No Futsal, pela categoria Sub-15, o Redeem Fut Branco venceu o Redeem Fut Preto por 3 a 2, enquanto o Brochier superou a Laranja [&hellip;]","og_url":"https:\/\/folhapopular.info\/index.php\/2025\/02\/03\/rodada-do-aberto-de-verao-lojas-becker-marcada-pelo-equilibrio-e-resultados-apertados\/","og_site_name":"Folha Popular","article_author":"https:\/\/www.facebook.com\/luis.huppes\/","article_published_time":"2025-02-03T12:01:02+00:00","article_modified_time":"2025-02-03T12:01:06+00:00","og_image":[{"width":2560,"height":1920,"url":"http:\/\/folhapopular.info\/wp-content\/uploads\/2025\/02\/WhatsApp-Image-2025-02-01-at-01.34.14-scaled.jpeg","type":"image\/jpeg"}],"author":"Luis Augusto Huppes","twitter_card":"summary_large_image","twitter_misc":{"Escrito por":"Luis Augusto Huppes","Est. tempo de leitura":"3 minutos"},"schema":{"@context":"https:\/\/schema.org","@graph":[{"@type":"Article","@id":"https:\/\/folhapopular.info\/index.php\/2025\/02\/03\/rodada-do-aberto-de-verao-lojas-becker-marcada-pelo-equilibrio-e-resultados-apertados\/#article","isPartOf":{"@id":"https:\/\/folhapopular.info\/index.php\/2025\/02\/03\/rodada-do-aberto-de-verao-lojas-becker-marcada-pelo-equilibrio-e-resultados-apertados\/"},"author":{"name":"Luis Augusto Huppes","@id":"https:\/\/folhapopular.info\/#\/schema\/person\/e852c327371714676d02e58cf917fd9f"},"headline":"Rodada do Aberto de Ver\u00e3o Lojas Becker marcada pelo equil\u00edbrio e resultados apertados","datePublished":"2025-02-03T12:01:02+00:00","dateModified":"2025-02-03T12:01:06+00:00","mainEntityOfPage":{"@id":"https:\/\/folhapopular.info\/index.php\/2025\/02\/03\/rodada-do-aberto-de-verao-lojas-becker-marcada-pelo-equilibrio-e-resultados-apertados\/"},"wordCount":378,"commentCount":0,"image":{"@id":"https:\/\/folhapopular.info\/index.php\/2025\/02\/03\/rodada-do-aberto-de-verao-lojas-becker-marcada-pelo-equilibrio-e-resultados-apertados\/#primaryimage"},"thumbnailUrl":"https:\/\/folhapopular.info\/wp-content\/uploads\/2025\/02\/WhatsApp-Image-2025-02-01-at-01.34.14-scaled.jpeg","keywords":["Aberto de Ver\u00e3o Lojas Becker 2025","equil\u00edbrio","Futebol Sete","Futsal","resultados apertados","Teut\u00f4nia"],"articleSection":["Esportes","Futebol Sete","Futsal"],"inLanguage":"pt-BR","potentialAction":[{"@type":"CommentAction","name":"Comment","target":["https:\/\/folhapopular.info\/index.php\/2025\/02\/03\/rodada-do-aberto-de-verao-lojas-becker-marcada-pelo-equilibrio-e-resultados-apertados\/#respond"]}]},{"@type":"WebPage","@id":"https:\/\/folhapopular.info\/index.php\/2025\/02\/03\/rodada-do-aberto-de-verao-lojas-becker-marcada-pelo-equilibrio-e-resultados-apertados\/","url":"https:\/\/folhapopular.info\/index.php\/2025\/02\/03\/rodada-do-aberto-de-verao-lojas-becker-marcada-pelo-equilibrio-e-resultados-apertados\/","name":"Rodada do Aberto de Ver\u00e3o Lojas Becker marcada pelo equil\u00edbrio e resultados apertados - Folha Popular","isPartOf":{"@id":"https:\/\/folhapopular.info\/#website"},"primaryImageOfPage":{"@id":"https:\/\/folhapopular.info\/index.php\/2025\/02\/03\/rodada-do-aberto-de-verao-lojas-becker-marcada-pelo-equilibrio-e-resultados-apertados\/#primaryimage"},"image":{"@id":"https:\/\/folhapopular.info\/index.php\/2025\/02\/03\/rodada-do-aberto-de-verao-lojas-becker-marcada-pelo-equilibrio-e-resultados-apertados\/#primaryimage"},"thumbnailUrl":"https:\/\/folhapopular.info\/wp-content\/uploads\/2025\/02\/WhatsApp-Image-2025-02-01-at-01.34.14-scaled.jpeg","datePublished":"2025-02-03T12:01:02+00:00","dateModified":"2025-02-03T12:01:06+00:00","author":{"@id":"https:\/\/folhapopular.info\/#\/schema\/person\/e852c327371714676d02e58cf917fd9f"},"breadcrumb":{"@id":"https:\/\/folhapopular.info\/index.php\/2025\/02\/03\/rodada-do-aberto-de-verao-lojas-becker-marcada-pelo-equilibrio-e-resultados-apertados\/#breadcrumb"},"inLanguage":"pt-BR","potentialAction":[{"@type":"ReadAction","target":["https:\/\/folhapopular.info\/index.php\/2025\/02\/03\/rodada-do-aberto-de-verao-lojas-becker-marcada-pelo-equilibrio-e-resultados-apertados\/"]}]},{"@type":"ImageObject","inLanguage":"pt-BR","@id":"https:\/\/folhapopular.info\/index.php\/2025\/02\/03\/rodada-do-aberto-de-verao-lojas-becker-marcada-pelo-equilibrio-e-resultados-apertados\/#primaryimage","url":"https:\/\/folhapopular.info\/wp-content\/uploads\/2025\/02\/WhatsApp-Image-2025-02-01-at-01.34.14-scaled.jpeg","contentUrl":"https:\/\/folhapopular.info\/wp-content\/uploads\/2025\/02\/WhatsApp-Image-2025-02-01-at-01.34.14-scaled.jpeg","width":2560,"height":1920,"caption":"Brochier bateu o GEW Servi\u00e7os por 1 a 0 \/ Cr\u00e9dito: Divulga\u00e7\u00e3o"},{"@type":"BreadcrumbList","@id":"https:\/\/folhapopular.info\/index.php\/2025\/02\/03\/rodada-do-aberto-de-verao-lojas-becker-marcada-pelo-equilibrio-e-resultados-apertados\/#breadcrumb","itemListElement":[{"@type":"ListItem","position":1,"name":"In\u00edcio","item":"https:\/\/folhapopular.info\/"},{"@type":"ListItem","position":2,"name":"Rodada do Aberto de Ver\u00e3o Lojas Becker marcada pelo equil\u00edbrio e resultados apertados"}]},{"@type":"WebSite","@id":"https:\/\/folhapopular.info\/#website","url":"https:\/\/folhapopular.info\/","name":"Folha Popular","description":"Onde voc\u00ea tem vez e voz","potentialAction":[{"@type":"SearchAction","target":{"@type":"EntryPoint","urlTemplate":"https:\/\/folhapopular.info\/?s={search_term_string}"},"query-input":{"@type":"PropertyValueSpecification","valueRequired":true,"valueName":"search_term_string"}}],"inLanguage":"pt-BR"},{"@type":"Person","@id":"https:\/\/folhapopular.info\/#\/schema\/person\/e852c327371714676d02e58cf917fd9f","name":"Luis Augusto Huppes","image":{"@type":"ImageObject","inLanguage":"pt-BR","@id":"https:\/\/folhapopular.info\/wp-content\/uploads\/2026\/04\/Luis-Augusto-Huppes-1-1.webp","url":"https:\/\/folhapopular.info\/wp-content\/uploads\/2026\/04\/Luis-Augusto-Huppes-1-1.webp","contentUrl":"https:\/\/folhapopular.info\/wp-content\/uploads\/2026\/04\/Luis-Augusto-Huppes-1-1.webp","caption":"Luis Augusto Huppes"},"sameAs":["https:\/\/www.facebook.com\/luis.huppes\/","https:\/\/www.instagram.com\/luis.huppes\/","https:\/\/www.linkedin.com\/in\/luis-augusto-huppes-2554b52b7\/"],"url":"https:\/\/folhapopular.info\/index.php\/author\/luis-augusto-huppes\/"}]}},"jetpack_featured_media_url":"https:\/\/folhapopular.info\/wp-content\/uploads\/2025\/02\/WhatsApp-Image-2025-02-01-at-01.34.14-scaled.jpeg","jetpack_sharing_enabled":true,"amp_enabled":true,"_links":{"self":[{"href":"https:\/\/folhapopular.info\/index.php\/wp-json\/wp\/v2\/posts\/179777","targetHints":{"allow":["GET"]}}],"collection":[{"href":"https:\/\/folhapopular.info\/index.php\/wp-json\/wp\/v2\/posts"}],"about":[{"href":"https:\/\/folhapopular.info\/index.php\/wp-json\/wp\/v2\/types\/post"}],"author":[{"embeddable":true,"href":"https:\/\/folhapopular.info\/index.php\/wp-json\/wp\/v2\/users\/732"}],"replies":[{"embeddable":true,"href":"https:\/\/folhapopular.info\/index.php\/wp-json\/wp\/v2\/comments?post=179777"}],"version-history":[{"count":0,"href":"https:\/\/folhapopular.info\/index.php\/wp-json\/wp\/v2\/posts\/179777\/revisions"}],"wp:featuredmedia":[{"embeddable":true,"href":"https:\/\/folhapopular.info\/index.php\/wp-json\/wp\/v2\/media\/179778"}],"wp:attachment":[{"href":"https:\/\/folhapopular.info\/index.php\/wp-json\/wp\/v2\/media?parent=179777"}],"wp:term":[{"taxonomy":"category","embeddable":true,"href":"https:\/\/folhapopular.info\/index.php\/wp-json\/wp\/v2\/categories?post=179777"},{"taxonomy":"post_tag","embeddable":true,"href":"https:\/\/folhapopular.info\/index.php\/wp-json\/wp\/v2\/tags?post=179777"}],"curies":[{"name":"wp","href":"https:\/\/api.w.org\/{rel}","templated":true}]}}