{"id":180063,"date":"2025-02-06T10:24:07","date_gmt":"2025-02-06T13:24:07","guid":{"rendered":"https:\/\/folhapopular.info\/?p=180063"},"modified":"2025-02-06T10:24:10","modified_gmt":"2025-02-06T13:24:10","slug":"projeto-miniempresa-com-vagas-abertas-em-lajeado","status":"publish","type":"post","link":"https:\/\/folhapopular.info\/index.php\/2025\/02\/06\/projeto-miniempresa-com-vagas-abertas-em-lajeado\/","title":{"rendered":"Projeto Miniempresa com vagas abertas em Lajeado"},"content":{"rendered":"\n<p>Para fortalecer a educa\u00e7\u00e3o empreendedora entre os jovens de Lajeado, a Acil firmou parceria com a <em>Junior Achievement<\/em> (JA) do Rio Grande do Sul para trazer \u00e0 cidade o projeto Miniempresa.<\/p>\n\n\n\n<p>No programa, estudantes do 2\u00ba ano do Ensino M\u00e9dio de escolas p\u00fablicas e privadas t\u00eam a oportunidade de criar e gerenciar suas pr\u00f3prias empresas em grupo. Durante essa jornada, recebem todo o suporte necess\u00e1rio para compreender e aplicar conceitos essenciais do empreendedorismo.<\/p>\n\n\n\n<h2 class=\"wp-block-heading\">Seja um Mentor<\/h2>\n\n\n\n<p>Os participantes contam com o apoio de volunt\u00e1rios que atuam como mentores, compartilhando conhecimentos e experi\u00eancias do mundo empresarial. Empres\u00e1rios, gestores e profissionais de diversas \u00e1reas podem contribuir, auxiliando os jovens no desenvolvimento de suas miniempresas.<\/p>\n\n\n\n<p>As \u00e1reas de mentoria dispon\u00edveis s\u00e3o:<\/p>\n\n\n\n<ul class=\"wp-block-list\">\n<li><strong>Finan\u00e7as<\/strong><\/li>\n\n\n\n<li><strong>Marketing<\/strong><\/li>\n\n\n\n<li><strong>Produ\u00e7\u00e3o<\/strong><\/li>\n\n\n\n<li><strong>Recursos Humanos<\/strong><\/li>\n<\/ul>\n\n\n\n<p>Para participar, os volunt\u00e1rios devem ter disponibilidade de <strong>tr\u00eas horas semanais durante 13 semanas<\/strong>. Os encontros acontecem nas institui\u00e7\u00f5es de ensino participantes do projeto.<\/p>\n\n\n\n<h3 class=\"wp-block-heading\">Capacita\u00e7\u00e3o e Certifica\u00e7\u00e3o<\/h3>\n\n\n\n<p>Antes de iniciarem a mentoria, os volunt\u00e1rios passar\u00e3o por um treinamento promovido pela JA Rio Grande do Sul. A capacita\u00e7\u00e3o ocorrer\u00e1 na sede da Acil, no Centro de Lajeado, em data e hor\u00e1rio a serem definidos.<\/p>\n\n\n\n<p>No fim do programa, os mentores receber\u00e3o certifica\u00e7\u00e3o da JA Rio Grande do Sul como reconhecimento por sua dedica\u00e7\u00e3o \u00e0 educa\u00e7\u00e3o empreendedora dos jovens.<\/p>\n\n\n\n<p>Clique <strong><a href=\"#\">aqui<\/a><\/strong> e entre em contato com a Acil para mais informa\u00e7\u00f5es.<\/p>\n","protected":false},"excerpt":{"rendered":"<p>Para fortalecer a educa\u00e7\u00e3o empreendedora entre os jovens de Lajeado, a Acil firmou parceria com a Junior Achievement (JA) do Rio Grande do Sul para trazer \u00e0 cidade o projeto Miniempresa. No programa, estudantes do 2\u00ba ano do Ensino M\u00e9dio de escolas p\u00fablicas e privadas t\u00eam a oportunidade de criar e gerenciar suas pr\u00f3prias empresas [&hellip;]<\/p>\n","protected":false},"author":8,"featured_media":180076,"comment_status":"open","ping_status":"open","sticky":false,"template":"","format":"standard","meta":{"pmpro_default_level":"","_jetpack_memberships_contains_paid_content":false,"footnotes":""},"categories":[10991],"tags":[27,326,17899,1995],"class_list":{"0":"post-180063","1":"post","2":"type-post","3":"status-publish","4":"format-standard","5":"has-post-thumbnail","7":"category-economia","8":"tag-lajeado","9":"tag-negocios","10":"tag-projeto-miniempresa","11":"tag-vagas","12":"pmpro-has-access"},"yoast_head":"<!-- This site is optimized with the Yoast SEO plugin v27.5 - https:\/\/yoast.com\/product\/yoast-seo-wordpress\/ -->\n<title>Projeto Miniempresa com vagas abertas em Lajeado - Folha Popular<\/title>\n<meta name=\"robots\" content=\"index, follow, max-snippet:-1, max-image-preview:large, max-video-preview:-1\" \/>\n<link rel=\"canonical\" href=\"https:\/\/folhapopular.info\/index.php\/2025\/02\/06\/projeto-miniempresa-com-vagas-abertas-em-lajeado\/\" \/>\n<meta property=\"og:locale\" content=\"pt_BR\" \/>\n<meta property=\"og:type\" content=\"article\" \/>\n<meta property=\"og:title\" content=\"Projeto Miniempresa com vagas abertas em Lajeado - Folha Popular\" \/>\n<meta property=\"og:description\" content=\"Para fortalecer a educa\u00e7\u00e3o empreendedora entre os jovens de Lajeado, a Acil firmou parceria com a Junior Achievement (JA) do Rio Grande do Sul para trazer \u00e0 cidade o projeto Miniempresa. No programa, estudantes do 2\u00ba ano do Ensino M\u00e9dio de escolas p\u00fablicas e privadas t\u00eam a oportunidade de criar e gerenciar suas pr\u00f3prias empresas [&hellip;]\" \/>\n<meta property=\"og:url\" content=\"https:\/\/folhapopular.info\/index.php\/2025\/02\/06\/projeto-miniempresa-com-vagas-abertas-em-lajeado\/\" \/>\n<meta property=\"og:site_name\" content=\"Folha Popular\" \/>\n<meta property=\"article:published_time\" content=\"2025-02-06T13:24:07+00:00\" \/>\n<meta property=\"article:modified_time\" content=\"2025-02-06T13:24:10+00:00\" \/>\n<meta property=\"og:image\" content=\"http:\/\/folhapopular.info\/wp-content\/uploads\/2025\/02\/448086_1140794_miniempresa_05.png\" \/>\n\t<meta property=\"og:image:width\" content=\"1081\" \/>\n\t<meta property=\"og:image:height\" content=\"1344\" \/>\n\t<meta property=\"og:image:type\" content=\"image\/png\" \/>\n<meta name=\"author\" content=\"Reda\u00e7\u00e3o Folha Popular\" \/>\n<meta name=\"twitter:card\" content=\"summary_large_image\" \/>\n<meta name=\"twitter:label1\" content=\"Escrito por\" \/>\n\t<meta name=\"twitter:data1\" content=\"Reda\u00e7\u00e3o Folha Popular\" \/>\n\t<meta name=\"twitter:label2\" content=\"Est. tempo de leitura\" \/>\n\t<meta name=\"twitter:data2\" content=\"2 minutos\" \/>\n<script type=\"application\/ld+json\" class=\"yoast-schema-graph\">{\"@context\":\"https:\\\/\\\/schema.org\",\"@graph\":[{\"@type\":\"Article\",\"@id\":\"https:\\\/\\\/folhapopular.info\\\/index.php\\\/2025\\\/02\\\/06\\\/projeto-miniempresa-com-vagas-abertas-em-lajeado\\\/#article\",\"isPartOf\":{\"@id\":\"https:\\\/\\\/folhapopular.info\\\/index.php\\\/2025\\\/02\\\/06\\\/projeto-miniempresa-com-vagas-abertas-em-lajeado\\\/\"},\"author\":{\"name\":\"Reda\u00e7\u00e3o Folha Popular\",\"@id\":\"https:\\\/\\\/folhapopular.info\\\/#\\\/schema\\\/person\\\/2814e8a0df7643585a9ca38bc6eb9d4b\"},\"headline\":\"Projeto Miniempresa com vagas abertas em Lajeado\",\"datePublished\":\"2025-02-06T13:24:07+00:00\",\"dateModified\":\"2025-02-06T13:24:10+00:00\",\"mainEntityOfPage\":{\"@id\":\"https:\\\/\\\/folhapopular.info\\\/index.php\\\/2025\\\/02\\\/06\\\/projeto-miniempresa-com-vagas-abertas-em-lajeado\\\/\"},\"wordCount\":252,\"commentCount\":0,\"image\":{\"@id\":\"https:\\\/\\\/folhapopular.info\\\/index.php\\\/2025\\\/02\\\/06\\\/projeto-miniempresa-com-vagas-abertas-em-lajeado\\\/#primaryimage\"},\"thumbnailUrl\":\"https:\\\/\\\/folhapopular.info\\\/wp-content\\\/uploads\\\/2025\\\/02\\\/448086_1140794_miniempresa_05.png\",\"keywords\":[\"Lajeado\",\"Neg\u00f3cios\",\"Projeto Miniempresa\",\"Vagas\"],\"articleSection\":[\"Economia\"],\"inLanguage\":\"pt-BR\",\"potentialAction\":[{\"@type\":\"CommentAction\",\"name\":\"Comment\",\"target\":[\"https:\\\/\\\/folhapopular.info\\\/index.php\\\/2025\\\/02\\\/06\\\/projeto-miniempresa-com-vagas-abertas-em-lajeado\\\/#respond\"]}]},{\"@type\":\"WebPage\",\"@id\":\"https:\\\/\\\/folhapopular.info\\\/index.php\\\/2025\\\/02\\\/06\\\/projeto-miniempresa-com-vagas-abertas-em-lajeado\\\/\",\"url\":\"https:\\\/\\\/folhapopular.info\\\/index.php\\\/2025\\\/02\\\/06\\\/projeto-miniempresa-com-vagas-abertas-em-lajeado\\\/\",\"name\":\"Projeto Miniempresa com vagas abertas em Lajeado - Folha Popular\",\"isPartOf\":{\"@id\":\"https:\\\/\\\/folhapopular.info\\\/#website\"},\"primaryImageOfPage\":{\"@id\":\"https:\\\/\\\/folhapopular.info\\\/index.php\\\/2025\\\/02\\\/06\\\/projeto-miniempresa-com-vagas-abertas-em-lajeado\\\/#primaryimage\"},\"image\":{\"@id\":\"https:\\\/\\\/folhapopular.info\\\/index.php\\\/2025\\\/02\\\/06\\\/projeto-miniempresa-com-vagas-abertas-em-lajeado\\\/#primaryimage\"},\"thumbnailUrl\":\"https:\\\/\\\/folhapopular.info\\\/wp-content\\\/uploads\\\/2025\\\/02\\\/448086_1140794_miniempresa_05.png\",\"datePublished\":\"2025-02-06T13:24:07+00:00\",\"dateModified\":\"2025-02-06T13:24:10+00:00\",\"author\":{\"@id\":\"https:\\\/\\\/folhapopular.info\\\/#\\\/schema\\\/person\\\/2814e8a0df7643585a9ca38bc6eb9d4b\"},\"breadcrumb\":{\"@id\":\"https:\\\/\\\/folhapopular.info\\\/index.php\\\/2025\\\/02\\\/06\\\/projeto-miniempresa-com-vagas-abertas-em-lajeado\\\/#breadcrumb\"},\"inLanguage\":\"pt-BR\",\"potentialAction\":[{\"@type\":\"ReadAction\",\"target\":[\"https:\\\/\\\/folhapopular.info\\\/index.php\\\/2025\\\/02\\\/06\\\/projeto-miniempresa-com-vagas-abertas-em-lajeado\\\/\"]}]},{\"@type\":\"ImageObject\",\"inLanguage\":\"pt-BR\",\"@id\":\"https:\\\/\\\/folhapopular.info\\\/index.php\\\/2025\\\/02\\\/06\\\/projeto-miniempresa-com-vagas-abertas-em-lajeado\\\/#primaryimage\",\"url\":\"https:\\\/\\\/folhapopular.info\\\/wp-content\\\/uploads\\\/2025\\\/02\\\/448086_1140794_miniempresa_05.png\",\"contentUrl\":\"https:\\\/\\\/folhapopular.info\\\/wp-content\\\/uploads\\\/2025\\\/02\\\/448086_1140794_miniempresa_05.png\",\"width\":1081,\"height\":1344,\"caption\":\"Cr\u00e9dito: Divulga\u00e7\u00e3o\"},{\"@type\":\"BreadcrumbList\",\"@id\":\"https:\\\/\\\/folhapopular.info\\\/index.php\\\/2025\\\/02\\\/06\\\/projeto-miniempresa-com-vagas-abertas-em-lajeado\\\/#breadcrumb\",\"itemListElement\":[{\"@type\":\"ListItem\",\"position\":1,\"name\":\"In\u00edcio\",\"item\":\"https:\\\/\\\/folhapopular.info\\\/\"},{\"@type\":\"ListItem\",\"position\":2,\"name\":\"Projeto Miniempresa com vagas abertas em Lajeado\"}]},{\"@type\":\"WebSite\",\"@id\":\"https:\\\/\\\/folhapopular.info\\\/#website\",\"url\":\"https:\\\/\\\/folhapopular.info\\\/\",\"name\":\"Folha Popular\",\"description\":\"Onde voc\u00ea tem vez e voz\",\"potentialAction\":[{\"@type\":\"SearchAction\",\"target\":{\"@type\":\"EntryPoint\",\"urlTemplate\":\"https:\\\/\\\/folhapopular.info\\\/?s={search_term_string}\"},\"query-input\":{\"@type\":\"PropertyValueSpecification\",\"valueRequired\":true,\"valueName\":\"search_term_string\"}}],\"inLanguage\":\"pt-BR\"},{\"@type\":\"Person\",\"@id\":\"https:\\\/\\\/folhapopular.info\\\/#\\\/schema\\\/person\\\/2814e8a0df7643585a9ca38bc6eb9d4b\",\"name\":\"Reda\u00e7\u00e3o Folha Popular\",\"image\":{\"@type\":\"ImageObject\",\"inLanguage\":\"pt-BR\",\"@id\":\"https:\\\/\\\/folhapopular.info\\\/wp-content\\\/uploads\\\/2026\\\/04\\\/Folha-1.webp\",\"url\":\"https:\\\/\\\/folhapopular.info\\\/wp-content\\\/uploads\\\/2026\\\/04\\\/Folha-1.webp\",\"contentUrl\":\"https:\\\/\\\/folhapopular.info\\\/wp-content\\\/uploads\\\/2026\\\/04\\\/Folha-1.webp\",\"caption\":\"Reda\u00e7\u00e3o Folha Popular\"},\"url\":\"https:\\\/\\\/folhapopular.info\\\/index.php\\\/author\\\/redacao\\\/\"}]}<\/script>\n<!-- \/ Yoast SEO plugin. -->","yoast_head_json":{"title":"Projeto Miniempresa com vagas abertas em Lajeado - Folha Popular","robots":{"index":"index","follow":"follow","max-snippet":"max-snippet:-1","max-image-preview":"max-image-preview:large","max-video-preview":"max-video-preview:-1"},"canonical":"https:\/\/folhapopular.info\/index.php\/2025\/02\/06\/projeto-miniempresa-com-vagas-abertas-em-lajeado\/","og_locale":"pt_BR","og_type":"article","og_title":"Projeto Miniempresa com vagas abertas em Lajeado - Folha Popular","og_description":"Para fortalecer a educa\u00e7\u00e3o empreendedora entre os jovens de Lajeado, a Acil firmou parceria com a Junior Achievement (JA) do Rio Grande do Sul para trazer \u00e0 cidade o projeto Miniempresa. No programa, estudantes do 2\u00ba ano do Ensino M\u00e9dio de escolas p\u00fablicas e privadas t\u00eam a oportunidade de criar e gerenciar suas pr\u00f3prias empresas [&hellip;]","og_url":"https:\/\/folhapopular.info\/index.php\/2025\/02\/06\/projeto-miniempresa-com-vagas-abertas-em-lajeado\/","og_site_name":"Folha Popular","article_published_time":"2025-02-06T13:24:07+00:00","article_modified_time":"2025-02-06T13:24:10+00:00","og_image":[{"width":1081,"height":1344,"url":"http:\/\/folhapopular.info\/wp-content\/uploads\/2025\/02\/448086_1140794_miniempresa_05.png","type":"image\/png"}],"author":"Reda\u00e7\u00e3o Folha Popular","twitter_card":"summary_large_image","twitter_misc":{"Escrito por":"Reda\u00e7\u00e3o Folha Popular","Est. tempo de leitura":"2 minutos"},"schema":{"@context":"https:\/\/schema.org","@graph":[{"@type":"Article","@id":"https:\/\/folhapopular.info\/index.php\/2025\/02\/06\/projeto-miniempresa-com-vagas-abertas-em-lajeado\/#article","isPartOf":{"@id":"https:\/\/folhapopular.info\/index.php\/2025\/02\/06\/projeto-miniempresa-com-vagas-abertas-em-lajeado\/"},"author":{"name":"Reda\u00e7\u00e3o Folha Popular","@id":"https:\/\/folhapopular.info\/#\/schema\/person\/2814e8a0df7643585a9ca38bc6eb9d4b"},"headline":"Projeto Miniempresa com vagas abertas em Lajeado","datePublished":"2025-02-06T13:24:07+00:00","dateModified":"2025-02-06T13:24:10+00:00","mainEntityOfPage":{"@id":"https:\/\/folhapopular.info\/index.php\/2025\/02\/06\/projeto-miniempresa-com-vagas-abertas-em-lajeado\/"},"wordCount":252,"commentCount":0,"image":{"@id":"https:\/\/folhapopular.info\/index.php\/2025\/02\/06\/projeto-miniempresa-com-vagas-abertas-em-lajeado\/#primaryimage"},"thumbnailUrl":"https:\/\/folhapopular.info\/wp-content\/uploads\/2025\/02\/448086_1140794_miniempresa_05.png","keywords":["Lajeado","Neg\u00f3cios","Projeto Miniempresa","Vagas"],"articleSection":["Economia"],"inLanguage":"pt-BR","potentialAction":[{"@type":"CommentAction","name":"Comment","target":["https:\/\/folhapopular.info\/index.php\/2025\/02\/06\/projeto-miniempresa-com-vagas-abertas-em-lajeado\/#respond"]}]},{"@type":"WebPage","@id":"https:\/\/folhapopular.info\/index.php\/2025\/02\/06\/projeto-miniempresa-com-vagas-abertas-em-lajeado\/","url":"https:\/\/folhapopular.info\/index.php\/2025\/02\/06\/projeto-miniempresa-com-vagas-abertas-em-lajeado\/","name":"Projeto Miniempresa com vagas abertas em Lajeado - Folha Popular","isPartOf":{"@id":"https:\/\/folhapopular.info\/#website"},"primaryImageOfPage":{"@id":"https:\/\/folhapopular.info\/index.php\/2025\/02\/06\/projeto-miniempresa-com-vagas-abertas-em-lajeado\/#primaryimage"},"image":{"@id":"https:\/\/folhapopular.info\/index.php\/2025\/02\/06\/projeto-miniempresa-com-vagas-abertas-em-lajeado\/#primaryimage"},"thumbnailUrl":"https:\/\/folhapopular.info\/wp-content\/uploads\/2025\/02\/448086_1140794_miniempresa_05.png","datePublished":"2025-02-06T13:24:07+00:00","dateModified":"2025-02-06T13:24:10+00:00","author":{"@id":"https:\/\/folhapopular.info\/#\/schema\/person\/2814e8a0df7643585a9ca38bc6eb9d4b"},"breadcrumb":{"@id":"https:\/\/folhapopular.info\/index.php\/2025\/02\/06\/projeto-miniempresa-com-vagas-abertas-em-lajeado\/#breadcrumb"},"inLanguage":"pt-BR","potentialAction":[{"@type":"ReadAction","target":["https:\/\/folhapopular.info\/index.php\/2025\/02\/06\/projeto-miniempresa-com-vagas-abertas-em-lajeado\/"]}]},{"@type":"ImageObject","inLanguage":"pt-BR","@id":"https:\/\/folhapopular.info\/index.php\/2025\/02\/06\/projeto-miniempresa-com-vagas-abertas-em-lajeado\/#primaryimage","url":"https:\/\/folhapopular.info\/wp-content\/uploads\/2025\/02\/448086_1140794_miniempresa_05.png","contentUrl":"https:\/\/folhapopular.info\/wp-content\/uploads\/2025\/02\/448086_1140794_miniempresa_05.png","width":1081,"height":1344,"caption":"Cr\u00e9dito: Divulga\u00e7\u00e3o"},{"@type":"BreadcrumbList","@id":"https:\/\/folhapopular.info\/index.php\/2025\/02\/06\/projeto-miniempresa-com-vagas-abertas-em-lajeado\/#breadcrumb","itemListElement":[{"@type":"ListItem","position":1,"name":"In\u00edcio","item":"https:\/\/folhapopular.info\/"},{"@type":"ListItem","position":2,"name":"Projeto Miniempresa com vagas abertas em Lajeado"}]},{"@type":"WebSite","@id":"https:\/\/folhapopular.info\/#website","url":"https:\/\/folhapopular.info\/","name":"Folha Popular","description":"Onde voc\u00ea tem vez e voz","potentialAction":[{"@type":"SearchAction","target":{"@type":"EntryPoint","urlTemplate":"https:\/\/folhapopular.info\/?s={search_term_string}"},"query-input":{"@type":"PropertyValueSpecification","valueRequired":true,"valueName":"search_term_string"}}],"inLanguage":"pt-BR"},{"@type":"Person","@id":"https:\/\/folhapopular.info\/#\/schema\/person\/2814e8a0df7643585a9ca38bc6eb9d4b","name":"Reda\u00e7\u00e3o Folha Popular","image":{"@type":"ImageObject","inLanguage":"pt-BR","@id":"https:\/\/folhapopular.info\/wp-content\/uploads\/2026\/04\/Folha-1.webp","url":"https:\/\/folhapopular.info\/wp-content\/uploads\/2026\/04\/Folha-1.webp","contentUrl":"https:\/\/folhapopular.info\/wp-content\/uploads\/2026\/04\/Folha-1.webp","caption":"Reda\u00e7\u00e3o Folha Popular"},"url":"https:\/\/folhapopular.info\/index.php\/author\/redacao\/"}]}},"jetpack_featured_media_url":"https:\/\/folhapopular.info\/wp-content\/uploads\/2025\/02\/448086_1140794_miniempresa_05.png","jetpack_sharing_enabled":true,"amp_enabled":true,"_links":{"self":[{"href":"https:\/\/folhapopular.info\/index.php\/wp-json\/wp\/v2\/posts\/180063","targetHints":{"allow":["GET"]}}],"collection":[{"href":"https:\/\/folhapopular.info\/index.php\/wp-json\/wp\/v2\/posts"}],"about":[{"href":"https:\/\/folhapopular.info\/index.php\/wp-json\/wp\/v2\/types\/post"}],"author":[{"embeddable":true,"href":"https:\/\/folhapopular.info\/index.php\/wp-json\/wp\/v2\/users\/8"}],"replies":[{"embeddable":true,"href":"https:\/\/folhapopular.info\/index.php\/wp-json\/wp\/v2\/comments?post=180063"}],"version-history":[{"count":0,"href":"https:\/\/folhapopular.info\/index.php\/wp-json\/wp\/v2\/posts\/180063\/revisions"}],"wp:featuredmedia":[{"embeddable":true,"href":"https:\/\/folhapopular.info\/index.php\/wp-json\/wp\/v2\/media\/180076"}],"wp:attachment":[{"href":"https:\/\/folhapopular.info\/index.php\/wp-json\/wp\/v2\/media?parent=180063"}],"wp:term":[{"taxonomy":"category","embeddable":true,"href":"https:\/\/folhapopular.info\/index.php\/wp-json\/wp\/v2\/categories?post=180063"},{"taxonomy":"post_tag","embeddable":true,"href":"https:\/\/folhapopular.info\/index.php\/wp-json\/wp\/v2\/tags?post=180063"}],"curies":[{"name":"wp","href":"https:\/\/api.w.org\/{rel}","templated":true}]}}