{"id":180147,"date":"2025-02-07T17:18:33","date_gmt":"2025-02-07T20:18:33","guid":{"rendered":"https:\/\/folhapopular.info\/?p=180147"},"modified":"2025-02-07T17:18:37","modified_gmt":"2025-02-07T20:18:37","slug":"sesc-abre-nova-convocatoria-para-contratar-artistas-gauchos-a-apresentacoes-pelo-estado","status":"publish","type":"post","link":"https:\/\/folhapopular.info\/index.php\/2025\/02\/07\/sesc-abre-nova-convocatoria-para-contratar-artistas-gauchos-a-apresentacoes-pelo-estado\/","title":{"rendered":"Sesc abre nova convocat\u00f3ria para contratar artistas ga\u00fachos \u00e0 apresenta\u00e7\u00f5es pelo Estado"},"content":{"rendered":"\n<p>O\u00a0Sesc\/RS\u00a0abre neste s\u00e1bado, dia 08 de fevereiro, a convocat\u00f3ria de artistas residentes no Rio Grande do Sul para a edi\u00e7\u00e3o 2025 do\u00a0Nossa Arte Circula RS. O projeto foi criado no ano passado, como forma de apoiar na retomada da classe art\u00edstica ga\u00facha ap\u00f3s o epis\u00f3dio das enchentes, contratando profissionais da \u00e1rea para apresenta\u00e7\u00f5es em dezenas de cidades do Estado.<\/p>\n\n\n\n<p>Nesta nova edi\u00e7\u00e3o,\u00a060 propostas ser\u00e3o selecionadas, entre trabalhos de m\u00fasica, literatura e artes c\u00eanicas. 30 munic\u00edpios foram escolhidos para receber as atra\u00e7\u00f5es nas caravanas que ocorrer\u00e3o entre abril e dezembro deste ano. Interessados podem acessar a convocat\u00f3ria e o regulamento no site\u00a0<a href=\"https:\/\/www.sesc-rs.com.br\/cultura\/convocatoria-nossa-arte-circula-rs-2025\/\" target=\"_blank\" rel=\"noreferrer noopener\">https:\/\/www.sesc-rs.com.br\/cultura\/convocatoria-nossa-arte-circula-rs-2025\/<\/a>.\u00a0As inscri\u00e7\u00f5es v\u00e3o at\u00e9 o dia 28 de fevereiro\u00a0e o resultado da sele\u00e7\u00e3o ser\u00e1 publicado em 14 de mar\u00e7o.\u00a0<\/p>\n\n\n\n<p>&#8220;Diferentes objetivos importantes se encontram neste projeto&#8221;, aponta a gerente de Cultura do Sesc\/RS, Luciana Stello. &#8220;Ele oportuniza a gera\u00e7\u00e3o de renda para estes artistas, proporcionando que tenham seus trabalhos conhecidos pela comunidade ga\u00facha. Estimula a economia local de diversas cidades, atrav\u00e9s\u00a0da utiliza\u00e7\u00e3o de servi\u00e7os como hospedagem, alimenta\u00e7\u00e3o e transporte. Tamb\u00e9m garante o acesso democr\u00e1tico \u00e0 cultura \u00e0s comunidades, pois todas as apresenta\u00e7\u00f5es s\u00e3o gratuitas, de livre acesso ao p\u00fablico, levando arte \u00e0s ruas, escolas, teatros e diferentes espa\u00e7os culturais destes 30 munic\u00edpios.&#8221;<\/p>\n\n\n\n<p>Receber\u00e3o caravanas do Nossa Arte Circula RS em 2025 os munic\u00edpios de Carazinho, Erechim, Frederico Westphalen, Cruz Alta, Iju\u00ed, Santo \u00c2ngelo, Palmeira das Miss\u00f5es, Passo Fundo, Lajeado, S\u00e3o Sep\u00e9, Santa Maria, S\u00e3o Sebasti\u00e3o do Ca\u00ed, Santa Cruz do Sul, Ven\u00e2ncio Aires, Gua\u00edba, Montenegro, Os\u00f3rio, Porto Alegre, Vacaria, Bento Gon\u00e7alves, Farroupilha, Uruguaiana, Alegrete, Manuel Viana, Santana do Livramento, Bag\u00e9, Santa Vit\u00f3ria do Palmar, Tr\u00eas de Maio, Santa Rosa e S\u00e3o Luiz Gonzaga.<\/p>\n\n\n\n<p>Cada caravana ser\u00e1 formada por tr\u00eas munic\u00edpios e composta, entre os projetos selecionados, por duas atra\u00e7\u00f5es de artes c\u00eanicas, duas atra\u00e7\u00f5es de m\u00fasica e duas atra\u00e7\u00f5es de literatura. Assim, cada grupo ou artista selecionado realizar\u00e1 tr\u00eas apresenta\u00e7\u00f5es, ao todo.<\/p>\n\n\n\n<p>A convocat\u00f3ria contempla coletivos e grupos profissionais de teatro, dan\u00e7a, circo, m\u00fasicos, escritores, escritoras, poetas, mediadores de leitura e oficineiros. Entre os pr\u00e9-requisitos para participar est\u00e3o ser representado por Pessoa Jur\u00eddica na \u00e1rea cultural e ser residente no Rio Grande do Sul. N\u00e3o s\u00e3o aceitas propostas in\u00e9ditas, que n\u00e3o tenham estreado, e, no caso de propostas de escritores, \u00e9 necess\u00e1ria a comprova\u00e7\u00e3o de, ao menos, um livro publicado. <\/p>\n\n\n\n<p>Para os projetos musicais, ser\u00e3o aceitas propostas com entre 2 e 7 participantes. J\u00e1 nas artes c\u00eanicas, poder\u00e3o participar grupos com at\u00e9 dez pessoas em viagem nas caravanas, incluindo t\u00e9cnicos e produtores.\u00a0Cach\u00ea, custos de produ\u00e7\u00e3o e despesas com transporte e hospedagem ser\u00e3o mantidas pelo Sesc\/RS. Outras informa\u00e7\u00f5es podem ser obtidas no regulamento ou atrav\u00e9s do e-mail\u00a0<a href=\"mailto:artesescrs@sesc-rs.com.br\" target=\"_blank\" rel=\"noreferrer noopener\">artesescrs@sesc-rs.com.br<\/a>.<\/p>\n","protected":false},"excerpt":{"rendered":"<p>O\u00a0Sesc\/RS\u00a0abre neste s\u00e1bado, dia 08 de fevereiro, a convocat\u00f3ria de artistas residentes no Rio Grande do Sul para a edi\u00e7\u00e3o 2025 do\u00a0Nossa Arte Circula RS. O projeto foi criado no ano passado, como forma de apoiar na retomada da classe art\u00edstica ga\u00facha ap\u00f3s o epis\u00f3dio das enchentes, contratando profissionais da \u00e1rea para apresenta\u00e7\u00f5es em dezenas [&hellip;]<\/p>\n","protected":false},"author":8,"featured_media":180148,"comment_status":"open","ping_status":"open","sticky":false,"template":"","format":"standard","meta":{"pmpro_default_level":"","_jetpack_memberships_contains_paid_content":false,"footnotes":""},"categories":[6],"tags":[6423,17906,1794,549],"class_list":{"0":"post-180147","1":"post","2":"type-post","3":"status-publish","4":"format-standard","5":"has-post-thumbnail","7":"category-inclusive","8":"tag-artistas","9":"tag-convocatoria","10":"tag-rio-grande-do-sul","11":"tag-sesc","12":"pmpro-has-access"},"yoast_head":"<!-- This site is optimized with the Yoast SEO plugin v27.5 - https:\/\/yoast.com\/product\/yoast-seo-wordpress\/ -->\n<title>Sesc abre nova convocat\u00f3ria para contratar artistas ga\u00fachos \u00e0 apresenta\u00e7\u00f5es pelo Estado - Folha Popular<\/title>\n<meta name=\"robots\" content=\"index, follow, max-snippet:-1, max-image-preview:large, max-video-preview:-1\" \/>\n<link rel=\"canonical\" href=\"https:\/\/folhapopular.info\/index.php\/2025\/02\/07\/sesc-abre-nova-convocatoria-para-contratar-artistas-gauchos-a-apresentacoes-pelo-estado\/\" \/>\n<meta property=\"og:locale\" content=\"pt_BR\" \/>\n<meta property=\"og:type\" content=\"article\" \/>\n<meta property=\"og:title\" content=\"Sesc abre nova convocat\u00f3ria para contratar artistas ga\u00fachos \u00e0 apresenta\u00e7\u00f5es pelo Estado - Folha Popular\" \/>\n<meta property=\"og:description\" content=\"O\u00a0Sesc\/RS\u00a0abre neste s\u00e1bado, dia 08 de fevereiro, a convocat\u00f3ria de artistas residentes no Rio Grande do Sul para a edi\u00e7\u00e3o 2025 do\u00a0Nossa Arte Circula RS. O projeto foi criado no ano passado, como forma de apoiar na retomada da classe art\u00edstica ga\u00facha ap\u00f3s o epis\u00f3dio das enchentes, contratando profissionais da \u00e1rea para apresenta\u00e7\u00f5es em dezenas [&hellip;]\" \/>\n<meta property=\"og:url\" content=\"https:\/\/folhapopular.info\/index.php\/2025\/02\/07\/sesc-abre-nova-convocatoria-para-contratar-artistas-gauchos-a-apresentacoes-pelo-estado\/\" \/>\n<meta property=\"og:site_name\" content=\"Folha Popular\" \/>\n<meta property=\"article:published_time\" content=\"2025-02-07T20:18:33+00:00\" \/>\n<meta property=\"article:modified_time\" content=\"2025-02-07T20:18:37+00:00\" \/>\n<meta property=\"og:image\" content=\"http:\/\/folhapopular.info\/wp-content\/uploads\/2025\/02\/8e75085c-61f7-4a78-aca3-b9315146ab0f.jpg\" \/>\n\t<meta property=\"og:image:width\" content=\"1024\" \/>\n\t<meta property=\"og:image:height\" content=\"769\" \/>\n\t<meta property=\"og:image:type\" content=\"image\/jpeg\" \/>\n<meta name=\"author\" content=\"Reda\u00e7\u00e3o Folha Popular\" \/>\n<meta name=\"twitter:card\" content=\"summary_large_image\" \/>\n<meta name=\"twitter:label1\" content=\"Escrito por\" \/>\n\t<meta name=\"twitter:data1\" content=\"Reda\u00e7\u00e3o Folha Popular\" \/>\n\t<meta name=\"twitter:label2\" content=\"Est. tempo de leitura\" \/>\n\t<meta name=\"twitter:data2\" content=\"3 minutos\" \/>\n<script type=\"application\/ld+json\" class=\"yoast-schema-graph\">{\"@context\":\"https:\\\/\\\/schema.org\",\"@graph\":[{\"@type\":\"Article\",\"@id\":\"https:\\\/\\\/folhapopular.info\\\/index.php\\\/2025\\\/02\\\/07\\\/sesc-abre-nova-convocatoria-para-contratar-artistas-gauchos-a-apresentacoes-pelo-estado\\\/#article\",\"isPartOf\":{\"@id\":\"https:\\\/\\\/folhapopular.info\\\/index.php\\\/2025\\\/02\\\/07\\\/sesc-abre-nova-convocatoria-para-contratar-artistas-gauchos-a-apresentacoes-pelo-estado\\\/\"},\"author\":{\"name\":\"Reda\u00e7\u00e3o Folha Popular\",\"@id\":\"https:\\\/\\\/folhapopular.info\\\/#\\\/schema\\\/person\\\/2814e8a0df7643585a9ca38bc6eb9d4b\"},\"headline\":\"Sesc abre nova convocat\u00f3ria para contratar artistas ga\u00fachos \u00e0 apresenta\u00e7\u00f5es pelo Estado\",\"datePublished\":\"2025-02-07T20:18:33+00:00\",\"dateModified\":\"2025-02-07T20:18:37+00:00\",\"mainEntityOfPage\":{\"@id\":\"https:\\\/\\\/folhapopular.info\\\/index.php\\\/2025\\\/02\\\/07\\\/sesc-abre-nova-convocatoria-para-contratar-artistas-gauchos-a-apresentacoes-pelo-estado\\\/\"},\"wordCount\":535,\"commentCount\":0,\"image\":{\"@id\":\"https:\\\/\\\/folhapopular.info\\\/index.php\\\/2025\\\/02\\\/07\\\/sesc-abre-nova-convocatoria-para-contratar-artistas-gauchos-a-apresentacoes-pelo-estado\\\/#primaryimage\"},\"thumbnailUrl\":\"https:\\\/\\\/folhapopular.info\\\/wp-content\\\/uploads\\\/2025\\\/02\\\/8e75085c-61f7-4a78-aca3-b9315146ab0f.jpg\",\"keywords\":[\"artistas\",\"convocat\u00f3ria\",\"Rio Grande do Sul\",\"SESC\"],\"articleSection\":[\"Inclusive\"],\"inLanguage\":\"pt-BR\",\"potentialAction\":[{\"@type\":\"CommentAction\",\"name\":\"Comment\",\"target\":[\"https:\\\/\\\/folhapopular.info\\\/index.php\\\/2025\\\/02\\\/07\\\/sesc-abre-nova-convocatoria-para-contratar-artistas-gauchos-a-apresentacoes-pelo-estado\\\/#respond\"]}]},{\"@type\":\"WebPage\",\"@id\":\"https:\\\/\\\/folhapopular.info\\\/index.php\\\/2025\\\/02\\\/07\\\/sesc-abre-nova-convocatoria-para-contratar-artistas-gauchos-a-apresentacoes-pelo-estado\\\/\",\"url\":\"https:\\\/\\\/folhapopular.info\\\/index.php\\\/2025\\\/02\\\/07\\\/sesc-abre-nova-convocatoria-para-contratar-artistas-gauchos-a-apresentacoes-pelo-estado\\\/\",\"name\":\"Sesc abre nova convocat\u00f3ria para contratar artistas ga\u00fachos \u00e0 apresenta\u00e7\u00f5es pelo Estado - Folha Popular\",\"isPartOf\":{\"@id\":\"https:\\\/\\\/folhapopular.info\\\/#website\"},\"primaryImageOfPage\":{\"@id\":\"https:\\\/\\\/folhapopular.info\\\/index.php\\\/2025\\\/02\\\/07\\\/sesc-abre-nova-convocatoria-para-contratar-artistas-gauchos-a-apresentacoes-pelo-estado\\\/#primaryimage\"},\"image\":{\"@id\":\"https:\\\/\\\/folhapopular.info\\\/index.php\\\/2025\\\/02\\\/07\\\/sesc-abre-nova-convocatoria-para-contratar-artistas-gauchos-a-apresentacoes-pelo-estado\\\/#primaryimage\"},\"thumbnailUrl\":\"https:\\\/\\\/folhapopular.info\\\/wp-content\\\/uploads\\\/2025\\\/02\\\/8e75085c-61f7-4a78-aca3-b9315146ab0f.jpg\",\"datePublished\":\"2025-02-07T20:18:33+00:00\",\"dateModified\":\"2025-02-07T20:18:37+00:00\",\"author\":{\"@id\":\"https:\\\/\\\/folhapopular.info\\\/#\\\/schema\\\/person\\\/2814e8a0df7643585a9ca38bc6eb9d4b\"},\"breadcrumb\":{\"@id\":\"https:\\\/\\\/folhapopular.info\\\/index.php\\\/2025\\\/02\\\/07\\\/sesc-abre-nova-convocatoria-para-contratar-artistas-gauchos-a-apresentacoes-pelo-estado\\\/#breadcrumb\"},\"inLanguage\":\"pt-BR\",\"potentialAction\":[{\"@type\":\"ReadAction\",\"target\":[\"https:\\\/\\\/folhapopular.info\\\/index.php\\\/2025\\\/02\\\/07\\\/sesc-abre-nova-convocatoria-para-contratar-artistas-gauchos-a-apresentacoes-pelo-estado\\\/\"]}]},{\"@type\":\"ImageObject\",\"inLanguage\":\"pt-BR\",\"@id\":\"https:\\\/\\\/folhapopular.info\\\/index.php\\\/2025\\\/02\\\/07\\\/sesc-abre-nova-convocatoria-para-contratar-artistas-gauchos-a-apresentacoes-pelo-estado\\\/#primaryimage\",\"url\":\"https:\\\/\\\/folhapopular.info\\\/wp-content\\\/uploads\\\/2025\\\/02\\\/8e75085c-61f7-4a78-aca3-b9315146ab0f.jpg\",\"contentUrl\":\"https:\\\/\\\/folhapopular.info\\\/wp-content\\\/uploads\\\/2025\\\/02\\\/8e75085c-61f7-4a78-aca3-b9315146ab0f.jpg\",\"width\":1024,\"height\":769,\"caption\":\"Cr\u00e9dito: Divulga\u00e7\u00e3o\"},{\"@type\":\"BreadcrumbList\",\"@id\":\"https:\\\/\\\/folhapopular.info\\\/index.php\\\/2025\\\/02\\\/07\\\/sesc-abre-nova-convocatoria-para-contratar-artistas-gauchos-a-apresentacoes-pelo-estado\\\/#breadcrumb\",\"itemListElement\":[{\"@type\":\"ListItem\",\"position\":1,\"name\":\"In\u00edcio\",\"item\":\"https:\\\/\\\/folhapopular.info\\\/\"},{\"@type\":\"ListItem\",\"position\":2,\"name\":\"Sesc abre nova convocat\u00f3ria para contratar artistas ga\u00fachos \u00e0 apresenta\u00e7\u00f5es pelo Estado\"}]},{\"@type\":\"WebSite\",\"@id\":\"https:\\\/\\\/folhapopular.info\\\/#website\",\"url\":\"https:\\\/\\\/folhapopular.info\\\/\",\"name\":\"Folha Popular\",\"description\":\"Onde voc\u00ea tem vez e voz\",\"potentialAction\":[{\"@type\":\"SearchAction\",\"target\":{\"@type\":\"EntryPoint\",\"urlTemplate\":\"https:\\\/\\\/folhapopular.info\\\/?s={search_term_string}\"},\"query-input\":{\"@type\":\"PropertyValueSpecification\",\"valueRequired\":true,\"valueName\":\"search_term_string\"}}],\"inLanguage\":\"pt-BR\"},{\"@type\":\"Person\",\"@id\":\"https:\\\/\\\/folhapopular.info\\\/#\\\/schema\\\/person\\\/2814e8a0df7643585a9ca38bc6eb9d4b\",\"name\":\"Reda\u00e7\u00e3o Folha Popular\",\"image\":{\"@type\":\"ImageObject\",\"inLanguage\":\"pt-BR\",\"@id\":\"https:\\\/\\\/folhapopular.info\\\/wp-content\\\/uploads\\\/2026\\\/04\\\/Folha-1.webp\",\"url\":\"https:\\\/\\\/folhapopular.info\\\/wp-content\\\/uploads\\\/2026\\\/04\\\/Folha-1.webp\",\"contentUrl\":\"https:\\\/\\\/folhapopular.info\\\/wp-content\\\/uploads\\\/2026\\\/04\\\/Folha-1.webp\",\"caption\":\"Reda\u00e7\u00e3o Folha Popular\"},\"url\":\"https:\\\/\\\/folhapopular.info\\\/index.php\\\/author\\\/redacao\\\/\"}]}<\/script>\n<!-- \/ Yoast SEO plugin. -->","yoast_head_json":{"title":"Sesc abre nova convocat\u00f3ria para contratar artistas ga\u00fachos \u00e0 apresenta\u00e7\u00f5es pelo Estado - Folha Popular","robots":{"index":"index","follow":"follow","max-snippet":"max-snippet:-1","max-image-preview":"max-image-preview:large","max-video-preview":"max-video-preview:-1"},"canonical":"https:\/\/folhapopular.info\/index.php\/2025\/02\/07\/sesc-abre-nova-convocatoria-para-contratar-artistas-gauchos-a-apresentacoes-pelo-estado\/","og_locale":"pt_BR","og_type":"article","og_title":"Sesc abre nova convocat\u00f3ria para contratar artistas ga\u00fachos \u00e0 apresenta\u00e7\u00f5es pelo Estado - Folha Popular","og_description":"O\u00a0Sesc\/RS\u00a0abre neste s\u00e1bado, dia 08 de fevereiro, a convocat\u00f3ria de artistas residentes no Rio Grande do Sul para a edi\u00e7\u00e3o 2025 do\u00a0Nossa Arte Circula RS. O projeto foi criado no ano passado, como forma de apoiar na retomada da classe art\u00edstica ga\u00facha ap\u00f3s o epis\u00f3dio das enchentes, contratando profissionais da \u00e1rea para apresenta\u00e7\u00f5es em dezenas [&hellip;]","og_url":"https:\/\/folhapopular.info\/index.php\/2025\/02\/07\/sesc-abre-nova-convocatoria-para-contratar-artistas-gauchos-a-apresentacoes-pelo-estado\/","og_site_name":"Folha Popular","article_published_time":"2025-02-07T20:18:33+00:00","article_modified_time":"2025-02-07T20:18:37+00:00","og_image":[{"width":1024,"height":769,"url":"http:\/\/folhapopular.info\/wp-content\/uploads\/2025\/02\/8e75085c-61f7-4a78-aca3-b9315146ab0f.jpg","type":"image\/jpeg"}],"author":"Reda\u00e7\u00e3o Folha Popular","twitter_card":"summary_large_image","twitter_misc":{"Escrito por":"Reda\u00e7\u00e3o Folha Popular","Est. tempo de leitura":"3 minutos"},"schema":{"@context":"https:\/\/schema.org","@graph":[{"@type":"Article","@id":"https:\/\/folhapopular.info\/index.php\/2025\/02\/07\/sesc-abre-nova-convocatoria-para-contratar-artistas-gauchos-a-apresentacoes-pelo-estado\/#article","isPartOf":{"@id":"https:\/\/folhapopular.info\/index.php\/2025\/02\/07\/sesc-abre-nova-convocatoria-para-contratar-artistas-gauchos-a-apresentacoes-pelo-estado\/"},"author":{"name":"Reda\u00e7\u00e3o Folha Popular","@id":"https:\/\/folhapopular.info\/#\/schema\/person\/2814e8a0df7643585a9ca38bc6eb9d4b"},"headline":"Sesc abre nova convocat\u00f3ria para contratar artistas ga\u00fachos \u00e0 apresenta\u00e7\u00f5es pelo Estado","datePublished":"2025-02-07T20:18:33+00:00","dateModified":"2025-02-07T20:18:37+00:00","mainEntityOfPage":{"@id":"https:\/\/folhapopular.info\/index.php\/2025\/02\/07\/sesc-abre-nova-convocatoria-para-contratar-artistas-gauchos-a-apresentacoes-pelo-estado\/"},"wordCount":535,"commentCount":0,"image":{"@id":"https:\/\/folhapopular.info\/index.php\/2025\/02\/07\/sesc-abre-nova-convocatoria-para-contratar-artistas-gauchos-a-apresentacoes-pelo-estado\/#primaryimage"},"thumbnailUrl":"https:\/\/folhapopular.info\/wp-content\/uploads\/2025\/02\/8e75085c-61f7-4a78-aca3-b9315146ab0f.jpg","keywords":["artistas","convocat\u00f3ria","Rio Grande do Sul","SESC"],"articleSection":["Inclusive"],"inLanguage":"pt-BR","potentialAction":[{"@type":"CommentAction","name":"Comment","target":["https:\/\/folhapopular.info\/index.php\/2025\/02\/07\/sesc-abre-nova-convocatoria-para-contratar-artistas-gauchos-a-apresentacoes-pelo-estado\/#respond"]}]},{"@type":"WebPage","@id":"https:\/\/folhapopular.info\/index.php\/2025\/02\/07\/sesc-abre-nova-convocatoria-para-contratar-artistas-gauchos-a-apresentacoes-pelo-estado\/","url":"https:\/\/folhapopular.info\/index.php\/2025\/02\/07\/sesc-abre-nova-convocatoria-para-contratar-artistas-gauchos-a-apresentacoes-pelo-estado\/","name":"Sesc abre nova convocat\u00f3ria para contratar artistas ga\u00fachos \u00e0 apresenta\u00e7\u00f5es pelo Estado - Folha Popular","isPartOf":{"@id":"https:\/\/folhapopular.info\/#website"},"primaryImageOfPage":{"@id":"https:\/\/folhapopular.info\/index.php\/2025\/02\/07\/sesc-abre-nova-convocatoria-para-contratar-artistas-gauchos-a-apresentacoes-pelo-estado\/#primaryimage"},"image":{"@id":"https:\/\/folhapopular.info\/index.php\/2025\/02\/07\/sesc-abre-nova-convocatoria-para-contratar-artistas-gauchos-a-apresentacoes-pelo-estado\/#primaryimage"},"thumbnailUrl":"https:\/\/folhapopular.info\/wp-content\/uploads\/2025\/02\/8e75085c-61f7-4a78-aca3-b9315146ab0f.jpg","datePublished":"2025-02-07T20:18:33+00:00","dateModified":"2025-02-07T20:18:37+00:00","author":{"@id":"https:\/\/folhapopular.info\/#\/schema\/person\/2814e8a0df7643585a9ca38bc6eb9d4b"},"breadcrumb":{"@id":"https:\/\/folhapopular.info\/index.php\/2025\/02\/07\/sesc-abre-nova-convocatoria-para-contratar-artistas-gauchos-a-apresentacoes-pelo-estado\/#breadcrumb"},"inLanguage":"pt-BR","potentialAction":[{"@type":"ReadAction","target":["https:\/\/folhapopular.info\/index.php\/2025\/02\/07\/sesc-abre-nova-convocatoria-para-contratar-artistas-gauchos-a-apresentacoes-pelo-estado\/"]}]},{"@type":"ImageObject","inLanguage":"pt-BR","@id":"https:\/\/folhapopular.info\/index.php\/2025\/02\/07\/sesc-abre-nova-convocatoria-para-contratar-artistas-gauchos-a-apresentacoes-pelo-estado\/#primaryimage","url":"https:\/\/folhapopular.info\/wp-content\/uploads\/2025\/02\/8e75085c-61f7-4a78-aca3-b9315146ab0f.jpg","contentUrl":"https:\/\/folhapopular.info\/wp-content\/uploads\/2025\/02\/8e75085c-61f7-4a78-aca3-b9315146ab0f.jpg","width":1024,"height":769,"caption":"Cr\u00e9dito: Divulga\u00e7\u00e3o"},{"@type":"BreadcrumbList","@id":"https:\/\/folhapopular.info\/index.php\/2025\/02\/07\/sesc-abre-nova-convocatoria-para-contratar-artistas-gauchos-a-apresentacoes-pelo-estado\/#breadcrumb","itemListElement":[{"@type":"ListItem","position":1,"name":"In\u00edcio","item":"https:\/\/folhapopular.info\/"},{"@type":"ListItem","position":2,"name":"Sesc abre nova convocat\u00f3ria para contratar artistas ga\u00fachos \u00e0 apresenta\u00e7\u00f5es pelo Estado"}]},{"@type":"WebSite","@id":"https:\/\/folhapopular.info\/#website","url":"https:\/\/folhapopular.info\/","name":"Folha Popular","description":"Onde voc\u00ea tem vez e voz","potentialAction":[{"@type":"SearchAction","target":{"@type":"EntryPoint","urlTemplate":"https:\/\/folhapopular.info\/?s={search_term_string}"},"query-input":{"@type":"PropertyValueSpecification","valueRequired":true,"valueName":"search_term_string"}}],"inLanguage":"pt-BR"},{"@type":"Person","@id":"https:\/\/folhapopular.info\/#\/schema\/person\/2814e8a0df7643585a9ca38bc6eb9d4b","name":"Reda\u00e7\u00e3o Folha Popular","image":{"@type":"ImageObject","inLanguage":"pt-BR","@id":"https:\/\/folhapopular.info\/wp-content\/uploads\/2026\/04\/Folha-1.webp","url":"https:\/\/folhapopular.info\/wp-content\/uploads\/2026\/04\/Folha-1.webp","contentUrl":"https:\/\/folhapopular.info\/wp-content\/uploads\/2026\/04\/Folha-1.webp","caption":"Reda\u00e7\u00e3o Folha Popular"},"url":"https:\/\/folhapopular.info\/index.php\/author\/redacao\/"}]}},"jetpack_featured_media_url":"https:\/\/folhapopular.info\/wp-content\/uploads\/2025\/02\/8e75085c-61f7-4a78-aca3-b9315146ab0f.jpg","jetpack_sharing_enabled":true,"amp_enabled":true,"_links":{"self":[{"href":"https:\/\/folhapopular.info\/index.php\/wp-json\/wp\/v2\/posts\/180147","targetHints":{"allow":["GET"]}}],"collection":[{"href":"https:\/\/folhapopular.info\/index.php\/wp-json\/wp\/v2\/posts"}],"about":[{"href":"https:\/\/folhapopular.info\/index.php\/wp-json\/wp\/v2\/types\/post"}],"author":[{"embeddable":true,"href":"https:\/\/folhapopular.info\/index.php\/wp-json\/wp\/v2\/users\/8"}],"replies":[{"embeddable":true,"href":"https:\/\/folhapopular.info\/index.php\/wp-json\/wp\/v2\/comments?post=180147"}],"version-history":[{"count":0,"href":"https:\/\/folhapopular.info\/index.php\/wp-json\/wp\/v2\/posts\/180147\/revisions"}],"wp:featuredmedia":[{"embeddable":true,"href":"https:\/\/folhapopular.info\/index.php\/wp-json\/wp\/v2\/media\/180148"}],"wp:attachment":[{"href":"https:\/\/folhapopular.info\/index.php\/wp-json\/wp\/v2\/media?parent=180147"}],"wp:term":[{"taxonomy":"category","embeddable":true,"href":"https:\/\/folhapopular.info\/index.php\/wp-json\/wp\/v2\/categories?post=180147"},{"taxonomy":"post_tag","embeddable":true,"href":"https:\/\/folhapopular.info\/index.php\/wp-json\/wp\/v2\/tags?post=180147"}],"curies":[{"name":"wp","href":"https:\/\/api.w.org\/{rel}","templated":true}]}}