{"id":180362,"date":"2025-02-10T22:30:53","date_gmt":"2025-02-11T01:30:53","guid":{"rendered":"https:\/\/folhapopular.info\/?p=180362"},"modified":"2025-02-11T06:16:14","modified_gmt":"2025-02-11T09:16:14","slug":"rede-estadual-nao-retoma-aulas-nesta-terca","status":"publish","type":"post","link":"https:\/\/folhapopular.info\/index.php\/2025\/02\/10\/rede-estadual-nao-retoma-aulas-nesta-terca\/","title":{"rendered":"Rede Estadual n\u00e3o retoma aulas nesta ter\u00e7a-feira"},"content":{"rendered":"\n<p>O Governo do Estado do Rio Grande do Sul segue aguardando decis\u00e3o judicial sobre a data de in\u00edcio do ano letivo nas escolas da rede estadual. A Secretaria de Educa\u00e7\u00e3o (Seduc) do RS informou \u00e0s coordenadorias regionais que n\u00e3o haver\u00e1 aula nesta ter\u00e7a-feira (11\/2).<\/p>\n\n\n\n<p>A Escola Estadual Gomes Freire de Andrade, do Bairro Languiru, informou a comunidade escolar que no fim desta ter\u00e7a-feira estar\u00e1 repassando novas orienta\u00e7\u00f5es para os pr\u00f3ximos dias, seguindo orienta\u00e7\u00f5es da mantenedora.<\/p>\n\n\n\n<p><\/p>\n\n\n\n<p><strong>Motivos do adiamento da volta \u00e0s aulas<\/strong><\/p>\n\n\n\n<p>No domingo (9\/2), o Tribunal de Justi\u00e7a do Estado atendeu ao pedido do Centro dos Professores do Estado (CPERS) para adiar o in\u00edcio das aulas da rede, que seria hoje, segunda-feira (10\/2). O pedido dos professores ocorreu devido \u00e0 previs\u00e3o de calor extremo nesta semana e a falta de estrutura adequada para suportar as altas temperaturas em algumas escolas.<\/p>\n\n\n\n<p>O pedido de adiamento foi realizado pelo Sindicato ao Estado na quinta-feira (6\/2), quando a Seduc decidiu manter a data prevista. Na sexta-feira, o pedido foi para a Justi\u00e7a e negado no s\u00e1bado. O Sindicato entrou com recurso, que foi aprovado no domingo.<\/p>\n\n\n\n<p><\/p>\n","protected":false},"excerpt":{"rendered":"<p>O Governo do Estado do Rio Grande do Sul segue aguardando decis\u00e3o judicial sobre a data de in\u00edcio do ano letivo nas escolas da rede estadual. A Secretaria de Educa\u00e7\u00e3o (Seduc) do RS informou \u00e0s coordenadorias regionais que n\u00e3o haver\u00e1 aula nesta ter\u00e7a-feira (11\/2). A Escola Estadual Gomes Freire de Andrade, do Bairro Languiru, informou [&hellip;]<\/p>\n","protected":false},"author":757,"featured_media":180365,"comment_status":"open","ping_status":"open","sticky":false,"template":"","format":"standard","meta":{"pmpro_default_level":"","_jetpack_memberships_contains_paid_content":false,"footnotes":""},"categories":[2,10988,3],"tags":[13592,1714,17947,156,2236],"class_list":{"0":"post-180362","1":"post","2":"type-post","3":"status-publish","4":"format-standard","5":"has-post-thumbnail","7":"category-featured","8":"category-educacao","9":"category-geral","10":"tag-rede-estadual","11":"tag-rs","12":"tag-sem-aulas","13":"tag-vale-do-taquari","14":"tag-volta-as-aulas","15":"pmpro-has-access"},"yoast_head":"<!-- This site is optimized with the Yoast SEO plugin v27.5 - https:\/\/yoast.com\/product\/yoast-seo-wordpress\/ -->\n<title>Rede Estadual n\u00e3o retoma aulas nesta ter\u00e7a-feira - Folha Popular<\/title>\n<meta name=\"robots\" content=\"index, follow, max-snippet:-1, max-image-preview:large, max-video-preview:-1\" \/>\n<link rel=\"canonical\" href=\"https:\/\/folhapopular.info\/index.php\/2025\/02\/10\/rede-estadual-nao-retoma-aulas-nesta-terca\/\" \/>\n<meta property=\"og:locale\" content=\"pt_BR\" \/>\n<meta property=\"og:type\" content=\"article\" \/>\n<meta property=\"og:title\" content=\"Rede Estadual n\u00e3o retoma aulas nesta ter\u00e7a-feira - Folha Popular\" \/>\n<meta property=\"og:description\" content=\"O Governo do Estado do Rio Grande do Sul segue aguardando decis\u00e3o judicial sobre a data de in\u00edcio do ano letivo nas escolas da rede estadual. A Secretaria de Educa\u00e7\u00e3o (Seduc) do RS informou \u00e0s coordenadorias regionais que n\u00e3o haver\u00e1 aula nesta ter\u00e7a-feira (11\/2). A Escola Estadual Gomes Freire de Andrade, do Bairro Languiru, informou [&hellip;]\" \/>\n<meta property=\"og:url\" content=\"https:\/\/folhapopular.info\/index.php\/2025\/02\/10\/rede-estadual-nao-retoma-aulas-nesta-terca\/\" \/>\n<meta property=\"og:site_name\" content=\"Folha Popular\" \/>\n<meta property=\"article:published_time\" content=\"2025-02-11T01:30:53+00:00\" \/>\n<meta property=\"article:modified_time\" content=\"2025-02-11T09:16:14+00:00\" \/>\n<meta property=\"og:image\" content=\"http:\/\/folhapopular.info\/wp-content\/uploads\/2025\/02\/school-6900381_1280-1.jpg\" \/>\n\t<meta property=\"og:image:width\" content=\"1280\" \/>\n\t<meta property=\"og:image:height\" content=\"960\" \/>\n\t<meta property=\"og:image:type\" content=\"image\/jpeg\" \/>\n<meta name=\"author\" content=\"Paloma Valandro\" \/>\n<meta name=\"twitter:card\" content=\"summary_large_image\" \/>\n<meta name=\"twitter:label1\" content=\"Escrito por\" \/>\n\t<meta name=\"twitter:data1\" content=\"Paloma Valandro\" \/>\n\t<meta name=\"twitter:label2\" content=\"Est. tempo de leitura\" \/>\n\t<meta name=\"twitter:data2\" content=\"2 minutos\" \/>\n<script type=\"application\/ld+json\" class=\"yoast-schema-graph\">{\"@context\":\"https:\\\/\\\/schema.org\",\"@graph\":[{\"@type\":\"Article\",\"@id\":\"https:\\\/\\\/folhapopular.info\\\/index.php\\\/2025\\\/02\\\/10\\\/rede-estadual-nao-retoma-aulas-nesta-terca\\\/#article\",\"isPartOf\":{\"@id\":\"https:\\\/\\\/folhapopular.info\\\/index.php\\\/2025\\\/02\\\/10\\\/rede-estadual-nao-retoma-aulas-nesta-terca\\\/\"},\"author\":{\"name\":\"Paloma Valandro\",\"@id\":\"https:\\\/\\\/folhapopular.info\\\/#\\\/schema\\\/person\\\/1fb1a50ca75661f91da0d3839657a34d\"},\"headline\":\"Rede Estadual n\u00e3o retoma aulas nesta ter\u00e7a-feira\",\"datePublished\":\"2025-02-11T01:30:53+00:00\",\"dateModified\":\"2025-02-11T09:16:14+00:00\",\"mainEntityOfPage\":{\"@id\":\"https:\\\/\\\/folhapopular.info\\\/index.php\\\/2025\\\/02\\\/10\\\/rede-estadual-nao-retoma-aulas-nesta-terca\\\/\"},\"wordCount\":202,\"commentCount\":0,\"image\":{\"@id\":\"https:\\\/\\\/folhapopular.info\\\/index.php\\\/2025\\\/02\\\/10\\\/rede-estadual-nao-retoma-aulas-nesta-terca\\\/#primaryimage\"},\"thumbnailUrl\":\"https:\\\/\\\/folhapopular.info\\\/wp-content\\\/uploads\\\/2025\\\/02\\\/school-6900381_1280-1.jpg\",\"keywords\":[\"Rede Estadual\",\"RS\",\"Sem aulas\",\"Vale do Taquari\",\"Volta \u00e0s Aulas\"],\"articleSection\":[\"Destaques\",\"Educa\u00e7\u00e3o\",\"Geral\"],\"inLanguage\":\"pt-BR\",\"potentialAction\":[{\"@type\":\"CommentAction\",\"name\":\"Comment\",\"target\":[\"https:\\\/\\\/folhapopular.info\\\/index.php\\\/2025\\\/02\\\/10\\\/rede-estadual-nao-retoma-aulas-nesta-terca\\\/#respond\"]}]},{\"@type\":\"WebPage\",\"@id\":\"https:\\\/\\\/folhapopular.info\\\/index.php\\\/2025\\\/02\\\/10\\\/rede-estadual-nao-retoma-aulas-nesta-terca\\\/\",\"url\":\"https:\\\/\\\/folhapopular.info\\\/index.php\\\/2025\\\/02\\\/10\\\/rede-estadual-nao-retoma-aulas-nesta-terca\\\/\",\"name\":\"Rede Estadual n\u00e3o retoma aulas nesta ter\u00e7a-feira - Folha Popular\",\"isPartOf\":{\"@id\":\"https:\\\/\\\/folhapopular.info\\\/#website\"},\"primaryImageOfPage\":{\"@id\":\"https:\\\/\\\/folhapopular.info\\\/index.php\\\/2025\\\/02\\\/10\\\/rede-estadual-nao-retoma-aulas-nesta-terca\\\/#primaryimage\"},\"image\":{\"@id\":\"https:\\\/\\\/folhapopular.info\\\/index.php\\\/2025\\\/02\\\/10\\\/rede-estadual-nao-retoma-aulas-nesta-terca\\\/#primaryimage\"},\"thumbnailUrl\":\"https:\\\/\\\/folhapopular.info\\\/wp-content\\\/uploads\\\/2025\\\/02\\\/school-6900381_1280-1.jpg\",\"datePublished\":\"2025-02-11T01:30:53+00:00\",\"dateModified\":\"2025-02-11T09:16:14+00:00\",\"author\":{\"@id\":\"https:\\\/\\\/folhapopular.info\\\/#\\\/schema\\\/person\\\/1fb1a50ca75661f91da0d3839657a34d\"},\"breadcrumb\":{\"@id\":\"https:\\\/\\\/folhapopular.info\\\/index.php\\\/2025\\\/02\\\/10\\\/rede-estadual-nao-retoma-aulas-nesta-terca\\\/#breadcrumb\"},\"inLanguage\":\"pt-BR\",\"potentialAction\":[{\"@type\":\"ReadAction\",\"target\":[\"https:\\\/\\\/folhapopular.info\\\/index.php\\\/2025\\\/02\\\/10\\\/rede-estadual-nao-retoma-aulas-nesta-terca\\\/\"]}]},{\"@type\":\"ImageObject\",\"inLanguage\":\"pt-BR\",\"@id\":\"https:\\\/\\\/folhapopular.info\\\/index.php\\\/2025\\\/02\\\/10\\\/rede-estadual-nao-retoma-aulas-nesta-terca\\\/#primaryimage\",\"url\":\"https:\\\/\\\/folhapopular.info\\\/wp-content\\\/uploads\\\/2025\\\/02\\\/school-6900381_1280-1.jpg\",\"contentUrl\":\"https:\\\/\\\/folhapopular.info\\\/wp-content\\\/uploads\\\/2025\\\/02\\\/school-6900381_1280-1.jpg\",\"width\":1280,\"height\":960,\"caption\":\"Cr\u00e9dito: Arquivo FP\"},{\"@type\":\"BreadcrumbList\",\"@id\":\"https:\\\/\\\/folhapopular.info\\\/index.php\\\/2025\\\/02\\\/10\\\/rede-estadual-nao-retoma-aulas-nesta-terca\\\/#breadcrumb\",\"itemListElement\":[{\"@type\":\"ListItem\",\"position\":1,\"name\":\"In\u00edcio\",\"item\":\"https:\\\/\\\/folhapopular.info\\\/\"},{\"@type\":\"ListItem\",\"position\":2,\"name\":\"Rede Estadual n\u00e3o retoma aulas nesta ter\u00e7a-feira\"}]},{\"@type\":\"WebSite\",\"@id\":\"https:\\\/\\\/folhapopular.info\\\/#website\",\"url\":\"https:\\\/\\\/folhapopular.info\\\/\",\"name\":\"Folha Popular\",\"description\":\"Onde voc\u00ea tem vez e voz\",\"potentialAction\":[{\"@type\":\"SearchAction\",\"target\":{\"@type\":\"EntryPoint\",\"urlTemplate\":\"https:\\\/\\\/folhapopular.info\\\/?s={search_term_string}\"},\"query-input\":{\"@type\":\"PropertyValueSpecification\",\"valueRequired\":true,\"valueName\":\"search_term_string\"}}],\"inLanguage\":\"pt-BR\"},{\"@type\":\"Person\",\"@id\":\"https:\\\/\\\/folhapopular.info\\\/#\\\/schema\\\/person\\\/1fb1a50ca75661f91da0d3839657a34d\",\"name\":\"Paloma Valandro\",\"image\":{\"@type\":\"ImageObject\",\"inLanguage\":\"pt-BR\",\"@id\":\"https:\\\/\\\/secure.gravatar.com\\\/avatar\\\/ef90a8f37349cc3654b42d805942c6378eb385817dccc9c637c94e7794973921?s=96&d=mm&r=g\",\"url\":\"https:\\\/\\\/secure.gravatar.com\\\/avatar\\\/ef90a8f37349cc3654b42d805942c6378eb385817dccc9c637c94e7794973921?s=96&d=mm&r=g\",\"contentUrl\":\"https:\\\/\\\/secure.gravatar.com\\\/avatar\\\/ef90a8f37349cc3654b42d805942c6378eb385817dccc9c637c94e7794973921?s=96&d=mm&r=g\",\"caption\":\"Paloma Valandro\"},\"url\":\"https:\\\/\\\/folhapopular.info\\\/index.php\\\/author\\\/paloma-valandro\\\/\"}]}<\/script>\n<!-- \/ Yoast SEO plugin. -->","yoast_head_json":{"title":"Rede Estadual n\u00e3o retoma aulas nesta ter\u00e7a-feira - Folha Popular","robots":{"index":"index","follow":"follow","max-snippet":"max-snippet:-1","max-image-preview":"max-image-preview:large","max-video-preview":"max-video-preview:-1"},"canonical":"https:\/\/folhapopular.info\/index.php\/2025\/02\/10\/rede-estadual-nao-retoma-aulas-nesta-terca\/","og_locale":"pt_BR","og_type":"article","og_title":"Rede Estadual n\u00e3o retoma aulas nesta ter\u00e7a-feira - Folha Popular","og_description":"O Governo do Estado do Rio Grande do Sul segue aguardando decis\u00e3o judicial sobre a data de in\u00edcio do ano letivo nas escolas da rede estadual. A Secretaria de Educa\u00e7\u00e3o (Seduc) do RS informou \u00e0s coordenadorias regionais que n\u00e3o haver\u00e1 aula nesta ter\u00e7a-feira (11\/2). A Escola Estadual Gomes Freire de Andrade, do Bairro Languiru, informou [&hellip;]","og_url":"https:\/\/folhapopular.info\/index.php\/2025\/02\/10\/rede-estadual-nao-retoma-aulas-nesta-terca\/","og_site_name":"Folha Popular","article_published_time":"2025-02-11T01:30:53+00:00","article_modified_time":"2025-02-11T09:16:14+00:00","og_image":[{"width":1280,"height":960,"url":"http:\/\/folhapopular.info\/wp-content\/uploads\/2025\/02\/school-6900381_1280-1.jpg","type":"image\/jpeg"}],"author":"Paloma Valandro","twitter_card":"summary_large_image","twitter_misc":{"Escrito por":"Paloma Valandro","Est. tempo de leitura":"2 minutos"},"schema":{"@context":"https:\/\/schema.org","@graph":[{"@type":"Article","@id":"https:\/\/folhapopular.info\/index.php\/2025\/02\/10\/rede-estadual-nao-retoma-aulas-nesta-terca\/#article","isPartOf":{"@id":"https:\/\/folhapopular.info\/index.php\/2025\/02\/10\/rede-estadual-nao-retoma-aulas-nesta-terca\/"},"author":{"name":"Paloma Valandro","@id":"https:\/\/folhapopular.info\/#\/schema\/person\/1fb1a50ca75661f91da0d3839657a34d"},"headline":"Rede Estadual n\u00e3o retoma aulas nesta ter\u00e7a-feira","datePublished":"2025-02-11T01:30:53+00:00","dateModified":"2025-02-11T09:16:14+00:00","mainEntityOfPage":{"@id":"https:\/\/folhapopular.info\/index.php\/2025\/02\/10\/rede-estadual-nao-retoma-aulas-nesta-terca\/"},"wordCount":202,"commentCount":0,"image":{"@id":"https:\/\/folhapopular.info\/index.php\/2025\/02\/10\/rede-estadual-nao-retoma-aulas-nesta-terca\/#primaryimage"},"thumbnailUrl":"https:\/\/folhapopular.info\/wp-content\/uploads\/2025\/02\/school-6900381_1280-1.jpg","keywords":["Rede Estadual","RS","Sem aulas","Vale do Taquari","Volta \u00e0s Aulas"],"articleSection":["Destaques","Educa\u00e7\u00e3o","Geral"],"inLanguage":"pt-BR","potentialAction":[{"@type":"CommentAction","name":"Comment","target":["https:\/\/folhapopular.info\/index.php\/2025\/02\/10\/rede-estadual-nao-retoma-aulas-nesta-terca\/#respond"]}]},{"@type":"WebPage","@id":"https:\/\/folhapopular.info\/index.php\/2025\/02\/10\/rede-estadual-nao-retoma-aulas-nesta-terca\/","url":"https:\/\/folhapopular.info\/index.php\/2025\/02\/10\/rede-estadual-nao-retoma-aulas-nesta-terca\/","name":"Rede Estadual n\u00e3o retoma aulas nesta ter\u00e7a-feira - Folha Popular","isPartOf":{"@id":"https:\/\/folhapopular.info\/#website"},"primaryImageOfPage":{"@id":"https:\/\/folhapopular.info\/index.php\/2025\/02\/10\/rede-estadual-nao-retoma-aulas-nesta-terca\/#primaryimage"},"image":{"@id":"https:\/\/folhapopular.info\/index.php\/2025\/02\/10\/rede-estadual-nao-retoma-aulas-nesta-terca\/#primaryimage"},"thumbnailUrl":"https:\/\/folhapopular.info\/wp-content\/uploads\/2025\/02\/school-6900381_1280-1.jpg","datePublished":"2025-02-11T01:30:53+00:00","dateModified":"2025-02-11T09:16:14+00:00","author":{"@id":"https:\/\/folhapopular.info\/#\/schema\/person\/1fb1a50ca75661f91da0d3839657a34d"},"breadcrumb":{"@id":"https:\/\/folhapopular.info\/index.php\/2025\/02\/10\/rede-estadual-nao-retoma-aulas-nesta-terca\/#breadcrumb"},"inLanguage":"pt-BR","potentialAction":[{"@type":"ReadAction","target":["https:\/\/folhapopular.info\/index.php\/2025\/02\/10\/rede-estadual-nao-retoma-aulas-nesta-terca\/"]}]},{"@type":"ImageObject","inLanguage":"pt-BR","@id":"https:\/\/folhapopular.info\/index.php\/2025\/02\/10\/rede-estadual-nao-retoma-aulas-nesta-terca\/#primaryimage","url":"https:\/\/folhapopular.info\/wp-content\/uploads\/2025\/02\/school-6900381_1280-1.jpg","contentUrl":"https:\/\/folhapopular.info\/wp-content\/uploads\/2025\/02\/school-6900381_1280-1.jpg","width":1280,"height":960,"caption":"Cr\u00e9dito: Arquivo FP"},{"@type":"BreadcrumbList","@id":"https:\/\/folhapopular.info\/index.php\/2025\/02\/10\/rede-estadual-nao-retoma-aulas-nesta-terca\/#breadcrumb","itemListElement":[{"@type":"ListItem","position":1,"name":"In\u00edcio","item":"https:\/\/folhapopular.info\/"},{"@type":"ListItem","position":2,"name":"Rede Estadual n\u00e3o retoma aulas nesta ter\u00e7a-feira"}]},{"@type":"WebSite","@id":"https:\/\/folhapopular.info\/#website","url":"https:\/\/folhapopular.info\/","name":"Folha Popular","description":"Onde voc\u00ea tem vez e voz","potentialAction":[{"@type":"SearchAction","target":{"@type":"EntryPoint","urlTemplate":"https:\/\/folhapopular.info\/?s={search_term_string}"},"query-input":{"@type":"PropertyValueSpecification","valueRequired":true,"valueName":"search_term_string"}}],"inLanguage":"pt-BR"},{"@type":"Person","@id":"https:\/\/folhapopular.info\/#\/schema\/person\/1fb1a50ca75661f91da0d3839657a34d","name":"Paloma Valandro","image":{"@type":"ImageObject","inLanguage":"pt-BR","@id":"https:\/\/secure.gravatar.com\/avatar\/ef90a8f37349cc3654b42d805942c6378eb385817dccc9c637c94e7794973921?s=96&d=mm&r=g","url":"https:\/\/secure.gravatar.com\/avatar\/ef90a8f37349cc3654b42d805942c6378eb385817dccc9c637c94e7794973921?s=96&d=mm&r=g","contentUrl":"https:\/\/secure.gravatar.com\/avatar\/ef90a8f37349cc3654b42d805942c6378eb385817dccc9c637c94e7794973921?s=96&d=mm&r=g","caption":"Paloma Valandro"},"url":"https:\/\/folhapopular.info\/index.php\/author\/paloma-valandro\/"}]}},"jetpack_featured_media_url":"https:\/\/folhapopular.info\/wp-content\/uploads\/2025\/02\/school-6900381_1280-1.jpg","jetpack_sharing_enabled":true,"amp_enabled":true,"_links":{"self":[{"href":"https:\/\/folhapopular.info\/index.php\/wp-json\/wp\/v2\/posts\/180362","targetHints":{"allow":["GET"]}}],"collection":[{"href":"https:\/\/folhapopular.info\/index.php\/wp-json\/wp\/v2\/posts"}],"about":[{"href":"https:\/\/folhapopular.info\/index.php\/wp-json\/wp\/v2\/types\/post"}],"author":[{"embeddable":true,"href":"https:\/\/folhapopular.info\/index.php\/wp-json\/wp\/v2\/users\/757"}],"replies":[{"embeddable":true,"href":"https:\/\/folhapopular.info\/index.php\/wp-json\/wp\/v2\/comments?post=180362"}],"version-history":[{"count":0,"href":"https:\/\/folhapopular.info\/index.php\/wp-json\/wp\/v2\/posts\/180362\/revisions"}],"wp:featuredmedia":[{"embeddable":true,"href":"https:\/\/folhapopular.info\/index.php\/wp-json\/wp\/v2\/media\/180365"}],"wp:attachment":[{"href":"https:\/\/folhapopular.info\/index.php\/wp-json\/wp\/v2\/media?parent=180362"}],"wp:term":[{"taxonomy":"category","embeddable":true,"href":"https:\/\/folhapopular.info\/index.php\/wp-json\/wp\/v2\/categories?post=180362"},{"taxonomy":"post_tag","embeddable":true,"href":"https:\/\/folhapopular.info\/index.php\/wp-json\/wp\/v2\/tags?post=180362"}],"curies":[{"name":"wp","href":"https:\/\/api.w.org\/{rel}","templated":true}]}}