{"id":180594,"date":"2025-02-13T14:15:22","date_gmt":"2025-02-13T17:15:22","guid":{"rendered":"https:\/\/folhapopular.info\/?p=180594"},"modified":"2025-02-13T14:15:34","modified_gmt":"2025-02-13T17:15:34","slug":"governo-encaminha-suplementacao-de-r-65-milhoes-para-o-projeto-de-jovens-da-agricultura-familiar","status":"publish","type":"post","link":"https:\/\/folhapopular.info\/index.php\/2025\/02\/13\/governo-encaminha-suplementacao-de-r-65-milhoes-para-o-projeto-de-jovens-da-agricultura-familiar\/","title":{"rendered":"Governo encaminha suplementa\u00e7\u00e3o de R$ 6,5 milh\u00f5es para o Projeto de Jovens da Agricultura Familiar"},"content":{"rendered":"\n<p>O governo do Estado, atrav\u00e9s da Secretaria de Desenvolvimento Rural (SDR), encaminhou a suplementa\u00e7\u00e3o de R$ 6,5 milh\u00f5es para o Projeto de Jovens da Agricultura Familiar, vinculado ao Programa Agrofam\u00edlia. A decis\u00e3o foi tomada durante reuni\u00e3o do Conselho do Fundo Estadual de Apoio ao Desenvolvimento dos Pequenos Estabelecimentos Rurais (Feaper), realizada nesta quarta-feira (12\/2).<\/p>\n\n\n\n<p>Destinado a jovens entre 15 e 29 anos, o programa tem como objetivo incentivar a perman\u00eancia de jovens agricultores nas propriedades rurais. Cada participante pode acessar valores de financiamento entre R$ 10 mil e R$ 25 mil com recursos do Feaper, que oferece b\u00f4nus adimpl\u00eancia de 80%.&nbsp;Com o novo recurso, cerca de 260 jovens que estavam na lista de suplentes do edital ser\u00e3o contemplados.<\/p>\n\n\n\n<p>O presidente do Conselho e secret\u00e1rio de Desenvolvimento Rural, Vilson Covatti, destacou que a medida refor\u00e7a o compromisso do Estado com o jovem do campo. \u201cO desenvolvimento da agricultura familiar ga\u00facha passa por darmos condi\u00e7\u00f5es para a perman\u00eancia do jovem na propriedade, o que requer capacidade de estrutura\u00e7\u00e3o, investimentos e condi\u00e7\u00f5es que motivem a perman\u00eancia na atividade familiar&#8221;, apontou.<\/p>\n\n\n\n<p>Na primeira etapa, foram aprovados 244 projetos voltados \u00e0 aquisi\u00e7\u00e3o de m\u00e1quinas, equipamentos e insumos para diversas cadeias agropecu\u00e1rias da agricultura familiar. Atualmente, os projetos e a documenta\u00e7\u00e3o dos jovens classificados na primeira fase do programa est\u00e3o em fase de elabora\u00e7\u00e3o e an\u00e1lise pela Empresa de Assist\u00eancia T\u00e9cnica e Extens\u00e3o Rural do Rio Grande do Sul e Associa\u00e7\u00e3o Sulina de Cr\u00e9dito e Assist\u00eancia Rural (Emater\/RS-Ascar) e pela SDR.<\/p>\n\n\n\n<h2 class=\"wp-block-heading\"><strong>Redu\u00e7\u00e3o da burocracia<\/strong><\/h2>\n\n\n\n<p>Al\u00e9m da libera\u00e7\u00e3o dos recursos, o Conselho do Feaper tamb\u00e9m aprovou medidas para simplificar a documenta\u00e7\u00e3o exigida dos benefici\u00e1rios. As mudan\u00e7as visam reduzir a burocracia e facilitar o acesso dos agricultores familiares aos programas financiados pelo fundo. \u201cDesde que assumimos a SDR, buscamos superar entraves burocr\u00e1ticos e garantir que os investimentos cheguem efetivamente aos benefici\u00e1rios\u201d, ponderou Covatti.<\/p>\n","protected":false},"excerpt":{"rendered":"<p>O governo do Estado, atrav\u00e9s da Secretaria de Desenvolvimento Rural (SDR), encaminhou a suplementa\u00e7\u00e3o de R$ 6,5 milh\u00f5es para o Projeto de Jovens da Agricultura Familiar, vinculado ao Programa Agrofam\u00edlia. A decis\u00e3o foi tomada durante reuni\u00e3o do Conselho do Fundo Estadual de Apoio ao Desenvolvimento dos Pequenos Estabelecimentos Rurais (Feaper), realizada nesta quarta-feira (12\/2). Destinado [&hellip;]<\/p>\n","protected":false},"author":8,"featured_media":180595,"comment_status":"open","ping_status":"open","sticky":false,"template":"","format":"standard","meta":{"pmpro_default_level":"","_jetpack_memberships_contains_paid_content":false,"footnotes":""},"categories":[10991,10994],"tags":[17986,17987,1794,11027,17988],"class_list":{"0":"post-180594","1":"post","2":"type-post","3":"status-publish","4":"format-standard","5":"has-post-thumbnail","7":"category-economia","8":"category-rural","9":"tag-jovens-da-agricultura-familiar","10":"tag-r-6-5-milhoes","11":"tag-rio-grande-do-sul","12":"tag-rural","13":"tag-suplementacao","14":"pmpro-has-access"},"yoast_head":"<!-- This site is optimized with the Yoast SEO plugin v27.5 - https:\/\/yoast.com\/product\/yoast-seo-wordpress\/ -->\n<title>Governo encaminha suplementa\u00e7\u00e3o de R$ 6,5 milh\u00f5es para o Projeto de Jovens da Agricultura Familiar - Folha Popular<\/title>\n<meta name=\"robots\" content=\"index, follow, max-snippet:-1, max-image-preview:large, max-video-preview:-1\" \/>\n<link rel=\"canonical\" href=\"https:\/\/folhapopular.info\/index.php\/2025\/02\/13\/governo-encaminha-suplementacao-de-r-65-milhoes-para-o-projeto-de-jovens-da-agricultura-familiar\/\" \/>\n<meta property=\"og:locale\" content=\"pt_BR\" \/>\n<meta property=\"og:type\" content=\"article\" \/>\n<meta property=\"og:title\" content=\"Governo encaminha suplementa\u00e7\u00e3o de R$ 6,5 milh\u00f5es para o Projeto de Jovens da Agricultura Familiar - Folha Popular\" \/>\n<meta property=\"og:description\" content=\"O governo do Estado, atrav\u00e9s da Secretaria de Desenvolvimento Rural (SDR), encaminhou a suplementa\u00e7\u00e3o de R$ 6,5 milh\u00f5es para o Projeto de Jovens da Agricultura Familiar, vinculado ao Programa Agrofam\u00edlia. A decis\u00e3o foi tomada durante reuni\u00e3o do Conselho do Fundo Estadual de Apoio ao Desenvolvimento dos Pequenos Estabelecimentos Rurais (Feaper), realizada nesta quarta-feira (12\/2). Destinado [&hellip;]\" \/>\n<meta property=\"og:url\" content=\"https:\/\/folhapopular.info\/index.php\/2025\/02\/13\/governo-encaminha-suplementacao-de-r-65-milhoes-para-o-projeto-de-jovens-da-agricultura-familiar\/\" \/>\n<meta property=\"og:site_name\" content=\"Folha Popular\" \/>\n<meta property=\"article:published_time\" content=\"2025-02-13T17:15:22+00:00\" \/>\n<meta property=\"article:modified_time\" content=\"2025-02-13T17:15:34+00:00\" \/>\n<meta property=\"og:image\" content=\"http:\/\/folhapopular.info\/wp-content\/uploads\/2025\/02\/29172952_2076164_GD.jpg\" \/>\n\t<meta property=\"og:image:width\" content=\"800\" \/>\n\t<meta property=\"og:image:height\" content=\"450\" \/>\n\t<meta property=\"og:image:type\" content=\"image\/jpeg\" \/>\n<meta name=\"author\" content=\"Reda\u00e7\u00e3o Folha Popular\" \/>\n<meta name=\"twitter:card\" content=\"summary_large_image\" \/>\n<meta name=\"twitter:label1\" content=\"Escrito por\" \/>\n\t<meta name=\"twitter:data1\" content=\"Reda\u00e7\u00e3o Folha Popular\" \/>\n\t<meta name=\"twitter:label2\" content=\"Est. tempo de leitura\" \/>\n\t<meta name=\"twitter:data2\" content=\"2 minutos\" \/>\n<script type=\"application\/ld+json\" class=\"yoast-schema-graph\">{\"@context\":\"https:\\\/\\\/schema.org\",\"@graph\":[{\"@type\":\"Article\",\"@id\":\"https:\\\/\\\/folhapopular.info\\\/index.php\\\/2025\\\/02\\\/13\\\/governo-encaminha-suplementacao-de-r-65-milhoes-para-o-projeto-de-jovens-da-agricultura-familiar\\\/#article\",\"isPartOf\":{\"@id\":\"https:\\\/\\\/folhapopular.info\\\/index.php\\\/2025\\\/02\\\/13\\\/governo-encaminha-suplementacao-de-r-65-milhoes-para-o-projeto-de-jovens-da-agricultura-familiar\\\/\"},\"author\":{\"name\":\"Reda\u00e7\u00e3o Folha Popular\",\"@id\":\"https:\\\/\\\/folhapopular.info\\\/#\\\/schema\\\/person\\\/2814e8a0df7643585a9ca38bc6eb9d4b\"},\"headline\":\"Governo encaminha suplementa\u00e7\u00e3o de R$ 6,5 milh\u00f5es para o Projeto de Jovens da Agricultura Familiar\",\"datePublished\":\"2025-02-13T17:15:22+00:00\",\"dateModified\":\"2025-02-13T17:15:34+00:00\",\"mainEntityOfPage\":{\"@id\":\"https:\\\/\\\/folhapopular.info\\\/index.php\\\/2025\\\/02\\\/13\\\/governo-encaminha-suplementacao-de-r-65-milhoes-para-o-projeto-de-jovens-da-agricultura-familiar\\\/\"},\"wordCount\":354,\"commentCount\":0,\"image\":{\"@id\":\"https:\\\/\\\/folhapopular.info\\\/index.php\\\/2025\\\/02\\\/13\\\/governo-encaminha-suplementacao-de-r-65-milhoes-para-o-projeto-de-jovens-da-agricultura-familiar\\\/#primaryimage\"},\"thumbnailUrl\":\"https:\\\/\\\/folhapopular.info\\\/wp-content\\\/uploads\\\/2025\\\/02\\\/29172952_2076164_GD.jpg\",\"keywords\":[\"Jovens da Agricultura Familiar\",\"R$ 6.5 milh\u00f5es\",\"Rio Grande do Sul\",\"rural\",\"suplementa\u00e7\u00e3o\"],\"articleSection\":[\"Economia\",\"Rural\"],\"inLanguage\":\"pt-BR\",\"potentialAction\":[{\"@type\":\"CommentAction\",\"name\":\"Comment\",\"target\":[\"https:\\\/\\\/folhapopular.info\\\/index.php\\\/2025\\\/02\\\/13\\\/governo-encaminha-suplementacao-de-r-65-milhoes-para-o-projeto-de-jovens-da-agricultura-familiar\\\/#respond\"]}]},{\"@type\":\"WebPage\",\"@id\":\"https:\\\/\\\/folhapopular.info\\\/index.php\\\/2025\\\/02\\\/13\\\/governo-encaminha-suplementacao-de-r-65-milhoes-para-o-projeto-de-jovens-da-agricultura-familiar\\\/\",\"url\":\"https:\\\/\\\/folhapopular.info\\\/index.php\\\/2025\\\/02\\\/13\\\/governo-encaminha-suplementacao-de-r-65-milhoes-para-o-projeto-de-jovens-da-agricultura-familiar\\\/\",\"name\":\"Governo encaminha suplementa\u00e7\u00e3o de R$ 6,5 milh\u00f5es para o Projeto de Jovens da Agricultura Familiar - Folha Popular\",\"isPartOf\":{\"@id\":\"https:\\\/\\\/folhapopular.info\\\/#website\"},\"primaryImageOfPage\":{\"@id\":\"https:\\\/\\\/folhapopular.info\\\/index.php\\\/2025\\\/02\\\/13\\\/governo-encaminha-suplementacao-de-r-65-milhoes-para-o-projeto-de-jovens-da-agricultura-familiar\\\/#primaryimage\"},\"image\":{\"@id\":\"https:\\\/\\\/folhapopular.info\\\/index.php\\\/2025\\\/02\\\/13\\\/governo-encaminha-suplementacao-de-r-65-milhoes-para-o-projeto-de-jovens-da-agricultura-familiar\\\/#primaryimage\"},\"thumbnailUrl\":\"https:\\\/\\\/folhapopular.info\\\/wp-content\\\/uploads\\\/2025\\\/02\\\/29172952_2076164_GD.jpg\",\"datePublished\":\"2025-02-13T17:15:22+00:00\",\"dateModified\":\"2025-02-13T17:15:34+00:00\",\"author\":{\"@id\":\"https:\\\/\\\/folhapopular.info\\\/#\\\/schema\\\/person\\\/2814e8a0df7643585a9ca38bc6eb9d4b\"},\"breadcrumb\":{\"@id\":\"https:\\\/\\\/folhapopular.info\\\/index.php\\\/2025\\\/02\\\/13\\\/governo-encaminha-suplementacao-de-r-65-milhoes-para-o-projeto-de-jovens-da-agricultura-familiar\\\/#breadcrumb\"},\"inLanguage\":\"pt-BR\",\"potentialAction\":[{\"@type\":\"ReadAction\",\"target\":[\"https:\\\/\\\/folhapopular.info\\\/index.php\\\/2025\\\/02\\\/13\\\/governo-encaminha-suplementacao-de-r-65-milhoes-para-o-projeto-de-jovens-da-agricultura-familiar\\\/\"]}]},{\"@type\":\"ImageObject\",\"inLanguage\":\"pt-BR\",\"@id\":\"https:\\\/\\\/folhapopular.info\\\/index.php\\\/2025\\\/02\\\/13\\\/governo-encaminha-suplementacao-de-r-65-milhoes-para-o-projeto-de-jovens-da-agricultura-familiar\\\/#primaryimage\",\"url\":\"https:\\\/\\\/folhapopular.info\\\/wp-content\\\/uploads\\\/2025\\\/02\\\/29172952_2076164_GD.jpg\",\"contentUrl\":\"https:\\\/\\\/folhapopular.info\\\/wp-content\\\/uploads\\\/2025\\\/02\\\/29172952_2076164_GD.jpg\",\"width\":800,\"height\":450,\"caption\":\"Cr\u00e9dito: Divulga\u00e7\u00e3o\"},{\"@type\":\"BreadcrumbList\",\"@id\":\"https:\\\/\\\/folhapopular.info\\\/index.php\\\/2025\\\/02\\\/13\\\/governo-encaminha-suplementacao-de-r-65-milhoes-para-o-projeto-de-jovens-da-agricultura-familiar\\\/#breadcrumb\",\"itemListElement\":[{\"@type\":\"ListItem\",\"position\":1,\"name\":\"In\u00edcio\",\"item\":\"https:\\\/\\\/folhapopular.info\\\/\"},{\"@type\":\"ListItem\",\"position\":2,\"name\":\"Governo encaminha suplementa\u00e7\u00e3o de R$ 6,5 milh\u00f5es para o Projeto de Jovens da Agricultura Familiar\"}]},{\"@type\":\"WebSite\",\"@id\":\"https:\\\/\\\/folhapopular.info\\\/#website\",\"url\":\"https:\\\/\\\/folhapopular.info\\\/\",\"name\":\"Folha Popular\",\"description\":\"Onde voc\u00ea tem vez e voz\",\"potentialAction\":[{\"@type\":\"SearchAction\",\"target\":{\"@type\":\"EntryPoint\",\"urlTemplate\":\"https:\\\/\\\/folhapopular.info\\\/?s={search_term_string}\"},\"query-input\":{\"@type\":\"PropertyValueSpecification\",\"valueRequired\":true,\"valueName\":\"search_term_string\"}}],\"inLanguage\":\"pt-BR\"},{\"@type\":\"Person\",\"@id\":\"https:\\\/\\\/folhapopular.info\\\/#\\\/schema\\\/person\\\/2814e8a0df7643585a9ca38bc6eb9d4b\",\"name\":\"Reda\u00e7\u00e3o Folha Popular\",\"image\":{\"@type\":\"ImageObject\",\"inLanguage\":\"pt-BR\",\"@id\":\"https:\\\/\\\/folhapopular.info\\\/wp-content\\\/uploads\\\/2026\\\/04\\\/Folha-1.webp\",\"url\":\"https:\\\/\\\/folhapopular.info\\\/wp-content\\\/uploads\\\/2026\\\/04\\\/Folha-1.webp\",\"contentUrl\":\"https:\\\/\\\/folhapopular.info\\\/wp-content\\\/uploads\\\/2026\\\/04\\\/Folha-1.webp\",\"caption\":\"Reda\u00e7\u00e3o Folha Popular\"},\"url\":\"https:\\\/\\\/folhapopular.info\\\/index.php\\\/author\\\/redacao\\\/\"}]}<\/script>\n<!-- \/ Yoast SEO plugin. -->","yoast_head_json":{"title":"Governo encaminha suplementa\u00e7\u00e3o de R$ 6,5 milh\u00f5es para o Projeto de Jovens da Agricultura Familiar - Folha Popular","robots":{"index":"index","follow":"follow","max-snippet":"max-snippet:-1","max-image-preview":"max-image-preview:large","max-video-preview":"max-video-preview:-1"},"canonical":"https:\/\/folhapopular.info\/index.php\/2025\/02\/13\/governo-encaminha-suplementacao-de-r-65-milhoes-para-o-projeto-de-jovens-da-agricultura-familiar\/","og_locale":"pt_BR","og_type":"article","og_title":"Governo encaminha suplementa\u00e7\u00e3o de R$ 6,5 milh\u00f5es para o Projeto de Jovens da Agricultura Familiar - Folha Popular","og_description":"O governo do Estado, atrav\u00e9s da Secretaria de Desenvolvimento Rural (SDR), encaminhou a suplementa\u00e7\u00e3o de R$ 6,5 milh\u00f5es para o Projeto de Jovens da Agricultura Familiar, vinculado ao Programa Agrofam\u00edlia. A decis\u00e3o foi tomada durante reuni\u00e3o do Conselho do Fundo Estadual de Apoio ao Desenvolvimento dos Pequenos Estabelecimentos Rurais (Feaper), realizada nesta quarta-feira (12\/2). Destinado [&hellip;]","og_url":"https:\/\/folhapopular.info\/index.php\/2025\/02\/13\/governo-encaminha-suplementacao-de-r-65-milhoes-para-o-projeto-de-jovens-da-agricultura-familiar\/","og_site_name":"Folha Popular","article_published_time":"2025-02-13T17:15:22+00:00","article_modified_time":"2025-02-13T17:15:34+00:00","og_image":[{"width":800,"height":450,"url":"http:\/\/folhapopular.info\/wp-content\/uploads\/2025\/02\/29172952_2076164_GD.jpg","type":"image\/jpeg"}],"author":"Reda\u00e7\u00e3o Folha Popular","twitter_card":"summary_large_image","twitter_misc":{"Escrito por":"Reda\u00e7\u00e3o Folha Popular","Est. tempo de leitura":"2 minutos"},"schema":{"@context":"https:\/\/schema.org","@graph":[{"@type":"Article","@id":"https:\/\/folhapopular.info\/index.php\/2025\/02\/13\/governo-encaminha-suplementacao-de-r-65-milhoes-para-o-projeto-de-jovens-da-agricultura-familiar\/#article","isPartOf":{"@id":"https:\/\/folhapopular.info\/index.php\/2025\/02\/13\/governo-encaminha-suplementacao-de-r-65-milhoes-para-o-projeto-de-jovens-da-agricultura-familiar\/"},"author":{"name":"Reda\u00e7\u00e3o Folha Popular","@id":"https:\/\/folhapopular.info\/#\/schema\/person\/2814e8a0df7643585a9ca38bc6eb9d4b"},"headline":"Governo encaminha suplementa\u00e7\u00e3o de R$ 6,5 milh\u00f5es para o Projeto de Jovens da Agricultura Familiar","datePublished":"2025-02-13T17:15:22+00:00","dateModified":"2025-02-13T17:15:34+00:00","mainEntityOfPage":{"@id":"https:\/\/folhapopular.info\/index.php\/2025\/02\/13\/governo-encaminha-suplementacao-de-r-65-milhoes-para-o-projeto-de-jovens-da-agricultura-familiar\/"},"wordCount":354,"commentCount":0,"image":{"@id":"https:\/\/folhapopular.info\/index.php\/2025\/02\/13\/governo-encaminha-suplementacao-de-r-65-milhoes-para-o-projeto-de-jovens-da-agricultura-familiar\/#primaryimage"},"thumbnailUrl":"https:\/\/folhapopular.info\/wp-content\/uploads\/2025\/02\/29172952_2076164_GD.jpg","keywords":["Jovens da Agricultura Familiar","R$ 6.5 milh\u00f5es","Rio Grande do Sul","rural","suplementa\u00e7\u00e3o"],"articleSection":["Economia","Rural"],"inLanguage":"pt-BR","potentialAction":[{"@type":"CommentAction","name":"Comment","target":["https:\/\/folhapopular.info\/index.php\/2025\/02\/13\/governo-encaminha-suplementacao-de-r-65-milhoes-para-o-projeto-de-jovens-da-agricultura-familiar\/#respond"]}]},{"@type":"WebPage","@id":"https:\/\/folhapopular.info\/index.php\/2025\/02\/13\/governo-encaminha-suplementacao-de-r-65-milhoes-para-o-projeto-de-jovens-da-agricultura-familiar\/","url":"https:\/\/folhapopular.info\/index.php\/2025\/02\/13\/governo-encaminha-suplementacao-de-r-65-milhoes-para-o-projeto-de-jovens-da-agricultura-familiar\/","name":"Governo encaminha suplementa\u00e7\u00e3o de R$ 6,5 milh\u00f5es para o Projeto de Jovens da Agricultura Familiar - Folha Popular","isPartOf":{"@id":"https:\/\/folhapopular.info\/#website"},"primaryImageOfPage":{"@id":"https:\/\/folhapopular.info\/index.php\/2025\/02\/13\/governo-encaminha-suplementacao-de-r-65-milhoes-para-o-projeto-de-jovens-da-agricultura-familiar\/#primaryimage"},"image":{"@id":"https:\/\/folhapopular.info\/index.php\/2025\/02\/13\/governo-encaminha-suplementacao-de-r-65-milhoes-para-o-projeto-de-jovens-da-agricultura-familiar\/#primaryimage"},"thumbnailUrl":"https:\/\/folhapopular.info\/wp-content\/uploads\/2025\/02\/29172952_2076164_GD.jpg","datePublished":"2025-02-13T17:15:22+00:00","dateModified":"2025-02-13T17:15:34+00:00","author":{"@id":"https:\/\/folhapopular.info\/#\/schema\/person\/2814e8a0df7643585a9ca38bc6eb9d4b"},"breadcrumb":{"@id":"https:\/\/folhapopular.info\/index.php\/2025\/02\/13\/governo-encaminha-suplementacao-de-r-65-milhoes-para-o-projeto-de-jovens-da-agricultura-familiar\/#breadcrumb"},"inLanguage":"pt-BR","potentialAction":[{"@type":"ReadAction","target":["https:\/\/folhapopular.info\/index.php\/2025\/02\/13\/governo-encaminha-suplementacao-de-r-65-milhoes-para-o-projeto-de-jovens-da-agricultura-familiar\/"]}]},{"@type":"ImageObject","inLanguage":"pt-BR","@id":"https:\/\/folhapopular.info\/index.php\/2025\/02\/13\/governo-encaminha-suplementacao-de-r-65-milhoes-para-o-projeto-de-jovens-da-agricultura-familiar\/#primaryimage","url":"https:\/\/folhapopular.info\/wp-content\/uploads\/2025\/02\/29172952_2076164_GD.jpg","contentUrl":"https:\/\/folhapopular.info\/wp-content\/uploads\/2025\/02\/29172952_2076164_GD.jpg","width":800,"height":450,"caption":"Cr\u00e9dito: Divulga\u00e7\u00e3o"},{"@type":"BreadcrumbList","@id":"https:\/\/folhapopular.info\/index.php\/2025\/02\/13\/governo-encaminha-suplementacao-de-r-65-milhoes-para-o-projeto-de-jovens-da-agricultura-familiar\/#breadcrumb","itemListElement":[{"@type":"ListItem","position":1,"name":"In\u00edcio","item":"https:\/\/folhapopular.info\/"},{"@type":"ListItem","position":2,"name":"Governo encaminha suplementa\u00e7\u00e3o de R$ 6,5 milh\u00f5es para o Projeto de Jovens da Agricultura Familiar"}]},{"@type":"WebSite","@id":"https:\/\/folhapopular.info\/#website","url":"https:\/\/folhapopular.info\/","name":"Folha Popular","description":"Onde voc\u00ea tem vez e voz","potentialAction":[{"@type":"SearchAction","target":{"@type":"EntryPoint","urlTemplate":"https:\/\/folhapopular.info\/?s={search_term_string}"},"query-input":{"@type":"PropertyValueSpecification","valueRequired":true,"valueName":"search_term_string"}}],"inLanguage":"pt-BR"},{"@type":"Person","@id":"https:\/\/folhapopular.info\/#\/schema\/person\/2814e8a0df7643585a9ca38bc6eb9d4b","name":"Reda\u00e7\u00e3o Folha Popular","image":{"@type":"ImageObject","inLanguage":"pt-BR","@id":"https:\/\/folhapopular.info\/wp-content\/uploads\/2026\/04\/Folha-1.webp","url":"https:\/\/folhapopular.info\/wp-content\/uploads\/2026\/04\/Folha-1.webp","contentUrl":"https:\/\/folhapopular.info\/wp-content\/uploads\/2026\/04\/Folha-1.webp","caption":"Reda\u00e7\u00e3o Folha Popular"},"url":"https:\/\/folhapopular.info\/index.php\/author\/redacao\/"}]}},"jetpack_featured_media_url":"https:\/\/folhapopular.info\/wp-content\/uploads\/2025\/02\/29172952_2076164_GD.jpg","jetpack_sharing_enabled":true,"amp_enabled":true,"_links":{"self":[{"href":"https:\/\/folhapopular.info\/index.php\/wp-json\/wp\/v2\/posts\/180594","targetHints":{"allow":["GET"]}}],"collection":[{"href":"https:\/\/folhapopular.info\/index.php\/wp-json\/wp\/v2\/posts"}],"about":[{"href":"https:\/\/folhapopular.info\/index.php\/wp-json\/wp\/v2\/types\/post"}],"author":[{"embeddable":true,"href":"https:\/\/folhapopular.info\/index.php\/wp-json\/wp\/v2\/users\/8"}],"replies":[{"embeddable":true,"href":"https:\/\/folhapopular.info\/index.php\/wp-json\/wp\/v2\/comments?post=180594"}],"version-history":[{"count":0,"href":"https:\/\/folhapopular.info\/index.php\/wp-json\/wp\/v2\/posts\/180594\/revisions"}],"wp:featuredmedia":[{"embeddable":true,"href":"https:\/\/folhapopular.info\/index.php\/wp-json\/wp\/v2\/media\/180595"}],"wp:attachment":[{"href":"https:\/\/folhapopular.info\/index.php\/wp-json\/wp\/v2\/media?parent=180594"}],"wp:term":[{"taxonomy":"category","embeddable":true,"href":"https:\/\/folhapopular.info\/index.php\/wp-json\/wp\/v2\/categories?post=180594"},{"taxonomy":"post_tag","embeddable":true,"href":"https:\/\/folhapopular.info\/index.php\/wp-json\/wp\/v2\/tags?post=180594"}],"curies":[{"name":"wp","href":"https:\/\/api.w.org\/{rel}","templated":true}]}}