{"id":180645,"date":"2025-02-15T07:00:00","date_gmt":"2025-02-15T10:00:00","guid":{"rendered":"https:\/\/folhapopular.info\/?p=180645"},"modified":"2025-02-14T14:48:22","modified_gmt":"2025-02-14T17:48:22","slug":"vale-do-taquari-define-acoes-para-enfrentar-emergencia-climatica","status":"publish","type":"post","link":"https:\/\/folhapopular.info\/index.php\/2025\/02\/15\/vale-do-taquari-define-acoes-para-enfrentar-emergencia-climatica\/","title":{"rendered":"Vale do Taquari define a\u00e7\u00f5es para enfrentar emerg\u00eancia clim\u00e1tica"},"content":{"rendered":"\n<p>O or\u00e7amento m\u00ednimo destinado a a\u00e7\u00f5es de preserva\u00e7\u00e3o do meio ambiente, treinamento e capacita\u00e7\u00e3o da popula\u00e7\u00e3o para preven\u00e7\u00e3o em caso de desastres, al\u00e9m da lei de incentivos fiscais para a promo\u00e7\u00e3o de a\u00e7\u00f5es de educa\u00e7\u00e3o ambiental, est\u00e3o entre as propostas da regi\u00e3o que ser\u00e3o levadas para a Confer\u00eancia Estadual do Meio Ambiente, que ocorre dias 11 e 12 de mar\u00e7o. Os projetos foram elaborados pela comunidade, lideran\u00e7as regionais, estudantes, professores e empres\u00e1rios durante a 1\u00aa Confer\u00eancia Intermunicipal do Meio Ambiente do Vale do Taquari, realizada na quarta-feira (12\/2), na Univates.<\/p>\n\n\n\n<p>O evento foi promovido pela Associa\u00e7\u00e3o dos Munic\u00edpios do Vale do Taquari (AMVAT) e teve como tema central &#8220;Emerg\u00eancia Clim\u00e1tica \u2013 O Desafio da Transforma\u00e7\u00e3o Ecol\u00f3gica&#8221;. Com o objetivo de envolver diferentes setores da sociedade no debate, as propostas discutidas nas confer\u00eancias tamb\u00e9m devem nortear novas pol\u00edticas p\u00fablicas. Al\u00e9m disso, busca-se gerar iniciativas para atender \u00e0s necessidades de cada territ\u00f3rio, levando em considera\u00e7\u00e3o: enchentes, secas, temporais, ondas de calor e demais desafios clim\u00e1ticos.<\/p>\n\n\n\n<p>Ap\u00f3s uma manh\u00e3 de palestras, os participantes foram divididos em grupos para debater poss\u00edveis a\u00e7\u00f5es para enfrentar as transforma\u00e7\u00f5es ecol\u00f3gicas. As confer\u00eancias fazem parte de um projeto de \u00e2mbito nacional, e as diretrizes estabelecidas servir\u00e3o de base para a pr\u00f3xima Confer\u00eancia das Na\u00e7\u00f5es Unidas sobre Mudan\u00e7as do Clima (COP-30). Al\u00e9m disso, durante o evento, foram eleitos 17 delegados que representar\u00e3o cada eixo de trabalho na etapa estadual.<\/p>\n\n\n\n<h3 class=\"wp-block-heading\"><a><\/a> <strong>Primeiro evento intermunicipal<\/strong><\/h3>\n\n\n\n<p>Essa foi a primeira vez que o Vale do Taquari promoveu o evento entre os munic\u00edpios da regi\u00e3o. Ao todo, cerca de 150 pessoas se inscreveram para participar da programa\u00e7\u00e3o. Para o promotor de Justi\u00e7a Regional Ambiental, S\u00e9rgio Diefenbach, o evento \u00e9 fundamental, sobretudo para a cria\u00e7\u00e3o de consenso entre as cidades. \u201c<strong>Nosso grande desafio n\u00e3o \u00e9 pol\u00edtico, \u00e9 a uni\u00e3o e a cria\u00e7\u00e3o de projetos coletivos.<\/strong> Precisamos tratar o tema de forma uniforme e rapidamente\u201d, destacou.<\/p>\n\n\n\n<p>A diretora de Biodiversidade da Secretaria Estadual do Meio Ambiente (Sema), C\u00e1tia Viviane Gon\u00e7alves, conta que as confer\u00eancias j\u00e1 ocorrem h\u00e1 5 anos e, nesta edi\u00e7\u00e3o, j\u00e1 foram realizadas em outras cidades, com a participa\u00e7\u00e3o de 199 munic\u00edpios do Rio Grande do Sul. Em cada regi\u00e3o, as discuss\u00f5es revelam diferentes prioridades, sendo a justi\u00e7a clim\u00e1tica um tema recorrente. No Vale, o enfrentamento \u00e0s enchentes \u00e9 a principal preocupa\u00e7\u00e3o.<\/p>\n\n\n\n<p>\u201cA hist\u00f3ria do Rio Grande do Sul com desastres extremos n\u00e3o come\u00e7a ou termina em maio. Em algumas regi\u00f5es, a melhoria dos alertas e do monitoramento tamb\u00e9m \u00e9 muito debatida. H\u00e1 pessoas que dizem: \u2018Eu s\u00f3 queria ter sido avisado duas horas antes (da enchente ou deslizamento)\u2019\u201d, relata.<\/p>\n\n\n\n<h3 class=\"wp-block-heading\"><a><\/a> <strong>Como lidar com o desafio<\/strong><\/h3>\n\n\n\n<p>Durante a manh\u00e3, a palestra do professor de Hidrologia dos cursos de Engenharia Ambiental e Engenharia H\u00eddrica da Universidade Federal do Rio Grande do Sul, Walter Collischonn, trouxe reflex\u00f5es sobre como reduzir os danos causados pelas enchentes. Dragagem de rios, replantio da mata ciliar, constru\u00e7\u00e3o de barragens, diques e abertura de novos canais para escoamento da \u00e1gua s\u00e3o, segundo Collischonn, medidas que, isoladamente, n\u00e3o s\u00e3o capazes de resolver os problemas.<\/p>\n\n\n\n<p>\u201c<strong>O que \u00e9 fundamental \u00e9 o zoneamento das \u00e1reas de risco.<\/strong> O custo \u00e9 mais baixo e n\u00e3o se transfere o impacto, como pode ocorrer com outras medidas\u201d, explica. O professor tamb\u00e9m destaca a necessidade de sistemas de alerta eficientes, com monitoramento em diferentes n\u00edveis e de forma simult\u00e2nea. Tamb\u00e9m participaram como palestrantes o doutor em Ecologia, Marlon de Castro Vasconcelos, e a coordenadora do projeto Muda, Priscila Mariani.<\/p>\n\n\n\n<h2 class=\"wp-block-heading\">Projetos priorit\u00e1rios para a regi\u00e3o <\/h2>\n\n\n\n<p><br><em><strong>Ser\u00e3o levados para a Confer\u00eancia Estadual do Meio Ambiente<\/strong><\/em><\/p>\n\n\n\n<ol class=\"wp-block-list\">\n<li>Programa nacional de recupera\u00e7\u00e3o e conserva\u00e7\u00e3o de \u00e1reas de preserva\u00e7\u00e3o permanente;<\/li>\n\n\n\n<li>Gest\u00e3o sustent\u00e1vel de res\u00edduos s\u00f3lidos e incentivos fiscais para pr\u00e1ticas ecol\u00f3gicas;<\/li>\n\n\n\n<li>Monitoramento clim\u00e1tico e fortalecimento da Defesa Civil;<\/li>\n\n\n\n<li>Atualiza\u00e7\u00e3o dos Planos Diretores municipais para adapta\u00e7\u00e3o clim\u00e1tica;<\/li>\n\n\n\n<li>Prote\u00e7\u00e3o e Recupera\u00e7\u00e3o de Nascentes com Pagamento por Servi\u00e7os Ambientais (PSA);<\/li>\n\n\n\n<li>Or\u00e7amento m\u00ednimo garantido para a\u00e7\u00f5es ambientais nos tr\u00eas n\u00edveis de governo;<\/li>\n\n\n\n<li>Capacita\u00e7\u00e3o comunit\u00e1ria para preven\u00e7\u00e3o e resposta a desastres;<\/li>\n\n\n\n<li>Revis\u00e3o de planos diretores para preven\u00e7\u00e3o de constru\u00e7\u00f5es em \u00e1reas de risco<\/li>\n\n\n\n<li>Educa\u00e7\u00e3o ambiental como pol\u00edtica p\u00fablica e empresarial;<\/li>\n\n\n\n<li>Escolas Sustent\u00e1veis: infraestrutura verde e engajamento comunit\u00e1rio.<\/li>\n<\/ol>\n\n\n\n<h2 class=\"wp-block-heading\">Eleitos como delegados<\/h2>\n\n\n\n<p>1. Tanara Schmit<\/p>\n\n\n\n<p>2. Anemari Menhard<\/p>\n\n\n\n<p>3. Cleberton Bianchini<\/p>\n\n\n\n<p>4. Bianca Bread<\/p>\n\n\n\n<p>5. Cristiano Steffens<\/p>\n\n\n\n<p>6. Roberto Luis M\u00fcller<\/p>\n\n\n\n<p>7. Lidia Maria Erbes<\/p>\n\n\n\n<p>8. Verenice Imich<\/p>\n\n\n\n<p>9. Paula Fagundes<\/p>\n\n\n\n<p>10. Adriano Schwingel<\/p>\n\n\n\n<p>11. Alexandre Schneider<\/p>\n\n\n\n<p>12. Marta Verena Lucian<\/p>\n\n\n\n<p>13. Carin Taiara Gomes<\/p>\n\n\n\n<p>14. Gilberto G. Alves Soares<\/p>\n\n\n\n<p>15. Laura Barbieri de Oliveira<\/p>\n\n\n\n<p>16. Sophia Maia Holz<\/p>\n\n\n\n<p>17. Luana Hermes<\/p>\n\n\n\n<h2 class=\"wp-block-heading\">Eixos trabalhados <\/h2>\n\n\n\n<ol start=\"8\" class=\"wp-block-list\"><\/ol>\n\n\n\n<ol start=\"9\" class=\"wp-block-list\"><\/ol>\n\n\n\n<ol start=\"10\" class=\"wp-block-list\"><\/ol>\n\n\n\n<p>I \u2013 Mitiga\u00e7\u00e3o: redu\u00e7\u00e3o da emiss\u00e3o de gases de efeito estufa;<\/p>\n\n\n\n<p>II \u2013 Adapta\u00e7\u00e3o e Prepara\u00e7\u00e3o para Desastres: preven\u00e7\u00e3o de riscos e redu\u00e7\u00e3o de perdas e danos;<\/p>\n\n\n\n<p>III \u2013 Justi\u00e7a Clim\u00e1tica: supera\u00e7\u00e3o das desigualdades;<\/p>\n\n\n\n<p>IV \u2013 Transforma\u00e7\u00e3o Ecol\u00f3gica: descarboniza\u00e7\u00e3o da economia com maior inclus\u00e3o social;<\/p>\n\n\n\n<p>V \u2013 Governan\u00e7a e Educa\u00e7\u00e3o Ambiental: participa\u00e7\u00e3o e controle social.<\/p>\n","protected":false},"excerpt":{"rendered":"<p>O or\u00e7amento m\u00ednimo destinado a a\u00e7\u00f5es de preserva\u00e7\u00e3o do meio ambiente, treinamento e capacita\u00e7\u00e3o da popula\u00e7\u00e3o para preven\u00e7\u00e3o em caso de desastres, al\u00e9m da lei de incentivos fiscais para a promo\u00e7\u00e3o de a\u00e7\u00f5es de educa\u00e7\u00e3o ambiental, est\u00e3o entre as propostas da regi\u00e3o que ser\u00e3o levadas para a Confer\u00eancia Estadual do Meio Ambiente, que ocorre dias [&hellip;]<\/p>\n","protected":false},"author":747,"featured_media":180647,"comment_status":"open","ping_status":"open","sticky":false,"template":"","format":"standard","meta":{"pmpro_default_level":"","_jetpack_memberships_contains_paid_content":false,"footnotes":""},"categories":[10988,3,11025],"tags":[],"class_list":{"0":"post-180645","1":"post","2":"type-post","3":"status-publish","4":"format-standard","5":"has-post-thumbnail","7":"category-educacao","8":"category-geral","9":"category-meio-ambiente","10":"pmpro-has-access"},"yoast_head":"<!-- This site is optimized with the Yoast SEO plugin v27.5 - https:\/\/yoast.com\/product\/yoast-seo-wordpress\/ -->\n<title>Vale do Taquari define a\u00e7\u00f5es para enfrentar emerg\u00eancia clim\u00e1tica - Folha Popular<\/title>\n<meta name=\"robots\" content=\"index, follow, max-snippet:-1, max-image-preview:large, max-video-preview:-1\" \/>\n<link rel=\"canonical\" href=\"https:\/\/folhapopular.info\/index.php\/2025\/02\/15\/vale-do-taquari-define-acoes-para-enfrentar-emergencia-climatica\/\" \/>\n<meta property=\"og:locale\" content=\"pt_BR\" \/>\n<meta property=\"og:type\" content=\"article\" \/>\n<meta property=\"og:title\" content=\"Vale do Taquari define a\u00e7\u00f5es para enfrentar emerg\u00eancia clim\u00e1tica - Folha Popular\" \/>\n<meta property=\"og:description\" content=\"O or\u00e7amento m\u00ednimo destinado a a\u00e7\u00f5es de preserva\u00e7\u00e3o do meio ambiente, treinamento e capacita\u00e7\u00e3o da popula\u00e7\u00e3o para preven\u00e7\u00e3o em caso de desastres, al\u00e9m da lei de incentivos fiscais para a promo\u00e7\u00e3o de a\u00e7\u00f5es de educa\u00e7\u00e3o ambiental, est\u00e3o entre as propostas da regi\u00e3o que ser\u00e3o levadas para a Confer\u00eancia Estadual do Meio Ambiente, que ocorre dias [&hellip;]\" \/>\n<meta property=\"og:url\" content=\"https:\/\/folhapopular.info\/index.php\/2025\/02\/15\/vale-do-taquari-define-acoes-para-enfrentar-emergencia-climatica\/\" \/>\n<meta property=\"og:site_name\" content=\"Folha Popular\" \/>\n<meta property=\"article:published_time\" content=\"2025-02-15T10:00:00+00:00\" \/>\n<meta property=\"og:image\" content=\"https:\/\/folhapopular.info\/wp-content\/uploads\/2025\/02\/CREDITO-JULIA-AMARAL-1-scaled.jpeg\" \/>\n\t<meta property=\"og:image:width\" content=\"2560\" \/>\n\t<meta property=\"og:image:height\" content=\"1920\" \/>\n\t<meta property=\"og:image:type\" content=\"image\/jpeg\" \/>\n<meta name=\"author\" content=\"J\u00falia Amaral\" \/>\n<meta name=\"twitter:card\" content=\"summary_large_image\" \/>\n<meta name=\"twitter:label1\" content=\"Escrito por\" \/>\n\t<meta name=\"twitter:data1\" content=\"J\u00falia Amaral\" \/>\n\t<meta name=\"twitter:label2\" content=\"Est. tempo de leitura\" \/>\n\t<meta name=\"twitter:data2\" content=\"5 minutos\" \/>\n<script type=\"application\/ld+json\" class=\"yoast-schema-graph\">{\"@context\":\"https:\\\/\\\/schema.org\",\"@graph\":[{\"@type\":\"Article\",\"@id\":\"https:\\\/\\\/folhapopular.info\\\/index.php\\\/2025\\\/02\\\/15\\\/vale-do-taquari-define-acoes-para-enfrentar-emergencia-climatica\\\/#article\",\"isPartOf\":{\"@id\":\"https:\\\/\\\/folhapopular.info\\\/index.php\\\/2025\\\/02\\\/15\\\/vale-do-taquari-define-acoes-para-enfrentar-emergencia-climatica\\\/\"},\"author\":{\"name\":\"J\u00falia Amaral\",\"@id\":\"https:\\\/\\\/folhapopular.info\\\/#\\\/schema\\\/person\\\/25c7649fd584816b1747a45f3aab3b40\"},\"headline\":\"Vale do Taquari define a\u00e7\u00f5es para enfrentar emerg\u00eancia clim\u00e1tica\",\"datePublished\":\"2025-02-15T10:00:00+00:00\",\"mainEntityOfPage\":{\"@id\":\"https:\\\/\\\/folhapopular.info\\\/index.php\\\/2025\\\/02\\\/15\\\/vale-do-taquari-define-acoes-para-enfrentar-emergencia-climatica\\\/\"},\"wordCount\":907,\"commentCount\":0,\"image\":{\"@id\":\"https:\\\/\\\/folhapopular.info\\\/index.php\\\/2025\\\/02\\\/15\\\/vale-do-taquari-define-acoes-para-enfrentar-emergencia-climatica\\\/#primaryimage\"},\"thumbnailUrl\":\"https:\\\/\\\/folhapopular.info\\\/wp-content\\\/uploads\\\/2025\\\/02\\\/CREDITO-JULIA-AMARAL-1-scaled.jpeg\",\"articleSection\":[\"Educa\u00e7\u00e3o\",\"Geral\",\"Meio Ambiente\"],\"inLanguage\":\"pt-BR\",\"potentialAction\":[{\"@type\":\"CommentAction\",\"name\":\"Comment\",\"target\":[\"https:\\\/\\\/folhapopular.info\\\/index.php\\\/2025\\\/02\\\/15\\\/vale-do-taquari-define-acoes-para-enfrentar-emergencia-climatica\\\/#respond\"]}]},{\"@type\":\"WebPage\",\"@id\":\"https:\\\/\\\/folhapopular.info\\\/index.php\\\/2025\\\/02\\\/15\\\/vale-do-taquari-define-acoes-para-enfrentar-emergencia-climatica\\\/\",\"url\":\"https:\\\/\\\/folhapopular.info\\\/index.php\\\/2025\\\/02\\\/15\\\/vale-do-taquari-define-acoes-para-enfrentar-emergencia-climatica\\\/\",\"name\":\"Vale do Taquari define a\u00e7\u00f5es para enfrentar emerg\u00eancia clim\u00e1tica - Folha Popular\",\"isPartOf\":{\"@id\":\"https:\\\/\\\/folhapopular.info\\\/#website\"},\"primaryImageOfPage\":{\"@id\":\"https:\\\/\\\/folhapopular.info\\\/index.php\\\/2025\\\/02\\\/15\\\/vale-do-taquari-define-acoes-para-enfrentar-emergencia-climatica\\\/#primaryimage\"},\"image\":{\"@id\":\"https:\\\/\\\/folhapopular.info\\\/index.php\\\/2025\\\/02\\\/15\\\/vale-do-taquari-define-acoes-para-enfrentar-emergencia-climatica\\\/#primaryimage\"},\"thumbnailUrl\":\"https:\\\/\\\/folhapopular.info\\\/wp-content\\\/uploads\\\/2025\\\/02\\\/CREDITO-JULIA-AMARAL-1-scaled.jpeg\",\"datePublished\":\"2025-02-15T10:00:00+00:00\",\"author\":{\"@id\":\"https:\\\/\\\/folhapopular.info\\\/#\\\/schema\\\/person\\\/25c7649fd584816b1747a45f3aab3b40\"},\"breadcrumb\":{\"@id\":\"https:\\\/\\\/folhapopular.info\\\/index.php\\\/2025\\\/02\\\/15\\\/vale-do-taquari-define-acoes-para-enfrentar-emergencia-climatica\\\/#breadcrumb\"},\"inLanguage\":\"pt-BR\",\"potentialAction\":[{\"@type\":\"ReadAction\",\"target\":[\"https:\\\/\\\/folhapopular.info\\\/index.php\\\/2025\\\/02\\\/15\\\/vale-do-taquari-define-acoes-para-enfrentar-emergencia-climatica\\\/\"]}]},{\"@type\":\"ImageObject\",\"inLanguage\":\"pt-BR\",\"@id\":\"https:\\\/\\\/folhapopular.info\\\/index.php\\\/2025\\\/02\\\/15\\\/vale-do-taquari-define-acoes-para-enfrentar-emergencia-climatica\\\/#primaryimage\",\"url\":\"https:\\\/\\\/folhapopular.info\\\/wp-content\\\/uploads\\\/2025\\\/02\\\/CREDITO-JULIA-AMARAL-1-scaled.jpeg\",\"contentUrl\":\"https:\\\/\\\/folhapopular.info\\\/wp-content\\\/uploads\\\/2025\\\/02\\\/CREDITO-JULIA-AMARAL-1-scaled.jpeg\",\"width\":2560,\"height\":1920},{\"@type\":\"BreadcrumbList\",\"@id\":\"https:\\\/\\\/folhapopular.info\\\/index.php\\\/2025\\\/02\\\/15\\\/vale-do-taquari-define-acoes-para-enfrentar-emergencia-climatica\\\/#breadcrumb\",\"itemListElement\":[{\"@type\":\"ListItem\",\"position\":1,\"name\":\"In\u00edcio\",\"item\":\"https:\\\/\\\/folhapopular.info\\\/\"},{\"@type\":\"ListItem\",\"position\":2,\"name\":\"Vale do Taquari define a\u00e7\u00f5es para enfrentar emerg\u00eancia clim\u00e1tica\"}]},{\"@type\":\"WebSite\",\"@id\":\"https:\\\/\\\/folhapopular.info\\\/#website\",\"url\":\"https:\\\/\\\/folhapopular.info\\\/\",\"name\":\"Folha Popular\",\"description\":\"Onde voc\u00ea tem vez e voz\",\"potentialAction\":[{\"@type\":\"SearchAction\",\"target\":{\"@type\":\"EntryPoint\",\"urlTemplate\":\"https:\\\/\\\/folhapopular.info\\\/?s={search_term_string}\"},\"query-input\":{\"@type\":\"PropertyValueSpecification\",\"valueRequired\":true,\"valueName\":\"search_term_string\"}}],\"inLanguage\":\"pt-BR\"},{\"@type\":\"Person\",\"@id\":\"https:\\\/\\\/folhapopular.info\\\/#\\\/schema\\\/person\\\/25c7649fd584816b1747a45f3aab3b40\",\"name\":\"J\u00falia Amaral\",\"image\":{\"@type\":\"ImageObject\",\"inLanguage\":\"pt-BR\",\"@id\":\"https:\\\/\\\/secure.gravatar.com\\\/avatar\\\/4d7d64d93a62bbe70e444c5c7b0a643f1955a374a94fd5eab0a928fe21d5b041?s=96&d=mm&r=g\",\"url\":\"https:\\\/\\\/secure.gravatar.com\\\/avatar\\\/4d7d64d93a62bbe70e444c5c7b0a643f1955a374a94fd5eab0a928fe21d5b041?s=96&d=mm&r=g\",\"contentUrl\":\"https:\\\/\\\/secure.gravatar.com\\\/avatar\\\/4d7d64d93a62bbe70e444c5c7b0a643f1955a374a94fd5eab0a928fe21d5b041?s=96&d=mm&r=g\",\"caption\":\"J\u00falia Amaral\"},\"url\":\"https:\\\/\\\/folhapopular.info\\\/index.php\\\/author\\\/julia-amaral\\\/\"}]}<\/script>\n<!-- \/ Yoast SEO plugin. -->","yoast_head_json":{"title":"Vale do Taquari define a\u00e7\u00f5es para enfrentar emerg\u00eancia clim\u00e1tica - Folha Popular","robots":{"index":"index","follow":"follow","max-snippet":"max-snippet:-1","max-image-preview":"max-image-preview:large","max-video-preview":"max-video-preview:-1"},"canonical":"https:\/\/folhapopular.info\/index.php\/2025\/02\/15\/vale-do-taquari-define-acoes-para-enfrentar-emergencia-climatica\/","og_locale":"pt_BR","og_type":"article","og_title":"Vale do Taquari define a\u00e7\u00f5es para enfrentar emerg\u00eancia clim\u00e1tica - Folha Popular","og_description":"O or\u00e7amento m\u00ednimo destinado a a\u00e7\u00f5es de preserva\u00e7\u00e3o do meio ambiente, treinamento e capacita\u00e7\u00e3o da popula\u00e7\u00e3o para preven\u00e7\u00e3o em caso de desastres, al\u00e9m da lei de incentivos fiscais para a promo\u00e7\u00e3o de a\u00e7\u00f5es de educa\u00e7\u00e3o ambiental, est\u00e3o entre as propostas da regi\u00e3o que ser\u00e3o levadas para a Confer\u00eancia Estadual do Meio Ambiente, que ocorre dias [&hellip;]","og_url":"https:\/\/folhapopular.info\/index.php\/2025\/02\/15\/vale-do-taquari-define-acoes-para-enfrentar-emergencia-climatica\/","og_site_name":"Folha Popular","article_published_time":"2025-02-15T10:00:00+00:00","og_image":[{"width":2560,"height":1920,"url":"https:\/\/folhapopular.info\/wp-content\/uploads\/2025\/02\/CREDITO-JULIA-AMARAL-1-scaled.jpeg","type":"image\/jpeg"}],"author":"J\u00falia Amaral","twitter_card":"summary_large_image","twitter_misc":{"Escrito por":"J\u00falia Amaral","Est. tempo de leitura":"5 minutos"},"schema":{"@context":"https:\/\/schema.org","@graph":[{"@type":"Article","@id":"https:\/\/folhapopular.info\/index.php\/2025\/02\/15\/vale-do-taquari-define-acoes-para-enfrentar-emergencia-climatica\/#article","isPartOf":{"@id":"https:\/\/folhapopular.info\/index.php\/2025\/02\/15\/vale-do-taquari-define-acoes-para-enfrentar-emergencia-climatica\/"},"author":{"name":"J\u00falia Amaral","@id":"https:\/\/folhapopular.info\/#\/schema\/person\/25c7649fd584816b1747a45f3aab3b40"},"headline":"Vale do Taquari define a\u00e7\u00f5es para enfrentar emerg\u00eancia clim\u00e1tica","datePublished":"2025-02-15T10:00:00+00:00","mainEntityOfPage":{"@id":"https:\/\/folhapopular.info\/index.php\/2025\/02\/15\/vale-do-taquari-define-acoes-para-enfrentar-emergencia-climatica\/"},"wordCount":907,"commentCount":0,"image":{"@id":"https:\/\/folhapopular.info\/index.php\/2025\/02\/15\/vale-do-taquari-define-acoes-para-enfrentar-emergencia-climatica\/#primaryimage"},"thumbnailUrl":"https:\/\/folhapopular.info\/wp-content\/uploads\/2025\/02\/CREDITO-JULIA-AMARAL-1-scaled.jpeg","articleSection":["Educa\u00e7\u00e3o","Geral","Meio Ambiente"],"inLanguage":"pt-BR","potentialAction":[{"@type":"CommentAction","name":"Comment","target":["https:\/\/folhapopular.info\/index.php\/2025\/02\/15\/vale-do-taquari-define-acoes-para-enfrentar-emergencia-climatica\/#respond"]}]},{"@type":"WebPage","@id":"https:\/\/folhapopular.info\/index.php\/2025\/02\/15\/vale-do-taquari-define-acoes-para-enfrentar-emergencia-climatica\/","url":"https:\/\/folhapopular.info\/index.php\/2025\/02\/15\/vale-do-taquari-define-acoes-para-enfrentar-emergencia-climatica\/","name":"Vale do Taquari define a\u00e7\u00f5es para enfrentar emerg\u00eancia clim\u00e1tica - Folha Popular","isPartOf":{"@id":"https:\/\/folhapopular.info\/#website"},"primaryImageOfPage":{"@id":"https:\/\/folhapopular.info\/index.php\/2025\/02\/15\/vale-do-taquari-define-acoes-para-enfrentar-emergencia-climatica\/#primaryimage"},"image":{"@id":"https:\/\/folhapopular.info\/index.php\/2025\/02\/15\/vale-do-taquari-define-acoes-para-enfrentar-emergencia-climatica\/#primaryimage"},"thumbnailUrl":"https:\/\/folhapopular.info\/wp-content\/uploads\/2025\/02\/CREDITO-JULIA-AMARAL-1-scaled.jpeg","datePublished":"2025-02-15T10:00:00+00:00","author":{"@id":"https:\/\/folhapopular.info\/#\/schema\/person\/25c7649fd584816b1747a45f3aab3b40"},"breadcrumb":{"@id":"https:\/\/folhapopular.info\/index.php\/2025\/02\/15\/vale-do-taquari-define-acoes-para-enfrentar-emergencia-climatica\/#breadcrumb"},"inLanguage":"pt-BR","potentialAction":[{"@type":"ReadAction","target":["https:\/\/folhapopular.info\/index.php\/2025\/02\/15\/vale-do-taquari-define-acoes-para-enfrentar-emergencia-climatica\/"]}]},{"@type":"ImageObject","inLanguage":"pt-BR","@id":"https:\/\/folhapopular.info\/index.php\/2025\/02\/15\/vale-do-taquari-define-acoes-para-enfrentar-emergencia-climatica\/#primaryimage","url":"https:\/\/folhapopular.info\/wp-content\/uploads\/2025\/02\/CREDITO-JULIA-AMARAL-1-scaled.jpeg","contentUrl":"https:\/\/folhapopular.info\/wp-content\/uploads\/2025\/02\/CREDITO-JULIA-AMARAL-1-scaled.jpeg","width":2560,"height":1920},{"@type":"BreadcrumbList","@id":"https:\/\/folhapopular.info\/index.php\/2025\/02\/15\/vale-do-taquari-define-acoes-para-enfrentar-emergencia-climatica\/#breadcrumb","itemListElement":[{"@type":"ListItem","position":1,"name":"In\u00edcio","item":"https:\/\/folhapopular.info\/"},{"@type":"ListItem","position":2,"name":"Vale do Taquari define a\u00e7\u00f5es para enfrentar emerg\u00eancia clim\u00e1tica"}]},{"@type":"WebSite","@id":"https:\/\/folhapopular.info\/#website","url":"https:\/\/folhapopular.info\/","name":"Folha Popular","description":"Onde voc\u00ea tem vez e voz","potentialAction":[{"@type":"SearchAction","target":{"@type":"EntryPoint","urlTemplate":"https:\/\/folhapopular.info\/?s={search_term_string}"},"query-input":{"@type":"PropertyValueSpecification","valueRequired":true,"valueName":"search_term_string"}}],"inLanguage":"pt-BR"},{"@type":"Person","@id":"https:\/\/folhapopular.info\/#\/schema\/person\/25c7649fd584816b1747a45f3aab3b40","name":"J\u00falia Amaral","image":{"@type":"ImageObject","inLanguage":"pt-BR","@id":"https:\/\/secure.gravatar.com\/avatar\/4d7d64d93a62bbe70e444c5c7b0a643f1955a374a94fd5eab0a928fe21d5b041?s=96&d=mm&r=g","url":"https:\/\/secure.gravatar.com\/avatar\/4d7d64d93a62bbe70e444c5c7b0a643f1955a374a94fd5eab0a928fe21d5b041?s=96&d=mm&r=g","contentUrl":"https:\/\/secure.gravatar.com\/avatar\/4d7d64d93a62bbe70e444c5c7b0a643f1955a374a94fd5eab0a928fe21d5b041?s=96&d=mm&r=g","caption":"J\u00falia Amaral"},"url":"https:\/\/folhapopular.info\/index.php\/author\/julia-amaral\/"}]}},"jetpack_featured_media_url":"https:\/\/folhapopular.info\/wp-content\/uploads\/2025\/02\/CREDITO-JULIA-AMARAL-1-scaled.jpeg","jetpack_sharing_enabled":true,"amp_enabled":true,"_links":{"self":[{"href":"https:\/\/folhapopular.info\/index.php\/wp-json\/wp\/v2\/posts\/180645","targetHints":{"allow":["GET"]}}],"collection":[{"href":"https:\/\/folhapopular.info\/index.php\/wp-json\/wp\/v2\/posts"}],"about":[{"href":"https:\/\/folhapopular.info\/index.php\/wp-json\/wp\/v2\/types\/post"}],"author":[{"embeddable":true,"href":"https:\/\/folhapopular.info\/index.php\/wp-json\/wp\/v2\/users\/747"}],"replies":[{"embeddable":true,"href":"https:\/\/folhapopular.info\/index.php\/wp-json\/wp\/v2\/comments?post=180645"}],"version-history":[{"count":0,"href":"https:\/\/folhapopular.info\/index.php\/wp-json\/wp\/v2\/posts\/180645\/revisions"}],"wp:featuredmedia":[{"embeddable":true,"href":"https:\/\/folhapopular.info\/index.php\/wp-json\/wp\/v2\/media\/180647"}],"wp:attachment":[{"href":"https:\/\/folhapopular.info\/index.php\/wp-json\/wp\/v2\/media?parent=180645"}],"wp:term":[{"taxonomy":"category","embeddable":true,"href":"https:\/\/folhapopular.info\/index.php\/wp-json\/wp\/v2\/categories?post=180645"},{"taxonomy":"post_tag","embeddable":true,"href":"https:\/\/folhapopular.info\/index.php\/wp-json\/wp\/v2\/tags?post=180645"}],"curies":[{"name":"wp","href":"https:\/\/api.w.org\/{rel}","templated":true}]}}