{"id":180668,"date":"2025-02-15T08:00:00","date_gmt":"2025-02-15T11:00:00","guid":{"rendered":"https:\/\/folhapopular.info\/?p=180668"},"modified":"2025-02-14T16:30:18","modified_gmt":"2025-02-14T19:30:18","slug":"antt-acolhe-novas-demandas-para-a-br-386-tem-chance-de-incluir-bastante-coisa","status":"publish","type":"post","link":"https:\/\/folhapopular.info\/index.php\/2025\/02\/15\/antt-acolhe-novas-demandas-para-a-br-386-tem-chance-de-incluir-bastante-coisa\/","title":{"rendered":"ANTT acolhe novas demandas para a BR-386: \u201cTem chance de incluir bastante coisa\u201d"},"content":{"rendered":"\n<p>A Ag\u00eancia Nacional de Transportes Terrestres (ANTT) realizou, nesta quinta-feira (13\/2), uma reuni\u00e3o participativa com entidades do Vale do Taquari, representantes dos munic\u00edpios e a comunidade para discutir o contrato com a CCR ViaSul para a concess\u00e3o da BR-386.<\/p>\n\n\n\n<p>Da regi\u00e3o, participam os representantes de 11 munic\u00edpios lindeiros: Lajeado, Bom Retiro do Sul, Estrela, Taquari, Forquetinha, Canudos do Vale, Marques de Souza, Paverama, S\u00e9rio, Pouso Novo e Taba\u00ed.<\/p>\n\n\n\n<p>Eles anunciaram duas principais pautas regionais, que s\u00e3o a constru\u00e7\u00e3o de uma nova ponte sobre o Rio Taquari, entre Estrela e Lajeado, e a inclus\u00e3o de \u00e1reas de descanso para caminhoneiros. A pauta foi apresentada pela prefeita de Lajeado, Glaucia Schumacher, e entregue \u00e0 mesa pelo presidente da Amvat, Sidinei Mois\u00e9s de Freitas.<\/p>\n\n\n\n<p>Matheus Rodero, presidente da reuni\u00e3o participativa, explicou que \u00e9 poss\u00edvel incluir mais detalhes das propostas at\u00e9 as 18h do dia 27 de fevereiro no site da ANTT. A ag\u00eancia deve retornar em aproximadamente 1 m\u00eas com uma nota t\u00e9cnica aprovando ou n\u00e3o as solicita\u00e7\u00f5es.<\/p>\n\n\n\n<p>A partir de ent\u00e3o, as demandas podem entrar no contrato de concess\u00e3o como novo investimento, por revis\u00e3o extraordin\u00e1ria do contrato, por meio de um termo aditivo ou de um termo de ajuste para inclus\u00e3o de novas obras.<\/p>\n\n\n\n<p>\u201cA maioria dos pleitos da reuni\u00e3o n\u00e3o tem investimento t\u00e3o alto para ser executada e, como o ped\u00e1gio est\u00e1 com um valor \u2018acess\u00edvel\u2019, tem chance de incluirmos bastante coisa na concess\u00e3o. O contrato est\u00e1 no sexto ano, e os investimentos podem ser dilu\u00eddos por mais 24. \u00c9 claro que isso vai refletir nas tarifas de ped\u00e1gio\u201d, lembra.<\/p>\n\n\n\n<h2 class=\"wp-block-heading\"><strong>Demandas<\/strong><\/h2>\n\n\n\n<p>Alguns prefeitos falaram individualmente, e a maioria citou a necessidade de rever acessos n\u00e3o previstos.<\/p>\n\n\n\n<p>O vice-prefeito de Bom Retiro do Sul pediu uma via lateral de 300 metros entre a sa\u00edda do munic\u00edpio e a divisa com Fazenda Vilanova. \u201cTemos seis empresas ali e queremos fazer um alto investimento. J\u00e1 desapropriamos \u00e1reas para construir uma estrada de 25 metros de largura. Ela j\u00e1 est\u00e1 projetada e paga\u201d, sinalizou. O vereador Jo\u00e3o Pedro Pazuch refor\u00e7ou a tentativa da administra\u00e7\u00e3o passada de abarcar a obra e os empecilhos da CCR.\u201c\u00c9 uma luta antiga\u201d, disse.<\/p>\n\n\n\n<p>O secret\u00e1rio da Fazenda de Estrela, Marco Wermann, situou sobre o fechamento do acesso ao Bairro Pinheiros, no Km 351 da rodovia. \u201cTemos apenas uma sa\u00edda e todos os dias congestiona, gerando risco na \u00e1rea da CCR, porque diversos carros, carretas e caminh\u00f5es pesados param no trevo\u201d, justificou.<\/p>\n\n\n\n<p>Pediu a inclus\u00e3o de um t\u00fanel ou elevada junto ao antigo acesso \u201cpara que o munic\u00edpio tenha alternativa, pois um lado da cidade n\u00e3o conversa com o outro. Essa \u00e9, tamb\u00e9m, a \u00fanica liga\u00e7\u00e3o de quem chega da RSC-453, rodovia estadual com tr\u00e2nsito intenso. \u00c9 um problema de mobilidade grave, na enchente piorou mais ainda\u201d. Solicitou a abertura emergencial do acesso enquanto a solu\u00e7\u00e3o n\u00e3o for encontrada.<\/p>\n\n\n\n<p>Ainda, pediu a antecipa\u00e7\u00e3o da amplia\u00e7\u00e3o das vias marginais em todo o trecho que compreende Estrela, prevista para o 13\u00ba ano de concess\u00e3o. \u201cPerdemos muitas \u00e1reas importantes na enchente e as \u00e1reas lindeiras d\u00e3o possibilidade das pessoas e empresas se instalarem. Queremos tamb\u00e9m acesso diferente para a Trans Santa Rita, para dar vaz\u00e3o ao fluxo intenso\u201d, disse.<\/p>\n\n\n\n<p>O vereador Ramatis Oliveira, de Lajeado, ressaltou queexiste demora nas entregas das obras, e muitos acessos ocorrem dentro do munic\u00edpio, como nos Bairros Santo Andr\u00e9, Montanha e Conservas. Devido \u00e0s situa\u00e7\u00f5es de calamidade comuns na regi\u00e3o, sugeriu a inser\u00e7\u00e3o de dispositivo legal que permita aos governos municipais, do Estado ou a Federa\u00e7\u00e3o a trabalhar junto com a concession\u00e1ria para dar agilidade \u00e0s obras. \u201cEstamos h\u00e1 quase 1 ano esperando a concession\u00e1ria finalizar a obra da ponte e quem sente o impacto somos n\u00f3s\u201d, disse.<\/p>\n\n\n\n<h2 class=\"wp-block-heading\"><strong>Saiba mais<\/strong><\/h2>\n\n\n\n<p>O contrato de 30 anos com a CCR ViaSul prev\u00ea revis\u00f5es quinquenais (a cada 5 anos) em busca de adequar o plano de investimentos \u00e0s realidades dos munic\u00edpios. Esta seria a reuni\u00e3o participativa n\u00ba 6, programada para ocorrer em maio de 2024, quando a concess\u00e3o completou 5 anos. No entanto, foi postergada para fevereiro de 2025 devido \u00e0s cheias que assolaram a regi\u00e3o.<\/p>\n\n\n\n<p>Neste s\u00e1bado (15\/2) inicia o 7\u00ba ano de concess\u00e3o. A CCR ViaSul det\u00e9m a permiss\u00e3o para administrar 473 quil\u00f4metros de estradas no Rio Grande do Sul, compreendendo as BRs 101, 290, 448 e 386.<\/p>\n\n\n\n<h2 class=\"wp-block-heading\"><strong>Resumo dos pedidos \u00e0 ANTT<\/strong><\/h2>\n\n\n\n<p><strong>AMVAT (GERAL)<\/strong><\/p>\n\n\n\n<p>Uma nova ponte sobre o Rio Taquari e \u00e1reas de descanso para caminhoneiros (n\u00e3o previstas no contrato)<\/p>\n\n\n\n<p><strong>LAJEADO<\/strong><\/p>\n\n\n\n<p>&#8211; Refor\u00e7a a nova ponte paralela \u00e0s atuais pontes da BR-386, que ligam Lajeado e Estrela. O pedido j\u00e1 foi protocolado no DNIT em dezembro de 2024 e se encontra em an\u00e1lise t\u00e9cnica;<\/p>\n\n\n\n<p>&#8211; Manter o acesso \u00e0 ERS-130 para quem vem via BR-386 em dire\u00e7\u00e3o a Ven\u00e2ncio Aires (Km 345+080).<\/p>\n\n\n\n<p><strong>ESTRELA<\/strong><\/p>\n\n\n\n<p>&#8211; Antecipa\u00e7\u00e3o das obras de vias marginais \u00e0 rodovia (previstas para o 13\u00ba ano da concess\u00e3o);<\/p>\n\n\n\n<p>&#8211; Inclus\u00e3o de interven\u00e7\u00e3o (t\u00fanel ou elevada) para acesso ao Bairro Pinheiros, nas proximidades do Km 351;<\/p>\n\n\n\n<p>&#8211; Execu\u00e7\u00e3o de interven\u00e7\u00e3o no acesso \u00e0 Trans Santa Rita (Km 356).<\/p>\n\n\n\n<p><strong>BOM RETIRO DO SUL<\/strong><\/p>\n\n\n\n<p>&#8211; Antecipa\u00e7\u00e3o da execu\u00e7\u00e3o de obras de vias paralelas no trecho entre os Kms 362 e 363.<\/p>\n\n\n\n<p><strong>FAZENDA VILANOVA<\/strong><\/p>\n\n\n\n<p>&#8211; Inclus\u00e3o da constru\u00e7\u00e3o de um viaduto na BR-386, no acesso \u00e0 ERS-128 (Via L\u00e1ctea);<\/p>\n\n\n\n<p>&#8211; Constru\u00e7\u00e3o de passarelas nos Kms 370+300 e 371+500.<\/p>\n\n\n\n<p><strong>POUSO NOVO<\/strong><\/p>\n\n\n\n<p>&#8211; Manuten\u00e7\u00e3o de 69 acessos comerciais, rurais e residenciais ao longo dos Kms 290 ao 311.<\/p>\n\n\n\n<p><strong>MARQUES DE SOUZA<\/strong><\/p>\n\n\n\n<p>&#8211; \u2060Retorno em n\u00edvel em Linha Perau e Linha Bastos;<\/p>\n\n\n\n<p>&#8211; \u2060Interconex\u00e3o no Km 326;<\/p>\n\n\n\n<p>&#8211; \u2060Reconstru\u00e7\u00e3o de tr\u00eas paradas de \u00f4nibus;<\/p>\n\n\n\n<p>&#8211; \u2060Pavimenta\u00e7\u00e3o de vias laterais na interconex\u00e3o com o Km 326;<\/p>\n\n\n\n<p>&#8211; \u2060Pistas de acelera\u00e7\u00e3o\/desacelera\u00e7\u00e3o em sete acessos;<\/p>\n\n\n\n<p>&#8211; \u2060Passagem para m\u00e1quinas agr\u00edcolas;<\/p>\n\n\n\n<p>&#8211; \u2060Vias laterais em Linha Bastos (sentido Norte-Sul) e Linha Perau (Lado Sul);<\/p>\n\n\n\n<p>&#8211; \u2060Regulariza\u00e7\u00e3o de todos os acessos.<\/p>\n\n\n\n<p>Contribua no <a href=\"https:\/\/participantt.antt.gov.br\/public\">aqui<\/a>.<\/p>\n","protected":false},"excerpt":{"rendered":"<p>A Ag\u00eancia Nacional de Transportes Terrestres (ANTT) realizou, nesta quinta-feira (13\/2), uma reuni\u00e3o participativa com entidades do Vale do Taquari, representantes dos munic\u00edpios e a comunidade para discutir o contrato com a CCR ViaSul para a concess\u00e3o da BR-386. Da regi\u00e3o, participam os representantes de 11 munic\u00edpios lindeiros: Lajeado, Bom Retiro do Sul, Estrela, Taquari, [&hellip;]<\/p>\n","protected":false},"author":639,"featured_media":180670,"comment_status":"open","ping_status":"open","sticky":false,"template":"","format":"standard","meta":{"pmpro_default_level":"","_jetpack_memberships_contains_paid_content":false,"footnotes":""},"categories":[2,3,11091],"tags":[17996,13814,91,6075],"class_list":{"0":"post-180668","1":"post","2":"type-post","3":"status-publish","4":"format-standard","5":"has-post-thumbnail","7":"category-featured","8":"category-geral","9":"category-servicos","10":"tag-agencia-nacional-de-transportes-terrestres","11":"tag-antt","12":"tag-br-386","13":"tag-demandas","14":"pmpro-has-access"},"yoast_head":"<!-- This site is optimized with the Yoast SEO plugin v27.5 - https:\/\/yoast.com\/product\/yoast-seo-wordpress\/ -->\n<title>ANTT acolhe novas demandas para a BR-386: \u201cTem chance de incluir bastante coisa\u201d - Folha Popular<\/title>\n<meta name=\"robots\" content=\"index, follow, max-snippet:-1, max-image-preview:large, max-video-preview:-1\" \/>\n<link rel=\"canonical\" href=\"https:\/\/folhapopular.info\/index.php\/2025\/02\/15\/antt-acolhe-novas-demandas-para-a-br-386-tem-chance-de-incluir-bastante-coisa\/\" \/>\n<meta property=\"og:locale\" content=\"pt_BR\" \/>\n<meta property=\"og:type\" content=\"article\" \/>\n<meta property=\"og:title\" content=\"ANTT acolhe novas demandas para a BR-386: \u201cTem chance de incluir bastante coisa\u201d - Folha Popular\" \/>\n<meta property=\"og:description\" content=\"A Ag\u00eancia Nacional de Transportes Terrestres (ANTT) realizou, nesta quinta-feira (13\/2), uma reuni\u00e3o participativa com entidades do Vale do Taquari, representantes dos munic\u00edpios e a comunidade para discutir o contrato com a CCR ViaSul para a concess\u00e3o da BR-386. Da regi\u00e3o, participam os representantes de 11 munic\u00edpios lindeiros: Lajeado, Bom Retiro do Sul, Estrela, Taquari, [&hellip;]\" \/>\n<meta property=\"og:url\" content=\"https:\/\/folhapopular.info\/index.php\/2025\/02\/15\/antt-acolhe-novas-demandas-para-a-br-386-tem-chance-de-incluir-bastante-coisa\/\" \/>\n<meta property=\"og:site_name\" content=\"Folha Popular\" \/>\n<meta property=\"article:published_time\" content=\"2025-02-15T11:00:00+00:00\" \/>\n<meta property=\"og:image\" content=\"https:\/\/folhapopular.info\/wp-content\/uploads\/2025\/02\/entrega-documento-ANTT_Camille-Lenz-da-Silva-scaled.jpeg\" \/>\n\t<meta property=\"og:image:width\" content=\"2560\" \/>\n\t<meta property=\"og:image:height\" content=\"1920\" \/>\n\t<meta property=\"og:image:type\" content=\"image\/jpeg\" \/>\n<meta name=\"author\" content=\"Camille Lenz da Silva\" \/>\n<meta name=\"twitter:card\" content=\"summary_large_image\" \/>\n<meta name=\"twitter:label1\" content=\"Escrito por\" \/>\n\t<meta name=\"twitter:data1\" content=\"Camille Lenz da Silva\" \/>\n\t<meta name=\"twitter:label2\" content=\"Est. tempo de leitura\" \/>\n\t<meta name=\"twitter:data2\" content=\"6 minutos\" \/>\n<script type=\"application\/ld+json\" class=\"yoast-schema-graph\">{\"@context\":\"https:\\\/\\\/schema.org\",\"@graph\":[{\"@type\":\"Article\",\"@id\":\"https:\\\/\\\/folhapopular.info\\\/index.php\\\/2025\\\/02\\\/15\\\/antt-acolhe-novas-demandas-para-a-br-386-tem-chance-de-incluir-bastante-coisa\\\/#article\",\"isPartOf\":{\"@id\":\"https:\\\/\\\/folhapopular.info\\\/index.php\\\/2025\\\/02\\\/15\\\/antt-acolhe-novas-demandas-para-a-br-386-tem-chance-de-incluir-bastante-coisa\\\/\"},\"author\":{\"name\":\"Camille Lenz da Silva\",\"@id\":\"https:\\\/\\\/folhapopular.info\\\/#\\\/schema\\\/person\\\/f0b811f932ef2505faf473ffaef49df5\"},\"headline\":\"ANTT acolhe novas demandas para a BR-386: \u201cTem chance de incluir bastante coisa\u201d\",\"datePublished\":\"2025-02-15T11:00:00+00:00\",\"mainEntityOfPage\":{\"@id\":\"https:\\\/\\\/folhapopular.info\\\/index.php\\\/2025\\\/02\\\/15\\\/antt-acolhe-novas-demandas-para-a-br-386-tem-chance-de-incluir-bastante-coisa\\\/\"},\"wordCount\":1036,\"commentCount\":0,\"image\":{\"@id\":\"https:\\\/\\\/folhapopular.info\\\/index.php\\\/2025\\\/02\\\/15\\\/antt-acolhe-novas-demandas-para-a-br-386-tem-chance-de-incluir-bastante-coisa\\\/#primaryimage\"},\"thumbnailUrl\":\"https:\\\/\\\/folhapopular.info\\\/wp-content\\\/uploads\\\/2025\\\/02\\\/entrega-documento-ANTT_Camille-Lenz-da-Silva-scaled.jpeg\",\"keywords\":[\"Ag\u00eancia Nacional de Transportes Terrestres\",\"ANTT\",\"BR-386\",\"Demandas\"],\"articleSection\":[\"Destaques\",\"Geral\",\"Servi\u00e7os\"],\"inLanguage\":\"pt-BR\",\"potentialAction\":[{\"@type\":\"CommentAction\",\"name\":\"Comment\",\"target\":[\"https:\\\/\\\/folhapopular.info\\\/index.php\\\/2025\\\/02\\\/15\\\/antt-acolhe-novas-demandas-para-a-br-386-tem-chance-de-incluir-bastante-coisa\\\/#respond\"]}]},{\"@type\":\"WebPage\",\"@id\":\"https:\\\/\\\/folhapopular.info\\\/index.php\\\/2025\\\/02\\\/15\\\/antt-acolhe-novas-demandas-para-a-br-386-tem-chance-de-incluir-bastante-coisa\\\/\",\"url\":\"https:\\\/\\\/folhapopular.info\\\/index.php\\\/2025\\\/02\\\/15\\\/antt-acolhe-novas-demandas-para-a-br-386-tem-chance-de-incluir-bastante-coisa\\\/\",\"name\":\"ANTT acolhe novas demandas para a BR-386: \u201cTem chance de incluir bastante coisa\u201d - Folha Popular\",\"isPartOf\":{\"@id\":\"https:\\\/\\\/folhapopular.info\\\/#website\"},\"primaryImageOfPage\":{\"@id\":\"https:\\\/\\\/folhapopular.info\\\/index.php\\\/2025\\\/02\\\/15\\\/antt-acolhe-novas-demandas-para-a-br-386-tem-chance-de-incluir-bastante-coisa\\\/#primaryimage\"},\"image\":{\"@id\":\"https:\\\/\\\/folhapopular.info\\\/index.php\\\/2025\\\/02\\\/15\\\/antt-acolhe-novas-demandas-para-a-br-386-tem-chance-de-incluir-bastante-coisa\\\/#primaryimage\"},\"thumbnailUrl\":\"https:\\\/\\\/folhapopular.info\\\/wp-content\\\/uploads\\\/2025\\\/02\\\/entrega-documento-ANTT_Camille-Lenz-da-Silva-scaled.jpeg\",\"datePublished\":\"2025-02-15T11:00:00+00:00\",\"author\":{\"@id\":\"https:\\\/\\\/folhapopular.info\\\/#\\\/schema\\\/person\\\/f0b811f932ef2505faf473ffaef49df5\"},\"breadcrumb\":{\"@id\":\"https:\\\/\\\/folhapopular.info\\\/index.php\\\/2025\\\/02\\\/15\\\/antt-acolhe-novas-demandas-para-a-br-386-tem-chance-de-incluir-bastante-coisa\\\/#breadcrumb\"},\"inLanguage\":\"pt-BR\",\"potentialAction\":[{\"@type\":\"ReadAction\",\"target\":[\"https:\\\/\\\/folhapopular.info\\\/index.php\\\/2025\\\/02\\\/15\\\/antt-acolhe-novas-demandas-para-a-br-386-tem-chance-de-incluir-bastante-coisa\\\/\"]}]},{\"@type\":\"ImageObject\",\"inLanguage\":\"pt-BR\",\"@id\":\"https:\\\/\\\/folhapopular.info\\\/index.php\\\/2025\\\/02\\\/15\\\/antt-acolhe-novas-demandas-para-a-br-386-tem-chance-de-incluir-bastante-coisa\\\/#primaryimage\",\"url\":\"https:\\\/\\\/folhapopular.info\\\/wp-content\\\/uploads\\\/2025\\\/02\\\/entrega-documento-ANTT_Camille-Lenz-da-Silva-scaled.jpeg\",\"contentUrl\":\"https:\\\/\\\/folhapopular.info\\\/wp-content\\\/uploads\\\/2025\\\/02\\\/entrega-documento-ANTT_Camille-Lenz-da-Silva-scaled.jpeg\",\"width\":2560,\"height\":1920,\"caption\":\"Presidente da Amvat (de branco) entregou documento com as reivindica\u00e7\u00f5es da regi\u00e3o aos membros da ANTT \\\/ Cr\u00e9dito: Camille Lenz da Silva\"},{\"@type\":\"BreadcrumbList\",\"@id\":\"https:\\\/\\\/folhapopular.info\\\/index.php\\\/2025\\\/02\\\/15\\\/antt-acolhe-novas-demandas-para-a-br-386-tem-chance-de-incluir-bastante-coisa\\\/#breadcrumb\",\"itemListElement\":[{\"@type\":\"ListItem\",\"position\":1,\"name\":\"In\u00edcio\",\"item\":\"https:\\\/\\\/folhapopular.info\\\/\"},{\"@type\":\"ListItem\",\"position\":2,\"name\":\"ANTT acolhe novas demandas para a BR-386: \u201cTem chance de incluir bastante coisa\u201d\"}]},{\"@type\":\"WebSite\",\"@id\":\"https:\\\/\\\/folhapopular.info\\\/#website\",\"url\":\"https:\\\/\\\/folhapopular.info\\\/\",\"name\":\"Folha Popular\",\"description\":\"Onde voc\u00ea tem vez e voz\",\"potentialAction\":[{\"@type\":\"SearchAction\",\"target\":{\"@type\":\"EntryPoint\",\"urlTemplate\":\"https:\\\/\\\/folhapopular.info\\\/?s={search_term_string}\"},\"query-input\":{\"@type\":\"PropertyValueSpecification\",\"valueRequired\":true,\"valueName\":\"search_term_string\"}}],\"inLanguage\":\"pt-BR\"},{\"@type\":\"Person\",\"@id\":\"https:\\\/\\\/folhapopular.info\\\/#\\\/schema\\\/person\\\/f0b811f932ef2505faf473ffaef49df5\",\"name\":\"Camille Lenz da Silva\",\"image\":{\"@type\":\"ImageObject\",\"inLanguage\":\"pt-BR\",\"@id\":\"https:\\\/\\\/secure.gravatar.com\\\/avatar\\\/50be826d73ca259ec0e0a88a407f5de800c576c46cfdc57e50ef28551e216fff?s=96&d=mm&r=g\",\"url\":\"https:\\\/\\\/secure.gravatar.com\\\/avatar\\\/50be826d73ca259ec0e0a88a407f5de800c576c46cfdc57e50ef28551e216fff?s=96&d=mm&r=g\",\"contentUrl\":\"https:\\\/\\\/secure.gravatar.com\\\/avatar\\\/50be826d73ca259ec0e0a88a407f5de800c576c46cfdc57e50ef28551e216fff?s=96&d=mm&r=g\",\"caption\":\"Camille Lenz da Silva\"},\"url\":\"https:\\\/\\\/folhapopular.info\\\/index.php\\\/author\\\/camillelenzgmail-com\\\/\"}]}<\/script>\n<!-- \/ Yoast SEO plugin. -->","yoast_head_json":{"title":"ANTT acolhe novas demandas para a BR-386: \u201cTem chance de incluir bastante coisa\u201d - Folha Popular","robots":{"index":"index","follow":"follow","max-snippet":"max-snippet:-1","max-image-preview":"max-image-preview:large","max-video-preview":"max-video-preview:-1"},"canonical":"https:\/\/folhapopular.info\/index.php\/2025\/02\/15\/antt-acolhe-novas-demandas-para-a-br-386-tem-chance-de-incluir-bastante-coisa\/","og_locale":"pt_BR","og_type":"article","og_title":"ANTT acolhe novas demandas para a BR-386: \u201cTem chance de incluir bastante coisa\u201d - Folha Popular","og_description":"A Ag\u00eancia Nacional de Transportes Terrestres (ANTT) realizou, nesta quinta-feira (13\/2), uma reuni\u00e3o participativa com entidades do Vale do Taquari, representantes dos munic\u00edpios e a comunidade para discutir o contrato com a CCR ViaSul para a concess\u00e3o da BR-386. Da regi\u00e3o, participam os representantes de 11 munic\u00edpios lindeiros: Lajeado, Bom Retiro do Sul, Estrela, Taquari, [&hellip;]","og_url":"https:\/\/folhapopular.info\/index.php\/2025\/02\/15\/antt-acolhe-novas-demandas-para-a-br-386-tem-chance-de-incluir-bastante-coisa\/","og_site_name":"Folha Popular","article_published_time":"2025-02-15T11:00:00+00:00","og_image":[{"width":2560,"height":1920,"url":"https:\/\/folhapopular.info\/wp-content\/uploads\/2025\/02\/entrega-documento-ANTT_Camille-Lenz-da-Silva-scaled.jpeg","type":"image\/jpeg"}],"author":"Camille Lenz da Silva","twitter_card":"summary_large_image","twitter_misc":{"Escrito por":"Camille Lenz da Silva","Est. tempo de leitura":"6 minutos"},"schema":{"@context":"https:\/\/schema.org","@graph":[{"@type":"Article","@id":"https:\/\/folhapopular.info\/index.php\/2025\/02\/15\/antt-acolhe-novas-demandas-para-a-br-386-tem-chance-de-incluir-bastante-coisa\/#article","isPartOf":{"@id":"https:\/\/folhapopular.info\/index.php\/2025\/02\/15\/antt-acolhe-novas-demandas-para-a-br-386-tem-chance-de-incluir-bastante-coisa\/"},"author":{"name":"Camille Lenz da Silva","@id":"https:\/\/folhapopular.info\/#\/schema\/person\/f0b811f932ef2505faf473ffaef49df5"},"headline":"ANTT acolhe novas demandas para a BR-386: \u201cTem chance de incluir bastante coisa\u201d","datePublished":"2025-02-15T11:00:00+00:00","mainEntityOfPage":{"@id":"https:\/\/folhapopular.info\/index.php\/2025\/02\/15\/antt-acolhe-novas-demandas-para-a-br-386-tem-chance-de-incluir-bastante-coisa\/"},"wordCount":1036,"commentCount":0,"image":{"@id":"https:\/\/folhapopular.info\/index.php\/2025\/02\/15\/antt-acolhe-novas-demandas-para-a-br-386-tem-chance-de-incluir-bastante-coisa\/#primaryimage"},"thumbnailUrl":"https:\/\/folhapopular.info\/wp-content\/uploads\/2025\/02\/entrega-documento-ANTT_Camille-Lenz-da-Silva-scaled.jpeg","keywords":["Ag\u00eancia Nacional de Transportes Terrestres","ANTT","BR-386","Demandas"],"articleSection":["Destaques","Geral","Servi\u00e7os"],"inLanguage":"pt-BR","potentialAction":[{"@type":"CommentAction","name":"Comment","target":["https:\/\/folhapopular.info\/index.php\/2025\/02\/15\/antt-acolhe-novas-demandas-para-a-br-386-tem-chance-de-incluir-bastante-coisa\/#respond"]}]},{"@type":"WebPage","@id":"https:\/\/folhapopular.info\/index.php\/2025\/02\/15\/antt-acolhe-novas-demandas-para-a-br-386-tem-chance-de-incluir-bastante-coisa\/","url":"https:\/\/folhapopular.info\/index.php\/2025\/02\/15\/antt-acolhe-novas-demandas-para-a-br-386-tem-chance-de-incluir-bastante-coisa\/","name":"ANTT acolhe novas demandas para a BR-386: \u201cTem chance de incluir bastante coisa\u201d - Folha Popular","isPartOf":{"@id":"https:\/\/folhapopular.info\/#website"},"primaryImageOfPage":{"@id":"https:\/\/folhapopular.info\/index.php\/2025\/02\/15\/antt-acolhe-novas-demandas-para-a-br-386-tem-chance-de-incluir-bastante-coisa\/#primaryimage"},"image":{"@id":"https:\/\/folhapopular.info\/index.php\/2025\/02\/15\/antt-acolhe-novas-demandas-para-a-br-386-tem-chance-de-incluir-bastante-coisa\/#primaryimage"},"thumbnailUrl":"https:\/\/folhapopular.info\/wp-content\/uploads\/2025\/02\/entrega-documento-ANTT_Camille-Lenz-da-Silva-scaled.jpeg","datePublished":"2025-02-15T11:00:00+00:00","author":{"@id":"https:\/\/folhapopular.info\/#\/schema\/person\/f0b811f932ef2505faf473ffaef49df5"},"breadcrumb":{"@id":"https:\/\/folhapopular.info\/index.php\/2025\/02\/15\/antt-acolhe-novas-demandas-para-a-br-386-tem-chance-de-incluir-bastante-coisa\/#breadcrumb"},"inLanguage":"pt-BR","potentialAction":[{"@type":"ReadAction","target":["https:\/\/folhapopular.info\/index.php\/2025\/02\/15\/antt-acolhe-novas-demandas-para-a-br-386-tem-chance-de-incluir-bastante-coisa\/"]}]},{"@type":"ImageObject","inLanguage":"pt-BR","@id":"https:\/\/folhapopular.info\/index.php\/2025\/02\/15\/antt-acolhe-novas-demandas-para-a-br-386-tem-chance-de-incluir-bastante-coisa\/#primaryimage","url":"https:\/\/folhapopular.info\/wp-content\/uploads\/2025\/02\/entrega-documento-ANTT_Camille-Lenz-da-Silva-scaled.jpeg","contentUrl":"https:\/\/folhapopular.info\/wp-content\/uploads\/2025\/02\/entrega-documento-ANTT_Camille-Lenz-da-Silva-scaled.jpeg","width":2560,"height":1920,"caption":"Presidente da Amvat (de branco) entregou documento com as reivindica\u00e7\u00f5es da regi\u00e3o aos membros da ANTT \/ Cr\u00e9dito: Camille Lenz da Silva"},{"@type":"BreadcrumbList","@id":"https:\/\/folhapopular.info\/index.php\/2025\/02\/15\/antt-acolhe-novas-demandas-para-a-br-386-tem-chance-de-incluir-bastante-coisa\/#breadcrumb","itemListElement":[{"@type":"ListItem","position":1,"name":"In\u00edcio","item":"https:\/\/folhapopular.info\/"},{"@type":"ListItem","position":2,"name":"ANTT acolhe novas demandas para a BR-386: \u201cTem chance de incluir bastante coisa\u201d"}]},{"@type":"WebSite","@id":"https:\/\/folhapopular.info\/#website","url":"https:\/\/folhapopular.info\/","name":"Folha Popular","description":"Onde voc\u00ea tem vez e voz","potentialAction":[{"@type":"SearchAction","target":{"@type":"EntryPoint","urlTemplate":"https:\/\/folhapopular.info\/?s={search_term_string}"},"query-input":{"@type":"PropertyValueSpecification","valueRequired":true,"valueName":"search_term_string"}}],"inLanguage":"pt-BR"},{"@type":"Person","@id":"https:\/\/folhapopular.info\/#\/schema\/person\/f0b811f932ef2505faf473ffaef49df5","name":"Camille Lenz da Silva","image":{"@type":"ImageObject","inLanguage":"pt-BR","@id":"https:\/\/secure.gravatar.com\/avatar\/50be826d73ca259ec0e0a88a407f5de800c576c46cfdc57e50ef28551e216fff?s=96&d=mm&r=g","url":"https:\/\/secure.gravatar.com\/avatar\/50be826d73ca259ec0e0a88a407f5de800c576c46cfdc57e50ef28551e216fff?s=96&d=mm&r=g","contentUrl":"https:\/\/secure.gravatar.com\/avatar\/50be826d73ca259ec0e0a88a407f5de800c576c46cfdc57e50ef28551e216fff?s=96&d=mm&r=g","caption":"Camille Lenz da Silva"},"url":"https:\/\/folhapopular.info\/index.php\/author\/camillelenzgmail-com\/"}]}},"jetpack_featured_media_url":"https:\/\/folhapopular.info\/wp-content\/uploads\/2025\/02\/entrega-documento-ANTT_Camille-Lenz-da-Silva-scaled.jpeg","jetpack_sharing_enabled":true,"amp_enabled":true,"_links":{"self":[{"href":"https:\/\/folhapopular.info\/index.php\/wp-json\/wp\/v2\/posts\/180668","targetHints":{"allow":["GET"]}}],"collection":[{"href":"https:\/\/folhapopular.info\/index.php\/wp-json\/wp\/v2\/posts"}],"about":[{"href":"https:\/\/folhapopular.info\/index.php\/wp-json\/wp\/v2\/types\/post"}],"author":[{"embeddable":true,"href":"https:\/\/folhapopular.info\/index.php\/wp-json\/wp\/v2\/users\/639"}],"replies":[{"embeddable":true,"href":"https:\/\/folhapopular.info\/index.php\/wp-json\/wp\/v2\/comments?post=180668"}],"version-history":[{"count":0,"href":"https:\/\/folhapopular.info\/index.php\/wp-json\/wp\/v2\/posts\/180668\/revisions"}],"wp:featuredmedia":[{"embeddable":true,"href":"https:\/\/folhapopular.info\/index.php\/wp-json\/wp\/v2\/media\/180670"}],"wp:attachment":[{"href":"https:\/\/folhapopular.info\/index.php\/wp-json\/wp\/v2\/media?parent=180668"}],"wp:term":[{"taxonomy":"category","embeddable":true,"href":"https:\/\/folhapopular.info\/index.php\/wp-json\/wp\/v2\/categories?post=180668"},{"taxonomy":"post_tag","embeddable":true,"href":"https:\/\/folhapopular.info\/index.php\/wp-json\/wp\/v2\/tags?post=180668"}],"curies":[{"name":"wp","href":"https:\/\/api.w.org\/{rel}","templated":true}]}}