{"id":180681,"date":"2025-02-15T16:00:00","date_gmt":"2025-02-15T19:00:00","guid":{"rendered":"https:\/\/folhapopular.info\/?p=180681"},"modified":"2025-02-14T16:43:31","modified_gmt":"2025-02-14T19:43:31","slug":"mais-de-200-pacientes-faltam-as-consultas-em-paverama-e-fazenda-vilanova","status":"publish","type":"post","link":"https:\/\/folhapopular.info\/index.php\/2025\/02\/15\/mais-de-200-pacientes-faltam-as-consultas-em-paverama-e-fazenda-vilanova\/","title":{"rendered":"Mais de 200 pacientes faltam \u00e0s consultas em Paverama e Fazenda Vilanova"},"content":{"rendered":"\n<p>Enquanto alguns aguardam por consulta m\u00e9dica nas Unidades B\u00e1sicas de Sa\u00fade (UBSs), outros n\u00e3o comparecem. Esta tem sido uma realidade constante no primeiro m\u00eas deste ano, especialmente nos munic\u00edpios de Paverama e Fazenda Vilanova, que registraram mais de 200 aus\u00eancias cada.<\/p>\n\n\n\n<p>Em Paverama, 213 pacientes faltaram \u00e0s consultas agendadas, o que representa 21% do total de agendamentos. \u201cRessaltamos e buscamos conscientizar a popula\u00e7\u00e3o sobre a import\u00e2ncia de sinalizar o cancelamento da consulta. Assim, outro usu\u00e1rio pode acessar o servi\u00e7o com mais agilidade\u201d, aponta a secret\u00e1ria de Sa\u00fade, Melissa Hartmann.<\/p>\n\n\n\n<p>J\u00e1 em Fazenda Vilanova, as aus\u00eancias foram ainda maiores: 272 em janeiro, incluindo m\u00e9dico cl\u00ednico geral e especialistas. Somente nestas faltas, o custo dos profissionais ao Munic\u00edpio representou em torno de R$ 9.400.<\/p>\n\n\n\n<p>Os impactos destas aus\u00eancias podem ser percebidos nas agendas m\u00e9dicas, que acabam se estendendo. Al\u00e9m do mais, os profissionais permanecem dispon\u00edveis durante o hor\u00e1rio das consultas em que os pacientes n\u00e3o comparecem, gerando custos de igual forma aos munic\u00edpios.<\/p>\n\n\n\n<p>Neste sentido, as administra\u00e7\u00f5es buscam alternativas para conscientizar a popula\u00e7\u00e3o da import\u00e2ncia de desmarcar, com anteced\u00eancia, a sua consulta. Isto contribui para a reorganiza\u00e7\u00e3o das agendas nas UBSs, agiliza o atendimento de outros pacientes e evita o gasto p\u00fablico.<\/p>\n\n\n\n<h2 class=\"wp-block-heading\"><strong>E nos outros<\/strong> <strong>munic\u00edpios do G8?<\/strong><\/h2>\n\n\n\n<p>Boa Vista do Sul, Colinas, Imigrante, Po\u00e7o das Antas, Teut\u00f4nia e Westf\u00e1lia completam o G8. Eles tamb\u00e9m registram faltas, por\u00e9m em menor quantidade.<\/p>\n\n\n\n<p>Em Boa Vista do Sul, 68 pacientes n\u00e3o compareceram \u00e0s consultas, o que representa 6,04% dos agendamentos. Conforme a Secretaria de Sa\u00fade, as faltas n\u00e3o impactam tanto, pois sempre h\u00e1 pacientes que procuram atendimento sem agendamento, em virtude de algum problema ou dor.<\/p>\n\n\n\n<p>J\u00e1 em Colinas, as faltas praticamente n\u00e3o existem. A secretaria explica: trabalha com agenda e com espera na agenda. Assim, no dia anterior \u00e0 consulta, os pacientes s\u00e3o contatados para a confirma\u00e7\u00e3o. Em caso de desist\u00eancia, a equipe contata pacientes que est\u00e3o na espera.<\/p>\n\n\n\n<p>O munic\u00edpio de Imigrante conta com aproximadamente 110 horas de cl\u00ednico geral por semana e em torno de cinco faltas nesta modalidade. J\u00e1 nas especialidades, s\u00e3o em torno de duas faltas por semana para atendimento de ginecologista (15h\/semana), duas faltas por semana para atendimento de pediatra (10h\/semana), uma falta por semana para atendimento de psiquiatra (10h\/semana) e uma falta por semana para atendimento de pneumologista (4h\/semana).<\/p>\n\n\n\n<p>Po\u00e7o das Antas est\u00e1 em fase de implanta\u00e7\u00e3o do sistema de agendamento das consultas para demandas programadas, aliado ao atendimento das livres demandas. Nas primeiras semanas deste ano, os mun\u00edcipes tiveram um per\u00edodo de adapta\u00e7\u00e3o a este novo formato. Em virtude disso, n\u00e3o h\u00e1 par\u00e2metro exato de faltas, mas a secretaria estima que de 40 a 50 pacientes faltaram aos seus agendamentos em janeiro, representando em torno de 5% das consultas. O preju\u00edzo mais importante, conforme a pasta, incide sobre a pr\u00f3pria popula\u00e7\u00e3o, uma vez que, diante da aus\u00eancia do paciente \u00e0 consulta, outro que aguarda na agenda poderia ter antecipado seu atendimento ou sanado a sua demanda.<\/p>\n\n\n\n<p>Em Teut\u00f4nia, 704 faltas foram registradas no m\u00eas de janeiro, sendo o maior \u00edndice no Centro Avan\u00e7ado de Sa\u00fade (CAS), com 325 aus\u00eancias.<\/p>\n\n\n\n<p>No munic\u00edpio de Westf\u00e1lia, 92 pacientes n\u00e3o compareceram \u00e0s consultas no primeiro m\u00eas de 2025, o que corresponde a 5,17% das 1.782 consultas realizadas na UBS.<\/p>\n","protected":false},"excerpt":{"rendered":"<p>Enquanto alguns aguardam por consulta m\u00e9dica nas Unidades B\u00e1sicas de Sa\u00fade (UBSs), outros n\u00e3o comparecem. Esta tem sido uma realidade constante no primeiro m\u00eas deste ano, especialmente nos munic\u00edpios de Paverama e Fazenda Vilanova, que registraram mais de 200 aus\u00eancias cada. Em Paverama, 213 pacientes faltaram \u00e0s consultas agendadas, o que representa 21% do total [&hellip;]<\/p>\n","protected":false},"author":757,"featured_media":180682,"comment_status":"open","ping_status":"open","sticky":false,"template":"","format":"standard","meta":{"pmpro_default_level":"","_jetpack_memberships_contains_paid_content":false,"footnotes":""},"categories":[2,3,10986],"tags":[1404,183,1400,18001,801,18000,34,46,40,315,89,26,25],"class_list":{"0":"post-180681","1":"post","2":"type-post","3":"status-publish","4":"format-standard","5":"has-post-thumbnail","7":"category-featured","8":"category-geral","9":"category-saude","10":"tag-boa-vista-do-sul","11":"tag-colinas","12":"tag-consultas","13":"tag-faltas","14":"tag-fazenda-vilanova","15":"tag-g-8","16":"tag-imigrante","17":"tag-paverama","18":"tag-poco-das-antas","19":"tag-regiao","20":"tag-saude","21":"tag-teutonia","22":"tag-westfalia","23":"pmpro-has-access"},"yoast_head":"<!-- This site is optimized with the Yoast SEO plugin v27.5 - https:\/\/yoast.com\/product\/yoast-seo-wordpress\/ -->\n<title>Mais de 200 pacientes faltam \u00e0s consultas em Paverama e Fazenda Vilanova - Folha Popular<\/title>\n<meta name=\"robots\" content=\"index, follow, max-snippet:-1, max-image-preview:large, max-video-preview:-1\" \/>\n<link rel=\"canonical\" href=\"https:\/\/folhapopular.info\/index.php\/2025\/02\/15\/mais-de-200-pacientes-faltam-as-consultas-em-paverama-e-fazenda-vilanova\/\" \/>\n<meta property=\"og:locale\" content=\"pt_BR\" \/>\n<meta property=\"og:type\" content=\"article\" \/>\n<meta property=\"og:title\" content=\"Mais de 200 pacientes faltam \u00e0s consultas em Paverama e Fazenda Vilanova - Folha Popular\" \/>\n<meta property=\"og:description\" content=\"Enquanto alguns aguardam por consulta m\u00e9dica nas Unidades B\u00e1sicas de Sa\u00fade (UBSs), outros n\u00e3o comparecem. Esta tem sido uma realidade constante no primeiro m\u00eas deste ano, especialmente nos munic\u00edpios de Paverama e Fazenda Vilanova, que registraram mais de 200 aus\u00eancias cada. Em Paverama, 213 pacientes faltaram \u00e0s consultas agendadas, o que representa 21% do total [&hellip;]\" \/>\n<meta property=\"og:url\" content=\"https:\/\/folhapopular.info\/index.php\/2025\/02\/15\/mais-de-200-pacientes-faltam-as-consultas-em-paverama-e-fazenda-vilanova\/\" \/>\n<meta property=\"og:site_name\" content=\"Folha Popular\" \/>\n<meta property=\"article:published_time\" content=\"2025-02-15T19:00:00+00:00\" \/>\n<meta property=\"og:image\" content=\"https:\/\/folhapopular.info\/wp-content\/uploads\/2025\/02\/Em-Paverama-213-pacientes-nao-compareceram-as-consultas-no-primeiro-mes-de-2025-scaled.jpeg\" \/>\n\t<meta property=\"og:image:width\" content=\"2560\" \/>\n\t<meta property=\"og:image:height\" content=\"1440\" \/>\n\t<meta property=\"og:image:type\" content=\"image\/jpeg\" \/>\n<meta name=\"author\" content=\"Paloma Valandro\" \/>\n<meta name=\"twitter:card\" content=\"summary_large_image\" \/>\n<meta name=\"twitter:label1\" content=\"Escrito por\" \/>\n\t<meta name=\"twitter:data1\" content=\"Paloma Valandro\" \/>\n\t<meta name=\"twitter:label2\" content=\"Est. tempo de leitura\" \/>\n\t<meta name=\"twitter:data2\" content=\"4 minutos\" \/>\n<script type=\"application\/ld+json\" class=\"yoast-schema-graph\">{\"@context\":\"https:\\\/\\\/schema.org\",\"@graph\":[{\"@type\":\"Article\",\"@id\":\"https:\\\/\\\/folhapopular.info\\\/index.php\\\/2025\\\/02\\\/15\\\/mais-de-200-pacientes-faltam-as-consultas-em-paverama-e-fazenda-vilanova\\\/#article\",\"isPartOf\":{\"@id\":\"https:\\\/\\\/folhapopular.info\\\/index.php\\\/2025\\\/02\\\/15\\\/mais-de-200-pacientes-faltam-as-consultas-em-paverama-e-fazenda-vilanova\\\/\"},\"author\":{\"name\":\"Paloma Valandro\",\"@id\":\"https:\\\/\\\/folhapopular.info\\\/#\\\/schema\\\/person\\\/1fb1a50ca75661f91da0d3839657a34d\"},\"headline\":\"Mais de 200 pacientes faltam \u00e0s consultas em Paverama e Fazenda Vilanova\",\"datePublished\":\"2025-02-15T19:00:00+00:00\",\"mainEntityOfPage\":{\"@id\":\"https:\\\/\\\/folhapopular.info\\\/index.php\\\/2025\\\/02\\\/15\\\/mais-de-200-pacientes-faltam-as-consultas-em-paverama-e-fazenda-vilanova\\\/\"},\"wordCount\":602,\"commentCount\":0,\"image\":{\"@id\":\"https:\\\/\\\/folhapopular.info\\\/index.php\\\/2025\\\/02\\\/15\\\/mais-de-200-pacientes-faltam-as-consultas-em-paverama-e-fazenda-vilanova\\\/#primaryimage\"},\"thumbnailUrl\":\"https:\\\/\\\/folhapopular.info\\\/wp-content\\\/uploads\\\/2025\\\/02\\\/Em-Paverama-213-pacientes-nao-compareceram-as-consultas-no-primeiro-mes-de-2025-scaled.jpeg\",\"keywords\":[\"Boa Vista do Sul\",\"Colinas\",\"Consultas\",\"Faltas\",\"Fazenda Vilanova\",\"G-8\",\"Imigrante\",\"Paverama\",\"Po\u00e7o das Antas\",\"Regi\u00e3o\",\"Sa\u00fade\",\"Teut\u00f4nia\",\"Westf\u00e1lia\"],\"articleSection\":[\"Destaques\",\"Geral\",\"Sa\u00fade\"],\"inLanguage\":\"pt-BR\",\"potentialAction\":[{\"@type\":\"CommentAction\",\"name\":\"Comment\",\"target\":[\"https:\\\/\\\/folhapopular.info\\\/index.php\\\/2025\\\/02\\\/15\\\/mais-de-200-pacientes-faltam-as-consultas-em-paverama-e-fazenda-vilanova\\\/#respond\"]}]},{\"@type\":\"WebPage\",\"@id\":\"https:\\\/\\\/folhapopular.info\\\/index.php\\\/2025\\\/02\\\/15\\\/mais-de-200-pacientes-faltam-as-consultas-em-paverama-e-fazenda-vilanova\\\/\",\"url\":\"https:\\\/\\\/folhapopular.info\\\/index.php\\\/2025\\\/02\\\/15\\\/mais-de-200-pacientes-faltam-as-consultas-em-paverama-e-fazenda-vilanova\\\/\",\"name\":\"Mais de 200 pacientes faltam \u00e0s consultas em Paverama e Fazenda Vilanova - Folha Popular\",\"isPartOf\":{\"@id\":\"https:\\\/\\\/folhapopular.info\\\/#website\"},\"primaryImageOfPage\":{\"@id\":\"https:\\\/\\\/folhapopular.info\\\/index.php\\\/2025\\\/02\\\/15\\\/mais-de-200-pacientes-faltam-as-consultas-em-paverama-e-fazenda-vilanova\\\/#primaryimage\"},\"image\":{\"@id\":\"https:\\\/\\\/folhapopular.info\\\/index.php\\\/2025\\\/02\\\/15\\\/mais-de-200-pacientes-faltam-as-consultas-em-paverama-e-fazenda-vilanova\\\/#primaryimage\"},\"thumbnailUrl\":\"https:\\\/\\\/folhapopular.info\\\/wp-content\\\/uploads\\\/2025\\\/02\\\/Em-Paverama-213-pacientes-nao-compareceram-as-consultas-no-primeiro-mes-de-2025-scaled.jpeg\",\"datePublished\":\"2025-02-15T19:00:00+00:00\",\"author\":{\"@id\":\"https:\\\/\\\/folhapopular.info\\\/#\\\/schema\\\/person\\\/1fb1a50ca75661f91da0d3839657a34d\"},\"breadcrumb\":{\"@id\":\"https:\\\/\\\/folhapopular.info\\\/index.php\\\/2025\\\/02\\\/15\\\/mais-de-200-pacientes-faltam-as-consultas-em-paverama-e-fazenda-vilanova\\\/#breadcrumb\"},\"inLanguage\":\"pt-BR\",\"potentialAction\":[{\"@type\":\"ReadAction\",\"target\":[\"https:\\\/\\\/folhapopular.info\\\/index.php\\\/2025\\\/02\\\/15\\\/mais-de-200-pacientes-faltam-as-consultas-em-paverama-e-fazenda-vilanova\\\/\"]}]},{\"@type\":\"ImageObject\",\"inLanguage\":\"pt-BR\",\"@id\":\"https:\\\/\\\/folhapopular.info\\\/index.php\\\/2025\\\/02\\\/15\\\/mais-de-200-pacientes-faltam-as-consultas-em-paverama-e-fazenda-vilanova\\\/#primaryimage\",\"url\":\"https:\\\/\\\/folhapopular.info\\\/wp-content\\\/uploads\\\/2025\\\/02\\\/Em-Paverama-213-pacientes-nao-compareceram-as-consultas-no-primeiro-mes-de-2025-scaled.jpeg\",\"contentUrl\":\"https:\\\/\\\/folhapopular.info\\\/wp-content\\\/uploads\\\/2025\\\/02\\\/Em-Paverama-213-pacientes-nao-compareceram-as-consultas-no-primeiro-mes-de-2025-scaled.jpeg\",\"width\":2560,\"height\":1440,\"caption\":\"Em Paverama, 213 pacientes n\u00e3o compareceram \u00e0s consultas no primeiro m\u00eas de 2025 \\\/ Cr\u00e9dito: Divulga\u00e7\u00e3o\"},{\"@type\":\"BreadcrumbList\",\"@id\":\"https:\\\/\\\/folhapopular.info\\\/index.php\\\/2025\\\/02\\\/15\\\/mais-de-200-pacientes-faltam-as-consultas-em-paverama-e-fazenda-vilanova\\\/#breadcrumb\",\"itemListElement\":[{\"@type\":\"ListItem\",\"position\":1,\"name\":\"In\u00edcio\",\"item\":\"https:\\\/\\\/folhapopular.info\\\/\"},{\"@type\":\"ListItem\",\"position\":2,\"name\":\"Mais de 200 pacientes faltam \u00e0s consultas em Paverama e Fazenda Vilanova\"}]},{\"@type\":\"WebSite\",\"@id\":\"https:\\\/\\\/folhapopular.info\\\/#website\",\"url\":\"https:\\\/\\\/folhapopular.info\\\/\",\"name\":\"Folha Popular\",\"description\":\"Onde voc\u00ea tem vez e voz\",\"potentialAction\":[{\"@type\":\"SearchAction\",\"target\":{\"@type\":\"EntryPoint\",\"urlTemplate\":\"https:\\\/\\\/folhapopular.info\\\/?s={search_term_string}\"},\"query-input\":{\"@type\":\"PropertyValueSpecification\",\"valueRequired\":true,\"valueName\":\"search_term_string\"}}],\"inLanguage\":\"pt-BR\"},{\"@type\":\"Person\",\"@id\":\"https:\\\/\\\/folhapopular.info\\\/#\\\/schema\\\/person\\\/1fb1a50ca75661f91da0d3839657a34d\",\"name\":\"Paloma Valandro\",\"image\":{\"@type\":\"ImageObject\",\"inLanguage\":\"pt-BR\",\"@id\":\"https:\\\/\\\/secure.gravatar.com\\\/avatar\\\/ef90a8f37349cc3654b42d805942c6378eb385817dccc9c637c94e7794973921?s=96&d=mm&r=g\",\"url\":\"https:\\\/\\\/secure.gravatar.com\\\/avatar\\\/ef90a8f37349cc3654b42d805942c6378eb385817dccc9c637c94e7794973921?s=96&d=mm&r=g\",\"contentUrl\":\"https:\\\/\\\/secure.gravatar.com\\\/avatar\\\/ef90a8f37349cc3654b42d805942c6378eb385817dccc9c637c94e7794973921?s=96&d=mm&r=g\",\"caption\":\"Paloma Valandro\"},\"url\":\"https:\\\/\\\/folhapopular.info\\\/index.php\\\/author\\\/paloma-valandro\\\/\"}]}<\/script>\n<!-- \/ Yoast SEO plugin. -->","yoast_head_json":{"title":"Mais de 200 pacientes faltam \u00e0s consultas em Paverama e Fazenda Vilanova - Folha Popular","robots":{"index":"index","follow":"follow","max-snippet":"max-snippet:-1","max-image-preview":"max-image-preview:large","max-video-preview":"max-video-preview:-1"},"canonical":"https:\/\/folhapopular.info\/index.php\/2025\/02\/15\/mais-de-200-pacientes-faltam-as-consultas-em-paverama-e-fazenda-vilanova\/","og_locale":"pt_BR","og_type":"article","og_title":"Mais de 200 pacientes faltam \u00e0s consultas em Paverama e Fazenda Vilanova - Folha Popular","og_description":"Enquanto alguns aguardam por consulta m\u00e9dica nas Unidades B\u00e1sicas de Sa\u00fade (UBSs), outros n\u00e3o comparecem. Esta tem sido uma realidade constante no primeiro m\u00eas deste ano, especialmente nos munic\u00edpios de Paverama e Fazenda Vilanova, que registraram mais de 200 aus\u00eancias cada. Em Paverama, 213 pacientes faltaram \u00e0s consultas agendadas, o que representa 21% do total [&hellip;]","og_url":"https:\/\/folhapopular.info\/index.php\/2025\/02\/15\/mais-de-200-pacientes-faltam-as-consultas-em-paverama-e-fazenda-vilanova\/","og_site_name":"Folha Popular","article_published_time":"2025-02-15T19:00:00+00:00","og_image":[{"width":2560,"height":1440,"url":"https:\/\/folhapopular.info\/wp-content\/uploads\/2025\/02\/Em-Paverama-213-pacientes-nao-compareceram-as-consultas-no-primeiro-mes-de-2025-scaled.jpeg","type":"image\/jpeg"}],"author":"Paloma Valandro","twitter_card":"summary_large_image","twitter_misc":{"Escrito por":"Paloma Valandro","Est. tempo de leitura":"4 minutos"},"schema":{"@context":"https:\/\/schema.org","@graph":[{"@type":"Article","@id":"https:\/\/folhapopular.info\/index.php\/2025\/02\/15\/mais-de-200-pacientes-faltam-as-consultas-em-paverama-e-fazenda-vilanova\/#article","isPartOf":{"@id":"https:\/\/folhapopular.info\/index.php\/2025\/02\/15\/mais-de-200-pacientes-faltam-as-consultas-em-paverama-e-fazenda-vilanova\/"},"author":{"name":"Paloma Valandro","@id":"https:\/\/folhapopular.info\/#\/schema\/person\/1fb1a50ca75661f91da0d3839657a34d"},"headline":"Mais de 200 pacientes faltam \u00e0s consultas em Paverama e Fazenda Vilanova","datePublished":"2025-02-15T19:00:00+00:00","mainEntityOfPage":{"@id":"https:\/\/folhapopular.info\/index.php\/2025\/02\/15\/mais-de-200-pacientes-faltam-as-consultas-em-paverama-e-fazenda-vilanova\/"},"wordCount":602,"commentCount":0,"image":{"@id":"https:\/\/folhapopular.info\/index.php\/2025\/02\/15\/mais-de-200-pacientes-faltam-as-consultas-em-paverama-e-fazenda-vilanova\/#primaryimage"},"thumbnailUrl":"https:\/\/folhapopular.info\/wp-content\/uploads\/2025\/02\/Em-Paverama-213-pacientes-nao-compareceram-as-consultas-no-primeiro-mes-de-2025-scaled.jpeg","keywords":["Boa Vista do Sul","Colinas","Consultas","Faltas","Fazenda Vilanova","G-8","Imigrante","Paverama","Po\u00e7o das Antas","Regi\u00e3o","Sa\u00fade","Teut\u00f4nia","Westf\u00e1lia"],"articleSection":["Destaques","Geral","Sa\u00fade"],"inLanguage":"pt-BR","potentialAction":[{"@type":"CommentAction","name":"Comment","target":["https:\/\/folhapopular.info\/index.php\/2025\/02\/15\/mais-de-200-pacientes-faltam-as-consultas-em-paverama-e-fazenda-vilanova\/#respond"]}]},{"@type":"WebPage","@id":"https:\/\/folhapopular.info\/index.php\/2025\/02\/15\/mais-de-200-pacientes-faltam-as-consultas-em-paverama-e-fazenda-vilanova\/","url":"https:\/\/folhapopular.info\/index.php\/2025\/02\/15\/mais-de-200-pacientes-faltam-as-consultas-em-paverama-e-fazenda-vilanova\/","name":"Mais de 200 pacientes faltam \u00e0s consultas em Paverama e Fazenda Vilanova - Folha Popular","isPartOf":{"@id":"https:\/\/folhapopular.info\/#website"},"primaryImageOfPage":{"@id":"https:\/\/folhapopular.info\/index.php\/2025\/02\/15\/mais-de-200-pacientes-faltam-as-consultas-em-paverama-e-fazenda-vilanova\/#primaryimage"},"image":{"@id":"https:\/\/folhapopular.info\/index.php\/2025\/02\/15\/mais-de-200-pacientes-faltam-as-consultas-em-paverama-e-fazenda-vilanova\/#primaryimage"},"thumbnailUrl":"https:\/\/folhapopular.info\/wp-content\/uploads\/2025\/02\/Em-Paverama-213-pacientes-nao-compareceram-as-consultas-no-primeiro-mes-de-2025-scaled.jpeg","datePublished":"2025-02-15T19:00:00+00:00","author":{"@id":"https:\/\/folhapopular.info\/#\/schema\/person\/1fb1a50ca75661f91da0d3839657a34d"},"breadcrumb":{"@id":"https:\/\/folhapopular.info\/index.php\/2025\/02\/15\/mais-de-200-pacientes-faltam-as-consultas-em-paverama-e-fazenda-vilanova\/#breadcrumb"},"inLanguage":"pt-BR","potentialAction":[{"@type":"ReadAction","target":["https:\/\/folhapopular.info\/index.php\/2025\/02\/15\/mais-de-200-pacientes-faltam-as-consultas-em-paverama-e-fazenda-vilanova\/"]}]},{"@type":"ImageObject","inLanguage":"pt-BR","@id":"https:\/\/folhapopular.info\/index.php\/2025\/02\/15\/mais-de-200-pacientes-faltam-as-consultas-em-paverama-e-fazenda-vilanova\/#primaryimage","url":"https:\/\/folhapopular.info\/wp-content\/uploads\/2025\/02\/Em-Paverama-213-pacientes-nao-compareceram-as-consultas-no-primeiro-mes-de-2025-scaled.jpeg","contentUrl":"https:\/\/folhapopular.info\/wp-content\/uploads\/2025\/02\/Em-Paverama-213-pacientes-nao-compareceram-as-consultas-no-primeiro-mes-de-2025-scaled.jpeg","width":2560,"height":1440,"caption":"Em Paverama, 213 pacientes n\u00e3o compareceram \u00e0s consultas no primeiro m\u00eas de 2025 \/ Cr\u00e9dito: Divulga\u00e7\u00e3o"},{"@type":"BreadcrumbList","@id":"https:\/\/folhapopular.info\/index.php\/2025\/02\/15\/mais-de-200-pacientes-faltam-as-consultas-em-paverama-e-fazenda-vilanova\/#breadcrumb","itemListElement":[{"@type":"ListItem","position":1,"name":"In\u00edcio","item":"https:\/\/folhapopular.info\/"},{"@type":"ListItem","position":2,"name":"Mais de 200 pacientes faltam \u00e0s consultas em Paverama e Fazenda Vilanova"}]},{"@type":"WebSite","@id":"https:\/\/folhapopular.info\/#website","url":"https:\/\/folhapopular.info\/","name":"Folha Popular","description":"Onde voc\u00ea tem vez e voz","potentialAction":[{"@type":"SearchAction","target":{"@type":"EntryPoint","urlTemplate":"https:\/\/folhapopular.info\/?s={search_term_string}"},"query-input":{"@type":"PropertyValueSpecification","valueRequired":true,"valueName":"search_term_string"}}],"inLanguage":"pt-BR"},{"@type":"Person","@id":"https:\/\/folhapopular.info\/#\/schema\/person\/1fb1a50ca75661f91da0d3839657a34d","name":"Paloma Valandro","image":{"@type":"ImageObject","inLanguage":"pt-BR","@id":"https:\/\/secure.gravatar.com\/avatar\/ef90a8f37349cc3654b42d805942c6378eb385817dccc9c637c94e7794973921?s=96&d=mm&r=g","url":"https:\/\/secure.gravatar.com\/avatar\/ef90a8f37349cc3654b42d805942c6378eb385817dccc9c637c94e7794973921?s=96&d=mm&r=g","contentUrl":"https:\/\/secure.gravatar.com\/avatar\/ef90a8f37349cc3654b42d805942c6378eb385817dccc9c637c94e7794973921?s=96&d=mm&r=g","caption":"Paloma Valandro"},"url":"https:\/\/folhapopular.info\/index.php\/author\/paloma-valandro\/"}]}},"jetpack_featured_media_url":"https:\/\/folhapopular.info\/wp-content\/uploads\/2025\/02\/Em-Paverama-213-pacientes-nao-compareceram-as-consultas-no-primeiro-mes-de-2025-scaled.jpeg","jetpack_sharing_enabled":true,"amp_enabled":true,"_links":{"self":[{"href":"https:\/\/folhapopular.info\/index.php\/wp-json\/wp\/v2\/posts\/180681","targetHints":{"allow":["GET"]}}],"collection":[{"href":"https:\/\/folhapopular.info\/index.php\/wp-json\/wp\/v2\/posts"}],"about":[{"href":"https:\/\/folhapopular.info\/index.php\/wp-json\/wp\/v2\/types\/post"}],"author":[{"embeddable":true,"href":"https:\/\/folhapopular.info\/index.php\/wp-json\/wp\/v2\/users\/757"}],"replies":[{"embeddable":true,"href":"https:\/\/folhapopular.info\/index.php\/wp-json\/wp\/v2\/comments?post=180681"}],"version-history":[{"count":0,"href":"https:\/\/folhapopular.info\/index.php\/wp-json\/wp\/v2\/posts\/180681\/revisions"}],"wp:featuredmedia":[{"embeddable":true,"href":"https:\/\/folhapopular.info\/index.php\/wp-json\/wp\/v2\/media\/180682"}],"wp:attachment":[{"href":"https:\/\/folhapopular.info\/index.php\/wp-json\/wp\/v2\/media?parent=180681"}],"wp:term":[{"taxonomy":"category","embeddable":true,"href":"https:\/\/folhapopular.info\/index.php\/wp-json\/wp\/v2\/categories?post=180681"},{"taxonomy":"post_tag","embeddable":true,"href":"https:\/\/folhapopular.info\/index.php\/wp-json\/wp\/v2\/tags?post=180681"}],"curies":[{"name":"wp","href":"https:\/\/api.w.org\/{rel}","templated":true}]}}