{"id":180721,"date":"2025-02-15T12:30:00","date_gmt":"2025-02-15T15:30:00","guid":{"rendered":"https:\/\/folhapopular.info\/?p=180721"},"modified":"2025-03-22T13:39:16","modified_gmt":"2025-03-22T16:39:16","slug":"inspirado-em-sua-historia-o-poco-das-antas-quer-reviver-o-passado-e-voltar-a-conquistar-titulos","status":"publish","type":"post","link":"https:\/\/folhapopular.info\/index.php\/2025\/02\/15\/inspirado-em-sua-historia-o-poco-das-antas-quer-reviver-o-passado-e-voltar-a-conquistar-titulos\/","title":{"rendered":"Inspirado em sua hist\u00f3ria, o Po\u00e7o das Antas quer reviver o passado e voltar a conquistar t\u00edtulos"},"content":{"rendered":"\n<p><strong>O Esporte Clube Po\u00e7o das Antas<\/strong>, tradicional clube de futebol amador da regi\u00e3o, se prepara para mais uma edi\u00e7\u00e3o do Intermunicipal, com a &#8220;f\u00e9&#8221; no apoio da comunidade e nas reformas em andamento para garantir sua sustentabilidade.<\/p>\n\n\n\n<p>Fundado em 22 de maio de 1956 como &#8220;Sociedade Esportiva Cultural e Recreativa Po\u00e7o das Antas&#8221;, teve como primeiro presidente Jo\u00e3o In\u00e1cio Steffens.<\/p>\n\n\n\n<p>Nos anos 1950 e 1960, muitos clubes foram criados na regi\u00e3o. Na \u00e9poca, Po\u00e7o das Antas ainda pertencia a Montenegro, e a funda\u00e7\u00e3o do clube foi um processo natural, como em outras comunidades.<\/p>\n\n\n\n<p>O escritor Roger Luiz Brinkmann destaca que, naquela \u00e9poca, n\u00e3o havia muitos campeonatos organizados. Silv\u00e9rio Brinkmann, ex-presidente, conta que a maioria dos jogos nos anos 60 e 70 eram &#8220;amistosos&#8221; (entre aspas, pois h\u00e1 relatos de confus\u00f5es), quase sempre contra times do interior de Montenegro. Tamb\u00e9m teve o per\u00edodo de pertencimento a Salvador do Sul, antes de Po\u00e7o das Antas tornar-se completamente independente.<\/p>\n\n\n\n<h2 class=\"wp-block-heading\"><strong>Emancipa\u00e7\u00e3o e crescimento<\/strong><\/h2>\n\n\n\n<p>A emancipa\u00e7\u00e3o de Po\u00e7o das Antas, em 1988, foi um marco. No ano seguinte, come\u00e7aram as reformas na pra\u00e7a esportiva, principalmente com o cercamento do campo, conclu\u00eddo em 1992. A partir dos anos 90, o clube passou a disputar mais campeonatos regionais.<\/p>\n\n\n\n<p>William Franke, ex-jogador e atual presidente, lembra como a rela\u00e7\u00e3o com a comunidade sempre foi forte. &#8220;Na minha \u00e9poca, o futebol era a divers\u00e3o. Com 7 ou 8 anos, j\u00e1 est\u00e1vamos jogando ou assistindo aos jogos com grupos de amigos e pensando em jogar&#8221;, conta.<\/p>\n\n\n\n<h2 class=\"wp-block-heading\"><strong>Conquistas<\/strong><\/h2>\n\n\n\n<p>Para Roger, um torneio marcante foi a <strong>Ta\u00e7a da Amizade de 1999<\/strong>, quando o clube chegou \u00e0 final contra o Flamengo de Westf\u00e1lia. Embora o t\u00edtulo n\u00e3o tenha sido conquistado, a mobiliza\u00e7\u00e3o da comunidade fortaleceu o clube, que conquistou o <strong>Campeonato Municipal de Po\u00e7o das Antas em 2000<\/strong>.<\/p>\n\n\n\n<p>Outro t\u00edtulo lembrado \u00e9 o da <strong>Segunda Divis\u00e3o do Campeonato Municipal de Teut\u00f4nia, em 2002<\/strong>. A final contra o Cruzeiro teve um terceiro jogo emocionante, decidido nos p\u00eanaltis, com Ademir Schneider convertendo a cobran\u00e7a do t\u00edtulo.<\/p>\n\n\n\n<p>Em 2017, a equipe de aspirantes venceu a <strong>Ta\u00e7a da Amizade<\/strong>, e o t\u00edtulo mais recente foi a <strong>Copa Via Esporte de 2022<\/strong>, exatamente 20 anos ap\u00f3s a conquista de Teut\u00f4nia.<\/p>\n\n\n\n<figure class=\"wp-block-gallery has-nested-images columns-default is-cropped wp-block-gallery-1 is-layout-flex wp-block-gallery-is-layout-flex\">\n<figure class=\"wp-block-image size-large\"><img loading=\"lazy\" decoding=\"async\" width=\"542\" height=\"354\" data-id=\"180723\" src=\"https:\/\/folhapopular.info\/wp-content\/uploads\/2025\/02\/Cobranca-de-penalti-do-Ademir-que-deu-o-titulo-para-o-Poco-em-2002_Arquivo-Pessoal_Divulgacao.jpeg\" alt=\"\" class=\"wp-image-180723\" srcset=\"https:\/\/folhapopular.info\/wp-content\/uploads\/2025\/02\/Cobranca-de-penalti-do-Ademir-que-deu-o-titulo-para-o-Poco-em-2002_Arquivo-Pessoal_Divulgacao.jpeg 542w, https:\/\/folhapopular.info\/wp-content\/uploads\/2025\/02\/Cobranca-de-penalti-do-Ademir-que-deu-o-titulo-para-o-Poco-em-2002_Arquivo-Pessoal_Divulgacao-300x196.jpeg 300w\" sizes=\"auto, (max-width: 542px) 100vw, 542px\" \/><figcaption class=\"wp-element-caption\"><br>Cobran\u00e7a de p\u00eanalti do Ademir que deu o t\u00edtulo para o Po\u00e7o em 2002<br>Cr\u00e9dito: Arquivo Pessoal \/ Divulga\u00e7\u00e3o<\/figcaption><\/figure>\n<\/figure>\n\n\n\n<h2 class=\"wp-block-heading\"><strong>Intermunicipal e <\/strong><strong>d<\/strong><strong>esafios<\/strong><\/h2>\n\n\n\n<p>O clube se prepara com cautela para o Intermunicipal, ciente das dificuldades. &#8220;A cada competi\u00e7\u00e3o, fica mais dif\u00edcil encontrar jogadores. Muitos atletas saem para jogar fora, o que limita nossas op\u00e7\u00f5es&#8221;, explica William. Ele tamb\u00e9m destaca o impacto da mudan\u00e7a no regulamento, que exige mais atletas locais.<\/p>\n\n\n\n<p>Nomes como Capela e Gardenal s\u00e3o algumas apostas do elenco, mas a equipe titular ainda est\u00e1 sendo ajustada.<\/p>\n\n\n\n<p>William destaca a conquista da Copa Via Esporte de 2022 como um de seus momentos mais marcantes, mas tamb\u00e9m relembra a elimina\u00e7\u00e3o na semifinal contra o Boavistense na Ta\u00e7a da Amizade, que teve grande p\u00fablico no est\u00e1dio.<\/p>\n\n\n\n<p>Apesar dos desafios, o Po\u00e7o das Antas segue firme. \u201cQuando n\u00e3o tem campeonato, fazemos eventos para manter o clube ativo. Churrascos, bailes, e a galera sempre apoia\u201d, comenta William.<\/p>\n\n\n\n<p>Com dificuldades financeiras e estruturais, o clube segue se reinventando. Desde que assumiu a diretoria em 2022, William tem o sonho de deixar um clube mais estruturado para as pr\u00f3ximas gera\u00e7\u00f5es. \u201cQuero que o Po\u00e7o das Antas continue sendo um espa\u00e7o de lazer e futebol para o futuro\u201d, conclui.<\/p>\n\n\n\n<h2 class=\"wp-block-heading\"><strong>Rivalidade com o 11 Amigos<\/strong><\/h2>\n\n\n\n<p>Po\u00e7o das Antas e 11 Amigos fazem parte de uma das mais acirradas rivalidades dentro e fora de campo da regi\u00e3o. Por\u00e9m, William aponta que os atletas mais jovens n\u00e3o se sentem t\u00e3o desconfort\u00e1veis para trocar de lado. \u201cComo temos essa dificuldade em ter atletas da casa, uma das solu\u00e7\u00f5es que ter\u00edamos seria unir for\u00e7as entre os clubes, mas por conta da forte rivalidade \u00e9 um assunto muito delicado e muitas pessoas n\u00e3o iam aceitar\u201d, afirma.<\/p>\n","protected":false},"excerpt":{"rendered":"<p>O Esporte Clube Po\u00e7o das Antas, tradicional clube de futebol amador da regi\u00e3o, se prepara para mais uma edi\u00e7\u00e3o do Intermunicipal, com a &#8220;f\u00e9&#8221; no apoio da comunidade e nas reformas em andamento para garantir sua sustentabilidade. Fundado em 22 de maio de 1956 como &#8220;Sociedade Esportiva Cultural e Recreativa Po\u00e7o das Antas&#8221;, teve como [&hellip;]<\/p>\n","protected":false},"author":732,"featured_media":180722,"comment_status":"open","ping_status":"open","sticky":false,"template":"","format":"standard","meta":{"pmpro_default_level":"","_jetpack_memberships_contains_paid_content":false,"footnotes":""},"categories":[5,240,18154],"tags":[18007,147,10409,40],"class_list":{"0":"post-180721","1":"post","2":"type-post","3":"status-publish","4":"format-standard","5":"has-post-thumbnail","7":"category-esportes","8":"category-futebol-amador","9":"category-intermunicipal-2025","10":"tag-esporte-clube-poco-das-antas","11":"tag-futebol-amador","12":"tag-intermunicipal","13":"tag-poco-das-antas","14":"pmpro-has-access"},"yoast_head":"<!-- This site is optimized with the Yoast SEO plugin v27.5 - https:\/\/yoast.com\/product\/yoast-seo-wordpress\/ -->\n<title>Inspirado em sua hist\u00f3ria, o Po\u00e7o das Antas quer reviver o passado e voltar a conquistar t\u00edtulos - Folha Popular<\/title>\n<meta name=\"robots\" content=\"index, follow, max-snippet:-1, max-image-preview:large, max-video-preview:-1\" \/>\n<link rel=\"canonical\" href=\"https:\/\/folhapopular.info\/index.php\/2025\/02\/15\/inspirado-em-sua-historia-o-poco-das-antas-quer-reviver-o-passado-e-voltar-a-conquistar-titulos\/\" \/>\n<meta property=\"og:locale\" content=\"pt_BR\" \/>\n<meta property=\"og:type\" content=\"article\" \/>\n<meta property=\"og:title\" content=\"Inspirado em sua hist\u00f3ria, o Po\u00e7o das Antas quer reviver o passado e voltar a conquistar t\u00edtulos - Folha Popular\" \/>\n<meta property=\"og:description\" content=\"O Esporte Clube Po\u00e7o das Antas, tradicional clube de futebol amador da regi\u00e3o, se prepara para mais uma edi\u00e7\u00e3o do Intermunicipal, com a &#8220;f\u00e9&#8221; no apoio da comunidade e nas reformas em andamento para garantir sua sustentabilidade. Fundado em 22 de maio de 1956 como &#8220;Sociedade Esportiva Cultural e Recreativa Po\u00e7o das Antas&#8221;, teve como [&hellip;]\" \/>\n<meta property=\"og:url\" content=\"https:\/\/folhapopular.info\/index.php\/2025\/02\/15\/inspirado-em-sua-historia-o-poco-das-antas-quer-reviver-o-passado-e-voltar-a-conquistar-titulos\/\" \/>\n<meta property=\"og:site_name\" content=\"Folha Popular\" \/>\n<meta property=\"article:author\" content=\"https:\/\/www.facebook.com\/luis.huppes\/\" \/>\n<meta property=\"article:published_time\" content=\"2025-02-15T15:30:00+00:00\" \/>\n<meta property=\"article:modified_time\" content=\"2025-03-22T16:39:16+00:00\" \/>\n<meta property=\"og:image\" content=\"http:\/\/folhapopular.info\/wp-content\/uploads\/2025\/02\/Volta-olimpica-com-a-Taca-tambem-em-2002_Arquivo-Pessoal_Divulgacao.jpeg\" \/>\n\t<meta property=\"og:image:width\" content=\"366\" \/>\n\t<meta property=\"og:image:height\" content=\"522\" \/>\n\t<meta property=\"og:image:type\" content=\"image\/jpeg\" \/>\n<meta name=\"author\" content=\"Luis Augusto Huppes\" \/>\n<meta name=\"twitter:card\" content=\"summary_large_image\" \/>\n<meta name=\"twitter:label1\" content=\"Escrito por\" \/>\n\t<meta name=\"twitter:data1\" content=\"Luis Augusto Huppes\" \/>\n\t<meta name=\"twitter:label2\" content=\"Est. tempo de leitura\" \/>\n\t<meta name=\"twitter:data2\" content=\"4 minutos\" \/>\n<script type=\"application\/ld+json\" class=\"yoast-schema-graph\">{\"@context\":\"https:\\\/\\\/schema.org\",\"@graph\":[{\"@type\":\"Article\",\"@id\":\"https:\\\/\\\/folhapopular.info\\\/index.php\\\/2025\\\/02\\\/15\\\/inspirado-em-sua-historia-o-poco-das-antas-quer-reviver-o-passado-e-voltar-a-conquistar-titulos\\\/#article\",\"isPartOf\":{\"@id\":\"https:\\\/\\\/folhapopular.info\\\/index.php\\\/2025\\\/02\\\/15\\\/inspirado-em-sua-historia-o-poco-das-antas-quer-reviver-o-passado-e-voltar-a-conquistar-titulos\\\/\"},\"author\":{\"name\":\"Luis Augusto Huppes\",\"@id\":\"https:\\\/\\\/folhapopular.info\\\/#\\\/schema\\\/person\\\/e852c327371714676d02e58cf917fd9f\"},\"headline\":\"Inspirado em sua hist\u00f3ria, o Po\u00e7o das Antas quer reviver o passado e voltar a conquistar t\u00edtulos\",\"datePublished\":\"2025-02-15T15:30:00+00:00\",\"dateModified\":\"2025-03-22T16:39:16+00:00\",\"mainEntityOfPage\":{\"@id\":\"https:\\\/\\\/folhapopular.info\\\/index.php\\\/2025\\\/02\\\/15\\\/inspirado-em-sua-historia-o-poco-das-antas-quer-reviver-o-passado-e-voltar-a-conquistar-titulos\\\/\"},\"wordCount\":713,\"commentCount\":0,\"image\":{\"@id\":\"https:\\\/\\\/folhapopular.info\\\/index.php\\\/2025\\\/02\\\/15\\\/inspirado-em-sua-historia-o-poco-das-antas-quer-reviver-o-passado-e-voltar-a-conquistar-titulos\\\/#primaryimage\"},\"thumbnailUrl\":\"https:\\\/\\\/folhapopular.info\\\/wp-content\\\/uploads\\\/2025\\\/02\\\/Volta-olimpica-com-a-Taca-tambem-em-2002_Arquivo-Pessoal_Divulgacao.jpeg\",\"keywords\":[\"Esporte Clube Po\u00e7o das Antas\",\"futebol amador\",\"Intermunicipal\",\"Po\u00e7o das Antas\"],\"articleSection\":[\"Esportes\",\"Futebol Amador\",\"Intermunicipal 2025\"],\"inLanguage\":\"pt-BR\",\"potentialAction\":[{\"@type\":\"CommentAction\",\"name\":\"Comment\",\"target\":[\"https:\\\/\\\/folhapopular.info\\\/index.php\\\/2025\\\/02\\\/15\\\/inspirado-em-sua-historia-o-poco-das-antas-quer-reviver-o-passado-e-voltar-a-conquistar-titulos\\\/#respond\"]}]},{\"@type\":\"WebPage\",\"@id\":\"https:\\\/\\\/folhapopular.info\\\/index.php\\\/2025\\\/02\\\/15\\\/inspirado-em-sua-historia-o-poco-das-antas-quer-reviver-o-passado-e-voltar-a-conquistar-titulos\\\/\",\"url\":\"https:\\\/\\\/folhapopular.info\\\/index.php\\\/2025\\\/02\\\/15\\\/inspirado-em-sua-historia-o-poco-das-antas-quer-reviver-o-passado-e-voltar-a-conquistar-titulos\\\/\",\"name\":\"Inspirado em sua hist\u00f3ria, o Po\u00e7o das Antas quer reviver o passado e voltar a conquistar t\u00edtulos - Folha Popular\",\"isPartOf\":{\"@id\":\"https:\\\/\\\/folhapopular.info\\\/#website\"},\"primaryImageOfPage\":{\"@id\":\"https:\\\/\\\/folhapopular.info\\\/index.php\\\/2025\\\/02\\\/15\\\/inspirado-em-sua-historia-o-poco-das-antas-quer-reviver-o-passado-e-voltar-a-conquistar-titulos\\\/#primaryimage\"},\"image\":{\"@id\":\"https:\\\/\\\/folhapopular.info\\\/index.php\\\/2025\\\/02\\\/15\\\/inspirado-em-sua-historia-o-poco-das-antas-quer-reviver-o-passado-e-voltar-a-conquistar-titulos\\\/#primaryimage\"},\"thumbnailUrl\":\"https:\\\/\\\/folhapopular.info\\\/wp-content\\\/uploads\\\/2025\\\/02\\\/Volta-olimpica-com-a-Taca-tambem-em-2002_Arquivo-Pessoal_Divulgacao.jpeg\",\"datePublished\":\"2025-02-15T15:30:00+00:00\",\"dateModified\":\"2025-03-22T16:39:16+00:00\",\"author\":{\"@id\":\"https:\\\/\\\/folhapopular.info\\\/#\\\/schema\\\/person\\\/e852c327371714676d02e58cf917fd9f\"},\"breadcrumb\":{\"@id\":\"https:\\\/\\\/folhapopular.info\\\/index.php\\\/2025\\\/02\\\/15\\\/inspirado-em-sua-historia-o-poco-das-antas-quer-reviver-o-passado-e-voltar-a-conquistar-titulos\\\/#breadcrumb\"},\"inLanguage\":\"pt-BR\",\"potentialAction\":[{\"@type\":\"ReadAction\",\"target\":[\"https:\\\/\\\/folhapopular.info\\\/index.php\\\/2025\\\/02\\\/15\\\/inspirado-em-sua-historia-o-poco-das-antas-quer-reviver-o-passado-e-voltar-a-conquistar-titulos\\\/\"]}]},{\"@type\":\"ImageObject\",\"inLanguage\":\"pt-BR\",\"@id\":\"https:\\\/\\\/folhapopular.info\\\/index.php\\\/2025\\\/02\\\/15\\\/inspirado-em-sua-historia-o-poco-das-antas-quer-reviver-o-passado-e-voltar-a-conquistar-titulos\\\/#primaryimage\",\"url\":\"https:\\\/\\\/folhapopular.info\\\/wp-content\\\/uploads\\\/2025\\\/02\\\/Volta-olimpica-com-a-Taca-tambem-em-2002_Arquivo-Pessoal_Divulgacao.jpeg\",\"contentUrl\":\"https:\\\/\\\/folhapopular.info\\\/wp-content\\\/uploads\\\/2025\\\/02\\\/Volta-olimpica-com-a-Taca-tambem-em-2002_Arquivo-Pessoal_Divulgacao.jpeg\",\"width\":366,\"height\":522,\"caption\":\"Volta ol\u00edmpica com a Ta\u00e7a, tamb\u00e9m em 2002 - Cr\u00e9dito: Arquivo Pessoal \\\/ Divulga\u00e7\u00e3o\"},{\"@type\":\"BreadcrumbList\",\"@id\":\"https:\\\/\\\/folhapopular.info\\\/index.php\\\/2025\\\/02\\\/15\\\/inspirado-em-sua-historia-o-poco-das-antas-quer-reviver-o-passado-e-voltar-a-conquistar-titulos\\\/#breadcrumb\",\"itemListElement\":[{\"@type\":\"ListItem\",\"position\":1,\"name\":\"In\u00edcio\",\"item\":\"https:\\\/\\\/folhapopular.info\\\/\"},{\"@type\":\"ListItem\",\"position\":2,\"name\":\"Inspirado em sua hist\u00f3ria, o Po\u00e7o das Antas quer reviver o passado e voltar a conquistar t\u00edtulos\"}]},{\"@type\":\"WebSite\",\"@id\":\"https:\\\/\\\/folhapopular.info\\\/#website\",\"url\":\"https:\\\/\\\/folhapopular.info\\\/\",\"name\":\"Folha Popular\",\"description\":\"Onde voc\u00ea tem vez e voz\",\"potentialAction\":[{\"@type\":\"SearchAction\",\"target\":{\"@type\":\"EntryPoint\",\"urlTemplate\":\"https:\\\/\\\/folhapopular.info\\\/?s={search_term_string}\"},\"query-input\":{\"@type\":\"PropertyValueSpecification\",\"valueRequired\":true,\"valueName\":\"search_term_string\"}}],\"inLanguage\":\"pt-BR\"},{\"@type\":\"Person\",\"@id\":\"https:\\\/\\\/folhapopular.info\\\/#\\\/schema\\\/person\\\/e852c327371714676d02e58cf917fd9f\",\"name\":\"Luis Augusto Huppes\",\"image\":{\"@type\":\"ImageObject\",\"inLanguage\":\"pt-BR\",\"@id\":\"https:\\\/\\\/folhapopular.info\\\/wp-content\\\/uploads\\\/2026\\\/04\\\/Luis-Augusto-Huppes-1-1.webp\",\"url\":\"https:\\\/\\\/folhapopular.info\\\/wp-content\\\/uploads\\\/2026\\\/04\\\/Luis-Augusto-Huppes-1-1.webp\",\"contentUrl\":\"https:\\\/\\\/folhapopular.info\\\/wp-content\\\/uploads\\\/2026\\\/04\\\/Luis-Augusto-Huppes-1-1.webp\",\"caption\":\"Luis Augusto Huppes\"},\"sameAs\":[\"https:\\\/\\\/www.facebook.com\\\/luis.huppes\\\/\",\"https:\\\/\\\/www.instagram.com\\\/luis.huppes\\\/\",\"https:\\\/\\\/www.linkedin.com\\\/in\\\/luis-augusto-huppes-2554b52b7\\\/\"],\"url\":\"https:\\\/\\\/folhapopular.info\\\/index.php\\\/author\\\/luis-augusto-huppes\\\/\"}]}<\/script>\n<!-- \/ Yoast SEO plugin. -->","yoast_head_json":{"title":"Inspirado em sua hist\u00f3ria, o Po\u00e7o das Antas quer reviver o passado e voltar a conquistar t\u00edtulos - Folha Popular","robots":{"index":"index","follow":"follow","max-snippet":"max-snippet:-1","max-image-preview":"max-image-preview:large","max-video-preview":"max-video-preview:-1"},"canonical":"https:\/\/folhapopular.info\/index.php\/2025\/02\/15\/inspirado-em-sua-historia-o-poco-das-antas-quer-reviver-o-passado-e-voltar-a-conquistar-titulos\/","og_locale":"pt_BR","og_type":"article","og_title":"Inspirado em sua hist\u00f3ria, o Po\u00e7o das Antas quer reviver o passado e voltar a conquistar t\u00edtulos - Folha Popular","og_description":"O Esporte Clube Po\u00e7o das Antas, tradicional clube de futebol amador da regi\u00e3o, se prepara para mais uma edi\u00e7\u00e3o do Intermunicipal, com a &#8220;f\u00e9&#8221; no apoio da comunidade e nas reformas em andamento para garantir sua sustentabilidade. Fundado em 22 de maio de 1956 como &#8220;Sociedade Esportiva Cultural e Recreativa Po\u00e7o das Antas&#8221;, teve como [&hellip;]","og_url":"https:\/\/folhapopular.info\/index.php\/2025\/02\/15\/inspirado-em-sua-historia-o-poco-das-antas-quer-reviver-o-passado-e-voltar-a-conquistar-titulos\/","og_site_name":"Folha Popular","article_author":"https:\/\/www.facebook.com\/luis.huppes\/","article_published_time":"2025-02-15T15:30:00+00:00","article_modified_time":"2025-03-22T16:39:16+00:00","og_image":[{"width":366,"height":522,"url":"http:\/\/folhapopular.info\/wp-content\/uploads\/2025\/02\/Volta-olimpica-com-a-Taca-tambem-em-2002_Arquivo-Pessoal_Divulgacao.jpeg","type":"image\/jpeg"}],"author":"Luis Augusto Huppes","twitter_card":"summary_large_image","twitter_misc":{"Escrito por":"Luis Augusto Huppes","Est. tempo de leitura":"4 minutos"},"schema":{"@context":"https:\/\/schema.org","@graph":[{"@type":"Article","@id":"https:\/\/folhapopular.info\/index.php\/2025\/02\/15\/inspirado-em-sua-historia-o-poco-das-antas-quer-reviver-o-passado-e-voltar-a-conquistar-titulos\/#article","isPartOf":{"@id":"https:\/\/folhapopular.info\/index.php\/2025\/02\/15\/inspirado-em-sua-historia-o-poco-das-antas-quer-reviver-o-passado-e-voltar-a-conquistar-titulos\/"},"author":{"name":"Luis Augusto Huppes","@id":"https:\/\/folhapopular.info\/#\/schema\/person\/e852c327371714676d02e58cf917fd9f"},"headline":"Inspirado em sua hist\u00f3ria, o Po\u00e7o das Antas quer reviver o passado e voltar a conquistar t\u00edtulos","datePublished":"2025-02-15T15:30:00+00:00","dateModified":"2025-03-22T16:39:16+00:00","mainEntityOfPage":{"@id":"https:\/\/folhapopular.info\/index.php\/2025\/02\/15\/inspirado-em-sua-historia-o-poco-das-antas-quer-reviver-o-passado-e-voltar-a-conquistar-titulos\/"},"wordCount":713,"commentCount":0,"image":{"@id":"https:\/\/folhapopular.info\/index.php\/2025\/02\/15\/inspirado-em-sua-historia-o-poco-das-antas-quer-reviver-o-passado-e-voltar-a-conquistar-titulos\/#primaryimage"},"thumbnailUrl":"https:\/\/folhapopular.info\/wp-content\/uploads\/2025\/02\/Volta-olimpica-com-a-Taca-tambem-em-2002_Arquivo-Pessoal_Divulgacao.jpeg","keywords":["Esporte Clube Po\u00e7o das Antas","futebol amador","Intermunicipal","Po\u00e7o das Antas"],"articleSection":["Esportes","Futebol Amador","Intermunicipal 2025"],"inLanguage":"pt-BR","potentialAction":[{"@type":"CommentAction","name":"Comment","target":["https:\/\/folhapopular.info\/index.php\/2025\/02\/15\/inspirado-em-sua-historia-o-poco-das-antas-quer-reviver-o-passado-e-voltar-a-conquistar-titulos\/#respond"]}]},{"@type":"WebPage","@id":"https:\/\/folhapopular.info\/index.php\/2025\/02\/15\/inspirado-em-sua-historia-o-poco-das-antas-quer-reviver-o-passado-e-voltar-a-conquistar-titulos\/","url":"https:\/\/folhapopular.info\/index.php\/2025\/02\/15\/inspirado-em-sua-historia-o-poco-das-antas-quer-reviver-o-passado-e-voltar-a-conquistar-titulos\/","name":"Inspirado em sua hist\u00f3ria, o Po\u00e7o das Antas quer reviver o passado e voltar a conquistar t\u00edtulos - Folha Popular","isPartOf":{"@id":"https:\/\/folhapopular.info\/#website"},"primaryImageOfPage":{"@id":"https:\/\/folhapopular.info\/index.php\/2025\/02\/15\/inspirado-em-sua-historia-o-poco-das-antas-quer-reviver-o-passado-e-voltar-a-conquistar-titulos\/#primaryimage"},"image":{"@id":"https:\/\/folhapopular.info\/index.php\/2025\/02\/15\/inspirado-em-sua-historia-o-poco-das-antas-quer-reviver-o-passado-e-voltar-a-conquistar-titulos\/#primaryimage"},"thumbnailUrl":"https:\/\/folhapopular.info\/wp-content\/uploads\/2025\/02\/Volta-olimpica-com-a-Taca-tambem-em-2002_Arquivo-Pessoal_Divulgacao.jpeg","datePublished":"2025-02-15T15:30:00+00:00","dateModified":"2025-03-22T16:39:16+00:00","author":{"@id":"https:\/\/folhapopular.info\/#\/schema\/person\/e852c327371714676d02e58cf917fd9f"},"breadcrumb":{"@id":"https:\/\/folhapopular.info\/index.php\/2025\/02\/15\/inspirado-em-sua-historia-o-poco-das-antas-quer-reviver-o-passado-e-voltar-a-conquistar-titulos\/#breadcrumb"},"inLanguage":"pt-BR","potentialAction":[{"@type":"ReadAction","target":["https:\/\/folhapopular.info\/index.php\/2025\/02\/15\/inspirado-em-sua-historia-o-poco-das-antas-quer-reviver-o-passado-e-voltar-a-conquistar-titulos\/"]}]},{"@type":"ImageObject","inLanguage":"pt-BR","@id":"https:\/\/folhapopular.info\/index.php\/2025\/02\/15\/inspirado-em-sua-historia-o-poco-das-antas-quer-reviver-o-passado-e-voltar-a-conquistar-titulos\/#primaryimage","url":"https:\/\/folhapopular.info\/wp-content\/uploads\/2025\/02\/Volta-olimpica-com-a-Taca-tambem-em-2002_Arquivo-Pessoal_Divulgacao.jpeg","contentUrl":"https:\/\/folhapopular.info\/wp-content\/uploads\/2025\/02\/Volta-olimpica-com-a-Taca-tambem-em-2002_Arquivo-Pessoal_Divulgacao.jpeg","width":366,"height":522,"caption":"Volta ol\u00edmpica com a Ta\u00e7a, tamb\u00e9m em 2002 - Cr\u00e9dito: Arquivo Pessoal \/ Divulga\u00e7\u00e3o"},{"@type":"BreadcrumbList","@id":"https:\/\/folhapopular.info\/index.php\/2025\/02\/15\/inspirado-em-sua-historia-o-poco-das-antas-quer-reviver-o-passado-e-voltar-a-conquistar-titulos\/#breadcrumb","itemListElement":[{"@type":"ListItem","position":1,"name":"In\u00edcio","item":"https:\/\/folhapopular.info\/"},{"@type":"ListItem","position":2,"name":"Inspirado em sua hist\u00f3ria, o Po\u00e7o das Antas quer reviver o passado e voltar a conquistar t\u00edtulos"}]},{"@type":"WebSite","@id":"https:\/\/folhapopular.info\/#website","url":"https:\/\/folhapopular.info\/","name":"Folha Popular","description":"Onde voc\u00ea tem vez e voz","potentialAction":[{"@type":"SearchAction","target":{"@type":"EntryPoint","urlTemplate":"https:\/\/folhapopular.info\/?s={search_term_string}"},"query-input":{"@type":"PropertyValueSpecification","valueRequired":true,"valueName":"search_term_string"}}],"inLanguage":"pt-BR"},{"@type":"Person","@id":"https:\/\/folhapopular.info\/#\/schema\/person\/e852c327371714676d02e58cf917fd9f","name":"Luis Augusto Huppes","image":{"@type":"ImageObject","inLanguage":"pt-BR","@id":"https:\/\/folhapopular.info\/wp-content\/uploads\/2026\/04\/Luis-Augusto-Huppes-1-1.webp","url":"https:\/\/folhapopular.info\/wp-content\/uploads\/2026\/04\/Luis-Augusto-Huppes-1-1.webp","contentUrl":"https:\/\/folhapopular.info\/wp-content\/uploads\/2026\/04\/Luis-Augusto-Huppes-1-1.webp","caption":"Luis Augusto Huppes"},"sameAs":["https:\/\/www.facebook.com\/luis.huppes\/","https:\/\/www.instagram.com\/luis.huppes\/","https:\/\/www.linkedin.com\/in\/luis-augusto-huppes-2554b52b7\/"],"url":"https:\/\/folhapopular.info\/index.php\/author\/luis-augusto-huppes\/"}]}},"jetpack_featured_media_url":"https:\/\/folhapopular.info\/wp-content\/uploads\/2025\/02\/Volta-olimpica-com-a-Taca-tambem-em-2002_Arquivo-Pessoal_Divulgacao.jpeg","jetpack_sharing_enabled":true,"amp_enabled":true,"_links":{"self":[{"href":"https:\/\/folhapopular.info\/index.php\/wp-json\/wp\/v2\/posts\/180721","targetHints":{"allow":["GET"]}}],"collection":[{"href":"https:\/\/folhapopular.info\/index.php\/wp-json\/wp\/v2\/posts"}],"about":[{"href":"https:\/\/folhapopular.info\/index.php\/wp-json\/wp\/v2\/types\/post"}],"author":[{"embeddable":true,"href":"https:\/\/folhapopular.info\/index.php\/wp-json\/wp\/v2\/users\/732"}],"replies":[{"embeddable":true,"href":"https:\/\/folhapopular.info\/index.php\/wp-json\/wp\/v2\/comments?post=180721"}],"version-history":[{"count":0,"href":"https:\/\/folhapopular.info\/index.php\/wp-json\/wp\/v2\/posts\/180721\/revisions"}],"wp:featuredmedia":[{"embeddable":true,"href":"https:\/\/folhapopular.info\/index.php\/wp-json\/wp\/v2\/media\/180722"}],"wp:attachment":[{"href":"https:\/\/folhapopular.info\/index.php\/wp-json\/wp\/v2\/media?parent=180721"}],"wp:term":[{"taxonomy":"category","embeddable":true,"href":"https:\/\/folhapopular.info\/index.php\/wp-json\/wp\/v2\/categories?post=180721"},{"taxonomy":"post_tag","embeddable":true,"href":"https:\/\/folhapopular.info\/index.php\/wp-json\/wp\/v2\/tags?post=180721"}],"curies":[{"name":"wp","href":"https:\/\/api.w.org\/{rel}","templated":true}]}}