{"id":180800,"date":"2025-02-18T08:19:02","date_gmt":"2025-02-18T11:19:02","guid":{"rendered":"https:\/\/folhapopular.info\/?p=180800"},"modified":"2025-02-18T08:19:06","modified_gmt":"2025-02-18T11:19:06","slug":"imigrante-tera-clinica-veterinaria-24-horas","status":"publish","type":"post","link":"https:\/\/folhapopular.info\/index.php\/2025\/02\/18\/imigrante-tera-clinica-veterinaria-24-horas\/","title":{"rendered":"Imigrante ter\u00e1 Cl\u00ednica Veterin\u00e1ria 24 horas"},"content":{"rendered":"\n<p>Em breve, Imigrante contar\u00e1 com uma cl\u00ednica veterin\u00e1ria 24 horas, resultado de uma parceria p\u00fablico-privada. O projeto, j\u00e1 em constru\u00e7\u00e3o, inclui um cremat\u00f3rio para animais, oferecendo um local para despedida e op\u00e7\u00f5es de recorda\u00e7\u00e3o. As informa\u00e7\u00f5es foram confirmadas pela coordenadora do Departamento da Causa Animal, Ursula Koenig, em entrevista ao programa Espa\u00e7o Aberto. <\/p>\n\n\n\n<p>De acordo ela, o munic\u00edpio tem poucos animais de rua, com a maioria dos gatos j\u00e1 capturados e castrados. Os c\u00e3es s\u00e3o abrigados temporariamente at\u00e9 encontrarem ado\u00e7\u00e3o. De agosto de 2024 at\u00e9 o dia 22 de janeiro deste ano, j\u00e1 foram realizadas 109 castra\u00e7\u00f5es.<\/p>\n\n\n\n<p>O programa de castra\u00e7\u00e3o \u00e9 aberto a todos os moradores de Imigrante, independentemente da renda. Para se inscrever, \u00e9 necess\u00e1rio apresentar RG, CPF, comprovante de resid\u00eancia e uma foto do animal com nome, idade e peso aproximado. O programa cobre animais de at\u00e9 15 kg (f\u00eameas) e utiliza anestesia injet\u00e1vel.<\/p>\n\n\n\n<h2 class=\"wp-block-heading\">Confira a entrevista completa<\/h2>\n\n\n\n<figure class=\"wp-block-embed is-type-video is-provider-youtube wp-block-embed-youtube wp-embed-aspect-4-3 wp-has-aspect-ratio\"><div class=\"wp-block-embed__wrapper\">\n<div class=\"youtube-embed\" data-video_id=\"sKSOpd7ZBy8\"><iframe loading=\"lazy\" title=\"Imigrante avan\u00e7a no programa de castra\u00e7\u00e3o de c\u00e3es e gatos\" width=\"696\" height=\"522\" src=\"https:\/\/www.youtube.com\/embed\/sKSOpd7ZBy8?feature=oembed&#038;enablejsapi=1\" frameborder=\"0\" allow=\"accelerometer; autoplay; clipboard-write; encrypted-media; gyroscope; picture-in-picture; web-share\" referrerpolicy=\"strict-origin-when-cross-origin\" allowfullscreen><\/iframe><\/div>\n<\/div><\/figure>\n","protected":false},"excerpt":{"rendered":"<p>Em breve, Imigrante contar\u00e1 com uma cl\u00ednica veterin\u00e1ria 24 horas, resultado de uma parceria p\u00fablico-privada. O projeto, j\u00e1 em constru\u00e7\u00e3o, inclui um cremat\u00f3rio para animais, oferecendo um local para despedida e op\u00e7\u00f5es de recorda\u00e7\u00e3o. As informa\u00e7\u00f5es foram confirmadas pela coordenadora do Departamento da Causa Animal, Ursula Koenig, em entrevista ao programa Espa\u00e7o Aberto. De acordo [&hellip;]<\/p>\n","protected":false},"author":747,"featured_media":180801,"comment_status":"open","ping_status":"open","sticky":false,"template":"","format":"standard","meta":{"pmpro_default_level":"","_jetpack_memberships_contains_paid_content":false,"footnotes":""},"categories":[10987,3,11091],"tags":[],"class_list":{"0":"post-180800","1":"post","2":"type-post","3":"status-publish","4":"format-standard","5":"has-post-thumbnail","7":"category-bem-estar","8":"category-geral","9":"category-servicos","10":"pmpro-has-access"},"yoast_head":"<!-- This site is optimized with the Yoast SEO plugin v27.5 - https:\/\/yoast.com\/product\/yoast-seo-wordpress\/ -->\n<title>Imigrante ter\u00e1 Cl\u00ednica Veterin\u00e1ria 24 horas - Folha Popular<\/title>\n<meta name=\"robots\" content=\"index, follow, max-snippet:-1, max-image-preview:large, max-video-preview:-1\" \/>\n<link rel=\"canonical\" href=\"https:\/\/folhapopular.info\/index.php\/2025\/02\/18\/imigrante-tera-clinica-veterinaria-24-horas\/\" \/>\n<meta property=\"og:locale\" content=\"pt_BR\" \/>\n<meta property=\"og:type\" content=\"article\" \/>\n<meta property=\"og:title\" content=\"Imigrante ter\u00e1 Cl\u00ednica Veterin\u00e1ria 24 horas - Folha Popular\" \/>\n<meta property=\"og:description\" content=\"Em breve, Imigrante contar\u00e1 com uma cl\u00ednica veterin\u00e1ria 24 horas, resultado de uma parceria p\u00fablico-privada. O projeto, j\u00e1 em constru\u00e7\u00e3o, inclui um cremat\u00f3rio para animais, oferecendo um local para despedida e op\u00e7\u00f5es de recorda\u00e7\u00e3o. As informa\u00e7\u00f5es foram confirmadas pela coordenadora do Departamento da Causa Animal, Ursula Koenig, em entrevista ao programa Espa\u00e7o Aberto. De acordo [&hellip;]\" \/>\n<meta property=\"og:url\" content=\"https:\/\/folhapopular.info\/index.php\/2025\/02\/18\/imigrante-tera-clinica-veterinaria-24-horas\/\" \/>\n<meta property=\"og:site_name\" content=\"Folha Popular\" \/>\n<meta property=\"article:published_time\" content=\"2025-02-18T11:19:02+00:00\" \/>\n<meta property=\"article:modified_time\" content=\"2025-02-18T11:19:06+00:00\" \/>\n<meta property=\"og:image\" content=\"http:\/\/folhapopular.info\/wp-content\/uploads\/2025\/02\/WhatsApp-Image-2025-02-18-at-07.23.24-scaled.jpeg\" \/>\n\t<meta property=\"og:image:width\" content=\"2560\" \/>\n\t<meta property=\"og:image:height\" content=\"1920\" \/>\n\t<meta property=\"og:image:type\" content=\"image\/jpeg\" \/>\n<meta name=\"author\" content=\"J\u00falia Amaral\" \/>\n<meta name=\"twitter:card\" content=\"summary_large_image\" \/>\n<meta name=\"twitter:label1\" content=\"Escrito por\" \/>\n\t<meta name=\"twitter:data1\" content=\"J\u00falia Amaral\" \/>\n\t<meta name=\"twitter:label2\" content=\"Est. tempo de leitura\" \/>\n\t<meta name=\"twitter:data2\" content=\"2 minutos\" \/>\n<script type=\"application\/ld+json\" class=\"yoast-schema-graph\">{\"@context\":\"https:\\\/\\\/schema.org\",\"@graph\":[{\"@type\":\"Article\",\"@id\":\"https:\\\/\\\/folhapopular.info\\\/index.php\\\/2025\\\/02\\\/18\\\/imigrante-tera-clinica-veterinaria-24-horas\\\/#article\",\"isPartOf\":{\"@id\":\"https:\\\/\\\/folhapopular.info\\\/index.php\\\/2025\\\/02\\\/18\\\/imigrante-tera-clinica-veterinaria-24-horas\\\/\"},\"author\":{\"name\":\"J\u00falia Amaral\",\"@id\":\"https:\\\/\\\/folhapopular.info\\\/#\\\/schema\\\/person\\\/25c7649fd584816b1747a45f3aab3b40\"},\"headline\":\"Imigrante ter\u00e1 Cl\u00ednica Veterin\u00e1ria 24 horas\",\"datePublished\":\"2025-02-18T11:19:02+00:00\",\"dateModified\":\"2025-02-18T11:19:06+00:00\",\"mainEntityOfPage\":{\"@id\":\"https:\\\/\\\/folhapopular.info\\\/index.php\\\/2025\\\/02\\\/18\\\/imigrante-tera-clinica-veterinaria-24-horas\\\/\"},\"wordCount\":178,\"commentCount\":0,\"image\":{\"@id\":\"https:\\\/\\\/folhapopular.info\\\/index.php\\\/2025\\\/02\\\/18\\\/imigrante-tera-clinica-veterinaria-24-horas\\\/#primaryimage\"},\"thumbnailUrl\":\"https:\\\/\\\/folhapopular.info\\\/wp-content\\\/uploads\\\/2025\\\/02\\\/WhatsApp-Image-2025-02-18-at-07.23.24-scaled.jpeg\",\"articleSection\":[\"Bem-estar\",\"Geral\",\"Servi\u00e7os\"],\"inLanguage\":\"pt-BR\",\"potentialAction\":[{\"@type\":\"CommentAction\",\"name\":\"Comment\",\"target\":[\"https:\\\/\\\/folhapopular.info\\\/index.php\\\/2025\\\/02\\\/18\\\/imigrante-tera-clinica-veterinaria-24-horas\\\/#respond\"]}]},{\"@type\":\"WebPage\",\"@id\":\"https:\\\/\\\/folhapopular.info\\\/index.php\\\/2025\\\/02\\\/18\\\/imigrante-tera-clinica-veterinaria-24-horas\\\/\",\"url\":\"https:\\\/\\\/folhapopular.info\\\/index.php\\\/2025\\\/02\\\/18\\\/imigrante-tera-clinica-veterinaria-24-horas\\\/\",\"name\":\"Imigrante ter\u00e1 Cl\u00ednica Veterin\u00e1ria 24 horas - Folha Popular\",\"isPartOf\":{\"@id\":\"https:\\\/\\\/folhapopular.info\\\/#website\"},\"primaryImageOfPage\":{\"@id\":\"https:\\\/\\\/folhapopular.info\\\/index.php\\\/2025\\\/02\\\/18\\\/imigrante-tera-clinica-veterinaria-24-horas\\\/#primaryimage\"},\"image\":{\"@id\":\"https:\\\/\\\/folhapopular.info\\\/index.php\\\/2025\\\/02\\\/18\\\/imigrante-tera-clinica-veterinaria-24-horas\\\/#primaryimage\"},\"thumbnailUrl\":\"https:\\\/\\\/folhapopular.info\\\/wp-content\\\/uploads\\\/2025\\\/02\\\/WhatsApp-Image-2025-02-18-at-07.23.24-scaled.jpeg\",\"datePublished\":\"2025-02-18T11:19:02+00:00\",\"dateModified\":\"2025-02-18T11:19:06+00:00\",\"author\":{\"@id\":\"https:\\\/\\\/folhapopular.info\\\/#\\\/schema\\\/person\\\/25c7649fd584816b1747a45f3aab3b40\"},\"breadcrumb\":{\"@id\":\"https:\\\/\\\/folhapopular.info\\\/index.php\\\/2025\\\/02\\\/18\\\/imigrante-tera-clinica-veterinaria-24-horas\\\/#breadcrumb\"},\"inLanguage\":\"pt-BR\",\"potentialAction\":[{\"@type\":\"ReadAction\",\"target\":[\"https:\\\/\\\/folhapopular.info\\\/index.php\\\/2025\\\/02\\\/18\\\/imigrante-tera-clinica-veterinaria-24-horas\\\/\"]}]},{\"@type\":\"ImageObject\",\"inLanguage\":\"pt-BR\",\"@id\":\"https:\\\/\\\/folhapopular.info\\\/index.php\\\/2025\\\/02\\\/18\\\/imigrante-tera-clinica-veterinaria-24-horas\\\/#primaryimage\",\"url\":\"https:\\\/\\\/folhapopular.info\\\/wp-content\\\/uploads\\\/2025\\\/02\\\/WhatsApp-Image-2025-02-18-at-07.23.24-scaled.jpeg\",\"contentUrl\":\"https:\\\/\\\/folhapopular.info\\\/wp-content\\\/uploads\\\/2025\\\/02\\\/WhatsApp-Image-2025-02-18-at-07.23.24-scaled.jpeg\",\"width\":2560,\"height\":1920},{\"@type\":\"BreadcrumbList\",\"@id\":\"https:\\\/\\\/folhapopular.info\\\/index.php\\\/2025\\\/02\\\/18\\\/imigrante-tera-clinica-veterinaria-24-horas\\\/#breadcrumb\",\"itemListElement\":[{\"@type\":\"ListItem\",\"position\":1,\"name\":\"In\u00edcio\",\"item\":\"https:\\\/\\\/folhapopular.info\\\/\"},{\"@type\":\"ListItem\",\"position\":2,\"name\":\"Imigrante ter\u00e1 Cl\u00ednica Veterin\u00e1ria 24 horas\"}]},{\"@type\":\"WebSite\",\"@id\":\"https:\\\/\\\/folhapopular.info\\\/#website\",\"url\":\"https:\\\/\\\/folhapopular.info\\\/\",\"name\":\"Folha Popular\",\"description\":\"Onde voc\u00ea tem vez e voz\",\"potentialAction\":[{\"@type\":\"SearchAction\",\"target\":{\"@type\":\"EntryPoint\",\"urlTemplate\":\"https:\\\/\\\/folhapopular.info\\\/?s={search_term_string}\"},\"query-input\":{\"@type\":\"PropertyValueSpecification\",\"valueRequired\":true,\"valueName\":\"search_term_string\"}}],\"inLanguage\":\"pt-BR\"},{\"@type\":\"Person\",\"@id\":\"https:\\\/\\\/folhapopular.info\\\/#\\\/schema\\\/person\\\/25c7649fd584816b1747a45f3aab3b40\",\"name\":\"J\u00falia Amaral\",\"image\":{\"@type\":\"ImageObject\",\"inLanguage\":\"pt-BR\",\"@id\":\"https:\\\/\\\/secure.gravatar.com\\\/avatar\\\/4d7d64d93a62bbe70e444c5c7b0a643f1955a374a94fd5eab0a928fe21d5b041?s=96&d=mm&r=g\",\"url\":\"https:\\\/\\\/secure.gravatar.com\\\/avatar\\\/4d7d64d93a62bbe70e444c5c7b0a643f1955a374a94fd5eab0a928fe21d5b041?s=96&d=mm&r=g\",\"contentUrl\":\"https:\\\/\\\/secure.gravatar.com\\\/avatar\\\/4d7d64d93a62bbe70e444c5c7b0a643f1955a374a94fd5eab0a928fe21d5b041?s=96&d=mm&r=g\",\"caption\":\"J\u00falia Amaral\"},\"url\":\"https:\\\/\\\/folhapopular.info\\\/index.php\\\/author\\\/julia-amaral\\\/\"}]}<\/script>\n<!-- \/ Yoast SEO plugin. -->","yoast_head_json":{"title":"Imigrante ter\u00e1 Cl\u00ednica Veterin\u00e1ria 24 horas - Folha Popular","robots":{"index":"index","follow":"follow","max-snippet":"max-snippet:-1","max-image-preview":"max-image-preview:large","max-video-preview":"max-video-preview:-1"},"canonical":"https:\/\/folhapopular.info\/index.php\/2025\/02\/18\/imigrante-tera-clinica-veterinaria-24-horas\/","og_locale":"pt_BR","og_type":"article","og_title":"Imigrante ter\u00e1 Cl\u00ednica Veterin\u00e1ria 24 horas - Folha Popular","og_description":"Em breve, Imigrante contar\u00e1 com uma cl\u00ednica veterin\u00e1ria 24 horas, resultado de uma parceria p\u00fablico-privada. O projeto, j\u00e1 em constru\u00e7\u00e3o, inclui um cremat\u00f3rio para animais, oferecendo um local para despedida e op\u00e7\u00f5es de recorda\u00e7\u00e3o. As informa\u00e7\u00f5es foram confirmadas pela coordenadora do Departamento da Causa Animal, Ursula Koenig, em entrevista ao programa Espa\u00e7o Aberto. De acordo [&hellip;]","og_url":"https:\/\/folhapopular.info\/index.php\/2025\/02\/18\/imigrante-tera-clinica-veterinaria-24-horas\/","og_site_name":"Folha Popular","article_published_time":"2025-02-18T11:19:02+00:00","article_modified_time":"2025-02-18T11:19:06+00:00","og_image":[{"width":2560,"height":1920,"url":"http:\/\/folhapopular.info\/wp-content\/uploads\/2025\/02\/WhatsApp-Image-2025-02-18-at-07.23.24-scaled.jpeg","type":"image\/jpeg"}],"author":"J\u00falia Amaral","twitter_card":"summary_large_image","twitter_misc":{"Escrito por":"J\u00falia Amaral","Est. tempo de leitura":"2 minutos"},"schema":{"@context":"https:\/\/schema.org","@graph":[{"@type":"Article","@id":"https:\/\/folhapopular.info\/index.php\/2025\/02\/18\/imigrante-tera-clinica-veterinaria-24-horas\/#article","isPartOf":{"@id":"https:\/\/folhapopular.info\/index.php\/2025\/02\/18\/imigrante-tera-clinica-veterinaria-24-horas\/"},"author":{"name":"J\u00falia Amaral","@id":"https:\/\/folhapopular.info\/#\/schema\/person\/25c7649fd584816b1747a45f3aab3b40"},"headline":"Imigrante ter\u00e1 Cl\u00ednica Veterin\u00e1ria 24 horas","datePublished":"2025-02-18T11:19:02+00:00","dateModified":"2025-02-18T11:19:06+00:00","mainEntityOfPage":{"@id":"https:\/\/folhapopular.info\/index.php\/2025\/02\/18\/imigrante-tera-clinica-veterinaria-24-horas\/"},"wordCount":178,"commentCount":0,"image":{"@id":"https:\/\/folhapopular.info\/index.php\/2025\/02\/18\/imigrante-tera-clinica-veterinaria-24-horas\/#primaryimage"},"thumbnailUrl":"https:\/\/folhapopular.info\/wp-content\/uploads\/2025\/02\/WhatsApp-Image-2025-02-18-at-07.23.24-scaled.jpeg","articleSection":["Bem-estar","Geral","Servi\u00e7os"],"inLanguage":"pt-BR","potentialAction":[{"@type":"CommentAction","name":"Comment","target":["https:\/\/folhapopular.info\/index.php\/2025\/02\/18\/imigrante-tera-clinica-veterinaria-24-horas\/#respond"]}]},{"@type":"WebPage","@id":"https:\/\/folhapopular.info\/index.php\/2025\/02\/18\/imigrante-tera-clinica-veterinaria-24-horas\/","url":"https:\/\/folhapopular.info\/index.php\/2025\/02\/18\/imigrante-tera-clinica-veterinaria-24-horas\/","name":"Imigrante ter\u00e1 Cl\u00ednica Veterin\u00e1ria 24 horas - Folha Popular","isPartOf":{"@id":"https:\/\/folhapopular.info\/#website"},"primaryImageOfPage":{"@id":"https:\/\/folhapopular.info\/index.php\/2025\/02\/18\/imigrante-tera-clinica-veterinaria-24-horas\/#primaryimage"},"image":{"@id":"https:\/\/folhapopular.info\/index.php\/2025\/02\/18\/imigrante-tera-clinica-veterinaria-24-horas\/#primaryimage"},"thumbnailUrl":"https:\/\/folhapopular.info\/wp-content\/uploads\/2025\/02\/WhatsApp-Image-2025-02-18-at-07.23.24-scaled.jpeg","datePublished":"2025-02-18T11:19:02+00:00","dateModified":"2025-02-18T11:19:06+00:00","author":{"@id":"https:\/\/folhapopular.info\/#\/schema\/person\/25c7649fd584816b1747a45f3aab3b40"},"breadcrumb":{"@id":"https:\/\/folhapopular.info\/index.php\/2025\/02\/18\/imigrante-tera-clinica-veterinaria-24-horas\/#breadcrumb"},"inLanguage":"pt-BR","potentialAction":[{"@type":"ReadAction","target":["https:\/\/folhapopular.info\/index.php\/2025\/02\/18\/imigrante-tera-clinica-veterinaria-24-horas\/"]}]},{"@type":"ImageObject","inLanguage":"pt-BR","@id":"https:\/\/folhapopular.info\/index.php\/2025\/02\/18\/imigrante-tera-clinica-veterinaria-24-horas\/#primaryimage","url":"https:\/\/folhapopular.info\/wp-content\/uploads\/2025\/02\/WhatsApp-Image-2025-02-18-at-07.23.24-scaled.jpeg","contentUrl":"https:\/\/folhapopular.info\/wp-content\/uploads\/2025\/02\/WhatsApp-Image-2025-02-18-at-07.23.24-scaled.jpeg","width":2560,"height":1920},{"@type":"BreadcrumbList","@id":"https:\/\/folhapopular.info\/index.php\/2025\/02\/18\/imigrante-tera-clinica-veterinaria-24-horas\/#breadcrumb","itemListElement":[{"@type":"ListItem","position":1,"name":"In\u00edcio","item":"https:\/\/folhapopular.info\/"},{"@type":"ListItem","position":2,"name":"Imigrante ter\u00e1 Cl\u00ednica Veterin\u00e1ria 24 horas"}]},{"@type":"WebSite","@id":"https:\/\/folhapopular.info\/#website","url":"https:\/\/folhapopular.info\/","name":"Folha Popular","description":"Onde voc\u00ea tem vez e voz","potentialAction":[{"@type":"SearchAction","target":{"@type":"EntryPoint","urlTemplate":"https:\/\/folhapopular.info\/?s={search_term_string}"},"query-input":{"@type":"PropertyValueSpecification","valueRequired":true,"valueName":"search_term_string"}}],"inLanguage":"pt-BR"},{"@type":"Person","@id":"https:\/\/folhapopular.info\/#\/schema\/person\/25c7649fd584816b1747a45f3aab3b40","name":"J\u00falia Amaral","image":{"@type":"ImageObject","inLanguage":"pt-BR","@id":"https:\/\/secure.gravatar.com\/avatar\/4d7d64d93a62bbe70e444c5c7b0a643f1955a374a94fd5eab0a928fe21d5b041?s=96&d=mm&r=g","url":"https:\/\/secure.gravatar.com\/avatar\/4d7d64d93a62bbe70e444c5c7b0a643f1955a374a94fd5eab0a928fe21d5b041?s=96&d=mm&r=g","contentUrl":"https:\/\/secure.gravatar.com\/avatar\/4d7d64d93a62bbe70e444c5c7b0a643f1955a374a94fd5eab0a928fe21d5b041?s=96&d=mm&r=g","caption":"J\u00falia Amaral"},"url":"https:\/\/folhapopular.info\/index.php\/author\/julia-amaral\/"}]}},"jetpack_featured_media_url":"https:\/\/folhapopular.info\/wp-content\/uploads\/2025\/02\/WhatsApp-Image-2025-02-18-at-07.23.24-scaled.jpeg","jetpack_sharing_enabled":true,"amp_enabled":true,"_links":{"self":[{"href":"https:\/\/folhapopular.info\/index.php\/wp-json\/wp\/v2\/posts\/180800","targetHints":{"allow":["GET"]}}],"collection":[{"href":"https:\/\/folhapopular.info\/index.php\/wp-json\/wp\/v2\/posts"}],"about":[{"href":"https:\/\/folhapopular.info\/index.php\/wp-json\/wp\/v2\/types\/post"}],"author":[{"embeddable":true,"href":"https:\/\/folhapopular.info\/index.php\/wp-json\/wp\/v2\/users\/747"}],"replies":[{"embeddable":true,"href":"https:\/\/folhapopular.info\/index.php\/wp-json\/wp\/v2\/comments?post=180800"}],"version-history":[{"count":0,"href":"https:\/\/folhapopular.info\/index.php\/wp-json\/wp\/v2\/posts\/180800\/revisions"}],"wp:featuredmedia":[{"embeddable":true,"href":"https:\/\/folhapopular.info\/index.php\/wp-json\/wp\/v2\/media\/180801"}],"wp:attachment":[{"href":"https:\/\/folhapopular.info\/index.php\/wp-json\/wp\/v2\/media?parent=180800"}],"wp:term":[{"taxonomy":"category","embeddable":true,"href":"https:\/\/folhapopular.info\/index.php\/wp-json\/wp\/v2\/categories?post=180800"},{"taxonomy":"post_tag","embeddable":true,"href":"https:\/\/folhapopular.info\/index.php\/wp-json\/wp\/v2\/tags?post=180800"}],"curies":[{"name":"wp","href":"https:\/\/api.w.org\/{rel}","templated":true}]}}