{"id":180829,"date":"2025-02-18T10:18:56","date_gmt":"2025-02-18T13:18:56","guid":{"rendered":"https:\/\/folhapopular.info\/?p=180829"},"modified":"2025-02-18T10:19:00","modified_gmt":"2025-02-18T13:19:00","slug":"aslivata-realiza-reuniao-preparatoria-para-o-campeonato-regional-de-categorias-de-base","status":"publish","type":"post","link":"https:\/\/folhapopular.info\/index.php\/2025\/02\/18\/aslivata-realiza-reuniao-preparatoria-para-o-campeonato-regional-de-categorias-de-base\/","title":{"rendered":"Aslivata realiza reuni\u00e3o preparat\u00f3ria para o Campeonato Regional de Categorias de Base"},"content":{"rendered":"\n<p>No dia 15 de fevereiro de 2025, a Associa\u00e7\u00e3o de Ligas do Vale do Taquari (Aslivata) sediou a reuni\u00e3o preparat\u00f3ria para a organiza\u00e7\u00e3o do Campeonato Regional de Categorias de Base 2025. O encontro teve a presen\u00e7a de representantes das equipes Nacional (Lajeado), CFM (Encantado), Liga Arroiomeiense de Futebol Amador (Arroio do Meio), IVO 10 (Teut\u00f4nia), Bola no P\u00e9 (Serafina Corr\u00eaa) e Taquariense (Taquari).<\/p>\n\n\n\n<p>Durante a reuni\u00e3o, as equipes LAFA e IVO 10 manifestaram interesse em participar nas categorias Sub-19 e Sub-17, enquanto as demais equipes avaliar\u00e3o a proposta antes de definir em quais categorias ir\u00e3o se inscrever. Al\u00e9m dos times presentes, E. C. Guarani (Ven\u00e2ncio Aires) e Flamengo (Santa Cruz do Sul) tamb\u00e9m demonstraram interesse na competi\u00e7\u00e3o, mesmo sem enviar representantes ao encontro.<\/p>\n\n\n\n<p>Foram apresentadas e discutidas as diretrizes do campeonato, incluindo a utiliza\u00e7\u00e3o do sistema de cadastro online da ASLIVATA e a ado\u00e7\u00e3o do regulamento do Regional S\u00e9rie A. Cada equipe poder\u00e1 inscrever at\u00e9 25 atletas por categoria, sendo obrigat\u00f3ria a apresenta\u00e7\u00e3o de documento de identidade, f\u00edsico ou digital, para participa\u00e7\u00e3o nos jogos.<\/p>\n\n\n\n<p>Os locais das partidas dever\u00e3o contar com vesti\u00e1rios para a equipe visitante e para a arbitragem, al\u00e9m de campos devidamente demarcados, com linhas vis\u00edveis e bandeirinhas de escanteio corretamente posicionadas. Atletas que assinarem s\u00famula em alguma competi\u00e7\u00e3o federada no ano de 2025 estar\u00e3o impedidos de disputar o campeonato regional de categorias de base.<\/p>\n\n\n\n<p>Os valores de inscri\u00e7\u00e3o por categoria foram estabelecidos em R$ 500 para o Sub-13, R$ 650 para o Sub-15, R$ 800 para o Sub-17 e R$ 1.000 para o Sub-19. Quanto \u00e0 dura\u00e7\u00e3o das partidas, os jogos do Sub-13 ter\u00e3o dois tempos de 30 minutos, os do Sub-15, dois tempos de 35 minutos, e os das categorias Sub-17 e Sub-19, dois tempos de 45 minutos.<\/p>\n\n\n\n<p>O prazo para confirma\u00e7\u00e3o das equipes participantes foi definido para 27 de fevereiro de 2025, mesma data da pr\u00f3xima reuni\u00e3o, que ocorrer\u00e1 \u00e0s 20h. A Aslivata refor\u00e7a a import\u00e2ncia do engajamento das equipes na competi\u00e7\u00e3o e reafirma seu compromisso com o desenvolvimento do futebol de base e a valoriza\u00e7\u00e3o de novos talentos na regi\u00e3o.<\/p>\n","protected":false},"excerpt":{"rendered":"<p>No dia 15 de fevereiro de 2025, a Associa\u00e7\u00e3o de Ligas do Vale do Taquari (Aslivata) sediou a reuni\u00e3o preparat\u00f3ria para a organiza\u00e7\u00e3o do Campeonato Regional de Categorias de Base 2025. O encontro teve a presen\u00e7a de representantes das equipes Nacional (Lajeado), CFM (Encantado), Liga Arroiomeiense de Futebol Amador (Arroio do Meio), IVO 10 (Teut\u00f4nia), [&hellip;]<\/p>\n","protected":false},"author":732,"featured_media":179036,"comment_status":"open","ping_status":"open","sticky":false,"template":"","format":"standard","meta":{"pmpro_default_level":"","_jetpack_memberships_contains_paid_content":false,"footnotes":""},"categories":[5,288],"tags":[290,8368,18015,498,3693],"class_list":{"0":"post-180829","1":"post","2":"type-post","3":"status-publish","4":"format-standard","5":"has-post-thumbnail","7":"category-esportes","8":"category-regional-da-aslivata","9":"tag-aslivata","10":"tag-base","11":"tag-campeonato-regional-de-categorias-de-base","12":"tag-futebol","13":"tag-reuniao","14":"pmpro-has-access"},"yoast_head":"<!-- This site is optimized with the Yoast SEO plugin v27.5 - https:\/\/yoast.com\/product\/yoast-seo-wordpress\/ -->\n<title>Aslivata realiza reuni\u00e3o preparat\u00f3ria para o Campeonato Regional de Categorias de Base - Folha Popular<\/title>\n<meta name=\"robots\" content=\"index, follow, max-snippet:-1, max-image-preview:large, max-video-preview:-1\" \/>\n<link rel=\"canonical\" href=\"https:\/\/folhapopular.info\/index.php\/2025\/02\/18\/aslivata-realiza-reuniao-preparatoria-para-o-campeonato-regional-de-categorias-de-base\/\" \/>\n<meta property=\"og:locale\" content=\"pt_BR\" \/>\n<meta property=\"og:type\" content=\"article\" \/>\n<meta property=\"og:title\" content=\"Aslivata realiza reuni\u00e3o preparat\u00f3ria para o Campeonato Regional de Categorias de Base - Folha Popular\" \/>\n<meta property=\"og:description\" content=\"No dia 15 de fevereiro de 2025, a Associa\u00e7\u00e3o de Ligas do Vale do Taquari (Aslivata) sediou a reuni\u00e3o preparat\u00f3ria para a organiza\u00e7\u00e3o do Campeonato Regional de Categorias de Base 2025. O encontro teve a presen\u00e7a de representantes das equipes Nacional (Lajeado), CFM (Encantado), Liga Arroiomeiense de Futebol Amador (Arroio do Meio), IVO 10 (Teut\u00f4nia), [&hellip;]\" \/>\n<meta property=\"og:url\" content=\"https:\/\/folhapopular.info\/index.php\/2025\/02\/18\/aslivata-realiza-reuniao-preparatoria-para-o-campeonato-regional-de-categorias-de-base\/\" \/>\n<meta property=\"og:site_name\" content=\"Folha Popular\" \/>\n<meta property=\"article:author\" content=\"https:\/\/www.facebook.com\/luis.huppes\/\" \/>\n<meta property=\"article:published_time\" content=\"2025-02-18T13:18:56+00:00\" \/>\n<meta property=\"article:modified_time\" content=\"2025-02-18T13:19:00+00:00\" \/>\n<meta property=\"og:image\" content=\"http:\/\/folhapopular.info\/wp-content\/uploads\/2025\/01\/noticias-aslivata.jpg\" \/>\n\t<meta property=\"og:image:width\" content=\"416\" \/>\n\t<meta property=\"og:image:height\" content=\"260\" \/>\n\t<meta property=\"og:image:type\" content=\"image\/jpeg\" \/>\n<meta name=\"author\" content=\"Luis Augusto Huppes\" \/>\n<meta name=\"twitter:card\" content=\"summary_large_image\" \/>\n<meta name=\"twitter:label1\" content=\"Escrito por\" \/>\n\t<meta name=\"twitter:data1\" content=\"Luis Augusto Huppes\" \/>\n\t<meta name=\"twitter:label2\" content=\"Est. tempo de leitura\" \/>\n\t<meta name=\"twitter:data2\" content=\"3 minutos\" \/>\n<script type=\"application\/ld+json\" class=\"yoast-schema-graph\">{\"@context\":\"https:\\\/\\\/schema.org\",\"@graph\":[{\"@type\":\"Article\",\"@id\":\"https:\\\/\\\/folhapopular.info\\\/index.php\\\/2025\\\/02\\\/18\\\/aslivata-realiza-reuniao-preparatoria-para-o-campeonato-regional-de-categorias-de-base\\\/#article\",\"isPartOf\":{\"@id\":\"https:\\\/\\\/folhapopular.info\\\/index.php\\\/2025\\\/02\\\/18\\\/aslivata-realiza-reuniao-preparatoria-para-o-campeonato-regional-de-categorias-de-base\\\/\"},\"author\":{\"name\":\"Luis Augusto Huppes\",\"@id\":\"https:\\\/\\\/folhapopular.info\\\/#\\\/schema\\\/person\\\/e852c327371714676d02e58cf917fd9f\"},\"headline\":\"Aslivata realiza reuni\u00e3o preparat\u00f3ria para o Campeonato Regional de Categorias de Base\",\"datePublished\":\"2025-02-18T13:18:56+00:00\",\"dateModified\":\"2025-02-18T13:19:00+00:00\",\"mainEntityOfPage\":{\"@id\":\"https:\\\/\\\/folhapopular.info\\\/index.php\\\/2025\\\/02\\\/18\\\/aslivata-realiza-reuniao-preparatoria-para-o-campeonato-regional-de-categorias-de-base\\\/\"},\"wordCount\":382,\"commentCount\":0,\"image\":{\"@id\":\"https:\\\/\\\/folhapopular.info\\\/index.php\\\/2025\\\/02\\\/18\\\/aslivata-realiza-reuniao-preparatoria-para-o-campeonato-regional-de-categorias-de-base\\\/#primaryimage\"},\"thumbnailUrl\":\"https:\\\/\\\/folhapopular.info\\\/wp-content\\\/uploads\\\/2025\\\/01\\\/noticias-aslivata.jpg\",\"keywords\":[\"Aslivata\",\"Base\",\"Campeonato Regional de Categorias de Base\",\"Futebol\",\"reuni\u00e3o\"],\"articleSection\":[\"Esportes\",\"Regional da Aslivata\"],\"inLanguage\":\"pt-BR\",\"potentialAction\":[{\"@type\":\"CommentAction\",\"name\":\"Comment\",\"target\":[\"https:\\\/\\\/folhapopular.info\\\/index.php\\\/2025\\\/02\\\/18\\\/aslivata-realiza-reuniao-preparatoria-para-o-campeonato-regional-de-categorias-de-base\\\/#respond\"]}]},{\"@type\":\"WebPage\",\"@id\":\"https:\\\/\\\/folhapopular.info\\\/index.php\\\/2025\\\/02\\\/18\\\/aslivata-realiza-reuniao-preparatoria-para-o-campeonato-regional-de-categorias-de-base\\\/\",\"url\":\"https:\\\/\\\/folhapopular.info\\\/index.php\\\/2025\\\/02\\\/18\\\/aslivata-realiza-reuniao-preparatoria-para-o-campeonato-regional-de-categorias-de-base\\\/\",\"name\":\"Aslivata realiza reuni\u00e3o preparat\u00f3ria para o Campeonato Regional de Categorias de Base - Folha Popular\",\"isPartOf\":{\"@id\":\"https:\\\/\\\/folhapopular.info\\\/#website\"},\"primaryImageOfPage\":{\"@id\":\"https:\\\/\\\/folhapopular.info\\\/index.php\\\/2025\\\/02\\\/18\\\/aslivata-realiza-reuniao-preparatoria-para-o-campeonato-regional-de-categorias-de-base\\\/#primaryimage\"},\"image\":{\"@id\":\"https:\\\/\\\/folhapopular.info\\\/index.php\\\/2025\\\/02\\\/18\\\/aslivata-realiza-reuniao-preparatoria-para-o-campeonato-regional-de-categorias-de-base\\\/#primaryimage\"},\"thumbnailUrl\":\"https:\\\/\\\/folhapopular.info\\\/wp-content\\\/uploads\\\/2025\\\/01\\\/noticias-aslivata.jpg\",\"datePublished\":\"2025-02-18T13:18:56+00:00\",\"dateModified\":\"2025-02-18T13:19:00+00:00\",\"author\":{\"@id\":\"https:\\\/\\\/folhapopular.info\\\/#\\\/schema\\\/person\\\/e852c327371714676d02e58cf917fd9f\"},\"breadcrumb\":{\"@id\":\"https:\\\/\\\/folhapopular.info\\\/index.php\\\/2025\\\/02\\\/18\\\/aslivata-realiza-reuniao-preparatoria-para-o-campeonato-regional-de-categorias-de-base\\\/#breadcrumb\"},\"inLanguage\":\"pt-BR\",\"potentialAction\":[{\"@type\":\"ReadAction\",\"target\":[\"https:\\\/\\\/folhapopular.info\\\/index.php\\\/2025\\\/02\\\/18\\\/aslivata-realiza-reuniao-preparatoria-para-o-campeonato-regional-de-categorias-de-base\\\/\"]}]},{\"@type\":\"ImageObject\",\"inLanguage\":\"pt-BR\",\"@id\":\"https:\\\/\\\/folhapopular.info\\\/index.php\\\/2025\\\/02\\\/18\\\/aslivata-realiza-reuniao-preparatoria-para-o-campeonato-regional-de-categorias-de-base\\\/#primaryimage\",\"url\":\"https:\\\/\\\/folhapopular.info\\\/wp-content\\\/uploads\\\/2025\\\/01\\\/noticias-aslivata.jpg\",\"contentUrl\":\"https:\\\/\\\/folhapopular.info\\\/wp-content\\\/uploads\\\/2025\\\/01\\\/noticias-aslivata.jpg\",\"width\":416,\"height\":260,\"caption\":\"Cr\u00e9dito: Divulga\u00e7\u00e3o\"},{\"@type\":\"BreadcrumbList\",\"@id\":\"https:\\\/\\\/folhapopular.info\\\/index.php\\\/2025\\\/02\\\/18\\\/aslivata-realiza-reuniao-preparatoria-para-o-campeonato-regional-de-categorias-de-base\\\/#breadcrumb\",\"itemListElement\":[{\"@type\":\"ListItem\",\"position\":1,\"name\":\"In\u00edcio\",\"item\":\"https:\\\/\\\/folhapopular.info\\\/\"},{\"@type\":\"ListItem\",\"position\":2,\"name\":\"Aslivata realiza reuni\u00e3o preparat\u00f3ria para o Campeonato Regional de Categorias de Base\"}]},{\"@type\":\"WebSite\",\"@id\":\"https:\\\/\\\/folhapopular.info\\\/#website\",\"url\":\"https:\\\/\\\/folhapopular.info\\\/\",\"name\":\"Folha Popular\",\"description\":\"Onde voc\u00ea tem vez e voz\",\"potentialAction\":[{\"@type\":\"SearchAction\",\"target\":{\"@type\":\"EntryPoint\",\"urlTemplate\":\"https:\\\/\\\/folhapopular.info\\\/?s={search_term_string}\"},\"query-input\":{\"@type\":\"PropertyValueSpecification\",\"valueRequired\":true,\"valueName\":\"search_term_string\"}}],\"inLanguage\":\"pt-BR\"},{\"@type\":\"Person\",\"@id\":\"https:\\\/\\\/folhapopular.info\\\/#\\\/schema\\\/person\\\/e852c327371714676d02e58cf917fd9f\",\"name\":\"Luis Augusto Huppes\",\"image\":{\"@type\":\"ImageObject\",\"inLanguage\":\"pt-BR\",\"@id\":\"https:\\\/\\\/folhapopular.info\\\/wp-content\\\/uploads\\\/2026\\\/04\\\/Luis-Augusto-Huppes-1-1.webp\",\"url\":\"https:\\\/\\\/folhapopular.info\\\/wp-content\\\/uploads\\\/2026\\\/04\\\/Luis-Augusto-Huppes-1-1.webp\",\"contentUrl\":\"https:\\\/\\\/folhapopular.info\\\/wp-content\\\/uploads\\\/2026\\\/04\\\/Luis-Augusto-Huppes-1-1.webp\",\"caption\":\"Luis Augusto Huppes\"},\"sameAs\":[\"https:\\\/\\\/www.facebook.com\\\/luis.huppes\\\/\",\"https:\\\/\\\/www.instagram.com\\\/luis.huppes\\\/\",\"https:\\\/\\\/www.linkedin.com\\\/in\\\/luis-augusto-huppes-2554b52b7\\\/\"],\"url\":\"https:\\\/\\\/folhapopular.info\\\/index.php\\\/author\\\/luis-augusto-huppes\\\/\"}]}<\/script>\n<!-- \/ Yoast SEO plugin. -->","yoast_head_json":{"title":"Aslivata realiza reuni\u00e3o preparat\u00f3ria para o Campeonato Regional de Categorias de Base - Folha Popular","robots":{"index":"index","follow":"follow","max-snippet":"max-snippet:-1","max-image-preview":"max-image-preview:large","max-video-preview":"max-video-preview:-1"},"canonical":"https:\/\/folhapopular.info\/index.php\/2025\/02\/18\/aslivata-realiza-reuniao-preparatoria-para-o-campeonato-regional-de-categorias-de-base\/","og_locale":"pt_BR","og_type":"article","og_title":"Aslivata realiza reuni\u00e3o preparat\u00f3ria para o Campeonato Regional de Categorias de Base - Folha Popular","og_description":"No dia 15 de fevereiro de 2025, a Associa\u00e7\u00e3o de Ligas do Vale do Taquari (Aslivata) sediou a reuni\u00e3o preparat\u00f3ria para a organiza\u00e7\u00e3o do Campeonato Regional de Categorias de Base 2025. O encontro teve a presen\u00e7a de representantes das equipes Nacional (Lajeado), CFM (Encantado), Liga Arroiomeiense de Futebol Amador (Arroio do Meio), IVO 10 (Teut\u00f4nia), [&hellip;]","og_url":"https:\/\/folhapopular.info\/index.php\/2025\/02\/18\/aslivata-realiza-reuniao-preparatoria-para-o-campeonato-regional-de-categorias-de-base\/","og_site_name":"Folha Popular","article_author":"https:\/\/www.facebook.com\/luis.huppes\/","article_published_time":"2025-02-18T13:18:56+00:00","article_modified_time":"2025-02-18T13:19:00+00:00","og_image":[{"width":416,"height":260,"url":"http:\/\/folhapopular.info\/wp-content\/uploads\/2025\/01\/noticias-aslivata.jpg","type":"image\/jpeg"}],"author":"Luis Augusto Huppes","twitter_card":"summary_large_image","twitter_misc":{"Escrito por":"Luis Augusto Huppes","Est. tempo de leitura":"3 minutos"},"schema":{"@context":"https:\/\/schema.org","@graph":[{"@type":"Article","@id":"https:\/\/folhapopular.info\/index.php\/2025\/02\/18\/aslivata-realiza-reuniao-preparatoria-para-o-campeonato-regional-de-categorias-de-base\/#article","isPartOf":{"@id":"https:\/\/folhapopular.info\/index.php\/2025\/02\/18\/aslivata-realiza-reuniao-preparatoria-para-o-campeonato-regional-de-categorias-de-base\/"},"author":{"name":"Luis Augusto Huppes","@id":"https:\/\/folhapopular.info\/#\/schema\/person\/e852c327371714676d02e58cf917fd9f"},"headline":"Aslivata realiza reuni\u00e3o preparat\u00f3ria para o Campeonato Regional de Categorias de Base","datePublished":"2025-02-18T13:18:56+00:00","dateModified":"2025-02-18T13:19:00+00:00","mainEntityOfPage":{"@id":"https:\/\/folhapopular.info\/index.php\/2025\/02\/18\/aslivata-realiza-reuniao-preparatoria-para-o-campeonato-regional-de-categorias-de-base\/"},"wordCount":382,"commentCount":0,"image":{"@id":"https:\/\/folhapopular.info\/index.php\/2025\/02\/18\/aslivata-realiza-reuniao-preparatoria-para-o-campeonato-regional-de-categorias-de-base\/#primaryimage"},"thumbnailUrl":"https:\/\/folhapopular.info\/wp-content\/uploads\/2025\/01\/noticias-aslivata.jpg","keywords":["Aslivata","Base","Campeonato Regional de Categorias de Base","Futebol","reuni\u00e3o"],"articleSection":["Esportes","Regional da Aslivata"],"inLanguage":"pt-BR","potentialAction":[{"@type":"CommentAction","name":"Comment","target":["https:\/\/folhapopular.info\/index.php\/2025\/02\/18\/aslivata-realiza-reuniao-preparatoria-para-o-campeonato-regional-de-categorias-de-base\/#respond"]}]},{"@type":"WebPage","@id":"https:\/\/folhapopular.info\/index.php\/2025\/02\/18\/aslivata-realiza-reuniao-preparatoria-para-o-campeonato-regional-de-categorias-de-base\/","url":"https:\/\/folhapopular.info\/index.php\/2025\/02\/18\/aslivata-realiza-reuniao-preparatoria-para-o-campeonato-regional-de-categorias-de-base\/","name":"Aslivata realiza reuni\u00e3o preparat\u00f3ria para o Campeonato Regional de Categorias de Base - Folha Popular","isPartOf":{"@id":"https:\/\/folhapopular.info\/#website"},"primaryImageOfPage":{"@id":"https:\/\/folhapopular.info\/index.php\/2025\/02\/18\/aslivata-realiza-reuniao-preparatoria-para-o-campeonato-regional-de-categorias-de-base\/#primaryimage"},"image":{"@id":"https:\/\/folhapopular.info\/index.php\/2025\/02\/18\/aslivata-realiza-reuniao-preparatoria-para-o-campeonato-regional-de-categorias-de-base\/#primaryimage"},"thumbnailUrl":"https:\/\/folhapopular.info\/wp-content\/uploads\/2025\/01\/noticias-aslivata.jpg","datePublished":"2025-02-18T13:18:56+00:00","dateModified":"2025-02-18T13:19:00+00:00","author":{"@id":"https:\/\/folhapopular.info\/#\/schema\/person\/e852c327371714676d02e58cf917fd9f"},"breadcrumb":{"@id":"https:\/\/folhapopular.info\/index.php\/2025\/02\/18\/aslivata-realiza-reuniao-preparatoria-para-o-campeonato-regional-de-categorias-de-base\/#breadcrumb"},"inLanguage":"pt-BR","potentialAction":[{"@type":"ReadAction","target":["https:\/\/folhapopular.info\/index.php\/2025\/02\/18\/aslivata-realiza-reuniao-preparatoria-para-o-campeonato-regional-de-categorias-de-base\/"]}]},{"@type":"ImageObject","inLanguage":"pt-BR","@id":"https:\/\/folhapopular.info\/index.php\/2025\/02\/18\/aslivata-realiza-reuniao-preparatoria-para-o-campeonato-regional-de-categorias-de-base\/#primaryimage","url":"https:\/\/folhapopular.info\/wp-content\/uploads\/2025\/01\/noticias-aslivata.jpg","contentUrl":"https:\/\/folhapopular.info\/wp-content\/uploads\/2025\/01\/noticias-aslivata.jpg","width":416,"height":260,"caption":"Cr\u00e9dito: Divulga\u00e7\u00e3o"},{"@type":"BreadcrumbList","@id":"https:\/\/folhapopular.info\/index.php\/2025\/02\/18\/aslivata-realiza-reuniao-preparatoria-para-o-campeonato-regional-de-categorias-de-base\/#breadcrumb","itemListElement":[{"@type":"ListItem","position":1,"name":"In\u00edcio","item":"https:\/\/folhapopular.info\/"},{"@type":"ListItem","position":2,"name":"Aslivata realiza reuni\u00e3o preparat\u00f3ria para o Campeonato Regional de Categorias de Base"}]},{"@type":"WebSite","@id":"https:\/\/folhapopular.info\/#website","url":"https:\/\/folhapopular.info\/","name":"Folha Popular","description":"Onde voc\u00ea tem vez e voz","potentialAction":[{"@type":"SearchAction","target":{"@type":"EntryPoint","urlTemplate":"https:\/\/folhapopular.info\/?s={search_term_string}"},"query-input":{"@type":"PropertyValueSpecification","valueRequired":true,"valueName":"search_term_string"}}],"inLanguage":"pt-BR"},{"@type":"Person","@id":"https:\/\/folhapopular.info\/#\/schema\/person\/e852c327371714676d02e58cf917fd9f","name":"Luis Augusto Huppes","image":{"@type":"ImageObject","inLanguage":"pt-BR","@id":"https:\/\/folhapopular.info\/wp-content\/uploads\/2026\/04\/Luis-Augusto-Huppes-1-1.webp","url":"https:\/\/folhapopular.info\/wp-content\/uploads\/2026\/04\/Luis-Augusto-Huppes-1-1.webp","contentUrl":"https:\/\/folhapopular.info\/wp-content\/uploads\/2026\/04\/Luis-Augusto-Huppes-1-1.webp","caption":"Luis Augusto Huppes"},"sameAs":["https:\/\/www.facebook.com\/luis.huppes\/","https:\/\/www.instagram.com\/luis.huppes\/","https:\/\/www.linkedin.com\/in\/luis-augusto-huppes-2554b52b7\/"],"url":"https:\/\/folhapopular.info\/index.php\/author\/luis-augusto-huppes\/"}]}},"jetpack_featured_media_url":"https:\/\/folhapopular.info\/wp-content\/uploads\/2025\/01\/noticias-aslivata.jpg","jetpack_sharing_enabled":true,"amp_enabled":true,"_links":{"self":[{"href":"https:\/\/folhapopular.info\/index.php\/wp-json\/wp\/v2\/posts\/180829","targetHints":{"allow":["GET"]}}],"collection":[{"href":"https:\/\/folhapopular.info\/index.php\/wp-json\/wp\/v2\/posts"}],"about":[{"href":"https:\/\/folhapopular.info\/index.php\/wp-json\/wp\/v2\/types\/post"}],"author":[{"embeddable":true,"href":"https:\/\/folhapopular.info\/index.php\/wp-json\/wp\/v2\/users\/732"}],"replies":[{"embeddable":true,"href":"https:\/\/folhapopular.info\/index.php\/wp-json\/wp\/v2\/comments?post=180829"}],"version-history":[{"count":0,"href":"https:\/\/folhapopular.info\/index.php\/wp-json\/wp\/v2\/posts\/180829\/revisions"}],"wp:featuredmedia":[{"embeddable":true,"href":"https:\/\/folhapopular.info\/index.php\/wp-json\/wp\/v2\/media\/179036"}],"wp:attachment":[{"href":"https:\/\/folhapopular.info\/index.php\/wp-json\/wp\/v2\/media?parent=180829"}],"wp:term":[{"taxonomy":"category","embeddable":true,"href":"https:\/\/folhapopular.info\/index.php\/wp-json\/wp\/v2\/categories?post=180829"},{"taxonomy":"post_tag","embeddable":true,"href":"https:\/\/folhapopular.info\/index.php\/wp-json\/wp\/v2\/tags?post=180829"}],"curies":[{"name":"wp","href":"https:\/\/api.w.org\/{rel}","templated":true}]}}