{"id":180867,"date":"2025-02-19T09:00:00","date_gmt":"2025-02-19T12:00:00","guid":{"rendered":"https:\/\/folhapopular.info\/?p=180867"},"modified":"2025-02-19T07:41:01","modified_gmt":"2025-02-19T10:41:01","slug":"str-de-colinas-ressarce-os-valores-extras-cobrados-por-doacoes","status":"publish","type":"post","link":"https:\/\/folhapopular.info\/index.php\/2025\/02\/19\/str-de-colinas-ressarce-os-valores-extras-cobrados-por-doacoes\/","title":{"rendered":"STR de Colinas ressarce os valores extras cobrados por doa\u00e7\u00f5es"},"content":{"rendered":"\n<p>O Sindicato dos Trabalhadores Rurais (STR) j\u00e1 iniciou a devolu\u00e7\u00e3o dos valores cobrados pela doa\u00e7\u00e3o das sacas de milho feitas pelo grupo \u201cCorrente do Bem\u201d. Os agricultores que efetuaram o pagamento podem comparecer ao escrit\u00f3rio do sindicato para receber o reembolso.<\/p>\n\n\n\n<p>O STR foi respons\u00e1vel pela distribui\u00e7\u00e3o dos alimentos aos produtores. Conforme o presidente do sindicato, Seno Messer, o STR e o Conselho Municipal de Desenvolvimento Rural de Colinas n\u00e3o tinham conhecimento de que todo o processo de moagem e frete seria custeado pelo grupo doador.<\/p>\n\n\n\n<p>\u201cN\u00e3o agimos de m\u00e1-f\u00e9\u201d, afirma Messer. Ele relata que a Emater mencionou a cobran\u00e7a de R$ 5,00 por saca, valor destinado \u00e0 moagem e embalagem do produto. No entanto, o sindicato cobrou R$ 12,00 por saca, resultando em um custo adicional de R$ 7,00, que seria destinado a todos os processos necess\u00e1rios para que o agricultor pudesse utilizar o produto. Esse trabalho foi realizado pela Cooperagri.<\/p>\n\n\n\n<p>\u201cQuando fomos pagar a Cooperagri, soubemos que n\u00e3o havia nenhuma conta em aberto, pois o pagamento j\u00e1 havia sido efetuado pela Corrente do Bem. No entanto, n\u00e3o t\u00ednhamos essa informa\u00e7\u00e3o anteriormente. J\u00e1 devolvemos R$ 1,8 mil ao grupo que fez a doa\u00e7\u00e3o e estamos efetuando a devolu\u00e7\u00e3o de R$ 7,00 por saca aos produtores\u201d, esclarece Messer.<\/p>\n\n\n\n<h3 class=\"wp-block-heading\"><a><\/a> <strong>Nota de esclarecimento<\/strong><\/h3>\n\n\n\n<p>Diante da repercuss\u00e3o, o Conselho Municipal de Desenvolvimento Rural de Colinas emitiu, na semana passada, uma nota esclarecendo a situa\u00e7\u00e3o e informando que os produtores que pagaram o valor excedente receber\u00e3o o ressarcimento da diferen\u00e7a de R$ 7,00 por saca.<\/p>\n\n\n\n<p>\u201cInforma-se que o Conselho Municipal de Desenvolvimento Rural de Colinas\/RS n\u00e3o efetuou qualquer cobran\u00e7a relativa \u00e0s doa\u00e7\u00f5es recebidas. No entanto, ap\u00f3s apura\u00e7\u00f5es preliminares, verificou-se que o Sindicato dos Trabalhadores Rurais do munic\u00edpio realizou cobran\u00e7as acima do \u2018pre\u00e7o de custo\u2019 estabelecido pela Associa\u00e7\u00e3o Corrente do Bem, referente \u00e0 moagem e ensacamento do milho\u201d, informa a nota.<\/p>\n\n\n\n<p>O documento tamb\u00e9m orienta os agricultores beneficiados a comparecerem ao Sindicato dos Trabalhadores Rurais de Colinas para obter o ressarcimento do montante pago em excesso, que totaliza R$ 7,00 por saco de milho mo\u00eddo de 25 kg.<\/p>\n\n\n\n<p><\/p>\n\n\n\n<p>\u201cN\u00e3o agimos de m\u00e1 f\u00e9\u201d<\/p>\n\n\n\n<p><strong>Seno Messer &#8211; presidente do STR de Colinas<\/strong><\/p>\n","protected":false},"excerpt":{"rendered":"<p>O Sindicato dos Trabalhadores Rurais (STR) j\u00e1 iniciou a devolu\u00e7\u00e3o dos valores cobrados pela doa\u00e7\u00e3o das sacas de milho feitas pelo grupo \u201cCorrente do Bem\u201d. Os agricultores que efetuaram o pagamento podem comparecer ao escrit\u00f3rio do sindicato para receber o reembolso. O STR foi respons\u00e1vel pela distribui\u00e7\u00e3o dos alimentos aos produtores. Conforme o presidente do [&hellip;]<\/p>\n","protected":false},"author":747,"featured_media":180868,"comment_status":"open","ping_status":"open","sticky":false,"template":"","format":"standard","meta":{"pmpro_default_level":"","_jetpack_memberships_contains_paid_content":false,"footnotes":""},"categories":[2,10991,10994],"tags":[183,18018,370],"class_list":{"0":"post-180867","1":"post","2":"type-post","3":"status-publish","4":"format-standard","5":"has-post-thumbnail","7":"category-featured","8":"category-economia","9":"category-rural","10":"tag-colinas","11":"tag-corente-do-bem","12":"tag-str","13":"pmpro-has-access"},"yoast_head":"<!-- This site is optimized with the Yoast SEO plugin v27.5 - https:\/\/yoast.com\/product\/yoast-seo-wordpress\/ -->\n<title>STR de Colinas ressarce os valores extras cobrados por doa\u00e7\u00f5es - Folha Popular<\/title>\n<meta name=\"robots\" content=\"index, follow, max-snippet:-1, max-image-preview:large, max-video-preview:-1\" \/>\n<link rel=\"canonical\" href=\"https:\/\/folhapopular.info\/index.php\/2025\/02\/19\/str-de-colinas-ressarce-os-valores-extras-cobrados-por-doacoes\/\" \/>\n<meta property=\"og:locale\" content=\"pt_BR\" \/>\n<meta property=\"og:type\" content=\"article\" \/>\n<meta property=\"og:title\" content=\"STR de Colinas ressarce os valores extras cobrados por doa\u00e7\u00f5es - Folha Popular\" \/>\n<meta property=\"og:description\" content=\"O Sindicato dos Trabalhadores Rurais (STR) j\u00e1 iniciou a devolu\u00e7\u00e3o dos valores cobrados pela doa\u00e7\u00e3o das sacas de milho feitas pelo grupo \u201cCorrente do Bem\u201d. Os agricultores que efetuaram o pagamento podem comparecer ao escrit\u00f3rio do sindicato para receber o reembolso. O STR foi respons\u00e1vel pela distribui\u00e7\u00e3o dos alimentos aos produtores. Conforme o presidente do [&hellip;]\" \/>\n<meta property=\"og:url\" content=\"https:\/\/folhapopular.info\/index.php\/2025\/02\/19\/str-de-colinas-ressarce-os-valores-extras-cobrados-por-doacoes\/\" \/>\n<meta property=\"og:site_name\" content=\"Folha Popular\" \/>\n<meta property=\"article:published_time\" content=\"2025-02-19T12:00:00+00:00\" \/>\n<meta property=\"og:image\" content=\"https:\/\/folhapopular.info\/wp-content\/uploads\/2025\/02\/CREDITO-JULIA-AMARAL-scaled.jpeg\" \/>\n\t<meta property=\"og:image:width\" content=\"2560\" \/>\n\t<meta property=\"og:image:height\" content=\"1920\" \/>\n\t<meta property=\"og:image:type\" content=\"image\/jpeg\" \/>\n<meta name=\"author\" content=\"J\u00falia Amaral\" \/>\n<meta name=\"twitter:card\" content=\"summary_large_image\" \/>\n<meta name=\"twitter:label1\" content=\"Escrito por\" \/>\n\t<meta name=\"twitter:data1\" content=\"J\u00falia Amaral\" \/>\n\t<meta name=\"twitter:label2\" content=\"Est. tempo de leitura\" \/>\n\t<meta name=\"twitter:data2\" content=\"3 minutos\" \/>\n<script type=\"application\/ld+json\" class=\"yoast-schema-graph\">{\"@context\":\"https:\\\/\\\/schema.org\",\"@graph\":[{\"@type\":\"Article\",\"@id\":\"https:\\\/\\\/folhapopular.info\\\/index.php\\\/2025\\\/02\\\/19\\\/str-de-colinas-ressarce-os-valores-extras-cobrados-por-doacoes\\\/#article\",\"isPartOf\":{\"@id\":\"https:\\\/\\\/folhapopular.info\\\/index.php\\\/2025\\\/02\\\/19\\\/str-de-colinas-ressarce-os-valores-extras-cobrados-por-doacoes\\\/\"},\"author\":{\"name\":\"J\u00falia Amaral\",\"@id\":\"https:\\\/\\\/folhapopular.info\\\/#\\\/schema\\\/person\\\/25c7649fd584816b1747a45f3aab3b40\"},\"headline\":\"STR de Colinas ressarce os valores extras cobrados por doa\u00e7\u00f5es\",\"datePublished\":\"2025-02-19T12:00:00+00:00\",\"mainEntityOfPage\":{\"@id\":\"https:\\\/\\\/folhapopular.info\\\/index.php\\\/2025\\\/02\\\/19\\\/str-de-colinas-ressarce-os-valores-extras-cobrados-por-doacoes\\\/\"},\"wordCount\":390,\"commentCount\":0,\"image\":{\"@id\":\"https:\\\/\\\/folhapopular.info\\\/index.php\\\/2025\\\/02\\\/19\\\/str-de-colinas-ressarce-os-valores-extras-cobrados-por-doacoes\\\/#primaryimage\"},\"thumbnailUrl\":\"https:\\\/\\\/folhapopular.info\\\/wp-content\\\/uploads\\\/2025\\\/02\\\/CREDITO-JULIA-AMARAL-scaled.jpeg\",\"keywords\":[\"Colinas\",\"Corente do Bem\",\"STR\"],\"articleSection\":[\"Destaques\",\"Economia\",\"Rural\"],\"inLanguage\":\"pt-BR\",\"potentialAction\":[{\"@type\":\"CommentAction\",\"name\":\"Comment\",\"target\":[\"https:\\\/\\\/folhapopular.info\\\/index.php\\\/2025\\\/02\\\/19\\\/str-de-colinas-ressarce-os-valores-extras-cobrados-por-doacoes\\\/#respond\"]}]},{\"@type\":\"WebPage\",\"@id\":\"https:\\\/\\\/folhapopular.info\\\/index.php\\\/2025\\\/02\\\/19\\\/str-de-colinas-ressarce-os-valores-extras-cobrados-por-doacoes\\\/\",\"url\":\"https:\\\/\\\/folhapopular.info\\\/index.php\\\/2025\\\/02\\\/19\\\/str-de-colinas-ressarce-os-valores-extras-cobrados-por-doacoes\\\/\",\"name\":\"STR de Colinas ressarce os valores extras cobrados por doa\u00e7\u00f5es - Folha Popular\",\"isPartOf\":{\"@id\":\"https:\\\/\\\/folhapopular.info\\\/#website\"},\"primaryImageOfPage\":{\"@id\":\"https:\\\/\\\/folhapopular.info\\\/index.php\\\/2025\\\/02\\\/19\\\/str-de-colinas-ressarce-os-valores-extras-cobrados-por-doacoes\\\/#primaryimage\"},\"image\":{\"@id\":\"https:\\\/\\\/folhapopular.info\\\/index.php\\\/2025\\\/02\\\/19\\\/str-de-colinas-ressarce-os-valores-extras-cobrados-por-doacoes\\\/#primaryimage\"},\"thumbnailUrl\":\"https:\\\/\\\/folhapopular.info\\\/wp-content\\\/uploads\\\/2025\\\/02\\\/CREDITO-JULIA-AMARAL-scaled.jpeg\",\"datePublished\":\"2025-02-19T12:00:00+00:00\",\"author\":{\"@id\":\"https:\\\/\\\/folhapopular.info\\\/#\\\/schema\\\/person\\\/25c7649fd584816b1747a45f3aab3b40\"},\"breadcrumb\":{\"@id\":\"https:\\\/\\\/folhapopular.info\\\/index.php\\\/2025\\\/02\\\/19\\\/str-de-colinas-ressarce-os-valores-extras-cobrados-por-doacoes\\\/#breadcrumb\"},\"inLanguage\":\"pt-BR\",\"potentialAction\":[{\"@type\":\"ReadAction\",\"target\":[\"https:\\\/\\\/folhapopular.info\\\/index.php\\\/2025\\\/02\\\/19\\\/str-de-colinas-ressarce-os-valores-extras-cobrados-por-doacoes\\\/\"]}]},{\"@type\":\"ImageObject\",\"inLanguage\":\"pt-BR\",\"@id\":\"https:\\\/\\\/folhapopular.info\\\/index.php\\\/2025\\\/02\\\/19\\\/str-de-colinas-ressarce-os-valores-extras-cobrados-por-doacoes\\\/#primaryimage\",\"url\":\"https:\\\/\\\/folhapopular.info\\\/wp-content\\\/uploads\\\/2025\\\/02\\\/CREDITO-JULIA-AMARAL-scaled.jpeg\",\"contentUrl\":\"https:\\\/\\\/folhapopular.info\\\/wp-content\\\/uploads\\\/2025\\\/02\\\/CREDITO-JULIA-AMARAL-scaled.jpeg\",\"width\":2560,\"height\":1920,\"caption\":\"Produtores rurais que receberam os alimentos podem receber o ressarcimento no escrit\u00f3rio do STR \\\/ Cr\u00e9dito: J\u00falia Amaral\"},{\"@type\":\"BreadcrumbList\",\"@id\":\"https:\\\/\\\/folhapopular.info\\\/index.php\\\/2025\\\/02\\\/19\\\/str-de-colinas-ressarce-os-valores-extras-cobrados-por-doacoes\\\/#breadcrumb\",\"itemListElement\":[{\"@type\":\"ListItem\",\"position\":1,\"name\":\"In\u00edcio\",\"item\":\"https:\\\/\\\/folhapopular.info\\\/\"},{\"@type\":\"ListItem\",\"position\":2,\"name\":\"STR de Colinas ressarce os valores extras cobrados por doa\u00e7\u00f5es\"}]},{\"@type\":\"WebSite\",\"@id\":\"https:\\\/\\\/folhapopular.info\\\/#website\",\"url\":\"https:\\\/\\\/folhapopular.info\\\/\",\"name\":\"Folha Popular\",\"description\":\"Onde voc\u00ea tem vez e voz\",\"potentialAction\":[{\"@type\":\"SearchAction\",\"target\":{\"@type\":\"EntryPoint\",\"urlTemplate\":\"https:\\\/\\\/folhapopular.info\\\/?s={search_term_string}\"},\"query-input\":{\"@type\":\"PropertyValueSpecification\",\"valueRequired\":true,\"valueName\":\"search_term_string\"}}],\"inLanguage\":\"pt-BR\"},{\"@type\":\"Person\",\"@id\":\"https:\\\/\\\/folhapopular.info\\\/#\\\/schema\\\/person\\\/25c7649fd584816b1747a45f3aab3b40\",\"name\":\"J\u00falia Amaral\",\"image\":{\"@type\":\"ImageObject\",\"inLanguage\":\"pt-BR\",\"@id\":\"https:\\\/\\\/secure.gravatar.com\\\/avatar\\\/4d7d64d93a62bbe70e444c5c7b0a643f1955a374a94fd5eab0a928fe21d5b041?s=96&d=mm&r=g\",\"url\":\"https:\\\/\\\/secure.gravatar.com\\\/avatar\\\/4d7d64d93a62bbe70e444c5c7b0a643f1955a374a94fd5eab0a928fe21d5b041?s=96&d=mm&r=g\",\"contentUrl\":\"https:\\\/\\\/secure.gravatar.com\\\/avatar\\\/4d7d64d93a62bbe70e444c5c7b0a643f1955a374a94fd5eab0a928fe21d5b041?s=96&d=mm&r=g\",\"caption\":\"J\u00falia Amaral\"},\"url\":\"https:\\\/\\\/folhapopular.info\\\/index.php\\\/author\\\/julia-amaral\\\/\"}]}<\/script>\n<!-- \/ Yoast SEO plugin. -->","yoast_head_json":{"title":"STR de Colinas ressarce os valores extras cobrados por doa\u00e7\u00f5es - Folha Popular","robots":{"index":"index","follow":"follow","max-snippet":"max-snippet:-1","max-image-preview":"max-image-preview:large","max-video-preview":"max-video-preview:-1"},"canonical":"https:\/\/folhapopular.info\/index.php\/2025\/02\/19\/str-de-colinas-ressarce-os-valores-extras-cobrados-por-doacoes\/","og_locale":"pt_BR","og_type":"article","og_title":"STR de Colinas ressarce os valores extras cobrados por doa\u00e7\u00f5es - Folha Popular","og_description":"O Sindicato dos Trabalhadores Rurais (STR) j\u00e1 iniciou a devolu\u00e7\u00e3o dos valores cobrados pela doa\u00e7\u00e3o das sacas de milho feitas pelo grupo \u201cCorrente do Bem\u201d. Os agricultores que efetuaram o pagamento podem comparecer ao escrit\u00f3rio do sindicato para receber o reembolso. O STR foi respons\u00e1vel pela distribui\u00e7\u00e3o dos alimentos aos produtores. Conforme o presidente do [&hellip;]","og_url":"https:\/\/folhapopular.info\/index.php\/2025\/02\/19\/str-de-colinas-ressarce-os-valores-extras-cobrados-por-doacoes\/","og_site_name":"Folha Popular","article_published_time":"2025-02-19T12:00:00+00:00","og_image":[{"width":2560,"height":1920,"url":"https:\/\/folhapopular.info\/wp-content\/uploads\/2025\/02\/CREDITO-JULIA-AMARAL-scaled.jpeg","type":"image\/jpeg"}],"author":"J\u00falia Amaral","twitter_card":"summary_large_image","twitter_misc":{"Escrito por":"J\u00falia Amaral","Est. tempo de leitura":"3 minutos"},"schema":{"@context":"https:\/\/schema.org","@graph":[{"@type":"Article","@id":"https:\/\/folhapopular.info\/index.php\/2025\/02\/19\/str-de-colinas-ressarce-os-valores-extras-cobrados-por-doacoes\/#article","isPartOf":{"@id":"https:\/\/folhapopular.info\/index.php\/2025\/02\/19\/str-de-colinas-ressarce-os-valores-extras-cobrados-por-doacoes\/"},"author":{"name":"J\u00falia Amaral","@id":"https:\/\/folhapopular.info\/#\/schema\/person\/25c7649fd584816b1747a45f3aab3b40"},"headline":"STR de Colinas ressarce os valores extras cobrados por doa\u00e7\u00f5es","datePublished":"2025-02-19T12:00:00+00:00","mainEntityOfPage":{"@id":"https:\/\/folhapopular.info\/index.php\/2025\/02\/19\/str-de-colinas-ressarce-os-valores-extras-cobrados-por-doacoes\/"},"wordCount":390,"commentCount":0,"image":{"@id":"https:\/\/folhapopular.info\/index.php\/2025\/02\/19\/str-de-colinas-ressarce-os-valores-extras-cobrados-por-doacoes\/#primaryimage"},"thumbnailUrl":"https:\/\/folhapopular.info\/wp-content\/uploads\/2025\/02\/CREDITO-JULIA-AMARAL-scaled.jpeg","keywords":["Colinas","Corente do Bem","STR"],"articleSection":["Destaques","Economia","Rural"],"inLanguage":"pt-BR","potentialAction":[{"@type":"CommentAction","name":"Comment","target":["https:\/\/folhapopular.info\/index.php\/2025\/02\/19\/str-de-colinas-ressarce-os-valores-extras-cobrados-por-doacoes\/#respond"]}]},{"@type":"WebPage","@id":"https:\/\/folhapopular.info\/index.php\/2025\/02\/19\/str-de-colinas-ressarce-os-valores-extras-cobrados-por-doacoes\/","url":"https:\/\/folhapopular.info\/index.php\/2025\/02\/19\/str-de-colinas-ressarce-os-valores-extras-cobrados-por-doacoes\/","name":"STR de Colinas ressarce os valores extras cobrados por doa\u00e7\u00f5es - Folha Popular","isPartOf":{"@id":"https:\/\/folhapopular.info\/#website"},"primaryImageOfPage":{"@id":"https:\/\/folhapopular.info\/index.php\/2025\/02\/19\/str-de-colinas-ressarce-os-valores-extras-cobrados-por-doacoes\/#primaryimage"},"image":{"@id":"https:\/\/folhapopular.info\/index.php\/2025\/02\/19\/str-de-colinas-ressarce-os-valores-extras-cobrados-por-doacoes\/#primaryimage"},"thumbnailUrl":"https:\/\/folhapopular.info\/wp-content\/uploads\/2025\/02\/CREDITO-JULIA-AMARAL-scaled.jpeg","datePublished":"2025-02-19T12:00:00+00:00","author":{"@id":"https:\/\/folhapopular.info\/#\/schema\/person\/25c7649fd584816b1747a45f3aab3b40"},"breadcrumb":{"@id":"https:\/\/folhapopular.info\/index.php\/2025\/02\/19\/str-de-colinas-ressarce-os-valores-extras-cobrados-por-doacoes\/#breadcrumb"},"inLanguage":"pt-BR","potentialAction":[{"@type":"ReadAction","target":["https:\/\/folhapopular.info\/index.php\/2025\/02\/19\/str-de-colinas-ressarce-os-valores-extras-cobrados-por-doacoes\/"]}]},{"@type":"ImageObject","inLanguage":"pt-BR","@id":"https:\/\/folhapopular.info\/index.php\/2025\/02\/19\/str-de-colinas-ressarce-os-valores-extras-cobrados-por-doacoes\/#primaryimage","url":"https:\/\/folhapopular.info\/wp-content\/uploads\/2025\/02\/CREDITO-JULIA-AMARAL-scaled.jpeg","contentUrl":"https:\/\/folhapopular.info\/wp-content\/uploads\/2025\/02\/CREDITO-JULIA-AMARAL-scaled.jpeg","width":2560,"height":1920,"caption":"Produtores rurais que receberam os alimentos podem receber o ressarcimento no escrit\u00f3rio do STR \/ Cr\u00e9dito: J\u00falia Amaral"},{"@type":"BreadcrumbList","@id":"https:\/\/folhapopular.info\/index.php\/2025\/02\/19\/str-de-colinas-ressarce-os-valores-extras-cobrados-por-doacoes\/#breadcrumb","itemListElement":[{"@type":"ListItem","position":1,"name":"In\u00edcio","item":"https:\/\/folhapopular.info\/"},{"@type":"ListItem","position":2,"name":"STR de Colinas ressarce os valores extras cobrados por doa\u00e7\u00f5es"}]},{"@type":"WebSite","@id":"https:\/\/folhapopular.info\/#website","url":"https:\/\/folhapopular.info\/","name":"Folha Popular","description":"Onde voc\u00ea tem vez e voz","potentialAction":[{"@type":"SearchAction","target":{"@type":"EntryPoint","urlTemplate":"https:\/\/folhapopular.info\/?s={search_term_string}"},"query-input":{"@type":"PropertyValueSpecification","valueRequired":true,"valueName":"search_term_string"}}],"inLanguage":"pt-BR"},{"@type":"Person","@id":"https:\/\/folhapopular.info\/#\/schema\/person\/25c7649fd584816b1747a45f3aab3b40","name":"J\u00falia Amaral","image":{"@type":"ImageObject","inLanguage":"pt-BR","@id":"https:\/\/secure.gravatar.com\/avatar\/4d7d64d93a62bbe70e444c5c7b0a643f1955a374a94fd5eab0a928fe21d5b041?s=96&d=mm&r=g","url":"https:\/\/secure.gravatar.com\/avatar\/4d7d64d93a62bbe70e444c5c7b0a643f1955a374a94fd5eab0a928fe21d5b041?s=96&d=mm&r=g","contentUrl":"https:\/\/secure.gravatar.com\/avatar\/4d7d64d93a62bbe70e444c5c7b0a643f1955a374a94fd5eab0a928fe21d5b041?s=96&d=mm&r=g","caption":"J\u00falia Amaral"},"url":"https:\/\/folhapopular.info\/index.php\/author\/julia-amaral\/"}]}},"jetpack_featured_media_url":"https:\/\/folhapopular.info\/wp-content\/uploads\/2025\/02\/CREDITO-JULIA-AMARAL-scaled.jpeg","jetpack_sharing_enabled":true,"amp_enabled":true,"_links":{"self":[{"href":"https:\/\/folhapopular.info\/index.php\/wp-json\/wp\/v2\/posts\/180867","targetHints":{"allow":["GET"]}}],"collection":[{"href":"https:\/\/folhapopular.info\/index.php\/wp-json\/wp\/v2\/posts"}],"about":[{"href":"https:\/\/folhapopular.info\/index.php\/wp-json\/wp\/v2\/types\/post"}],"author":[{"embeddable":true,"href":"https:\/\/folhapopular.info\/index.php\/wp-json\/wp\/v2\/users\/747"}],"replies":[{"embeddable":true,"href":"https:\/\/folhapopular.info\/index.php\/wp-json\/wp\/v2\/comments?post=180867"}],"version-history":[{"count":0,"href":"https:\/\/folhapopular.info\/index.php\/wp-json\/wp\/v2\/posts\/180867\/revisions"}],"wp:featuredmedia":[{"embeddable":true,"href":"https:\/\/folhapopular.info\/index.php\/wp-json\/wp\/v2\/media\/180868"}],"wp:attachment":[{"href":"https:\/\/folhapopular.info\/index.php\/wp-json\/wp\/v2\/media?parent=180867"}],"wp:term":[{"taxonomy":"category","embeddable":true,"href":"https:\/\/folhapopular.info\/index.php\/wp-json\/wp\/v2\/categories?post=180867"},{"taxonomy":"post_tag","embeddable":true,"href":"https:\/\/folhapopular.info\/index.php\/wp-json\/wp\/v2\/tags?post=180867"}],"curies":[{"name":"wp","href":"https:\/\/api.w.org\/{rel}","templated":true}]}}