{"id":180873,"date":"2025-02-19T12:00:00","date_gmt":"2025-02-19T15:00:00","guid":{"rendered":"https:\/\/folhapopular.info\/?p=180873"},"modified":"2025-02-19T09:30:18","modified_gmt":"2025-02-19T12:30:18","slug":"mais-de-18-mil-pessoas-aguardam-por-consultas-com-especialistas-em-teutonia","status":"publish","type":"post","link":"https:\/\/folhapopular.info\/index.php\/2025\/02\/19\/mais-de-18-mil-pessoas-aguardam-por-consultas-com-especialistas-em-teutonia\/","title":{"rendered":"Mais de 1,8 mil pessoas aguardam por consultas com especialistas em Teut\u00f4nia"},"content":{"rendered":"\n<p>A sa\u00fade, um direito fundamental, tem enfrentado um desafio enorme: as filas de consultas e cirurgias represadas. Os dados do Minist\u00e9rio da Sa\u00fade divulgados nesta semana mostram que a fila de espera por cirurgias no Sistema \u00danico de Sa\u00fade (SUS) cresceu 26% em 2024 no Brasil.<\/p>\n\n\n\n<p>Em Teut\u00f4nia, a situa\u00e7\u00e3o n\u00e3o \u00e9 diferente. Marlene Metz, secretaria de Sa\u00fade de Teut\u00f4nia, e Natanael Anast\u00e1cio, subsecret\u00e1rio, t\u00eam se dedicado, neste primeiro per\u00edodo da gest\u00e3o, a avaliar e reorganizar os servi\u00e7os de sa\u00fade do munic\u00edpio. Um dos principais problemas identificados \u00e9 o alto n\u00famero de faltas em consultas e as extensas filas de espera para especialidades e exames.<\/p>\n\n\n\n<p><strong>Faltas em consultas<\/strong><\/p>\n\n\n\n<p>Somente no m\u00eas de janeiro, 704 pessoas faltaram \u00e0s consultas agendadas em Teut\u00f4nia, de um total de 9.519 consultas. A preocupa\u00e7\u00e3o \u00e9 grande com o impacto dessas faltas, pois al\u00e9m de prejudicar outros mun\u00edcipes que precisam de atendimento, os cofres p\u00fablicos tamb\u00e9m s\u00e3o impactados negativamente.<\/p>\n\n\n\n<p>A secret\u00e1ria apelou \u00e0 conscientiza\u00e7\u00e3o da popula\u00e7\u00e3o. \u201cTemos que pensar no outro, que, de repente, precisava muito, que passou mal \u00e0 noite. E se nos avisasse, conseguir\u00edamos colocar uma outra pessoa no lugar\u201d. Essa situa\u00e7\u00e3o n\u00e3o \u00e9 exclusiva de Teut\u00f4nia. Munic\u00edpios vizinhos como Paverama e Fazenda Vilanova tamb\u00e9m registraram um n\u00famero significativo de faltas em consultas, como trouxemos na edi\u00e7\u00e3o de s\u00e1bado (15\/2).<\/p>\n\n\n\n<p><strong>Demandas reprimidas<\/strong><\/p>\n\n\n\n<p>A secret\u00e1ria Marlene Metz revelou que as demandas reprimidas por consultas e cirurgias s\u00e3o um desafio significativo. <strong>\u201cFilas sempre existiram e sempre v\u00e3o existir. Mas, mesmo classificando as urg\u00eancias, eu nunca vi tanto, realmente\u201d<\/strong>, afirmou, ao comentar sobre o n\u00famero de pessoas aguardando por consultas especializadas.<\/p>\n\n\n\n<p>Os n\u00fameros s\u00e3o alarmantes: 1.848 pessoas aguardam por consultas especializadas na central de regula\u00e7\u00e3o do estado, incluindo \u00e1reas como traumatologia, oftalmologia, cirurgia geral e oncologia.<\/p>\n\n\n\n<p>Al\u00e9m disso, 349 pacientes aguardam por cirurgia na \u00e1rea de traumatologia e 327 em cirurgia geral, ap\u00f3s j\u00e1 terem passado pela consulta e recebido o diagn\u00f3stico.<\/p>\n\n\n\n<p>Natanael Anast\u00e1sio esclareceu que o munic\u00edpio faz o primeiro atendimento. Ent\u00e3o, o paciente \u00e9 encaminhado para o especialista e quem gere essa fila \u00e9 o Estado.<\/p>\n\n\n\n<p><strong>Oncologia e exames de imagem<\/strong><\/p>\n\n\n\n<p>A situa\u00e7\u00e3o na oncologia \u00e9 particularmente preocupante, com 3 mil pessoas aguardando. Marlene explica que a falta de recursos financeiros \u00e9 um agravante da situa\u00e7\u00e3o. Ela detalha que os insumos hospitalares aumentaram muito de pre\u00e7o, impactando a capacidade de atendimento. Al\u00e9m das consultas e cirurgias, h\u00e1 uma fila de espera de aproximadamente 1,5 mil pessoas por exames de imagem, como tomografia e resson\u00e2ncia magn\u00e9tica.<\/p>\n\n\n\n<p><strong>Reorganiza\u00e7\u00e3o e busca por solu\u00e7\u00f5es<\/strong><\/p>\n\n\n\n<p>A Administra\u00e7\u00e3o busca alternativas para melhorar o acesso \u00e0 sa\u00fade. \u201cO munic\u00edpio vai ter que fazer a sua parte, que talvez caberia os outros \u00f3rg\u00e3os superiores, reorganizando os servi\u00e7os, ver aonde n\u00f3s podemos poupar, sem prejudicar o atendimento\u201d, afirmou Marlene.<\/p>\n\n\n\n<p>Os telefones fixos da Secretaria de Sa\u00fade n\u00e3o est\u00e3o funcionando, nova licita\u00e7\u00e3o j\u00e1 foi encaminhada para nova operadora de telefonia.<\/p>\n\n\n\n<p>Os atuais telefones s\u00e3o:<\/p>\n\n\n\n<p>Postos de sa\u00fade<br><strong>ESF 1<br><\/strong>(51) 99611-3510<br><strong>ESF 3<br><\/strong>(51) 99386-9763<br><strong>Canabarro<\/strong><br>(51) 99732-1870<br>(51) 98577-0326<br><strong>Vila Esperan\u00e7a<br><\/strong>(51) 99387-1703<br><strong>Loteamento 8<br><\/strong>(51) 99386-5384<br><strong>Teut\u00f4nia<\/strong><br>(51) 99258-9814<br><strong>Alesgut<br><\/strong>(51) 99208-1963<br><strong>Boa Vista<br><\/strong>(51) 99259-0485<br><strong>Languiru<br><\/strong>(51) 99208-0846<\/p>\n","protected":false},"excerpt":{"rendered":"<p>A sa\u00fade, um direito fundamental, tem enfrentado um desafio enorme: as filas de consultas e cirurgias represadas. Os dados do Minist\u00e9rio da Sa\u00fade divulgados nesta semana mostram que a fila de espera por cirurgias no Sistema \u00danico de Sa\u00fade (SUS) cresceu 26% em 2024 no Brasil. Em Teut\u00f4nia, a situa\u00e7\u00e3o n\u00e3o \u00e9 diferente. Marlene Metz, [&hellip;]<\/p>\n","protected":false},"author":707,"featured_media":180874,"comment_status":"open","ping_status":"open","sticky":false,"template":"","format":"standard","meta":{"pmpro_default_level":"","_jetpack_memberships_contains_paid_content":false,"footnotes":""},"categories":[2,3,10986],"tags":[1400,9512,89,26],"class_list":{"0":"post-180873","1":"post","2":"type-post","3":"status-publish","4":"format-standard","5":"has-post-thumbnail","7":"category-featured","8":"category-geral","9":"category-saude","10":"tag-consultas","11":"tag-especialistas","12":"tag-saude","13":"tag-teutonia","14":"pmpro-has-access"},"yoast_head":"<!-- This site is optimized with the Yoast SEO plugin v27.5 - https:\/\/yoast.com\/product\/yoast-seo-wordpress\/ -->\n<title>Mais de 1,8 mil pessoas aguardam por consultas com especialistas em Teut\u00f4nia - Folha Popular<\/title>\n<meta name=\"robots\" content=\"index, follow, max-snippet:-1, max-image-preview:large, max-video-preview:-1\" \/>\n<link rel=\"canonical\" href=\"https:\/\/folhapopular.info\/index.php\/2025\/02\/19\/mais-de-18-mil-pessoas-aguardam-por-consultas-com-especialistas-em-teutonia\/\" \/>\n<meta property=\"og:locale\" content=\"pt_BR\" \/>\n<meta property=\"og:type\" content=\"article\" \/>\n<meta property=\"og:title\" content=\"Mais de 1,8 mil pessoas aguardam por consultas com especialistas em Teut\u00f4nia - Folha Popular\" \/>\n<meta property=\"og:description\" content=\"A sa\u00fade, um direito fundamental, tem enfrentado um desafio enorme: as filas de consultas e cirurgias represadas. Os dados do Minist\u00e9rio da Sa\u00fade divulgados nesta semana mostram que a fila de espera por cirurgias no Sistema \u00danico de Sa\u00fade (SUS) cresceu 26% em 2024 no Brasil. Em Teut\u00f4nia, a situa\u00e7\u00e3o n\u00e3o \u00e9 diferente. Marlene Metz, [&hellip;]\" \/>\n<meta property=\"og:url\" content=\"https:\/\/folhapopular.info\/index.php\/2025\/02\/19\/mais-de-18-mil-pessoas-aguardam-por-consultas-com-especialistas-em-teutonia\/\" \/>\n<meta property=\"og:site_name\" content=\"Folha Popular\" \/>\n<meta property=\"article:published_time\" content=\"2025-02-19T15:00:00+00:00\" \/>\n<meta property=\"og:image\" content=\"https:\/\/folhapopular.info\/wp-content\/uploads\/2025\/02\/pexels-shvetsa-4226207.jpg\" \/>\n\t<meta property=\"og:image:width\" content=\"1920\" \/>\n\t<meta property=\"og:image:height\" content=\"1280\" \/>\n\t<meta property=\"og:image:type\" content=\"image\/jpeg\" \/>\n<meta name=\"author\" content=\"Ariana de Oliveira\" \/>\n<meta name=\"twitter:card\" content=\"summary_large_image\" \/>\n<meta name=\"twitter:label1\" content=\"Escrito por\" \/>\n\t<meta name=\"twitter:data1\" content=\"Ariana de Oliveira\" \/>\n\t<meta name=\"twitter:label2\" content=\"Est. tempo de leitura\" \/>\n\t<meta name=\"twitter:data2\" content=\"4 minutos\" \/>\n<script type=\"application\/ld+json\" class=\"yoast-schema-graph\">{\"@context\":\"https:\\\/\\\/schema.org\",\"@graph\":[{\"@type\":\"Article\",\"@id\":\"https:\\\/\\\/folhapopular.info\\\/index.php\\\/2025\\\/02\\\/19\\\/mais-de-18-mil-pessoas-aguardam-por-consultas-com-especialistas-em-teutonia\\\/#article\",\"isPartOf\":{\"@id\":\"https:\\\/\\\/folhapopular.info\\\/index.php\\\/2025\\\/02\\\/19\\\/mais-de-18-mil-pessoas-aguardam-por-consultas-com-especialistas-em-teutonia\\\/\"},\"author\":{\"name\":\"Ariana de Oliveira\",\"@id\":\"https:\\\/\\\/folhapopular.info\\\/#\\\/schema\\\/person\\\/e80d332e33633a6164933af03d7ee1b2\"},\"headline\":\"Mais de 1,8 mil pessoas aguardam por consultas com especialistas em Teut\u00f4nia\",\"datePublished\":\"2025-02-19T15:00:00+00:00\",\"mainEntityOfPage\":{\"@id\":\"https:\\\/\\\/folhapopular.info\\\/index.php\\\/2025\\\/02\\\/19\\\/mais-de-18-mil-pessoas-aguardam-por-consultas-com-especialistas-em-teutonia\\\/\"},\"wordCount\":568,\"commentCount\":0,\"image\":{\"@id\":\"https:\\\/\\\/folhapopular.info\\\/index.php\\\/2025\\\/02\\\/19\\\/mais-de-18-mil-pessoas-aguardam-por-consultas-com-especialistas-em-teutonia\\\/#primaryimage\"},\"thumbnailUrl\":\"https:\\\/\\\/folhapopular.info\\\/wp-content\\\/uploads\\\/2025\\\/02\\\/pexels-shvetsa-4226207.jpg\",\"keywords\":[\"Consultas\",\"Especialistas\",\"Sa\u00fade\",\"Teut\u00f4nia\"],\"articleSection\":[\"Destaques\",\"Geral\",\"Sa\u00fade\"],\"inLanguage\":\"pt-BR\",\"potentialAction\":[{\"@type\":\"CommentAction\",\"name\":\"Comment\",\"target\":[\"https:\\\/\\\/folhapopular.info\\\/index.php\\\/2025\\\/02\\\/19\\\/mais-de-18-mil-pessoas-aguardam-por-consultas-com-especialistas-em-teutonia\\\/#respond\"]}]},{\"@type\":\"WebPage\",\"@id\":\"https:\\\/\\\/folhapopular.info\\\/index.php\\\/2025\\\/02\\\/19\\\/mais-de-18-mil-pessoas-aguardam-por-consultas-com-especialistas-em-teutonia\\\/\",\"url\":\"https:\\\/\\\/folhapopular.info\\\/index.php\\\/2025\\\/02\\\/19\\\/mais-de-18-mil-pessoas-aguardam-por-consultas-com-especialistas-em-teutonia\\\/\",\"name\":\"Mais de 1,8 mil pessoas aguardam por consultas com especialistas em Teut\u00f4nia - Folha Popular\",\"isPartOf\":{\"@id\":\"https:\\\/\\\/folhapopular.info\\\/#website\"},\"primaryImageOfPage\":{\"@id\":\"https:\\\/\\\/folhapopular.info\\\/index.php\\\/2025\\\/02\\\/19\\\/mais-de-18-mil-pessoas-aguardam-por-consultas-com-especialistas-em-teutonia\\\/#primaryimage\"},\"image\":{\"@id\":\"https:\\\/\\\/folhapopular.info\\\/index.php\\\/2025\\\/02\\\/19\\\/mais-de-18-mil-pessoas-aguardam-por-consultas-com-especialistas-em-teutonia\\\/#primaryimage\"},\"thumbnailUrl\":\"https:\\\/\\\/folhapopular.info\\\/wp-content\\\/uploads\\\/2025\\\/02\\\/pexels-shvetsa-4226207.jpg\",\"datePublished\":\"2025-02-19T15:00:00+00:00\",\"author\":{\"@id\":\"https:\\\/\\\/folhapopular.info\\\/#\\\/schema\\\/person\\\/e80d332e33633a6164933af03d7ee1b2\"},\"breadcrumb\":{\"@id\":\"https:\\\/\\\/folhapopular.info\\\/index.php\\\/2025\\\/02\\\/19\\\/mais-de-18-mil-pessoas-aguardam-por-consultas-com-especialistas-em-teutonia\\\/#breadcrumb\"},\"inLanguage\":\"pt-BR\",\"potentialAction\":[{\"@type\":\"ReadAction\",\"target\":[\"https:\\\/\\\/folhapopular.info\\\/index.php\\\/2025\\\/02\\\/19\\\/mais-de-18-mil-pessoas-aguardam-por-consultas-com-especialistas-em-teutonia\\\/\"]}]},{\"@type\":\"ImageObject\",\"inLanguage\":\"pt-BR\",\"@id\":\"https:\\\/\\\/folhapopular.info\\\/index.php\\\/2025\\\/02\\\/19\\\/mais-de-18-mil-pessoas-aguardam-por-consultas-com-especialistas-em-teutonia\\\/#primaryimage\",\"url\":\"https:\\\/\\\/folhapopular.info\\\/wp-content\\\/uploads\\\/2025\\\/02\\\/pexels-shvetsa-4226207.jpg\",\"contentUrl\":\"https:\\\/\\\/folhapopular.info\\\/wp-content\\\/uploads\\\/2025\\\/02\\\/pexels-shvetsa-4226207.jpg\",\"width\":1920,\"height\":1280,\"caption\":\"Oncologia possui 3 mil pessoas em espera \\\/ Cr\u00e9dito: Pexels - Divulga\u00e7\u00e3o\"},{\"@type\":\"BreadcrumbList\",\"@id\":\"https:\\\/\\\/folhapopular.info\\\/index.php\\\/2025\\\/02\\\/19\\\/mais-de-18-mil-pessoas-aguardam-por-consultas-com-especialistas-em-teutonia\\\/#breadcrumb\",\"itemListElement\":[{\"@type\":\"ListItem\",\"position\":1,\"name\":\"In\u00edcio\",\"item\":\"https:\\\/\\\/folhapopular.info\\\/\"},{\"@type\":\"ListItem\",\"position\":2,\"name\":\"Mais de 1,8 mil pessoas aguardam por consultas com especialistas em Teut\u00f4nia\"}]},{\"@type\":\"WebSite\",\"@id\":\"https:\\\/\\\/folhapopular.info\\\/#website\",\"url\":\"https:\\\/\\\/folhapopular.info\\\/\",\"name\":\"Folha Popular\",\"description\":\"Onde voc\u00ea tem vez e voz\",\"potentialAction\":[{\"@type\":\"SearchAction\",\"target\":{\"@type\":\"EntryPoint\",\"urlTemplate\":\"https:\\\/\\\/folhapopular.info\\\/?s={search_term_string}\"},\"query-input\":{\"@type\":\"PropertyValueSpecification\",\"valueRequired\":true,\"valueName\":\"search_term_string\"}}],\"inLanguage\":\"pt-BR\"},{\"@type\":\"Person\",\"@id\":\"https:\\\/\\\/folhapopular.info\\\/#\\\/schema\\\/person\\\/e80d332e33633a6164933af03d7ee1b2\",\"name\":\"Ariana de Oliveira\",\"image\":{\"@type\":\"ImageObject\",\"inLanguage\":\"pt-BR\",\"@id\":\"https:\\\/\\\/secure.gravatar.com\\\/avatar\\\/f41f85ba276460e0a04f6d5aca07e53f273efeee7e662d9ef431432a18216f59?s=96&d=mm&r=g\",\"url\":\"https:\\\/\\\/secure.gravatar.com\\\/avatar\\\/f41f85ba276460e0a04f6d5aca07e53f273efeee7e662d9ef431432a18216f59?s=96&d=mm&r=g\",\"contentUrl\":\"https:\\\/\\\/secure.gravatar.com\\\/avatar\\\/f41f85ba276460e0a04f6d5aca07e53f273efeee7e662d9ef431432a18216f59?s=96&d=mm&r=g\",\"caption\":\"Ariana de Oliveira\"},\"url\":\"https:\\\/\\\/folhapopular.info\\\/index.php\\\/author\\\/ariana-deoliveiragmail-com\\\/\"}]}<\/script>\n<!-- \/ Yoast SEO plugin. -->","yoast_head_json":{"title":"Mais de 1,8 mil pessoas aguardam por consultas com especialistas em Teut\u00f4nia - Folha Popular","robots":{"index":"index","follow":"follow","max-snippet":"max-snippet:-1","max-image-preview":"max-image-preview:large","max-video-preview":"max-video-preview:-1"},"canonical":"https:\/\/folhapopular.info\/index.php\/2025\/02\/19\/mais-de-18-mil-pessoas-aguardam-por-consultas-com-especialistas-em-teutonia\/","og_locale":"pt_BR","og_type":"article","og_title":"Mais de 1,8 mil pessoas aguardam por consultas com especialistas em Teut\u00f4nia - Folha Popular","og_description":"A sa\u00fade, um direito fundamental, tem enfrentado um desafio enorme: as filas de consultas e cirurgias represadas. Os dados do Minist\u00e9rio da Sa\u00fade divulgados nesta semana mostram que a fila de espera por cirurgias no Sistema \u00danico de Sa\u00fade (SUS) cresceu 26% em 2024 no Brasil. Em Teut\u00f4nia, a situa\u00e7\u00e3o n\u00e3o \u00e9 diferente. Marlene Metz, [&hellip;]","og_url":"https:\/\/folhapopular.info\/index.php\/2025\/02\/19\/mais-de-18-mil-pessoas-aguardam-por-consultas-com-especialistas-em-teutonia\/","og_site_name":"Folha Popular","article_published_time":"2025-02-19T15:00:00+00:00","og_image":[{"width":1920,"height":1280,"url":"https:\/\/folhapopular.info\/wp-content\/uploads\/2025\/02\/pexels-shvetsa-4226207.jpg","type":"image\/jpeg"}],"author":"Ariana de Oliveira","twitter_card":"summary_large_image","twitter_misc":{"Escrito por":"Ariana de Oliveira","Est. tempo de leitura":"4 minutos"},"schema":{"@context":"https:\/\/schema.org","@graph":[{"@type":"Article","@id":"https:\/\/folhapopular.info\/index.php\/2025\/02\/19\/mais-de-18-mil-pessoas-aguardam-por-consultas-com-especialistas-em-teutonia\/#article","isPartOf":{"@id":"https:\/\/folhapopular.info\/index.php\/2025\/02\/19\/mais-de-18-mil-pessoas-aguardam-por-consultas-com-especialistas-em-teutonia\/"},"author":{"name":"Ariana de Oliveira","@id":"https:\/\/folhapopular.info\/#\/schema\/person\/e80d332e33633a6164933af03d7ee1b2"},"headline":"Mais de 1,8 mil pessoas aguardam por consultas com especialistas em Teut\u00f4nia","datePublished":"2025-02-19T15:00:00+00:00","mainEntityOfPage":{"@id":"https:\/\/folhapopular.info\/index.php\/2025\/02\/19\/mais-de-18-mil-pessoas-aguardam-por-consultas-com-especialistas-em-teutonia\/"},"wordCount":568,"commentCount":0,"image":{"@id":"https:\/\/folhapopular.info\/index.php\/2025\/02\/19\/mais-de-18-mil-pessoas-aguardam-por-consultas-com-especialistas-em-teutonia\/#primaryimage"},"thumbnailUrl":"https:\/\/folhapopular.info\/wp-content\/uploads\/2025\/02\/pexels-shvetsa-4226207.jpg","keywords":["Consultas","Especialistas","Sa\u00fade","Teut\u00f4nia"],"articleSection":["Destaques","Geral","Sa\u00fade"],"inLanguage":"pt-BR","potentialAction":[{"@type":"CommentAction","name":"Comment","target":["https:\/\/folhapopular.info\/index.php\/2025\/02\/19\/mais-de-18-mil-pessoas-aguardam-por-consultas-com-especialistas-em-teutonia\/#respond"]}]},{"@type":"WebPage","@id":"https:\/\/folhapopular.info\/index.php\/2025\/02\/19\/mais-de-18-mil-pessoas-aguardam-por-consultas-com-especialistas-em-teutonia\/","url":"https:\/\/folhapopular.info\/index.php\/2025\/02\/19\/mais-de-18-mil-pessoas-aguardam-por-consultas-com-especialistas-em-teutonia\/","name":"Mais de 1,8 mil pessoas aguardam por consultas com especialistas em Teut\u00f4nia - Folha Popular","isPartOf":{"@id":"https:\/\/folhapopular.info\/#website"},"primaryImageOfPage":{"@id":"https:\/\/folhapopular.info\/index.php\/2025\/02\/19\/mais-de-18-mil-pessoas-aguardam-por-consultas-com-especialistas-em-teutonia\/#primaryimage"},"image":{"@id":"https:\/\/folhapopular.info\/index.php\/2025\/02\/19\/mais-de-18-mil-pessoas-aguardam-por-consultas-com-especialistas-em-teutonia\/#primaryimage"},"thumbnailUrl":"https:\/\/folhapopular.info\/wp-content\/uploads\/2025\/02\/pexels-shvetsa-4226207.jpg","datePublished":"2025-02-19T15:00:00+00:00","author":{"@id":"https:\/\/folhapopular.info\/#\/schema\/person\/e80d332e33633a6164933af03d7ee1b2"},"breadcrumb":{"@id":"https:\/\/folhapopular.info\/index.php\/2025\/02\/19\/mais-de-18-mil-pessoas-aguardam-por-consultas-com-especialistas-em-teutonia\/#breadcrumb"},"inLanguage":"pt-BR","potentialAction":[{"@type":"ReadAction","target":["https:\/\/folhapopular.info\/index.php\/2025\/02\/19\/mais-de-18-mil-pessoas-aguardam-por-consultas-com-especialistas-em-teutonia\/"]}]},{"@type":"ImageObject","inLanguage":"pt-BR","@id":"https:\/\/folhapopular.info\/index.php\/2025\/02\/19\/mais-de-18-mil-pessoas-aguardam-por-consultas-com-especialistas-em-teutonia\/#primaryimage","url":"https:\/\/folhapopular.info\/wp-content\/uploads\/2025\/02\/pexels-shvetsa-4226207.jpg","contentUrl":"https:\/\/folhapopular.info\/wp-content\/uploads\/2025\/02\/pexels-shvetsa-4226207.jpg","width":1920,"height":1280,"caption":"Oncologia possui 3 mil pessoas em espera \/ Cr\u00e9dito: Pexels - Divulga\u00e7\u00e3o"},{"@type":"BreadcrumbList","@id":"https:\/\/folhapopular.info\/index.php\/2025\/02\/19\/mais-de-18-mil-pessoas-aguardam-por-consultas-com-especialistas-em-teutonia\/#breadcrumb","itemListElement":[{"@type":"ListItem","position":1,"name":"In\u00edcio","item":"https:\/\/folhapopular.info\/"},{"@type":"ListItem","position":2,"name":"Mais de 1,8 mil pessoas aguardam por consultas com especialistas em Teut\u00f4nia"}]},{"@type":"WebSite","@id":"https:\/\/folhapopular.info\/#website","url":"https:\/\/folhapopular.info\/","name":"Folha Popular","description":"Onde voc\u00ea tem vez e voz","potentialAction":[{"@type":"SearchAction","target":{"@type":"EntryPoint","urlTemplate":"https:\/\/folhapopular.info\/?s={search_term_string}"},"query-input":{"@type":"PropertyValueSpecification","valueRequired":true,"valueName":"search_term_string"}}],"inLanguage":"pt-BR"},{"@type":"Person","@id":"https:\/\/folhapopular.info\/#\/schema\/person\/e80d332e33633a6164933af03d7ee1b2","name":"Ariana de Oliveira","image":{"@type":"ImageObject","inLanguage":"pt-BR","@id":"https:\/\/secure.gravatar.com\/avatar\/f41f85ba276460e0a04f6d5aca07e53f273efeee7e662d9ef431432a18216f59?s=96&d=mm&r=g","url":"https:\/\/secure.gravatar.com\/avatar\/f41f85ba276460e0a04f6d5aca07e53f273efeee7e662d9ef431432a18216f59?s=96&d=mm&r=g","contentUrl":"https:\/\/secure.gravatar.com\/avatar\/f41f85ba276460e0a04f6d5aca07e53f273efeee7e662d9ef431432a18216f59?s=96&d=mm&r=g","caption":"Ariana de Oliveira"},"url":"https:\/\/folhapopular.info\/index.php\/author\/ariana-deoliveiragmail-com\/"}]}},"jetpack_featured_media_url":"https:\/\/folhapopular.info\/wp-content\/uploads\/2025\/02\/pexels-shvetsa-4226207.jpg","jetpack_sharing_enabled":true,"amp_enabled":true,"_links":{"self":[{"href":"https:\/\/folhapopular.info\/index.php\/wp-json\/wp\/v2\/posts\/180873","targetHints":{"allow":["GET"]}}],"collection":[{"href":"https:\/\/folhapopular.info\/index.php\/wp-json\/wp\/v2\/posts"}],"about":[{"href":"https:\/\/folhapopular.info\/index.php\/wp-json\/wp\/v2\/types\/post"}],"author":[{"embeddable":true,"href":"https:\/\/folhapopular.info\/index.php\/wp-json\/wp\/v2\/users\/707"}],"replies":[{"embeddable":true,"href":"https:\/\/folhapopular.info\/index.php\/wp-json\/wp\/v2\/comments?post=180873"}],"version-history":[{"count":0,"href":"https:\/\/folhapopular.info\/index.php\/wp-json\/wp\/v2\/posts\/180873\/revisions"}],"wp:featuredmedia":[{"embeddable":true,"href":"https:\/\/folhapopular.info\/index.php\/wp-json\/wp\/v2\/media\/180874"}],"wp:attachment":[{"href":"https:\/\/folhapopular.info\/index.php\/wp-json\/wp\/v2\/media?parent=180873"}],"wp:term":[{"taxonomy":"category","embeddable":true,"href":"https:\/\/folhapopular.info\/index.php\/wp-json\/wp\/v2\/categories?post=180873"},{"taxonomy":"post_tag","embeddable":true,"href":"https:\/\/folhapopular.info\/index.php\/wp-json\/wp\/v2\/tags?post=180873"}],"curies":[{"name":"wp","href":"https:\/\/api.w.org\/{rel}","templated":true}]}}