{"id":180940,"date":"2025-02-20T11:16:06","date_gmt":"2025-02-20T14:16:06","guid":{"rendered":"https:\/\/folhapopular.info\/?p=180940"},"modified":"2025-02-21T09:44:18","modified_gmt":"2025-02-21T12:44:18","slug":"professor-de-poco-das-antas-e-campeao-mundial-de-capoeira","status":"publish","type":"post","link":"https:\/\/folhapopular.info\/index.php\/2025\/02\/20\/professor-de-poco-das-antas-e-campeao-mundial-de-capoeira\/","title":{"rendered":"Professor de Po\u00e7o das Antas \u00e9 campe\u00e3o mundial de Capoeira"},"content":{"rendered":"\n<p>A trajet\u00f3ria de Erik Gon\u00e7alves \u00c1vila, conhecido no mundo da capoeira como \u201cCachopa\u201d, \u00e9 um exemplo de resili\u00eancia, paix\u00e3o e compromisso com a cultura brasileira. Natural de Jaguar\u00e3o, na regi\u00e3o fronteiri\u00e7a do Rio Grande do Sul, ele trilha um longo caminho no esporte, que o levou dos campos de futebol amador at\u00e9 a consagra\u00e7\u00e3o como campe\u00e3o mundial de capoeira.<\/p>\n\n\n\n<p>Hoje \u00e9 professor de capoeira em Po\u00e7o das Antas, e sua hist\u00f3ria \u00e9 marcada por desafios, aprendizado constante e a busca pela excel\u00eancia dentro e fora das rodas de capoeira.<\/p>\n\n\n\n<p>O esporte esteve presente na vida de Erik desde a inf\u00e2ncia. Criado em uma fam\u00edlia com tradi\u00e7\u00e3o no futebol, seu caminho esportivo come\u00e7ou nas quadras de futsal de Jaguar\u00e3o, onde participou de diversas competi\u00e7\u00f5es municipais. &#8220;Desde cedo, o esporte me ensinou sobre disciplina e supera\u00e7\u00e3o&#8221;, recorda.<\/p>\n\n\n\n<p>Posteriormente, sua mudan\u00e7a para Blumenau, em Santa Catarina, e, depois, para Bom Princ\u00edpio, o levou a migrar para o futebol de campo. L\u00e1, chegou a realizar testes no Gr\u00eamio. &#8220;Atuei como volante, mas minha agilidade e porte f\u00edsico me fizeram ser deslocado para a parte mais avan\u00e7ada do campo, voltado para um atacante&#8221;, conta.<\/p>\n\n\n\n<h2 class=\"wp-block-heading\"><strong>O encontro com a capoeira<\/strong><\/h2>\n\n\n\n<p>Aos 15 anos, Erik teve seu primeiro contato com a capoeira atrav\u00e9s de um projeto social da Prefeitura de Bom Princ\u00edpio. Inicialmente como uma atividade extracurricular, logo a arte-luta se tornou uma paix\u00e3o e uma miss\u00e3o de vida. &#8220;A capoeira me ensinou muito mais do que t\u00e9cnica e movimenta\u00e7\u00e3o; ela me mostrou um novo modo de enxergar o mundo&#8221;, afirma.<\/p>\n\n\n\n<h2 class=\"wp-block-heading\"><strong>Da marginaliza\u00e7\u00e3o ao<\/strong> <strong>reconhecimento internacional<\/strong><\/h2>\n\n\n\n<p>Erik ressalta a hist\u00f3ria de resist\u00eancia da capoeira, que surgiu como uma forma de defesa e express\u00e3o cultural dos negros escravizados no Brasil. Durante s\u00e9culos, a pr\u00e1tica foi marginalizada e at\u00e9 mesmo criminalizada, sendo proibida no C\u00f3digo Penal ap\u00f3s a aboli\u00e7\u00e3o da escravid\u00e3o.<\/p>\n\n\n\n<p>A capoeira foi oficializada apenas na d\u00e9cada de 1930, no governo de Get\u00falio Vargas, e come\u00e7ou a ganhar espa\u00e7o como express\u00e3o cultural e esportiva reconhecida.<\/p>\n\n\n\n<h2 class=\"wp-block-heading\"><strong>Berimbau Tch\u00ea e a forma\u00e7\u00e3o de atletas<\/strong><\/h2>\n\n\n\n<p>Erik \u00e9 um dos principais nomes da Escola de Capoeira <strong>Berimbau Tch\u00ea<\/strong>, onde atua como professor e formador de novos talentos. \u201cNosso trabalho vai al\u00e9m da capoeira. Queremos contribuir para a forma\u00e7\u00e3o de indiv\u00edduos comprometidos com a disciplina e o respeito\u201d, destaca.<\/p>\n\n\n\n<p>A escola oferece aulas em Po\u00e7o das Antas e em diversos munic\u00edpios do Vale do Ca\u00ed, incluindo Bom Princ\u00edpio, Salvador do Sul e S\u00e3o Jos\u00e9 do Hort\u00eancio. O time da Berimbau Tch\u00ea tamb\u00e9m tem a professora Jaqueline, que atua em escolas e creches, e o Mestre Fabr\u00edcio Ferraz, uma refer\u00eancia na capoeira da regi\u00e3o.<\/p>\n\n\n\n<h2 class=\"wp-block-heading\"><strong>Campeonato Mundial<\/strong><\/h2>\n\n\n\n<p>Ap\u00f3s muito tempo de prepara\u00e7\u00e3o, Erik alcan\u00e7ou o topo do p\u00f3dio ao conquistar o t\u00edtulo no 12\u00ba Campeonato Mundial de Capoeira do Muzenza, de Curitiba.<\/p>\n\n\n\n<p>A competi\u00e7\u00e3o foi realizada na primeira semana de janeiro de 2025 e reuniu mais de 500 atletas de 19 pa\u00edses diferentes na capital paranaense, na sede do Grupo de Capoeira.<\/p>\n\n\n\n<p>&#8220;Foram anos de treinamento, dedica\u00e7\u00e3o e abdica\u00e7\u00e3o de momentos pessoais para chegar at\u00e9 aqui&#8221;, revela Erik. \u201cRenunciei a festas, eventos familiares e muitas noites de descanso para estar preparado\u201d, comenta.<\/p>\n\n\n\n<h2 class=\"wp-block-heading\"><strong>Capoeira competitiva<\/strong><\/h2>\n\n\n\n<p>As competi\u00e7\u00f5es de capoeira avaliam diversos aspectos do jogo dos atletas, incluindo t\u00e9cnica, volume de jogo, execu\u00e7\u00e3o de movimentos acrob\u00e1ticos (floreios) e sincronia com o ritmo do berimbau. &#8220;O jogo precisa estar alinhado com a musicalidade e o toque do berimbau&#8221;, explica.<\/p>\n\n\n\n<p>No Mundial do Muzenza, mestres experientes foram respons\u00e1veis pela pontua\u00e7\u00e3o, utilizando bandeirinhas para indicar os vencedores de cada confronto.<\/p>\n\n\n\n<h2 class=\"wp-block-heading\"><strong>Expans\u00e3o e novos desafios<\/strong><\/h2>\n\n\n\n<p>Com o t\u00edtulo mundial, Erik deseja ampliar a presen\u00e7a de seu grupo e disseminar a hist\u00f3ria da capoeira em novas localidades. \u201cQuero ser um porta-voz da capoeira e dos munic\u00edpios onde atuo, levando essa cultura para mais pessoas\u201d, enfatiza. Ele n\u00e3o pretende parar por aqui e j\u00e1 tem novos objetivos em mente. &#8220;Esse \u00e9 apenas o come\u00e7o de uma nova jornada&#8221;, almeja.<\/p>\n\n\n\n<h2 class=\"wp-block-heading\"><strong>Saiba mais<\/strong><\/h2>\n\n\n\n<p>Interessados em saber mais sobre a Escola de Capoeira Berimbau Tch\u00ea ou agendar uma oficina em sua cidade podem entrar em contato pelo Instagram @capoeiraberimbautch\u00ea ou pelos telefones (51) 9 9976-7602 (Erik) e (51) 9 8934-7351 (Mestre Fabr\u00edcio).<\/p>\n\n\n\n<figure class=\"wp-block-gallery has-nested-images columns-default is-cropped wp-block-gallery-1 is-layout-flex wp-block-gallery-is-layout-flex\">\n<figure class=\"wp-block-image size-large\"><img loading=\"lazy\" decoding=\"async\" width=\"1024\" height=\"768\" data-id=\"180965\" src=\"https:\/\/folhapopular.info\/wp-content\/uploads\/2025\/02\/Erik-participou-do-programa-Bola-na-Trave_Luis-Augusto-Huppes-1024x768.jpeg\" alt=\"\" class=\"wp-image-180965\" srcset=\"https:\/\/folhapopular.info\/wp-content\/uploads\/2025\/02\/Erik-participou-do-programa-Bola-na-Trave_Luis-Augusto-Huppes-1024x768.jpeg 1024w, https:\/\/folhapopular.info\/wp-content\/uploads\/2025\/02\/Erik-participou-do-programa-Bola-na-Trave_Luis-Augusto-Huppes-300x225.jpeg 300w, https:\/\/folhapopular.info\/wp-content\/uploads\/2025\/02\/Erik-participou-do-programa-Bola-na-Trave_Luis-Augusto-Huppes-768x576.jpeg 768w, https:\/\/folhapopular.info\/wp-content\/uploads\/2025\/02\/Erik-participou-do-programa-Bola-na-Trave_Luis-Augusto-Huppes-1536x1152.jpeg 1536w, https:\/\/folhapopular.info\/wp-content\/uploads\/2025\/02\/Erik-participou-do-programa-Bola-na-Trave_Luis-Augusto-Huppes-2048x1536.jpeg 2048w, https:\/\/folhapopular.info\/wp-content\/uploads\/2025\/02\/Erik-participou-do-programa-Bola-na-Trave_Luis-Augusto-Huppes-560x420.jpeg 560w, https:\/\/folhapopular.info\/wp-content\/uploads\/2025\/02\/Erik-participou-do-programa-Bola-na-Trave_Luis-Augusto-Huppes-80x60.jpeg 80w, https:\/\/folhapopular.info\/wp-content\/uploads\/2025\/02\/Erik-participou-do-programa-Bola-na-Trave_Luis-Augusto-Huppes-696x522.jpeg 696w, https:\/\/folhapopular.info\/wp-content\/uploads\/2025\/02\/Erik-participou-do-programa-Bola-na-Trave_Luis-Augusto-Huppes-1068x801.jpeg 1068w, https:\/\/folhapopular.info\/wp-content\/uploads\/2025\/02\/Erik-participou-do-programa-Bola-na-Trave_Luis-Augusto-Huppes-1920x1440.jpeg 1920w\" sizes=\"auto, (max-width: 1024px) 100vw, 1024px\" \/><figcaption class=\"wp-element-caption\">Erik participou do programa Bola na Trave<br>Cr\u00e9dito: Luis Augusto Huppes<\/figcaption><\/figure>\n<\/figure>\n\n\n\n<h2 class=\"wp-block-heading\"><strong>Acompanhe a entrevista:<\/strong><\/h2>\n\n\n\n<figure class=\"wp-block-embed is-type-video is-provider-youtube wp-block-embed-youtube wp-embed-aspect-16-9 wp-has-aspect-ratio\"><div class=\"wp-block-embed__wrapper\">\n<iframe loading=\"lazy\" title=\"BOLA NA TRAVE | Campe\u00e3o mundial de Capoeira \u00e9 de Po\u00e7o das Antas\" width=\"696\" height=\"392\" src=\"https:\/\/www.youtube.com\/embed\/ZtqBt17uS3s?feature=oembed\" frameborder=\"0\" allow=\"accelerometer; autoplay; clipboard-write; encrypted-media; gyroscope; picture-in-picture; web-share\" referrerpolicy=\"strict-origin-when-cross-origin\" allowfullscreen><\/iframe>\n<\/div><\/figure>\n","protected":false},"excerpt":{"rendered":"<p>A trajet\u00f3ria de Erik Gon\u00e7alves \u00c1vila, conhecido no mundo da capoeira como \u201cCachopa\u201d, \u00e9 um exemplo de resili\u00eancia, paix\u00e3o e compromisso com a cultura brasileira. Natural de Jaguar\u00e3o, na regi\u00e3o fronteiri\u00e7a do Rio Grande do Sul, ele trilha um longo caminho no esporte, que o levou dos campos de futebol amador at\u00e9 a consagra\u00e7\u00e3o como [&hellip;]<\/p>\n","protected":false},"author":732,"featured_media":180964,"comment_status":"open","ping_status":"open","sticky":false,"template":"","format":"standard","meta":{"pmpro_default_level":"","_jetpack_memberships_contains_paid_content":false,"footnotes":""},"categories":[5],"tags":[18032,18030,1367,18031,18028,40,1794],"class_list":{"0":"post-180940","1":"post","2":"type-post","3":"status-publish","4":"format-standard","5":"has-post-thumbnail","7":"category-esportes","8":"tag-berimbau-tche","9":"tag-cachopa","10":"tag-capoeira","11":"tag-erik-avila","12":"tag-mundial-de-capoeira","13":"tag-poco-das-antas","14":"tag-rio-grande-do-sul","15":"pmpro-has-access"},"yoast_head":"<!-- This site is optimized with the Yoast SEO plugin v27.5 - https:\/\/yoast.com\/product\/yoast-seo-wordpress\/ -->\n<title>Professor de Po\u00e7o das Antas \u00e9 campe\u00e3o mundial de Capoeira - Folha Popular<\/title>\n<meta name=\"robots\" content=\"index, follow, max-snippet:-1, max-image-preview:large, max-video-preview:-1\" \/>\n<link rel=\"canonical\" href=\"https:\/\/folhapopular.info\/index.php\/2025\/02\/20\/professor-de-poco-das-antas-e-campeao-mundial-de-capoeira\/\" \/>\n<meta property=\"og:locale\" content=\"pt_BR\" \/>\n<meta property=\"og:type\" content=\"article\" \/>\n<meta property=\"og:title\" content=\"Professor de Po\u00e7o das Antas \u00e9 campe\u00e3o mundial de Capoeira - Folha Popular\" \/>\n<meta property=\"og:description\" content=\"A trajet\u00f3ria de Erik Gon\u00e7alves \u00c1vila, conhecido no mundo da capoeira como \u201cCachopa\u201d, \u00e9 um exemplo de resili\u00eancia, paix\u00e3o e compromisso com a cultura brasileira. Natural de Jaguar\u00e3o, na regi\u00e3o fronteiri\u00e7a do Rio Grande do Sul, ele trilha um longo caminho no esporte, que o levou dos campos de futebol amador at\u00e9 a consagra\u00e7\u00e3o como [&hellip;]\" \/>\n<meta property=\"og:url\" content=\"https:\/\/folhapopular.info\/index.php\/2025\/02\/20\/professor-de-poco-das-antas-e-campeao-mundial-de-capoeira\/\" \/>\n<meta property=\"og:site_name\" content=\"Folha Popular\" \/>\n<meta property=\"article:author\" content=\"https:\/\/www.facebook.com\/luis.huppes\/\" \/>\n<meta property=\"article:published_time\" content=\"2025-02-20T14:16:06+00:00\" \/>\n<meta property=\"article:modified_time\" content=\"2025-02-21T12:44:18+00:00\" \/>\n<meta property=\"og:image\" content=\"http:\/\/folhapopular.info\/wp-content\/uploads\/2025\/02\/Competicao-teve-representantes-de-19-paises_Arquivo-Pessoal_Divulgacao-e1740061045727.jpeg\" \/>\n\t<meta property=\"og:image:width\" content=\"1080\" \/>\n\t<meta property=\"og:image:height\" content=\"707\" \/>\n\t<meta property=\"og:image:type\" content=\"image\/jpeg\" \/>\n<meta name=\"author\" content=\"Luis Augusto Huppes\" \/>\n<meta name=\"twitter:card\" content=\"summary_large_image\" \/>\n<meta name=\"twitter:label1\" content=\"Escrito por\" \/>\n\t<meta name=\"twitter:data1\" content=\"Luis Augusto Huppes\" \/>\n\t<meta name=\"twitter:label2\" content=\"Est. tempo de leitura\" \/>\n\t<meta name=\"twitter:data2\" content=\"5 minutos\" \/>\n<script type=\"application\/ld+json\" class=\"yoast-schema-graph\">{\"@context\":\"https:\\\/\\\/schema.org\",\"@graph\":[{\"@type\":\"Article\",\"@id\":\"https:\\\/\\\/folhapopular.info\\\/index.php\\\/2025\\\/02\\\/20\\\/professor-de-poco-das-antas-e-campeao-mundial-de-capoeira\\\/#article\",\"isPartOf\":{\"@id\":\"https:\\\/\\\/folhapopular.info\\\/index.php\\\/2025\\\/02\\\/20\\\/professor-de-poco-das-antas-e-campeao-mundial-de-capoeira\\\/\"},\"author\":{\"name\":\"Luis Augusto Huppes\",\"@id\":\"https:\\\/\\\/folhapopular.info\\\/#\\\/schema\\\/person\\\/e852c327371714676d02e58cf917fd9f\"},\"headline\":\"Professor de Po\u00e7o das Antas \u00e9 campe\u00e3o mundial de Capoeira\",\"datePublished\":\"2025-02-20T14:16:06+00:00\",\"dateModified\":\"2025-02-21T12:44:18+00:00\",\"mainEntityOfPage\":{\"@id\":\"https:\\\/\\\/folhapopular.info\\\/index.php\\\/2025\\\/02\\\/20\\\/professor-de-poco-das-antas-e-campeao-mundial-de-capoeira\\\/\"},\"wordCount\":783,\"commentCount\":0,\"image\":{\"@id\":\"https:\\\/\\\/folhapopular.info\\\/index.php\\\/2025\\\/02\\\/20\\\/professor-de-poco-das-antas-e-campeao-mundial-de-capoeira\\\/#primaryimage\"},\"thumbnailUrl\":\"https:\\\/\\\/folhapopular.info\\\/wp-content\\\/uploads\\\/2025\\\/02\\\/Competicao-teve-representantes-de-19-paises_Arquivo-Pessoal_Divulgacao-e1740061045727.jpeg\",\"keywords\":[\"Berimbau Tch\u00ea\",\"Cachopa\",\"Capoeira\",\"Erik \u00c1vila\",\"Mundial de Capoeira\",\"Po\u00e7o das Antas\",\"Rio Grande do Sul\"],\"articleSection\":[\"Esportes\"],\"inLanguage\":\"pt-BR\",\"potentialAction\":[{\"@type\":\"CommentAction\",\"name\":\"Comment\",\"target\":[\"https:\\\/\\\/folhapopular.info\\\/index.php\\\/2025\\\/02\\\/20\\\/professor-de-poco-das-antas-e-campeao-mundial-de-capoeira\\\/#respond\"]}]},{\"@type\":\"WebPage\",\"@id\":\"https:\\\/\\\/folhapopular.info\\\/index.php\\\/2025\\\/02\\\/20\\\/professor-de-poco-das-antas-e-campeao-mundial-de-capoeira\\\/\",\"url\":\"https:\\\/\\\/folhapopular.info\\\/index.php\\\/2025\\\/02\\\/20\\\/professor-de-poco-das-antas-e-campeao-mundial-de-capoeira\\\/\",\"name\":\"Professor de Po\u00e7o das Antas \u00e9 campe\u00e3o mundial de Capoeira - Folha Popular\",\"isPartOf\":{\"@id\":\"https:\\\/\\\/folhapopular.info\\\/#website\"},\"primaryImageOfPage\":{\"@id\":\"https:\\\/\\\/folhapopular.info\\\/index.php\\\/2025\\\/02\\\/20\\\/professor-de-poco-das-antas-e-campeao-mundial-de-capoeira\\\/#primaryimage\"},\"image\":{\"@id\":\"https:\\\/\\\/folhapopular.info\\\/index.php\\\/2025\\\/02\\\/20\\\/professor-de-poco-das-antas-e-campeao-mundial-de-capoeira\\\/#primaryimage\"},\"thumbnailUrl\":\"https:\\\/\\\/folhapopular.info\\\/wp-content\\\/uploads\\\/2025\\\/02\\\/Competicao-teve-representantes-de-19-paises_Arquivo-Pessoal_Divulgacao-e1740061045727.jpeg\",\"datePublished\":\"2025-02-20T14:16:06+00:00\",\"dateModified\":\"2025-02-21T12:44:18+00:00\",\"author\":{\"@id\":\"https:\\\/\\\/folhapopular.info\\\/#\\\/schema\\\/person\\\/e852c327371714676d02e58cf917fd9f\"},\"breadcrumb\":{\"@id\":\"https:\\\/\\\/folhapopular.info\\\/index.php\\\/2025\\\/02\\\/20\\\/professor-de-poco-das-antas-e-campeao-mundial-de-capoeira\\\/#breadcrumb\"},\"inLanguage\":\"pt-BR\",\"potentialAction\":[{\"@type\":\"ReadAction\",\"target\":[\"https:\\\/\\\/folhapopular.info\\\/index.php\\\/2025\\\/02\\\/20\\\/professor-de-poco-das-antas-e-campeao-mundial-de-capoeira\\\/\"]}]},{\"@type\":\"ImageObject\",\"inLanguage\":\"pt-BR\",\"@id\":\"https:\\\/\\\/folhapopular.info\\\/index.php\\\/2025\\\/02\\\/20\\\/professor-de-poco-das-antas-e-campeao-mundial-de-capoeira\\\/#primaryimage\",\"url\":\"https:\\\/\\\/folhapopular.info\\\/wp-content\\\/uploads\\\/2025\\\/02\\\/Competicao-teve-representantes-de-19-paises_Arquivo-Pessoal_Divulgacao-e1740061045727.jpeg\",\"contentUrl\":\"https:\\\/\\\/folhapopular.info\\\/wp-content\\\/uploads\\\/2025\\\/02\\\/Competicao-teve-representantes-de-19-paises_Arquivo-Pessoal_Divulgacao-e1740061045727.jpeg\",\"width\":1080,\"height\":707,\"caption\":\"Competi\u00e7\u00e3o teve representantes de 19 pa\u00edses - Cr\u00e9dito: Arquivo Pessoal \\\/ Divulga\u00e7\u00e3o\"},{\"@type\":\"BreadcrumbList\",\"@id\":\"https:\\\/\\\/folhapopular.info\\\/index.php\\\/2025\\\/02\\\/20\\\/professor-de-poco-das-antas-e-campeao-mundial-de-capoeira\\\/#breadcrumb\",\"itemListElement\":[{\"@type\":\"ListItem\",\"position\":1,\"name\":\"In\u00edcio\",\"item\":\"https:\\\/\\\/folhapopular.info\\\/\"},{\"@type\":\"ListItem\",\"position\":2,\"name\":\"Professor de Po\u00e7o das Antas \u00e9 campe\u00e3o mundial de Capoeira\"}]},{\"@type\":\"WebSite\",\"@id\":\"https:\\\/\\\/folhapopular.info\\\/#website\",\"url\":\"https:\\\/\\\/folhapopular.info\\\/\",\"name\":\"Folha Popular\",\"description\":\"Onde voc\u00ea tem vez e voz\",\"potentialAction\":[{\"@type\":\"SearchAction\",\"target\":{\"@type\":\"EntryPoint\",\"urlTemplate\":\"https:\\\/\\\/folhapopular.info\\\/?s={search_term_string}\"},\"query-input\":{\"@type\":\"PropertyValueSpecification\",\"valueRequired\":true,\"valueName\":\"search_term_string\"}}],\"inLanguage\":\"pt-BR\"},{\"@type\":\"Person\",\"@id\":\"https:\\\/\\\/folhapopular.info\\\/#\\\/schema\\\/person\\\/e852c327371714676d02e58cf917fd9f\",\"name\":\"Luis Augusto Huppes\",\"image\":{\"@type\":\"ImageObject\",\"inLanguage\":\"pt-BR\",\"@id\":\"https:\\\/\\\/folhapopular.info\\\/wp-content\\\/uploads\\\/2026\\\/04\\\/Luis-Augusto-Huppes-1-1.webp\",\"url\":\"https:\\\/\\\/folhapopular.info\\\/wp-content\\\/uploads\\\/2026\\\/04\\\/Luis-Augusto-Huppes-1-1.webp\",\"contentUrl\":\"https:\\\/\\\/folhapopular.info\\\/wp-content\\\/uploads\\\/2026\\\/04\\\/Luis-Augusto-Huppes-1-1.webp\",\"caption\":\"Luis Augusto Huppes\"},\"sameAs\":[\"https:\\\/\\\/www.facebook.com\\\/luis.huppes\\\/\",\"https:\\\/\\\/www.instagram.com\\\/luis.huppes\\\/\",\"https:\\\/\\\/www.linkedin.com\\\/in\\\/luis-augusto-huppes-2554b52b7\\\/\"],\"url\":\"https:\\\/\\\/folhapopular.info\\\/index.php\\\/author\\\/luis-augusto-huppes\\\/\"}]}<\/script>\n<!-- \/ Yoast SEO plugin. -->","yoast_head_json":{"title":"Professor de Po\u00e7o das Antas \u00e9 campe\u00e3o mundial de Capoeira - Folha Popular","robots":{"index":"index","follow":"follow","max-snippet":"max-snippet:-1","max-image-preview":"max-image-preview:large","max-video-preview":"max-video-preview:-1"},"canonical":"https:\/\/folhapopular.info\/index.php\/2025\/02\/20\/professor-de-poco-das-antas-e-campeao-mundial-de-capoeira\/","og_locale":"pt_BR","og_type":"article","og_title":"Professor de Po\u00e7o das Antas \u00e9 campe\u00e3o mundial de Capoeira - Folha Popular","og_description":"A trajet\u00f3ria de Erik Gon\u00e7alves \u00c1vila, conhecido no mundo da capoeira como \u201cCachopa\u201d, \u00e9 um exemplo de resili\u00eancia, paix\u00e3o e compromisso com a cultura brasileira. Natural de Jaguar\u00e3o, na regi\u00e3o fronteiri\u00e7a do Rio Grande do Sul, ele trilha um longo caminho no esporte, que o levou dos campos de futebol amador at\u00e9 a consagra\u00e7\u00e3o como [&hellip;]","og_url":"https:\/\/folhapopular.info\/index.php\/2025\/02\/20\/professor-de-poco-das-antas-e-campeao-mundial-de-capoeira\/","og_site_name":"Folha Popular","article_author":"https:\/\/www.facebook.com\/luis.huppes\/","article_published_time":"2025-02-20T14:16:06+00:00","article_modified_time":"2025-02-21T12:44:18+00:00","og_image":[{"width":1080,"height":707,"url":"http:\/\/folhapopular.info\/wp-content\/uploads\/2025\/02\/Competicao-teve-representantes-de-19-paises_Arquivo-Pessoal_Divulgacao-e1740061045727.jpeg","type":"image\/jpeg"}],"author":"Luis Augusto Huppes","twitter_card":"summary_large_image","twitter_misc":{"Escrito por":"Luis Augusto Huppes","Est. tempo de leitura":"5 minutos"},"schema":{"@context":"https:\/\/schema.org","@graph":[{"@type":"Article","@id":"https:\/\/folhapopular.info\/index.php\/2025\/02\/20\/professor-de-poco-das-antas-e-campeao-mundial-de-capoeira\/#article","isPartOf":{"@id":"https:\/\/folhapopular.info\/index.php\/2025\/02\/20\/professor-de-poco-das-antas-e-campeao-mundial-de-capoeira\/"},"author":{"name":"Luis Augusto Huppes","@id":"https:\/\/folhapopular.info\/#\/schema\/person\/e852c327371714676d02e58cf917fd9f"},"headline":"Professor de Po\u00e7o das Antas \u00e9 campe\u00e3o mundial de Capoeira","datePublished":"2025-02-20T14:16:06+00:00","dateModified":"2025-02-21T12:44:18+00:00","mainEntityOfPage":{"@id":"https:\/\/folhapopular.info\/index.php\/2025\/02\/20\/professor-de-poco-das-antas-e-campeao-mundial-de-capoeira\/"},"wordCount":783,"commentCount":0,"image":{"@id":"https:\/\/folhapopular.info\/index.php\/2025\/02\/20\/professor-de-poco-das-antas-e-campeao-mundial-de-capoeira\/#primaryimage"},"thumbnailUrl":"https:\/\/folhapopular.info\/wp-content\/uploads\/2025\/02\/Competicao-teve-representantes-de-19-paises_Arquivo-Pessoal_Divulgacao-e1740061045727.jpeg","keywords":["Berimbau Tch\u00ea","Cachopa","Capoeira","Erik \u00c1vila","Mundial de Capoeira","Po\u00e7o das Antas","Rio Grande do Sul"],"articleSection":["Esportes"],"inLanguage":"pt-BR","potentialAction":[{"@type":"CommentAction","name":"Comment","target":["https:\/\/folhapopular.info\/index.php\/2025\/02\/20\/professor-de-poco-das-antas-e-campeao-mundial-de-capoeira\/#respond"]}]},{"@type":"WebPage","@id":"https:\/\/folhapopular.info\/index.php\/2025\/02\/20\/professor-de-poco-das-antas-e-campeao-mundial-de-capoeira\/","url":"https:\/\/folhapopular.info\/index.php\/2025\/02\/20\/professor-de-poco-das-antas-e-campeao-mundial-de-capoeira\/","name":"Professor de Po\u00e7o das Antas \u00e9 campe\u00e3o mundial de Capoeira - Folha Popular","isPartOf":{"@id":"https:\/\/folhapopular.info\/#website"},"primaryImageOfPage":{"@id":"https:\/\/folhapopular.info\/index.php\/2025\/02\/20\/professor-de-poco-das-antas-e-campeao-mundial-de-capoeira\/#primaryimage"},"image":{"@id":"https:\/\/folhapopular.info\/index.php\/2025\/02\/20\/professor-de-poco-das-antas-e-campeao-mundial-de-capoeira\/#primaryimage"},"thumbnailUrl":"https:\/\/folhapopular.info\/wp-content\/uploads\/2025\/02\/Competicao-teve-representantes-de-19-paises_Arquivo-Pessoal_Divulgacao-e1740061045727.jpeg","datePublished":"2025-02-20T14:16:06+00:00","dateModified":"2025-02-21T12:44:18+00:00","author":{"@id":"https:\/\/folhapopular.info\/#\/schema\/person\/e852c327371714676d02e58cf917fd9f"},"breadcrumb":{"@id":"https:\/\/folhapopular.info\/index.php\/2025\/02\/20\/professor-de-poco-das-antas-e-campeao-mundial-de-capoeira\/#breadcrumb"},"inLanguage":"pt-BR","potentialAction":[{"@type":"ReadAction","target":["https:\/\/folhapopular.info\/index.php\/2025\/02\/20\/professor-de-poco-das-antas-e-campeao-mundial-de-capoeira\/"]}]},{"@type":"ImageObject","inLanguage":"pt-BR","@id":"https:\/\/folhapopular.info\/index.php\/2025\/02\/20\/professor-de-poco-das-antas-e-campeao-mundial-de-capoeira\/#primaryimage","url":"https:\/\/folhapopular.info\/wp-content\/uploads\/2025\/02\/Competicao-teve-representantes-de-19-paises_Arquivo-Pessoal_Divulgacao-e1740061045727.jpeg","contentUrl":"https:\/\/folhapopular.info\/wp-content\/uploads\/2025\/02\/Competicao-teve-representantes-de-19-paises_Arquivo-Pessoal_Divulgacao-e1740061045727.jpeg","width":1080,"height":707,"caption":"Competi\u00e7\u00e3o teve representantes de 19 pa\u00edses - Cr\u00e9dito: Arquivo Pessoal \/ Divulga\u00e7\u00e3o"},{"@type":"BreadcrumbList","@id":"https:\/\/folhapopular.info\/index.php\/2025\/02\/20\/professor-de-poco-das-antas-e-campeao-mundial-de-capoeira\/#breadcrumb","itemListElement":[{"@type":"ListItem","position":1,"name":"In\u00edcio","item":"https:\/\/folhapopular.info\/"},{"@type":"ListItem","position":2,"name":"Professor de Po\u00e7o das Antas \u00e9 campe\u00e3o mundial de Capoeira"}]},{"@type":"WebSite","@id":"https:\/\/folhapopular.info\/#website","url":"https:\/\/folhapopular.info\/","name":"Folha Popular","description":"Onde voc\u00ea tem vez e voz","potentialAction":[{"@type":"SearchAction","target":{"@type":"EntryPoint","urlTemplate":"https:\/\/folhapopular.info\/?s={search_term_string}"},"query-input":{"@type":"PropertyValueSpecification","valueRequired":true,"valueName":"search_term_string"}}],"inLanguage":"pt-BR"},{"@type":"Person","@id":"https:\/\/folhapopular.info\/#\/schema\/person\/e852c327371714676d02e58cf917fd9f","name":"Luis Augusto Huppes","image":{"@type":"ImageObject","inLanguage":"pt-BR","@id":"https:\/\/folhapopular.info\/wp-content\/uploads\/2026\/04\/Luis-Augusto-Huppes-1-1.webp","url":"https:\/\/folhapopular.info\/wp-content\/uploads\/2026\/04\/Luis-Augusto-Huppes-1-1.webp","contentUrl":"https:\/\/folhapopular.info\/wp-content\/uploads\/2026\/04\/Luis-Augusto-Huppes-1-1.webp","caption":"Luis Augusto Huppes"},"sameAs":["https:\/\/www.facebook.com\/luis.huppes\/","https:\/\/www.instagram.com\/luis.huppes\/","https:\/\/www.linkedin.com\/in\/luis-augusto-huppes-2554b52b7\/"],"url":"https:\/\/folhapopular.info\/index.php\/author\/luis-augusto-huppes\/"}]}},"jetpack_featured_media_url":"https:\/\/folhapopular.info\/wp-content\/uploads\/2025\/02\/Competicao-teve-representantes-de-19-paises_Arquivo-Pessoal_Divulgacao-e1740061045727.jpeg","jetpack_sharing_enabled":true,"amp_enabled":true,"_links":{"self":[{"href":"https:\/\/folhapopular.info\/index.php\/wp-json\/wp\/v2\/posts\/180940","targetHints":{"allow":["GET"]}}],"collection":[{"href":"https:\/\/folhapopular.info\/index.php\/wp-json\/wp\/v2\/posts"}],"about":[{"href":"https:\/\/folhapopular.info\/index.php\/wp-json\/wp\/v2\/types\/post"}],"author":[{"embeddable":true,"href":"https:\/\/folhapopular.info\/index.php\/wp-json\/wp\/v2\/users\/732"}],"replies":[{"embeddable":true,"href":"https:\/\/folhapopular.info\/index.php\/wp-json\/wp\/v2\/comments?post=180940"}],"version-history":[{"count":0,"href":"https:\/\/folhapopular.info\/index.php\/wp-json\/wp\/v2\/posts\/180940\/revisions"}],"wp:featuredmedia":[{"embeddable":true,"href":"https:\/\/folhapopular.info\/index.php\/wp-json\/wp\/v2\/media\/180964"}],"wp:attachment":[{"href":"https:\/\/folhapopular.info\/index.php\/wp-json\/wp\/v2\/media?parent=180940"}],"wp:term":[{"taxonomy":"category","embeddable":true,"href":"https:\/\/folhapopular.info\/index.php\/wp-json\/wp\/v2\/categories?post=180940"},{"taxonomy":"post_tag","embeddable":true,"href":"https:\/\/folhapopular.info\/index.php\/wp-json\/wp\/v2\/tags?post=180940"}],"curies":[{"name":"wp","href":"https:\/\/api.w.org\/{rel}","templated":true}]}}