{"id":181081,"date":"2025-02-21T17:51:20","date_gmt":"2025-02-21T20:51:20","guid":{"rendered":"https:\/\/folhapopular.info\/?p=181081"},"modified":"2025-02-21T17:51:22","modified_gmt":"2025-02-21T20:51:22","slug":"aberto-de-verao-com-rodada-nesta-sexta-feira","status":"publish","type":"post","link":"https:\/\/folhapopular.info\/index.php\/2025\/02\/21\/aberto-de-verao-com-rodada-nesta-sexta-feira\/","title":{"rendered":"Aberto de Ver\u00e3o com rodada nesta sexta-feira"},"content":{"rendered":"\n<p>O Campeonato Aberto de Ver\u00e3o Lojas Becker 2025 tem rodada nesta sexta-feira (21\/2), onde ser\u00e3o realizadas as partidas da 7\u00aa rodada, al\u00e9m da recupera\u00e7\u00e3o de jogos da 2\u00aa rodada. Os jogos ocorrem na sede dos Funcion\u00e1rios da Cooperativa Languiru, em Teut\u00f4nia.<\/p>\n\n\n\n<p>No Futebol Sete, pelo Campo 1, a partir das 20h30, na categoria For\u00e7a Livre, o Brocadeira enfrenta o Unidos da Vila, em um duelo v\u00e1lido pela 2\u00aa rodada. Em seguida, \u00e0s 21h30, tamb\u00e9m para recuperar um jogo atrasado, o Movies Flach encara o Amigos do Sacola. Para encerrar os confrontos do Campo 1, \u00e0s 22h30, o Projeto Guarani joga contra o Amigos do Zeca \u2013 mais um duelo adiado do in\u00edcio do campeonato.<\/p>\n\n\n\n<p>No Campo 2, pela categoria Sub-21, a partir das 20h30, o GEW Servi\u00e7os enfrenta o ST Ambeve em outra partida atrasada. Para fechar os jogos do Campo 2, pela categoria Veterano, Upal e Lacorunha disputam a \u00fanica partida v\u00e1lida pela 7\u00aa rodada.<\/p>\n\n\n\n<p>J\u00e1 na quadra, os duelos do Futsal ser\u00e3o v\u00e1lidos pelo mata-mata da competi\u00e7\u00e3o. A categoria Sub-15 ter\u00e1 as semifinais, com Laranja Mec\u00e2nica e Fazenda Vilanova abrindo os confrontos \u00e0s 19h45. Em seguida, \u00e0s 20h30, Brochier e Redeem Fut Branco disputam a outra vaga na final.<\/p>\n\n\n\n<p>Ainda pelo Futsal, ser\u00e3o realizadas as partidas das quartas de final da S\u00e9rie Ouro na categoria For\u00e7a Livre. \u00c0s 21h30, o Amigos do Bar\u00e7a encara o Himmel Bier, e, \u00e0s 22h30, N.A Limitados enfrenta o Kopperus Bier.<\/p>\n\n\n\n<figure class=\"wp-block-table is-style-stripes\"><table class=\"has-vivid-green-cyan-background-color has-background\"><tbody><tr><td><strong>Futebol Sete<\/strong><\/td><td><strong>Campo 1<\/strong><\/td><td><strong>19\/2<\/strong><\/td><td>\ufeff<\/td><td>\ufeff<\/td><\/tr><tr><td><strong>Hor\u00e1rio<\/strong><\/td><td><strong>Categoria<\/strong><\/td><td><strong>Confronto<\/strong><\/td><td>\ufeff<\/td><td>\ufeff<\/td><\/tr><tr><td>20h30<\/td><td>For\u00e7a Livre<\/td><td>Brocadeira<\/td><td>x<\/td><td>Unidos da Vila<\/td><\/tr><tr><td>21h30<\/td><td>For\u00e7a Livre<\/td><td>Moveis Flach<\/td><td>x<\/td><td>Amigos do Sacola<\/td><\/tr><tr><td>22h30<\/td><td>For\u00e7a Livre<\/td><td>Projeto Guarani<\/td><td>x<\/td><td>Amigos do Zeca<\/td><\/tr><\/tbody><\/table><\/figure>\n\n\n\n<figure class=\"wp-block-table is-style-stripes\"><table class=\"has-vivid-green-cyan-background-color has-background\"><tbody><tr><td><strong>Futebol Sete<\/strong><\/td><td><strong>Campo 2<\/strong><\/td><td><strong>19\/2<\/strong><\/td><td>\ufeff<\/td><td>\ufeff<\/td><\/tr><tr><td><strong>Hor\u00e1rio<\/strong><\/td><td><strong>Categoria<\/strong><\/td><td><strong>Confronto<\/strong><\/td><td>\ufeff<\/td><td>\ufeff<\/td><\/tr><tr><td>20h30<\/td><td>Sub-21<\/td><td>GEW Servi\u00e7os<\/td><td>x<\/td><td>ST Ambeve<\/td><\/tr><tr><td>21h30<\/td><td>Veterano<\/td><td>UPAL<\/td><td>x<\/td><td>LaCorunha<\/td><\/tr><\/tbody><\/table><\/figure>\n\n\n\n<figure class=\"wp-block-table is-style-stripes\"><table class=\"has-vivid-green-cyan-background-color has-background\"><tbody><tr><td><strong>Futsal<\/strong><\/td><td><strong>19\/2<\/strong><\/td><td><\/td><td><\/td><td><\/td><\/tr><tr><td><strong>Hor\u00e1rio<\/strong><\/td><td><strong>Categoria<\/strong><\/td><td><strong>Confronto<\/strong><\/td><td><\/td><td><\/td><\/tr><tr><td>19h45<\/td><td>Sub-15<\/td><td>Laranja Mec\u00e2nica<\/td><td>x<\/td><td>Fazenda Vilanova<\/td><\/tr><tr><td>20h30<\/td><td>Sub-15<\/td><td>Brochier<\/td><td>x<\/td><td>Redeem Fut Branco<\/td><\/tr><tr><td>21h30<\/td><td>For\u00e7a Livre<\/td><td>KBF<\/td><td>x<\/td><td>Himmel Bier<\/td><\/tr><tr><td>22h30<\/td><td>For\u00e7a Livre<\/td><td>N.A Limitados<\/td><td>x<\/td><td>Kopperus Bier<\/td><\/tr><tr><td><\/td><td><\/td><td><\/td><td><\/td><td><\/td><\/tr><\/tbody><\/table><\/figure>\n","protected":false},"excerpt":{"rendered":"<p>O Campeonato Aberto de Ver\u00e3o Lojas Becker 2025 tem rodada nesta sexta-feira (21\/2), onde ser\u00e3o realizadas as partidas da 7\u00aa rodada, al\u00e9m da recupera\u00e7\u00e3o de jogos da 2\u00aa rodada. Os jogos ocorrem na sede dos Funcion\u00e1rios da Cooperativa Languiru, em Teut\u00f4nia. No Futebol Sete, pelo Campo 1, a partir das 20h30, na categoria For\u00e7a Livre, [&hellip;]<\/p>\n","protected":false},"author":732,"featured_media":181082,"comment_status":"open","ping_status":"open","sticky":false,"template":"","format":"standard","meta":{"pmpro_default_level":"","_jetpack_memberships_contains_paid_content":false,"footnotes":""},"categories":[5,6592,530],"tags":[8160,1273,31,26],"class_list":{"0":"post-181081","1":"post","2":"type-post","3":"status-publish","4":"format-standard","5":"has-post-thumbnail","7":"category-esportes","8":"category-futebol-sete","9":"category-futsal","10":"tag-aberto-de-verao","11":"tag-futebol-sete","12":"tag-futsal","13":"tag-teutonia","14":"pmpro-has-access"},"yoast_head":"<!-- This site is optimized with the Yoast SEO plugin v27.5 - https:\/\/yoast.com\/product\/yoast-seo-wordpress\/ -->\n<title>Aberto de Ver\u00e3o com rodada nesta sexta-feira - Folha Popular<\/title>\n<meta name=\"robots\" content=\"index, follow, max-snippet:-1, max-image-preview:large, max-video-preview:-1\" \/>\n<link rel=\"canonical\" href=\"https:\/\/folhapopular.info\/index.php\/2025\/02\/21\/aberto-de-verao-com-rodada-nesta-sexta-feira\/\" \/>\n<meta property=\"og:locale\" content=\"pt_BR\" \/>\n<meta property=\"og:type\" content=\"article\" \/>\n<meta property=\"og:title\" content=\"Aberto de Ver\u00e3o com rodada nesta sexta-feira - Folha Popular\" \/>\n<meta property=\"og:description\" content=\"O Campeonato Aberto de Ver\u00e3o Lojas Becker 2025 tem rodada nesta sexta-feira (21\/2), onde ser\u00e3o realizadas as partidas da 7\u00aa rodada, al\u00e9m da recupera\u00e7\u00e3o de jogos da 2\u00aa rodada. Os jogos ocorrem na sede dos Funcion\u00e1rios da Cooperativa Languiru, em Teut\u00f4nia. No Futebol Sete, pelo Campo 1, a partir das 20h30, na categoria For\u00e7a Livre, [&hellip;]\" \/>\n<meta property=\"og:url\" content=\"https:\/\/folhapopular.info\/index.php\/2025\/02\/21\/aberto-de-verao-com-rodada-nesta-sexta-feira\/\" \/>\n<meta property=\"og:site_name\" content=\"Folha Popular\" \/>\n<meta property=\"article:author\" content=\"https:\/\/www.facebook.com\/luis.huppes\/\" \/>\n<meta property=\"article:published_time\" content=\"2025-02-21T20:51:20+00:00\" \/>\n<meta property=\"article:modified_time\" content=\"2025-02-21T20:51:22+00:00\" \/>\n<meta property=\"og:image\" content=\"http:\/\/folhapopular.info\/wp-content\/uploads\/2025\/02\/IMG_1273-1-scaled.jpg\" \/>\n\t<meta property=\"og:image:width\" content=\"2560\" \/>\n\t<meta property=\"og:image:height\" content=\"1703\" \/>\n\t<meta property=\"og:image:type\" content=\"image\/jpeg\" \/>\n<meta name=\"author\" content=\"Luis Augusto Huppes\" \/>\n<meta name=\"twitter:card\" content=\"summary_large_image\" \/>\n<meta name=\"twitter:label1\" content=\"Escrito por\" \/>\n\t<meta name=\"twitter:data1\" content=\"Luis Augusto Huppes\" \/>\n\t<meta name=\"twitter:label2\" content=\"Est. tempo de leitura\" \/>\n\t<meta name=\"twitter:data2\" content=\"2 minutos\" \/>\n<script type=\"application\/ld+json\" class=\"yoast-schema-graph\">{\"@context\":\"https:\\\/\\\/schema.org\",\"@graph\":[{\"@type\":\"Article\",\"@id\":\"https:\\\/\\\/folhapopular.info\\\/index.php\\\/2025\\\/02\\\/21\\\/aberto-de-verao-com-rodada-nesta-sexta-feira\\\/#article\",\"isPartOf\":{\"@id\":\"https:\\\/\\\/folhapopular.info\\\/index.php\\\/2025\\\/02\\\/21\\\/aberto-de-verao-com-rodada-nesta-sexta-feira\\\/\"},\"author\":{\"name\":\"Luis Augusto Huppes\",\"@id\":\"https:\\\/\\\/folhapopular.info\\\/#\\\/schema\\\/person\\\/e852c327371714676d02e58cf917fd9f\"},\"headline\":\"Aberto de Ver\u00e3o com rodada nesta sexta-feira\",\"datePublished\":\"2025-02-21T20:51:20+00:00\",\"dateModified\":\"2025-02-21T20:51:22+00:00\",\"mainEntityOfPage\":{\"@id\":\"https:\\\/\\\/folhapopular.info\\\/index.php\\\/2025\\\/02\\\/21\\\/aberto-de-verao-com-rodada-nesta-sexta-feira\\\/\"},\"wordCount\":350,\"commentCount\":0,\"image\":{\"@id\":\"https:\\\/\\\/folhapopular.info\\\/index.php\\\/2025\\\/02\\\/21\\\/aberto-de-verao-com-rodada-nesta-sexta-feira\\\/#primaryimage\"},\"thumbnailUrl\":\"https:\\\/\\\/folhapopular.info\\\/wp-content\\\/uploads\\\/2025\\\/02\\\/IMG_1273-1-scaled.jpg\",\"keywords\":[\"Aberto de Ver\u00e3o\",\"Futebol Sete\",\"Futsal\",\"Teut\u00f4nia\"],\"articleSection\":[\"Esportes\",\"Futebol Sete\",\"Futsal\"],\"inLanguage\":\"pt-BR\",\"potentialAction\":[{\"@type\":\"CommentAction\",\"name\":\"Comment\",\"target\":[\"https:\\\/\\\/folhapopular.info\\\/index.php\\\/2025\\\/02\\\/21\\\/aberto-de-verao-com-rodada-nesta-sexta-feira\\\/#respond\"]}]},{\"@type\":\"WebPage\",\"@id\":\"https:\\\/\\\/folhapopular.info\\\/index.php\\\/2025\\\/02\\\/21\\\/aberto-de-verao-com-rodada-nesta-sexta-feira\\\/\",\"url\":\"https:\\\/\\\/folhapopular.info\\\/index.php\\\/2025\\\/02\\\/21\\\/aberto-de-verao-com-rodada-nesta-sexta-feira\\\/\",\"name\":\"Aberto de Ver\u00e3o com rodada nesta sexta-feira - Folha Popular\",\"isPartOf\":{\"@id\":\"https:\\\/\\\/folhapopular.info\\\/#website\"},\"primaryImageOfPage\":{\"@id\":\"https:\\\/\\\/folhapopular.info\\\/index.php\\\/2025\\\/02\\\/21\\\/aberto-de-verao-com-rodada-nesta-sexta-feira\\\/#primaryimage\"},\"image\":{\"@id\":\"https:\\\/\\\/folhapopular.info\\\/index.php\\\/2025\\\/02\\\/21\\\/aberto-de-verao-com-rodada-nesta-sexta-feira\\\/#primaryimage\"},\"thumbnailUrl\":\"https:\\\/\\\/folhapopular.info\\\/wp-content\\\/uploads\\\/2025\\\/02\\\/IMG_1273-1-scaled.jpg\",\"datePublished\":\"2025-02-21T20:51:20+00:00\",\"dateModified\":\"2025-02-21T20:51:22+00:00\",\"author\":{\"@id\":\"https:\\\/\\\/folhapopular.info\\\/#\\\/schema\\\/person\\\/e852c327371714676d02e58cf917fd9f\"},\"breadcrumb\":{\"@id\":\"https:\\\/\\\/folhapopular.info\\\/index.php\\\/2025\\\/02\\\/21\\\/aberto-de-verao-com-rodada-nesta-sexta-feira\\\/#breadcrumb\"},\"inLanguage\":\"pt-BR\",\"potentialAction\":[{\"@type\":\"ReadAction\",\"target\":[\"https:\\\/\\\/folhapopular.info\\\/index.php\\\/2025\\\/02\\\/21\\\/aberto-de-verao-com-rodada-nesta-sexta-feira\\\/\"]}]},{\"@type\":\"ImageObject\",\"inLanguage\":\"pt-BR\",\"@id\":\"https:\\\/\\\/folhapopular.info\\\/index.php\\\/2025\\\/02\\\/21\\\/aberto-de-verao-com-rodada-nesta-sexta-feira\\\/#primaryimage\",\"url\":\"https:\\\/\\\/folhapopular.info\\\/wp-content\\\/uploads\\\/2025\\\/02\\\/IMG_1273-1-scaled.jpg\",\"contentUrl\":\"https:\\\/\\\/folhapopular.info\\\/wp-content\\\/uploads\\\/2025\\\/02\\\/IMG_1273-1-scaled.jpg\",\"width\":2560,\"height\":1703,\"caption\":\"Partidas s\u00e3o realizadas na sede dos Funcion\u00e1rios da Cooperativa Languiru - Cr\u00e9dito: Tain\u00e1 Danzer \\\/ Divulga\u00e7\u00e3o\"},{\"@type\":\"BreadcrumbList\",\"@id\":\"https:\\\/\\\/folhapopular.info\\\/index.php\\\/2025\\\/02\\\/21\\\/aberto-de-verao-com-rodada-nesta-sexta-feira\\\/#breadcrumb\",\"itemListElement\":[{\"@type\":\"ListItem\",\"position\":1,\"name\":\"In\u00edcio\",\"item\":\"https:\\\/\\\/folhapopular.info\\\/\"},{\"@type\":\"ListItem\",\"position\":2,\"name\":\"Aberto de Ver\u00e3o com rodada nesta sexta-feira\"}]},{\"@type\":\"WebSite\",\"@id\":\"https:\\\/\\\/folhapopular.info\\\/#website\",\"url\":\"https:\\\/\\\/folhapopular.info\\\/\",\"name\":\"Folha Popular\",\"description\":\"Onde voc\u00ea tem vez e voz\",\"potentialAction\":[{\"@type\":\"SearchAction\",\"target\":{\"@type\":\"EntryPoint\",\"urlTemplate\":\"https:\\\/\\\/folhapopular.info\\\/?s={search_term_string}\"},\"query-input\":{\"@type\":\"PropertyValueSpecification\",\"valueRequired\":true,\"valueName\":\"search_term_string\"}}],\"inLanguage\":\"pt-BR\"},{\"@type\":\"Person\",\"@id\":\"https:\\\/\\\/folhapopular.info\\\/#\\\/schema\\\/person\\\/e852c327371714676d02e58cf917fd9f\",\"name\":\"Luis Augusto Huppes\",\"image\":{\"@type\":\"ImageObject\",\"inLanguage\":\"pt-BR\",\"@id\":\"https:\\\/\\\/folhapopular.info\\\/wp-content\\\/uploads\\\/2026\\\/04\\\/Luis-Augusto-Huppes-1-1.webp\",\"url\":\"https:\\\/\\\/folhapopular.info\\\/wp-content\\\/uploads\\\/2026\\\/04\\\/Luis-Augusto-Huppes-1-1.webp\",\"contentUrl\":\"https:\\\/\\\/folhapopular.info\\\/wp-content\\\/uploads\\\/2026\\\/04\\\/Luis-Augusto-Huppes-1-1.webp\",\"caption\":\"Luis Augusto Huppes\"},\"sameAs\":[\"https:\\\/\\\/www.facebook.com\\\/luis.huppes\\\/\",\"https:\\\/\\\/www.instagram.com\\\/luis.huppes\\\/\",\"https:\\\/\\\/www.linkedin.com\\\/in\\\/luis-augusto-huppes-2554b52b7\\\/\"],\"url\":\"https:\\\/\\\/folhapopular.info\\\/index.php\\\/author\\\/luis-augusto-huppes\\\/\"}]}<\/script>\n<!-- \/ Yoast SEO plugin. -->","yoast_head_json":{"title":"Aberto de Ver\u00e3o com rodada nesta sexta-feira - Folha Popular","robots":{"index":"index","follow":"follow","max-snippet":"max-snippet:-1","max-image-preview":"max-image-preview:large","max-video-preview":"max-video-preview:-1"},"canonical":"https:\/\/folhapopular.info\/index.php\/2025\/02\/21\/aberto-de-verao-com-rodada-nesta-sexta-feira\/","og_locale":"pt_BR","og_type":"article","og_title":"Aberto de Ver\u00e3o com rodada nesta sexta-feira - Folha Popular","og_description":"O Campeonato Aberto de Ver\u00e3o Lojas Becker 2025 tem rodada nesta sexta-feira (21\/2), onde ser\u00e3o realizadas as partidas da 7\u00aa rodada, al\u00e9m da recupera\u00e7\u00e3o de jogos da 2\u00aa rodada. Os jogos ocorrem na sede dos Funcion\u00e1rios da Cooperativa Languiru, em Teut\u00f4nia. No Futebol Sete, pelo Campo 1, a partir das 20h30, na categoria For\u00e7a Livre, [&hellip;]","og_url":"https:\/\/folhapopular.info\/index.php\/2025\/02\/21\/aberto-de-verao-com-rodada-nesta-sexta-feira\/","og_site_name":"Folha Popular","article_author":"https:\/\/www.facebook.com\/luis.huppes\/","article_published_time":"2025-02-21T20:51:20+00:00","article_modified_time":"2025-02-21T20:51:22+00:00","og_image":[{"width":2560,"height":1703,"url":"http:\/\/folhapopular.info\/wp-content\/uploads\/2025\/02\/IMG_1273-1-scaled.jpg","type":"image\/jpeg"}],"author":"Luis Augusto Huppes","twitter_card":"summary_large_image","twitter_misc":{"Escrito por":"Luis Augusto Huppes","Est. tempo de leitura":"2 minutos"},"schema":{"@context":"https:\/\/schema.org","@graph":[{"@type":"Article","@id":"https:\/\/folhapopular.info\/index.php\/2025\/02\/21\/aberto-de-verao-com-rodada-nesta-sexta-feira\/#article","isPartOf":{"@id":"https:\/\/folhapopular.info\/index.php\/2025\/02\/21\/aberto-de-verao-com-rodada-nesta-sexta-feira\/"},"author":{"name":"Luis Augusto Huppes","@id":"https:\/\/folhapopular.info\/#\/schema\/person\/e852c327371714676d02e58cf917fd9f"},"headline":"Aberto de Ver\u00e3o com rodada nesta sexta-feira","datePublished":"2025-02-21T20:51:20+00:00","dateModified":"2025-02-21T20:51:22+00:00","mainEntityOfPage":{"@id":"https:\/\/folhapopular.info\/index.php\/2025\/02\/21\/aberto-de-verao-com-rodada-nesta-sexta-feira\/"},"wordCount":350,"commentCount":0,"image":{"@id":"https:\/\/folhapopular.info\/index.php\/2025\/02\/21\/aberto-de-verao-com-rodada-nesta-sexta-feira\/#primaryimage"},"thumbnailUrl":"https:\/\/folhapopular.info\/wp-content\/uploads\/2025\/02\/IMG_1273-1-scaled.jpg","keywords":["Aberto de Ver\u00e3o","Futebol Sete","Futsal","Teut\u00f4nia"],"articleSection":["Esportes","Futebol Sete","Futsal"],"inLanguage":"pt-BR","potentialAction":[{"@type":"CommentAction","name":"Comment","target":["https:\/\/folhapopular.info\/index.php\/2025\/02\/21\/aberto-de-verao-com-rodada-nesta-sexta-feira\/#respond"]}]},{"@type":"WebPage","@id":"https:\/\/folhapopular.info\/index.php\/2025\/02\/21\/aberto-de-verao-com-rodada-nesta-sexta-feira\/","url":"https:\/\/folhapopular.info\/index.php\/2025\/02\/21\/aberto-de-verao-com-rodada-nesta-sexta-feira\/","name":"Aberto de Ver\u00e3o com rodada nesta sexta-feira - Folha Popular","isPartOf":{"@id":"https:\/\/folhapopular.info\/#website"},"primaryImageOfPage":{"@id":"https:\/\/folhapopular.info\/index.php\/2025\/02\/21\/aberto-de-verao-com-rodada-nesta-sexta-feira\/#primaryimage"},"image":{"@id":"https:\/\/folhapopular.info\/index.php\/2025\/02\/21\/aberto-de-verao-com-rodada-nesta-sexta-feira\/#primaryimage"},"thumbnailUrl":"https:\/\/folhapopular.info\/wp-content\/uploads\/2025\/02\/IMG_1273-1-scaled.jpg","datePublished":"2025-02-21T20:51:20+00:00","dateModified":"2025-02-21T20:51:22+00:00","author":{"@id":"https:\/\/folhapopular.info\/#\/schema\/person\/e852c327371714676d02e58cf917fd9f"},"breadcrumb":{"@id":"https:\/\/folhapopular.info\/index.php\/2025\/02\/21\/aberto-de-verao-com-rodada-nesta-sexta-feira\/#breadcrumb"},"inLanguage":"pt-BR","potentialAction":[{"@type":"ReadAction","target":["https:\/\/folhapopular.info\/index.php\/2025\/02\/21\/aberto-de-verao-com-rodada-nesta-sexta-feira\/"]}]},{"@type":"ImageObject","inLanguage":"pt-BR","@id":"https:\/\/folhapopular.info\/index.php\/2025\/02\/21\/aberto-de-verao-com-rodada-nesta-sexta-feira\/#primaryimage","url":"https:\/\/folhapopular.info\/wp-content\/uploads\/2025\/02\/IMG_1273-1-scaled.jpg","contentUrl":"https:\/\/folhapopular.info\/wp-content\/uploads\/2025\/02\/IMG_1273-1-scaled.jpg","width":2560,"height":1703,"caption":"Partidas s\u00e3o realizadas na sede dos Funcion\u00e1rios da Cooperativa Languiru - Cr\u00e9dito: Tain\u00e1 Danzer \/ Divulga\u00e7\u00e3o"},{"@type":"BreadcrumbList","@id":"https:\/\/folhapopular.info\/index.php\/2025\/02\/21\/aberto-de-verao-com-rodada-nesta-sexta-feira\/#breadcrumb","itemListElement":[{"@type":"ListItem","position":1,"name":"In\u00edcio","item":"https:\/\/folhapopular.info\/"},{"@type":"ListItem","position":2,"name":"Aberto de Ver\u00e3o com rodada nesta sexta-feira"}]},{"@type":"WebSite","@id":"https:\/\/folhapopular.info\/#website","url":"https:\/\/folhapopular.info\/","name":"Folha Popular","description":"Onde voc\u00ea tem vez e voz","potentialAction":[{"@type":"SearchAction","target":{"@type":"EntryPoint","urlTemplate":"https:\/\/folhapopular.info\/?s={search_term_string}"},"query-input":{"@type":"PropertyValueSpecification","valueRequired":true,"valueName":"search_term_string"}}],"inLanguage":"pt-BR"},{"@type":"Person","@id":"https:\/\/folhapopular.info\/#\/schema\/person\/e852c327371714676d02e58cf917fd9f","name":"Luis Augusto Huppes","image":{"@type":"ImageObject","inLanguage":"pt-BR","@id":"https:\/\/folhapopular.info\/wp-content\/uploads\/2026\/04\/Luis-Augusto-Huppes-1-1.webp","url":"https:\/\/folhapopular.info\/wp-content\/uploads\/2026\/04\/Luis-Augusto-Huppes-1-1.webp","contentUrl":"https:\/\/folhapopular.info\/wp-content\/uploads\/2026\/04\/Luis-Augusto-Huppes-1-1.webp","caption":"Luis Augusto Huppes"},"sameAs":["https:\/\/www.facebook.com\/luis.huppes\/","https:\/\/www.instagram.com\/luis.huppes\/","https:\/\/www.linkedin.com\/in\/luis-augusto-huppes-2554b52b7\/"],"url":"https:\/\/folhapopular.info\/index.php\/author\/luis-augusto-huppes\/"}]}},"jetpack_featured_media_url":"https:\/\/folhapopular.info\/wp-content\/uploads\/2025\/02\/IMG_1273-1-scaled.jpg","jetpack_sharing_enabled":true,"amp_enabled":true,"_links":{"self":[{"href":"https:\/\/folhapopular.info\/index.php\/wp-json\/wp\/v2\/posts\/181081","targetHints":{"allow":["GET"]}}],"collection":[{"href":"https:\/\/folhapopular.info\/index.php\/wp-json\/wp\/v2\/posts"}],"about":[{"href":"https:\/\/folhapopular.info\/index.php\/wp-json\/wp\/v2\/types\/post"}],"author":[{"embeddable":true,"href":"https:\/\/folhapopular.info\/index.php\/wp-json\/wp\/v2\/users\/732"}],"replies":[{"embeddable":true,"href":"https:\/\/folhapopular.info\/index.php\/wp-json\/wp\/v2\/comments?post=181081"}],"version-history":[{"count":0,"href":"https:\/\/folhapopular.info\/index.php\/wp-json\/wp\/v2\/posts\/181081\/revisions"}],"wp:featuredmedia":[{"embeddable":true,"href":"https:\/\/folhapopular.info\/index.php\/wp-json\/wp\/v2\/media\/181082"}],"wp:attachment":[{"href":"https:\/\/folhapopular.info\/index.php\/wp-json\/wp\/v2\/media?parent=181081"}],"wp:term":[{"taxonomy":"category","embeddable":true,"href":"https:\/\/folhapopular.info\/index.php\/wp-json\/wp\/v2\/categories?post=181081"},{"taxonomy":"post_tag","embeddable":true,"href":"https:\/\/folhapopular.info\/index.php\/wp-json\/wp\/v2\/tags?post=181081"}],"curies":[{"name":"wp","href":"https:\/\/api.w.org\/{rel}","templated":true}]}}