{"id":181240,"date":"2025-02-24T10:20:55","date_gmt":"2025-02-24T13:20:55","guid":{"rendered":"https:\/\/folhapopular.info\/?p=181240"},"modified":"2025-02-24T10:20:58","modified_gmt":"2025-02-24T13:20:58","slug":"estudantes-de-bom-retiro-do-sul-podem-se-inscrever-para-auxilio-transporte","status":"publish","type":"post","link":"https:\/\/folhapopular.info\/index.php\/2025\/02\/24\/estudantes-de-bom-retiro-do-sul-podem-se-inscrever-para-auxilio-transporte\/","title":{"rendered":"Estudantes de Bom Retiro do Sul podem se inscrever para aux\u00edlio transporte"},"content":{"rendered":"\n<p>Em Bom Retiro do Sul, est\u00e3o abertas as inscri\u00e7\u00f5es para aux\u00edlio transporte a estudantes da modalidade presencial em cursos normais, t\u00e9cnicos e superiores. Por meio do projeto, o poder p\u00fablico busca contemplar todos os alunos, independentemente da forma de locomo\u00e7\u00e3o at\u00e9 a institui\u00e7\u00e3o de ensino.<\/p>\n\n\n\n<p>As inscri\u00e7\u00f5es seguem abertas at\u00e9 sexta-feira (28\/2). O edital completo, com crit\u00e9rios e documentos necess\u00e1rios, est\u00e1 dispon\u00edvel no site institucional do Munic\u00edpio: www.bomretirodosul.rs.gov.br. As inscri\u00e7\u00f5es ocorrem de forma presencial, na Secretaria da Administra\u00e7\u00e3o e Planejamento, ou pelo e-mail auxiliotransporte@bomretirodosul.rs.gov.br.<\/p>\n","protected":false},"excerpt":{"rendered":"<p>Em Bom Retiro do Sul, est\u00e3o abertas as inscri\u00e7\u00f5es para aux\u00edlio transporte a estudantes da modalidade presencial em cursos normais, t\u00e9cnicos e superiores. Por meio do projeto, o poder p\u00fablico busca contemplar todos os alunos, independentemente da forma de locomo\u00e7\u00e3o at\u00e9 a institui\u00e7\u00e3o de ensino. As inscri\u00e7\u00f5es seguem abertas at\u00e9 sexta-feira (28\/2). O edital completo, [&hellip;]<\/p>\n","protected":false},"author":757,"featured_media":181241,"comment_status":"open","ping_status":"open","sticky":false,"template":"","format":"standard","meta":{"pmpro_default_level":"","_jetpack_memberships_contains_paid_content":false,"footnotes":""},"categories":[2,10988,3],"tags":[584,146,73,2859,583],"class_list":{"0":"post-181240","1":"post","2":"type-post","3":"status-publish","4":"format-standard","5":"has-post-thumbnail","7":"category-featured","8":"category-educacao","9":"category-geral","10":"tag-auxilio","11":"tag-bom-retiro-do-sul","12":"tag-educacao","13":"tag-inscricoes-abertas","14":"tag-transporte-escolar","15":"pmpro-has-access"},"yoast_head":"<!-- This site is optimized with the Yoast SEO plugin v27.5 - https:\/\/yoast.com\/product\/yoast-seo-wordpress\/ -->\n<title>Estudantes de Bom Retiro do Sul podem se inscrever para aux\u00edlio transporte - Folha Popular<\/title>\n<meta name=\"robots\" content=\"index, follow, max-snippet:-1, max-image-preview:large, max-video-preview:-1\" \/>\n<link rel=\"canonical\" href=\"https:\/\/folhapopular.info\/index.php\/2025\/02\/24\/estudantes-de-bom-retiro-do-sul-podem-se-inscrever-para-auxilio-transporte\/\" \/>\n<meta property=\"og:locale\" content=\"pt_BR\" \/>\n<meta property=\"og:type\" content=\"article\" \/>\n<meta property=\"og:title\" content=\"Estudantes de Bom Retiro do Sul podem se inscrever para aux\u00edlio transporte - Folha Popular\" \/>\n<meta property=\"og:description\" content=\"Em Bom Retiro do Sul, est\u00e3o abertas as inscri\u00e7\u00f5es para aux\u00edlio transporte a estudantes da modalidade presencial em cursos normais, t\u00e9cnicos e superiores. Por meio do projeto, o poder p\u00fablico busca contemplar todos os alunos, independentemente da forma de locomo\u00e7\u00e3o at\u00e9 a institui\u00e7\u00e3o de ensino. As inscri\u00e7\u00f5es seguem abertas at\u00e9 sexta-feira (28\/2). O edital completo, [&hellip;]\" \/>\n<meta property=\"og:url\" content=\"https:\/\/folhapopular.info\/index.php\/2025\/02\/24\/estudantes-de-bom-retiro-do-sul-podem-se-inscrever-para-auxilio-transporte\/\" \/>\n<meta property=\"og:site_name\" content=\"Folha Popular\" \/>\n<meta property=\"article:published_time\" content=\"2025-02-24T13:20:55+00:00\" \/>\n<meta property=\"article:modified_time\" content=\"2025-02-24T13:20:58+00:00\" \/>\n<meta property=\"og:image\" content=\"http:\/\/folhapopular.info\/wp-content\/uploads\/2025\/02\/bus-1898612_1280-1.jpg\" \/>\n\t<meta property=\"og:image:width\" content=\"1280\" \/>\n\t<meta property=\"og:image:height\" content=\"857\" \/>\n\t<meta property=\"og:image:type\" content=\"image\/jpeg\" \/>\n<meta name=\"author\" content=\"Paloma Valandro\" \/>\n<meta name=\"twitter:card\" content=\"summary_large_image\" \/>\n<meta name=\"twitter:label1\" content=\"Escrito por\" \/>\n\t<meta name=\"twitter:data1\" content=\"Paloma Valandro\" \/>\n\t<meta name=\"twitter:label2\" content=\"Est. tempo de leitura\" \/>\n\t<meta name=\"twitter:data2\" content=\"1 minuto\" \/>\n<script type=\"application\/ld+json\" class=\"yoast-schema-graph\">{\"@context\":\"https:\\\/\\\/schema.org\",\"@graph\":[{\"@type\":\"Article\",\"@id\":\"https:\\\/\\\/folhapopular.info\\\/index.php\\\/2025\\\/02\\\/24\\\/estudantes-de-bom-retiro-do-sul-podem-se-inscrever-para-auxilio-transporte\\\/#article\",\"isPartOf\":{\"@id\":\"https:\\\/\\\/folhapopular.info\\\/index.php\\\/2025\\\/02\\\/24\\\/estudantes-de-bom-retiro-do-sul-podem-se-inscrever-para-auxilio-transporte\\\/\"},\"author\":{\"name\":\"Paloma Valandro\",\"@id\":\"https:\\\/\\\/folhapopular.info\\\/#\\\/schema\\\/person\\\/1fb1a50ca75661f91da0d3839657a34d\"},\"headline\":\"Estudantes de Bom Retiro do Sul podem se inscrever para aux\u00edlio transporte\",\"datePublished\":\"2025-02-24T13:20:55+00:00\",\"dateModified\":\"2025-02-24T13:20:58+00:00\",\"mainEntityOfPage\":{\"@id\":\"https:\\\/\\\/folhapopular.info\\\/index.php\\\/2025\\\/02\\\/24\\\/estudantes-de-bom-retiro-do-sul-podem-se-inscrever-para-auxilio-transporte\\\/\"},\"wordCount\":118,\"commentCount\":0,\"image\":{\"@id\":\"https:\\\/\\\/folhapopular.info\\\/index.php\\\/2025\\\/02\\\/24\\\/estudantes-de-bom-retiro-do-sul-podem-se-inscrever-para-auxilio-transporte\\\/#primaryimage\"},\"thumbnailUrl\":\"https:\\\/\\\/folhapopular.info\\\/wp-content\\\/uploads\\\/2025\\\/02\\\/bus-1898612_1280-1.jpg\",\"keywords\":[\"Aux\u00edlio\",\"Bom Retiro do Sul\",\"Educa\u00e7\u00e3o\",\"Inscri\u00e7\u00f5es Abertas\",\"Transporte Escolar\"],\"articleSection\":[\"Destaques\",\"Educa\u00e7\u00e3o\",\"Geral\"],\"inLanguage\":\"pt-BR\",\"potentialAction\":[{\"@type\":\"CommentAction\",\"name\":\"Comment\",\"target\":[\"https:\\\/\\\/folhapopular.info\\\/index.php\\\/2025\\\/02\\\/24\\\/estudantes-de-bom-retiro-do-sul-podem-se-inscrever-para-auxilio-transporte\\\/#respond\"]}]},{\"@type\":\"WebPage\",\"@id\":\"https:\\\/\\\/folhapopular.info\\\/index.php\\\/2025\\\/02\\\/24\\\/estudantes-de-bom-retiro-do-sul-podem-se-inscrever-para-auxilio-transporte\\\/\",\"url\":\"https:\\\/\\\/folhapopular.info\\\/index.php\\\/2025\\\/02\\\/24\\\/estudantes-de-bom-retiro-do-sul-podem-se-inscrever-para-auxilio-transporte\\\/\",\"name\":\"Estudantes de Bom Retiro do Sul podem se inscrever para aux\u00edlio transporte - Folha Popular\",\"isPartOf\":{\"@id\":\"https:\\\/\\\/folhapopular.info\\\/#website\"},\"primaryImageOfPage\":{\"@id\":\"https:\\\/\\\/folhapopular.info\\\/index.php\\\/2025\\\/02\\\/24\\\/estudantes-de-bom-retiro-do-sul-podem-se-inscrever-para-auxilio-transporte\\\/#primaryimage\"},\"image\":{\"@id\":\"https:\\\/\\\/folhapopular.info\\\/index.php\\\/2025\\\/02\\\/24\\\/estudantes-de-bom-retiro-do-sul-podem-se-inscrever-para-auxilio-transporte\\\/#primaryimage\"},\"thumbnailUrl\":\"https:\\\/\\\/folhapopular.info\\\/wp-content\\\/uploads\\\/2025\\\/02\\\/bus-1898612_1280-1.jpg\",\"datePublished\":\"2025-02-24T13:20:55+00:00\",\"dateModified\":\"2025-02-24T13:20:58+00:00\",\"author\":{\"@id\":\"https:\\\/\\\/folhapopular.info\\\/#\\\/schema\\\/person\\\/1fb1a50ca75661f91da0d3839657a34d\"},\"breadcrumb\":{\"@id\":\"https:\\\/\\\/folhapopular.info\\\/index.php\\\/2025\\\/02\\\/24\\\/estudantes-de-bom-retiro-do-sul-podem-se-inscrever-para-auxilio-transporte\\\/#breadcrumb\"},\"inLanguage\":\"pt-BR\",\"potentialAction\":[{\"@type\":\"ReadAction\",\"target\":[\"https:\\\/\\\/folhapopular.info\\\/index.php\\\/2025\\\/02\\\/24\\\/estudantes-de-bom-retiro-do-sul-podem-se-inscrever-para-auxilio-transporte\\\/\"]}]},{\"@type\":\"ImageObject\",\"inLanguage\":\"pt-BR\",\"@id\":\"https:\\\/\\\/folhapopular.info\\\/index.php\\\/2025\\\/02\\\/24\\\/estudantes-de-bom-retiro-do-sul-podem-se-inscrever-para-auxilio-transporte\\\/#primaryimage\",\"url\":\"https:\\\/\\\/folhapopular.info\\\/wp-content\\\/uploads\\\/2025\\\/02\\\/bus-1898612_1280-1.jpg\",\"contentUrl\":\"https:\\\/\\\/folhapopular.info\\\/wp-content\\\/uploads\\\/2025\\\/02\\\/bus-1898612_1280-1.jpg\",\"width\":1280,\"height\":857,\"caption\":\"Projeto quer contemplar todos os estudantes do Munic\u00edpio. Cr\u00e9dito: Pixabay\"},{\"@type\":\"BreadcrumbList\",\"@id\":\"https:\\\/\\\/folhapopular.info\\\/index.php\\\/2025\\\/02\\\/24\\\/estudantes-de-bom-retiro-do-sul-podem-se-inscrever-para-auxilio-transporte\\\/#breadcrumb\",\"itemListElement\":[{\"@type\":\"ListItem\",\"position\":1,\"name\":\"In\u00edcio\",\"item\":\"https:\\\/\\\/folhapopular.info\\\/\"},{\"@type\":\"ListItem\",\"position\":2,\"name\":\"Estudantes de Bom Retiro do Sul podem se inscrever para aux\u00edlio transporte\"}]},{\"@type\":\"WebSite\",\"@id\":\"https:\\\/\\\/folhapopular.info\\\/#website\",\"url\":\"https:\\\/\\\/folhapopular.info\\\/\",\"name\":\"Folha Popular\",\"description\":\"Onde voc\u00ea tem vez e voz\",\"potentialAction\":[{\"@type\":\"SearchAction\",\"target\":{\"@type\":\"EntryPoint\",\"urlTemplate\":\"https:\\\/\\\/folhapopular.info\\\/?s={search_term_string}\"},\"query-input\":{\"@type\":\"PropertyValueSpecification\",\"valueRequired\":true,\"valueName\":\"search_term_string\"}}],\"inLanguage\":\"pt-BR\"},{\"@type\":\"Person\",\"@id\":\"https:\\\/\\\/folhapopular.info\\\/#\\\/schema\\\/person\\\/1fb1a50ca75661f91da0d3839657a34d\",\"name\":\"Paloma Valandro\",\"image\":{\"@type\":\"ImageObject\",\"inLanguage\":\"pt-BR\",\"@id\":\"https:\\\/\\\/secure.gravatar.com\\\/avatar\\\/ef90a8f37349cc3654b42d805942c6378eb385817dccc9c637c94e7794973921?s=96&d=mm&r=g\",\"url\":\"https:\\\/\\\/secure.gravatar.com\\\/avatar\\\/ef90a8f37349cc3654b42d805942c6378eb385817dccc9c637c94e7794973921?s=96&d=mm&r=g\",\"contentUrl\":\"https:\\\/\\\/secure.gravatar.com\\\/avatar\\\/ef90a8f37349cc3654b42d805942c6378eb385817dccc9c637c94e7794973921?s=96&d=mm&r=g\",\"caption\":\"Paloma Valandro\"},\"url\":\"https:\\\/\\\/folhapopular.info\\\/index.php\\\/author\\\/paloma-valandro\\\/\"}]}<\/script>\n<!-- \/ Yoast SEO plugin. -->","yoast_head_json":{"title":"Estudantes de Bom Retiro do Sul podem se inscrever para aux\u00edlio transporte - Folha Popular","robots":{"index":"index","follow":"follow","max-snippet":"max-snippet:-1","max-image-preview":"max-image-preview:large","max-video-preview":"max-video-preview:-1"},"canonical":"https:\/\/folhapopular.info\/index.php\/2025\/02\/24\/estudantes-de-bom-retiro-do-sul-podem-se-inscrever-para-auxilio-transporte\/","og_locale":"pt_BR","og_type":"article","og_title":"Estudantes de Bom Retiro do Sul podem se inscrever para aux\u00edlio transporte - Folha Popular","og_description":"Em Bom Retiro do Sul, est\u00e3o abertas as inscri\u00e7\u00f5es para aux\u00edlio transporte a estudantes da modalidade presencial em cursos normais, t\u00e9cnicos e superiores. Por meio do projeto, o poder p\u00fablico busca contemplar todos os alunos, independentemente da forma de locomo\u00e7\u00e3o at\u00e9 a institui\u00e7\u00e3o de ensino. As inscri\u00e7\u00f5es seguem abertas at\u00e9 sexta-feira (28\/2). O edital completo, [&hellip;]","og_url":"https:\/\/folhapopular.info\/index.php\/2025\/02\/24\/estudantes-de-bom-retiro-do-sul-podem-se-inscrever-para-auxilio-transporte\/","og_site_name":"Folha Popular","article_published_time":"2025-02-24T13:20:55+00:00","article_modified_time":"2025-02-24T13:20:58+00:00","og_image":[{"width":1280,"height":857,"url":"http:\/\/folhapopular.info\/wp-content\/uploads\/2025\/02\/bus-1898612_1280-1.jpg","type":"image\/jpeg"}],"author":"Paloma Valandro","twitter_card":"summary_large_image","twitter_misc":{"Escrito por":"Paloma Valandro","Est. tempo de leitura":"1 minuto"},"schema":{"@context":"https:\/\/schema.org","@graph":[{"@type":"Article","@id":"https:\/\/folhapopular.info\/index.php\/2025\/02\/24\/estudantes-de-bom-retiro-do-sul-podem-se-inscrever-para-auxilio-transporte\/#article","isPartOf":{"@id":"https:\/\/folhapopular.info\/index.php\/2025\/02\/24\/estudantes-de-bom-retiro-do-sul-podem-se-inscrever-para-auxilio-transporte\/"},"author":{"name":"Paloma Valandro","@id":"https:\/\/folhapopular.info\/#\/schema\/person\/1fb1a50ca75661f91da0d3839657a34d"},"headline":"Estudantes de Bom Retiro do Sul podem se inscrever para aux\u00edlio transporte","datePublished":"2025-02-24T13:20:55+00:00","dateModified":"2025-02-24T13:20:58+00:00","mainEntityOfPage":{"@id":"https:\/\/folhapopular.info\/index.php\/2025\/02\/24\/estudantes-de-bom-retiro-do-sul-podem-se-inscrever-para-auxilio-transporte\/"},"wordCount":118,"commentCount":0,"image":{"@id":"https:\/\/folhapopular.info\/index.php\/2025\/02\/24\/estudantes-de-bom-retiro-do-sul-podem-se-inscrever-para-auxilio-transporte\/#primaryimage"},"thumbnailUrl":"https:\/\/folhapopular.info\/wp-content\/uploads\/2025\/02\/bus-1898612_1280-1.jpg","keywords":["Aux\u00edlio","Bom Retiro do Sul","Educa\u00e7\u00e3o","Inscri\u00e7\u00f5es Abertas","Transporte Escolar"],"articleSection":["Destaques","Educa\u00e7\u00e3o","Geral"],"inLanguage":"pt-BR","potentialAction":[{"@type":"CommentAction","name":"Comment","target":["https:\/\/folhapopular.info\/index.php\/2025\/02\/24\/estudantes-de-bom-retiro-do-sul-podem-se-inscrever-para-auxilio-transporte\/#respond"]}]},{"@type":"WebPage","@id":"https:\/\/folhapopular.info\/index.php\/2025\/02\/24\/estudantes-de-bom-retiro-do-sul-podem-se-inscrever-para-auxilio-transporte\/","url":"https:\/\/folhapopular.info\/index.php\/2025\/02\/24\/estudantes-de-bom-retiro-do-sul-podem-se-inscrever-para-auxilio-transporte\/","name":"Estudantes de Bom Retiro do Sul podem se inscrever para aux\u00edlio transporte - Folha Popular","isPartOf":{"@id":"https:\/\/folhapopular.info\/#website"},"primaryImageOfPage":{"@id":"https:\/\/folhapopular.info\/index.php\/2025\/02\/24\/estudantes-de-bom-retiro-do-sul-podem-se-inscrever-para-auxilio-transporte\/#primaryimage"},"image":{"@id":"https:\/\/folhapopular.info\/index.php\/2025\/02\/24\/estudantes-de-bom-retiro-do-sul-podem-se-inscrever-para-auxilio-transporte\/#primaryimage"},"thumbnailUrl":"https:\/\/folhapopular.info\/wp-content\/uploads\/2025\/02\/bus-1898612_1280-1.jpg","datePublished":"2025-02-24T13:20:55+00:00","dateModified":"2025-02-24T13:20:58+00:00","author":{"@id":"https:\/\/folhapopular.info\/#\/schema\/person\/1fb1a50ca75661f91da0d3839657a34d"},"breadcrumb":{"@id":"https:\/\/folhapopular.info\/index.php\/2025\/02\/24\/estudantes-de-bom-retiro-do-sul-podem-se-inscrever-para-auxilio-transporte\/#breadcrumb"},"inLanguage":"pt-BR","potentialAction":[{"@type":"ReadAction","target":["https:\/\/folhapopular.info\/index.php\/2025\/02\/24\/estudantes-de-bom-retiro-do-sul-podem-se-inscrever-para-auxilio-transporte\/"]}]},{"@type":"ImageObject","inLanguage":"pt-BR","@id":"https:\/\/folhapopular.info\/index.php\/2025\/02\/24\/estudantes-de-bom-retiro-do-sul-podem-se-inscrever-para-auxilio-transporte\/#primaryimage","url":"https:\/\/folhapopular.info\/wp-content\/uploads\/2025\/02\/bus-1898612_1280-1.jpg","contentUrl":"https:\/\/folhapopular.info\/wp-content\/uploads\/2025\/02\/bus-1898612_1280-1.jpg","width":1280,"height":857,"caption":"Projeto quer contemplar todos os estudantes do Munic\u00edpio. Cr\u00e9dito: Pixabay"},{"@type":"BreadcrumbList","@id":"https:\/\/folhapopular.info\/index.php\/2025\/02\/24\/estudantes-de-bom-retiro-do-sul-podem-se-inscrever-para-auxilio-transporte\/#breadcrumb","itemListElement":[{"@type":"ListItem","position":1,"name":"In\u00edcio","item":"https:\/\/folhapopular.info\/"},{"@type":"ListItem","position":2,"name":"Estudantes de Bom Retiro do Sul podem se inscrever para aux\u00edlio transporte"}]},{"@type":"WebSite","@id":"https:\/\/folhapopular.info\/#website","url":"https:\/\/folhapopular.info\/","name":"Folha Popular","description":"Onde voc\u00ea tem vez e voz","potentialAction":[{"@type":"SearchAction","target":{"@type":"EntryPoint","urlTemplate":"https:\/\/folhapopular.info\/?s={search_term_string}"},"query-input":{"@type":"PropertyValueSpecification","valueRequired":true,"valueName":"search_term_string"}}],"inLanguage":"pt-BR"},{"@type":"Person","@id":"https:\/\/folhapopular.info\/#\/schema\/person\/1fb1a50ca75661f91da0d3839657a34d","name":"Paloma Valandro","image":{"@type":"ImageObject","inLanguage":"pt-BR","@id":"https:\/\/secure.gravatar.com\/avatar\/ef90a8f37349cc3654b42d805942c6378eb385817dccc9c637c94e7794973921?s=96&d=mm&r=g","url":"https:\/\/secure.gravatar.com\/avatar\/ef90a8f37349cc3654b42d805942c6378eb385817dccc9c637c94e7794973921?s=96&d=mm&r=g","contentUrl":"https:\/\/secure.gravatar.com\/avatar\/ef90a8f37349cc3654b42d805942c6378eb385817dccc9c637c94e7794973921?s=96&d=mm&r=g","caption":"Paloma Valandro"},"url":"https:\/\/folhapopular.info\/index.php\/author\/paloma-valandro\/"}]}},"jetpack_featured_media_url":"https:\/\/folhapopular.info\/wp-content\/uploads\/2025\/02\/bus-1898612_1280-1.jpg","jetpack_sharing_enabled":true,"amp_enabled":true,"_links":{"self":[{"href":"https:\/\/folhapopular.info\/index.php\/wp-json\/wp\/v2\/posts\/181240","targetHints":{"allow":["GET"]}}],"collection":[{"href":"https:\/\/folhapopular.info\/index.php\/wp-json\/wp\/v2\/posts"}],"about":[{"href":"https:\/\/folhapopular.info\/index.php\/wp-json\/wp\/v2\/types\/post"}],"author":[{"embeddable":true,"href":"https:\/\/folhapopular.info\/index.php\/wp-json\/wp\/v2\/users\/757"}],"replies":[{"embeddable":true,"href":"https:\/\/folhapopular.info\/index.php\/wp-json\/wp\/v2\/comments?post=181240"}],"version-history":[{"count":0,"href":"https:\/\/folhapopular.info\/index.php\/wp-json\/wp\/v2\/posts\/181240\/revisions"}],"wp:featuredmedia":[{"embeddable":true,"href":"https:\/\/folhapopular.info\/index.php\/wp-json\/wp\/v2\/media\/181241"}],"wp:attachment":[{"href":"https:\/\/folhapopular.info\/index.php\/wp-json\/wp\/v2\/media?parent=181240"}],"wp:term":[{"taxonomy":"category","embeddable":true,"href":"https:\/\/folhapopular.info\/index.php\/wp-json\/wp\/v2\/categories?post=181240"},{"taxonomy":"post_tag","embeddable":true,"href":"https:\/\/folhapopular.info\/index.php\/wp-json\/wp\/v2\/tags?post=181240"}],"curies":[{"name":"wp","href":"https:\/\/api.w.org\/{rel}","templated":true}]}}