{"id":181254,"date":"2025-02-24T13:53:26","date_gmt":"2025-02-24T16:53:26","guid":{"rendered":"https:\/\/folhapopular.info\/?p=181254"},"modified":"2025-02-24T13:53:29","modified_gmt":"2025-02-24T16:53:29","slug":"segundo-caso-positivo-de-dengue-e-confirmado-em-teutonia","status":"publish","type":"post","link":"https:\/\/folhapopular.info\/index.php\/2025\/02\/24\/segundo-caso-positivo-de-dengue-e-confirmado-em-teutonia\/","title":{"rendered":"Segundo caso positivo de dengue \u00e9 confirmado em Teut\u00f4nia"},"content":{"rendered":"\n<p>Foi confirmado na manh\u00e3 desta segunda-feira (24\/2), pela Secretaria Estadual da Sa\u00fade (SES), o segundo caso positivo de dengue em Teut\u00f4nia neste ano. Trata-se de um homem, morador do Bairro Canabarro, que est\u00e1 em observa\u00e7\u00e3o no Hospital Ouro Branco (HOB). Segundo informa\u00e7\u00f5es da Vigil\u00e2ncia Sanit\u00e1ria e Ambiental em Sa\u00fade (Visa), ele contraiu a doen\u00e7a dentro do Munic\u00edpio.<\/p>\n\n\n\n<p>Na semana passada, Teut\u00f4nia confirmou o primeiro caso: uma mulher, tamb\u00e9m moradora do Bairro Canabarro. Este caso \u00e9 n\u00e3o aut\u00f3ctone e a paciente est\u00e1 em recupera\u00e7\u00e3o em casa.<\/p>\n\n\n\n<p>Atualmente, o Munic\u00edpio ainda tem 15 casos sob investiga\u00e7\u00e3o do Laborat\u00f3rio Central do Rio Grande do Sul (Lacen RS), enquanto que 29 foram descartados. J\u00e1 na regi\u00e3o do G8, os munic\u00edpios de Paverama e Po\u00e7o das Antas contabilizam um caso confirmado cada.<\/p>\n","protected":false},"excerpt":{"rendered":"<p>Foi confirmado na manh\u00e3 desta segunda-feira (24\/2), pela Secretaria Estadual da Sa\u00fade (SES), o segundo caso positivo de dengue em Teut\u00f4nia neste ano. Trata-se de um homem, morador do Bairro Canabarro, que est\u00e1 em observa\u00e7\u00e3o no Hospital Ouro Branco (HOB). Segundo informa\u00e7\u00f5es da Vigil\u00e2ncia Sanit\u00e1ria e Ambiental em Sa\u00fade (Visa), ele contraiu a doen\u00e7a dentro [&hellip;]<\/p>\n","protected":false},"author":757,"featured_media":181255,"comment_status":"open","ping_status":"open","sticky":false,"template":"","format":"standard","meta":{"pmpro_default_level":"","_jetpack_memberships_contains_paid_content":false,"footnotes":""},"categories":[2,3,10986],"tags":[1394,1562,89,18063,26],"class_list":{"0":"post-181254","1":"post","2":"type-post","3":"status-publish","4":"format-standard","5":"has-post-thumbnail","7":"category-featured","8":"category-geral","9":"category-saude","10":"tag-aedes-aegypti","11":"tag-dengue","12":"tag-saude","13":"tag-segundo-caso","14":"tag-teutonia","15":"pmpro-has-access"},"yoast_head":"<!-- This site is optimized with the Yoast SEO plugin v27.5 - https:\/\/yoast.com\/product\/yoast-seo-wordpress\/ -->\n<title>Segundo caso positivo de dengue \u00e9 confirmado em Teut\u00f4nia - Folha Popular<\/title>\n<meta name=\"robots\" content=\"index, follow, max-snippet:-1, max-image-preview:large, max-video-preview:-1\" \/>\n<link rel=\"canonical\" href=\"https:\/\/folhapopular.info\/index.php\/2025\/02\/24\/segundo-caso-positivo-de-dengue-e-confirmado-em-teutonia\/\" \/>\n<meta property=\"og:locale\" content=\"pt_BR\" \/>\n<meta property=\"og:type\" content=\"article\" \/>\n<meta property=\"og:title\" content=\"Segundo caso positivo de dengue \u00e9 confirmado em Teut\u00f4nia - Folha Popular\" \/>\n<meta property=\"og:description\" content=\"Foi confirmado na manh\u00e3 desta segunda-feira (24\/2), pela Secretaria Estadual da Sa\u00fade (SES), o segundo caso positivo de dengue em Teut\u00f4nia neste ano. Trata-se de um homem, morador do Bairro Canabarro, que est\u00e1 em observa\u00e7\u00e3o no Hospital Ouro Branco (HOB). Segundo informa\u00e7\u00f5es da Vigil\u00e2ncia Sanit\u00e1ria e Ambiental em Sa\u00fade (Visa), ele contraiu a doen\u00e7a dentro [&hellip;]\" \/>\n<meta property=\"og:url\" content=\"https:\/\/folhapopular.info\/index.php\/2025\/02\/24\/segundo-caso-positivo-de-dengue-e-confirmado-em-teutonia\/\" \/>\n<meta property=\"og:site_name\" content=\"Folha Popular\" \/>\n<meta property=\"article:published_time\" content=\"2025-02-24T16:53:26+00:00\" \/>\n<meta property=\"article:modified_time\" content=\"2025-02-24T16:53:29+00:00\" \/>\n<meta property=\"og:image\" content=\"http:\/\/folhapopular.info\/wp-content\/uploads\/2025\/02\/G8-registra-3-casos-confirmados-ate-o-momento.jpg\" \/>\n\t<meta property=\"og:image:width\" content=\"1200\" \/>\n\t<meta property=\"og:image:height\" content=\"1600\" \/>\n\t<meta property=\"og:image:type\" content=\"image\/jpeg\" \/>\n<meta name=\"author\" content=\"Paloma Valandro\" \/>\n<meta name=\"twitter:card\" content=\"summary_large_image\" \/>\n<meta name=\"twitter:label1\" content=\"Escrito por\" \/>\n\t<meta name=\"twitter:data1\" content=\"Paloma Valandro\" \/>\n\t<meta name=\"twitter:label2\" content=\"Est. tempo de leitura\" \/>\n\t<meta name=\"twitter:data2\" content=\"1 minuto\" \/>\n<script type=\"application\/ld+json\" class=\"yoast-schema-graph\">{\"@context\":\"https:\\\/\\\/schema.org\",\"@graph\":[{\"@type\":\"Article\",\"@id\":\"https:\\\/\\\/folhapopular.info\\\/index.php\\\/2025\\\/02\\\/24\\\/segundo-caso-positivo-de-dengue-e-confirmado-em-teutonia\\\/#article\",\"isPartOf\":{\"@id\":\"https:\\\/\\\/folhapopular.info\\\/index.php\\\/2025\\\/02\\\/24\\\/segundo-caso-positivo-de-dengue-e-confirmado-em-teutonia\\\/\"},\"author\":{\"name\":\"Paloma Valandro\",\"@id\":\"https:\\\/\\\/folhapopular.info\\\/#\\\/schema\\\/person\\\/1fb1a50ca75661f91da0d3839657a34d\"},\"headline\":\"Segundo caso positivo de dengue \u00e9 confirmado em Teut\u00f4nia\",\"datePublished\":\"2025-02-24T16:53:26+00:00\",\"dateModified\":\"2025-02-24T16:53:29+00:00\",\"mainEntityOfPage\":{\"@id\":\"https:\\\/\\\/folhapopular.info\\\/index.php\\\/2025\\\/02\\\/24\\\/segundo-caso-positivo-de-dengue-e-confirmado-em-teutonia\\\/\"},\"wordCount\":152,\"commentCount\":0,\"image\":{\"@id\":\"https:\\\/\\\/folhapopular.info\\\/index.php\\\/2025\\\/02\\\/24\\\/segundo-caso-positivo-de-dengue-e-confirmado-em-teutonia\\\/#primaryimage\"},\"thumbnailUrl\":\"https:\\\/\\\/folhapopular.info\\\/wp-content\\\/uploads\\\/2025\\\/02\\\/G8-registra-3-casos-confirmados-ate-o-momento.jpg\",\"keywords\":[\"Aedes Aegypti\",\"Dengue\",\"Sa\u00fade\",\"Segundo caso\",\"Teut\u00f4nia\"],\"articleSection\":[\"Destaques\",\"Geral\",\"Sa\u00fade\"],\"inLanguage\":\"pt-BR\",\"potentialAction\":[{\"@type\":\"CommentAction\",\"name\":\"Comment\",\"target\":[\"https:\\\/\\\/folhapopular.info\\\/index.php\\\/2025\\\/02\\\/24\\\/segundo-caso-positivo-de-dengue-e-confirmado-em-teutonia\\\/#respond\"]}]},{\"@type\":\"WebPage\",\"@id\":\"https:\\\/\\\/folhapopular.info\\\/index.php\\\/2025\\\/02\\\/24\\\/segundo-caso-positivo-de-dengue-e-confirmado-em-teutonia\\\/\",\"url\":\"https:\\\/\\\/folhapopular.info\\\/index.php\\\/2025\\\/02\\\/24\\\/segundo-caso-positivo-de-dengue-e-confirmado-em-teutonia\\\/\",\"name\":\"Segundo caso positivo de dengue \u00e9 confirmado em Teut\u00f4nia - Folha Popular\",\"isPartOf\":{\"@id\":\"https:\\\/\\\/folhapopular.info\\\/#website\"},\"primaryImageOfPage\":{\"@id\":\"https:\\\/\\\/folhapopular.info\\\/index.php\\\/2025\\\/02\\\/24\\\/segundo-caso-positivo-de-dengue-e-confirmado-em-teutonia\\\/#primaryimage\"},\"image\":{\"@id\":\"https:\\\/\\\/folhapopular.info\\\/index.php\\\/2025\\\/02\\\/24\\\/segundo-caso-positivo-de-dengue-e-confirmado-em-teutonia\\\/#primaryimage\"},\"thumbnailUrl\":\"https:\\\/\\\/folhapopular.info\\\/wp-content\\\/uploads\\\/2025\\\/02\\\/G8-registra-3-casos-confirmados-ate-o-momento.jpg\",\"datePublished\":\"2025-02-24T16:53:26+00:00\",\"dateModified\":\"2025-02-24T16:53:29+00:00\",\"author\":{\"@id\":\"https:\\\/\\\/folhapopular.info\\\/#\\\/schema\\\/person\\\/1fb1a50ca75661f91da0d3839657a34d\"},\"breadcrumb\":{\"@id\":\"https:\\\/\\\/folhapopular.info\\\/index.php\\\/2025\\\/02\\\/24\\\/segundo-caso-positivo-de-dengue-e-confirmado-em-teutonia\\\/#breadcrumb\"},\"inLanguage\":\"pt-BR\",\"potentialAction\":[{\"@type\":\"ReadAction\",\"target\":[\"https:\\\/\\\/folhapopular.info\\\/index.php\\\/2025\\\/02\\\/24\\\/segundo-caso-positivo-de-dengue-e-confirmado-em-teutonia\\\/\"]}]},{\"@type\":\"ImageObject\",\"inLanguage\":\"pt-BR\",\"@id\":\"https:\\\/\\\/folhapopular.info\\\/index.php\\\/2025\\\/02\\\/24\\\/segundo-caso-positivo-de-dengue-e-confirmado-em-teutonia\\\/#primaryimage\",\"url\":\"https:\\\/\\\/folhapopular.info\\\/wp-content\\\/uploads\\\/2025\\\/02\\\/G8-registra-3-casos-confirmados-ate-o-momento.jpg\",\"contentUrl\":\"https:\\\/\\\/folhapopular.info\\\/wp-content\\\/uploads\\\/2025\\\/02\\\/G8-registra-3-casos-confirmados-ate-o-momento.jpg\",\"width\":1200,\"height\":1600,\"caption\":\"Segundo caso positivo foi registrado no Bairro Canabarro. Cr\u00e9dito: Divulga\u00e7\u00e3o\"},{\"@type\":\"BreadcrumbList\",\"@id\":\"https:\\\/\\\/folhapopular.info\\\/index.php\\\/2025\\\/02\\\/24\\\/segundo-caso-positivo-de-dengue-e-confirmado-em-teutonia\\\/#breadcrumb\",\"itemListElement\":[{\"@type\":\"ListItem\",\"position\":1,\"name\":\"In\u00edcio\",\"item\":\"https:\\\/\\\/folhapopular.info\\\/\"},{\"@type\":\"ListItem\",\"position\":2,\"name\":\"Segundo caso positivo de dengue \u00e9 confirmado em Teut\u00f4nia\"}]},{\"@type\":\"WebSite\",\"@id\":\"https:\\\/\\\/folhapopular.info\\\/#website\",\"url\":\"https:\\\/\\\/folhapopular.info\\\/\",\"name\":\"Folha Popular\",\"description\":\"Onde voc\u00ea tem vez e voz\",\"potentialAction\":[{\"@type\":\"SearchAction\",\"target\":{\"@type\":\"EntryPoint\",\"urlTemplate\":\"https:\\\/\\\/folhapopular.info\\\/?s={search_term_string}\"},\"query-input\":{\"@type\":\"PropertyValueSpecification\",\"valueRequired\":true,\"valueName\":\"search_term_string\"}}],\"inLanguage\":\"pt-BR\"},{\"@type\":\"Person\",\"@id\":\"https:\\\/\\\/folhapopular.info\\\/#\\\/schema\\\/person\\\/1fb1a50ca75661f91da0d3839657a34d\",\"name\":\"Paloma Valandro\",\"image\":{\"@type\":\"ImageObject\",\"inLanguage\":\"pt-BR\",\"@id\":\"https:\\\/\\\/secure.gravatar.com\\\/avatar\\\/ef90a8f37349cc3654b42d805942c6378eb385817dccc9c637c94e7794973921?s=96&d=mm&r=g\",\"url\":\"https:\\\/\\\/secure.gravatar.com\\\/avatar\\\/ef90a8f37349cc3654b42d805942c6378eb385817dccc9c637c94e7794973921?s=96&d=mm&r=g\",\"contentUrl\":\"https:\\\/\\\/secure.gravatar.com\\\/avatar\\\/ef90a8f37349cc3654b42d805942c6378eb385817dccc9c637c94e7794973921?s=96&d=mm&r=g\",\"caption\":\"Paloma Valandro\"},\"url\":\"https:\\\/\\\/folhapopular.info\\\/index.php\\\/author\\\/paloma-valandro\\\/\"}]}<\/script>\n<!-- \/ Yoast SEO plugin. -->","yoast_head_json":{"title":"Segundo caso positivo de dengue \u00e9 confirmado em Teut\u00f4nia - Folha Popular","robots":{"index":"index","follow":"follow","max-snippet":"max-snippet:-1","max-image-preview":"max-image-preview:large","max-video-preview":"max-video-preview:-1"},"canonical":"https:\/\/folhapopular.info\/index.php\/2025\/02\/24\/segundo-caso-positivo-de-dengue-e-confirmado-em-teutonia\/","og_locale":"pt_BR","og_type":"article","og_title":"Segundo caso positivo de dengue \u00e9 confirmado em Teut\u00f4nia - Folha Popular","og_description":"Foi confirmado na manh\u00e3 desta segunda-feira (24\/2), pela Secretaria Estadual da Sa\u00fade (SES), o segundo caso positivo de dengue em Teut\u00f4nia neste ano. Trata-se de um homem, morador do Bairro Canabarro, que est\u00e1 em observa\u00e7\u00e3o no Hospital Ouro Branco (HOB). Segundo informa\u00e7\u00f5es da Vigil\u00e2ncia Sanit\u00e1ria e Ambiental em Sa\u00fade (Visa), ele contraiu a doen\u00e7a dentro [&hellip;]","og_url":"https:\/\/folhapopular.info\/index.php\/2025\/02\/24\/segundo-caso-positivo-de-dengue-e-confirmado-em-teutonia\/","og_site_name":"Folha Popular","article_published_time":"2025-02-24T16:53:26+00:00","article_modified_time":"2025-02-24T16:53:29+00:00","og_image":[{"width":1200,"height":1600,"url":"http:\/\/folhapopular.info\/wp-content\/uploads\/2025\/02\/G8-registra-3-casos-confirmados-ate-o-momento.jpg","type":"image\/jpeg"}],"author":"Paloma Valandro","twitter_card":"summary_large_image","twitter_misc":{"Escrito por":"Paloma Valandro","Est. tempo de leitura":"1 minuto"},"schema":{"@context":"https:\/\/schema.org","@graph":[{"@type":"Article","@id":"https:\/\/folhapopular.info\/index.php\/2025\/02\/24\/segundo-caso-positivo-de-dengue-e-confirmado-em-teutonia\/#article","isPartOf":{"@id":"https:\/\/folhapopular.info\/index.php\/2025\/02\/24\/segundo-caso-positivo-de-dengue-e-confirmado-em-teutonia\/"},"author":{"name":"Paloma Valandro","@id":"https:\/\/folhapopular.info\/#\/schema\/person\/1fb1a50ca75661f91da0d3839657a34d"},"headline":"Segundo caso positivo de dengue \u00e9 confirmado em Teut\u00f4nia","datePublished":"2025-02-24T16:53:26+00:00","dateModified":"2025-02-24T16:53:29+00:00","mainEntityOfPage":{"@id":"https:\/\/folhapopular.info\/index.php\/2025\/02\/24\/segundo-caso-positivo-de-dengue-e-confirmado-em-teutonia\/"},"wordCount":152,"commentCount":0,"image":{"@id":"https:\/\/folhapopular.info\/index.php\/2025\/02\/24\/segundo-caso-positivo-de-dengue-e-confirmado-em-teutonia\/#primaryimage"},"thumbnailUrl":"https:\/\/folhapopular.info\/wp-content\/uploads\/2025\/02\/G8-registra-3-casos-confirmados-ate-o-momento.jpg","keywords":["Aedes Aegypti","Dengue","Sa\u00fade","Segundo caso","Teut\u00f4nia"],"articleSection":["Destaques","Geral","Sa\u00fade"],"inLanguage":"pt-BR","potentialAction":[{"@type":"CommentAction","name":"Comment","target":["https:\/\/folhapopular.info\/index.php\/2025\/02\/24\/segundo-caso-positivo-de-dengue-e-confirmado-em-teutonia\/#respond"]}]},{"@type":"WebPage","@id":"https:\/\/folhapopular.info\/index.php\/2025\/02\/24\/segundo-caso-positivo-de-dengue-e-confirmado-em-teutonia\/","url":"https:\/\/folhapopular.info\/index.php\/2025\/02\/24\/segundo-caso-positivo-de-dengue-e-confirmado-em-teutonia\/","name":"Segundo caso positivo de dengue \u00e9 confirmado em Teut\u00f4nia - Folha Popular","isPartOf":{"@id":"https:\/\/folhapopular.info\/#website"},"primaryImageOfPage":{"@id":"https:\/\/folhapopular.info\/index.php\/2025\/02\/24\/segundo-caso-positivo-de-dengue-e-confirmado-em-teutonia\/#primaryimage"},"image":{"@id":"https:\/\/folhapopular.info\/index.php\/2025\/02\/24\/segundo-caso-positivo-de-dengue-e-confirmado-em-teutonia\/#primaryimage"},"thumbnailUrl":"https:\/\/folhapopular.info\/wp-content\/uploads\/2025\/02\/G8-registra-3-casos-confirmados-ate-o-momento.jpg","datePublished":"2025-02-24T16:53:26+00:00","dateModified":"2025-02-24T16:53:29+00:00","author":{"@id":"https:\/\/folhapopular.info\/#\/schema\/person\/1fb1a50ca75661f91da0d3839657a34d"},"breadcrumb":{"@id":"https:\/\/folhapopular.info\/index.php\/2025\/02\/24\/segundo-caso-positivo-de-dengue-e-confirmado-em-teutonia\/#breadcrumb"},"inLanguage":"pt-BR","potentialAction":[{"@type":"ReadAction","target":["https:\/\/folhapopular.info\/index.php\/2025\/02\/24\/segundo-caso-positivo-de-dengue-e-confirmado-em-teutonia\/"]}]},{"@type":"ImageObject","inLanguage":"pt-BR","@id":"https:\/\/folhapopular.info\/index.php\/2025\/02\/24\/segundo-caso-positivo-de-dengue-e-confirmado-em-teutonia\/#primaryimage","url":"https:\/\/folhapopular.info\/wp-content\/uploads\/2025\/02\/G8-registra-3-casos-confirmados-ate-o-momento.jpg","contentUrl":"https:\/\/folhapopular.info\/wp-content\/uploads\/2025\/02\/G8-registra-3-casos-confirmados-ate-o-momento.jpg","width":1200,"height":1600,"caption":"Segundo caso positivo foi registrado no Bairro Canabarro. Cr\u00e9dito: Divulga\u00e7\u00e3o"},{"@type":"BreadcrumbList","@id":"https:\/\/folhapopular.info\/index.php\/2025\/02\/24\/segundo-caso-positivo-de-dengue-e-confirmado-em-teutonia\/#breadcrumb","itemListElement":[{"@type":"ListItem","position":1,"name":"In\u00edcio","item":"https:\/\/folhapopular.info\/"},{"@type":"ListItem","position":2,"name":"Segundo caso positivo de dengue \u00e9 confirmado em Teut\u00f4nia"}]},{"@type":"WebSite","@id":"https:\/\/folhapopular.info\/#website","url":"https:\/\/folhapopular.info\/","name":"Folha Popular","description":"Onde voc\u00ea tem vez e voz","potentialAction":[{"@type":"SearchAction","target":{"@type":"EntryPoint","urlTemplate":"https:\/\/folhapopular.info\/?s={search_term_string}"},"query-input":{"@type":"PropertyValueSpecification","valueRequired":true,"valueName":"search_term_string"}}],"inLanguage":"pt-BR"},{"@type":"Person","@id":"https:\/\/folhapopular.info\/#\/schema\/person\/1fb1a50ca75661f91da0d3839657a34d","name":"Paloma Valandro","image":{"@type":"ImageObject","inLanguage":"pt-BR","@id":"https:\/\/secure.gravatar.com\/avatar\/ef90a8f37349cc3654b42d805942c6378eb385817dccc9c637c94e7794973921?s=96&d=mm&r=g","url":"https:\/\/secure.gravatar.com\/avatar\/ef90a8f37349cc3654b42d805942c6378eb385817dccc9c637c94e7794973921?s=96&d=mm&r=g","contentUrl":"https:\/\/secure.gravatar.com\/avatar\/ef90a8f37349cc3654b42d805942c6378eb385817dccc9c637c94e7794973921?s=96&d=mm&r=g","caption":"Paloma Valandro"},"url":"https:\/\/folhapopular.info\/index.php\/author\/paloma-valandro\/"}]}},"jetpack_featured_media_url":"https:\/\/folhapopular.info\/wp-content\/uploads\/2025\/02\/G8-registra-3-casos-confirmados-ate-o-momento.jpg","jetpack_sharing_enabled":true,"amp_enabled":true,"_links":{"self":[{"href":"https:\/\/folhapopular.info\/index.php\/wp-json\/wp\/v2\/posts\/181254","targetHints":{"allow":["GET"]}}],"collection":[{"href":"https:\/\/folhapopular.info\/index.php\/wp-json\/wp\/v2\/posts"}],"about":[{"href":"https:\/\/folhapopular.info\/index.php\/wp-json\/wp\/v2\/types\/post"}],"author":[{"embeddable":true,"href":"https:\/\/folhapopular.info\/index.php\/wp-json\/wp\/v2\/users\/757"}],"replies":[{"embeddable":true,"href":"https:\/\/folhapopular.info\/index.php\/wp-json\/wp\/v2\/comments?post=181254"}],"version-history":[{"count":0,"href":"https:\/\/folhapopular.info\/index.php\/wp-json\/wp\/v2\/posts\/181254\/revisions"}],"wp:featuredmedia":[{"embeddable":true,"href":"https:\/\/folhapopular.info\/index.php\/wp-json\/wp\/v2\/media\/181255"}],"wp:attachment":[{"href":"https:\/\/folhapopular.info\/index.php\/wp-json\/wp\/v2\/media?parent=181254"}],"wp:term":[{"taxonomy":"category","embeddable":true,"href":"https:\/\/folhapopular.info\/index.php\/wp-json\/wp\/v2\/categories?post=181254"},{"taxonomy":"post_tag","embeddable":true,"href":"https:\/\/folhapopular.info\/index.php\/wp-json\/wp\/v2\/tags?post=181254"}],"curies":[{"name":"wp","href":"https:\/\/api.w.org\/{rel}","templated":true}]}}