{"id":181371,"date":"2025-02-25T23:46:45","date_gmt":"2025-02-26T02:46:45","guid":{"rendered":"https:\/\/folhapopular.info\/?p=181371"},"modified":"2025-02-26T08:33:16","modified_gmt":"2025-02-26T11:33:16","slug":"ribeirense-celebra-14-anos-do-titulo-da-serie-b-com-a-possibilidade-de-voltar-as-atividades","status":"publish","type":"post","link":"https:\/\/folhapopular.info\/index.php\/2025\/02\/25\/ribeirense-celebra-14-anos-do-titulo-da-serie-b-com-a-possibilidade-de-voltar-as-atividades\/","title":{"rendered":"Ribeirense celebra 14 anos do t\u00edtulo da S\u00e9rie B com a possibilidade de voltar \u00e0s atividades"},"content":{"rendered":"\n<p>Durante a manh\u00e3 do domingo (23\/2), ex-jogadores e dirigentes do Ribeirense, de Teut\u00f4nia, se reuniram para celebrar a hist\u00f3rica conquista do t\u00edtulo da S\u00e9rie B do Campeonato Regional de 2011 &#8211; Copa Vale do Boa Vista. O evento, marcado por emo\u00e7\u00e3o e reencontros, relembrou a trajet\u00f3ria vitoriosa do clube e reacendeu o debate sobre um poss\u00edvel retorno \u00e0s competi\u00e7\u00f5es regionais.<br><br>O ex-presidente do clube, Natal, destaca a import\u00e2ncia da uni\u00e3o do grupo na conquista. \u201cFoi uma equipe montada com muita dedica\u00e7\u00e3o e esp\u00edrito de coleguismo. N\u00e3o t\u00ednhamos grandes recursos financeiros, mas conseguimos formar um time competitivo, ao mesclar experi\u00eancia e juventude\u201d, relembra.<br><br>A campanha de 2011 ficou marcada por desafios superados dentro e fora de campo. O Ribeirense disputou a decis\u00e3o contra o Fluminense da Harmonia e, contrariando as expectativas, saiu campe\u00e3o mesmo jogando a partida decisiva fora de casa. &#8220;Muitos duvidaram da nossa for\u00e7a, mas sab\u00edamos que, com trabalho e determina\u00e7\u00e3o, pod\u00edamos chegar l\u00e1&#8221;, afirma Clomar Pereira, treinador da equipe na \u00e9poca.<br><br>O evento do fim de semana tamb\u00e9m foi uma oportunidade para relembrar outros momentos marcantes da equipe, como a final da Copa Teut\u00f4nia e as disputas acirradas na S\u00e9rie B do regional. Muitos ex-atletas compareceram, como Cris, que na \u00e9poca do t\u00edtulo chegou a jogar o Gauch\u00e3o pelo Passo Fundo, e Rudimar, um dos grandes incentivadores da equipe.<br><br>Apesar das comemora\u00e7\u00f5es, os participantes tamb\u00e9m discutiram o futuro do clube. O Ribeirense se afastou das competi\u00e7\u00f5es para focar na reestrutura\u00e7\u00e3o de sua sede esportiva, incluindo a reforma dos vesti\u00e1rios, do pavilh\u00e3o e ainda reorganiza\u00e7\u00e3o administrativa. Agora, com uma estrutura renovada, h\u00e1 a esperan\u00e7a de um retorno em 2025. &#8220;Quando assumi a presid\u00eancia, deixei claro que precisar\u00edamos de um tempo para organizar a casa. Hoje, com tudo pronto, podemos pensar em voltar aos gramados&#8221;, afirma Natal.<br><br>Entre as possibilidades para o futuro est\u00e1 a forma\u00e7\u00e3o de um time sub-23, aproveitando jovens talentos locais. &#8220;Queremos trazer a nova gera\u00e7\u00e3o para dentro do clube e formar um grupo comprometido, assim como fizemos em 2011&#8221;, explica Clomar. Al\u00e9m disso, a diretoria estuda parcerias com outras equipes e busca patrocinadores para viabilizar o retorno de forma sustent\u00e1vel. &#8220;N\u00e3o queremos apenas voltar, queremos um Ribeirense forte e estruturado para competir em alto n\u00edvel&#8221;, acrescenta o dirigente.<br><br>O reencontro foi finalizado com partidas amistosas envolvendo os veteranos do Ribeirense, do Canabarrense e ex-profissionais do Lajeadense. O evento, que teve mais de 130 participantes, mostrou que a paix\u00e3o pelo futebol segue viva e que o Ribeirense pode, em breve, voltar aos gramados no cen\u00e1rio esportivo regional.<\/p>\n\n\n\n<figure class=\"wp-block-gallery has-nested-images columns-default is-cropped wp-block-gallery-1 is-layout-flex wp-block-gallery-is-layout-flex\">\n<figure class=\"wp-block-image size-large\"><img loading=\"lazy\" decoding=\"async\" width=\"1024\" height=\"768\" data-id=\"181384\" src=\"https:\/\/folhapopular.info\/wp-content\/uploads\/2025\/02\/47af0bcd-53c0-4180-8076-30b7579a987d-1024x768.jpg\" alt=\"\" class=\"wp-image-181384\" srcset=\"https:\/\/folhapopular.info\/wp-content\/uploads\/2025\/02\/47af0bcd-53c0-4180-8076-30b7579a987d-1024x768.jpg 1024w, https:\/\/folhapopular.info\/wp-content\/uploads\/2025\/02\/47af0bcd-53c0-4180-8076-30b7579a987d-300x225.jpg 300w, https:\/\/folhapopular.info\/wp-content\/uploads\/2025\/02\/47af0bcd-53c0-4180-8076-30b7579a987d-768x576.jpg 768w, https:\/\/folhapopular.info\/wp-content\/uploads\/2025\/02\/47af0bcd-53c0-4180-8076-30b7579a987d-1536x1152.jpg 1536w, https:\/\/folhapopular.info\/wp-content\/uploads\/2025\/02\/47af0bcd-53c0-4180-8076-30b7579a987d-2048x1536.jpg 2048w, https:\/\/folhapopular.info\/wp-content\/uploads\/2025\/02\/47af0bcd-53c0-4180-8076-30b7579a987d-560x420.jpg 560w, https:\/\/folhapopular.info\/wp-content\/uploads\/2025\/02\/47af0bcd-53c0-4180-8076-30b7579a987d-80x60.jpg 80w, https:\/\/folhapopular.info\/wp-content\/uploads\/2025\/02\/47af0bcd-53c0-4180-8076-30b7579a987d-696x522.jpg 696w, https:\/\/folhapopular.info\/wp-content\/uploads\/2025\/02\/47af0bcd-53c0-4180-8076-30b7579a987d-1068x801.jpg 1068w, https:\/\/folhapopular.info\/wp-content\/uploads\/2025\/02\/47af0bcd-53c0-4180-8076-30b7579a987d-1920x1440.jpg 1920w\" sizes=\"auto, (max-width: 1024px) 100vw, 1024px\" \/><figcaption class=\"wp-element-caption\">Clomar Pereira e Natal participaram do programa Terceiro Tempo<br>Cr\u00e9dito: Luis Augusto Huppes <\/figcaption><\/figure>\n<\/figure>\n\n\n\n<p><strong>Acompanhe a entrevista completa:<\/strong><\/p>\n\n\n\n<figure class=\"wp-block-embed is-type-video is-provider-youtube wp-block-embed-youtube wp-embed-aspect-16-9 wp-has-aspect-ratio\"><div class=\"wp-block-embed__wrapper\">\n<iframe loading=\"lazy\" title=\"TERCEIRO TEMPO | Futebol Amador e Futsal pela regi\u00e3o\" width=\"696\" height=\"392\" src=\"https:\/\/www.youtube.com\/embed\/sdkTnFimVO0?feature=oembed\" frameborder=\"0\" allow=\"accelerometer; autoplay; clipboard-write; encrypted-media; gyroscope; picture-in-picture; web-share\" referrerpolicy=\"strict-origin-when-cross-origin\" allowfullscreen><\/iframe>\n<\/div><\/figure>\n","protected":false},"excerpt":{"rendered":"<p>Durante a manh\u00e3 do domingo (23\/2), ex-jogadores e dirigentes do Ribeirense, de Teut\u00f4nia, se reuniram para celebrar a hist\u00f3rica conquista do t\u00edtulo da S\u00e9rie B do Campeonato Regional de 2011 &#8211; Copa Vale do Boa Vista. O evento, marcado por emo\u00e7\u00e3o e reencontros, relembrou a trajet\u00f3ria vitoriosa do clube e reacendeu o debate sobre um [&hellip;]<\/p>\n","protected":false},"author":732,"featured_media":181373,"comment_status":"open","ping_status":"open","sticky":false,"template":"","format":"standard","meta":{"pmpro_default_level":"","_jetpack_memberships_contains_paid_content":false,"footnotes":""},"categories":[5,240],"tags":[13409,7259,2099,12981,3112,147,18076,17887],"class_list":{"0":"post-181371","1":"post","2":"type-post","3":"status-publish","4":"format-standard","5":"has-post-thumbnail","7":"category-esportes","8":"category-futebol-amador","9":"tag-14-anos","10":"tag-celebracao","11":"tag-comemoracao","12":"tag-copa-vale-do-boa-vista","13":"tag-festa","14":"tag-futebol-amador","15":"tag-ribeirense","16":"tag-terceiro-tempo","17":"pmpro-has-access"},"yoast_head":"<!-- This site is optimized with the Yoast SEO plugin v27.5 - https:\/\/yoast.com\/product\/yoast-seo-wordpress\/ -->\n<title>Ribeirense celebra 14 anos do t\u00edtulo da S\u00e9rie B com a possibilidade de voltar \u00e0s atividades - Folha Popular<\/title>\n<meta name=\"robots\" content=\"index, follow, max-snippet:-1, max-image-preview:large, max-video-preview:-1\" \/>\n<link rel=\"canonical\" href=\"https:\/\/folhapopular.info\/index.php\/2025\/02\/25\/ribeirense-celebra-14-anos-do-titulo-da-serie-b-com-a-possibilidade-de-voltar-as-atividades\/\" \/>\n<meta property=\"og:locale\" content=\"pt_BR\" \/>\n<meta property=\"og:type\" content=\"article\" \/>\n<meta property=\"og:title\" content=\"Ribeirense celebra 14 anos do t\u00edtulo da S\u00e9rie B com a possibilidade de voltar \u00e0s atividades - Folha Popular\" \/>\n<meta property=\"og:description\" content=\"Durante a manh\u00e3 do domingo (23\/2), ex-jogadores e dirigentes do Ribeirense, de Teut\u00f4nia, se reuniram para celebrar a hist\u00f3rica conquista do t\u00edtulo da S\u00e9rie B do Campeonato Regional de 2011 &#8211; Copa Vale do Boa Vista. O evento, marcado por emo\u00e7\u00e3o e reencontros, relembrou a trajet\u00f3ria vitoriosa do clube e reacendeu o debate sobre um [&hellip;]\" \/>\n<meta property=\"og:url\" content=\"https:\/\/folhapopular.info\/index.php\/2025\/02\/25\/ribeirense-celebra-14-anos-do-titulo-da-serie-b-com-a-possibilidade-de-voltar-as-atividades\/\" \/>\n<meta property=\"og:site_name\" content=\"Folha Popular\" \/>\n<meta property=\"article:author\" content=\"https:\/\/www.facebook.com\/luis.huppes\/\" \/>\n<meta property=\"article:published_time\" content=\"2025-02-26T02:46:45+00:00\" \/>\n<meta property=\"article:modified_time\" content=\"2025-02-26T11:33:16+00:00\" \/>\n<meta property=\"og:image\" content=\"http:\/\/folhapopular.info\/wp-content\/uploads\/2025\/02\/WhatsApp-Image-2025-02-24-at-19.55.26.jpeg\" \/>\n\t<meta property=\"og:image:width\" content=\"1600\" \/>\n\t<meta property=\"og:image:height\" content=\"1200\" \/>\n\t<meta property=\"og:image:type\" content=\"image\/jpeg\" \/>\n<meta name=\"author\" content=\"Luis Augusto Huppes\" \/>\n<meta name=\"twitter:card\" content=\"summary_large_image\" \/>\n<meta name=\"twitter:label1\" content=\"Escrito por\" \/>\n\t<meta name=\"twitter:data1\" content=\"Luis Augusto Huppes\" \/>\n\t<meta name=\"twitter:label2\" content=\"Est. tempo de leitura\" \/>\n\t<meta name=\"twitter:data2\" content=\"3 minutos\" \/>\n<script type=\"application\/ld+json\" class=\"yoast-schema-graph\">{\"@context\":\"https:\\\/\\\/schema.org\",\"@graph\":[{\"@type\":\"Article\",\"@id\":\"https:\\\/\\\/folhapopular.info\\\/index.php\\\/2025\\\/02\\\/25\\\/ribeirense-celebra-14-anos-do-titulo-da-serie-b-com-a-possibilidade-de-voltar-as-atividades\\\/#article\",\"isPartOf\":{\"@id\":\"https:\\\/\\\/folhapopular.info\\\/index.php\\\/2025\\\/02\\\/25\\\/ribeirense-celebra-14-anos-do-titulo-da-serie-b-com-a-possibilidade-de-voltar-as-atividades\\\/\"},\"author\":{\"name\":\"Luis Augusto Huppes\",\"@id\":\"https:\\\/\\\/folhapopular.info\\\/#\\\/schema\\\/person\\\/e852c327371714676d02e58cf917fd9f\"},\"headline\":\"Ribeirense celebra 14 anos do t\u00edtulo da S\u00e9rie B com a possibilidade de voltar \u00e0s atividades\",\"datePublished\":\"2025-02-26T02:46:45+00:00\",\"dateModified\":\"2025-02-26T11:33:16+00:00\",\"mainEntityOfPage\":{\"@id\":\"https:\\\/\\\/folhapopular.info\\\/index.php\\\/2025\\\/02\\\/25\\\/ribeirense-celebra-14-anos-do-titulo-da-serie-b-com-a-possibilidade-de-voltar-as-atividades\\\/\"},\"wordCount\":496,\"commentCount\":0,\"image\":{\"@id\":\"https:\\\/\\\/folhapopular.info\\\/index.php\\\/2025\\\/02\\\/25\\\/ribeirense-celebra-14-anos-do-titulo-da-serie-b-com-a-possibilidade-de-voltar-as-atividades\\\/#primaryimage\"},\"thumbnailUrl\":\"https:\\\/\\\/folhapopular.info\\\/wp-content\\\/uploads\\\/2025\\\/02\\\/WhatsApp-Image-2025-02-24-at-19.55.26.jpeg\",\"keywords\":[\"14 anos\",\"Celebra\u00e7\u00e3o\",\"Comemora\u00e7\u00e3o\",\"Copa Vale do Boa Vista\",\"Festa\",\"futebol amador\",\"Ribeirense\",\"Terceiro Tempo\"],\"articleSection\":[\"Esportes\",\"Futebol Amador\"],\"inLanguage\":\"pt-BR\",\"potentialAction\":[{\"@type\":\"CommentAction\",\"name\":\"Comment\",\"target\":[\"https:\\\/\\\/folhapopular.info\\\/index.php\\\/2025\\\/02\\\/25\\\/ribeirense-celebra-14-anos-do-titulo-da-serie-b-com-a-possibilidade-de-voltar-as-atividades\\\/#respond\"]}]},{\"@type\":\"WebPage\",\"@id\":\"https:\\\/\\\/folhapopular.info\\\/index.php\\\/2025\\\/02\\\/25\\\/ribeirense-celebra-14-anos-do-titulo-da-serie-b-com-a-possibilidade-de-voltar-as-atividades\\\/\",\"url\":\"https:\\\/\\\/folhapopular.info\\\/index.php\\\/2025\\\/02\\\/25\\\/ribeirense-celebra-14-anos-do-titulo-da-serie-b-com-a-possibilidade-de-voltar-as-atividades\\\/\",\"name\":\"Ribeirense celebra 14 anos do t\u00edtulo da S\u00e9rie B com a possibilidade de voltar \u00e0s atividades - Folha Popular\",\"isPartOf\":{\"@id\":\"https:\\\/\\\/folhapopular.info\\\/#website\"},\"primaryImageOfPage\":{\"@id\":\"https:\\\/\\\/folhapopular.info\\\/index.php\\\/2025\\\/02\\\/25\\\/ribeirense-celebra-14-anos-do-titulo-da-serie-b-com-a-possibilidade-de-voltar-as-atividades\\\/#primaryimage\"},\"image\":{\"@id\":\"https:\\\/\\\/folhapopular.info\\\/index.php\\\/2025\\\/02\\\/25\\\/ribeirense-celebra-14-anos-do-titulo-da-serie-b-com-a-possibilidade-de-voltar-as-atividades\\\/#primaryimage\"},\"thumbnailUrl\":\"https:\\\/\\\/folhapopular.info\\\/wp-content\\\/uploads\\\/2025\\\/02\\\/WhatsApp-Image-2025-02-24-at-19.55.26.jpeg\",\"datePublished\":\"2025-02-26T02:46:45+00:00\",\"dateModified\":\"2025-02-26T11:33:16+00:00\",\"author\":{\"@id\":\"https:\\\/\\\/folhapopular.info\\\/#\\\/schema\\\/person\\\/e852c327371714676d02e58cf917fd9f\"},\"breadcrumb\":{\"@id\":\"https:\\\/\\\/folhapopular.info\\\/index.php\\\/2025\\\/02\\\/25\\\/ribeirense-celebra-14-anos-do-titulo-da-serie-b-com-a-possibilidade-de-voltar-as-atividades\\\/#breadcrumb\"},\"inLanguage\":\"pt-BR\",\"potentialAction\":[{\"@type\":\"ReadAction\",\"target\":[\"https:\\\/\\\/folhapopular.info\\\/index.php\\\/2025\\\/02\\\/25\\\/ribeirense-celebra-14-anos-do-titulo-da-serie-b-com-a-possibilidade-de-voltar-as-atividades\\\/\"]}]},{\"@type\":\"ImageObject\",\"inLanguage\":\"pt-BR\",\"@id\":\"https:\\\/\\\/folhapopular.info\\\/index.php\\\/2025\\\/02\\\/25\\\/ribeirense-celebra-14-anos-do-titulo-da-serie-b-com-a-possibilidade-de-voltar-as-atividades\\\/#primaryimage\",\"url\":\"https:\\\/\\\/folhapopular.info\\\/wp-content\\\/uploads\\\/2025\\\/02\\\/WhatsApp-Image-2025-02-24-at-19.55.26.jpeg\",\"contentUrl\":\"https:\\\/\\\/folhapopular.info\\\/wp-content\\\/uploads\\\/2025\\\/02\\\/WhatsApp-Image-2025-02-24-at-19.55.26.jpeg\",\"width\":1600,\"height\":1200,\"caption\":\"Elenco vencedor em 2011 se reuniu para festejar - Cr\u00e9dito: Vitor dos Santos \\\/ Especial FP\"},{\"@type\":\"BreadcrumbList\",\"@id\":\"https:\\\/\\\/folhapopular.info\\\/index.php\\\/2025\\\/02\\\/25\\\/ribeirense-celebra-14-anos-do-titulo-da-serie-b-com-a-possibilidade-de-voltar-as-atividades\\\/#breadcrumb\",\"itemListElement\":[{\"@type\":\"ListItem\",\"position\":1,\"name\":\"In\u00edcio\",\"item\":\"https:\\\/\\\/folhapopular.info\\\/\"},{\"@type\":\"ListItem\",\"position\":2,\"name\":\"Ribeirense celebra 14 anos do t\u00edtulo da S\u00e9rie B com a possibilidade de voltar \u00e0s atividades\"}]},{\"@type\":\"WebSite\",\"@id\":\"https:\\\/\\\/folhapopular.info\\\/#website\",\"url\":\"https:\\\/\\\/folhapopular.info\\\/\",\"name\":\"Folha Popular\",\"description\":\"Onde voc\u00ea tem vez e voz\",\"potentialAction\":[{\"@type\":\"SearchAction\",\"target\":{\"@type\":\"EntryPoint\",\"urlTemplate\":\"https:\\\/\\\/folhapopular.info\\\/?s={search_term_string}\"},\"query-input\":{\"@type\":\"PropertyValueSpecification\",\"valueRequired\":true,\"valueName\":\"search_term_string\"}}],\"inLanguage\":\"pt-BR\"},{\"@type\":\"Person\",\"@id\":\"https:\\\/\\\/folhapopular.info\\\/#\\\/schema\\\/person\\\/e852c327371714676d02e58cf917fd9f\",\"name\":\"Luis Augusto Huppes\",\"image\":{\"@type\":\"ImageObject\",\"inLanguage\":\"pt-BR\",\"@id\":\"https:\\\/\\\/folhapopular.info\\\/wp-content\\\/uploads\\\/2026\\\/04\\\/Luis-Augusto-Huppes-1-1.webp\",\"url\":\"https:\\\/\\\/folhapopular.info\\\/wp-content\\\/uploads\\\/2026\\\/04\\\/Luis-Augusto-Huppes-1-1.webp\",\"contentUrl\":\"https:\\\/\\\/folhapopular.info\\\/wp-content\\\/uploads\\\/2026\\\/04\\\/Luis-Augusto-Huppes-1-1.webp\",\"caption\":\"Luis Augusto Huppes\"},\"sameAs\":[\"https:\\\/\\\/www.facebook.com\\\/luis.huppes\\\/\",\"https:\\\/\\\/www.instagram.com\\\/luis.huppes\\\/\",\"https:\\\/\\\/www.linkedin.com\\\/in\\\/luis-augusto-huppes-2554b52b7\\\/\"],\"url\":\"https:\\\/\\\/folhapopular.info\\\/index.php\\\/author\\\/luis-augusto-huppes\\\/\"}]}<\/script>\n<!-- \/ Yoast SEO plugin. -->","yoast_head_json":{"title":"Ribeirense celebra 14 anos do t\u00edtulo da S\u00e9rie B com a possibilidade de voltar \u00e0s atividades - Folha Popular","robots":{"index":"index","follow":"follow","max-snippet":"max-snippet:-1","max-image-preview":"max-image-preview:large","max-video-preview":"max-video-preview:-1"},"canonical":"https:\/\/folhapopular.info\/index.php\/2025\/02\/25\/ribeirense-celebra-14-anos-do-titulo-da-serie-b-com-a-possibilidade-de-voltar-as-atividades\/","og_locale":"pt_BR","og_type":"article","og_title":"Ribeirense celebra 14 anos do t\u00edtulo da S\u00e9rie B com a possibilidade de voltar \u00e0s atividades - Folha Popular","og_description":"Durante a manh\u00e3 do domingo (23\/2), ex-jogadores e dirigentes do Ribeirense, de Teut\u00f4nia, se reuniram para celebrar a hist\u00f3rica conquista do t\u00edtulo da S\u00e9rie B do Campeonato Regional de 2011 &#8211; Copa Vale do Boa Vista. O evento, marcado por emo\u00e7\u00e3o e reencontros, relembrou a trajet\u00f3ria vitoriosa do clube e reacendeu o debate sobre um [&hellip;]","og_url":"https:\/\/folhapopular.info\/index.php\/2025\/02\/25\/ribeirense-celebra-14-anos-do-titulo-da-serie-b-com-a-possibilidade-de-voltar-as-atividades\/","og_site_name":"Folha Popular","article_author":"https:\/\/www.facebook.com\/luis.huppes\/","article_published_time":"2025-02-26T02:46:45+00:00","article_modified_time":"2025-02-26T11:33:16+00:00","og_image":[{"width":1600,"height":1200,"url":"http:\/\/folhapopular.info\/wp-content\/uploads\/2025\/02\/WhatsApp-Image-2025-02-24-at-19.55.26.jpeg","type":"image\/jpeg"}],"author":"Luis Augusto Huppes","twitter_card":"summary_large_image","twitter_misc":{"Escrito por":"Luis Augusto Huppes","Est. tempo de leitura":"3 minutos"},"schema":{"@context":"https:\/\/schema.org","@graph":[{"@type":"Article","@id":"https:\/\/folhapopular.info\/index.php\/2025\/02\/25\/ribeirense-celebra-14-anos-do-titulo-da-serie-b-com-a-possibilidade-de-voltar-as-atividades\/#article","isPartOf":{"@id":"https:\/\/folhapopular.info\/index.php\/2025\/02\/25\/ribeirense-celebra-14-anos-do-titulo-da-serie-b-com-a-possibilidade-de-voltar-as-atividades\/"},"author":{"name":"Luis Augusto Huppes","@id":"https:\/\/folhapopular.info\/#\/schema\/person\/e852c327371714676d02e58cf917fd9f"},"headline":"Ribeirense celebra 14 anos do t\u00edtulo da S\u00e9rie B com a possibilidade de voltar \u00e0s atividades","datePublished":"2025-02-26T02:46:45+00:00","dateModified":"2025-02-26T11:33:16+00:00","mainEntityOfPage":{"@id":"https:\/\/folhapopular.info\/index.php\/2025\/02\/25\/ribeirense-celebra-14-anos-do-titulo-da-serie-b-com-a-possibilidade-de-voltar-as-atividades\/"},"wordCount":496,"commentCount":0,"image":{"@id":"https:\/\/folhapopular.info\/index.php\/2025\/02\/25\/ribeirense-celebra-14-anos-do-titulo-da-serie-b-com-a-possibilidade-de-voltar-as-atividades\/#primaryimage"},"thumbnailUrl":"https:\/\/folhapopular.info\/wp-content\/uploads\/2025\/02\/WhatsApp-Image-2025-02-24-at-19.55.26.jpeg","keywords":["14 anos","Celebra\u00e7\u00e3o","Comemora\u00e7\u00e3o","Copa Vale do Boa Vista","Festa","futebol amador","Ribeirense","Terceiro Tempo"],"articleSection":["Esportes","Futebol Amador"],"inLanguage":"pt-BR","potentialAction":[{"@type":"CommentAction","name":"Comment","target":["https:\/\/folhapopular.info\/index.php\/2025\/02\/25\/ribeirense-celebra-14-anos-do-titulo-da-serie-b-com-a-possibilidade-de-voltar-as-atividades\/#respond"]}]},{"@type":"WebPage","@id":"https:\/\/folhapopular.info\/index.php\/2025\/02\/25\/ribeirense-celebra-14-anos-do-titulo-da-serie-b-com-a-possibilidade-de-voltar-as-atividades\/","url":"https:\/\/folhapopular.info\/index.php\/2025\/02\/25\/ribeirense-celebra-14-anos-do-titulo-da-serie-b-com-a-possibilidade-de-voltar-as-atividades\/","name":"Ribeirense celebra 14 anos do t\u00edtulo da S\u00e9rie B com a possibilidade de voltar \u00e0s atividades - Folha Popular","isPartOf":{"@id":"https:\/\/folhapopular.info\/#website"},"primaryImageOfPage":{"@id":"https:\/\/folhapopular.info\/index.php\/2025\/02\/25\/ribeirense-celebra-14-anos-do-titulo-da-serie-b-com-a-possibilidade-de-voltar-as-atividades\/#primaryimage"},"image":{"@id":"https:\/\/folhapopular.info\/index.php\/2025\/02\/25\/ribeirense-celebra-14-anos-do-titulo-da-serie-b-com-a-possibilidade-de-voltar-as-atividades\/#primaryimage"},"thumbnailUrl":"https:\/\/folhapopular.info\/wp-content\/uploads\/2025\/02\/WhatsApp-Image-2025-02-24-at-19.55.26.jpeg","datePublished":"2025-02-26T02:46:45+00:00","dateModified":"2025-02-26T11:33:16+00:00","author":{"@id":"https:\/\/folhapopular.info\/#\/schema\/person\/e852c327371714676d02e58cf917fd9f"},"breadcrumb":{"@id":"https:\/\/folhapopular.info\/index.php\/2025\/02\/25\/ribeirense-celebra-14-anos-do-titulo-da-serie-b-com-a-possibilidade-de-voltar-as-atividades\/#breadcrumb"},"inLanguage":"pt-BR","potentialAction":[{"@type":"ReadAction","target":["https:\/\/folhapopular.info\/index.php\/2025\/02\/25\/ribeirense-celebra-14-anos-do-titulo-da-serie-b-com-a-possibilidade-de-voltar-as-atividades\/"]}]},{"@type":"ImageObject","inLanguage":"pt-BR","@id":"https:\/\/folhapopular.info\/index.php\/2025\/02\/25\/ribeirense-celebra-14-anos-do-titulo-da-serie-b-com-a-possibilidade-de-voltar-as-atividades\/#primaryimage","url":"https:\/\/folhapopular.info\/wp-content\/uploads\/2025\/02\/WhatsApp-Image-2025-02-24-at-19.55.26.jpeg","contentUrl":"https:\/\/folhapopular.info\/wp-content\/uploads\/2025\/02\/WhatsApp-Image-2025-02-24-at-19.55.26.jpeg","width":1600,"height":1200,"caption":"Elenco vencedor em 2011 se reuniu para festejar - Cr\u00e9dito: Vitor dos Santos \/ Especial FP"},{"@type":"BreadcrumbList","@id":"https:\/\/folhapopular.info\/index.php\/2025\/02\/25\/ribeirense-celebra-14-anos-do-titulo-da-serie-b-com-a-possibilidade-de-voltar-as-atividades\/#breadcrumb","itemListElement":[{"@type":"ListItem","position":1,"name":"In\u00edcio","item":"https:\/\/folhapopular.info\/"},{"@type":"ListItem","position":2,"name":"Ribeirense celebra 14 anos do t\u00edtulo da S\u00e9rie B com a possibilidade de voltar \u00e0s atividades"}]},{"@type":"WebSite","@id":"https:\/\/folhapopular.info\/#website","url":"https:\/\/folhapopular.info\/","name":"Folha Popular","description":"Onde voc\u00ea tem vez e voz","potentialAction":[{"@type":"SearchAction","target":{"@type":"EntryPoint","urlTemplate":"https:\/\/folhapopular.info\/?s={search_term_string}"},"query-input":{"@type":"PropertyValueSpecification","valueRequired":true,"valueName":"search_term_string"}}],"inLanguage":"pt-BR"},{"@type":"Person","@id":"https:\/\/folhapopular.info\/#\/schema\/person\/e852c327371714676d02e58cf917fd9f","name":"Luis Augusto Huppes","image":{"@type":"ImageObject","inLanguage":"pt-BR","@id":"https:\/\/folhapopular.info\/wp-content\/uploads\/2026\/04\/Luis-Augusto-Huppes-1-1.webp","url":"https:\/\/folhapopular.info\/wp-content\/uploads\/2026\/04\/Luis-Augusto-Huppes-1-1.webp","contentUrl":"https:\/\/folhapopular.info\/wp-content\/uploads\/2026\/04\/Luis-Augusto-Huppes-1-1.webp","caption":"Luis Augusto Huppes"},"sameAs":["https:\/\/www.facebook.com\/luis.huppes\/","https:\/\/www.instagram.com\/luis.huppes\/","https:\/\/www.linkedin.com\/in\/luis-augusto-huppes-2554b52b7\/"],"url":"https:\/\/folhapopular.info\/index.php\/author\/luis-augusto-huppes\/"}]}},"jetpack_featured_media_url":"https:\/\/folhapopular.info\/wp-content\/uploads\/2025\/02\/WhatsApp-Image-2025-02-24-at-19.55.26.jpeg","jetpack_sharing_enabled":true,"amp_enabled":true,"_links":{"self":[{"href":"https:\/\/folhapopular.info\/index.php\/wp-json\/wp\/v2\/posts\/181371","targetHints":{"allow":["GET"]}}],"collection":[{"href":"https:\/\/folhapopular.info\/index.php\/wp-json\/wp\/v2\/posts"}],"about":[{"href":"https:\/\/folhapopular.info\/index.php\/wp-json\/wp\/v2\/types\/post"}],"author":[{"embeddable":true,"href":"https:\/\/folhapopular.info\/index.php\/wp-json\/wp\/v2\/users\/732"}],"replies":[{"embeddable":true,"href":"https:\/\/folhapopular.info\/index.php\/wp-json\/wp\/v2\/comments?post=181371"}],"version-history":[{"count":0,"href":"https:\/\/folhapopular.info\/index.php\/wp-json\/wp\/v2\/posts\/181371\/revisions"}],"wp:featuredmedia":[{"embeddable":true,"href":"https:\/\/folhapopular.info\/index.php\/wp-json\/wp\/v2\/media\/181373"}],"wp:attachment":[{"href":"https:\/\/folhapopular.info\/index.php\/wp-json\/wp\/v2\/media?parent=181371"}],"wp:term":[{"taxonomy":"category","embeddable":true,"href":"https:\/\/folhapopular.info\/index.php\/wp-json\/wp\/v2\/categories?post=181371"},{"taxonomy":"post_tag","embeddable":true,"href":"https:\/\/folhapopular.info\/index.php\/wp-json\/wp\/v2\/tags?post=181371"}],"curies":[{"name":"wp","href":"https:\/\/api.w.org\/{rel}","templated":true}]}}