{"id":181387,"date":"2025-02-26T08:49:39","date_gmt":"2025-02-26T11:49:39","guid":{"rendered":"https:\/\/folhapopular.info\/?p=181387"},"modified":"2025-02-26T10:09:25","modified_gmt":"2025-02-26T13:09:25","slug":"incendio-atinge-residencia-em-teutonia-ninguem-ficou-ferido","status":"publish","type":"post","link":"https:\/\/folhapopular.info\/index.php\/2025\/02\/26\/incendio-atinge-residencia-em-teutonia-ninguem-ficou-ferido\/","title":{"rendered":"Inc\u00eandio atinge resid\u00eancia em Teut\u00f4nia; ningu\u00e9m ficou ferido"},"content":{"rendered":"\n<p class=\"wp-block-paragraph\">Um inc\u00eandio residencial foi registrado no final da tarde de ter\u00e7a-feira (25\/2), na Rua Ern\u00e2ni J\u00falio Sippel, no bairro Canabarro, em Teut\u00f4nia. O Corpo de Bombeiros foi acionado \u00e0s 17h58 para combater as chamas que atingiram o t\u00e9rreo da resid\u00eancia.<\/p>\n\n\n\n<p class=\"wp-block-paragraph\">De acordo com os bombeiros, dois ve\u00edculos que estavam na garagem foram retirados antes que fossem consumidos pelo fogo. Como medida de seguran\u00e7a, a rede de energia da casa foi desligada antes do in\u00edcio do combate \u00e0s chamas. A \u00e1rea afetada foi de aproximadamente 30 metros quadrados.<\/p>\n\n\n\n<p class=\"wp-block-paragraph\">Foram utilizados cerca de 500 litros de \u00e1gua para conter o inc\u00eandio e realizar o rescaldo. A ventila\u00e7\u00e3o de todos os ambientes, tanto no piso inferior quanto no superior da resid\u00eancia, foi feita para dissipar a fuma\u00e7a e garantir a seguran\u00e7a do local. Felizmente, n\u00e3o houve registro de v\u00edtimas.<\/p>\n\n\n\n<p class=\"wp-block-paragraph\">At\u00e9 o momento, n\u00e3o h\u00e1 informa\u00e7\u00f5es sobre as causas do inc\u00eandio. As autoridades seguem investigando o que pode ter provocado o sinistro.<\/p>\n","protected":false},"excerpt":{"rendered":"<p>Um inc\u00eandio residencial foi registrado no final da tarde de ter\u00e7a-feira (25\/2), na Rua Ern\u00e2ni J\u00falio Sippel, no bairro Canabarro, em Teut\u00f4nia. O Corpo de Bombeiros foi acionado \u00e0s 17h58 para combater as chamas que atingiram o t\u00e9rreo da resid\u00eancia. De acordo com os bombeiros, dois ve\u00edculos que estavam na garagem foram retirados antes que [&hellip;]<\/p>\n","protected":false},"author":8,"featured_media":181388,"comment_status":"open","ping_status":"open","sticky":false,"template":"","format":"standard","meta":{"pmpro_default_level":"","_jetpack_memberships_contains_paid_content":false,"footnotes":""},"categories":[10984,7],"tags":[],"class_list":["post-181387","post","type-post","status-publish","format-standard","has-post-thumbnail","category-bombeiros","category-seguranca","pmpro-has-access"],"yoast_head":"<!-- This site is optimized with the Yoast SEO plugin v28.4 - https:\/\/yoast.com\/product\/yoast-seo-wordpress\/ -->\n<title>Inc\u00eandio atinge resid\u00eancia em Teut\u00f4nia; ningu\u00e9m ficou ferido - Folha Popular<\/title>\n<meta name=\"robots\" content=\"index, follow, max-snippet:-1, max-image-preview:large, max-video-preview:-1\" \/>\n<link rel=\"canonical\" href=\"https:\/\/folhapopular.info\/index.php\/2025\/02\/26\/incendio-atinge-residencia-em-teutonia-ninguem-ficou-ferido\/\" \/>\n<meta property=\"og:locale\" content=\"pt_BR\" \/>\n<meta property=\"og:type\" content=\"article\" \/>\n<meta property=\"og:title\" content=\"Inc\u00eandio atinge resid\u00eancia em Teut\u00f4nia; ningu\u00e9m ficou ferido - Folha Popular\" \/>\n<meta property=\"og:description\" content=\"Um inc\u00eandio residencial foi registrado no final da tarde de ter\u00e7a-feira (25\/2), na Rua Ern\u00e2ni J\u00falio Sippel, no bairro Canabarro, em Teut\u00f4nia. O Corpo de Bombeiros foi acionado \u00e0s 17h58 para combater as chamas que atingiram o t\u00e9rreo da resid\u00eancia. De acordo com os bombeiros, dois ve\u00edculos que estavam na garagem foram retirados antes que [&hellip;]\" \/>\n<meta property=\"og:url\" content=\"https:\/\/folhapopular.info\/index.php\/2025\/02\/26\/incendio-atinge-residencia-em-teutonia-ninguem-ficou-ferido\/\" \/>\n<meta property=\"og:site_name\" content=\"Folha Popular\" \/>\n<meta property=\"article:published_time\" content=\"2025-02-26T11:49:39+00:00\" \/>\n<meta property=\"article:modified_time\" content=\"2025-02-26T13:09:25+00:00\" \/>\n<meta property=\"og:image\" content=\"http:\/\/folhapopular.info\/wp-content\/uploads\/2025\/02\/WhatsApp-Image-2025-02-25-at-22.15.01-scaled.jpeg\" \/>\n\t<meta property=\"og:image:width\" content=\"1920\" \/>\n\t<meta property=\"og:image:height\" content=\"2560\" \/>\n\t<meta property=\"og:image:type\" content=\"image\/jpeg\" \/>\n<meta name=\"author\" content=\"Reda\u00e7\u00e3o Folha Popular\" \/>\n<meta name=\"twitter:card\" content=\"summary_large_image\" \/>\n<meta name=\"twitter:label1\" content=\"Escrito por\" \/>\n\t<meta name=\"twitter:data1\" content=\"Reda\u00e7\u00e3o Folha Popular\" \/>\n\t<meta name=\"twitter:label2\" content=\"Est. tempo de leitura\" \/>\n\t<meta name=\"twitter:data2\" content=\"2 minutos\" \/>\n<script type=\"application\/ld+json\" class=\"yoast-schema-graph\">{\"@context\":\"https:\\\/\\\/schema.org\",\"@graph\":[{\"@type\":\"Article\",\"@id\":\"https:\\\/\\\/folhapopular.info\\\/index.php\\\/2025\\\/02\\\/26\\\/incendio-atinge-residencia-em-teutonia-ninguem-ficou-ferido\\\/#article\",\"isPartOf\":{\"@id\":\"https:\\\/\\\/folhapopular.info\\\/index.php\\\/2025\\\/02\\\/26\\\/incendio-atinge-residencia-em-teutonia-ninguem-ficou-ferido\\\/\"},\"author\":{\"name\":\"Reda\u00e7\u00e3o Folha Popular\",\"@id\":\"https:\\\/\\\/folhapopular.info\\\/#\\\/schema\\\/person\\\/2814e8a0df7643585a9ca38bc6eb9d4b\"},\"headline\":\"Inc\u00eandio atinge resid\u00eancia em Teut\u00f4nia; ningu\u00e9m ficou ferido\",\"datePublished\":\"2025-02-26T11:49:39+00:00\",\"dateModified\":\"2025-02-26T13:09:25+00:00\",\"mainEntityOfPage\":{\"@id\":\"https:\\\/\\\/folhapopular.info\\\/index.php\\\/2025\\\/02\\\/26\\\/incendio-atinge-residencia-em-teutonia-ninguem-ficou-ferido\\\/\"},\"wordCount\":187,\"commentCount\":0,\"image\":{\"@id\":\"https:\\\/\\\/folhapopular.info\\\/index.php\\\/2025\\\/02\\\/26\\\/incendio-atinge-residencia-em-teutonia-ninguem-ficou-ferido\\\/#primaryimage\"},\"thumbnailUrl\":\"https:\\\/\\\/folhapopular.info\\\/wp-content\\\/uploads\\\/2025\\\/02\\\/WhatsApp-Image-2025-02-25-at-22.15.01-scaled.jpeg\",\"articleSection\":[\"Bombeiros\",\"Seguran\u00e7a\"],\"inLanguage\":\"pt-BR\",\"potentialAction\":[{\"@type\":\"CommentAction\",\"name\":\"Comment\",\"target\":[\"https:\\\/\\\/folhapopular.info\\\/index.php\\\/2025\\\/02\\\/26\\\/incendio-atinge-residencia-em-teutonia-ninguem-ficou-ferido\\\/#respond\"]}]},{\"@type\":\"WebPage\",\"@id\":\"https:\\\/\\\/folhapopular.info\\\/index.php\\\/2025\\\/02\\\/26\\\/incendio-atinge-residencia-em-teutonia-ninguem-ficou-ferido\\\/\",\"url\":\"https:\\\/\\\/folhapopular.info\\\/index.php\\\/2025\\\/02\\\/26\\\/incendio-atinge-residencia-em-teutonia-ninguem-ficou-ferido\\\/\",\"name\":\"Inc\u00eandio atinge resid\u00eancia em Teut\u00f4nia; ningu\u00e9m ficou ferido - Folha Popular\",\"isPartOf\":{\"@id\":\"https:\\\/\\\/folhapopular.info\\\/#website\"},\"primaryImageOfPage\":{\"@id\":\"https:\\\/\\\/folhapopular.info\\\/index.php\\\/2025\\\/02\\\/26\\\/incendio-atinge-residencia-em-teutonia-ninguem-ficou-ferido\\\/#primaryimage\"},\"image\":{\"@id\":\"https:\\\/\\\/folhapopular.info\\\/index.php\\\/2025\\\/02\\\/26\\\/incendio-atinge-residencia-em-teutonia-ninguem-ficou-ferido\\\/#primaryimage\"},\"thumbnailUrl\":\"https:\\\/\\\/folhapopular.info\\\/wp-content\\\/uploads\\\/2025\\\/02\\\/WhatsApp-Image-2025-02-25-at-22.15.01-scaled.jpeg\",\"datePublished\":\"2025-02-26T11:49:39+00:00\",\"dateModified\":\"2025-02-26T13:09:25+00:00\",\"author\":{\"@id\":\"https:\\\/\\\/folhapopular.info\\\/#\\\/schema\\\/person\\\/2814e8a0df7643585a9ca38bc6eb9d4b\"},\"breadcrumb\":{\"@id\":\"https:\\\/\\\/folhapopular.info\\\/index.php\\\/2025\\\/02\\\/26\\\/incendio-atinge-residencia-em-teutonia-ninguem-ficou-ferido\\\/#breadcrumb\"},\"inLanguage\":\"pt-BR\",\"potentialAction\":[{\"@type\":\"ReadAction\",\"target\":[\"https:\\\/\\\/folhapopular.info\\\/index.php\\\/2025\\\/02\\\/26\\\/incendio-atinge-residencia-em-teutonia-ninguem-ficou-ferido\\\/\"]}]},{\"@type\":\"ImageObject\",\"inLanguage\":\"pt-BR\",\"@id\":\"https:\\\/\\\/folhapopular.info\\\/index.php\\\/2025\\\/02\\\/26\\\/incendio-atinge-residencia-em-teutonia-ninguem-ficou-ferido\\\/#primaryimage\",\"url\":\"https:\\\/\\\/folhapopular.info\\\/wp-content\\\/uploads\\\/2025\\\/02\\\/WhatsApp-Image-2025-02-25-at-22.15.01-scaled.jpeg\",\"contentUrl\":\"https:\\\/\\\/folhapopular.info\\\/wp-content\\\/uploads\\\/2025\\\/02\\\/WhatsApp-Image-2025-02-25-at-22.15.01-scaled.jpeg\",\"width\":1920,\"height\":2560},{\"@type\":\"BreadcrumbList\",\"@id\":\"https:\\\/\\\/folhapopular.info\\\/index.php\\\/2025\\\/02\\\/26\\\/incendio-atinge-residencia-em-teutonia-ninguem-ficou-ferido\\\/#breadcrumb\",\"itemListElement\":[{\"@type\":\"ListItem\",\"position\":1,\"name\":\"In\u00edcio\",\"item\":\"https:\\\/\\\/folhapopular.info\\\/\"},{\"@type\":\"ListItem\",\"position\":2,\"name\":\"Inc\u00eandio atinge resid\u00eancia em Teut\u00f4nia; ningu\u00e9m ficou ferido\"}]},{\"@type\":\"WebSite\",\"@id\":\"https:\\\/\\\/folhapopular.info\\\/#website\",\"url\":\"https:\\\/\\\/folhapopular.info\\\/\",\"name\":\"Folha Popular\",\"description\":\"Onde voc\u00ea tem vez e voz\",\"potentialAction\":[{\"@type\":\"SearchAction\",\"target\":{\"@type\":\"EntryPoint\",\"urlTemplate\":\"https:\\\/\\\/folhapopular.info\\\/?s={search_term_string}\"},\"query-input\":{\"@type\":\"PropertyValueSpecification\",\"valueRequired\":true,\"valueName\":\"search_term_string\"}}],\"inLanguage\":\"pt-BR\"},{\"@type\":\"Person\",\"@id\":\"https:\\\/\\\/folhapopular.info\\\/#\\\/schema\\\/person\\\/2814e8a0df7643585a9ca38bc6eb9d4b\",\"name\":\"Reda\u00e7\u00e3o Folha Popular\",\"image\":{\"@type\":\"ImageObject\",\"inLanguage\":\"pt-BR\",\"@id\":\"https:\\\/\\\/folhapopular.info\\\/wp-content\\\/uploads\\\/2026\\\/04\\\/Folha-1.webp\",\"url\":\"https:\\\/\\\/folhapopular.info\\\/wp-content\\\/uploads\\\/2026\\\/04\\\/Folha-1.webp\",\"contentUrl\":\"https:\\\/\\\/folhapopular.info\\\/wp-content\\\/uploads\\\/2026\\\/04\\\/Folha-1.webp\",\"caption\":\"Reda\u00e7\u00e3o Folha Popular\"},\"url\":\"https:\\\/\\\/folhapopular.info\\\/index.php\\\/author\\\/redacao\\\/\"}]}<\/script>\n<!-- \/ Yoast SEO plugin. -->","yoast_head_json":{"title":"Inc\u00eandio atinge resid\u00eancia em Teut\u00f4nia; ningu\u00e9m ficou ferido - Folha Popular","robots":{"index":"index","follow":"follow","max-snippet":"max-snippet:-1","max-image-preview":"max-image-preview:large","max-video-preview":"max-video-preview:-1"},"canonical":"https:\/\/folhapopular.info\/index.php\/2025\/02\/26\/incendio-atinge-residencia-em-teutonia-ninguem-ficou-ferido\/","og_locale":"pt_BR","og_type":"article","og_title":"Inc\u00eandio atinge resid\u00eancia em Teut\u00f4nia; ningu\u00e9m ficou ferido - Folha Popular","og_description":"Um inc\u00eandio residencial foi registrado no final da tarde de ter\u00e7a-feira (25\/2), na Rua Ern\u00e2ni J\u00falio Sippel, no bairro Canabarro, em Teut\u00f4nia. O Corpo de Bombeiros foi acionado \u00e0s 17h58 para combater as chamas que atingiram o t\u00e9rreo da resid\u00eancia. De acordo com os bombeiros, dois ve\u00edculos que estavam na garagem foram retirados antes que [&hellip;]","og_url":"https:\/\/folhapopular.info\/index.php\/2025\/02\/26\/incendio-atinge-residencia-em-teutonia-ninguem-ficou-ferido\/","og_site_name":"Folha Popular","article_published_time":"2025-02-26T11:49:39+00:00","article_modified_time":"2025-02-26T13:09:25+00:00","og_image":[{"width":1920,"height":2560,"url":"http:\/\/folhapopular.info\/wp-content\/uploads\/2025\/02\/WhatsApp-Image-2025-02-25-at-22.15.01-scaled.jpeg","type":"image\/jpeg"}],"author":"Reda\u00e7\u00e3o Folha Popular","twitter_card":"summary_large_image","twitter_misc":{"Escrito por":"Reda\u00e7\u00e3o Folha Popular","Est. tempo de leitura":"2 minutos"},"schema":{"@context":"https:\/\/schema.org","@graph":[{"@type":"Article","@id":"https:\/\/folhapopular.info\/index.php\/2025\/02\/26\/incendio-atinge-residencia-em-teutonia-ninguem-ficou-ferido\/#article","isPartOf":{"@id":"https:\/\/folhapopular.info\/index.php\/2025\/02\/26\/incendio-atinge-residencia-em-teutonia-ninguem-ficou-ferido\/"},"author":{"name":"Reda\u00e7\u00e3o Folha Popular","@id":"https:\/\/folhapopular.info\/#\/schema\/person\/2814e8a0df7643585a9ca38bc6eb9d4b"},"headline":"Inc\u00eandio atinge resid\u00eancia em Teut\u00f4nia; ningu\u00e9m ficou ferido","datePublished":"2025-02-26T11:49:39+00:00","dateModified":"2025-02-26T13:09:25+00:00","mainEntityOfPage":{"@id":"https:\/\/folhapopular.info\/index.php\/2025\/02\/26\/incendio-atinge-residencia-em-teutonia-ninguem-ficou-ferido\/"},"wordCount":187,"commentCount":0,"image":{"@id":"https:\/\/folhapopular.info\/index.php\/2025\/02\/26\/incendio-atinge-residencia-em-teutonia-ninguem-ficou-ferido\/#primaryimage"},"thumbnailUrl":"https:\/\/folhapopular.info\/wp-content\/uploads\/2025\/02\/WhatsApp-Image-2025-02-25-at-22.15.01-scaled.jpeg","articleSection":["Bombeiros","Seguran\u00e7a"],"inLanguage":"pt-BR","potentialAction":[{"@type":"CommentAction","name":"Comment","target":["https:\/\/folhapopular.info\/index.php\/2025\/02\/26\/incendio-atinge-residencia-em-teutonia-ninguem-ficou-ferido\/#respond"]}]},{"@type":"WebPage","@id":"https:\/\/folhapopular.info\/index.php\/2025\/02\/26\/incendio-atinge-residencia-em-teutonia-ninguem-ficou-ferido\/","url":"https:\/\/folhapopular.info\/index.php\/2025\/02\/26\/incendio-atinge-residencia-em-teutonia-ninguem-ficou-ferido\/","name":"Inc\u00eandio atinge resid\u00eancia em Teut\u00f4nia; ningu\u00e9m ficou ferido - Folha Popular","isPartOf":{"@id":"https:\/\/folhapopular.info\/#website"},"primaryImageOfPage":{"@id":"https:\/\/folhapopular.info\/index.php\/2025\/02\/26\/incendio-atinge-residencia-em-teutonia-ninguem-ficou-ferido\/#primaryimage"},"image":{"@id":"https:\/\/folhapopular.info\/index.php\/2025\/02\/26\/incendio-atinge-residencia-em-teutonia-ninguem-ficou-ferido\/#primaryimage"},"thumbnailUrl":"https:\/\/folhapopular.info\/wp-content\/uploads\/2025\/02\/WhatsApp-Image-2025-02-25-at-22.15.01-scaled.jpeg","datePublished":"2025-02-26T11:49:39+00:00","dateModified":"2025-02-26T13:09:25+00:00","author":{"@id":"https:\/\/folhapopular.info\/#\/schema\/person\/2814e8a0df7643585a9ca38bc6eb9d4b"},"breadcrumb":{"@id":"https:\/\/folhapopular.info\/index.php\/2025\/02\/26\/incendio-atinge-residencia-em-teutonia-ninguem-ficou-ferido\/#breadcrumb"},"inLanguage":"pt-BR","potentialAction":[{"@type":"ReadAction","target":["https:\/\/folhapopular.info\/index.php\/2025\/02\/26\/incendio-atinge-residencia-em-teutonia-ninguem-ficou-ferido\/"]}]},{"@type":"ImageObject","inLanguage":"pt-BR","@id":"https:\/\/folhapopular.info\/index.php\/2025\/02\/26\/incendio-atinge-residencia-em-teutonia-ninguem-ficou-ferido\/#primaryimage","url":"https:\/\/folhapopular.info\/wp-content\/uploads\/2025\/02\/WhatsApp-Image-2025-02-25-at-22.15.01-scaled.jpeg","contentUrl":"https:\/\/folhapopular.info\/wp-content\/uploads\/2025\/02\/WhatsApp-Image-2025-02-25-at-22.15.01-scaled.jpeg","width":1920,"height":2560},{"@type":"BreadcrumbList","@id":"https:\/\/folhapopular.info\/index.php\/2025\/02\/26\/incendio-atinge-residencia-em-teutonia-ninguem-ficou-ferido\/#breadcrumb","itemListElement":[{"@type":"ListItem","position":1,"name":"In\u00edcio","item":"https:\/\/folhapopular.info\/"},{"@type":"ListItem","position":2,"name":"Inc\u00eandio atinge resid\u00eancia em Teut\u00f4nia; ningu\u00e9m ficou ferido"}]},{"@type":"WebSite","@id":"https:\/\/folhapopular.info\/#website","url":"https:\/\/folhapopular.info\/","name":"Folha Popular","description":"Onde voc\u00ea tem vez e voz","potentialAction":[{"@type":"SearchAction","target":{"@type":"EntryPoint","urlTemplate":"https:\/\/folhapopular.info\/?s={search_term_string}"},"query-input":{"@type":"PropertyValueSpecification","valueRequired":true,"valueName":"search_term_string"}}],"inLanguage":"pt-BR"},{"@type":"Person","@id":"https:\/\/folhapopular.info\/#\/schema\/person\/2814e8a0df7643585a9ca38bc6eb9d4b","name":"Reda\u00e7\u00e3o Folha Popular","image":{"@type":"ImageObject","inLanguage":"pt-BR","@id":"https:\/\/folhapopular.info\/wp-content\/uploads\/2026\/04\/Folha-1.webp","url":"https:\/\/folhapopular.info\/wp-content\/uploads\/2026\/04\/Folha-1.webp","contentUrl":"https:\/\/folhapopular.info\/wp-content\/uploads\/2026\/04\/Folha-1.webp","caption":"Reda\u00e7\u00e3o Folha Popular"},"url":"https:\/\/folhapopular.info\/index.php\/author\/redacao\/"}]}},"jetpack_sharing_enabled":true,"amp_enabled":true,"jetpack_featured_media_url":"https:\/\/folhapopular.info\/wp-content\/uploads\/2025\/02\/WhatsApp-Image-2025-02-25-at-22.15.01-scaled.jpeg","_links":{"self":[{"href":"https:\/\/folhapopular.info\/index.php\/wp-json\/wp\/v2\/posts\/181387","targetHints":{"allow":["GET"]}}],"collection":[{"href":"https:\/\/folhapopular.info\/index.php\/wp-json\/wp\/v2\/posts"}],"about":[{"href":"https:\/\/folhapopular.info\/index.php\/wp-json\/wp\/v2\/types\/post"}],"author":[{"embeddable":true,"href":"https:\/\/folhapopular.info\/index.php\/wp-json\/wp\/v2\/users\/8"}],"replies":[{"embeddable":true,"href":"https:\/\/folhapopular.info\/index.php\/wp-json\/wp\/v2\/comments?post=181387"}],"version-history":[{"count":0,"href":"https:\/\/folhapopular.info\/index.php\/wp-json\/wp\/v2\/posts\/181387\/revisions"}],"wp:featuredmedia":[{"embeddable":true,"href":"https:\/\/folhapopular.info\/index.php\/wp-json\/wp\/v2\/media\/181388"}],"wp:attachment":[{"href":"https:\/\/folhapopular.info\/index.php\/wp-json\/wp\/v2\/media?parent=181387"}],"wp:term":[{"taxonomy":"category","embeddable":true,"href":"https:\/\/folhapopular.info\/index.php\/wp-json\/wp\/v2\/categories?post=181387"},{"taxonomy":"post_tag","embeddable":true,"href":"https:\/\/folhapopular.info\/index.php\/wp-json\/wp\/v2\/tags?post=181387"}],"curies":[{"name":"wp","href":"https:\/\/api.w.org\/{rel}","templated":true}]}}