{"id":181500,"date":"2025-02-28T09:39:19","date_gmt":"2025-02-28T12:39:19","guid":{"rendered":"https:\/\/folhapopular.info\/?p=181500"},"modified":"2025-02-28T09:39:23","modified_gmt":"2025-02-28T12:39:23","slug":"colheita-de-soja-inicia-no-rio-grande-do-sul","status":"publish","type":"post","link":"https:\/\/folhapopular.info\/index.php\/2025\/02\/28\/colheita-de-soja-inicia-no-rio-grande-do-sul\/","title":{"rendered":"Colheita de soja inicia no Rio Grande do Sul"},"content":{"rendered":"\n<p>Os cultivos de soja est\u00e3o avan\u00e7ando para as fases finais, com a colheita iniciada em algumas \u00e1reas (menos de 1% da produ\u00e7\u00e3o total). O est\u00e1gio de enchimento de gr\u00e3os predomina (56%), enquanto 12% das lavouras est\u00e3o em matura\u00e7\u00e3o, 25% em flora\u00e7\u00e3o e 6% em germina\u00e7\u00e3o. A produtividade est\u00e1 abaixo da estimada, com uma \u00e1rea de 6.811.344 hectares e produtividade m\u00e9dia de 3.179 kg\/ha. A Emater\/RS-Ascar divulgar\u00e1 novas estimativas em mar\u00e7o. <\/p>\n\n\n\n<p>As condi\u00e7\u00f5es das lavouras variam com a irregularidade das chuvas e altas temperaturas, resultando em queda de vagens e gr\u00e3os subdesenvolvidos, especialmente em \u00e1reas afetadas pela estiagem no Centro-Oeste.<\/p>\n\n\n\n<p><strong>Milho<\/strong><\/p>\n\n\n\n<p>A colheita do milho atingiu 64% da \u00e1rea cultivada, com produtividade satisfat\u00f3ria, apesar da falta de chuvas no ciclo. A estimativa para a Safra 2024\/2025 \u00e9 de 748.511 hectares e produtividade m\u00e9dia de 7.116 kg\/ha. A restri\u00e7\u00e3o h\u00eddrica afetou cultivos semeados em novembro e dezembro, mas as lavouras plantadas tardiamente devem se recuperar com a reposi\u00e7\u00e3o de umidade.<\/p>\n\n\n\n<p><strong>Milho para silagem<\/strong><\/p>\n\n\n\n<p>A colheita avan\u00e7ou para 72%, com produtividade satisfat\u00f3ria, pr\u00f3xima da previs\u00e3o inicial. A \u00e1rea cultivada para a Safra 2024\/2025 \u00e9 de 357.311 hectares, com produtividade m\u00e9dia de 39.457 kg\/ha. As chuvas recentes ajudaram a forma\u00e7\u00e3o de biomassa nas semeaduras tardias e nas lavouras em enchimento de gr\u00e3os.<\/p>\n","protected":false},"excerpt":{"rendered":"<p>Os cultivos de soja est\u00e3o avan\u00e7ando para as fases finais, com a colheita iniciada em algumas \u00e1reas (menos de 1% da produ\u00e7\u00e3o total). O est\u00e1gio de enchimento de gr\u00e3os predomina (56%), enquanto 12% das lavouras est\u00e3o em matura\u00e7\u00e3o, 25% em flora\u00e7\u00e3o e 6% em germina\u00e7\u00e3o. A produtividade est\u00e1 abaixo da estimada, com uma \u00e1rea de [&hellip;]<\/p>\n","protected":false},"author":8,"featured_media":181501,"comment_status":"open","ping_status":"open","sticky":false,"template":"","format":"standard","meta":{"pmpro_default_level":"","_jetpack_memberships_contains_paid_content":false,"footnotes":""},"categories":[2,10991,10994],"tags":[6948,1794,1198],"class_list":{"0":"post-181500","1":"post","2":"type-post","3":"status-publish","4":"format-standard","5":"has-post-thumbnail","7":"category-featured","8":"category-economia","9":"category-rural","10":"tag-agro","11":"tag-rio-grande-do-sul","12":"tag-soja","13":"pmpro-has-access"},"yoast_head":"<!-- This site is optimized with the Yoast SEO plugin v27.5 - https:\/\/yoast.com\/product\/yoast-seo-wordpress\/ -->\n<title>Colheita de soja inicia no Rio Grande do Sul - Folha Popular<\/title>\n<meta name=\"robots\" content=\"index, follow, max-snippet:-1, max-image-preview:large, max-video-preview:-1\" \/>\n<link rel=\"canonical\" href=\"https:\/\/folhapopular.info\/index.php\/2025\/02\/28\/colheita-de-soja-inicia-no-rio-grande-do-sul\/\" \/>\n<meta property=\"og:locale\" content=\"pt_BR\" \/>\n<meta property=\"og:type\" content=\"article\" \/>\n<meta property=\"og:title\" content=\"Colheita de soja inicia no Rio Grande do Sul - Folha Popular\" \/>\n<meta property=\"og:description\" content=\"Os cultivos de soja est\u00e3o avan\u00e7ando para as fases finais, com a colheita iniciada em algumas \u00e1reas (menos de 1% da produ\u00e7\u00e3o total). O est\u00e1gio de enchimento de gr\u00e3os predomina (56%), enquanto 12% das lavouras est\u00e3o em matura\u00e7\u00e3o, 25% em flora\u00e7\u00e3o e 6% em germina\u00e7\u00e3o. A produtividade est\u00e1 abaixo da estimada, com uma \u00e1rea de [&hellip;]\" \/>\n<meta property=\"og:url\" content=\"https:\/\/folhapopular.info\/index.php\/2025\/02\/28\/colheita-de-soja-inicia-no-rio-grande-do-sul\/\" \/>\n<meta property=\"og:site_name\" content=\"Folha Popular\" \/>\n<meta property=\"article:published_time\" content=\"2025-02-28T12:39:19+00:00\" \/>\n<meta property=\"article:modified_time\" content=\"2025-02-28T12:39:23+00:00\" \/>\n<meta property=\"og:image\" content=\"http:\/\/folhapopular.info\/wp-content\/uploads\/2025\/02\/InformativoConjuntural_2702_VanessaAlmeidadeMoraes.jpeg\" \/>\n\t<meta property=\"og:image:width\" content=\"960\" \/>\n\t<meta property=\"og:image:height\" content=\"540\" \/>\n\t<meta property=\"og:image:type\" content=\"image\/jpeg\" \/>\n<meta name=\"author\" content=\"Reda\u00e7\u00e3o Folha Popular\" \/>\n<meta name=\"twitter:card\" content=\"summary_large_image\" \/>\n<meta name=\"twitter:label1\" content=\"Escrito por\" \/>\n\t<meta name=\"twitter:data1\" content=\"Reda\u00e7\u00e3o Folha Popular\" \/>\n\t<meta name=\"twitter:label2\" content=\"Est. tempo de leitura\" \/>\n\t<meta name=\"twitter:data2\" content=\"2 minutos\" \/>\n<script type=\"application\/ld+json\" class=\"yoast-schema-graph\">{\"@context\":\"https:\\\/\\\/schema.org\",\"@graph\":[{\"@type\":\"Article\",\"@id\":\"https:\\\/\\\/folhapopular.info\\\/index.php\\\/2025\\\/02\\\/28\\\/colheita-de-soja-inicia-no-rio-grande-do-sul\\\/#article\",\"isPartOf\":{\"@id\":\"https:\\\/\\\/folhapopular.info\\\/index.php\\\/2025\\\/02\\\/28\\\/colheita-de-soja-inicia-no-rio-grande-do-sul\\\/\"},\"author\":{\"name\":\"Reda\u00e7\u00e3o Folha Popular\",\"@id\":\"https:\\\/\\\/folhapopular.info\\\/#\\\/schema\\\/person\\\/2814e8a0df7643585a9ca38bc6eb9d4b\"},\"headline\":\"Colheita de soja inicia no Rio Grande do Sul\",\"datePublished\":\"2025-02-28T12:39:19+00:00\",\"dateModified\":\"2025-02-28T12:39:23+00:00\",\"mainEntityOfPage\":{\"@id\":\"https:\\\/\\\/folhapopular.info\\\/index.php\\\/2025\\\/02\\\/28\\\/colheita-de-soja-inicia-no-rio-grande-do-sul\\\/\"},\"wordCount\":229,\"commentCount\":0,\"image\":{\"@id\":\"https:\\\/\\\/folhapopular.info\\\/index.php\\\/2025\\\/02\\\/28\\\/colheita-de-soja-inicia-no-rio-grande-do-sul\\\/#primaryimage\"},\"thumbnailUrl\":\"https:\\\/\\\/folhapopular.info\\\/wp-content\\\/uploads\\\/2025\\\/02\\\/InformativoConjuntural_2702_VanessaAlmeidadeMoraes.jpeg\",\"keywords\":[\"Agro\",\"Rio Grande do Sul\",\"Soja\"],\"articleSection\":[\"Destaques\",\"Economia\",\"Rural\"],\"inLanguage\":\"pt-BR\",\"potentialAction\":[{\"@type\":\"CommentAction\",\"name\":\"Comment\",\"target\":[\"https:\\\/\\\/folhapopular.info\\\/index.php\\\/2025\\\/02\\\/28\\\/colheita-de-soja-inicia-no-rio-grande-do-sul\\\/#respond\"]}]},{\"@type\":\"WebPage\",\"@id\":\"https:\\\/\\\/folhapopular.info\\\/index.php\\\/2025\\\/02\\\/28\\\/colheita-de-soja-inicia-no-rio-grande-do-sul\\\/\",\"url\":\"https:\\\/\\\/folhapopular.info\\\/index.php\\\/2025\\\/02\\\/28\\\/colheita-de-soja-inicia-no-rio-grande-do-sul\\\/\",\"name\":\"Colheita de soja inicia no Rio Grande do Sul - Folha Popular\",\"isPartOf\":{\"@id\":\"https:\\\/\\\/folhapopular.info\\\/#website\"},\"primaryImageOfPage\":{\"@id\":\"https:\\\/\\\/folhapopular.info\\\/index.php\\\/2025\\\/02\\\/28\\\/colheita-de-soja-inicia-no-rio-grande-do-sul\\\/#primaryimage\"},\"image\":{\"@id\":\"https:\\\/\\\/folhapopular.info\\\/index.php\\\/2025\\\/02\\\/28\\\/colheita-de-soja-inicia-no-rio-grande-do-sul\\\/#primaryimage\"},\"thumbnailUrl\":\"https:\\\/\\\/folhapopular.info\\\/wp-content\\\/uploads\\\/2025\\\/02\\\/InformativoConjuntural_2702_VanessaAlmeidadeMoraes.jpeg\",\"datePublished\":\"2025-02-28T12:39:19+00:00\",\"dateModified\":\"2025-02-28T12:39:23+00:00\",\"author\":{\"@id\":\"https:\\\/\\\/folhapopular.info\\\/#\\\/schema\\\/person\\\/2814e8a0df7643585a9ca38bc6eb9d4b\"},\"breadcrumb\":{\"@id\":\"https:\\\/\\\/folhapopular.info\\\/index.php\\\/2025\\\/02\\\/28\\\/colheita-de-soja-inicia-no-rio-grande-do-sul\\\/#breadcrumb\"},\"inLanguage\":\"pt-BR\",\"potentialAction\":[{\"@type\":\"ReadAction\",\"target\":[\"https:\\\/\\\/folhapopular.info\\\/index.php\\\/2025\\\/02\\\/28\\\/colheita-de-soja-inicia-no-rio-grande-do-sul\\\/\"]}]},{\"@type\":\"ImageObject\",\"inLanguage\":\"pt-BR\",\"@id\":\"https:\\\/\\\/folhapopular.info\\\/index.php\\\/2025\\\/02\\\/28\\\/colheita-de-soja-inicia-no-rio-grande-do-sul\\\/#primaryimage\",\"url\":\"https:\\\/\\\/folhapopular.info\\\/wp-content\\\/uploads\\\/2025\\\/02\\\/InformativoConjuntural_2702_VanessaAlmeidadeMoraes.jpeg\",\"contentUrl\":\"https:\\\/\\\/folhapopular.info\\\/wp-content\\\/uploads\\\/2025\\\/02\\\/InformativoConjuntural_2702_VanessaAlmeidadeMoraes.jpeg\",\"width\":960,\"height\":540,\"caption\":\"Cr\u00e9dito: Vanessa Almeida de Moraes \\\/ Divulga\u00e7\u00e3o\"},{\"@type\":\"BreadcrumbList\",\"@id\":\"https:\\\/\\\/folhapopular.info\\\/index.php\\\/2025\\\/02\\\/28\\\/colheita-de-soja-inicia-no-rio-grande-do-sul\\\/#breadcrumb\",\"itemListElement\":[{\"@type\":\"ListItem\",\"position\":1,\"name\":\"In\u00edcio\",\"item\":\"https:\\\/\\\/folhapopular.info\\\/\"},{\"@type\":\"ListItem\",\"position\":2,\"name\":\"Colheita de soja inicia no Rio Grande do Sul\"}]},{\"@type\":\"WebSite\",\"@id\":\"https:\\\/\\\/folhapopular.info\\\/#website\",\"url\":\"https:\\\/\\\/folhapopular.info\\\/\",\"name\":\"Folha Popular\",\"description\":\"Onde voc\u00ea tem vez e voz\",\"potentialAction\":[{\"@type\":\"SearchAction\",\"target\":{\"@type\":\"EntryPoint\",\"urlTemplate\":\"https:\\\/\\\/folhapopular.info\\\/?s={search_term_string}\"},\"query-input\":{\"@type\":\"PropertyValueSpecification\",\"valueRequired\":true,\"valueName\":\"search_term_string\"}}],\"inLanguage\":\"pt-BR\"},{\"@type\":\"Person\",\"@id\":\"https:\\\/\\\/folhapopular.info\\\/#\\\/schema\\\/person\\\/2814e8a0df7643585a9ca38bc6eb9d4b\",\"name\":\"Reda\u00e7\u00e3o Folha Popular\",\"image\":{\"@type\":\"ImageObject\",\"inLanguage\":\"pt-BR\",\"@id\":\"https:\\\/\\\/folhapopular.info\\\/wp-content\\\/uploads\\\/2026\\\/04\\\/Folha-1.webp\",\"url\":\"https:\\\/\\\/folhapopular.info\\\/wp-content\\\/uploads\\\/2026\\\/04\\\/Folha-1.webp\",\"contentUrl\":\"https:\\\/\\\/folhapopular.info\\\/wp-content\\\/uploads\\\/2026\\\/04\\\/Folha-1.webp\",\"caption\":\"Reda\u00e7\u00e3o Folha Popular\"},\"url\":\"https:\\\/\\\/folhapopular.info\\\/index.php\\\/author\\\/redacao\\\/\"}]}<\/script>\n<!-- \/ Yoast SEO plugin. -->","yoast_head_json":{"title":"Colheita de soja inicia no Rio Grande do Sul - Folha Popular","robots":{"index":"index","follow":"follow","max-snippet":"max-snippet:-1","max-image-preview":"max-image-preview:large","max-video-preview":"max-video-preview:-1"},"canonical":"https:\/\/folhapopular.info\/index.php\/2025\/02\/28\/colheita-de-soja-inicia-no-rio-grande-do-sul\/","og_locale":"pt_BR","og_type":"article","og_title":"Colheita de soja inicia no Rio Grande do Sul - Folha Popular","og_description":"Os cultivos de soja est\u00e3o avan\u00e7ando para as fases finais, com a colheita iniciada em algumas \u00e1reas (menos de 1% da produ\u00e7\u00e3o total). O est\u00e1gio de enchimento de gr\u00e3os predomina (56%), enquanto 12% das lavouras est\u00e3o em matura\u00e7\u00e3o, 25% em flora\u00e7\u00e3o e 6% em germina\u00e7\u00e3o. A produtividade est\u00e1 abaixo da estimada, com uma \u00e1rea de [&hellip;]","og_url":"https:\/\/folhapopular.info\/index.php\/2025\/02\/28\/colheita-de-soja-inicia-no-rio-grande-do-sul\/","og_site_name":"Folha Popular","article_published_time":"2025-02-28T12:39:19+00:00","article_modified_time":"2025-02-28T12:39:23+00:00","og_image":[{"width":960,"height":540,"url":"http:\/\/folhapopular.info\/wp-content\/uploads\/2025\/02\/InformativoConjuntural_2702_VanessaAlmeidadeMoraes.jpeg","type":"image\/jpeg"}],"author":"Reda\u00e7\u00e3o Folha Popular","twitter_card":"summary_large_image","twitter_misc":{"Escrito por":"Reda\u00e7\u00e3o Folha Popular","Est. tempo de leitura":"2 minutos"},"schema":{"@context":"https:\/\/schema.org","@graph":[{"@type":"Article","@id":"https:\/\/folhapopular.info\/index.php\/2025\/02\/28\/colheita-de-soja-inicia-no-rio-grande-do-sul\/#article","isPartOf":{"@id":"https:\/\/folhapopular.info\/index.php\/2025\/02\/28\/colheita-de-soja-inicia-no-rio-grande-do-sul\/"},"author":{"name":"Reda\u00e7\u00e3o Folha Popular","@id":"https:\/\/folhapopular.info\/#\/schema\/person\/2814e8a0df7643585a9ca38bc6eb9d4b"},"headline":"Colheita de soja inicia no Rio Grande do Sul","datePublished":"2025-02-28T12:39:19+00:00","dateModified":"2025-02-28T12:39:23+00:00","mainEntityOfPage":{"@id":"https:\/\/folhapopular.info\/index.php\/2025\/02\/28\/colheita-de-soja-inicia-no-rio-grande-do-sul\/"},"wordCount":229,"commentCount":0,"image":{"@id":"https:\/\/folhapopular.info\/index.php\/2025\/02\/28\/colheita-de-soja-inicia-no-rio-grande-do-sul\/#primaryimage"},"thumbnailUrl":"https:\/\/folhapopular.info\/wp-content\/uploads\/2025\/02\/InformativoConjuntural_2702_VanessaAlmeidadeMoraes.jpeg","keywords":["Agro","Rio Grande do Sul","Soja"],"articleSection":["Destaques","Economia","Rural"],"inLanguage":"pt-BR","potentialAction":[{"@type":"CommentAction","name":"Comment","target":["https:\/\/folhapopular.info\/index.php\/2025\/02\/28\/colheita-de-soja-inicia-no-rio-grande-do-sul\/#respond"]}]},{"@type":"WebPage","@id":"https:\/\/folhapopular.info\/index.php\/2025\/02\/28\/colheita-de-soja-inicia-no-rio-grande-do-sul\/","url":"https:\/\/folhapopular.info\/index.php\/2025\/02\/28\/colheita-de-soja-inicia-no-rio-grande-do-sul\/","name":"Colheita de soja inicia no Rio Grande do Sul - Folha Popular","isPartOf":{"@id":"https:\/\/folhapopular.info\/#website"},"primaryImageOfPage":{"@id":"https:\/\/folhapopular.info\/index.php\/2025\/02\/28\/colheita-de-soja-inicia-no-rio-grande-do-sul\/#primaryimage"},"image":{"@id":"https:\/\/folhapopular.info\/index.php\/2025\/02\/28\/colheita-de-soja-inicia-no-rio-grande-do-sul\/#primaryimage"},"thumbnailUrl":"https:\/\/folhapopular.info\/wp-content\/uploads\/2025\/02\/InformativoConjuntural_2702_VanessaAlmeidadeMoraes.jpeg","datePublished":"2025-02-28T12:39:19+00:00","dateModified":"2025-02-28T12:39:23+00:00","author":{"@id":"https:\/\/folhapopular.info\/#\/schema\/person\/2814e8a0df7643585a9ca38bc6eb9d4b"},"breadcrumb":{"@id":"https:\/\/folhapopular.info\/index.php\/2025\/02\/28\/colheita-de-soja-inicia-no-rio-grande-do-sul\/#breadcrumb"},"inLanguage":"pt-BR","potentialAction":[{"@type":"ReadAction","target":["https:\/\/folhapopular.info\/index.php\/2025\/02\/28\/colheita-de-soja-inicia-no-rio-grande-do-sul\/"]}]},{"@type":"ImageObject","inLanguage":"pt-BR","@id":"https:\/\/folhapopular.info\/index.php\/2025\/02\/28\/colheita-de-soja-inicia-no-rio-grande-do-sul\/#primaryimage","url":"https:\/\/folhapopular.info\/wp-content\/uploads\/2025\/02\/InformativoConjuntural_2702_VanessaAlmeidadeMoraes.jpeg","contentUrl":"https:\/\/folhapopular.info\/wp-content\/uploads\/2025\/02\/InformativoConjuntural_2702_VanessaAlmeidadeMoraes.jpeg","width":960,"height":540,"caption":"Cr\u00e9dito: Vanessa Almeida de Moraes \/ Divulga\u00e7\u00e3o"},{"@type":"BreadcrumbList","@id":"https:\/\/folhapopular.info\/index.php\/2025\/02\/28\/colheita-de-soja-inicia-no-rio-grande-do-sul\/#breadcrumb","itemListElement":[{"@type":"ListItem","position":1,"name":"In\u00edcio","item":"https:\/\/folhapopular.info\/"},{"@type":"ListItem","position":2,"name":"Colheita de soja inicia no Rio Grande do Sul"}]},{"@type":"WebSite","@id":"https:\/\/folhapopular.info\/#website","url":"https:\/\/folhapopular.info\/","name":"Folha Popular","description":"Onde voc\u00ea tem vez e voz","potentialAction":[{"@type":"SearchAction","target":{"@type":"EntryPoint","urlTemplate":"https:\/\/folhapopular.info\/?s={search_term_string}"},"query-input":{"@type":"PropertyValueSpecification","valueRequired":true,"valueName":"search_term_string"}}],"inLanguage":"pt-BR"},{"@type":"Person","@id":"https:\/\/folhapopular.info\/#\/schema\/person\/2814e8a0df7643585a9ca38bc6eb9d4b","name":"Reda\u00e7\u00e3o Folha Popular","image":{"@type":"ImageObject","inLanguage":"pt-BR","@id":"https:\/\/folhapopular.info\/wp-content\/uploads\/2026\/04\/Folha-1.webp","url":"https:\/\/folhapopular.info\/wp-content\/uploads\/2026\/04\/Folha-1.webp","contentUrl":"https:\/\/folhapopular.info\/wp-content\/uploads\/2026\/04\/Folha-1.webp","caption":"Reda\u00e7\u00e3o Folha Popular"},"url":"https:\/\/folhapopular.info\/index.php\/author\/redacao\/"}]}},"jetpack_featured_media_url":"https:\/\/folhapopular.info\/wp-content\/uploads\/2025\/02\/InformativoConjuntural_2702_VanessaAlmeidadeMoraes.jpeg","jetpack_sharing_enabled":true,"amp_enabled":true,"_links":{"self":[{"href":"https:\/\/folhapopular.info\/index.php\/wp-json\/wp\/v2\/posts\/181500","targetHints":{"allow":["GET"]}}],"collection":[{"href":"https:\/\/folhapopular.info\/index.php\/wp-json\/wp\/v2\/posts"}],"about":[{"href":"https:\/\/folhapopular.info\/index.php\/wp-json\/wp\/v2\/types\/post"}],"author":[{"embeddable":true,"href":"https:\/\/folhapopular.info\/index.php\/wp-json\/wp\/v2\/users\/8"}],"replies":[{"embeddable":true,"href":"https:\/\/folhapopular.info\/index.php\/wp-json\/wp\/v2\/comments?post=181500"}],"version-history":[{"count":0,"href":"https:\/\/folhapopular.info\/index.php\/wp-json\/wp\/v2\/posts\/181500\/revisions"}],"wp:featuredmedia":[{"embeddable":true,"href":"https:\/\/folhapopular.info\/index.php\/wp-json\/wp\/v2\/media\/181501"}],"wp:attachment":[{"href":"https:\/\/folhapopular.info\/index.php\/wp-json\/wp\/v2\/media?parent=181500"}],"wp:term":[{"taxonomy":"category","embeddable":true,"href":"https:\/\/folhapopular.info\/index.php\/wp-json\/wp\/v2\/categories?post=181500"},{"taxonomy":"post_tag","embeddable":true,"href":"https:\/\/folhapopular.info\/index.php\/wp-json\/wp\/v2\/tags?post=181500"}],"curies":[{"name":"wp","href":"https:\/\/api.w.org\/{rel}","templated":true}]}}