{"id":181594,"date":"2025-03-01T14:00:00","date_gmt":"2025-03-01T17:00:00","guid":{"rendered":"https:\/\/folhapopular.info\/?p=181594"},"modified":"2025-03-01T08:35:11","modified_gmt":"2025-03-01T11:35:11","slug":"policia-militar-reforca-seguranca-para-o-carnaval","status":"publish","type":"post","link":"https:\/\/folhapopular.info\/index.php\/2025\/03\/01\/policia-militar-reforca-seguranca-para-o-carnaval\/","title":{"rendered":"Pol\u00edcia Militar refor\u00e7a seguran\u00e7a para o Carnaval"},"content":{"rendered":"\n<p>Os Batalh\u00f5es de Pol\u00edcia Militar (BPM) da regi\u00e3o intensificam as a\u00e7\u00f5es de seguran\u00e7a para o Carnaval, garantindo que os eventos ocorram de forma pac\u00edfica e respons\u00e1vel. Seis grandes festividades est\u00e3o previstas na \u00e1rea do 22\u00ba BPM, abrangendo Lajeado, Santa Clara do Sul, Cruzeiro do Sul, Nova Br\u00e9scia, Vespasiano Corr\u00eaa e Encantado. J\u00e1 o 40\u00ba BPM, respons\u00e1vel por 11 munic\u00edpios &#8211; de Estrela e Colinas at\u00e9 Taba\u00ed -, segue um planejamento anual para eventos, refor\u00e7ando o efetivo em per\u00edodos de maior movimento.<\/p>\n\n\n\n<p>As a\u00e7\u00f5es planejadas visam assegurar a tranquilidade dos foli\u00f5es, com foco na preven\u00e7\u00e3o de crimes e na seguran\u00e7a vi\u00e1ria, devido ao aumento do fluxo de pessoas e ve\u00edculos. O objetivo \u00e9 evitar delitos contra a vida e o patrim\u00f4nio, como roubos e furtos de ve\u00edculos. O capit\u00e3o Walesko do Val <em>Baroni<\/em> Gomes alerta para a import\u00e2ncia de n\u00e3o deixar objetos de valor vis\u00edveis dentro dos carros, prevenindo arrombamentos e furtos.<\/p>\n\n\n\n<p><strong>Seguran\u00e7a refor\u00e7ada nos munic\u00edpios<\/strong><\/p>\n\n\n\n<p>Em Santa Clara do Sul, que sedia um dos maiores carnavais da regi\u00e3o, ser\u00e1 delimitado um espa\u00e7o na \u00e1rea central, proibindo a entrada de pessoas portando espetos, churrasqueiras, <em>coolers<\/em> com bebidas alco\u00f3licas e garrafas. A administra\u00e7\u00e3o municipal publicar\u00e1 um decreto regulamentando essas medidas. Al\u00e9m disso, o Corpo de Bombeiros atuar\u00e1 na fiscaliza\u00e7\u00e3o do cumprimento das normas de seguran\u00e7a nos estabelecimentos.<\/p>\n\n\n\n<p>Medidas semelhantes ser\u00e3o aplicadas em outros munic\u00edpios, adaptadas \u00e0s caracter\u00edsticas de cada local, com o objetivo de reduzir tumultos e evitar que foli\u00f5es alcoolizados provoquem viol\u00eancia.<\/p>\n\n\n\n<p><strong>Cuidados para um<\/strong> <strong>Carnaval seguro<\/strong><\/p>\n\n\n\n<p>Os foli\u00f5es devem tomar precau\u00e7\u00f5es, como aten\u00e7\u00e3o redobrada com crian\u00e7as, garantindo sua identifica\u00e7\u00e3o para evitar desencontros. Tamb\u00e9m \u00e9 fundamental cuidar dos pertences, evitar levar muitos objetos de valor e armazen\u00e1-los de forma segura.<\/p>\n\n\n\n<p>No tr\u00e2nsito, recomenda-se eleger um motorista da rodada e ter paci\u00eancia, pois o fluxo tende a ser mais lento. \u201cA ideia de que no Carnaval tudo pode n\u00e3o \u00e9 verdadeira\u201d, enfatiza o tenente-coronel <em>Fabiano Henrique Dorneles<\/em>.<\/p>\n\n\n\n<p><strong>Combate ao ass\u00e9dio e \u00e0 viol\u00eancia<\/strong><\/p>\n\n\n\n<p>A major Carmine Brescovit alerta para casos de ass\u00e9dio e abuso, que podem ocorrer devido \u00e0 aglomera\u00e7\u00e3o e ao consumo excessivo de \u00e1lcool. As recomenda\u00e7\u00f5es incluem evitar circular sozinha, beber com modera\u00e7\u00e3o e n\u00e3o frequentar locais isolados. \u201cPassar a m\u00e3o em uma mulher contra a vontade dela \u00e9 crime\u201d, refor\u00e7a.<\/p>\n\n\n\n<p>O capit\u00e3o Barone destaca que a legisla\u00e7\u00e3o penal brasileira prev\u00ea puni\u00e7\u00f5es para ass\u00e9dio e orienta que mulheres que se sintam constrangidas acionem a Pol\u00edcia Militar. Citando o artigo 216 do C\u00f3digo Penal, ele explica que, nesses casos, ser\u00e1 registrado um termo circunstanciado contra o agressor. \u201cO homem precisa entender que um \u2018n\u00e3o\u2019 significa \u2018n\u00e3o\u2019\u201d, complementa o capit\u00e3o Guilherme Mallmann.<\/p>\n\n\n\n<p><strong>Movimento nas estradas<\/strong><\/p>\n\n\n\n<p>A CCR ViaSul estima que aproximadamente 1,5 milh\u00e3o de ve\u00edculos circulem por suas vias entre o per\u00edodo de 28 de fevereiro e 5 de mar\u00e7o. Na <em>Freeway<\/em>, a expectativa \u00e9 que mais de meio milh\u00e3o de motoristas utilizem a rodovia, sendo 246 mil com destino ao litoral e 253 mil seguindo em dire\u00e7\u00e3o a Porto Alegre.<\/p>\n\n\n\n<p>De acordo com o levantamento da empresa, esta sexta-feira e s\u00e1bado ser\u00e3o os dias de maior movimento em dire\u00e7\u00e3o ao Norte do estado, com 76,5 mil e 84,4 mil ve\u00edculos, respectivamente. Para o retorno, est\u00e1 previsto um fluxo de 64 mil ve\u00edculos na ter\u00e7a-feira (4\/3) e 58,2 mil na quarta-feira (5\/3).<\/p>\n\n\n\n<p>A BR-386 tamb\u00e9m deve registrar aumento no tr\u00e1fego, com cerca de 177,6 mil ve\u00edculos circulando durante o per\u00edodo. Desses, 89 mil seguir\u00e3o em dire\u00e7\u00e3o ao interior do Rio Grande do Sul, enquanto 87,8 mil v\u00e3o para Porto Alegre. Esta sexta-feira dever\u00e1 ser a mais movimentada na rodovia, com aproximadamente 17,8 mil ve\u00edculos indo para o interior e 23,1 mil em dire\u00e7\u00e3o \u00e0 capital.<\/p>\n","protected":false},"excerpt":{"rendered":"<p>Os Batalh\u00f5es de Pol\u00edcia Militar (BPM) da regi\u00e3o intensificam as a\u00e7\u00f5es de seguran\u00e7a para o Carnaval, garantindo que os eventos ocorram de forma pac\u00edfica e respons\u00e1vel. Seis grandes festividades est\u00e3o previstas na \u00e1rea do 22\u00ba BPM, abrangendo Lajeado, Santa Clara do Sul, Cruzeiro do Sul, Nova Br\u00e9scia, Vespasiano Corr\u00eaa e Encantado. J\u00e1 o 40\u00ba BPM, [&hellip;]<\/p>\n","protected":false},"author":747,"featured_media":181595,"comment_status":"open","ping_status":"open","sticky":false,"template":"","format":"standard","meta":{"pmpro_default_level":"","_jetpack_memberships_contains_paid_content":false,"footnotes":""},"categories":[2,6],"tags":[2152,2622,180],"class_list":{"0":"post-181594","1":"post","2":"type-post","3":"status-publish","4":"format-standard","5":"has-post-thumbnail","7":"category-featured","8":"category-inclusive","9":"tag-carnaval","10":"tag-policia-militar","11":"tag-seguranca","12":"pmpro-has-access"},"yoast_head":"<!-- This site is optimized with the Yoast SEO plugin v27.5 - https:\/\/yoast.com\/product\/yoast-seo-wordpress\/ -->\n<title>Pol\u00edcia Militar refor\u00e7a seguran\u00e7a para o Carnaval - Folha Popular<\/title>\n<meta name=\"robots\" content=\"index, follow, max-snippet:-1, max-image-preview:large, max-video-preview:-1\" \/>\n<link rel=\"canonical\" href=\"https:\/\/folhapopular.info\/index.php\/2025\/03\/01\/policia-militar-reforca-seguranca-para-o-carnaval\/\" \/>\n<meta property=\"og:locale\" content=\"pt_BR\" \/>\n<meta property=\"og:type\" content=\"article\" \/>\n<meta property=\"og:title\" content=\"Pol\u00edcia Militar refor\u00e7a seguran\u00e7a para o Carnaval - Folha Popular\" \/>\n<meta property=\"og:description\" content=\"Os Batalh\u00f5es de Pol\u00edcia Militar (BPM) da regi\u00e3o intensificam as a\u00e7\u00f5es de seguran\u00e7a para o Carnaval, garantindo que os eventos ocorram de forma pac\u00edfica e respons\u00e1vel. Seis grandes festividades est\u00e3o previstas na \u00e1rea do 22\u00ba BPM, abrangendo Lajeado, Santa Clara do Sul, Cruzeiro do Sul, Nova Br\u00e9scia, Vespasiano Corr\u00eaa e Encantado. J\u00e1 o 40\u00ba BPM, [&hellip;]\" \/>\n<meta property=\"og:url\" content=\"https:\/\/folhapopular.info\/index.php\/2025\/03\/01\/policia-militar-reforca-seguranca-para-o-carnaval\/\" \/>\n<meta property=\"og:site_name\" content=\"Folha Popular\" \/>\n<meta property=\"article:published_time\" content=\"2025-03-01T17:00:00+00:00\" \/>\n<meta property=\"og:image\" content=\"https:\/\/folhapopular.info\/wp-content\/uploads\/2025\/03\/Carnaval-de-Bom-Retiro-do-Sul-e-um-dos-maiores-do-Vale_DIV-scaled.jpg\" \/>\n\t<meta property=\"og:image:width\" content=\"2560\" \/>\n\t<meta property=\"og:image:height\" content=\"1832\" \/>\n\t<meta property=\"og:image:type\" content=\"image\/jpeg\" \/>\n<meta name=\"author\" content=\"J\u00falia Amaral\" \/>\n<meta name=\"twitter:card\" content=\"summary_large_image\" \/>\n<meta name=\"twitter:label1\" content=\"Escrito por\" \/>\n\t<meta name=\"twitter:data1\" content=\"J\u00falia Amaral\" \/>\n\t<meta name=\"twitter:label2\" content=\"Est. tempo de leitura\" \/>\n\t<meta name=\"twitter:data2\" content=\"4 minutos\" \/>\n<script type=\"application\/ld+json\" class=\"yoast-schema-graph\">{\"@context\":\"https:\\\/\\\/schema.org\",\"@graph\":[{\"@type\":\"Article\",\"@id\":\"https:\\\/\\\/folhapopular.info\\\/index.php\\\/2025\\\/03\\\/01\\\/policia-militar-reforca-seguranca-para-o-carnaval\\\/#article\",\"isPartOf\":{\"@id\":\"https:\\\/\\\/folhapopular.info\\\/index.php\\\/2025\\\/03\\\/01\\\/policia-militar-reforca-seguranca-para-o-carnaval\\\/\"},\"author\":{\"name\":\"J\u00falia Amaral\",\"@id\":\"https:\\\/\\\/folhapopular.info\\\/#\\\/schema\\\/person\\\/25c7649fd584816b1747a45f3aab3b40\"},\"headline\":\"Pol\u00edcia Militar refor\u00e7a seguran\u00e7a para o Carnaval\",\"datePublished\":\"2025-03-01T17:00:00+00:00\",\"mainEntityOfPage\":{\"@id\":\"https:\\\/\\\/folhapopular.info\\\/index.php\\\/2025\\\/03\\\/01\\\/policia-militar-reforca-seguranca-para-o-carnaval\\\/\"},\"wordCount\":675,\"commentCount\":0,\"image\":{\"@id\":\"https:\\\/\\\/folhapopular.info\\\/index.php\\\/2025\\\/03\\\/01\\\/policia-militar-reforca-seguranca-para-o-carnaval\\\/#primaryimage\"},\"thumbnailUrl\":\"https:\\\/\\\/folhapopular.info\\\/wp-content\\\/uploads\\\/2025\\\/03\\\/Carnaval-de-Bom-Retiro-do-Sul-e-um-dos-maiores-do-Vale_DIV-scaled.jpg\",\"keywords\":[\"Carnaval\",\"Pol\u00edcia Militar\",\"Seguran\u00e7a\"],\"articleSection\":[\"Destaques\",\"Inclusive\"],\"inLanguage\":\"pt-BR\",\"potentialAction\":[{\"@type\":\"CommentAction\",\"name\":\"Comment\",\"target\":[\"https:\\\/\\\/folhapopular.info\\\/index.php\\\/2025\\\/03\\\/01\\\/policia-militar-reforca-seguranca-para-o-carnaval\\\/#respond\"]}]},{\"@type\":\"WebPage\",\"@id\":\"https:\\\/\\\/folhapopular.info\\\/index.php\\\/2025\\\/03\\\/01\\\/policia-militar-reforca-seguranca-para-o-carnaval\\\/\",\"url\":\"https:\\\/\\\/folhapopular.info\\\/index.php\\\/2025\\\/03\\\/01\\\/policia-militar-reforca-seguranca-para-o-carnaval\\\/\",\"name\":\"Pol\u00edcia Militar refor\u00e7a seguran\u00e7a para o Carnaval - Folha Popular\",\"isPartOf\":{\"@id\":\"https:\\\/\\\/folhapopular.info\\\/#website\"},\"primaryImageOfPage\":{\"@id\":\"https:\\\/\\\/folhapopular.info\\\/index.php\\\/2025\\\/03\\\/01\\\/policia-militar-reforca-seguranca-para-o-carnaval\\\/#primaryimage\"},\"image\":{\"@id\":\"https:\\\/\\\/folhapopular.info\\\/index.php\\\/2025\\\/03\\\/01\\\/policia-militar-reforca-seguranca-para-o-carnaval\\\/#primaryimage\"},\"thumbnailUrl\":\"https:\\\/\\\/folhapopular.info\\\/wp-content\\\/uploads\\\/2025\\\/03\\\/Carnaval-de-Bom-Retiro-do-Sul-e-um-dos-maiores-do-Vale_DIV-scaled.jpg\",\"datePublished\":\"2025-03-01T17:00:00+00:00\",\"author\":{\"@id\":\"https:\\\/\\\/folhapopular.info\\\/#\\\/schema\\\/person\\\/25c7649fd584816b1747a45f3aab3b40\"},\"breadcrumb\":{\"@id\":\"https:\\\/\\\/folhapopular.info\\\/index.php\\\/2025\\\/03\\\/01\\\/policia-militar-reforca-seguranca-para-o-carnaval\\\/#breadcrumb\"},\"inLanguage\":\"pt-BR\",\"potentialAction\":[{\"@type\":\"ReadAction\",\"target\":[\"https:\\\/\\\/folhapopular.info\\\/index.php\\\/2025\\\/03\\\/01\\\/policia-militar-reforca-seguranca-para-o-carnaval\\\/\"]}]},{\"@type\":\"ImageObject\",\"inLanguage\":\"pt-BR\",\"@id\":\"https:\\\/\\\/folhapopular.info\\\/index.php\\\/2025\\\/03\\\/01\\\/policia-militar-reforca-seguranca-para-o-carnaval\\\/#primaryimage\",\"url\":\"https:\\\/\\\/folhapopular.info\\\/wp-content\\\/uploads\\\/2025\\\/03\\\/Carnaval-de-Bom-Retiro-do-Sul-e-um-dos-maiores-do-Vale_DIV-scaled.jpg\",\"contentUrl\":\"https:\\\/\\\/folhapopular.info\\\/wp-content\\\/uploads\\\/2025\\\/03\\\/Carnaval-de-Bom-Retiro-do-Sul-e-um-dos-maiores-do-Vale_DIV-scaled.jpg\",\"width\":2560,\"height\":1832,\"caption\":\"Carnaval de Bom Retiro do Sul \u00e9 um dos maiores do Vale \\\/ Cr\u00e9dito: Divulga\u00e7\u00e3o\"},{\"@type\":\"BreadcrumbList\",\"@id\":\"https:\\\/\\\/folhapopular.info\\\/index.php\\\/2025\\\/03\\\/01\\\/policia-militar-reforca-seguranca-para-o-carnaval\\\/#breadcrumb\",\"itemListElement\":[{\"@type\":\"ListItem\",\"position\":1,\"name\":\"In\u00edcio\",\"item\":\"https:\\\/\\\/folhapopular.info\\\/\"},{\"@type\":\"ListItem\",\"position\":2,\"name\":\"Pol\u00edcia Militar refor\u00e7a seguran\u00e7a para o Carnaval\"}]},{\"@type\":\"WebSite\",\"@id\":\"https:\\\/\\\/folhapopular.info\\\/#website\",\"url\":\"https:\\\/\\\/folhapopular.info\\\/\",\"name\":\"Folha Popular\",\"description\":\"Onde voc\u00ea tem vez e voz\",\"potentialAction\":[{\"@type\":\"SearchAction\",\"target\":{\"@type\":\"EntryPoint\",\"urlTemplate\":\"https:\\\/\\\/folhapopular.info\\\/?s={search_term_string}\"},\"query-input\":{\"@type\":\"PropertyValueSpecification\",\"valueRequired\":true,\"valueName\":\"search_term_string\"}}],\"inLanguage\":\"pt-BR\"},{\"@type\":\"Person\",\"@id\":\"https:\\\/\\\/folhapopular.info\\\/#\\\/schema\\\/person\\\/25c7649fd584816b1747a45f3aab3b40\",\"name\":\"J\u00falia Amaral\",\"image\":{\"@type\":\"ImageObject\",\"inLanguage\":\"pt-BR\",\"@id\":\"https:\\\/\\\/secure.gravatar.com\\\/avatar\\\/4d7d64d93a62bbe70e444c5c7b0a643f1955a374a94fd5eab0a928fe21d5b041?s=96&d=mm&r=g\",\"url\":\"https:\\\/\\\/secure.gravatar.com\\\/avatar\\\/4d7d64d93a62bbe70e444c5c7b0a643f1955a374a94fd5eab0a928fe21d5b041?s=96&d=mm&r=g\",\"contentUrl\":\"https:\\\/\\\/secure.gravatar.com\\\/avatar\\\/4d7d64d93a62bbe70e444c5c7b0a643f1955a374a94fd5eab0a928fe21d5b041?s=96&d=mm&r=g\",\"caption\":\"J\u00falia Amaral\"},\"url\":\"https:\\\/\\\/folhapopular.info\\\/index.php\\\/author\\\/julia-amaral\\\/\"}]}<\/script>\n<!-- \/ Yoast SEO plugin. -->","yoast_head_json":{"title":"Pol\u00edcia Militar refor\u00e7a seguran\u00e7a para o Carnaval - Folha Popular","robots":{"index":"index","follow":"follow","max-snippet":"max-snippet:-1","max-image-preview":"max-image-preview:large","max-video-preview":"max-video-preview:-1"},"canonical":"https:\/\/folhapopular.info\/index.php\/2025\/03\/01\/policia-militar-reforca-seguranca-para-o-carnaval\/","og_locale":"pt_BR","og_type":"article","og_title":"Pol\u00edcia Militar refor\u00e7a seguran\u00e7a para o Carnaval - Folha Popular","og_description":"Os Batalh\u00f5es de Pol\u00edcia Militar (BPM) da regi\u00e3o intensificam as a\u00e7\u00f5es de seguran\u00e7a para o Carnaval, garantindo que os eventos ocorram de forma pac\u00edfica e respons\u00e1vel. Seis grandes festividades est\u00e3o previstas na \u00e1rea do 22\u00ba BPM, abrangendo Lajeado, Santa Clara do Sul, Cruzeiro do Sul, Nova Br\u00e9scia, Vespasiano Corr\u00eaa e Encantado. J\u00e1 o 40\u00ba BPM, [&hellip;]","og_url":"https:\/\/folhapopular.info\/index.php\/2025\/03\/01\/policia-militar-reforca-seguranca-para-o-carnaval\/","og_site_name":"Folha Popular","article_published_time":"2025-03-01T17:00:00+00:00","og_image":[{"width":2560,"height":1832,"url":"https:\/\/folhapopular.info\/wp-content\/uploads\/2025\/03\/Carnaval-de-Bom-Retiro-do-Sul-e-um-dos-maiores-do-Vale_DIV-scaled.jpg","type":"image\/jpeg"}],"author":"J\u00falia Amaral","twitter_card":"summary_large_image","twitter_misc":{"Escrito por":"J\u00falia Amaral","Est. tempo de leitura":"4 minutos"},"schema":{"@context":"https:\/\/schema.org","@graph":[{"@type":"Article","@id":"https:\/\/folhapopular.info\/index.php\/2025\/03\/01\/policia-militar-reforca-seguranca-para-o-carnaval\/#article","isPartOf":{"@id":"https:\/\/folhapopular.info\/index.php\/2025\/03\/01\/policia-militar-reforca-seguranca-para-o-carnaval\/"},"author":{"name":"J\u00falia Amaral","@id":"https:\/\/folhapopular.info\/#\/schema\/person\/25c7649fd584816b1747a45f3aab3b40"},"headline":"Pol\u00edcia Militar refor\u00e7a seguran\u00e7a para o Carnaval","datePublished":"2025-03-01T17:00:00+00:00","mainEntityOfPage":{"@id":"https:\/\/folhapopular.info\/index.php\/2025\/03\/01\/policia-militar-reforca-seguranca-para-o-carnaval\/"},"wordCount":675,"commentCount":0,"image":{"@id":"https:\/\/folhapopular.info\/index.php\/2025\/03\/01\/policia-militar-reforca-seguranca-para-o-carnaval\/#primaryimage"},"thumbnailUrl":"https:\/\/folhapopular.info\/wp-content\/uploads\/2025\/03\/Carnaval-de-Bom-Retiro-do-Sul-e-um-dos-maiores-do-Vale_DIV-scaled.jpg","keywords":["Carnaval","Pol\u00edcia Militar","Seguran\u00e7a"],"articleSection":["Destaques","Inclusive"],"inLanguage":"pt-BR","potentialAction":[{"@type":"CommentAction","name":"Comment","target":["https:\/\/folhapopular.info\/index.php\/2025\/03\/01\/policia-militar-reforca-seguranca-para-o-carnaval\/#respond"]}]},{"@type":"WebPage","@id":"https:\/\/folhapopular.info\/index.php\/2025\/03\/01\/policia-militar-reforca-seguranca-para-o-carnaval\/","url":"https:\/\/folhapopular.info\/index.php\/2025\/03\/01\/policia-militar-reforca-seguranca-para-o-carnaval\/","name":"Pol\u00edcia Militar refor\u00e7a seguran\u00e7a para o Carnaval - Folha Popular","isPartOf":{"@id":"https:\/\/folhapopular.info\/#website"},"primaryImageOfPage":{"@id":"https:\/\/folhapopular.info\/index.php\/2025\/03\/01\/policia-militar-reforca-seguranca-para-o-carnaval\/#primaryimage"},"image":{"@id":"https:\/\/folhapopular.info\/index.php\/2025\/03\/01\/policia-militar-reforca-seguranca-para-o-carnaval\/#primaryimage"},"thumbnailUrl":"https:\/\/folhapopular.info\/wp-content\/uploads\/2025\/03\/Carnaval-de-Bom-Retiro-do-Sul-e-um-dos-maiores-do-Vale_DIV-scaled.jpg","datePublished":"2025-03-01T17:00:00+00:00","author":{"@id":"https:\/\/folhapopular.info\/#\/schema\/person\/25c7649fd584816b1747a45f3aab3b40"},"breadcrumb":{"@id":"https:\/\/folhapopular.info\/index.php\/2025\/03\/01\/policia-militar-reforca-seguranca-para-o-carnaval\/#breadcrumb"},"inLanguage":"pt-BR","potentialAction":[{"@type":"ReadAction","target":["https:\/\/folhapopular.info\/index.php\/2025\/03\/01\/policia-militar-reforca-seguranca-para-o-carnaval\/"]}]},{"@type":"ImageObject","inLanguage":"pt-BR","@id":"https:\/\/folhapopular.info\/index.php\/2025\/03\/01\/policia-militar-reforca-seguranca-para-o-carnaval\/#primaryimage","url":"https:\/\/folhapopular.info\/wp-content\/uploads\/2025\/03\/Carnaval-de-Bom-Retiro-do-Sul-e-um-dos-maiores-do-Vale_DIV-scaled.jpg","contentUrl":"https:\/\/folhapopular.info\/wp-content\/uploads\/2025\/03\/Carnaval-de-Bom-Retiro-do-Sul-e-um-dos-maiores-do-Vale_DIV-scaled.jpg","width":2560,"height":1832,"caption":"Carnaval de Bom Retiro do Sul \u00e9 um dos maiores do Vale \/ Cr\u00e9dito: Divulga\u00e7\u00e3o"},{"@type":"BreadcrumbList","@id":"https:\/\/folhapopular.info\/index.php\/2025\/03\/01\/policia-militar-reforca-seguranca-para-o-carnaval\/#breadcrumb","itemListElement":[{"@type":"ListItem","position":1,"name":"In\u00edcio","item":"https:\/\/folhapopular.info\/"},{"@type":"ListItem","position":2,"name":"Pol\u00edcia Militar refor\u00e7a seguran\u00e7a para o Carnaval"}]},{"@type":"WebSite","@id":"https:\/\/folhapopular.info\/#website","url":"https:\/\/folhapopular.info\/","name":"Folha Popular","description":"Onde voc\u00ea tem vez e voz","potentialAction":[{"@type":"SearchAction","target":{"@type":"EntryPoint","urlTemplate":"https:\/\/folhapopular.info\/?s={search_term_string}"},"query-input":{"@type":"PropertyValueSpecification","valueRequired":true,"valueName":"search_term_string"}}],"inLanguage":"pt-BR"},{"@type":"Person","@id":"https:\/\/folhapopular.info\/#\/schema\/person\/25c7649fd584816b1747a45f3aab3b40","name":"J\u00falia Amaral","image":{"@type":"ImageObject","inLanguage":"pt-BR","@id":"https:\/\/secure.gravatar.com\/avatar\/4d7d64d93a62bbe70e444c5c7b0a643f1955a374a94fd5eab0a928fe21d5b041?s=96&d=mm&r=g","url":"https:\/\/secure.gravatar.com\/avatar\/4d7d64d93a62bbe70e444c5c7b0a643f1955a374a94fd5eab0a928fe21d5b041?s=96&d=mm&r=g","contentUrl":"https:\/\/secure.gravatar.com\/avatar\/4d7d64d93a62bbe70e444c5c7b0a643f1955a374a94fd5eab0a928fe21d5b041?s=96&d=mm&r=g","caption":"J\u00falia Amaral"},"url":"https:\/\/folhapopular.info\/index.php\/author\/julia-amaral\/"}]}},"jetpack_featured_media_url":"https:\/\/folhapopular.info\/wp-content\/uploads\/2025\/03\/Carnaval-de-Bom-Retiro-do-Sul-e-um-dos-maiores-do-Vale_DIV-scaled.jpg","jetpack_sharing_enabled":true,"amp_enabled":true,"_links":{"self":[{"href":"https:\/\/folhapopular.info\/index.php\/wp-json\/wp\/v2\/posts\/181594","targetHints":{"allow":["GET"]}}],"collection":[{"href":"https:\/\/folhapopular.info\/index.php\/wp-json\/wp\/v2\/posts"}],"about":[{"href":"https:\/\/folhapopular.info\/index.php\/wp-json\/wp\/v2\/types\/post"}],"author":[{"embeddable":true,"href":"https:\/\/folhapopular.info\/index.php\/wp-json\/wp\/v2\/users\/747"}],"replies":[{"embeddable":true,"href":"https:\/\/folhapopular.info\/index.php\/wp-json\/wp\/v2\/comments?post=181594"}],"version-history":[{"count":0,"href":"https:\/\/folhapopular.info\/index.php\/wp-json\/wp\/v2\/posts\/181594\/revisions"}],"wp:featuredmedia":[{"embeddable":true,"href":"https:\/\/folhapopular.info\/index.php\/wp-json\/wp\/v2\/media\/181595"}],"wp:attachment":[{"href":"https:\/\/folhapopular.info\/index.php\/wp-json\/wp\/v2\/media?parent=181594"}],"wp:term":[{"taxonomy":"category","embeddable":true,"href":"https:\/\/folhapopular.info\/index.php\/wp-json\/wp\/v2\/categories?post=181594"},{"taxonomy":"post_tag","embeddable":true,"href":"https:\/\/folhapopular.info\/index.php\/wp-json\/wp\/v2\/tags?post=181594"}],"curies":[{"name":"wp","href":"https:\/\/api.w.org\/{rel}","templated":true}]}}