{"id":181613,"date":"2025-03-01T10:18:50","date_gmt":"2025-03-01T13:18:50","guid":{"rendered":"https:\/\/folhapopular.info\/?p=181613"},"modified":"2025-03-22T13:39:08","modified_gmt":"2025-03-22T16:39:08","slug":"ouro-verde-retoma-atividades-com-a-forca-do-bairro-alesgut","status":"publish","type":"post","link":"https:\/\/folhapopular.info\/index.php\/2025\/03\/01\/ouro-verde-retoma-atividades-com-a-forca-do-bairro-alesgut\/","title":{"rendered":"Ouro Verde retoma atividades com a for\u00e7a do Bairro Alesgut"},"content":{"rendered":"\n<p>A Associa\u00e7\u00e3o Esportiva e Recreativa Ouro Verde \u00e9 mais um clube tradicional a estar de volta aos gramados depois de anos de dificuldades, desafios e inatividade \u2013 junto do Ga\u00facho. Fundado por moradores locais em 4 de abril de 2000, o clube atravessou diferentes \u00e9pocas e, mesmo com pausas e crises financeiras, segue na comunidade e agora volta \u00e0s atividades para o primeiro semestre. Entre seus t\u00edtulos, o que se destaca \u00e9 o do Municipal de Teut\u00f4nia em 2014.<\/p>\n\n\n\n<p>Desde sua cria\u00e7\u00e3o, o Ouro Verde foi mais do que um time de futebol: tornou-se um ponto de encontro e um s\u00edmbolo de identidade para a comunidade. Um de seus primeiros moradores e participantes do clube, Valmor da Rosa, relembra o in\u00edcio das atividades. \u201cFizeram o campo, e, como j\u00e1 morava no bairro, comecei a me envolver. Joguei, participei do veterano e, em 2013, fui convidado a assumir a presid\u00eancia, cargo do qual novamente fa\u00e7o parte\u201d, afirma.<\/p>\n\n\n\n<p>Durante 4 anos ele liderou o clube, at\u00e9 que, em 2017, outro integrante assumiu. No entanto, a pandemia impactou severamente as atividades do clube, que precisou interromper suas atividades por tempo indeterminado. Em 2023, diante da necessidade de retomada, ele voltou \u00e0 linha de frente para reorganizar o time e a estrutura do Ouro Verde.<\/p>\n\n\n\n<h2 class=\"wp-block-heading\">Desafios e sustentabilidade<\/h2>\n\n\n\n<p>A volta do Ouro Verde \u00e0s competi\u00e7\u00f5es n\u00e3o est\u00e1 sendo f\u00e1cil. Al\u00e9m dos impactos da pandemia, o clube enfrentou tr\u00eas enchentes que danificaram seriamente suas instala\u00e7\u00f5es. \u201cA \u00e1gua passou por cima da tela do campo, derrubou os muros e causou estragos. Tivemos um preju\u00edzo de aproximadamente R$ 25 mil, e ainda h\u00e1 muita coisa para consertar\u201d, aponta.<\/p>\n\n\n\n<p>Ao enfrentar dificuldades financeiras, o clube depende do apoio de patrocinadores, s\u00f3cios e da comunidade. \u201cA prefeitura n\u00e3o tem condi\u00e7\u00f5es de ajudar. Se n\u00e3o corrermos atr\u00e1s, n\u00e3o conseguimos manter o time, a estrutura e muito menos as atividades. Sem isso, fechamos, \u00e9 muito complicado\u201d, ressalta.<\/p>\n\n\n\n<h2 class=\"wp-block-heading\">Reestrutura\u00e7\u00e3o e futuro<\/h2>\n\n\n\n<p>Com a volta ao Intermunicipal, o clube precisou formar um novo elenco. Com a lideran\u00e7a de figuras experientes no futebol amador da regi\u00e3o, o Ouro Verde conseguiu montar uma equipe competitiva. \u201cA chave em que ca\u00edmos \u00e9 bastante forte, mas acreditamos que podemos nos classificar. Dentro de campo, tudo pode acontecer\u201d, afirma Valmor.<\/p>\n\n\n\n<p>Al\u00e9m disso, a estrutura do clube tamb\u00e9m \u00e9 reformada. \u201cQueremos oferecer condi\u00e7\u00f5es para os torcedores. N\u00e3o adianta ter um bom gramado se n\u00e3o houver um espa\u00e7o adequado para o p\u00fablico acompanhar os jogos. Tamb\u00e9m reformamos os vesti\u00e1rios e as cabines de transmiss\u00f5es\u201d, acrescenta.<\/p>\n\n\n\n<h2 class=\"wp-block-heading\">Intermunicipal<\/h2>\n\n\n\n<p>Para o Intermunicipal, o treinador J\u00falio Danzer ressalta que a equipe entra na competi\u00e7\u00e3o como \u201cpatinho feio\u201d, por ser uma equipe de bairro e sem apoio de grandes centros. \u201cMesmo assim, somos movidos pela paix\u00e3o e esfor\u00e7o de nossos apoiadores e patrocinadores, a quem sempre agradecemos por tornarem tudo isso poss\u00edvel\u201d, aponta.<\/p>\n\n\n\n<p>J\u00falio ainda afirma que o compromisso \u00e9 representar o Bairro Alesgut com responsabilidade e esfor\u00e7o. \u201cOs jogadores reconhecem tudo que fizemos para colocar o Ouro Verde em campo, e a torcida sabe o quanto queremos jogar. Esse entusiasmo reacendeu o futebol em nossa comunidade\u201d, ressalta.<\/p>\n\n\n\n<p>Al\u00e9m disso, J\u00falio quer celebrar os 25 anos do Ouro Verde com a possibilidade de um t\u00edtulo. \u201cA torcida pode esperar dedica\u00e7\u00e3o total da nossa parte. Temos seis refor\u00e7os de bom n\u00edvel e atletas experientes que chegam para qualificar o elenco. Na montagem, buscamos jogadores alinhados com nosso objetivo, capazes de manter a intensidade do in\u00edcio ao fim das partidas\u201d, explica.<\/p>\n\n\n\n<p>Durante o per\u00edodo de prepara\u00e7\u00e3o, o Ouro Verde realizou peneiras e treinos abertos a novos atletas do Bairro Alesgut e regi\u00e3o para encontrar refor\u00e7os e jogadores que poderiam compor o elenco.<\/p>\n\n\n\n<h2 class=\"wp-block-heading\">Comunidade e sequ\u00eancia<\/h2>\n\n\n\n<p>A comunidade tem um papel fundamental na reconstru\u00e7\u00e3o do Ouro Verde. O apoio dos torcedores e volunt\u00e1rios \u00e9 essencial para que o clube continue na ativa e com margem para crescimento. \u201cSe n\u00e3o tiv\u00e9ssemos pessoas dedicadas, como o atual grupo que est\u00e1 \u00e0 frente, o clube n\u00e3o conseguiria se manter. Precisamos de pessoas comprometidas para que a hist\u00f3ria do Ouro Verde continue\u201d, enfatiza Valmor.<\/p>\n\n\n\n<p>Seu sonho \u00e9 que o clube n\u00e3o pare. \u201cForam muitos anos de luta para chegar at\u00e9 aqui. Espero que, mesmo quando eu sair da gest\u00e3o, outras pessoas assumam e deem continuidade. O esporte tem um papel social muito importante, e n\u00f3s queremos que o Ouro Verde continue sendo um ponto de refer\u00eancia para a comunidade\u201d, almeja.<\/p>\n\n\n\n<p>J\u00falio aponta que tem orgulho em contribuir com o Bairro. \u201cO Alesgut me acolheu e ajudou a ser quem eu sou. Muito grato pelas pessoas que sempre me apoiaram. Confesso ter uma d\u00edvida com o Bairro e quero pagar com o trabalho de muita uni\u00e3o e desenvolvimento\u201d, ressalta.<\/p>\n\n\n\n<figure class=\"wp-block-gallery has-nested-images columns-default is-cropped wp-block-gallery-1 is-layout-flex wp-block-gallery-is-layout-flex\">\n<figure class=\"wp-block-image size-large\"><img loading=\"lazy\" decoding=\"async\" width=\"768\" height=\"1024\" data-id=\"181614\" src=\"https:\/\/folhapopular.info\/wp-content\/uploads\/2025\/03\/IMG-20250227-WA0182-768x1024.jpg\" alt=\"\" class=\"wp-image-181614\" srcset=\"https:\/\/folhapopular.info\/wp-content\/uploads\/2025\/03\/IMG-20250227-WA0182-768x1024.jpg 768w, https:\/\/folhapopular.info\/wp-content\/uploads\/2025\/03\/IMG-20250227-WA0182-225x300.jpg 225w, https:\/\/folhapopular.info\/wp-content\/uploads\/2025\/03\/IMG-20250227-WA0182-1152x1536.jpg 1152w, https:\/\/folhapopular.info\/wp-content\/uploads\/2025\/03\/IMG-20250227-WA0182-1536x2048.jpg 1536w, https:\/\/folhapopular.info\/wp-content\/uploads\/2025\/03\/IMG-20250227-WA0182-315x420.jpg 315w, https:\/\/folhapopular.info\/wp-content\/uploads\/2025\/03\/IMG-20250227-WA0182-696x928.jpg 696w, https:\/\/folhapopular.info\/wp-content\/uploads\/2025\/03\/IMG-20250227-WA0182-1068x1424.jpg 1068w, https:\/\/folhapopular.info\/wp-content\/uploads\/2025\/03\/IMG-20250227-WA0182-scaled.jpg 1920w\" sizes=\"auto, (max-width: 768px) 100vw, 768px\" \/><figcaption class=\"wp-element-caption\">Alguns dos t\u00edtulos do Ouro Verde<\/figcaption><\/figure>\n\n\n\n<figure class=\"wp-block-image size-large\"><img loading=\"lazy\" decoding=\"async\" width=\"1024\" height=\"768\" data-id=\"181616\" src=\"https:\/\/folhapopular.info\/wp-content\/uploads\/2025\/03\/Campo-do-Ouro-Verde-foi-atingido-por-cheias_Paloma-Griesang_Arquivo-FP-1024x768.jpeg\" alt=\"\" class=\"wp-image-181616\" srcset=\"https:\/\/folhapopular.info\/wp-content\/uploads\/2025\/03\/Campo-do-Ouro-Verde-foi-atingido-por-cheias_Paloma-Griesang_Arquivo-FP-1024x768.jpeg 1024w, https:\/\/folhapopular.info\/wp-content\/uploads\/2025\/03\/Campo-do-Ouro-Verde-foi-atingido-por-cheias_Paloma-Griesang_Arquivo-FP-300x225.jpeg 300w, https:\/\/folhapopular.info\/wp-content\/uploads\/2025\/03\/Campo-do-Ouro-Verde-foi-atingido-por-cheias_Paloma-Griesang_Arquivo-FP-768x576.jpeg 768w, https:\/\/folhapopular.info\/wp-content\/uploads\/2025\/03\/Campo-do-Ouro-Verde-foi-atingido-por-cheias_Paloma-Griesang_Arquivo-FP-1536x1152.jpeg 1536w, https:\/\/folhapopular.info\/wp-content\/uploads\/2025\/03\/Campo-do-Ouro-Verde-foi-atingido-por-cheias_Paloma-Griesang_Arquivo-FP-560x420.jpeg 560w, https:\/\/folhapopular.info\/wp-content\/uploads\/2025\/03\/Campo-do-Ouro-Verde-foi-atingido-por-cheias_Paloma-Griesang_Arquivo-FP-80x60.jpeg 80w, https:\/\/folhapopular.info\/wp-content\/uploads\/2025\/03\/Campo-do-Ouro-Verde-foi-atingido-por-cheias_Paloma-Griesang_Arquivo-FP-696x522.jpeg 696w, https:\/\/folhapopular.info\/wp-content\/uploads\/2025\/03\/Campo-do-Ouro-Verde-foi-atingido-por-cheias_Paloma-Griesang_Arquivo-FP-1068x801.jpeg 1068w, https:\/\/folhapopular.info\/wp-content\/uploads\/2025\/03\/Campo-do-Ouro-Verde-foi-atingido-por-cheias_Paloma-Griesang_Arquivo-FP.jpeg 1600w\" sizes=\"auto, (max-width: 1024px) 100vw, 1024px\" \/><figcaption class=\"wp-element-caption\">Campo do Ouro Verde foi<br>atingido por cheias <br>Cr\u00e9dito: Paloma Griesang \/ Arquivo FP<\/figcaption><\/figure>\n\n\n\n<figure class=\"wp-block-image size-large\"><img loading=\"lazy\" decoding=\"async\" width=\"1024\" height=\"768\" data-id=\"181615\" src=\"https:\/\/folhapopular.info\/wp-content\/uploads\/2025\/03\/IMG-20250227-WA0229-1024x768.jpg\" alt=\"\" class=\"wp-image-181615\" srcset=\"https:\/\/folhapopular.info\/wp-content\/uploads\/2025\/03\/IMG-20250227-WA0229-1024x768.jpg 1024w, https:\/\/folhapopular.info\/wp-content\/uploads\/2025\/03\/IMG-20250227-WA0229-300x225.jpg 300w, https:\/\/folhapopular.info\/wp-content\/uploads\/2025\/03\/IMG-20250227-WA0229-768x576.jpg 768w, https:\/\/folhapopular.info\/wp-content\/uploads\/2025\/03\/IMG-20250227-WA0229-1536x1152.jpg 1536w, https:\/\/folhapopular.info\/wp-content\/uploads\/2025\/03\/IMG-20250227-WA0229-2048x1536.jpg 2048w, https:\/\/folhapopular.info\/wp-content\/uploads\/2025\/03\/IMG-20250227-WA0229-560x420.jpg 560w, https:\/\/folhapopular.info\/wp-content\/uploads\/2025\/03\/IMG-20250227-WA0229-80x60.jpg 80w, https:\/\/folhapopular.info\/wp-content\/uploads\/2025\/03\/IMG-20250227-WA0229-696x522.jpg 696w, https:\/\/folhapopular.info\/wp-content\/uploads\/2025\/03\/IMG-20250227-WA0229-1068x801.jpg 1068w, https:\/\/folhapopular.info\/wp-content\/uploads\/2025\/03\/IMG-20250227-WA0229-1920x1440.jpg 1920w\" sizes=\"auto, (max-width: 1024px) 100vw, 1024px\" \/><figcaption class=\"wp-element-caption\">Gramado hoje em dia tem boas condi\u00e7\u00f5es<\/figcaption><\/figure>\n\n\n\n<figure class=\"wp-block-image size-large\"><img loading=\"lazy\" decoding=\"async\" width=\"1024\" height=\"768\" data-id=\"181617\" src=\"https:\/\/folhapopular.info\/wp-content\/uploads\/2025\/03\/IMG-20250227-WA0136-1024x768.jpg\" alt=\"\" class=\"wp-image-181617\" srcset=\"https:\/\/folhapopular.info\/wp-content\/uploads\/2025\/03\/IMG-20250227-WA0136-1024x768.jpg 1024w, https:\/\/folhapopular.info\/wp-content\/uploads\/2025\/03\/IMG-20250227-WA0136-300x225.jpg 300w, https:\/\/folhapopular.info\/wp-content\/uploads\/2025\/03\/IMG-20250227-WA0136-768x576.jpg 768w, https:\/\/folhapopular.info\/wp-content\/uploads\/2025\/03\/IMG-20250227-WA0136-1536x1152.jpg 1536w, https:\/\/folhapopular.info\/wp-content\/uploads\/2025\/03\/IMG-20250227-WA0136-2048x1536.jpg 2048w, https:\/\/folhapopular.info\/wp-content\/uploads\/2025\/03\/IMG-20250227-WA0136-560x420.jpg 560w, https:\/\/folhapopular.info\/wp-content\/uploads\/2025\/03\/IMG-20250227-WA0136-80x60.jpg 80w, https:\/\/folhapopular.info\/wp-content\/uploads\/2025\/03\/IMG-20250227-WA0136-696x522.jpg 696w, https:\/\/folhapopular.info\/wp-content\/uploads\/2025\/03\/IMG-20250227-WA0136-1068x801.jpg 1068w, https:\/\/folhapopular.info\/wp-content\/uploads\/2025\/03\/IMG-20250227-WA0136-1920x1440.jpg 1920w\" sizes=\"auto, (max-width: 1024px) 100vw, 1024px\" \/><figcaption class=\"wp-element-caption\">Percas com as cheias bateram R$ 25 mil<\/figcaption><\/figure>\n\n\n\n<figure class=\"wp-block-image size-large\"><img loading=\"lazy\" decoding=\"async\" width=\"1024\" height=\"768\" data-id=\"181618\" src=\"https:\/\/folhapopular.info\/wp-content\/uploads\/2025\/03\/IMG-20250227-WA0176-1024x768.jpg\" alt=\"\" class=\"wp-image-181618\" srcset=\"https:\/\/folhapopular.info\/wp-content\/uploads\/2025\/03\/IMG-20250227-WA0176-1024x768.jpg 1024w, https:\/\/folhapopular.info\/wp-content\/uploads\/2025\/03\/IMG-20250227-WA0176-300x225.jpg 300w, https:\/\/folhapopular.info\/wp-content\/uploads\/2025\/03\/IMG-20250227-WA0176-768x576.jpg 768w, https:\/\/folhapopular.info\/wp-content\/uploads\/2025\/03\/IMG-20250227-WA0176-1536x1152.jpg 1536w, https:\/\/folhapopular.info\/wp-content\/uploads\/2025\/03\/IMG-20250227-WA0176-2048x1536.jpg 2048w, https:\/\/folhapopular.info\/wp-content\/uploads\/2025\/03\/IMG-20250227-WA0176-560x420.jpg 560w, https:\/\/folhapopular.info\/wp-content\/uploads\/2025\/03\/IMG-20250227-WA0176-80x60.jpg 80w, https:\/\/folhapopular.info\/wp-content\/uploads\/2025\/03\/IMG-20250227-WA0176-696x522.jpg 696w, https:\/\/folhapopular.info\/wp-content\/uploads\/2025\/03\/IMG-20250227-WA0176-1068x801.jpg 1068w, https:\/\/folhapopular.info\/wp-content\/uploads\/2025\/03\/IMG-20250227-WA0176-1920x1440.jpg 1920w\" sizes=\"auto, (max-width: 1024px) 100vw, 1024px\" \/><figcaption class=\"wp-element-caption\">\u00c1rea social do clube \u00e9 uma das mais arborizados da regi\u00e3o<\/figcaption><\/figure>\n<figcaption class=\"blocks-gallery-caption wp-element-caption\">Cr\u00e9dito: <br>Gabriel Alan R\u00fcbenich \/ Especial FP<\/figcaption><\/figure>\n","protected":false},"excerpt":{"rendered":"<p>A Associa\u00e7\u00e3o Esportiva e Recreativa Ouro Verde \u00e9 mais um clube tradicional a estar de volta aos gramados depois de anos de dificuldades, desafios e inatividade \u2013 junto do Ga\u00facho. Fundado por moradores locais em 4 de abril de 2000, o clube atravessou diferentes \u00e9pocas e, mesmo com pausas e crises financeiras, segue na comunidade [&hellip;]<\/p>\n","protected":false},"author":732,"featured_media":181619,"comment_status":"open","ping_status":"open","sticky":false,"template":"","format":"standard","meta":{"pmpro_default_level":"","_jetpack_memberships_contains_paid_content":false,"footnotes":""},"categories":[5,240,18154],"tags":[1176,10409,9972,18113,26],"class_list":{"0":"post-181613","1":"post","2":"type-post","3":"status-publish","4":"format-standard","5":"has-post-thumbnail","7":"category-esportes","8":"category-futebol-amador","9":"category-intermunicipal-2025","10":"tag-bairro-alesgut","11":"tag-intermunicipal","12":"tag-ouro-verde","13":"tag-retomada-de-atividades","14":"tag-teutonia","15":"pmpro-has-access"},"yoast_head":"<!-- This site is optimized with the Yoast SEO plugin v27.5 - https:\/\/yoast.com\/product\/yoast-seo-wordpress\/ -->\n<title>Ouro Verde retoma atividades com a for\u00e7a do Bairro Alesgut - Folha Popular<\/title>\n<meta name=\"robots\" content=\"index, follow, max-snippet:-1, max-image-preview:large, max-video-preview:-1\" \/>\n<link rel=\"canonical\" href=\"https:\/\/folhapopular.info\/index.php\/2025\/03\/01\/ouro-verde-retoma-atividades-com-a-forca-do-bairro-alesgut\/\" \/>\n<meta property=\"og:locale\" content=\"pt_BR\" \/>\n<meta property=\"og:type\" content=\"article\" \/>\n<meta property=\"og:title\" content=\"Ouro Verde retoma atividades com a for\u00e7a do Bairro Alesgut - Folha Popular\" \/>\n<meta property=\"og:description\" content=\"A Associa\u00e7\u00e3o Esportiva e Recreativa Ouro Verde \u00e9 mais um clube tradicional a estar de volta aos gramados depois de anos de dificuldades, desafios e inatividade \u2013 junto do Ga\u00facho. Fundado por moradores locais em 4 de abril de 2000, o clube atravessou diferentes \u00e9pocas e, mesmo com pausas e crises financeiras, segue na comunidade [&hellip;]\" \/>\n<meta property=\"og:url\" content=\"https:\/\/folhapopular.info\/index.php\/2025\/03\/01\/ouro-verde-retoma-atividades-com-a-forca-do-bairro-alesgut\/\" \/>\n<meta property=\"og:site_name\" content=\"Folha Popular\" \/>\n<meta property=\"article:author\" content=\"https:\/\/www.facebook.com\/luis.huppes\/\" \/>\n<meta property=\"article:published_time\" content=\"2025-03-01T13:18:50+00:00\" \/>\n<meta property=\"article:modified_time\" content=\"2025-03-22T16:39:08+00:00\" \/>\n<meta property=\"og:image\" content=\"http:\/\/folhapopular.info\/wp-content\/uploads\/2025\/03\/Clube-precisou-recuperar-sua-estrutura-apos-ser-atingido-pelas-cheias_Gabriel-Alan-Rubenich_Especial-FP-scaled.jpg\" \/>\n\t<meta property=\"og:image:width\" content=\"2560\" \/>\n\t<meta property=\"og:image:height\" content=\"1920\" \/>\n\t<meta property=\"og:image:type\" content=\"image\/jpeg\" \/>\n<meta name=\"author\" content=\"Luis Augusto Huppes\" \/>\n<meta name=\"twitter:card\" content=\"summary_large_image\" \/>\n<meta name=\"twitter:label1\" content=\"Escrito por\" \/>\n\t<meta name=\"twitter:data1\" content=\"Luis Augusto Huppes\" \/>\n\t<meta name=\"twitter:label2\" content=\"Est. tempo de leitura\" \/>\n\t<meta name=\"twitter:data2\" content=\"6 minutos\" \/>\n<script type=\"application\/ld+json\" class=\"yoast-schema-graph\">{\"@context\":\"https:\\\/\\\/schema.org\",\"@graph\":[{\"@type\":\"Article\",\"@id\":\"https:\\\/\\\/folhapopular.info\\\/index.php\\\/2025\\\/03\\\/01\\\/ouro-verde-retoma-atividades-com-a-forca-do-bairro-alesgut\\\/#article\",\"isPartOf\":{\"@id\":\"https:\\\/\\\/folhapopular.info\\\/index.php\\\/2025\\\/03\\\/01\\\/ouro-verde-retoma-atividades-com-a-forca-do-bairro-alesgut\\\/\"},\"author\":{\"name\":\"Luis Augusto Huppes\",\"@id\":\"https:\\\/\\\/folhapopular.info\\\/#\\\/schema\\\/person\\\/e852c327371714676d02e58cf917fd9f\"},\"headline\":\"Ouro Verde retoma atividades com a for\u00e7a do Bairro Alesgut\",\"datePublished\":\"2025-03-01T13:18:50+00:00\",\"dateModified\":\"2025-03-22T16:39:08+00:00\",\"mainEntityOfPage\":{\"@id\":\"https:\\\/\\\/folhapopular.info\\\/index.php\\\/2025\\\/03\\\/01\\\/ouro-verde-retoma-atividades-com-a-forca-do-bairro-alesgut\\\/\"},\"wordCount\":889,\"commentCount\":0,\"image\":{\"@id\":\"https:\\\/\\\/folhapopular.info\\\/index.php\\\/2025\\\/03\\\/01\\\/ouro-verde-retoma-atividades-com-a-forca-do-bairro-alesgut\\\/#primaryimage\"},\"thumbnailUrl\":\"https:\\\/\\\/folhapopular.info\\\/wp-content\\\/uploads\\\/2025\\\/03\\\/Clube-precisou-recuperar-sua-estrutura-apos-ser-atingido-pelas-cheias_Gabriel-Alan-Rubenich_Especial-FP-scaled.jpg\",\"keywords\":[\"Bairro Alesgut\",\"Intermunicipal\",\"Ouro Verde\",\"retomada de atividades\",\"Teut\u00f4nia\"],\"articleSection\":[\"Esportes\",\"Futebol Amador\",\"Intermunicipal 2025\"],\"inLanguage\":\"pt-BR\",\"potentialAction\":[{\"@type\":\"CommentAction\",\"name\":\"Comment\",\"target\":[\"https:\\\/\\\/folhapopular.info\\\/index.php\\\/2025\\\/03\\\/01\\\/ouro-verde-retoma-atividades-com-a-forca-do-bairro-alesgut\\\/#respond\"]}]},{\"@type\":\"WebPage\",\"@id\":\"https:\\\/\\\/folhapopular.info\\\/index.php\\\/2025\\\/03\\\/01\\\/ouro-verde-retoma-atividades-com-a-forca-do-bairro-alesgut\\\/\",\"url\":\"https:\\\/\\\/folhapopular.info\\\/index.php\\\/2025\\\/03\\\/01\\\/ouro-verde-retoma-atividades-com-a-forca-do-bairro-alesgut\\\/\",\"name\":\"Ouro Verde retoma atividades com a for\u00e7a do Bairro Alesgut - Folha Popular\",\"isPartOf\":{\"@id\":\"https:\\\/\\\/folhapopular.info\\\/#website\"},\"primaryImageOfPage\":{\"@id\":\"https:\\\/\\\/folhapopular.info\\\/index.php\\\/2025\\\/03\\\/01\\\/ouro-verde-retoma-atividades-com-a-forca-do-bairro-alesgut\\\/#primaryimage\"},\"image\":{\"@id\":\"https:\\\/\\\/folhapopular.info\\\/index.php\\\/2025\\\/03\\\/01\\\/ouro-verde-retoma-atividades-com-a-forca-do-bairro-alesgut\\\/#primaryimage\"},\"thumbnailUrl\":\"https:\\\/\\\/folhapopular.info\\\/wp-content\\\/uploads\\\/2025\\\/03\\\/Clube-precisou-recuperar-sua-estrutura-apos-ser-atingido-pelas-cheias_Gabriel-Alan-Rubenich_Especial-FP-scaled.jpg\",\"datePublished\":\"2025-03-01T13:18:50+00:00\",\"dateModified\":\"2025-03-22T16:39:08+00:00\",\"author\":{\"@id\":\"https:\\\/\\\/folhapopular.info\\\/#\\\/schema\\\/person\\\/e852c327371714676d02e58cf917fd9f\"},\"breadcrumb\":{\"@id\":\"https:\\\/\\\/folhapopular.info\\\/index.php\\\/2025\\\/03\\\/01\\\/ouro-verde-retoma-atividades-com-a-forca-do-bairro-alesgut\\\/#breadcrumb\"},\"inLanguage\":\"pt-BR\",\"potentialAction\":[{\"@type\":\"ReadAction\",\"target\":[\"https:\\\/\\\/folhapopular.info\\\/index.php\\\/2025\\\/03\\\/01\\\/ouro-verde-retoma-atividades-com-a-forca-do-bairro-alesgut\\\/\"]}]},{\"@type\":\"ImageObject\",\"inLanguage\":\"pt-BR\",\"@id\":\"https:\\\/\\\/folhapopular.info\\\/index.php\\\/2025\\\/03\\\/01\\\/ouro-verde-retoma-atividades-com-a-forca-do-bairro-alesgut\\\/#primaryimage\",\"url\":\"https:\\\/\\\/folhapopular.info\\\/wp-content\\\/uploads\\\/2025\\\/03\\\/Clube-precisou-recuperar-sua-estrutura-apos-ser-atingido-pelas-cheias_Gabriel-Alan-Rubenich_Especial-FP-scaled.jpg\",\"contentUrl\":\"https:\\\/\\\/folhapopular.info\\\/wp-content\\\/uploads\\\/2025\\\/03\\\/Clube-precisou-recuperar-sua-estrutura-apos-ser-atingido-pelas-cheias_Gabriel-Alan-Rubenich_Especial-FP-scaled.jpg\",\"width\":2560,\"height\":1920,\"caption\":\"Clube precisou recuperar sua estrutura ap\u00f3s ser atingido pelas cheias \\\/ Cr\u00e9dito: Gabriel Alan R\u00fcbenich \\\/ Especial FP\"},{\"@type\":\"BreadcrumbList\",\"@id\":\"https:\\\/\\\/folhapopular.info\\\/index.php\\\/2025\\\/03\\\/01\\\/ouro-verde-retoma-atividades-com-a-forca-do-bairro-alesgut\\\/#breadcrumb\",\"itemListElement\":[{\"@type\":\"ListItem\",\"position\":1,\"name\":\"In\u00edcio\",\"item\":\"https:\\\/\\\/folhapopular.info\\\/\"},{\"@type\":\"ListItem\",\"position\":2,\"name\":\"Ouro Verde retoma atividades com a for\u00e7a do Bairro Alesgut\"}]},{\"@type\":\"WebSite\",\"@id\":\"https:\\\/\\\/folhapopular.info\\\/#website\",\"url\":\"https:\\\/\\\/folhapopular.info\\\/\",\"name\":\"Folha Popular\",\"description\":\"Onde voc\u00ea tem vez e voz\",\"potentialAction\":[{\"@type\":\"SearchAction\",\"target\":{\"@type\":\"EntryPoint\",\"urlTemplate\":\"https:\\\/\\\/folhapopular.info\\\/?s={search_term_string}\"},\"query-input\":{\"@type\":\"PropertyValueSpecification\",\"valueRequired\":true,\"valueName\":\"search_term_string\"}}],\"inLanguage\":\"pt-BR\"},{\"@type\":\"Person\",\"@id\":\"https:\\\/\\\/folhapopular.info\\\/#\\\/schema\\\/person\\\/e852c327371714676d02e58cf917fd9f\",\"name\":\"Luis Augusto Huppes\",\"image\":{\"@type\":\"ImageObject\",\"inLanguage\":\"pt-BR\",\"@id\":\"https:\\\/\\\/folhapopular.info\\\/wp-content\\\/uploads\\\/2026\\\/04\\\/Luis-Augusto-Huppes-1-1.webp\",\"url\":\"https:\\\/\\\/folhapopular.info\\\/wp-content\\\/uploads\\\/2026\\\/04\\\/Luis-Augusto-Huppes-1-1.webp\",\"contentUrl\":\"https:\\\/\\\/folhapopular.info\\\/wp-content\\\/uploads\\\/2026\\\/04\\\/Luis-Augusto-Huppes-1-1.webp\",\"caption\":\"Luis Augusto Huppes\"},\"sameAs\":[\"https:\\\/\\\/www.facebook.com\\\/luis.huppes\\\/\",\"https:\\\/\\\/www.instagram.com\\\/luis.huppes\\\/\",\"https:\\\/\\\/www.linkedin.com\\\/in\\\/luis-augusto-huppes-2554b52b7\\\/\"],\"url\":\"https:\\\/\\\/folhapopular.info\\\/index.php\\\/author\\\/luis-augusto-huppes\\\/\"}]}<\/script>\n<!-- \/ Yoast SEO plugin. -->","yoast_head_json":{"title":"Ouro Verde retoma atividades com a for\u00e7a do Bairro Alesgut - Folha Popular","robots":{"index":"index","follow":"follow","max-snippet":"max-snippet:-1","max-image-preview":"max-image-preview:large","max-video-preview":"max-video-preview:-1"},"canonical":"https:\/\/folhapopular.info\/index.php\/2025\/03\/01\/ouro-verde-retoma-atividades-com-a-forca-do-bairro-alesgut\/","og_locale":"pt_BR","og_type":"article","og_title":"Ouro Verde retoma atividades com a for\u00e7a do Bairro Alesgut - Folha Popular","og_description":"A Associa\u00e7\u00e3o Esportiva e Recreativa Ouro Verde \u00e9 mais um clube tradicional a estar de volta aos gramados depois de anos de dificuldades, desafios e inatividade \u2013 junto do Ga\u00facho. Fundado por moradores locais em 4 de abril de 2000, o clube atravessou diferentes \u00e9pocas e, mesmo com pausas e crises financeiras, segue na comunidade [&hellip;]","og_url":"https:\/\/folhapopular.info\/index.php\/2025\/03\/01\/ouro-verde-retoma-atividades-com-a-forca-do-bairro-alesgut\/","og_site_name":"Folha Popular","article_author":"https:\/\/www.facebook.com\/luis.huppes\/","article_published_time":"2025-03-01T13:18:50+00:00","article_modified_time":"2025-03-22T16:39:08+00:00","og_image":[{"width":2560,"height":1920,"url":"http:\/\/folhapopular.info\/wp-content\/uploads\/2025\/03\/Clube-precisou-recuperar-sua-estrutura-apos-ser-atingido-pelas-cheias_Gabriel-Alan-Rubenich_Especial-FP-scaled.jpg","type":"image\/jpeg"}],"author":"Luis Augusto Huppes","twitter_card":"summary_large_image","twitter_misc":{"Escrito por":"Luis Augusto Huppes","Est. tempo de leitura":"6 minutos"},"schema":{"@context":"https:\/\/schema.org","@graph":[{"@type":"Article","@id":"https:\/\/folhapopular.info\/index.php\/2025\/03\/01\/ouro-verde-retoma-atividades-com-a-forca-do-bairro-alesgut\/#article","isPartOf":{"@id":"https:\/\/folhapopular.info\/index.php\/2025\/03\/01\/ouro-verde-retoma-atividades-com-a-forca-do-bairro-alesgut\/"},"author":{"name":"Luis Augusto Huppes","@id":"https:\/\/folhapopular.info\/#\/schema\/person\/e852c327371714676d02e58cf917fd9f"},"headline":"Ouro Verde retoma atividades com a for\u00e7a do Bairro Alesgut","datePublished":"2025-03-01T13:18:50+00:00","dateModified":"2025-03-22T16:39:08+00:00","mainEntityOfPage":{"@id":"https:\/\/folhapopular.info\/index.php\/2025\/03\/01\/ouro-verde-retoma-atividades-com-a-forca-do-bairro-alesgut\/"},"wordCount":889,"commentCount":0,"image":{"@id":"https:\/\/folhapopular.info\/index.php\/2025\/03\/01\/ouro-verde-retoma-atividades-com-a-forca-do-bairro-alesgut\/#primaryimage"},"thumbnailUrl":"https:\/\/folhapopular.info\/wp-content\/uploads\/2025\/03\/Clube-precisou-recuperar-sua-estrutura-apos-ser-atingido-pelas-cheias_Gabriel-Alan-Rubenich_Especial-FP-scaled.jpg","keywords":["Bairro Alesgut","Intermunicipal","Ouro Verde","retomada de atividades","Teut\u00f4nia"],"articleSection":["Esportes","Futebol Amador","Intermunicipal 2025"],"inLanguage":"pt-BR","potentialAction":[{"@type":"CommentAction","name":"Comment","target":["https:\/\/folhapopular.info\/index.php\/2025\/03\/01\/ouro-verde-retoma-atividades-com-a-forca-do-bairro-alesgut\/#respond"]}]},{"@type":"WebPage","@id":"https:\/\/folhapopular.info\/index.php\/2025\/03\/01\/ouro-verde-retoma-atividades-com-a-forca-do-bairro-alesgut\/","url":"https:\/\/folhapopular.info\/index.php\/2025\/03\/01\/ouro-verde-retoma-atividades-com-a-forca-do-bairro-alesgut\/","name":"Ouro Verde retoma atividades com a for\u00e7a do Bairro Alesgut - Folha Popular","isPartOf":{"@id":"https:\/\/folhapopular.info\/#website"},"primaryImageOfPage":{"@id":"https:\/\/folhapopular.info\/index.php\/2025\/03\/01\/ouro-verde-retoma-atividades-com-a-forca-do-bairro-alesgut\/#primaryimage"},"image":{"@id":"https:\/\/folhapopular.info\/index.php\/2025\/03\/01\/ouro-verde-retoma-atividades-com-a-forca-do-bairro-alesgut\/#primaryimage"},"thumbnailUrl":"https:\/\/folhapopular.info\/wp-content\/uploads\/2025\/03\/Clube-precisou-recuperar-sua-estrutura-apos-ser-atingido-pelas-cheias_Gabriel-Alan-Rubenich_Especial-FP-scaled.jpg","datePublished":"2025-03-01T13:18:50+00:00","dateModified":"2025-03-22T16:39:08+00:00","author":{"@id":"https:\/\/folhapopular.info\/#\/schema\/person\/e852c327371714676d02e58cf917fd9f"},"breadcrumb":{"@id":"https:\/\/folhapopular.info\/index.php\/2025\/03\/01\/ouro-verde-retoma-atividades-com-a-forca-do-bairro-alesgut\/#breadcrumb"},"inLanguage":"pt-BR","potentialAction":[{"@type":"ReadAction","target":["https:\/\/folhapopular.info\/index.php\/2025\/03\/01\/ouro-verde-retoma-atividades-com-a-forca-do-bairro-alesgut\/"]}]},{"@type":"ImageObject","inLanguage":"pt-BR","@id":"https:\/\/folhapopular.info\/index.php\/2025\/03\/01\/ouro-verde-retoma-atividades-com-a-forca-do-bairro-alesgut\/#primaryimage","url":"https:\/\/folhapopular.info\/wp-content\/uploads\/2025\/03\/Clube-precisou-recuperar-sua-estrutura-apos-ser-atingido-pelas-cheias_Gabriel-Alan-Rubenich_Especial-FP-scaled.jpg","contentUrl":"https:\/\/folhapopular.info\/wp-content\/uploads\/2025\/03\/Clube-precisou-recuperar-sua-estrutura-apos-ser-atingido-pelas-cheias_Gabriel-Alan-Rubenich_Especial-FP-scaled.jpg","width":2560,"height":1920,"caption":"Clube precisou recuperar sua estrutura ap\u00f3s ser atingido pelas cheias \/ Cr\u00e9dito: Gabriel Alan R\u00fcbenich \/ Especial FP"},{"@type":"BreadcrumbList","@id":"https:\/\/folhapopular.info\/index.php\/2025\/03\/01\/ouro-verde-retoma-atividades-com-a-forca-do-bairro-alesgut\/#breadcrumb","itemListElement":[{"@type":"ListItem","position":1,"name":"In\u00edcio","item":"https:\/\/folhapopular.info\/"},{"@type":"ListItem","position":2,"name":"Ouro Verde retoma atividades com a for\u00e7a do Bairro Alesgut"}]},{"@type":"WebSite","@id":"https:\/\/folhapopular.info\/#website","url":"https:\/\/folhapopular.info\/","name":"Folha Popular","description":"Onde voc\u00ea tem vez e voz","potentialAction":[{"@type":"SearchAction","target":{"@type":"EntryPoint","urlTemplate":"https:\/\/folhapopular.info\/?s={search_term_string}"},"query-input":{"@type":"PropertyValueSpecification","valueRequired":true,"valueName":"search_term_string"}}],"inLanguage":"pt-BR"},{"@type":"Person","@id":"https:\/\/folhapopular.info\/#\/schema\/person\/e852c327371714676d02e58cf917fd9f","name":"Luis Augusto Huppes","image":{"@type":"ImageObject","inLanguage":"pt-BR","@id":"https:\/\/folhapopular.info\/wp-content\/uploads\/2026\/04\/Luis-Augusto-Huppes-1-1.webp","url":"https:\/\/folhapopular.info\/wp-content\/uploads\/2026\/04\/Luis-Augusto-Huppes-1-1.webp","contentUrl":"https:\/\/folhapopular.info\/wp-content\/uploads\/2026\/04\/Luis-Augusto-Huppes-1-1.webp","caption":"Luis Augusto Huppes"},"sameAs":["https:\/\/www.facebook.com\/luis.huppes\/","https:\/\/www.instagram.com\/luis.huppes\/","https:\/\/www.linkedin.com\/in\/luis-augusto-huppes-2554b52b7\/"],"url":"https:\/\/folhapopular.info\/index.php\/author\/luis-augusto-huppes\/"}]}},"jetpack_featured_media_url":"https:\/\/folhapopular.info\/wp-content\/uploads\/2025\/03\/Clube-precisou-recuperar-sua-estrutura-apos-ser-atingido-pelas-cheias_Gabriel-Alan-Rubenich_Especial-FP-scaled.jpg","jetpack_sharing_enabled":true,"amp_enabled":true,"_links":{"self":[{"href":"https:\/\/folhapopular.info\/index.php\/wp-json\/wp\/v2\/posts\/181613","targetHints":{"allow":["GET"]}}],"collection":[{"href":"https:\/\/folhapopular.info\/index.php\/wp-json\/wp\/v2\/posts"}],"about":[{"href":"https:\/\/folhapopular.info\/index.php\/wp-json\/wp\/v2\/types\/post"}],"author":[{"embeddable":true,"href":"https:\/\/folhapopular.info\/index.php\/wp-json\/wp\/v2\/users\/732"}],"replies":[{"embeddable":true,"href":"https:\/\/folhapopular.info\/index.php\/wp-json\/wp\/v2\/comments?post=181613"}],"version-history":[{"count":0,"href":"https:\/\/folhapopular.info\/index.php\/wp-json\/wp\/v2\/posts\/181613\/revisions"}],"wp:featuredmedia":[{"embeddable":true,"href":"https:\/\/folhapopular.info\/index.php\/wp-json\/wp\/v2\/media\/181619"}],"wp:attachment":[{"href":"https:\/\/folhapopular.info\/index.php\/wp-json\/wp\/v2\/media?parent=181613"}],"wp:term":[{"taxonomy":"category","embeddable":true,"href":"https:\/\/folhapopular.info\/index.php\/wp-json\/wp\/v2\/categories?post=181613"},{"taxonomy":"post_tag","embeddable":true,"href":"https:\/\/folhapopular.info\/index.php\/wp-json\/wp\/v2\/tags?post=181613"}],"curies":[{"name":"wp","href":"https:\/\/api.w.org\/{rel}","templated":true}]}}