{"id":181644,"date":"2025-03-02T10:10:38","date_gmt":"2025-03-02T13:10:38","guid":{"rendered":"https:\/\/folhapopular.info\/?p=181644"},"modified":"2025-03-02T10:12:35","modified_gmt":"2025-03-02T13:12:35","slug":"sub-15-de-brochier-levanta-primeira-taca-no-aberto-de-verao","status":"publish","type":"post","link":"https:\/\/folhapopular.info\/index.php\/2025\/03\/02\/sub-15-de-brochier-levanta-primeira-taca-no-aberto-de-verao\/","title":{"rendered":"Sub-15 de Brochier levanta primeira ta\u00e7a no Aberto de Ver\u00e3o"},"content":{"rendered":"\n<p>O 44\u00ba Campeonato Aberto de Ver\u00e3o Lojas Becker 2025 conheceu seu primeiro campe\u00e3o na noite da sexta-feira (28\/2). Pela categoria sub-15 do Futsal, a equipe do Brochier sagrou-se campe\u00e3 ao vencer o Laranja Mec\u00e2nica nas cobran\u00e7as de p\u00eanaltis, ap\u00f3s empate por 4 a 4 no tempo regulamentar.<\/p>\n\n\n\n<p>A competi\u00e7\u00e3o tamb\u00e9m seguiu com confrontos decisivos nas quartas de final da S\u00e9rie Ouro do For\u00e7a Livre. O Super Cau\u00e3 superou o Sparta Futsal pelo placar de 5 a 2, enquanto o KBF Guri das Frutas venceu o Galaticos por 4 a 2. No futebol Sete, os jogos tamb\u00e9m foram movimentados. No campo 1, o Lacorunha derrotou o Flamengo na categoria Veterano por 1 a 0, enquanto Os Veio da 24 venceram o GEO Ol\u00e1rias por 2 a 1 na categoria Master.<\/p>\n\n\n\n<p>Outros confrontos das quartas de final da s\u00e9rie Ouro do For\u00e7a Livre trouxeram vit\u00f3rias importantes. Os Guri da 24 venceu o Amigos do Gemeii e garantiu sua classifica\u00e7\u00e3o ao bater com a vit\u00f3ria por 3 a 1, e o Uni\u00e3o Olarias eliminou o Red Bull com vit\u00f3ria por 3 a 0. No campo 2, o For\u00e7a Jovem venceu o Amigos do Egon na categoria Veterano por 3 a 1. Na categoria sub-21, o Assombrados superou o GEW Servi\u00e7os por 2 a 1.<\/p>\n\n\n\n<p>Ainda pela s\u00e9rie Ouro do For\u00e7a Livre, o Elite garantiu sua classifica\u00e7\u00e3o ao vencer o Brocadeira por 2 a 1, enquanto o Amigos do Zeca derrotou o Amigos do Sacola pelo placar de 3 a 1.<\/p>\n\n\n\n<p>A pr\u00f3xima rodada do Campeonato Aberto de Ver\u00e3o Lojas Becker 2025 est\u00e1 marcada para a sexta-feira (7\/3), com novos duelos que do Futsal e Futebol Sete, na Sede dos Funcion\u00e1rios da Cooperativa Languiru.<\/p>\n\n\n\n<p><strong>Destaques<\/strong><\/p>\n\n\n\n<p>O artilheiro do torneio foi Gustavo Henrique Rodrigues, do Laranja Mec\u00e2nica, que marcou sete gols ao longo da competi\u00e7\u00e3o.  Na defesa, o t\u00edtulo de Goleiro Menos Vazado ficou dividido entre os goleiros do Brochier Futsal e do Laranja Mec\u00e2nica, que sofreram 12 gols em seis jogos, com uma m\u00e9dia de 2,5 gols sofridos por partida.<\/p>\n\n\n\n<p>O pr\u00eamio de Destaque da Competi\u00e7\u00e3o foi para Lucas Soares de Amorim, do Brochier Futsal, enquanto o reconhecimento de Treinador Destaque foi concedido a Lucas Loterman, tamb\u00e9m do Brochier Futsal.<\/p>\n\n\n\n<figure class=\"wp-block-gallery has-nested-images columns-default is-cropped wp-block-gallery-1 is-layout-flex wp-block-gallery-is-layout-flex\">\n<figure class=\"wp-block-image size-large\"><img loading=\"lazy\" decoding=\"async\" width=\"1024\" height=\"682\" data-id=\"181645\" src=\"https:\/\/folhapopular.info\/wp-content\/uploads\/2025\/03\/WhatsApp-Image-2025-03-01-at-08.59.09-1024x682.jpeg\" alt=\"\" class=\"wp-image-181645\" srcset=\"https:\/\/folhapopular.info\/wp-content\/uploads\/2025\/03\/WhatsApp-Image-2025-03-01-at-08.59.09-1024x682.jpeg 1024w, https:\/\/folhapopular.info\/wp-content\/uploads\/2025\/03\/WhatsApp-Image-2025-03-01-at-08.59.09-300x200.jpeg 300w, https:\/\/folhapopular.info\/wp-content\/uploads\/2025\/03\/WhatsApp-Image-2025-03-01-at-08.59.09-768x512.jpeg 768w, https:\/\/folhapopular.info\/wp-content\/uploads\/2025\/03\/WhatsApp-Image-2025-03-01-at-08.59.09-630x420.jpeg 630w, https:\/\/folhapopular.info\/wp-content\/uploads\/2025\/03\/WhatsApp-Image-2025-03-01-at-08.59.09-696x464.jpeg 696w, https:\/\/folhapopular.info\/wp-content\/uploads\/2025\/03\/WhatsApp-Image-2025-03-01-at-08.59.09-1068x712.jpeg 1068w, https:\/\/folhapopular.info\/wp-content\/uploads\/2025\/03\/WhatsApp-Image-2025-03-01-at-08.59.09.jpeg 1280w\" sizes=\"auto, (max-width: 1024px) 100vw, 1024px\" \/><figcaption class=\"wp-element-caption\">Brochier foi o primeiro campe\u00e3o da 44\u00aa edi\u00e7\u00e3o do Abert\u00e3o<\/figcaption><\/figure>\n\n\n\n<figure class=\"wp-block-image size-large\"><img loading=\"lazy\" decoding=\"async\" width=\"1024\" height=\"682\" data-id=\"181646\" src=\"https:\/\/folhapopular.info\/wp-content\/uploads\/2025\/03\/WhatsApp-Image-2025-03-01-at-08.59.10-1024x682.jpeg\" alt=\"\" class=\"wp-image-181646\" srcset=\"https:\/\/folhapopular.info\/wp-content\/uploads\/2025\/03\/WhatsApp-Image-2025-03-01-at-08.59.10-1024x682.jpeg 1024w, https:\/\/folhapopular.info\/wp-content\/uploads\/2025\/03\/WhatsApp-Image-2025-03-01-at-08.59.10-300x200.jpeg 300w, https:\/\/folhapopular.info\/wp-content\/uploads\/2025\/03\/WhatsApp-Image-2025-03-01-at-08.59.10-768x512.jpeg 768w, https:\/\/folhapopular.info\/wp-content\/uploads\/2025\/03\/WhatsApp-Image-2025-03-01-at-08.59.10-630x420.jpeg 630w, https:\/\/folhapopular.info\/wp-content\/uploads\/2025\/03\/WhatsApp-Image-2025-03-01-at-08.59.10-696x464.jpeg 696w, https:\/\/folhapopular.info\/wp-content\/uploads\/2025\/03\/WhatsApp-Image-2025-03-01-at-08.59.10-1068x712.jpeg 1068w, https:\/\/folhapopular.info\/wp-content\/uploads\/2025\/03\/WhatsApp-Image-2025-03-01-at-08.59.10.jpeg 1280w\" sizes=\"auto, (max-width: 1024px) 100vw, 1024px\" \/><figcaption class=\"wp-element-caption\">Laranja Mec\u00e2nica ficou com o segundo lugar<\/figcaption><\/figure>\n<figcaption class=\"blocks-gallery-caption wp-element-caption\">Cr\u00e9dito: Divulga\u00e7\u00e3o<\/figcaption><\/figure>\n\n\n\n<p><\/p>\n","protected":false},"excerpt":{"rendered":"<p>O 44\u00ba Campeonato Aberto de Ver\u00e3o Lojas Becker 2025 conheceu seu primeiro campe\u00e3o na noite da sexta-feira (28\/2). Pela categoria sub-15 do Futsal, a equipe do Brochier sagrou-se campe\u00e3 ao vencer o Laranja Mec\u00e2nica nas cobran\u00e7as de p\u00eanaltis, ap\u00f3s empate por 4 a 4 no tempo regulamentar. A competi\u00e7\u00e3o tamb\u00e9m seguiu com confrontos decisivos nas [&hellip;]<\/p>\n","protected":false},"author":732,"featured_media":181647,"comment_status":"open","ping_status":"open","sticky":false,"template":"","format":"standard","meta":{"pmpro_default_level":"","_jetpack_memberships_contains_paid_content":false,"footnotes":""},"categories":[5,6592,530],"tags":[17666,18116,1273,31],"class_list":{"0":"post-181644","1":"post","2":"type-post","3":"status-publish","4":"format-standard","5":"has-post-thumbnail","7":"category-esportes","8":"category-futebol-sete","9":"category-futsal","10":"tag-aberto-de-verao-lojas-becker-2025","11":"tag-brochier-futsal","12":"tag-futebol-sete","13":"tag-futsal","14":"pmpro-has-access"},"yoast_head":"<!-- This site is optimized with the Yoast SEO plugin v27.5 - https:\/\/yoast.com\/product\/yoast-seo-wordpress\/ -->\n<title>Sub-15 de Brochier levanta primeira ta\u00e7a no Aberto de Ver\u00e3o - Folha Popular<\/title>\n<meta name=\"robots\" content=\"index, follow, max-snippet:-1, max-image-preview:large, max-video-preview:-1\" \/>\n<link rel=\"canonical\" href=\"https:\/\/folhapopular.info\/index.php\/2025\/03\/02\/sub-15-de-brochier-levanta-primeira-taca-no-aberto-de-verao\/\" \/>\n<meta property=\"og:locale\" content=\"pt_BR\" \/>\n<meta property=\"og:type\" content=\"article\" \/>\n<meta property=\"og:title\" content=\"Sub-15 de Brochier levanta primeira ta\u00e7a no Aberto de Ver\u00e3o - Folha Popular\" \/>\n<meta property=\"og:description\" content=\"O 44\u00ba Campeonato Aberto de Ver\u00e3o Lojas Becker 2025 conheceu seu primeiro campe\u00e3o na noite da sexta-feira (28\/2). Pela categoria sub-15 do Futsal, a equipe do Brochier sagrou-se campe\u00e3 ao vencer o Laranja Mec\u00e2nica nas cobran\u00e7as de p\u00eanaltis, ap\u00f3s empate por 4 a 4 no tempo regulamentar. A competi\u00e7\u00e3o tamb\u00e9m seguiu com confrontos decisivos nas [&hellip;]\" \/>\n<meta property=\"og:url\" content=\"https:\/\/folhapopular.info\/index.php\/2025\/03\/02\/sub-15-de-brochier-levanta-primeira-taca-no-aberto-de-verao\/\" \/>\n<meta property=\"og:site_name\" content=\"Folha Popular\" \/>\n<meta property=\"article:author\" content=\"https:\/\/www.facebook.com\/luis.huppes\/\" \/>\n<meta property=\"article:published_time\" content=\"2025-03-02T13:10:38+00:00\" \/>\n<meta property=\"article:modified_time\" content=\"2025-03-02T13:12:35+00:00\" \/>\n<meta property=\"og:image\" content=\"http:\/\/folhapopular.info\/wp-content\/uploads\/2025\/03\/WhatsApp-Image-2025-03-01-at-08.59.09-1.jpeg\" \/>\n\t<meta property=\"og:image:width\" content=\"1280\" \/>\n\t<meta property=\"og:image:height\" content=\"853\" \/>\n\t<meta property=\"og:image:type\" content=\"image\/jpeg\" \/>\n<meta name=\"author\" content=\"Luis Augusto Huppes\" \/>\n<meta name=\"twitter:card\" content=\"summary_large_image\" \/>\n<meta name=\"twitter:label1\" content=\"Escrito por\" \/>\n\t<meta name=\"twitter:data1\" content=\"Luis Augusto Huppes\" \/>\n\t<meta name=\"twitter:label2\" content=\"Est. tempo de leitura\" \/>\n\t<meta name=\"twitter:data2\" content=\"3 minutos\" \/>\n<script type=\"application\/ld+json\" class=\"yoast-schema-graph\">{\"@context\":\"https:\\\/\\\/schema.org\",\"@graph\":[{\"@type\":\"Article\",\"@id\":\"https:\\\/\\\/folhapopular.info\\\/index.php\\\/2025\\\/03\\\/02\\\/sub-15-de-brochier-levanta-primeira-taca-no-aberto-de-verao\\\/#article\",\"isPartOf\":{\"@id\":\"https:\\\/\\\/folhapopular.info\\\/index.php\\\/2025\\\/03\\\/02\\\/sub-15-de-brochier-levanta-primeira-taca-no-aberto-de-verao\\\/\"},\"author\":{\"name\":\"Luis Augusto Huppes\",\"@id\":\"https:\\\/\\\/folhapopular.info\\\/#\\\/schema\\\/person\\\/e852c327371714676d02e58cf917fd9f\"},\"headline\":\"Sub-15 de Brochier levanta primeira ta\u00e7a no Aberto de Ver\u00e3o\",\"datePublished\":\"2025-03-02T13:10:38+00:00\",\"dateModified\":\"2025-03-02T13:12:35+00:00\",\"mainEntityOfPage\":{\"@id\":\"https:\\\/\\\/folhapopular.info\\\/index.php\\\/2025\\\/03\\\/02\\\/sub-15-de-brochier-levanta-primeira-taca-no-aberto-de-verao\\\/\"},\"wordCount\":404,\"commentCount\":0,\"image\":{\"@id\":\"https:\\\/\\\/folhapopular.info\\\/index.php\\\/2025\\\/03\\\/02\\\/sub-15-de-brochier-levanta-primeira-taca-no-aberto-de-verao\\\/#primaryimage\"},\"thumbnailUrl\":\"https:\\\/\\\/folhapopular.info\\\/wp-content\\\/uploads\\\/2025\\\/03\\\/WhatsApp-Image-2025-03-01-at-08.59.09-1.jpeg\",\"keywords\":[\"Aberto de Ver\u00e3o Lojas Becker 2025\",\"Brochier Futsal\",\"Futebol Sete\",\"Futsal\"],\"articleSection\":[\"Esportes\",\"Futebol Sete\",\"Futsal\"],\"inLanguage\":\"pt-BR\",\"potentialAction\":[{\"@type\":\"CommentAction\",\"name\":\"Comment\",\"target\":[\"https:\\\/\\\/folhapopular.info\\\/index.php\\\/2025\\\/03\\\/02\\\/sub-15-de-brochier-levanta-primeira-taca-no-aberto-de-verao\\\/#respond\"]}]},{\"@type\":\"WebPage\",\"@id\":\"https:\\\/\\\/folhapopular.info\\\/index.php\\\/2025\\\/03\\\/02\\\/sub-15-de-brochier-levanta-primeira-taca-no-aberto-de-verao\\\/\",\"url\":\"https:\\\/\\\/folhapopular.info\\\/index.php\\\/2025\\\/03\\\/02\\\/sub-15-de-brochier-levanta-primeira-taca-no-aberto-de-verao\\\/\",\"name\":\"Sub-15 de Brochier levanta primeira ta\u00e7a no Aberto de Ver\u00e3o - Folha Popular\",\"isPartOf\":{\"@id\":\"https:\\\/\\\/folhapopular.info\\\/#website\"},\"primaryImageOfPage\":{\"@id\":\"https:\\\/\\\/folhapopular.info\\\/index.php\\\/2025\\\/03\\\/02\\\/sub-15-de-brochier-levanta-primeira-taca-no-aberto-de-verao\\\/#primaryimage\"},\"image\":{\"@id\":\"https:\\\/\\\/folhapopular.info\\\/index.php\\\/2025\\\/03\\\/02\\\/sub-15-de-brochier-levanta-primeira-taca-no-aberto-de-verao\\\/#primaryimage\"},\"thumbnailUrl\":\"https:\\\/\\\/folhapopular.info\\\/wp-content\\\/uploads\\\/2025\\\/03\\\/WhatsApp-Image-2025-03-01-at-08.59.09-1.jpeg\",\"datePublished\":\"2025-03-02T13:10:38+00:00\",\"dateModified\":\"2025-03-02T13:12:35+00:00\",\"author\":{\"@id\":\"https:\\\/\\\/folhapopular.info\\\/#\\\/schema\\\/person\\\/e852c327371714676d02e58cf917fd9f\"},\"breadcrumb\":{\"@id\":\"https:\\\/\\\/folhapopular.info\\\/index.php\\\/2025\\\/03\\\/02\\\/sub-15-de-brochier-levanta-primeira-taca-no-aberto-de-verao\\\/#breadcrumb\"},\"inLanguage\":\"pt-BR\",\"potentialAction\":[{\"@type\":\"ReadAction\",\"target\":[\"https:\\\/\\\/folhapopular.info\\\/index.php\\\/2025\\\/03\\\/02\\\/sub-15-de-brochier-levanta-primeira-taca-no-aberto-de-verao\\\/\"]}]},{\"@type\":\"ImageObject\",\"inLanguage\":\"pt-BR\",\"@id\":\"https:\\\/\\\/folhapopular.info\\\/index.php\\\/2025\\\/03\\\/02\\\/sub-15-de-brochier-levanta-primeira-taca-no-aberto-de-verao\\\/#primaryimage\",\"url\":\"https:\\\/\\\/folhapopular.info\\\/wp-content\\\/uploads\\\/2025\\\/03\\\/WhatsApp-Image-2025-03-01-at-08.59.09-1.jpeg\",\"contentUrl\":\"https:\\\/\\\/folhapopular.info\\\/wp-content\\\/uploads\\\/2025\\\/03\\\/WhatsApp-Image-2025-03-01-at-08.59.09-1.jpeg\",\"width\":1280,\"height\":853,\"caption\":\"O t\u00edtulo veio na noite da sexta-feira (28\\\/2) - Cr\u00e9dito: Divulga\u00e7\u00e3o\"},{\"@type\":\"BreadcrumbList\",\"@id\":\"https:\\\/\\\/folhapopular.info\\\/index.php\\\/2025\\\/03\\\/02\\\/sub-15-de-brochier-levanta-primeira-taca-no-aberto-de-verao\\\/#breadcrumb\",\"itemListElement\":[{\"@type\":\"ListItem\",\"position\":1,\"name\":\"In\u00edcio\",\"item\":\"https:\\\/\\\/folhapopular.info\\\/\"},{\"@type\":\"ListItem\",\"position\":2,\"name\":\"Sub-15 de Brochier levanta primeira ta\u00e7a no Aberto de Ver\u00e3o\"}]},{\"@type\":\"WebSite\",\"@id\":\"https:\\\/\\\/folhapopular.info\\\/#website\",\"url\":\"https:\\\/\\\/folhapopular.info\\\/\",\"name\":\"Folha Popular\",\"description\":\"Onde voc\u00ea tem vez e voz\",\"potentialAction\":[{\"@type\":\"SearchAction\",\"target\":{\"@type\":\"EntryPoint\",\"urlTemplate\":\"https:\\\/\\\/folhapopular.info\\\/?s={search_term_string}\"},\"query-input\":{\"@type\":\"PropertyValueSpecification\",\"valueRequired\":true,\"valueName\":\"search_term_string\"}}],\"inLanguage\":\"pt-BR\"},{\"@type\":\"Person\",\"@id\":\"https:\\\/\\\/folhapopular.info\\\/#\\\/schema\\\/person\\\/e852c327371714676d02e58cf917fd9f\",\"name\":\"Luis Augusto Huppes\",\"image\":{\"@type\":\"ImageObject\",\"inLanguage\":\"pt-BR\",\"@id\":\"https:\\\/\\\/folhapopular.info\\\/wp-content\\\/uploads\\\/2026\\\/04\\\/Luis-Augusto-Huppes-1-1.webp\",\"url\":\"https:\\\/\\\/folhapopular.info\\\/wp-content\\\/uploads\\\/2026\\\/04\\\/Luis-Augusto-Huppes-1-1.webp\",\"contentUrl\":\"https:\\\/\\\/folhapopular.info\\\/wp-content\\\/uploads\\\/2026\\\/04\\\/Luis-Augusto-Huppes-1-1.webp\",\"caption\":\"Luis Augusto Huppes\"},\"sameAs\":[\"https:\\\/\\\/www.facebook.com\\\/luis.huppes\\\/\",\"https:\\\/\\\/www.instagram.com\\\/luis.huppes\\\/\",\"https:\\\/\\\/www.linkedin.com\\\/in\\\/luis-augusto-huppes-2554b52b7\\\/\"],\"url\":\"https:\\\/\\\/folhapopular.info\\\/index.php\\\/author\\\/luis-augusto-huppes\\\/\"}]}<\/script>\n<!-- \/ Yoast SEO plugin. -->","yoast_head_json":{"title":"Sub-15 de Brochier levanta primeira ta\u00e7a no Aberto de Ver\u00e3o - Folha Popular","robots":{"index":"index","follow":"follow","max-snippet":"max-snippet:-1","max-image-preview":"max-image-preview:large","max-video-preview":"max-video-preview:-1"},"canonical":"https:\/\/folhapopular.info\/index.php\/2025\/03\/02\/sub-15-de-brochier-levanta-primeira-taca-no-aberto-de-verao\/","og_locale":"pt_BR","og_type":"article","og_title":"Sub-15 de Brochier levanta primeira ta\u00e7a no Aberto de Ver\u00e3o - Folha Popular","og_description":"O 44\u00ba Campeonato Aberto de Ver\u00e3o Lojas Becker 2025 conheceu seu primeiro campe\u00e3o na noite da sexta-feira (28\/2). Pela categoria sub-15 do Futsal, a equipe do Brochier sagrou-se campe\u00e3 ao vencer o Laranja Mec\u00e2nica nas cobran\u00e7as de p\u00eanaltis, ap\u00f3s empate por 4 a 4 no tempo regulamentar. A competi\u00e7\u00e3o tamb\u00e9m seguiu com confrontos decisivos nas [&hellip;]","og_url":"https:\/\/folhapopular.info\/index.php\/2025\/03\/02\/sub-15-de-brochier-levanta-primeira-taca-no-aberto-de-verao\/","og_site_name":"Folha Popular","article_author":"https:\/\/www.facebook.com\/luis.huppes\/","article_published_time":"2025-03-02T13:10:38+00:00","article_modified_time":"2025-03-02T13:12:35+00:00","og_image":[{"width":1280,"height":853,"url":"http:\/\/folhapopular.info\/wp-content\/uploads\/2025\/03\/WhatsApp-Image-2025-03-01-at-08.59.09-1.jpeg","type":"image\/jpeg"}],"author":"Luis Augusto Huppes","twitter_card":"summary_large_image","twitter_misc":{"Escrito por":"Luis Augusto Huppes","Est. tempo de leitura":"3 minutos"},"schema":{"@context":"https:\/\/schema.org","@graph":[{"@type":"Article","@id":"https:\/\/folhapopular.info\/index.php\/2025\/03\/02\/sub-15-de-brochier-levanta-primeira-taca-no-aberto-de-verao\/#article","isPartOf":{"@id":"https:\/\/folhapopular.info\/index.php\/2025\/03\/02\/sub-15-de-brochier-levanta-primeira-taca-no-aberto-de-verao\/"},"author":{"name":"Luis Augusto Huppes","@id":"https:\/\/folhapopular.info\/#\/schema\/person\/e852c327371714676d02e58cf917fd9f"},"headline":"Sub-15 de Brochier levanta primeira ta\u00e7a no Aberto de Ver\u00e3o","datePublished":"2025-03-02T13:10:38+00:00","dateModified":"2025-03-02T13:12:35+00:00","mainEntityOfPage":{"@id":"https:\/\/folhapopular.info\/index.php\/2025\/03\/02\/sub-15-de-brochier-levanta-primeira-taca-no-aberto-de-verao\/"},"wordCount":404,"commentCount":0,"image":{"@id":"https:\/\/folhapopular.info\/index.php\/2025\/03\/02\/sub-15-de-brochier-levanta-primeira-taca-no-aberto-de-verao\/#primaryimage"},"thumbnailUrl":"https:\/\/folhapopular.info\/wp-content\/uploads\/2025\/03\/WhatsApp-Image-2025-03-01-at-08.59.09-1.jpeg","keywords":["Aberto de Ver\u00e3o Lojas Becker 2025","Brochier Futsal","Futebol Sete","Futsal"],"articleSection":["Esportes","Futebol Sete","Futsal"],"inLanguage":"pt-BR","potentialAction":[{"@type":"CommentAction","name":"Comment","target":["https:\/\/folhapopular.info\/index.php\/2025\/03\/02\/sub-15-de-brochier-levanta-primeira-taca-no-aberto-de-verao\/#respond"]}]},{"@type":"WebPage","@id":"https:\/\/folhapopular.info\/index.php\/2025\/03\/02\/sub-15-de-brochier-levanta-primeira-taca-no-aberto-de-verao\/","url":"https:\/\/folhapopular.info\/index.php\/2025\/03\/02\/sub-15-de-brochier-levanta-primeira-taca-no-aberto-de-verao\/","name":"Sub-15 de Brochier levanta primeira ta\u00e7a no Aberto de Ver\u00e3o - Folha Popular","isPartOf":{"@id":"https:\/\/folhapopular.info\/#website"},"primaryImageOfPage":{"@id":"https:\/\/folhapopular.info\/index.php\/2025\/03\/02\/sub-15-de-brochier-levanta-primeira-taca-no-aberto-de-verao\/#primaryimage"},"image":{"@id":"https:\/\/folhapopular.info\/index.php\/2025\/03\/02\/sub-15-de-brochier-levanta-primeira-taca-no-aberto-de-verao\/#primaryimage"},"thumbnailUrl":"https:\/\/folhapopular.info\/wp-content\/uploads\/2025\/03\/WhatsApp-Image-2025-03-01-at-08.59.09-1.jpeg","datePublished":"2025-03-02T13:10:38+00:00","dateModified":"2025-03-02T13:12:35+00:00","author":{"@id":"https:\/\/folhapopular.info\/#\/schema\/person\/e852c327371714676d02e58cf917fd9f"},"breadcrumb":{"@id":"https:\/\/folhapopular.info\/index.php\/2025\/03\/02\/sub-15-de-brochier-levanta-primeira-taca-no-aberto-de-verao\/#breadcrumb"},"inLanguage":"pt-BR","potentialAction":[{"@type":"ReadAction","target":["https:\/\/folhapopular.info\/index.php\/2025\/03\/02\/sub-15-de-brochier-levanta-primeira-taca-no-aberto-de-verao\/"]}]},{"@type":"ImageObject","inLanguage":"pt-BR","@id":"https:\/\/folhapopular.info\/index.php\/2025\/03\/02\/sub-15-de-brochier-levanta-primeira-taca-no-aberto-de-verao\/#primaryimage","url":"https:\/\/folhapopular.info\/wp-content\/uploads\/2025\/03\/WhatsApp-Image-2025-03-01-at-08.59.09-1.jpeg","contentUrl":"https:\/\/folhapopular.info\/wp-content\/uploads\/2025\/03\/WhatsApp-Image-2025-03-01-at-08.59.09-1.jpeg","width":1280,"height":853,"caption":"O t\u00edtulo veio na noite da sexta-feira (28\/2) - Cr\u00e9dito: Divulga\u00e7\u00e3o"},{"@type":"BreadcrumbList","@id":"https:\/\/folhapopular.info\/index.php\/2025\/03\/02\/sub-15-de-brochier-levanta-primeira-taca-no-aberto-de-verao\/#breadcrumb","itemListElement":[{"@type":"ListItem","position":1,"name":"In\u00edcio","item":"https:\/\/folhapopular.info\/"},{"@type":"ListItem","position":2,"name":"Sub-15 de Brochier levanta primeira ta\u00e7a no Aberto de Ver\u00e3o"}]},{"@type":"WebSite","@id":"https:\/\/folhapopular.info\/#website","url":"https:\/\/folhapopular.info\/","name":"Folha Popular","description":"Onde voc\u00ea tem vez e voz","potentialAction":[{"@type":"SearchAction","target":{"@type":"EntryPoint","urlTemplate":"https:\/\/folhapopular.info\/?s={search_term_string}"},"query-input":{"@type":"PropertyValueSpecification","valueRequired":true,"valueName":"search_term_string"}}],"inLanguage":"pt-BR"},{"@type":"Person","@id":"https:\/\/folhapopular.info\/#\/schema\/person\/e852c327371714676d02e58cf917fd9f","name":"Luis Augusto Huppes","image":{"@type":"ImageObject","inLanguage":"pt-BR","@id":"https:\/\/folhapopular.info\/wp-content\/uploads\/2026\/04\/Luis-Augusto-Huppes-1-1.webp","url":"https:\/\/folhapopular.info\/wp-content\/uploads\/2026\/04\/Luis-Augusto-Huppes-1-1.webp","contentUrl":"https:\/\/folhapopular.info\/wp-content\/uploads\/2026\/04\/Luis-Augusto-Huppes-1-1.webp","caption":"Luis Augusto Huppes"},"sameAs":["https:\/\/www.facebook.com\/luis.huppes\/","https:\/\/www.instagram.com\/luis.huppes\/","https:\/\/www.linkedin.com\/in\/luis-augusto-huppes-2554b52b7\/"],"url":"https:\/\/folhapopular.info\/index.php\/author\/luis-augusto-huppes\/"}]}},"jetpack_featured_media_url":"https:\/\/folhapopular.info\/wp-content\/uploads\/2025\/03\/WhatsApp-Image-2025-03-01-at-08.59.09-1.jpeg","jetpack_sharing_enabled":true,"amp_enabled":true,"_links":{"self":[{"href":"https:\/\/folhapopular.info\/index.php\/wp-json\/wp\/v2\/posts\/181644","targetHints":{"allow":["GET"]}}],"collection":[{"href":"https:\/\/folhapopular.info\/index.php\/wp-json\/wp\/v2\/posts"}],"about":[{"href":"https:\/\/folhapopular.info\/index.php\/wp-json\/wp\/v2\/types\/post"}],"author":[{"embeddable":true,"href":"https:\/\/folhapopular.info\/index.php\/wp-json\/wp\/v2\/users\/732"}],"replies":[{"embeddable":true,"href":"https:\/\/folhapopular.info\/index.php\/wp-json\/wp\/v2\/comments?post=181644"}],"version-history":[{"count":0,"href":"https:\/\/folhapopular.info\/index.php\/wp-json\/wp\/v2\/posts\/181644\/revisions"}],"wp:featuredmedia":[{"embeddable":true,"href":"https:\/\/folhapopular.info\/index.php\/wp-json\/wp\/v2\/media\/181647"}],"wp:attachment":[{"href":"https:\/\/folhapopular.info\/index.php\/wp-json\/wp\/v2\/media?parent=181644"}],"wp:term":[{"taxonomy":"category","embeddable":true,"href":"https:\/\/folhapopular.info\/index.php\/wp-json\/wp\/v2\/categories?post=181644"},{"taxonomy":"post_tag","embeddable":true,"href":"https:\/\/folhapopular.info\/index.php\/wp-json\/wp\/v2\/tags?post=181644"}],"curies":[{"name":"wp","href":"https:\/\/api.w.org\/{rel}","templated":true}]}}