{"id":181721,"date":"2025-03-03T11:54:22","date_gmt":"2025-03-03T14:54:22","guid":{"rendered":"https:\/\/folhapopular.info\/?p=181721"},"modified":"2025-03-03T14:25:36","modified_gmt":"2025-03-03T17:25:36","slug":"desbarrancamento-junto-a-ponte-sobre-o-arroio-boa-vista-mobiliza-autoridades","status":"publish","type":"post","link":"https:\/\/folhapopular.info\/index.php\/2025\/03\/03\/desbarrancamento-junto-a-ponte-sobre-o-arroio-boa-vista-mobiliza-autoridades\/","title":{"rendered":"Desbarrancamento junto \u00e0 ponte sobre o Arroio Boa Vista mobiliza autoridades"},"content":{"rendered":"\n<p>Um desbarrancamento junto \u00e0 cabeceira da ponte sobre o Arroio Boa Vista, na ERS-128 (Via L\u00e1ctea), colocou autoridades de seguran\u00e7a em alerta nos \u00faltimos dias. Nesta segunda-feira (3\/3), foi necess\u00e1rio o bloqueio da passagem de pedestres no sentido Bairro Languiru ao Bairro Teut\u00f4nia, porque abriu uma cratera no acostamento junto \u00e0 ponte.<\/p>\n\n\n\n<figure class=\"wp-block-image size-large\"><img loading=\"lazy\" decoding=\"async\" width=\"1024\" height=\"768\" src=\"https:\/\/folhapopular.info\/wp-content\/uploads\/2025\/03\/WhatsApp-Image-2025-03-03-at-10.38.21-1024x768.jpeg\" alt=\"\" class=\"wp-image-181723\" srcset=\"https:\/\/folhapopular.info\/wp-content\/uploads\/2025\/03\/WhatsApp-Image-2025-03-03-at-10.38.21-1024x768.jpeg 1024w, https:\/\/folhapopular.info\/wp-content\/uploads\/2025\/03\/WhatsApp-Image-2025-03-03-at-10.38.21-300x225.jpeg 300w, https:\/\/folhapopular.info\/wp-content\/uploads\/2025\/03\/WhatsApp-Image-2025-03-03-at-10.38.21-768x576.jpeg 768w, https:\/\/folhapopular.info\/wp-content\/uploads\/2025\/03\/WhatsApp-Image-2025-03-03-at-10.38.21-1536x1152.jpeg 1536w, https:\/\/folhapopular.info\/wp-content\/uploads\/2025\/03\/WhatsApp-Image-2025-03-03-at-10.38.21-560x420.jpeg 560w, https:\/\/folhapopular.info\/wp-content\/uploads\/2025\/03\/WhatsApp-Image-2025-03-03-at-10.38.21-80x60.jpeg 80w, https:\/\/folhapopular.info\/wp-content\/uploads\/2025\/03\/WhatsApp-Image-2025-03-03-at-10.38.21-696x522.jpeg 696w, https:\/\/folhapopular.info\/wp-content\/uploads\/2025\/03\/WhatsApp-Image-2025-03-03-at-10.38.21-1068x801.jpeg 1068w, https:\/\/folhapopular.info\/wp-content\/uploads\/2025\/03\/WhatsApp-Image-2025-03-03-at-10.38.21.jpeg 1600w\" sizes=\"auto, (max-width: 1024px) 100vw, 1024px\" \/><figcaption class=\"wp-element-caption\">Tr\u00e2nsito de ve\u00edculos segue normalmente. Cr\u00e9dito: Gabrielly Hartmann Mallmann<\/figcaption><\/figure>\n\n\n\n<p>A situa\u00e7\u00e3o est\u00e1 relacionada \u00e0s fortes chuvas e hist\u00f3ricas enchentes de 2023 e 2024, que inclusive levaram ao bloqueio total da ponte em maio do ano passado. As fortes chuvas dos \u00faltimos dias contribu\u00edram para acelerar o desbarrancamento.<\/p>\n\n\n\n<p>Na manh\u00e3 desta segunda-feira (3\/3), um ciclista deslocava-se para o trabalho e caiu dentro do buraco. Uma praticante de corrida tamb\u00e9m desviou, mas se assustou ao se deparar com o buraco.<\/p>\n\n\n\n<p>A Prefeitura de Teut\u00f4nia, por meio do Departamento de Tr\u00e2nsito, a Empresa Ga\u00facha de Rodovias (EGR) e a Pol\u00edcia Rodovi\u00e1ria Estadual monitoram a situa\u00e7\u00e3o no local. O Munic\u00edpio notificou a EGR em 21 de fevereiro para averiguar a situa\u00e7\u00e3o, ainda antes do desbarrancamento, por\u00e9m a EGR ainda solicitou envio de ART sobre laudo t\u00e9cnico e n\u00e3o se manifestou se verificaria a situa\u00e7\u00e3o.<\/p>\n\n\n\n<p>O prefeito Renato Altmann informou que o Munic\u00edpio tamb\u00e9m acionou o Minist\u00e9rio P\u00fablico para agilizar uma a\u00e7\u00e3o de parte da concession\u00e1ria estatal.<\/p>\n\n\n\n<p>A reportagem do Grupo Popular contatou o diretor-presidente da EGR, Lu\u00eds Fernando Vanacor, na manh\u00e3 desta segunda-feira (3\/3). Segundo ele, &#8220;a EGR est\u00e1 mobilizando equipes nesta segunda-feira para a verifica\u00e7\u00e3o e manuten\u00e7\u00e3o junto \u00e0 ponte sobre o Arroio Boa Vista. Foi observado, em princ\u00edpio, somente a eros\u00e3o das cabeceiras de um lado da ponte. Ent\u00e3o, j\u00e1 iremos providenciar este aterro de cabeceira para reestabelecer novamente a trafegabilidade da rodovia&#8221;, garante.<\/p>\n\n\n\n<p>A reportagem do Grupo Popular de Comunica\u00e7\u00e3o segue acompanhando a situa\u00e7\u00e3o.<\/p>\n\n\n\n<figure class=\"wp-block-image size-full\"><img loading=\"lazy\" decoding=\"async\" width=\"289\" height=\"515\" src=\"https:\/\/folhapopular.info\/wp-content\/uploads\/2025\/03\/foto-ok.png\" alt=\"\" class=\"wp-image-181724\" srcset=\"https:\/\/folhapopular.info\/wp-content\/uploads\/2025\/03\/foto-ok.png 289w, https:\/\/folhapopular.info\/wp-content\/uploads\/2025\/03\/foto-ok-168x300.png 168w, https:\/\/folhapopular.info\/wp-content\/uploads\/2025\/03\/foto-ok-236x420.png 236w\" sizes=\"auto, (max-width: 289px) 100vw, 289px\" \/><figcaption class=\"wp-element-caption\">Imagem do Laudo de Vistoria T\u00e9cnica enviado pelo munic\u00edpio de Teut\u00f4nia. Cr\u00e9dito: Divulga\u00e7\u00e3o<\/figcaption><\/figure>\n","protected":false},"excerpt":{"rendered":"<p>Um desbarrancamento junto \u00e0 cabeceira da ponte sobre o Arroio Boa Vista, na ERS-128 (Via L\u00e1ctea), colocou autoridades de seguran\u00e7a em alerta nos \u00faltimos dias. Nesta segunda-feira (3\/3), foi necess\u00e1rio o bloqueio da passagem de pedestres no sentido Bairro Languiru ao Bairro Teut\u00f4nia, porque abriu uma cratera no acostamento junto \u00e0 ponte. A situa\u00e7\u00e3o est\u00e1 [&hellip;]<\/p>\n","protected":false},"author":757,"featured_media":181722,"comment_status":"open","ping_status":"open","sticky":false,"template":"","format":"standard","meta":{"pmpro_default_level":"","_jetpack_memberships_contains_paid_content":false,"footnotes":""},"categories":[2,7,10983],"tags":[18122,193,26,358],"class_list":{"0":"post-181721","1":"post","2":"type-post","3":"status-publish","4":"format-standard","5":"has-post-thumbnail","7":"category-featured","8":"category-seguranca","9":"category-transito","10":"tag-desbarrancamento","11":"tag-ponte","12":"tag-teutonia","13":"tag-via-lactea","14":"pmpro-has-access"},"yoast_head":"<!-- This site is optimized with the Yoast SEO plugin v27.5 - https:\/\/yoast.com\/product\/yoast-seo-wordpress\/ -->\n<title>Desbarrancamento junto \u00e0 ponte sobre o Arroio Boa Vista mobiliza autoridades - Folha Popular<\/title>\n<meta name=\"robots\" content=\"index, follow, max-snippet:-1, max-image-preview:large, max-video-preview:-1\" \/>\n<link rel=\"canonical\" href=\"https:\/\/folhapopular.info\/index.php\/2025\/03\/03\/desbarrancamento-junto-a-ponte-sobre-o-arroio-boa-vista-mobiliza-autoridades\/\" \/>\n<meta property=\"og:locale\" content=\"pt_BR\" \/>\n<meta property=\"og:type\" content=\"article\" \/>\n<meta property=\"og:title\" content=\"Desbarrancamento junto \u00e0 ponte sobre o Arroio Boa Vista mobiliza autoridades - Folha Popular\" \/>\n<meta property=\"og:description\" content=\"Um desbarrancamento junto \u00e0 cabeceira da ponte sobre o Arroio Boa Vista, na ERS-128 (Via L\u00e1ctea), colocou autoridades de seguran\u00e7a em alerta nos \u00faltimos dias. Nesta segunda-feira (3\/3), foi necess\u00e1rio o bloqueio da passagem de pedestres no sentido Bairro Languiru ao Bairro Teut\u00f4nia, porque abriu uma cratera no acostamento junto \u00e0 ponte. A situa\u00e7\u00e3o est\u00e1 [&hellip;]\" \/>\n<meta property=\"og:url\" content=\"https:\/\/folhapopular.info\/index.php\/2025\/03\/03\/desbarrancamento-junto-a-ponte-sobre-o-arroio-boa-vista-mobiliza-autoridades\/\" \/>\n<meta property=\"og:site_name\" content=\"Folha Popular\" \/>\n<meta property=\"article:published_time\" content=\"2025-03-03T14:54:22+00:00\" \/>\n<meta property=\"article:modified_time\" content=\"2025-03-03T17:25:36+00:00\" \/>\n<meta property=\"og:image\" content=\"http:\/\/folhapopular.info\/wp-content\/uploads\/2025\/03\/WhatsApp-Image-2025-03-03-at-10.38.20.jpeg\" \/>\n\t<meta property=\"og:image:width\" content=\"1600\" \/>\n\t<meta property=\"og:image:height\" content=\"1200\" \/>\n\t<meta property=\"og:image:type\" content=\"image\/jpeg\" \/>\n<meta name=\"author\" content=\"Paloma Valandro\" \/>\n<meta name=\"twitter:card\" content=\"summary_large_image\" \/>\n<meta name=\"twitter:label1\" content=\"Escrito por\" \/>\n\t<meta name=\"twitter:data1\" content=\"Paloma Valandro\" \/>\n\t<meta name=\"twitter:label2\" content=\"Est. tempo de leitura\" \/>\n\t<meta name=\"twitter:data2\" content=\"3 minutos\" \/>\n<script type=\"application\/ld+json\" class=\"yoast-schema-graph\">{\"@context\":\"https:\\\/\\\/schema.org\",\"@graph\":[{\"@type\":\"Article\",\"@id\":\"https:\\\/\\\/folhapopular.info\\\/index.php\\\/2025\\\/03\\\/03\\\/desbarrancamento-junto-a-ponte-sobre-o-arroio-boa-vista-mobiliza-autoridades\\\/#article\",\"isPartOf\":{\"@id\":\"https:\\\/\\\/folhapopular.info\\\/index.php\\\/2025\\\/03\\\/03\\\/desbarrancamento-junto-a-ponte-sobre-o-arroio-boa-vista-mobiliza-autoridades\\\/\"},\"author\":{\"name\":\"Paloma Valandro\",\"@id\":\"https:\\\/\\\/folhapopular.info\\\/#\\\/schema\\\/person\\\/1fb1a50ca75661f91da0d3839657a34d\"},\"headline\":\"Desbarrancamento junto \u00e0 ponte sobre o Arroio Boa Vista mobiliza autoridades\",\"datePublished\":\"2025-03-03T14:54:22+00:00\",\"dateModified\":\"2025-03-03T17:25:36+00:00\",\"mainEntityOfPage\":{\"@id\":\"https:\\\/\\\/folhapopular.info\\\/index.php\\\/2025\\\/03\\\/03\\\/desbarrancamento-junto-a-ponte-sobre-o-arroio-boa-vista-mobiliza-autoridades\\\/\"},\"wordCount\":351,\"commentCount\":0,\"image\":{\"@id\":\"https:\\\/\\\/folhapopular.info\\\/index.php\\\/2025\\\/03\\\/03\\\/desbarrancamento-junto-a-ponte-sobre-o-arroio-boa-vista-mobiliza-autoridades\\\/#primaryimage\"},\"thumbnailUrl\":\"https:\\\/\\\/folhapopular.info\\\/wp-content\\\/uploads\\\/2025\\\/03\\\/WhatsApp-Image-2025-03-03-at-10.38.20.jpeg\",\"keywords\":[\"Desbarrancamento\",\"Ponte\",\"Teut\u00f4nia\",\"Via L\u00e1ctea\"],\"articleSection\":[\"Destaques\",\"Seguran\u00e7a\",\"Tr\u00e2nsito\"],\"inLanguage\":\"pt-BR\",\"potentialAction\":[{\"@type\":\"CommentAction\",\"name\":\"Comment\",\"target\":[\"https:\\\/\\\/folhapopular.info\\\/index.php\\\/2025\\\/03\\\/03\\\/desbarrancamento-junto-a-ponte-sobre-o-arroio-boa-vista-mobiliza-autoridades\\\/#respond\"]}]},{\"@type\":\"WebPage\",\"@id\":\"https:\\\/\\\/folhapopular.info\\\/index.php\\\/2025\\\/03\\\/03\\\/desbarrancamento-junto-a-ponte-sobre-o-arroio-boa-vista-mobiliza-autoridades\\\/\",\"url\":\"https:\\\/\\\/folhapopular.info\\\/index.php\\\/2025\\\/03\\\/03\\\/desbarrancamento-junto-a-ponte-sobre-o-arroio-boa-vista-mobiliza-autoridades\\\/\",\"name\":\"Desbarrancamento junto \u00e0 ponte sobre o Arroio Boa Vista mobiliza autoridades - Folha Popular\",\"isPartOf\":{\"@id\":\"https:\\\/\\\/folhapopular.info\\\/#website\"},\"primaryImageOfPage\":{\"@id\":\"https:\\\/\\\/folhapopular.info\\\/index.php\\\/2025\\\/03\\\/03\\\/desbarrancamento-junto-a-ponte-sobre-o-arroio-boa-vista-mobiliza-autoridades\\\/#primaryimage\"},\"image\":{\"@id\":\"https:\\\/\\\/folhapopular.info\\\/index.php\\\/2025\\\/03\\\/03\\\/desbarrancamento-junto-a-ponte-sobre-o-arroio-boa-vista-mobiliza-autoridades\\\/#primaryimage\"},\"thumbnailUrl\":\"https:\\\/\\\/folhapopular.info\\\/wp-content\\\/uploads\\\/2025\\\/03\\\/WhatsApp-Image-2025-03-03-at-10.38.20.jpeg\",\"datePublished\":\"2025-03-03T14:54:22+00:00\",\"dateModified\":\"2025-03-03T17:25:36+00:00\",\"author\":{\"@id\":\"https:\\\/\\\/folhapopular.info\\\/#\\\/schema\\\/person\\\/1fb1a50ca75661f91da0d3839657a34d\"},\"breadcrumb\":{\"@id\":\"https:\\\/\\\/folhapopular.info\\\/index.php\\\/2025\\\/03\\\/03\\\/desbarrancamento-junto-a-ponte-sobre-o-arroio-boa-vista-mobiliza-autoridades\\\/#breadcrumb\"},\"inLanguage\":\"pt-BR\",\"potentialAction\":[{\"@type\":\"ReadAction\",\"target\":[\"https:\\\/\\\/folhapopular.info\\\/index.php\\\/2025\\\/03\\\/03\\\/desbarrancamento-junto-a-ponte-sobre-o-arroio-boa-vista-mobiliza-autoridades\\\/\"]}]},{\"@type\":\"ImageObject\",\"inLanguage\":\"pt-BR\",\"@id\":\"https:\\\/\\\/folhapopular.info\\\/index.php\\\/2025\\\/03\\\/03\\\/desbarrancamento-junto-a-ponte-sobre-o-arroio-boa-vista-mobiliza-autoridades\\\/#primaryimage\",\"url\":\"https:\\\/\\\/folhapopular.info\\\/wp-content\\\/uploads\\\/2025\\\/03\\\/WhatsApp-Image-2025-03-03-at-10.38.20.jpeg\",\"contentUrl\":\"https:\\\/\\\/folhapopular.info\\\/wp-content\\\/uploads\\\/2025\\\/03\\\/WhatsApp-Image-2025-03-03-at-10.38.20.jpeg\",\"width\":1600,\"height\":1200,\"caption\":\"Passagem de pedestres foi isolada nesta segunda-feira (3\\\/3). Cr\u00e9dito: Gabrielly Hartmann Mallmann\"},{\"@type\":\"BreadcrumbList\",\"@id\":\"https:\\\/\\\/folhapopular.info\\\/index.php\\\/2025\\\/03\\\/03\\\/desbarrancamento-junto-a-ponte-sobre-o-arroio-boa-vista-mobiliza-autoridades\\\/#breadcrumb\",\"itemListElement\":[{\"@type\":\"ListItem\",\"position\":1,\"name\":\"In\u00edcio\",\"item\":\"https:\\\/\\\/folhapopular.info\\\/\"},{\"@type\":\"ListItem\",\"position\":2,\"name\":\"Desbarrancamento junto \u00e0 ponte sobre o Arroio Boa Vista mobiliza autoridades\"}]},{\"@type\":\"WebSite\",\"@id\":\"https:\\\/\\\/folhapopular.info\\\/#website\",\"url\":\"https:\\\/\\\/folhapopular.info\\\/\",\"name\":\"Folha Popular\",\"description\":\"Onde voc\u00ea tem vez e voz\",\"potentialAction\":[{\"@type\":\"SearchAction\",\"target\":{\"@type\":\"EntryPoint\",\"urlTemplate\":\"https:\\\/\\\/folhapopular.info\\\/?s={search_term_string}\"},\"query-input\":{\"@type\":\"PropertyValueSpecification\",\"valueRequired\":true,\"valueName\":\"search_term_string\"}}],\"inLanguage\":\"pt-BR\"},{\"@type\":\"Person\",\"@id\":\"https:\\\/\\\/folhapopular.info\\\/#\\\/schema\\\/person\\\/1fb1a50ca75661f91da0d3839657a34d\",\"name\":\"Paloma Valandro\",\"image\":{\"@type\":\"ImageObject\",\"inLanguage\":\"pt-BR\",\"@id\":\"https:\\\/\\\/secure.gravatar.com\\\/avatar\\\/ef90a8f37349cc3654b42d805942c6378eb385817dccc9c637c94e7794973921?s=96&d=mm&r=g\",\"url\":\"https:\\\/\\\/secure.gravatar.com\\\/avatar\\\/ef90a8f37349cc3654b42d805942c6378eb385817dccc9c637c94e7794973921?s=96&d=mm&r=g\",\"contentUrl\":\"https:\\\/\\\/secure.gravatar.com\\\/avatar\\\/ef90a8f37349cc3654b42d805942c6378eb385817dccc9c637c94e7794973921?s=96&d=mm&r=g\",\"caption\":\"Paloma Valandro\"},\"url\":\"https:\\\/\\\/folhapopular.info\\\/index.php\\\/author\\\/paloma-valandro\\\/\"}]}<\/script>\n<!-- \/ Yoast SEO plugin. -->","yoast_head_json":{"title":"Desbarrancamento junto \u00e0 ponte sobre o Arroio Boa Vista mobiliza autoridades - Folha Popular","robots":{"index":"index","follow":"follow","max-snippet":"max-snippet:-1","max-image-preview":"max-image-preview:large","max-video-preview":"max-video-preview:-1"},"canonical":"https:\/\/folhapopular.info\/index.php\/2025\/03\/03\/desbarrancamento-junto-a-ponte-sobre-o-arroio-boa-vista-mobiliza-autoridades\/","og_locale":"pt_BR","og_type":"article","og_title":"Desbarrancamento junto \u00e0 ponte sobre o Arroio Boa Vista mobiliza autoridades - Folha Popular","og_description":"Um desbarrancamento junto \u00e0 cabeceira da ponte sobre o Arroio Boa Vista, na ERS-128 (Via L\u00e1ctea), colocou autoridades de seguran\u00e7a em alerta nos \u00faltimos dias. Nesta segunda-feira (3\/3), foi necess\u00e1rio o bloqueio da passagem de pedestres no sentido Bairro Languiru ao Bairro Teut\u00f4nia, porque abriu uma cratera no acostamento junto \u00e0 ponte. A situa\u00e7\u00e3o est\u00e1 [&hellip;]","og_url":"https:\/\/folhapopular.info\/index.php\/2025\/03\/03\/desbarrancamento-junto-a-ponte-sobre-o-arroio-boa-vista-mobiliza-autoridades\/","og_site_name":"Folha Popular","article_published_time":"2025-03-03T14:54:22+00:00","article_modified_time":"2025-03-03T17:25:36+00:00","og_image":[{"width":1600,"height":1200,"url":"http:\/\/folhapopular.info\/wp-content\/uploads\/2025\/03\/WhatsApp-Image-2025-03-03-at-10.38.20.jpeg","type":"image\/jpeg"}],"author":"Paloma Valandro","twitter_card":"summary_large_image","twitter_misc":{"Escrito por":"Paloma Valandro","Est. tempo de leitura":"3 minutos"},"schema":{"@context":"https:\/\/schema.org","@graph":[{"@type":"Article","@id":"https:\/\/folhapopular.info\/index.php\/2025\/03\/03\/desbarrancamento-junto-a-ponte-sobre-o-arroio-boa-vista-mobiliza-autoridades\/#article","isPartOf":{"@id":"https:\/\/folhapopular.info\/index.php\/2025\/03\/03\/desbarrancamento-junto-a-ponte-sobre-o-arroio-boa-vista-mobiliza-autoridades\/"},"author":{"name":"Paloma Valandro","@id":"https:\/\/folhapopular.info\/#\/schema\/person\/1fb1a50ca75661f91da0d3839657a34d"},"headline":"Desbarrancamento junto \u00e0 ponte sobre o Arroio Boa Vista mobiliza autoridades","datePublished":"2025-03-03T14:54:22+00:00","dateModified":"2025-03-03T17:25:36+00:00","mainEntityOfPage":{"@id":"https:\/\/folhapopular.info\/index.php\/2025\/03\/03\/desbarrancamento-junto-a-ponte-sobre-o-arroio-boa-vista-mobiliza-autoridades\/"},"wordCount":351,"commentCount":0,"image":{"@id":"https:\/\/folhapopular.info\/index.php\/2025\/03\/03\/desbarrancamento-junto-a-ponte-sobre-o-arroio-boa-vista-mobiliza-autoridades\/#primaryimage"},"thumbnailUrl":"https:\/\/folhapopular.info\/wp-content\/uploads\/2025\/03\/WhatsApp-Image-2025-03-03-at-10.38.20.jpeg","keywords":["Desbarrancamento","Ponte","Teut\u00f4nia","Via L\u00e1ctea"],"articleSection":["Destaques","Seguran\u00e7a","Tr\u00e2nsito"],"inLanguage":"pt-BR","potentialAction":[{"@type":"CommentAction","name":"Comment","target":["https:\/\/folhapopular.info\/index.php\/2025\/03\/03\/desbarrancamento-junto-a-ponte-sobre-o-arroio-boa-vista-mobiliza-autoridades\/#respond"]}]},{"@type":"WebPage","@id":"https:\/\/folhapopular.info\/index.php\/2025\/03\/03\/desbarrancamento-junto-a-ponte-sobre-o-arroio-boa-vista-mobiliza-autoridades\/","url":"https:\/\/folhapopular.info\/index.php\/2025\/03\/03\/desbarrancamento-junto-a-ponte-sobre-o-arroio-boa-vista-mobiliza-autoridades\/","name":"Desbarrancamento junto \u00e0 ponte sobre o Arroio Boa Vista mobiliza autoridades - Folha Popular","isPartOf":{"@id":"https:\/\/folhapopular.info\/#website"},"primaryImageOfPage":{"@id":"https:\/\/folhapopular.info\/index.php\/2025\/03\/03\/desbarrancamento-junto-a-ponte-sobre-o-arroio-boa-vista-mobiliza-autoridades\/#primaryimage"},"image":{"@id":"https:\/\/folhapopular.info\/index.php\/2025\/03\/03\/desbarrancamento-junto-a-ponte-sobre-o-arroio-boa-vista-mobiliza-autoridades\/#primaryimage"},"thumbnailUrl":"https:\/\/folhapopular.info\/wp-content\/uploads\/2025\/03\/WhatsApp-Image-2025-03-03-at-10.38.20.jpeg","datePublished":"2025-03-03T14:54:22+00:00","dateModified":"2025-03-03T17:25:36+00:00","author":{"@id":"https:\/\/folhapopular.info\/#\/schema\/person\/1fb1a50ca75661f91da0d3839657a34d"},"breadcrumb":{"@id":"https:\/\/folhapopular.info\/index.php\/2025\/03\/03\/desbarrancamento-junto-a-ponte-sobre-o-arroio-boa-vista-mobiliza-autoridades\/#breadcrumb"},"inLanguage":"pt-BR","potentialAction":[{"@type":"ReadAction","target":["https:\/\/folhapopular.info\/index.php\/2025\/03\/03\/desbarrancamento-junto-a-ponte-sobre-o-arroio-boa-vista-mobiliza-autoridades\/"]}]},{"@type":"ImageObject","inLanguage":"pt-BR","@id":"https:\/\/folhapopular.info\/index.php\/2025\/03\/03\/desbarrancamento-junto-a-ponte-sobre-o-arroio-boa-vista-mobiliza-autoridades\/#primaryimage","url":"https:\/\/folhapopular.info\/wp-content\/uploads\/2025\/03\/WhatsApp-Image-2025-03-03-at-10.38.20.jpeg","contentUrl":"https:\/\/folhapopular.info\/wp-content\/uploads\/2025\/03\/WhatsApp-Image-2025-03-03-at-10.38.20.jpeg","width":1600,"height":1200,"caption":"Passagem de pedestres foi isolada nesta segunda-feira (3\/3). Cr\u00e9dito: Gabrielly Hartmann Mallmann"},{"@type":"BreadcrumbList","@id":"https:\/\/folhapopular.info\/index.php\/2025\/03\/03\/desbarrancamento-junto-a-ponte-sobre-o-arroio-boa-vista-mobiliza-autoridades\/#breadcrumb","itemListElement":[{"@type":"ListItem","position":1,"name":"In\u00edcio","item":"https:\/\/folhapopular.info\/"},{"@type":"ListItem","position":2,"name":"Desbarrancamento junto \u00e0 ponte sobre o Arroio Boa Vista mobiliza autoridades"}]},{"@type":"WebSite","@id":"https:\/\/folhapopular.info\/#website","url":"https:\/\/folhapopular.info\/","name":"Folha Popular","description":"Onde voc\u00ea tem vez e voz","potentialAction":[{"@type":"SearchAction","target":{"@type":"EntryPoint","urlTemplate":"https:\/\/folhapopular.info\/?s={search_term_string}"},"query-input":{"@type":"PropertyValueSpecification","valueRequired":true,"valueName":"search_term_string"}}],"inLanguage":"pt-BR"},{"@type":"Person","@id":"https:\/\/folhapopular.info\/#\/schema\/person\/1fb1a50ca75661f91da0d3839657a34d","name":"Paloma Valandro","image":{"@type":"ImageObject","inLanguage":"pt-BR","@id":"https:\/\/secure.gravatar.com\/avatar\/ef90a8f37349cc3654b42d805942c6378eb385817dccc9c637c94e7794973921?s=96&d=mm&r=g","url":"https:\/\/secure.gravatar.com\/avatar\/ef90a8f37349cc3654b42d805942c6378eb385817dccc9c637c94e7794973921?s=96&d=mm&r=g","contentUrl":"https:\/\/secure.gravatar.com\/avatar\/ef90a8f37349cc3654b42d805942c6378eb385817dccc9c637c94e7794973921?s=96&d=mm&r=g","caption":"Paloma Valandro"},"url":"https:\/\/folhapopular.info\/index.php\/author\/paloma-valandro\/"}]}},"jetpack_featured_media_url":"https:\/\/folhapopular.info\/wp-content\/uploads\/2025\/03\/WhatsApp-Image-2025-03-03-at-10.38.20.jpeg","jetpack_sharing_enabled":true,"amp_enabled":true,"_links":{"self":[{"href":"https:\/\/folhapopular.info\/index.php\/wp-json\/wp\/v2\/posts\/181721","targetHints":{"allow":["GET"]}}],"collection":[{"href":"https:\/\/folhapopular.info\/index.php\/wp-json\/wp\/v2\/posts"}],"about":[{"href":"https:\/\/folhapopular.info\/index.php\/wp-json\/wp\/v2\/types\/post"}],"author":[{"embeddable":true,"href":"https:\/\/folhapopular.info\/index.php\/wp-json\/wp\/v2\/users\/757"}],"replies":[{"embeddable":true,"href":"https:\/\/folhapopular.info\/index.php\/wp-json\/wp\/v2\/comments?post=181721"}],"version-history":[{"count":0,"href":"https:\/\/folhapopular.info\/index.php\/wp-json\/wp\/v2\/posts\/181721\/revisions"}],"wp:featuredmedia":[{"embeddable":true,"href":"https:\/\/folhapopular.info\/index.php\/wp-json\/wp\/v2\/media\/181722"}],"wp:attachment":[{"href":"https:\/\/folhapopular.info\/index.php\/wp-json\/wp\/v2\/media?parent=181721"}],"wp:term":[{"taxonomy":"category","embeddable":true,"href":"https:\/\/folhapopular.info\/index.php\/wp-json\/wp\/v2\/categories?post=181721"},{"taxonomy":"post_tag","embeddable":true,"href":"https:\/\/folhapopular.info\/index.php\/wp-json\/wp\/v2\/tags?post=181721"}],"curies":[{"name":"wp","href":"https:\/\/api.w.org\/{rel}","templated":true}]}}