{"id":181857,"date":"2025-03-06T14:05:00","date_gmt":"2025-03-06T17:05:00","guid":{"rendered":"https:\/\/folhapopular.info\/?p=181857"},"modified":"2025-03-06T14:08:02","modified_gmt":"2025-03-06T17:08:02","slug":"823-eleitores-podem-ter-titulo-cancelado-nos-municipios-da-125a-zona-eleitoral-com-sede-em-teutonia","status":"publish","type":"post","link":"https:\/\/folhapopular.info\/index.php\/2025\/03\/06\/823-eleitores-podem-ter-titulo-cancelado-nos-municipios-da-125a-zona-eleitoral-com-sede-em-teutonia\/","title":{"rendered":"823 eleitores podem ter t\u00edtulo cancelado nos munic\u00edpios da 125\u00aa Zona Eleitoral, com sede em Teut\u00f4nia"},"content":{"rendered":"\n<p>A 125\u00aa Zona Eleitoral, sediada em Teut\u00f4nia, informa que eleitores que n\u00e3o votaram nos tr\u00eas pleitos passados (1\u00ba e 2\u00ba turno de 2022 e elei\u00e7\u00f5es de 2024), n\u00e3o justificaram aus\u00eancia e n\u00e3o pagaram a multa ter\u00e3o os t\u00edtulos eleitorais cancelados caso n\u00e3o procurem o cart\u00f3rio eleitoral no prazo de 60 dias a contar do dia 20 de mar\u00e7o.<\/p>\n\n\n\n<p>Para regularizar seu t\u00edtulo, \u00e9 preciso comparecer ao Cart\u00f3rio Eleitoral com seus documentos pessoais e um comprovante de resid\u00eancia. A multa \u00e9 de R$ 3,51 por turno em que o cidad\u00e3o n\u00e3o votou.<\/p>\n\n\n\n<p>Teut\u00f4nia tem 637 eleitores pass\u00edveis de cancelamento, enquanto Paverama tem 108, Westf\u00e1lia tem 22, Po\u00e7o das Antas, 29, e Imigrante, 27 eleitores.<\/p>\n","protected":false},"excerpt":{"rendered":"<p>A 125\u00aa Zona Eleitoral, sediada em Teut\u00f4nia, informa que eleitores que n\u00e3o votaram nos tr\u00eas pleitos passados (1\u00ba e 2\u00ba turno de 2022 e elei\u00e7\u00f5es de 2024), n\u00e3o justificaram aus\u00eancia e n\u00e3o pagaram a multa ter\u00e3o os t\u00edtulos eleitorais cancelados caso n\u00e3o procurem o cart\u00f3rio eleitoral no prazo de 60 dias a contar do dia [&hellip;]<\/p>\n","protected":false},"author":639,"featured_media":181858,"comment_status":"open","ping_status":"open","sticky":false,"template":"","format":"standard","meta":{"pmpro_default_level":"","_jetpack_memberships_contains_paid_content":false,"footnotes":""},"categories":[2,15550,10985],"tags":[3452,10068,34,26,18136,25],"class_list":{"0":"post-181857","1":"post","2":"type-post","3":"status-publish","4":"format-standard","5":"has-post-thumbnail","7":"category-featured","8":"category-eleicoes-2024","9":"category-politica","10":"tag-125a-zona-eleitoral","11":"tag-eleitores","12":"tag-imigrante","13":"tag-teutonia","14":"tag-titulo-eleitoral","15":"tag-westfalia","16":"pmpro-has-access"},"yoast_head":"<!-- This site is optimized with the Yoast SEO plugin v27.5 - https:\/\/yoast.com\/product\/yoast-seo-wordpress\/ -->\n<title>823 eleitores podem ter t\u00edtulo cancelado nos munic\u00edpios da 125\u00aa Zona Eleitoral, com sede em Teut\u00f4nia - Folha Popular<\/title>\n<meta name=\"robots\" content=\"index, follow, max-snippet:-1, max-image-preview:large, max-video-preview:-1\" \/>\n<link rel=\"canonical\" href=\"https:\/\/folhapopular.info\/index.php\/2025\/03\/06\/823-eleitores-podem-ter-titulo-cancelado-nos-municipios-da-125a-zona-eleitoral-com-sede-em-teutonia\/\" \/>\n<meta property=\"og:locale\" content=\"pt_BR\" \/>\n<meta property=\"og:type\" content=\"article\" \/>\n<meta property=\"og:title\" content=\"823 eleitores podem ter t\u00edtulo cancelado nos munic\u00edpios da 125\u00aa Zona Eleitoral, com sede em Teut\u00f4nia - Folha Popular\" \/>\n<meta property=\"og:description\" content=\"A 125\u00aa Zona Eleitoral, sediada em Teut\u00f4nia, informa que eleitores que n\u00e3o votaram nos tr\u00eas pleitos passados (1\u00ba e 2\u00ba turno de 2022 e elei\u00e7\u00f5es de 2024), n\u00e3o justificaram aus\u00eancia e n\u00e3o pagaram a multa ter\u00e3o os t\u00edtulos eleitorais cancelados caso n\u00e3o procurem o cart\u00f3rio eleitoral no prazo de 60 dias a contar do dia [&hellip;]\" \/>\n<meta property=\"og:url\" content=\"https:\/\/folhapopular.info\/index.php\/2025\/03\/06\/823-eleitores-podem-ter-titulo-cancelado-nos-municipios-da-125a-zona-eleitoral-com-sede-em-teutonia\/\" \/>\n<meta property=\"og:site_name\" content=\"Folha Popular\" \/>\n<meta property=\"article:published_time\" content=\"2025-03-06T17:05:00+00:00\" \/>\n<meta property=\"article:modified_time\" content=\"2025-03-06T17:08:02+00:00\" \/>\n<meta property=\"og:image\" content=\"http:\/\/folhapopular.info\/wp-content\/uploads\/2025\/03\/5ba80f86-9fd5-46a6-b579-5040c0b24e15.jpeg\" \/>\n\t<meta property=\"og:image:width\" content=\"758\" \/>\n\t<meta property=\"og:image:height\" content=\"409\" \/>\n\t<meta property=\"og:image:type\" content=\"image\/jpeg\" \/>\n<meta name=\"author\" content=\"Camille Lenz da Silva\" \/>\n<meta name=\"twitter:card\" content=\"summary_large_image\" \/>\n<meta name=\"twitter:label1\" content=\"Escrito por\" \/>\n\t<meta name=\"twitter:data1\" content=\"Camille Lenz da Silva\" \/>\n\t<meta name=\"twitter:label2\" content=\"Est. tempo de leitura\" \/>\n\t<meta name=\"twitter:data2\" content=\"1 minuto\" \/>\n<script type=\"application\/ld+json\" class=\"yoast-schema-graph\">{\"@context\":\"https:\\\/\\\/schema.org\",\"@graph\":[{\"@type\":\"Article\",\"@id\":\"https:\\\/\\\/folhapopular.info\\\/index.php\\\/2025\\\/03\\\/06\\\/823-eleitores-podem-ter-titulo-cancelado-nos-municipios-da-125a-zona-eleitoral-com-sede-em-teutonia\\\/#article\",\"isPartOf\":{\"@id\":\"https:\\\/\\\/folhapopular.info\\\/index.php\\\/2025\\\/03\\\/06\\\/823-eleitores-podem-ter-titulo-cancelado-nos-municipios-da-125a-zona-eleitoral-com-sede-em-teutonia\\\/\"},\"author\":{\"name\":\"Camille Lenz da Silva\",\"@id\":\"https:\\\/\\\/folhapopular.info\\\/#\\\/schema\\\/person\\\/f0b811f932ef2505faf473ffaef49df5\"},\"headline\":\"823 eleitores podem ter t\u00edtulo cancelado nos munic\u00edpios da 125\u00aa Zona Eleitoral, com sede em Teut\u00f4nia\",\"datePublished\":\"2025-03-06T17:05:00+00:00\",\"dateModified\":\"2025-03-06T17:08:02+00:00\",\"mainEntityOfPage\":{\"@id\":\"https:\\\/\\\/folhapopular.info\\\/index.php\\\/2025\\\/03\\\/06\\\/823-eleitores-podem-ter-titulo-cancelado-nos-municipios-da-125a-zona-eleitoral-com-sede-em-teutonia\\\/\"},\"wordCount\":136,\"commentCount\":0,\"image\":{\"@id\":\"https:\\\/\\\/folhapopular.info\\\/index.php\\\/2025\\\/03\\\/06\\\/823-eleitores-podem-ter-titulo-cancelado-nos-municipios-da-125a-zona-eleitoral-com-sede-em-teutonia\\\/#primaryimage\"},\"thumbnailUrl\":\"https:\\\/\\\/folhapopular.info\\\/wp-content\\\/uploads\\\/2025\\\/03\\\/5ba80f86-9fd5-46a6-b579-5040c0b24e15.jpeg\",\"keywords\":[\"125\u00aa Zona Eleitoral\",\"Eleitores\",\"Imigrante\",\"Teut\u00f4nia\",\"t\u00edtulo eleitoral\",\"Westf\u00e1lia\"],\"articleSection\":[\"Destaques\",\"Elei\u00e7\u00f5es 2024\",\"Pol\u00edtica\"],\"inLanguage\":\"pt-BR\",\"potentialAction\":[{\"@type\":\"CommentAction\",\"name\":\"Comment\",\"target\":[\"https:\\\/\\\/folhapopular.info\\\/index.php\\\/2025\\\/03\\\/06\\\/823-eleitores-podem-ter-titulo-cancelado-nos-municipios-da-125a-zona-eleitoral-com-sede-em-teutonia\\\/#respond\"]}]},{\"@type\":\"WebPage\",\"@id\":\"https:\\\/\\\/folhapopular.info\\\/index.php\\\/2025\\\/03\\\/06\\\/823-eleitores-podem-ter-titulo-cancelado-nos-municipios-da-125a-zona-eleitoral-com-sede-em-teutonia\\\/\",\"url\":\"https:\\\/\\\/folhapopular.info\\\/index.php\\\/2025\\\/03\\\/06\\\/823-eleitores-podem-ter-titulo-cancelado-nos-municipios-da-125a-zona-eleitoral-com-sede-em-teutonia\\\/\",\"name\":\"823 eleitores podem ter t\u00edtulo cancelado nos munic\u00edpios da 125\u00aa Zona Eleitoral, com sede em Teut\u00f4nia - Folha Popular\",\"isPartOf\":{\"@id\":\"https:\\\/\\\/folhapopular.info\\\/#website\"},\"primaryImageOfPage\":{\"@id\":\"https:\\\/\\\/folhapopular.info\\\/index.php\\\/2025\\\/03\\\/06\\\/823-eleitores-podem-ter-titulo-cancelado-nos-municipios-da-125a-zona-eleitoral-com-sede-em-teutonia\\\/#primaryimage\"},\"image\":{\"@id\":\"https:\\\/\\\/folhapopular.info\\\/index.php\\\/2025\\\/03\\\/06\\\/823-eleitores-podem-ter-titulo-cancelado-nos-municipios-da-125a-zona-eleitoral-com-sede-em-teutonia\\\/#primaryimage\"},\"thumbnailUrl\":\"https:\\\/\\\/folhapopular.info\\\/wp-content\\\/uploads\\\/2025\\\/03\\\/5ba80f86-9fd5-46a6-b579-5040c0b24e15.jpeg\",\"datePublished\":\"2025-03-06T17:05:00+00:00\",\"dateModified\":\"2025-03-06T17:08:02+00:00\",\"author\":{\"@id\":\"https:\\\/\\\/folhapopular.info\\\/#\\\/schema\\\/person\\\/f0b811f932ef2505faf473ffaef49df5\"},\"breadcrumb\":{\"@id\":\"https:\\\/\\\/folhapopular.info\\\/index.php\\\/2025\\\/03\\\/06\\\/823-eleitores-podem-ter-titulo-cancelado-nos-municipios-da-125a-zona-eleitoral-com-sede-em-teutonia\\\/#breadcrumb\"},\"inLanguage\":\"pt-BR\",\"potentialAction\":[{\"@type\":\"ReadAction\",\"target\":[\"https:\\\/\\\/folhapopular.info\\\/index.php\\\/2025\\\/03\\\/06\\\/823-eleitores-podem-ter-titulo-cancelado-nos-municipios-da-125a-zona-eleitoral-com-sede-em-teutonia\\\/\"]}]},{\"@type\":\"ImageObject\",\"inLanguage\":\"pt-BR\",\"@id\":\"https:\\\/\\\/folhapopular.info\\\/index.php\\\/2025\\\/03\\\/06\\\/823-eleitores-podem-ter-titulo-cancelado-nos-municipios-da-125a-zona-eleitoral-com-sede-em-teutonia\\\/#primaryimage\",\"url\":\"https:\\\/\\\/folhapopular.info\\\/wp-content\\\/uploads\\\/2025\\\/03\\\/5ba80f86-9fd5-46a6-b579-5040c0b24e15.jpeg\",\"contentUrl\":\"https:\\\/\\\/folhapopular.info\\\/wp-content\\\/uploads\\\/2025\\\/03\\\/5ba80f86-9fd5-46a6-b579-5040c0b24e15.jpeg\",\"width\":758,\"height\":409,\"caption\":\"Cr\u00e9dito: TSE \\\/ Divulga\u00e7\u00e3o\"},{\"@type\":\"BreadcrumbList\",\"@id\":\"https:\\\/\\\/folhapopular.info\\\/index.php\\\/2025\\\/03\\\/06\\\/823-eleitores-podem-ter-titulo-cancelado-nos-municipios-da-125a-zona-eleitoral-com-sede-em-teutonia\\\/#breadcrumb\",\"itemListElement\":[{\"@type\":\"ListItem\",\"position\":1,\"name\":\"In\u00edcio\",\"item\":\"https:\\\/\\\/folhapopular.info\\\/\"},{\"@type\":\"ListItem\",\"position\":2,\"name\":\"823 eleitores podem ter t\u00edtulo cancelado nos munic\u00edpios da 125\u00aa Zona Eleitoral, com sede em Teut\u00f4nia\"}]},{\"@type\":\"WebSite\",\"@id\":\"https:\\\/\\\/folhapopular.info\\\/#website\",\"url\":\"https:\\\/\\\/folhapopular.info\\\/\",\"name\":\"Folha Popular\",\"description\":\"Onde voc\u00ea tem vez e voz\",\"potentialAction\":[{\"@type\":\"SearchAction\",\"target\":{\"@type\":\"EntryPoint\",\"urlTemplate\":\"https:\\\/\\\/folhapopular.info\\\/?s={search_term_string}\"},\"query-input\":{\"@type\":\"PropertyValueSpecification\",\"valueRequired\":true,\"valueName\":\"search_term_string\"}}],\"inLanguage\":\"pt-BR\"},{\"@type\":\"Person\",\"@id\":\"https:\\\/\\\/folhapopular.info\\\/#\\\/schema\\\/person\\\/f0b811f932ef2505faf473ffaef49df5\",\"name\":\"Camille Lenz da Silva\",\"image\":{\"@type\":\"ImageObject\",\"inLanguage\":\"pt-BR\",\"@id\":\"https:\\\/\\\/secure.gravatar.com\\\/avatar\\\/50be826d73ca259ec0e0a88a407f5de800c576c46cfdc57e50ef28551e216fff?s=96&d=mm&r=g\",\"url\":\"https:\\\/\\\/secure.gravatar.com\\\/avatar\\\/50be826d73ca259ec0e0a88a407f5de800c576c46cfdc57e50ef28551e216fff?s=96&d=mm&r=g\",\"contentUrl\":\"https:\\\/\\\/secure.gravatar.com\\\/avatar\\\/50be826d73ca259ec0e0a88a407f5de800c576c46cfdc57e50ef28551e216fff?s=96&d=mm&r=g\",\"caption\":\"Camille Lenz da Silva\"},\"url\":\"https:\\\/\\\/folhapopular.info\\\/index.php\\\/author\\\/camillelenzgmail-com\\\/\"}]}<\/script>\n<!-- \/ Yoast SEO plugin. -->","yoast_head_json":{"title":"823 eleitores podem ter t\u00edtulo cancelado nos munic\u00edpios da 125\u00aa Zona Eleitoral, com sede em Teut\u00f4nia - Folha Popular","robots":{"index":"index","follow":"follow","max-snippet":"max-snippet:-1","max-image-preview":"max-image-preview:large","max-video-preview":"max-video-preview:-1"},"canonical":"https:\/\/folhapopular.info\/index.php\/2025\/03\/06\/823-eleitores-podem-ter-titulo-cancelado-nos-municipios-da-125a-zona-eleitoral-com-sede-em-teutonia\/","og_locale":"pt_BR","og_type":"article","og_title":"823 eleitores podem ter t\u00edtulo cancelado nos munic\u00edpios da 125\u00aa Zona Eleitoral, com sede em Teut\u00f4nia - Folha Popular","og_description":"A 125\u00aa Zona Eleitoral, sediada em Teut\u00f4nia, informa que eleitores que n\u00e3o votaram nos tr\u00eas pleitos passados (1\u00ba e 2\u00ba turno de 2022 e elei\u00e7\u00f5es de 2024), n\u00e3o justificaram aus\u00eancia e n\u00e3o pagaram a multa ter\u00e3o os t\u00edtulos eleitorais cancelados caso n\u00e3o procurem o cart\u00f3rio eleitoral no prazo de 60 dias a contar do dia [&hellip;]","og_url":"https:\/\/folhapopular.info\/index.php\/2025\/03\/06\/823-eleitores-podem-ter-titulo-cancelado-nos-municipios-da-125a-zona-eleitoral-com-sede-em-teutonia\/","og_site_name":"Folha Popular","article_published_time":"2025-03-06T17:05:00+00:00","article_modified_time":"2025-03-06T17:08:02+00:00","og_image":[{"width":758,"height":409,"url":"http:\/\/folhapopular.info\/wp-content\/uploads\/2025\/03\/5ba80f86-9fd5-46a6-b579-5040c0b24e15.jpeg","type":"image\/jpeg"}],"author":"Camille Lenz da Silva","twitter_card":"summary_large_image","twitter_misc":{"Escrito por":"Camille Lenz da Silva","Est. tempo de leitura":"1 minuto"},"schema":{"@context":"https:\/\/schema.org","@graph":[{"@type":"Article","@id":"https:\/\/folhapopular.info\/index.php\/2025\/03\/06\/823-eleitores-podem-ter-titulo-cancelado-nos-municipios-da-125a-zona-eleitoral-com-sede-em-teutonia\/#article","isPartOf":{"@id":"https:\/\/folhapopular.info\/index.php\/2025\/03\/06\/823-eleitores-podem-ter-titulo-cancelado-nos-municipios-da-125a-zona-eleitoral-com-sede-em-teutonia\/"},"author":{"name":"Camille Lenz da Silva","@id":"https:\/\/folhapopular.info\/#\/schema\/person\/f0b811f932ef2505faf473ffaef49df5"},"headline":"823 eleitores podem ter t\u00edtulo cancelado nos munic\u00edpios da 125\u00aa Zona Eleitoral, com sede em Teut\u00f4nia","datePublished":"2025-03-06T17:05:00+00:00","dateModified":"2025-03-06T17:08:02+00:00","mainEntityOfPage":{"@id":"https:\/\/folhapopular.info\/index.php\/2025\/03\/06\/823-eleitores-podem-ter-titulo-cancelado-nos-municipios-da-125a-zona-eleitoral-com-sede-em-teutonia\/"},"wordCount":136,"commentCount":0,"image":{"@id":"https:\/\/folhapopular.info\/index.php\/2025\/03\/06\/823-eleitores-podem-ter-titulo-cancelado-nos-municipios-da-125a-zona-eleitoral-com-sede-em-teutonia\/#primaryimage"},"thumbnailUrl":"https:\/\/folhapopular.info\/wp-content\/uploads\/2025\/03\/5ba80f86-9fd5-46a6-b579-5040c0b24e15.jpeg","keywords":["125\u00aa Zona Eleitoral","Eleitores","Imigrante","Teut\u00f4nia","t\u00edtulo eleitoral","Westf\u00e1lia"],"articleSection":["Destaques","Elei\u00e7\u00f5es 2024","Pol\u00edtica"],"inLanguage":"pt-BR","potentialAction":[{"@type":"CommentAction","name":"Comment","target":["https:\/\/folhapopular.info\/index.php\/2025\/03\/06\/823-eleitores-podem-ter-titulo-cancelado-nos-municipios-da-125a-zona-eleitoral-com-sede-em-teutonia\/#respond"]}]},{"@type":"WebPage","@id":"https:\/\/folhapopular.info\/index.php\/2025\/03\/06\/823-eleitores-podem-ter-titulo-cancelado-nos-municipios-da-125a-zona-eleitoral-com-sede-em-teutonia\/","url":"https:\/\/folhapopular.info\/index.php\/2025\/03\/06\/823-eleitores-podem-ter-titulo-cancelado-nos-municipios-da-125a-zona-eleitoral-com-sede-em-teutonia\/","name":"823 eleitores podem ter t\u00edtulo cancelado nos munic\u00edpios da 125\u00aa Zona Eleitoral, com sede em Teut\u00f4nia - Folha Popular","isPartOf":{"@id":"https:\/\/folhapopular.info\/#website"},"primaryImageOfPage":{"@id":"https:\/\/folhapopular.info\/index.php\/2025\/03\/06\/823-eleitores-podem-ter-titulo-cancelado-nos-municipios-da-125a-zona-eleitoral-com-sede-em-teutonia\/#primaryimage"},"image":{"@id":"https:\/\/folhapopular.info\/index.php\/2025\/03\/06\/823-eleitores-podem-ter-titulo-cancelado-nos-municipios-da-125a-zona-eleitoral-com-sede-em-teutonia\/#primaryimage"},"thumbnailUrl":"https:\/\/folhapopular.info\/wp-content\/uploads\/2025\/03\/5ba80f86-9fd5-46a6-b579-5040c0b24e15.jpeg","datePublished":"2025-03-06T17:05:00+00:00","dateModified":"2025-03-06T17:08:02+00:00","author":{"@id":"https:\/\/folhapopular.info\/#\/schema\/person\/f0b811f932ef2505faf473ffaef49df5"},"breadcrumb":{"@id":"https:\/\/folhapopular.info\/index.php\/2025\/03\/06\/823-eleitores-podem-ter-titulo-cancelado-nos-municipios-da-125a-zona-eleitoral-com-sede-em-teutonia\/#breadcrumb"},"inLanguage":"pt-BR","potentialAction":[{"@type":"ReadAction","target":["https:\/\/folhapopular.info\/index.php\/2025\/03\/06\/823-eleitores-podem-ter-titulo-cancelado-nos-municipios-da-125a-zona-eleitoral-com-sede-em-teutonia\/"]}]},{"@type":"ImageObject","inLanguage":"pt-BR","@id":"https:\/\/folhapopular.info\/index.php\/2025\/03\/06\/823-eleitores-podem-ter-titulo-cancelado-nos-municipios-da-125a-zona-eleitoral-com-sede-em-teutonia\/#primaryimage","url":"https:\/\/folhapopular.info\/wp-content\/uploads\/2025\/03\/5ba80f86-9fd5-46a6-b579-5040c0b24e15.jpeg","contentUrl":"https:\/\/folhapopular.info\/wp-content\/uploads\/2025\/03\/5ba80f86-9fd5-46a6-b579-5040c0b24e15.jpeg","width":758,"height":409,"caption":"Cr\u00e9dito: TSE \/ Divulga\u00e7\u00e3o"},{"@type":"BreadcrumbList","@id":"https:\/\/folhapopular.info\/index.php\/2025\/03\/06\/823-eleitores-podem-ter-titulo-cancelado-nos-municipios-da-125a-zona-eleitoral-com-sede-em-teutonia\/#breadcrumb","itemListElement":[{"@type":"ListItem","position":1,"name":"In\u00edcio","item":"https:\/\/folhapopular.info\/"},{"@type":"ListItem","position":2,"name":"823 eleitores podem ter t\u00edtulo cancelado nos munic\u00edpios da 125\u00aa Zona Eleitoral, com sede em Teut\u00f4nia"}]},{"@type":"WebSite","@id":"https:\/\/folhapopular.info\/#website","url":"https:\/\/folhapopular.info\/","name":"Folha Popular","description":"Onde voc\u00ea tem vez e voz","potentialAction":[{"@type":"SearchAction","target":{"@type":"EntryPoint","urlTemplate":"https:\/\/folhapopular.info\/?s={search_term_string}"},"query-input":{"@type":"PropertyValueSpecification","valueRequired":true,"valueName":"search_term_string"}}],"inLanguage":"pt-BR"},{"@type":"Person","@id":"https:\/\/folhapopular.info\/#\/schema\/person\/f0b811f932ef2505faf473ffaef49df5","name":"Camille Lenz da Silva","image":{"@type":"ImageObject","inLanguage":"pt-BR","@id":"https:\/\/secure.gravatar.com\/avatar\/50be826d73ca259ec0e0a88a407f5de800c576c46cfdc57e50ef28551e216fff?s=96&d=mm&r=g","url":"https:\/\/secure.gravatar.com\/avatar\/50be826d73ca259ec0e0a88a407f5de800c576c46cfdc57e50ef28551e216fff?s=96&d=mm&r=g","contentUrl":"https:\/\/secure.gravatar.com\/avatar\/50be826d73ca259ec0e0a88a407f5de800c576c46cfdc57e50ef28551e216fff?s=96&d=mm&r=g","caption":"Camille Lenz da Silva"},"url":"https:\/\/folhapopular.info\/index.php\/author\/camillelenzgmail-com\/"}]}},"jetpack_featured_media_url":"https:\/\/folhapopular.info\/wp-content\/uploads\/2025\/03\/5ba80f86-9fd5-46a6-b579-5040c0b24e15.jpeg","jetpack_sharing_enabled":true,"amp_enabled":true,"_links":{"self":[{"href":"https:\/\/folhapopular.info\/index.php\/wp-json\/wp\/v2\/posts\/181857","targetHints":{"allow":["GET"]}}],"collection":[{"href":"https:\/\/folhapopular.info\/index.php\/wp-json\/wp\/v2\/posts"}],"about":[{"href":"https:\/\/folhapopular.info\/index.php\/wp-json\/wp\/v2\/types\/post"}],"author":[{"embeddable":true,"href":"https:\/\/folhapopular.info\/index.php\/wp-json\/wp\/v2\/users\/639"}],"replies":[{"embeddable":true,"href":"https:\/\/folhapopular.info\/index.php\/wp-json\/wp\/v2\/comments?post=181857"}],"version-history":[{"count":0,"href":"https:\/\/folhapopular.info\/index.php\/wp-json\/wp\/v2\/posts\/181857\/revisions"}],"wp:featuredmedia":[{"embeddable":true,"href":"https:\/\/folhapopular.info\/index.php\/wp-json\/wp\/v2\/media\/181858"}],"wp:attachment":[{"href":"https:\/\/folhapopular.info\/index.php\/wp-json\/wp\/v2\/media?parent=181857"}],"wp:term":[{"taxonomy":"category","embeddable":true,"href":"https:\/\/folhapopular.info\/index.php\/wp-json\/wp\/v2\/categories?post=181857"},{"taxonomy":"post_tag","embeddable":true,"href":"https:\/\/folhapopular.info\/index.php\/wp-json\/wp\/v2\/tags?post=181857"}],"curies":[{"name":"wp","href":"https:\/\/api.w.org\/{rel}","templated":true}]}}