{"id":181994,"date":"2025-03-08T17:00:00","date_gmt":"2025-03-08T20:00:00","guid":{"rendered":"https:\/\/folhapopular.info\/?p=181994"},"modified":"2025-03-08T09:36:37","modified_gmt":"2025-03-08T12:36:37","slug":"apos-cratera-egr-executa-melhorias-na-cabeceira-da-ponte-sobre-o-arroio-boa-vista","status":"publish","type":"post","link":"https:\/\/folhapopular.info\/index.php\/2025\/03\/08\/apos-cratera-egr-executa-melhorias-na-cabeceira-da-ponte-sobre-o-arroio-boa-vista\/","title":{"rendered":"Ap\u00f3s cratera, EGR executa melhorias na cabeceira da ponte sobre o Arroio Boa Vista"},"content":{"rendered":"\n<p>No in\u00edcio da manh\u00e3 de segunda-feira (3\/3), um mun\u00edcipe deslocava-se de bicicleta para o trabalho. Ao concluir a travessia da ponte do Arroio Boa Vista, no quil\u00f4metro 28 da ERS-128 (Via L\u00e1ctea), caiu em um buraco. Uma mulher que fazia a atividade f\u00edsica de corrida tamb\u00e9m foi surpreendida. Ela conseguiu desviar a tempo, antes de pisar no vazio.<\/p>\n\n\n\n<p>O desbarrancamento da cabeceira da ponte ocorreu durante a madrugada e pegou todos de surpresa em meio ao feriad\u00e3o de Carnaval. Desde ent\u00e3o, Prefeitura, Minist\u00e9rio P\u00fablico, Pol\u00edcia Rodovi\u00e1ria Estadual (PRE), Brigada Militar (BM), Bombeiros e a Empresa Ga\u00facha de Rodovias (EGR) se envolveram para solucionar o problema, que apresentou riscos reais aos pedestres e ciclistas que costumam utilizar a via para o deslocamento.<\/p>\n\n\n\n<p>Na quinta-feira (6\/3), a MG Servi\u00e7os Rodovi\u00e1rios, empresa terceirizada contratada pela EGR, realizou o fechamento do buraco. Foram colocadas pedras e camada asf\u00e1ltica. Na parte inferior da ponte, foi feita uma conten\u00e7\u00e3o simples, com pedras, para evitar novos desbarrancamentos.<\/p>\n\n\n\n<p>Segundo o diretor-presidente da EGR, Luis Fernando Vanacor, a conten\u00e7\u00e3o feita no local recebe o nome de enrocamento com pedra. \u201cEsse servi\u00e7o \u00e9 a recomposi\u00e7\u00e3o do aterro, que antes era em solo e, por isso, foi erodido pela \u00e1gua. Este material foi substitu\u00eddo pelo mesmo volume em rocha, de uma forma enrocada, ou seja, s\u00e3o blocos de rocha que sobem at\u00e9 a superf\u00edcie, at\u00e9 o n\u00edvel da estrada, fazendo todo esse contorno\u201d, explica.<\/p>\n\n\n\n<p>Vanacor ainda observa que esta solu\u00e7\u00e3o, de forma t\u00e9cnica, \u00e9 a mais apropriada. \u201cEla gera resist\u00eancia \u00e0 passagem d\u2019\u00e1gua, tendo visto que o Arroio Boa Vista n\u00e3o tirou pedras. O que fez a eros\u00e3o foi o aterro, que era composto somente por solo\u201d, completa.<\/p>\n\n\n\n<div class=\"wp-block-jetpack-slideshow aligncenter\" data-effect=\"slide\"><div class=\"wp-block-jetpack-slideshow_container swiper-container\"><ul class=\"wp-block-jetpack-slideshow_swiper-wrapper swiper-wrapper\"><li class=\"wp-block-jetpack-slideshow_slide swiper-slide\"><figure><img loading=\"lazy\" decoding=\"async\" width=\"1024\" height=\"768\" alt=\"\" class=\"wp-block-jetpack-slideshow_image wp-image-181999\" data-id=\"181999\" src=\"https:\/\/folhapopular.info\/wp-content\/uploads\/2025\/03\/ANTES_Como-estava-a-parte-superior-da-cabeceira-da-ponte-sobre-o-Arroio-Boa-Vista-na-terca-feira_Lucas-Leandro-Brune-1024x768.jpeg\" srcset=\"https:\/\/folhapopular.info\/wp-content\/uploads\/2025\/03\/ANTES_Como-estava-a-parte-superior-da-cabeceira-da-ponte-sobre-o-Arroio-Boa-Vista-na-terca-feira_Lucas-Leandro-Brune-1024x768.jpeg 1024w, https:\/\/folhapopular.info\/wp-content\/uploads\/2025\/03\/ANTES_Como-estava-a-parte-superior-da-cabeceira-da-ponte-sobre-o-Arroio-Boa-Vista-na-terca-feira_Lucas-Leandro-Brune-300x225.jpeg 300w, https:\/\/folhapopular.info\/wp-content\/uploads\/2025\/03\/ANTES_Como-estava-a-parte-superior-da-cabeceira-da-ponte-sobre-o-Arroio-Boa-Vista-na-terca-feira_Lucas-Leandro-Brune-768x576.jpeg 768w, https:\/\/folhapopular.info\/wp-content\/uploads\/2025\/03\/ANTES_Como-estava-a-parte-superior-da-cabeceira-da-ponte-sobre-o-Arroio-Boa-Vista-na-terca-feira_Lucas-Leandro-Brune-1536x1152.jpeg 1536w, https:\/\/folhapopular.info\/wp-content\/uploads\/2025\/03\/ANTES_Como-estava-a-parte-superior-da-cabeceira-da-ponte-sobre-o-Arroio-Boa-Vista-na-terca-feira_Lucas-Leandro-Brune-2048x1536.jpeg 2048w, https:\/\/folhapopular.info\/wp-content\/uploads\/2025\/03\/ANTES_Como-estava-a-parte-superior-da-cabeceira-da-ponte-sobre-o-Arroio-Boa-Vista-na-terca-feira_Lucas-Leandro-Brune-560x420.jpeg 560w, https:\/\/folhapopular.info\/wp-content\/uploads\/2025\/03\/ANTES_Como-estava-a-parte-superior-da-cabeceira-da-ponte-sobre-o-Arroio-Boa-Vista-na-terca-feira_Lucas-Leandro-Brune-80x60.jpeg 80w, https:\/\/folhapopular.info\/wp-content\/uploads\/2025\/03\/ANTES_Como-estava-a-parte-superior-da-cabeceira-da-ponte-sobre-o-Arroio-Boa-Vista-na-terca-feira_Lucas-Leandro-Brune-696x522.jpeg 696w, https:\/\/folhapopular.info\/wp-content\/uploads\/2025\/03\/ANTES_Como-estava-a-parte-superior-da-cabeceira-da-ponte-sobre-o-Arroio-Boa-Vista-na-terca-feira_Lucas-Leandro-Brune-1068x801.jpeg 1068w, https:\/\/folhapopular.info\/wp-content\/uploads\/2025\/03\/ANTES_Como-estava-a-parte-superior-da-cabeceira-da-ponte-sobre-o-Arroio-Boa-Vista-na-terca-feira_Lucas-Leandro-Brune-1920x1440.jpeg 1920w\" sizes=\"(max-width: 1024px) 100vw, 1024px\" \/><figcaption class=\"wp-block-jetpack-slideshow_caption gallery-caption\">ANTES: Como estava a parte superior da cabeceira da ponte sobre o Arroio Boa Vista na ter\u00e7a-feira \/ Cr\u00e9dito: Lucas Leandro Brune<\/figcaption><\/figure><\/li><li class=\"wp-block-jetpack-slideshow_slide swiper-slide\"><figure><img loading=\"lazy\" decoding=\"async\" width=\"1024\" height=\"576\" alt=\"\" class=\"wp-block-jetpack-slideshow_image wp-image-182002\" data-id=\"182002\" src=\"https:\/\/folhapopular.info\/wp-content\/uploads\/2025\/03\/DEPOIS_Como-esta-a-parte-superior-da-cabeceira-da-ponte-sobre-o-Arroio-Boa-Vista_Laron-de-Andrade-1024x576.jpeg\" srcset=\"https:\/\/folhapopular.info\/wp-content\/uploads\/2025\/03\/DEPOIS_Como-esta-a-parte-superior-da-cabeceira-da-ponte-sobre-o-Arroio-Boa-Vista_Laron-de-Andrade-1024x576.jpeg 1024w, https:\/\/folhapopular.info\/wp-content\/uploads\/2025\/03\/DEPOIS_Como-esta-a-parte-superior-da-cabeceira-da-ponte-sobre-o-Arroio-Boa-Vista_Laron-de-Andrade-300x169.jpeg 300w, https:\/\/folhapopular.info\/wp-content\/uploads\/2025\/03\/DEPOIS_Como-esta-a-parte-superior-da-cabeceira-da-ponte-sobre-o-Arroio-Boa-Vista_Laron-de-Andrade-768x432.jpeg 768w, https:\/\/folhapopular.info\/wp-content\/uploads\/2025\/03\/DEPOIS_Como-esta-a-parte-superior-da-cabeceira-da-ponte-sobre-o-Arroio-Boa-Vista_Laron-de-Andrade-747x420.jpeg 747w, https:\/\/folhapopular.info\/wp-content\/uploads\/2025\/03\/DEPOIS_Como-esta-a-parte-superior-da-cabeceira-da-ponte-sobre-o-Arroio-Boa-Vista_Laron-de-Andrade-696x392.jpeg 696w, https:\/\/folhapopular.info\/wp-content\/uploads\/2025\/03\/DEPOIS_Como-esta-a-parte-superior-da-cabeceira-da-ponte-sobre-o-Arroio-Boa-Vista_Laron-de-Andrade-1068x601.jpeg 1068w, https:\/\/folhapopular.info\/wp-content\/uploads\/2025\/03\/DEPOIS_Como-esta-a-parte-superior-da-cabeceira-da-ponte-sobre-o-Arroio-Boa-Vista_Laron-de-Andrade.jpeg 1280w\" sizes=\"(max-width: 1024px) 100vw, 1024px\" \/><figcaption class=\"wp-block-jetpack-slideshow_caption gallery-caption\">DEPOIS: Como est\u00e1 a parte superior da cabeceira da ponte sobre o Arroio Boa Vista \/ Cr\u00e9dito: Laron de Andrade<\/figcaption><\/figure><\/li><\/ul><a class=\"wp-block-jetpack-slideshow_button-prev swiper-button-prev swiper-button-white\" role=\"button\"><\/a><a class=\"wp-block-jetpack-slideshow_button-next swiper-button-next swiper-button-white\" role=\"button\"><\/a><a aria-label=\"Pause Slideshow\" class=\"wp-block-jetpack-slideshow_button-pause\" role=\"button\"><\/a><div class=\"wp-block-jetpack-slideshow_pagination swiper-pagination swiper-pagination-white\"><\/div><\/div><\/div>\n\n\n\n<p><strong>Munic\u00edpio j\u00e1 havia notificado a EGR<\/strong><\/p>\n\n\n\n<p>O Munic\u00edpio de Teut\u00f4nia notificou a EGR em 21 de fevereiro &#8211; com relat\u00f3rio fotogr\u00e1fico e descritivo &#8211; para averiguar a situa\u00e7\u00e3o, ainda antes do desbarrancamento. Por\u00e9m, a EGR ainda solicitou envio de ART sobre laudo t\u00e9cnico e n\u00e3o havia manifestado se verificaria a situa\u00e7\u00e3o, relacionada \u00e0s fortes chuvas e hist\u00f3ricas enchentes de 2023 e 2024.<\/p>\n\n\n\n<p>Por n\u00e3o obter retorno, o Munic\u00edpio acionou o Minist\u00e9rio P\u00fablico na segunda-feira para agilizar uma a\u00e7\u00e3o de parte da concession\u00e1ria estatal. O promotor de Justi\u00e7a de Teut\u00f4nia, Dr. Andr\u00e9 Prediger, notificou a EGR \u00e0s 13h17 de segunda-feira, dando prazo de 24h para a estatal retornar com informa\u00e7\u00f5es sobre as provid\u00eancias adotadas.<\/p>\n\n\n\n<p>Conforme o coordenador da Defesa Civil de Teut\u00f4nia, Marco Ant\u00f4nio Franck, a equipe seguir\u00e1 monitorando o local e, em caso de acontecimento semelhante, comunicar\u00e1 a EGR. \u201cSe preciso for, faremos contato com a EGR, informando para que eles resolvam o problema\u201d, observa.<\/p>\n","protected":false},"excerpt":{"rendered":"<p>No in\u00edcio da manh\u00e3 de segunda-feira (3\/3), um mun\u00edcipe deslocava-se de bicicleta para o trabalho. Ao concluir a travessia da ponte do Arroio Boa Vista, no quil\u00f4metro 28 da ERS-128 (Via L\u00e1ctea), caiu em um buraco. Uma mulher que fazia a atividade f\u00edsica de corrida tamb\u00e9m foi surpreendida. Ela conseguiu desviar a tempo, antes de [&hellip;]<\/p>\n","protected":false},"author":757,"featured_media":181995,"comment_status":"open","ping_status":"open","sticky":false,"template":"","format":"standard","meta":{"pmpro_default_level":"","_jetpack_memberships_contains_paid_content":false,"footnotes":""},"categories":[2,3,11091],"tags":[13717,8949,359,358],"class_list":{"0":"post-181994","1":"post","2":"type-post","3":"status-publish","4":"format-standard","5":"has-post-thumbnail","7":"category-featured","8":"category-geral","9":"category-servicos","10":"tag-cratera","11":"tag-egr","12":"tag-ers-128","13":"tag-via-lactea","14":"pmpro-has-access"},"yoast_head":"<!-- This site is optimized with the Yoast SEO plugin v27.5 - https:\/\/yoast.com\/product\/yoast-seo-wordpress\/ -->\n<title>Ap\u00f3s cratera, EGR executa melhorias na cabeceira da ponte sobre o Arroio Boa Vista - Folha Popular<\/title>\n<meta name=\"robots\" content=\"index, follow, max-snippet:-1, max-image-preview:large, max-video-preview:-1\" \/>\n<link rel=\"canonical\" href=\"https:\/\/folhapopular.info\/index.php\/2025\/03\/08\/apos-cratera-egr-executa-melhorias-na-cabeceira-da-ponte-sobre-o-arroio-boa-vista\/\" \/>\n<meta property=\"og:locale\" content=\"pt_BR\" \/>\n<meta property=\"og:type\" content=\"article\" \/>\n<meta property=\"og:title\" content=\"Ap\u00f3s cratera, EGR executa melhorias na cabeceira da ponte sobre o Arroio Boa Vista - Folha Popular\" \/>\n<meta property=\"og:description\" content=\"No in\u00edcio da manh\u00e3 de segunda-feira (3\/3), um mun\u00edcipe deslocava-se de bicicleta para o trabalho. Ao concluir a travessia da ponte do Arroio Boa Vista, no quil\u00f4metro 28 da ERS-128 (Via L\u00e1ctea), caiu em um buraco. Uma mulher que fazia a atividade f\u00edsica de corrida tamb\u00e9m foi surpreendida. Ela conseguiu desviar a tempo, antes de [&hellip;]\" \/>\n<meta property=\"og:url\" content=\"https:\/\/folhapopular.info\/index.php\/2025\/03\/08\/apos-cratera-egr-executa-melhorias-na-cabeceira-da-ponte-sobre-o-arroio-boa-vista\/\" \/>\n<meta property=\"og:site_name\" content=\"Folha Popular\" \/>\n<meta property=\"article:published_time\" content=\"2025-03-08T20:00:00+00:00\" \/>\n<meta property=\"og:image\" content=\"https:\/\/folhapopular.info\/wp-content\/uploads\/2025\/03\/Buraco-abriu-na-madrugada-de-segunda-feira_Gabrielly-Hartmann-Mallmann.jpeg\" \/>\n\t<meta property=\"og:image:width\" content=\"1600\" \/>\n\t<meta property=\"og:image:height\" content=\"1200\" \/>\n\t<meta property=\"og:image:type\" content=\"image\/jpeg\" \/>\n<meta name=\"author\" content=\"Paloma Valandro\" \/>\n<meta name=\"twitter:card\" content=\"summary_large_image\" \/>\n<meta name=\"twitter:label1\" content=\"Escrito por\" \/>\n\t<meta name=\"twitter:data1\" content=\"Paloma Valandro\" \/>\n\t<meta name=\"twitter:label2\" content=\"Est. tempo de leitura\" \/>\n\t<meta name=\"twitter:data2\" content=\"4 minutos\" \/>\n<script type=\"application\/ld+json\" class=\"yoast-schema-graph\">{\"@context\":\"https:\\\/\\\/schema.org\",\"@graph\":[{\"@type\":\"Article\",\"@id\":\"https:\\\/\\\/folhapopular.info\\\/index.php\\\/2025\\\/03\\\/08\\\/apos-cratera-egr-executa-melhorias-na-cabeceira-da-ponte-sobre-o-arroio-boa-vista\\\/#article\",\"isPartOf\":{\"@id\":\"https:\\\/\\\/folhapopular.info\\\/index.php\\\/2025\\\/03\\\/08\\\/apos-cratera-egr-executa-melhorias-na-cabeceira-da-ponte-sobre-o-arroio-boa-vista\\\/\"},\"author\":{\"name\":\"Paloma Valandro\",\"@id\":\"https:\\\/\\\/folhapopular.info\\\/#\\\/schema\\\/person\\\/1fb1a50ca75661f91da0d3839657a34d\"},\"headline\":\"Ap\u00f3s cratera, EGR executa melhorias na cabeceira da ponte sobre o Arroio Boa Vista\",\"datePublished\":\"2025-03-08T20:00:00+00:00\",\"mainEntityOfPage\":{\"@id\":\"https:\\\/\\\/folhapopular.info\\\/index.php\\\/2025\\\/03\\\/08\\\/apos-cratera-egr-executa-melhorias-na-cabeceira-da-ponte-sobre-o-arroio-boa-vista\\\/\"},\"wordCount\":534,\"commentCount\":0,\"image\":{\"@id\":\"https:\\\/\\\/folhapopular.info\\\/index.php\\\/2025\\\/03\\\/08\\\/apos-cratera-egr-executa-melhorias-na-cabeceira-da-ponte-sobre-o-arroio-boa-vista\\\/#primaryimage\"},\"thumbnailUrl\":\"https:\\\/\\\/folhapopular.info\\\/wp-content\\\/uploads\\\/2025\\\/03\\\/Buraco-abriu-na-madrugada-de-segunda-feira_Gabrielly-Hartmann-Mallmann.jpeg\",\"keywords\":[\"Cratera\",\"EGR\",\"ERS-128\",\"Via L\u00e1ctea\"],\"articleSection\":[\"Destaques\",\"Geral\",\"Servi\u00e7os\"],\"inLanguage\":\"pt-BR\",\"potentialAction\":[{\"@type\":\"CommentAction\",\"name\":\"Comment\",\"target\":[\"https:\\\/\\\/folhapopular.info\\\/index.php\\\/2025\\\/03\\\/08\\\/apos-cratera-egr-executa-melhorias-na-cabeceira-da-ponte-sobre-o-arroio-boa-vista\\\/#respond\"]}]},{\"@type\":\"WebPage\",\"@id\":\"https:\\\/\\\/folhapopular.info\\\/index.php\\\/2025\\\/03\\\/08\\\/apos-cratera-egr-executa-melhorias-na-cabeceira-da-ponte-sobre-o-arroio-boa-vista\\\/\",\"url\":\"https:\\\/\\\/folhapopular.info\\\/index.php\\\/2025\\\/03\\\/08\\\/apos-cratera-egr-executa-melhorias-na-cabeceira-da-ponte-sobre-o-arroio-boa-vista\\\/\",\"name\":\"Ap\u00f3s cratera, EGR executa melhorias na cabeceira da ponte sobre o Arroio Boa Vista - Folha Popular\",\"isPartOf\":{\"@id\":\"https:\\\/\\\/folhapopular.info\\\/#website\"},\"primaryImageOfPage\":{\"@id\":\"https:\\\/\\\/folhapopular.info\\\/index.php\\\/2025\\\/03\\\/08\\\/apos-cratera-egr-executa-melhorias-na-cabeceira-da-ponte-sobre-o-arroio-boa-vista\\\/#primaryimage\"},\"image\":{\"@id\":\"https:\\\/\\\/folhapopular.info\\\/index.php\\\/2025\\\/03\\\/08\\\/apos-cratera-egr-executa-melhorias-na-cabeceira-da-ponte-sobre-o-arroio-boa-vista\\\/#primaryimage\"},\"thumbnailUrl\":\"https:\\\/\\\/folhapopular.info\\\/wp-content\\\/uploads\\\/2025\\\/03\\\/Buraco-abriu-na-madrugada-de-segunda-feira_Gabrielly-Hartmann-Mallmann.jpeg\",\"datePublished\":\"2025-03-08T20:00:00+00:00\",\"author\":{\"@id\":\"https:\\\/\\\/folhapopular.info\\\/#\\\/schema\\\/person\\\/1fb1a50ca75661f91da0d3839657a34d\"},\"breadcrumb\":{\"@id\":\"https:\\\/\\\/folhapopular.info\\\/index.php\\\/2025\\\/03\\\/08\\\/apos-cratera-egr-executa-melhorias-na-cabeceira-da-ponte-sobre-o-arroio-boa-vista\\\/#breadcrumb\"},\"inLanguage\":\"pt-BR\",\"potentialAction\":[{\"@type\":\"ReadAction\",\"target\":[\"https:\\\/\\\/folhapopular.info\\\/index.php\\\/2025\\\/03\\\/08\\\/apos-cratera-egr-executa-melhorias-na-cabeceira-da-ponte-sobre-o-arroio-boa-vista\\\/\"]}]},{\"@type\":\"ImageObject\",\"inLanguage\":\"pt-BR\",\"@id\":\"https:\\\/\\\/folhapopular.info\\\/index.php\\\/2025\\\/03\\\/08\\\/apos-cratera-egr-executa-melhorias-na-cabeceira-da-ponte-sobre-o-arroio-boa-vista\\\/#primaryimage\",\"url\":\"https:\\\/\\\/folhapopular.info\\\/wp-content\\\/uploads\\\/2025\\\/03\\\/Buraco-abriu-na-madrugada-de-segunda-feira_Gabrielly-Hartmann-Mallmann.jpeg\",\"contentUrl\":\"https:\\\/\\\/folhapopular.info\\\/wp-content\\\/uploads\\\/2025\\\/03\\\/Buraco-abriu-na-madrugada-de-segunda-feira_Gabrielly-Hartmann-Mallmann.jpeg\",\"width\":1600,\"height\":1200,\"caption\":\"Buraco abriu na madrugada de segunda-feira \\\/ Cr\u00e9dito: Gabrielly Hartmann Mallmann\"},{\"@type\":\"BreadcrumbList\",\"@id\":\"https:\\\/\\\/folhapopular.info\\\/index.php\\\/2025\\\/03\\\/08\\\/apos-cratera-egr-executa-melhorias-na-cabeceira-da-ponte-sobre-o-arroio-boa-vista\\\/#breadcrumb\",\"itemListElement\":[{\"@type\":\"ListItem\",\"position\":1,\"name\":\"In\u00edcio\",\"item\":\"https:\\\/\\\/folhapopular.info\\\/\"},{\"@type\":\"ListItem\",\"position\":2,\"name\":\"Ap\u00f3s cratera, EGR executa melhorias na cabeceira da ponte sobre o Arroio Boa Vista\"}]},{\"@type\":\"WebSite\",\"@id\":\"https:\\\/\\\/folhapopular.info\\\/#website\",\"url\":\"https:\\\/\\\/folhapopular.info\\\/\",\"name\":\"Folha Popular\",\"description\":\"Onde voc\u00ea tem vez e voz\",\"potentialAction\":[{\"@type\":\"SearchAction\",\"target\":{\"@type\":\"EntryPoint\",\"urlTemplate\":\"https:\\\/\\\/folhapopular.info\\\/?s={search_term_string}\"},\"query-input\":{\"@type\":\"PropertyValueSpecification\",\"valueRequired\":true,\"valueName\":\"search_term_string\"}}],\"inLanguage\":\"pt-BR\"},{\"@type\":\"Person\",\"@id\":\"https:\\\/\\\/folhapopular.info\\\/#\\\/schema\\\/person\\\/1fb1a50ca75661f91da0d3839657a34d\",\"name\":\"Paloma Valandro\",\"image\":{\"@type\":\"ImageObject\",\"inLanguage\":\"pt-BR\",\"@id\":\"https:\\\/\\\/secure.gravatar.com\\\/avatar\\\/ef90a8f37349cc3654b42d805942c6378eb385817dccc9c637c94e7794973921?s=96&d=mm&r=g\",\"url\":\"https:\\\/\\\/secure.gravatar.com\\\/avatar\\\/ef90a8f37349cc3654b42d805942c6378eb385817dccc9c637c94e7794973921?s=96&d=mm&r=g\",\"contentUrl\":\"https:\\\/\\\/secure.gravatar.com\\\/avatar\\\/ef90a8f37349cc3654b42d805942c6378eb385817dccc9c637c94e7794973921?s=96&d=mm&r=g\",\"caption\":\"Paloma Valandro\"},\"url\":\"https:\\\/\\\/folhapopular.info\\\/index.php\\\/author\\\/paloma-valandro\\\/\"}]}<\/script>\n<!-- \/ Yoast SEO plugin. -->","yoast_head_json":{"title":"Ap\u00f3s cratera, EGR executa melhorias na cabeceira da ponte sobre o Arroio Boa Vista - Folha Popular","robots":{"index":"index","follow":"follow","max-snippet":"max-snippet:-1","max-image-preview":"max-image-preview:large","max-video-preview":"max-video-preview:-1"},"canonical":"https:\/\/folhapopular.info\/index.php\/2025\/03\/08\/apos-cratera-egr-executa-melhorias-na-cabeceira-da-ponte-sobre-o-arroio-boa-vista\/","og_locale":"pt_BR","og_type":"article","og_title":"Ap\u00f3s cratera, EGR executa melhorias na cabeceira da ponte sobre o Arroio Boa Vista - Folha Popular","og_description":"No in\u00edcio da manh\u00e3 de segunda-feira (3\/3), um mun\u00edcipe deslocava-se de bicicleta para o trabalho. Ao concluir a travessia da ponte do Arroio Boa Vista, no quil\u00f4metro 28 da ERS-128 (Via L\u00e1ctea), caiu em um buraco. Uma mulher que fazia a atividade f\u00edsica de corrida tamb\u00e9m foi surpreendida. Ela conseguiu desviar a tempo, antes de [&hellip;]","og_url":"https:\/\/folhapopular.info\/index.php\/2025\/03\/08\/apos-cratera-egr-executa-melhorias-na-cabeceira-da-ponte-sobre-o-arroio-boa-vista\/","og_site_name":"Folha Popular","article_published_time":"2025-03-08T20:00:00+00:00","og_image":[{"width":1600,"height":1200,"url":"https:\/\/folhapopular.info\/wp-content\/uploads\/2025\/03\/Buraco-abriu-na-madrugada-de-segunda-feira_Gabrielly-Hartmann-Mallmann.jpeg","type":"image\/jpeg"}],"author":"Paloma Valandro","twitter_card":"summary_large_image","twitter_misc":{"Escrito por":"Paloma Valandro","Est. tempo de leitura":"4 minutos"},"schema":{"@context":"https:\/\/schema.org","@graph":[{"@type":"Article","@id":"https:\/\/folhapopular.info\/index.php\/2025\/03\/08\/apos-cratera-egr-executa-melhorias-na-cabeceira-da-ponte-sobre-o-arroio-boa-vista\/#article","isPartOf":{"@id":"https:\/\/folhapopular.info\/index.php\/2025\/03\/08\/apos-cratera-egr-executa-melhorias-na-cabeceira-da-ponte-sobre-o-arroio-boa-vista\/"},"author":{"name":"Paloma Valandro","@id":"https:\/\/folhapopular.info\/#\/schema\/person\/1fb1a50ca75661f91da0d3839657a34d"},"headline":"Ap\u00f3s cratera, EGR executa melhorias na cabeceira da ponte sobre o Arroio Boa Vista","datePublished":"2025-03-08T20:00:00+00:00","mainEntityOfPage":{"@id":"https:\/\/folhapopular.info\/index.php\/2025\/03\/08\/apos-cratera-egr-executa-melhorias-na-cabeceira-da-ponte-sobre-o-arroio-boa-vista\/"},"wordCount":534,"commentCount":0,"image":{"@id":"https:\/\/folhapopular.info\/index.php\/2025\/03\/08\/apos-cratera-egr-executa-melhorias-na-cabeceira-da-ponte-sobre-o-arroio-boa-vista\/#primaryimage"},"thumbnailUrl":"https:\/\/folhapopular.info\/wp-content\/uploads\/2025\/03\/Buraco-abriu-na-madrugada-de-segunda-feira_Gabrielly-Hartmann-Mallmann.jpeg","keywords":["Cratera","EGR","ERS-128","Via L\u00e1ctea"],"articleSection":["Destaques","Geral","Servi\u00e7os"],"inLanguage":"pt-BR","potentialAction":[{"@type":"CommentAction","name":"Comment","target":["https:\/\/folhapopular.info\/index.php\/2025\/03\/08\/apos-cratera-egr-executa-melhorias-na-cabeceira-da-ponte-sobre-o-arroio-boa-vista\/#respond"]}]},{"@type":"WebPage","@id":"https:\/\/folhapopular.info\/index.php\/2025\/03\/08\/apos-cratera-egr-executa-melhorias-na-cabeceira-da-ponte-sobre-o-arroio-boa-vista\/","url":"https:\/\/folhapopular.info\/index.php\/2025\/03\/08\/apos-cratera-egr-executa-melhorias-na-cabeceira-da-ponte-sobre-o-arroio-boa-vista\/","name":"Ap\u00f3s cratera, EGR executa melhorias na cabeceira da ponte sobre o Arroio Boa Vista - Folha Popular","isPartOf":{"@id":"https:\/\/folhapopular.info\/#website"},"primaryImageOfPage":{"@id":"https:\/\/folhapopular.info\/index.php\/2025\/03\/08\/apos-cratera-egr-executa-melhorias-na-cabeceira-da-ponte-sobre-o-arroio-boa-vista\/#primaryimage"},"image":{"@id":"https:\/\/folhapopular.info\/index.php\/2025\/03\/08\/apos-cratera-egr-executa-melhorias-na-cabeceira-da-ponte-sobre-o-arroio-boa-vista\/#primaryimage"},"thumbnailUrl":"https:\/\/folhapopular.info\/wp-content\/uploads\/2025\/03\/Buraco-abriu-na-madrugada-de-segunda-feira_Gabrielly-Hartmann-Mallmann.jpeg","datePublished":"2025-03-08T20:00:00+00:00","author":{"@id":"https:\/\/folhapopular.info\/#\/schema\/person\/1fb1a50ca75661f91da0d3839657a34d"},"breadcrumb":{"@id":"https:\/\/folhapopular.info\/index.php\/2025\/03\/08\/apos-cratera-egr-executa-melhorias-na-cabeceira-da-ponte-sobre-o-arroio-boa-vista\/#breadcrumb"},"inLanguage":"pt-BR","potentialAction":[{"@type":"ReadAction","target":["https:\/\/folhapopular.info\/index.php\/2025\/03\/08\/apos-cratera-egr-executa-melhorias-na-cabeceira-da-ponte-sobre-o-arroio-boa-vista\/"]}]},{"@type":"ImageObject","inLanguage":"pt-BR","@id":"https:\/\/folhapopular.info\/index.php\/2025\/03\/08\/apos-cratera-egr-executa-melhorias-na-cabeceira-da-ponte-sobre-o-arroio-boa-vista\/#primaryimage","url":"https:\/\/folhapopular.info\/wp-content\/uploads\/2025\/03\/Buraco-abriu-na-madrugada-de-segunda-feira_Gabrielly-Hartmann-Mallmann.jpeg","contentUrl":"https:\/\/folhapopular.info\/wp-content\/uploads\/2025\/03\/Buraco-abriu-na-madrugada-de-segunda-feira_Gabrielly-Hartmann-Mallmann.jpeg","width":1600,"height":1200,"caption":"Buraco abriu na madrugada de segunda-feira \/ Cr\u00e9dito: Gabrielly Hartmann Mallmann"},{"@type":"BreadcrumbList","@id":"https:\/\/folhapopular.info\/index.php\/2025\/03\/08\/apos-cratera-egr-executa-melhorias-na-cabeceira-da-ponte-sobre-o-arroio-boa-vista\/#breadcrumb","itemListElement":[{"@type":"ListItem","position":1,"name":"In\u00edcio","item":"https:\/\/folhapopular.info\/"},{"@type":"ListItem","position":2,"name":"Ap\u00f3s cratera, EGR executa melhorias na cabeceira da ponte sobre o Arroio Boa Vista"}]},{"@type":"WebSite","@id":"https:\/\/folhapopular.info\/#website","url":"https:\/\/folhapopular.info\/","name":"Folha Popular","description":"Onde voc\u00ea tem vez e voz","potentialAction":[{"@type":"SearchAction","target":{"@type":"EntryPoint","urlTemplate":"https:\/\/folhapopular.info\/?s={search_term_string}"},"query-input":{"@type":"PropertyValueSpecification","valueRequired":true,"valueName":"search_term_string"}}],"inLanguage":"pt-BR"},{"@type":"Person","@id":"https:\/\/folhapopular.info\/#\/schema\/person\/1fb1a50ca75661f91da0d3839657a34d","name":"Paloma Valandro","image":{"@type":"ImageObject","inLanguage":"pt-BR","@id":"https:\/\/secure.gravatar.com\/avatar\/ef90a8f37349cc3654b42d805942c6378eb385817dccc9c637c94e7794973921?s=96&d=mm&r=g","url":"https:\/\/secure.gravatar.com\/avatar\/ef90a8f37349cc3654b42d805942c6378eb385817dccc9c637c94e7794973921?s=96&d=mm&r=g","contentUrl":"https:\/\/secure.gravatar.com\/avatar\/ef90a8f37349cc3654b42d805942c6378eb385817dccc9c637c94e7794973921?s=96&d=mm&r=g","caption":"Paloma Valandro"},"url":"https:\/\/folhapopular.info\/index.php\/author\/paloma-valandro\/"}]}},"jetpack_featured_media_url":"https:\/\/folhapopular.info\/wp-content\/uploads\/2025\/03\/Buraco-abriu-na-madrugada-de-segunda-feira_Gabrielly-Hartmann-Mallmann.jpeg","jetpack_sharing_enabled":true,"amp_enabled":true,"_links":{"self":[{"href":"https:\/\/folhapopular.info\/index.php\/wp-json\/wp\/v2\/posts\/181994","targetHints":{"allow":["GET"]}}],"collection":[{"href":"https:\/\/folhapopular.info\/index.php\/wp-json\/wp\/v2\/posts"}],"about":[{"href":"https:\/\/folhapopular.info\/index.php\/wp-json\/wp\/v2\/types\/post"}],"author":[{"embeddable":true,"href":"https:\/\/folhapopular.info\/index.php\/wp-json\/wp\/v2\/users\/757"}],"replies":[{"embeddable":true,"href":"https:\/\/folhapopular.info\/index.php\/wp-json\/wp\/v2\/comments?post=181994"}],"version-history":[{"count":0,"href":"https:\/\/folhapopular.info\/index.php\/wp-json\/wp\/v2\/posts\/181994\/revisions"}],"wp:featuredmedia":[{"embeddable":true,"href":"https:\/\/folhapopular.info\/index.php\/wp-json\/wp\/v2\/media\/181995"}],"wp:attachment":[{"href":"https:\/\/folhapopular.info\/index.php\/wp-json\/wp\/v2\/media?parent=181994"}],"wp:term":[{"taxonomy":"category","embeddable":true,"href":"https:\/\/folhapopular.info\/index.php\/wp-json\/wp\/v2\/categories?post=181994"},{"taxonomy":"post_tag","embeddable":true,"href":"https:\/\/folhapopular.info\/index.php\/wp-json\/wp\/v2\/tags?post=181994"}],"curies":[{"name":"wp","href":"https:\/\/api.w.org\/{rel}","templated":true}]}}