{"id":182053,"date":"2025-03-09T18:47:20","date_gmt":"2025-03-09T21:47:20","guid":{"rendered":"https:\/\/folhapopular.info\/?p=182053"},"modified":"2025-03-22T13:37:12","modified_gmt":"2025-03-22T16:37:12","slug":"intermunicipal-sicredi-certel-comeca-com-chuva-de-gols","status":"publish","type":"post","link":"https:\/\/folhapopular.info\/index.php\/2025\/03\/09\/intermunicipal-sicredi-certel-comeca-com-chuva-de-gols\/","title":{"rendered":"Intermunicipal Sicredi Certel come\u00e7a com &#8220;chuva de gols&#8221;"},"content":{"rendered":"\n<p>O Campeonato Intermunicipal Sicredi Certel 2025 iniciou na tarde chuvosa e de temperatura agrad\u00e1vel deste domingo (9\/3), com quatro grandes jogos nas categorias Aspirantes e Titulares. Grandes elencos montados, dirigentes mobilizados, torcedores a campo e bola na rede deram in\u00edcio a uma competi\u00e7\u00e3o muito equilibrada e cobi\u00e7ada pelos clubes.<\/p>\n\n\n\n<p>Os quatro times que jogaram em casa conseguiram a vit\u00f3ria na categoria Titulares. Destaque para o atual bicampe\u00e3o Canabarrense, que estreou em casa com vit\u00f3ria por 2 a 0. Esperan\u00e7a com uma virada incr\u00edvel, Juventude da Berlim e Po\u00e7o das Antas tamb\u00e9m asseguraram os 3 pontos na abertura da competi\u00e7\u00e3o.<\/p>\n\n\n\n<p>Nos <strong>Aspirantes<\/strong>, Hian do Canabarrense foi o primeiro gol marcado em todo campeonato, aos 15min da primeira etapa, at\u00e9 porque o jogo diante do 11 Amigos foi o primeiro a ter o apito inicial na tarde de domingo. No total, a categoria Aspirantes registrou 17 gols nos quatro jogos disputados, com m\u00e9dia superior a 4 gols por partida.<\/p>\n\n\n\n<p>Na categoria <strong>Titulares<\/strong>, Guina anotou o primeiro gol do campeonato, aos 8min30seg da etapa inicial, para a equipe do Juventude da Berlim: 1 a 0 diante do Ga\u00facho de Teut\u00f4nia. A rodada apresentou 17 gols nas quatro partidas dos Titulares, o que resulta em m\u00e9dia superior a 4 gols por jogo.<\/p>\n\n\n\n<p>Edivan Hammes, presidente do Esperan\u00e7a e dirigente da Acat, falou sobre a import\u00e2ncia de modificar a faixa et\u00e1ria dos Aspirantes, trazendo o Sub-23. &#8220;Acertamos, tem mais pais no campo. \u00c9 um acerto de todos os clubes, teremos bons frutos, porque dependemos da juventude para manter as entidades abertas&#8221;, comenta.<\/p>\n\n\n\n<p><strong>Canabarrense 2&#215;0 11 Amigos<\/strong><br>Aos 26min, Domini tabelou com Foga\u00e7a e recebeu na entrada da \u00e1rea para finalizar forte, o goleiro n\u00e3o conseguiu segurar e o Canabarrense abriu o marcador: 1 a 0. O tricolor bicampe\u00e3o da competi\u00e7\u00e3o ampliou o placar para 2 a 0 aos 29min da segunda etapa, com gol de Igor. Amarelinho teve a chance de ampliar em cobran\u00e7a de p\u00eanalti, mas o goleiro do 11 Amigos defendeu.<\/p>\n\n\n\n<p><strong>Po\u00e7o das Antas 2&#215;1 Atl\u00e9tico Ga\u00facho<\/strong><br>Maicon Benini fez 1 a 0 para o Po\u00e7o das Antas, aos 18min, da etapa inicial. Aos 25min da etapa final, Gabriel Recktenwalt ampliou para o Po\u00e7o das Antas: 2 a 0. Aos 37min, o Atl\u00e9tico Ga\u00facho descontou com Gustavo Silva: 2 a 1.<\/p>\n\n\n\n<p><strong>Juventude-We 3&#215;2 Ga\u00facho<\/strong><br>Guina anotou o primeiro gol do campeonato, aos 8min30seg da etapa inicial, para a equipe do Juventude da Berlim: 1 a 0 diante do Ga\u00facho de Teut\u00f4nia. O Ga\u00facho empatou aos 16min40, ap\u00f3s cruzamento para a \u00e1rea, a bola mansamente caiu na rede. Em cobran\u00e7a de falta, Marquinhos cobrou, o goleiro Matheus tentou tirar, Michel Kenna colocou na rede: 1 a 1. Roger fez 2 a 1 para o Juventude aos 19min30seg da primeira etapa, um belo gol na gaveta em cobran\u00e7a de falta.<br>Mesmo com um a menos, o Juventude ampliou para 3 a 1, com Lucca Menegussi, aos 44min da segunda etapa. O Ga\u00facho descontou logo depois, com gol de Fininho, aos 46min: 3 a 2.<\/p>\n\n\n\n<p><strong>Esperan\u00e7a 5&#215;2 Ouro Verde<\/strong><br>O Ouro Verde abriu a contagem aos 10min da etapa inicial, Bitenca invadiu a \u00e1rea e colocou no canto do goleiro M\u00e1rio: 1 a 0. De p\u00eanalti, Bitenca ampliou o placar para o Ouro Verde, aos 37min da etapa inicial: 2 a 0. O Esperan\u00e7a conseguiu descontar com Rodrigo, convertendo p\u00eanalti sofrido por Vanderlei Pech, aos 46min do primeiro tempo: 2 a 1.<br>O Esperan\u00e7a empatou a partida aos 23min do segundo tempo, com Lagoa, ap\u00f3s grande passe de Kiki. A virada do Verd\u00e3o de Languiru foi aos 25min, com Kiki. O personagem Kiki &#8211; craque do jogo com 20min em campo &#8211; se lesionou para a entrada de \u00cdndio. E o Esperan\u00e7a conseguiu o quarto o gol aos 47min, com gol de \u00cdndio: 4 a 2. E ainda teve tempo para o quinto gol, anotado por Didi, aos 49min, em mais um grande passe de Dullius: 5 a 2.<\/p>\n\n\n\n<div class=\"wp-block-jetpack-slideshow aligncenter\" data-effect=\"slide\"><div class=\"wp-block-jetpack-slideshow_container swiper-container\"><ul class=\"wp-block-jetpack-slideshow_swiper-wrapper swiper-wrapper\"><li class=\"wp-block-jetpack-slideshow_slide swiper-slide\"><figure><img loading=\"lazy\" decoding=\"async\" width=\"1024\" height=\"768\" alt=\"\" class=\"wp-block-jetpack-slideshow_image wp-image-182072\" data-id=\"182072\" src=\"https:\/\/folhapopular.info\/wp-content\/uploads\/2025\/03\/WhatsApp-Image-2025-03-09-at-16.21.10-1-1024x768.jpeg\" srcset=\"https:\/\/folhapopular.info\/wp-content\/uploads\/2025\/03\/WhatsApp-Image-2025-03-09-at-16.21.10-1-1024x768.jpeg 1024w, https:\/\/folhapopular.info\/wp-content\/uploads\/2025\/03\/WhatsApp-Image-2025-03-09-at-16.21.10-1-300x225.jpeg 300w, https:\/\/folhapopular.info\/wp-content\/uploads\/2025\/03\/WhatsApp-Image-2025-03-09-at-16.21.10-1-768x576.jpeg 768w, https:\/\/folhapopular.info\/wp-content\/uploads\/2025\/03\/WhatsApp-Image-2025-03-09-at-16.21.10-1-1536x1152.jpeg 1536w, https:\/\/folhapopular.info\/wp-content\/uploads\/2025\/03\/WhatsApp-Image-2025-03-09-at-16.21.10-1-560x420.jpeg 560w, https:\/\/folhapopular.info\/wp-content\/uploads\/2025\/03\/WhatsApp-Image-2025-03-09-at-16.21.10-1-80x60.jpeg 80w, https:\/\/folhapopular.info\/wp-content\/uploads\/2025\/03\/WhatsApp-Image-2025-03-09-at-16.21.10-1-696x522.jpeg 696w, https:\/\/folhapopular.info\/wp-content\/uploads\/2025\/03\/WhatsApp-Image-2025-03-09-at-16.21.10-1-1068x801.jpeg 1068w, https:\/\/folhapopular.info\/wp-content\/uploads\/2025\/03\/WhatsApp-Image-2025-03-09-at-16.21.10-1.jpeg 1600w\" sizes=\"(max-width: 1024px) 100vw, 1024px\" \/><figcaption class=\"wp-block-jetpack-slideshow_caption gallery-caption\">Titulares do Canabarrense &#8211; Cr\u00e9dito: Vitor dos Santos \/ Especial FP <\/figcaption><\/figure><\/li><li class=\"wp-block-jetpack-slideshow_slide swiper-slide\"><figure><img loading=\"lazy\" decoding=\"async\" width=\"1024\" height=\"768\" alt=\"\" class=\"wp-block-jetpack-slideshow_image wp-image-182073\" data-id=\"182073\" src=\"https:\/\/folhapopular.info\/wp-content\/uploads\/2025\/03\/WhatsApp-Image-2025-03-09-at-16.21.11-1024x768.jpeg\" srcset=\"https:\/\/folhapopular.info\/wp-content\/uploads\/2025\/03\/WhatsApp-Image-2025-03-09-at-16.21.11-1024x768.jpeg 1024w, https:\/\/folhapopular.info\/wp-content\/uploads\/2025\/03\/WhatsApp-Image-2025-03-09-at-16.21.11-300x225.jpeg 300w, https:\/\/folhapopular.info\/wp-content\/uploads\/2025\/03\/WhatsApp-Image-2025-03-09-at-16.21.11-768x576.jpeg 768w, https:\/\/folhapopular.info\/wp-content\/uploads\/2025\/03\/WhatsApp-Image-2025-03-09-at-16.21.11-1536x1152.jpeg 1536w, https:\/\/folhapopular.info\/wp-content\/uploads\/2025\/03\/WhatsApp-Image-2025-03-09-at-16.21.11-560x420.jpeg 560w, https:\/\/folhapopular.info\/wp-content\/uploads\/2025\/03\/WhatsApp-Image-2025-03-09-at-16.21.11-80x60.jpeg 80w, https:\/\/folhapopular.info\/wp-content\/uploads\/2025\/03\/WhatsApp-Image-2025-03-09-at-16.21.11-696x522.jpeg 696w, https:\/\/folhapopular.info\/wp-content\/uploads\/2025\/03\/WhatsApp-Image-2025-03-09-at-16.21.11-1068x801.jpeg 1068w, https:\/\/folhapopular.info\/wp-content\/uploads\/2025\/03\/WhatsApp-Image-2025-03-09-at-16.21.11.jpeg 1600w\" sizes=\"(max-width: 1024px) 100vw, 1024px\" \/><figcaption class=\"wp-block-jetpack-slideshow_caption gallery-caption\">Titulares 11 Amigos &#8211; Cr\u00e9dito: Vitor do Satos \/ Especial FP<\/figcaption><\/figure><\/li><li class=\"wp-block-jetpack-slideshow_slide swiper-slide\"><figure><img loading=\"lazy\" decoding=\"async\" width=\"768\" height=\"1024\" alt=\"\" class=\"wp-block-jetpack-slideshow_image wp-image-182074\" data-id=\"182074\" src=\"https:\/\/folhapopular.info\/wp-content\/uploads\/2025\/03\/Esperanca-Titulares-Bianca-768x1024.jpeg\" srcset=\"https:\/\/folhapopular.info\/wp-content\/uploads\/2025\/03\/Esperanca-Titulares-Bianca-768x1024.jpeg 768w, https:\/\/folhapopular.info\/wp-content\/uploads\/2025\/03\/Esperanca-Titulares-Bianca-225x300.jpeg 225w, https:\/\/folhapopular.info\/wp-content\/uploads\/2025\/03\/Esperanca-Titulares-Bianca-1152x1536.jpeg 1152w, https:\/\/folhapopular.info\/wp-content\/uploads\/2025\/03\/Esperanca-Titulares-Bianca-1536x2048.jpeg 1536w, https:\/\/folhapopular.info\/wp-content\/uploads\/2025\/03\/Esperanca-Titulares-Bianca-315x420.jpeg 315w, https:\/\/folhapopular.info\/wp-content\/uploads\/2025\/03\/Esperanca-Titulares-Bianca-696x928.jpeg 696w, https:\/\/folhapopular.info\/wp-content\/uploads\/2025\/03\/Esperanca-Titulares-Bianca-1068x1424.jpeg 1068w, https:\/\/folhapopular.info\/wp-content\/uploads\/2025\/03\/Esperanca-Titulares-Bianca-scaled.jpeg 1920w\" sizes=\"(max-width: 768px) 100vw, 768px\" \/><figcaption class=\"wp-block-jetpack-slideshow_caption gallery-caption\">Titulares Esperan\u00e7a &#8211; Cr\u00e9dito: Bianca Leticia Fritscher \/ Especial FP<\/figcaption><\/figure><\/li><li class=\"wp-block-jetpack-slideshow_slide swiper-slide\"><figure><img loading=\"lazy\" decoding=\"async\" width=\"768\" height=\"1024\" alt=\"\" class=\"wp-block-jetpack-slideshow_image wp-image-182075\" data-id=\"182075\" src=\"https:\/\/folhapopular.info\/wp-content\/uploads\/2025\/03\/Ouro-Verde-Titulares-Bianca-768x1024.jpeg\" srcset=\"https:\/\/folhapopular.info\/wp-content\/uploads\/2025\/03\/Ouro-Verde-Titulares-Bianca-768x1024.jpeg 768w, https:\/\/folhapopular.info\/wp-content\/uploads\/2025\/03\/Ouro-Verde-Titulares-Bianca-225x300.jpeg 225w, https:\/\/folhapopular.info\/wp-content\/uploads\/2025\/03\/Ouro-Verde-Titulares-Bianca-1152x1536.jpeg 1152w, https:\/\/folhapopular.info\/wp-content\/uploads\/2025\/03\/Ouro-Verde-Titulares-Bianca-1536x2048.jpeg 1536w, https:\/\/folhapopular.info\/wp-content\/uploads\/2025\/03\/Ouro-Verde-Titulares-Bianca-315x420.jpeg 315w, https:\/\/folhapopular.info\/wp-content\/uploads\/2025\/03\/Ouro-Verde-Titulares-Bianca-696x928.jpeg 696w, https:\/\/folhapopular.info\/wp-content\/uploads\/2025\/03\/Ouro-Verde-Titulares-Bianca-1068x1424.jpeg 1068w, https:\/\/folhapopular.info\/wp-content\/uploads\/2025\/03\/Ouro-Verde-Titulares-Bianca-scaled.jpeg 1920w\" sizes=\"(max-width: 768px) 100vw, 768px\" \/><figcaption class=\"wp-block-jetpack-slideshow_caption gallery-caption\">Ouro Verde &#8211; Titulares Cr\u00e9dito: Bianca Let\u00edcia Fritscher \/ Especial FP<\/figcaption><\/figure><\/li><li class=\"wp-block-jetpack-slideshow_slide swiper-slide\"><figure><img loading=\"lazy\" decoding=\"async\" width=\"1024\" height=\"472\" alt=\"\" class=\"wp-block-jetpack-slideshow_image wp-image-182077\" data-id=\"182077\" src=\"https:\/\/folhapopular.info\/wp-content\/uploads\/2025\/03\/Atletico-Gaucho-Titulares-1024x472.jpeg\" srcset=\"https:\/\/folhapopular.info\/wp-content\/uploads\/2025\/03\/Atletico-Gaucho-Titulares-1024x472.jpeg 1024w, https:\/\/folhapopular.info\/wp-content\/uploads\/2025\/03\/Atletico-Gaucho-Titulares-300x138.jpeg 300w, https:\/\/folhapopular.info\/wp-content\/uploads\/2025\/03\/Atletico-Gaucho-Titulares-768x354.jpeg 768w, https:\/\/folhapopular.info\/wp-content\/uploads\/2025\/03\/Atletico-Gaucho-Titulares-1536x708.jpeg 1536w, https:\/\/folhapopular.info\/wp-content\/uploads\/2025\/03\/Atletico-Gaucho-Titulares-911x420.jpeg 911w, https:\/\/folhapopular.info\/wp-content\/uploads\/2025\/03\/Atletico-Gaucho-Titulares-696x321.jpeg 696w, https:\/\/folhapopular.info\/wp-content\/uploads\/2025\/03\/Atletico-Gaucho-Titulares-1068x493.jpeg 1068w, https:\/\/folhapopular.info\/wp-content\/uploads\/2025\/03\/Atletico-Gaucho-Titulares.jpeg 1600w\" sizes=\"(max-width: 1024px) 100vw, 1024px\" \/><figcaption class=\"wp-block-jetpack-slideshow_caption gallery-caption\">Titulares &#8211; Atl\u00e9tico Ga\u00facho &#8211; Cr\u00e9dito: Ketlin Fries \/ Especial FP<\/figcaption><\/figure><\/li><li class=\"wp-block-jetpack-slideshow_slide swiper-slide\"><figure><img loading=\"lazy\" decoding=\"async\" width=\"1024\" height=\"472\" alt=\"\" class=\"wp-block-jetpack-slideshow_image wp-image-182078\" data-id=\"182078\" src=\"https:\/\/folhapopular.info\/wp-content\/uploads\/2025\/03\/Poco-das-Antas-Titulares-1024x472.jpeg\" srcset=\"https:\/\/folhapopular.info\/wp-content\/uploads\/2025\/03\/Poco-das-Antas-Titulares-1024x472.jpeg 1024w, https:\/\/folhapopular.info\/wp-content\/uploads\/2025\/03\/Poco-das-Antas-Titulares-300x138.jpeg 300w, https:\/\/folhapopular.info\/wp-content\/uploads\/2025\/03\/Poco-das-Antas-Titulares-768x354.jpeg 768w, https:\/\/folhapopular.info\/wp-content\/uploads\/2025\/03\/Poco-das-Antas-Titulares-1536x708.jpeg 1536w, https:\/\/folhapopular.info\/wp-content\/uploads\/2025\/03\/Poco-das-Antas-Titulares-911x420.jpeg 911w, https:\/\/folhapopular.info\/wp-content\/uploads\/2025\/03\/Poco-das-Antas-Titulares-696x321.jpeg 696w, https:\/\/folhapopular.info\/wp-content\/uploads\/2025\/03\/Poco-das-Antas-Titulares-1068x493.jpeg 1068w, https:\/\/folhapopular.info\/wp-content\/uploads\/2025\/03\/Poco-das-Antas-Titulares.jpeg 1600w\" sizes=\"(max-width: 1024px) 100vw, 1024px\" \/><figcaption class=\"wp-block-jetpack-slideshow_caption gallery-caption\">Titulares &#8211; Po\u00e7o das Antas &#8211; Cr\u00e9dito: Ketlin Fries \/ Especial FP<\/figcaption><\/figure><\/li><li class=\"wp-block-jetpack-slideshow_slide swiper-slide\"><figure><img loading=\"lazy\" decoding=\"async\" width=\"1024\" height=\"768\" alt=\"\" class=\"wp-block-jetpack-slideshow_image wp-image-182058\" data-id=\"182058\" src=\"https:\/\/folhapopular.info\/wp-content\/uploads\/2025\/03\/WhatsApp-Image-2025-03-09-at-16.27.07-1-1024x768.jpeg\" srcset=\"https:\/\/folhapopular.info\/wp-content\/uploads\/2025\/03\/WhatsApp-Image-2025-03-09-at-16.27.07-1-1024x768.jpeg 1024w, https:\/\/folhapopular.info\/wp-content\/uploads\/2025\/03\/WhatsApp-Image-2025-03-09-at-16.27.07-1-300x225.jpeg 300w, https:\/\/folhapopular.info\/wp-content\/uploads\/2025\/03\/WhatsApp-Image-2025-03-09-at-16.27.07-1-768x576.jpeg 768w, https:\/\/folhapopular.info\/wp-content\/uploads\/2025\/03\/WhatsApp-Image-2025-03-09-at-16.27.07-1-1536x1152.jpeg 1536w, https:\/\/folhapopular.info\/wp-content\/uploads\/2025\/03\/WhatsApp-Image-2025-03-09-at-16.27.07-1-2048x1536.jpeg 2048w, https:\/\/folhapopular.info\/wp-content\/uploads\/2025\/03\/WhatsApp-Image-2025-03-09-at-16.27.07-1-560x420.jpeg 560w, https:\/\/folhapopular.info\/wp-content\/uploads\/2025\/03\/WhatsApp-Image-2025-03-09-at-16.27.07-1-80x60.jpeg 80w, https:\/\/folhapopular.info\/wp-content\/uploads\/2025\/03\/WhatsApp-Image-2025-03-09-at-16.27.07-1-696x522.jpeg 696w, https:\/\/folhapopular.info\/wp-content\/uploads\/2025\/03\/WhatsApp-Image-2025-03-09-at-16.27.07-1-1068x801.jpeg 1068w, https:\/\/folhapopular.info\/wp-content\/uploads\/2025\/03\/WhatsApp-Image-2025-03-09-at-16.27.07-1-1920x1440.jpeg 1920w\" sizes=\"(max-width: 1024px) 100vw, 1024px\" \/><figcaption class=\"wp-block-jetpack-slideshow_caption gallery-caption\">Juventude da Berlim arrancou com vit\u00f3ria \/\/ Cr\u00e9dito: Luis Augusto Huppes<\/figcaption><\/figure><\/li><li class=\"wp-block-jetpack-slideshow_slide swiper-slide\"><figure><img loading=\"lazy\" decoding=\"async\" width=\"1024\" height=\"768\" alt=\"\" class=\"wp-block-jetpack-slideshow_image wp-image-182059\" data-id=\"182059\" src=\"https:\/\/folhapopular.info\/wp-content\/uploads\/2025\/03\/WhatsApp-Image-2025-03-09-at-16.27.07-2-1024x768.jpeg\" srcset=\"https:\/\/folhapopular.info\/wp-content\/uploads\/2025\/03\/WhatsApp-Image-2025-03-09-at-16.27.07-2-1024x768.jpeg 1024w, https:\/\/folhapopular.info\/wp-content\/uploads\/2025\/03\/WhatsApp-Image-2025-03-09-at-16.27.07-2-300x225.jpeg 300w, https:\/\/folhapopular.info\/wp-content\/uploads\/2025\/03\/WhatsApp-Image-2025-03-09-at-16.27.07-2-768x576.jpeg 768w, https:\/\/folhapopular.info\/wp-content\/uploads\/2025\/03\/WhatsApp-Image-2025-03-09-at-16.27.07-2-1536x1152.jpeg 1536w, https:\/\/folhapopular.info\/wp-content\/uploads\/2025\/03\/WhatsApp-Image-2025-03-09-at-16.27.07-2-2048x1536.jpeg 2048w, https:\/\/folhapopular.info\/wp-content\/uploads\/2025\/03\/WhatsApp-Image-2025-03-09-at-16.27.07-2-560x420.jpeg 560w, https:\/\/folhapopular.info\/wp-content\/uploads\/2025\/03\/WhatsApp-Image-2025-03-09-at-16.27.07-2-80x60.jpeg 80w, https:\/\/folhapopular.info\/wp-content\/uploads\/2025\/03\/WhatsApp-Image-2025-03-09-at-16.27.07-2-696x522.jpeg 696w, https:\/\/folhapopular.info\/wp-content\/uploads\/2025\/03\/WhatsApp-Image-2025-03-09-at-16.27.07-2-1068x801.jpeg 1068w, https:\/\/folhapopular.info\/wp-content\/uploads\/2025\/03\/WhatsApp-Image-2025-03-09-at-16.27.07-2-1920x1440.jpeg 1920w\" sizes=\"(max-width: 1024px) 100vw, 1024px\" \/><figcaption class=\"wp-block-jetpack-slideshow_caption gallery-caption\">Ga\u00facho perdeu na retomada das competi\u00e7\u00f5es \/\/ Cr\u00e9dito: Luis Augusto Huppes<\/figcaption><\/figure><\/li><\/ul><a class=\"wp-block-jetpack-slideshow_button-prev swiper-button-prev swiper-button-white\" role=\"button\"><\/a><a class=\"wp-block-jetpack-slideshow_button-next swiper-button-next swiper-button-white\" role=\"button\"><\/a><a aria-label=\"Pause Slideshow\" class=\"wp-block-jetpack-slideshow_button-pause\" role=\"button\"><\/a><div class=\"wp-block-jetpack-slideshow_pagination swiper-pagination swiper-pagination-white\"><\/div><\/div><\/div>\n\n\n\n<h2 class=\"wp-block-heading\"><strong>Aspirantes tamb\u00e9m com 17 gols<\/strong><\/h2>\n\n\n\n<p><strong>Canabarrense 4&#215;0 11 Amigos<\/strong><br>Hian foi o autor do primeiro gol da competi\u00e7\u00e3o, aos 15min, para o Canabarrense: 1 a 0. O in\u00edcio da segunda etapa foi forte pelo tricolor. Aos 7min, Bahia ampliou para 2 a 0, e aos 9min, Jeff fez 3 a 0. Bahia ainda marcou o quarto gol do Canabarrense, aos 25min da etapa final: 4 a 0.<\/p>\n\n\n\n<p><strong>Po\u00e7o das Antas 2&#215;4 Atl\u00e9tico Ga\u00facho<\/strong><br>Aos 9min, Felipe fez 1 a 0 para o Po\u00e7o das Antas. Aos 21min, o Atl\u00e9tico Ga\u00facho empatou com Eduardo: 1 a 1. Pouco depois, aos 26min, Vitor de S\u00e1 converteu p\u00eanalti e virou o placar para o Atl\u00e9tico Ga\u00facho: 2 a 1. Aos 30min, o Po\u00e7o das Antas igualou o escore com Arti\u00e9ris Vin\u00edcius Guindani: 2 a 2. Vitor de S\u00e1 recolocou o Atl\u00e9tico Ga\u00facho em vantagem e garantiu a vit\u00f3ria com dois gols em sequ\u00eancia: 4 a 2.<\/p>\n\n\n\n<p><strong>Esperan\u00e7a 4&#215;1 Ouro Verde<\/strong><br>Aos 30min da primeira etapa, Martins participou da jogada, mas o gol foi dado para Vin\u00edcius (Ouro Verde) contra e abriu o marcador para o Esperan\u00e7a: 1 a 0. Aos 37min da segunda etapa, Artur ampliou para o Esperan\u00e7a: 2 a 0. Rivaldo fez o terceiro e Velasques o quarto do Esperan\u00e7a, enquanto que Davi descontou para o Ouro Verde. Placar final: Esperan\u00e7a 4 x 1 Ouro Verde.<\/p>\n\n\n\n<p><strong>Juventude-We 1&#215;1 Ga\u00facho<\/strong><br>Aos 36min30, o Juventude abriu o marcador com William: 1 a 0. Aos 35min do segundo tempo, Henrique empatou para o Ga\u00facho: 1 a 1, placar final. Yago, do Ga\u00facho, foi escolhido o craque da partida.<\/p>\n\n\n\n<div class=\"wp-block-jetpack-slideshow aligncenter\" data-effect=\"slide\"><div class=\"wp-block-jetpack-slideshow_container swiper-container\"><ul class=\"wp-block-jetpack-slideshow_swiper-wrapper swiper-wrapper\"><li class=\"wp-block-jetpack-slideshow_slide swiper-slide\"><figure><img loading=\"lazy\" decoding=\"async\" width=\"1024\" height=\"768\" alt=\"\" class=\"wp-block-jetpack-slideshow_image wp-image-182086\" data-id=\"182086\" src=\"https:\/\/folhapopular.info\/wp-content\/uploads\/2025\/03\/WhatsApp-Image-2025-03-09-at-16.21.11-1-1024x768.jpeg\" srcset=\"https:\/\/folhapopular.info\/wp-content\/uploads\/2025\/03\/WhatsApp-Image-2025-03-09-at-16.21.11-1-1024x768.jpeg 1024w, https:\/\/folhapopular.info\/wp-content\/uploads\/2025\/03\/WhatsApp-Image-2025-03-09-at-16.21.11-1-300x225.jpeg 300w, https:\/\/folhapopular.info\/wp-content\/uploads\/2025\/03\/WhatsApp-Image-2025-03-09-at-16.21.11-1-768x576.jpeg 768w, https:\/\/folhapopular.info\/wp-content\/uploads\/2025\/03\/WhatsApp-Image-2025-03-09-at-16.21.11-1-1536x1152.jpeg 1536w, https:\/\/folhapopular.info\/wp-content\/uploads\/2025\/03\/WhatsApp-Image-2025-03-09-at-16.21.11-1-560x420.jpeg 560w, https:\/\/folhapopular.info\/wp-content\/uploads\/2025\/03\/WhatsApp-Image-2025-03-09-at-16.21.11-1-80x60.jpeg 80w, https:\/\/folhapopular.info\/wp-content\/uploads\/2025\/03\/WhatsApp-Image-2025-03-09-at-16.21.11-1-696x522.jpeg 696w, https:\/\/folhapopular.info\/wp-content\/uploads\/2025\/03\/WhatsApp-Image-2025-03-09-at-16.21.11-1-1068x801.jpeg 1068w, https:\/\/folhapopular.info\/wp-content\/uploads\/2025\/03\/WhatsApp-Image-2025-03-09-at-16.21.11-1.jpeg 1600w\" sizes=\"(max-width: 1024px) 100vw, 1024px\" \/><figcaption class=\"wp-block-jetpack-slideshow_caption gallery-caption\">Aspirantes &#8211; 11 Amigos &#8211; Cr\u00e9dito: Vitor dos Santos \/ Especial FP<\/figcaption><\/figure><\/li><li class=\"wp-block-jetpack-slideshow_slide swiper-slide\"><figure><img loading=\"lazy\" decoding=\"async\" width=\"1024\" height=\"768\" alt=\"\" class=\"wp-block-jetpack-slideshow_image wp-image-182087\" data-id=\"182087\" src=\"https:\/\/folhapopular.info\/wp-content\/uploads\/2025\/03\/WhatsApp-Image-2025-03-09-at-16.21.10-1024x768.jpeg\" srcset=\"https:\/\/folhapopular.info\/wp-content\/uploads\/2025\/03\/WhatsApp-Image-2025-03-09-at-16.21.10-1024x768.jpeg 1024w, https:\/\/folhapopular.info\/wp-content\/uploads\/2025\/03\/WhatsApp-Image-2025-03-09-at-16.21.10-300x225.jpeg 300w, https:\/\/folhapopular.info\/wp-content\/uploads\/2025\/03\/WhatsApp-Image-2025-03-09-at-16.21.10-768x576.jpeg 768w, https:\/\/folhapopular.info\/wp-content\/uploads\/2025\/03\/WhatsApp-Image-2025-03-09-at-16.21.10-1536x1152.jpeg 1536w, https:\/\/folhapopular.info\/wp-content\/uploads\/2025\/03\/WhatsApp-Image-2025-03-09-at-16.21.10-560x420.jpeg 560w, https:\/\/folhapopular.info\/wp-content\/uploads\/2025\/03\/WhatsApp-Image-2025-03-09-at-16.21.10-80x60.jpeg 80w, https:\/\/folhapopular.info\/wp-content\/uploads\/2025\/03\/WhatsApp-Image-2025-03-09-at-16.21.10-696x522.jpeg 696w, https:\/\/folhapopular.info\/wp-content\/uploads\/2025\/03\/WhatsApp-Image-2025-03-09-at-16.21.10-1068x801.jpeg 1068w, https:\/\/folhapopular.info\/wp-content\/uploads\/2025\/03\/WhatsApp-Image-2025-03-09-at-16.21.10.jpeg 1600w\" sizes=\"(max-width: 1024px) 100vw, 1024px\" \/><figcaption class=\"wp-block-jetpack-slideshow_caption gallery-caption\">Aspirantes &#8211; Canabarrense &#8211; Cr\u00e9dito: Vitor dos Santos \/ Especial FP<\/figcaption><\/figure><\/li><li class=\"wp-block-jetpack-slideshow_slide swiper-slide\"><figure><img loading=\"lazy\" decoding=\"async\" width=\"1024\" height=\"768\" alt=\"\" class=\"wp-block-jetpack-slideshow_image wp-image-182083\" data-id=\"182083\" src=\"https:\/\/folhapopular.info\/wp-content\/uploads\/2025\/03\/Aspirantes-Juventude-1-1024x768.jpeg\" srcset=\"https:\/\/folhapopular.info\/wp-content\/uploads\/2025\/03\/Aspirantes-Juventude-1-1024x768.jpeg 1024w, https:\/\/folhapopular.info\/wp-content\/uploads\/2025\/03\/Aspirantes-Juventude-1-300x225.jpeg 300w, https:\/\/folhapopular.info\/wp-content\/uploads\/2025\/03\/Aspirantes-Juventude-1-768x576.jpeg 768w, https:\/\/folhapopular.info\/wp-content\/uploads\/2025\/03\/Aspirantes-Juventude-1-1536x1152.jpeg 1536w, https:\/\/folhapopular.info\/wp-content\/uploads\/2025\/03\/Aspirantes-Juventude-1-2048x1536.jpeg 2048w, https:\/\/folhapopular.info\/wp-content\/uploads\/2025\/03\/Aspirantes-Juventude-1-560x420.jpeg 560w, https:\/\/folhapopular.info\/wp-content\/uploads\/2025\/03\/Aspirantes-Juventude-1-80x60.jpeg 80w, https:\/\/folhapopular.info\/wp-content\/uploads\/2025\/03\/Aspirantes-Juventude-1-696x522.jpeg 696w, https:\/\/folhapopular.info\/wp-content\/uploads\/2025\/03\/Aspirantes-Juventude-1-1068x801.jpeg 1068w, https:\/\/folhapopular.info\/wp-content\/uploads\/2025\/03\/Aspirantes-Juventude-1-1920x1440.jpeg 1920w\" sizes=\"(max-width: 1024px) 100vw, 1024px\" \/><figcaption class=\"wp-block-jetpack-slideshow_caption gallery-caption\">Aspirantes &#8211; Juventude de Westf\u00e1lia &#8211; Cr\u00e9dito: Luis Augusto Huppes<\/figcaption><\/figure><\/li><li class=\"wp-block-jetpack-slideshow_slide swiper-slide\"><figure><img loading=\"lazy\" decoding=\"async\" width=\"1024\" height=\"768\" alt=\"\" class=\"wp-block-jetpack-slideshow_image wp-image-182082\" data-id=\"182082\" src=\"https:\/\/folhapopular.info\/wp-content\/uploads\/2025\/03\/Aspirantes-Gaucho-1-1024x768.jpeg\" srcset=\"https:\/\/folhapopular.info\/wp-content\/uploads\/2025\/03\/Aspirantes-Gaucho-1-1024x768.jpeg 1024w, https:\/\/folhapopular.info\/wp-content\/uploads\/2025\/03\/Aspirantes-Gaucho-1-300x225.jpeg 300w, https:\/\/folhapopular.info\/wp-content\/uploads\/2025\/03\/Aspirantes-Gaucho-1-768x576.jpeg 768w, https:\/\/folhapopular.info\/wp-content\/uploads\/2025\/03\/Aspirantes-Gaucho-1-1536x1152.jpeg 1536w, https:\/\/folhapopular.info\/wp-content\/uploads\/2025\/03\/Aspirantes-Gaucho-1-2048x1536.jpeg 2048w, https:\/\/folhapopular.info\/wp-content\/uploads\/2025\/03\/Aspirantes-Gaucho-1-560x420.jpeg 560w, https:\/\/folhapopular.info\/wp-content\/uploads\/2025\/03\/Aspirantes-Gaucho-1-80x60.jpeg 80w, https:\/\/folhapopular.info\/wp-content\/uploads\/2025\/03\/Aspirantes-Gaucho-1-696x522.jpeg 696w, https:\/\/folhapopular.info\/wp-content\/uploads\/2025\/03\/Aspirantes-Gaucho-1-1068x801.jpeg 1068w, https:\/\/folhapopular.info\/wp-content\/uploads\/2025\/03\/Aspirantes-Gaucho-1-1920x1440.jpeg 1920w\" sizes=\"(max-width: 1024px) 100vw, 1024px\" \/><figcaption class=\"wp-block-jetpack-slideshow_caption gallery-caption\">Aspirantes &#8211; Ga\u00facho &#8211; Cr\u00e9dito: Luis Augusto Huppes<\/figcaption><\/figure><\/li><\/ul><a class=\"wp-block-jetpack-slideshow_button-prev swiper-button-prev swiper-button-white\" role=\"button\"><\/a><a class=\"wp-block-jetpack-slideshow_button-next swiper-button-next swiper-button-white\" role=\"button\"><\/a><a aria-label=\"Pause Slideshow\" class=\"wp-block-jetpack-slideshow_button-pause\" role=\"button\"><\/a><div class=\"wp-block-jetpack-slideshow_pagination swiper-pagination swiper-pagination-white\"><\/div><\/div><\/div>\n\n\n\n<p><strong>Craques dos Jogos<\/strong><\/p>\n\n\n\n<figure class=\"wp-block-gallery has-nested-images columns-default is-cropped wp-block-gallery-1 is-layout-flex wp-block-gallery-is-layout-flex\">\n<figure class=\"wp-block-image size-large\"><img loading=\"lazy\" decoding=\"async\" width=\"768\" height=\"1024\" data-id=\"182076\" src=\"https:\/\/folhapopular.info\/wp-content\/uploads\/2025\/03\/Dudu-do-Esperanca-craque-dos-Aspirantes-Bianca-1-768x1024.jpeg\" alt=\"\" class=\"wp-image-182076\" srcset=\"https:\/\/folhapopular.info\/wp-content\/uploads\/2025\/03\/Dudu-do-Esperanca-craque-dos-Aspirantes-Bianca-1-768x1024.jpeg 768w, https:\/\/folhapopular.info\/wp-content\/uploads\/2025\/03\/Dudu-do-Esperanca-craque-dos-Aspirantes-Bianca-1-225x300.jpeg 225w, https:\/\/folhapopular.info\/wp-content\/uploads\/2025\/03\/Dudu-do-Esperanca-craque-dos-Aspirantes-Bianca-1-1152x1536.jpeg 1152w, https:\/\/folhapopular.info\/wp-content\/uploads\/2025\/03\/Dudu-do-Esperanca-craque-dos-Aspirantes-Bianca-1-315x420.jpeg 315w, https:\/\/folhapopular.info\/wp-content\/uploads\/2025\/03\/Dudu-do-Esperanca-craque-dos-Aspirantes-Bianca-1-696x928.jpeg 696w, https:\/\/folhapopular.info\/wp-content\/uploads\/2025\/03\/Dudu-do-Esperanca-craque-dos-Aspirantes-Bianca-1-1068x1424.jpeg 1068w, https:\/\/folhapopular.info\/wp-content\/uploads\/2025\/03\/Dudu-do-Esperanca-craque-dos-Aspirantes-Bianca-1.jpeg 1200w\" sizes=\"auto, (max-width: 768px) 100vw, 768px\" \/><figcaption class=\"wp-element-caption\">Dudu, dos Aspirantes do Esperan\u00e7a &#8211; Cr\u00e9dito: Bianca Let\u00edcia Fritscher \/ Especial FP<\/figcaption><\/figure>\n\n\n\n<figure class=\"wp-block-image size-large\"><img loading=\"lazy\" decoding=\"async\" width=\"768\" height=\"1024\" data-id=\"182061\" src=\"https:\/\/folhapopular.info\/wp-content\/uploads\/2025\/03\/Guina-do-Juventude-foi-craque-do-jogo-dos-Titulares-768x1024.jpeg\" alt=\"\" class=\"wp-image-182061\" srcset=\"https:\/\/folhapopular.info\/wp-content\/uploads\/2025\/03\/Guina-do-Juventude-foi-craque-do-jogo-dos-Titulares-768x1024.jpeg 768w, https:\/\/folhapopular.info\/wp-content\/uploads\/2025\/03\/Guina-do-Juventude-foi-craque-do-jogo-dos-Titulares-225x300.jpeg 225w, https:\/\/folhapopular.info\/wp-content\/uploads\/2025\/03\/Guina-do-Juventude-foi-craque-do-jogo-dos-Titulares-1152x1536.jpeg 1152w, https:\/\/folhapopular.info\/wp-content\/uploads\/2025\/03\/Guina-do-Juventude-foi-craque-do-jogo-dos-Titulares-1536x2048.jpeg 1536w, https:\/\/folhapopular.info\/wp-content\/uploads\/2025\/03\/Guina-do-Juventude-foi-craque-do-jogo-dos-Titulares-315x420.jpeg 315w, https:\/\/folhapopular.info\/wp-content\/uploads\/2025\/03\/Guina-do-Juventude-foi-craque-do-jogo-dos-Titulares-696x928.jpeg 696w, https:\/\/folhapopular.info\/wp-content\/uploads\/2025\/03\/Guina-do-Juventude-foi-craque-do-jogo-dos-Titulares-1068x1424.jpeg 1068w, https:\/\/folhapopular.info\/wp-content\/uploads\/2025\/03\/Guina-do-Juventude-foi-craque-do-jogo-dos-Titulares-scaled.jpeg 1920w\" sizes=\"auto, (max-width: 768px) 100vw, 768px\" \/><figcaption class=\"wp-element-caption\">Guina do Juventude foi craque do jogo dos Titulares &#8211; Cr\u00e9dito: Luis Augusto Huppes<\/figcaption><\/figure>\n\n\n\n<figure class=\"wp-block-image size-large\"><img loading=\"lazy\" decoding=\"async\" width=\"768\" height=\"1024\" data-id=\"182062\" src=\"https:\/\/folhapopular.info\/wp-content\/uploads\/2025\/03\/Yago-do-Gaucho-craque-dos-Aspirantes-768x1024.jpeg\" alt=\"\" class=\"wp-image-182062\" srcset=\"https:\/\/folhapopular.info\/wp-content\/uploads\/2025\/03\/Yago-do-Gaucho-craque-dos-Aspirantes-768x1024.jpeg 768w, https:\/\/folhapopular.info\/wp-content\/uploads\/2025\/03\/Yago-do-Gaucho-craque-dos-Aspirantes-225x300.jpeg 225w, https:\/\/folhapopular.info\/wp-content\/uploads\/2025\/03\/Yago-do-Gaucho-craque-dos-Aspirantes-1152x1536.jpeg 1152w, https:\/\/folhapopular.info\/wp-content\/uploads\/2025\/03\/Yago-do-Gaucho-craque-dos-Aspirantes-1536x2048.jpeg 1536w, https:\/\/folhapopular.info\/wp-content\/uploads\/2025\/03\/Yago-do-Gaucho-craque-dos-Aspirantes-315x420.jpeg 315w, https:\/\/folhapopular.info\/wp-content\/uploads\/2025\/03\/Yago-do-Gaucho-craque-dos-Aspirantes-696x928.jpeg 696w, https:\/\/folhapopular.info\/wp-content\/uploads\/2025\/03\/Yago-do-Gaucho-craque-dos-Aspirantes-1068x1424.jpeg 1068w, https:\/\/folhapopular.info\/wp-content\/uploads\/2025\/03\/Yago-do-Gaucho-craque-dos-Aspirantes-scaled.jpeg 1920w\" sizes=\"auto, (max-width: 768px) 100vw, 768px\" \/><figcaption class=\"wp-element-caption\">Yago, do Ga\u00facho, craque dos Aspirantes &#8211; Cr\u00e9dito: Luis Augusto Huppes<\/figcaption><\/figure>\n<\/figure>\n","protected":false},"excerpt":{"rendered":"<p>O Campeonato Intermunicipal Sicredi Certel 2025 iniciou na tarde chuvosa e de temperatura agrad\u00e1vel deste domingo (9\/3), com quatro grandes jogos nas categorias Aspirantes e Titulares. Grandes elencos montados, dirigentes mobilizados, torcedores a campo e bola na rede deram in\u00edcio a uma competi\u00e7\u00e3o muito equilibrada e cobi\u00e7ada pelos clubes. Os quatro times que jogaram em [&hellip;]<\/p>\n","protected":false},"author":7,"featured_media":182057,"comment_status":"open","ping_status":"open","sticky":false,"template":"","format":"standard","meta":{"pmpro_default_level":"","_jetpack_memberships_contains_paid_content":false,"footnotes":""},"categories":[2,5,240,18154],"tags":[17701,40,26,25],"class_list":{"0":"post-182053","1":"post","2":"type-post","3":"status-publish","4":"format-standard","5":"has-post-thumbnail","7":"category-featured","8":"category-esportes","9":"category-futebol-amador","10":"category-intermunicipal-2025","11":"tag-intermunicipal-sicredi-certel-2025","12":"tag-poco-das-antas","13":"tag-teutonia","14":"tag-westfalia","15":"pmpro-has-access"},"yoast_head":"<!-- This site is optimized with the Yoast SEO plugin v27.5 - https:\/\/yoast.com\/product\/yoast-seo-wordpress\/ -->\n<title>Intermunicipal Sicredi Certel come\u00e7a com &quot;chuva de gols&quot; - Folha Popular<\/title>\n<meta name=\"robots\" content=\"index, follow, max-snippet:-1, max-image-preview:large, max-video-preview:-1\" \/>\n<link rel=\"canonical\" href=\"https:\/\/folhapopular.info\/index.php\/2025\/03\/09\/intermunicipal-sicredi-certel-comeca-com-chuva-de-gols\/\" \/>\n<meta property=\"og:locale\" content=\"pt_BR\" \/>\n<meta property=\"og:type\" content=\"article\" \/>\n<meta property=\"og:title\" content=\"Intermunicipal Sicredi Certel come\u00e7a com &quot;chuva de gols&quot; - Folha Popular\" \/>\n<meta property=\"og:description\" content=\"O Campeonato Intermunicipal Sicredi Certel 2025 iniciou na tarde chuvosa e de temperatura agrad\u00e1vel deste domingo (9\/3), com quatro grandes jogos nas categorias Aspirantes e Titulares. Grandes elencos montados, dirigentes mobilizados, torcedores a campo e bola na rede deram in\u00edcio a uma competi\u00e7\u00e3o muito equilibrada e cobi\u00e7ada pelos clubes. Os quatro times que jogaram em [&hellip;]\" \/>\n<meta property=\"og:url\" content=\"https:\/\/folhapopular.info\/index.php\/2025\/03\/09\/intermunicipal-sicredi-certel-comeca-com-chuva-de-gols\/\" \/>\n<meta property=\"og:site_name\" content=\"Folha Popular\" \/>\n<meta property=\"article:published_time\" content=\"2025-03-09T21:47:20+00:00\" \/>\n<meta property=\"article:modified_time\" content=\"2025-03-22T16:37:12+00:00\" \/>\n<meta property=\"og:image\" content=\"http:\/\/folhapopular.info\/wp-content\/uploads\/2025\/03\/WhatsApp-Image-2025-03-09-at-17.29.48-1-scaled-e1741554551338.jpeg\" \/>\n\t<meta property=\"og:image:width\" content=\"1574\" \/>\n\t<meta property=\"og:image:height\" content=\"1105\" \/>\n\t<meta property=\"og:image:type\" content=\"image\/jpeg\" \/>\n<meta name=\"author\" content=\"Lucas Leandro Brune\" \/>\n<meta name=\"twitter:card\" content=\"summary_large_image\" \/>\n<meta name=\"twitter:label1\" content=\"Escrito por\" \/>\n\t<meta name=\"twitter:data1\" content=\"Lucas Leandro Brune\" \/>\n\t<meta name=\"twitter:label2\" content=\"Est. tempo de leitura\" \/>\n\t<meta name=\"twitter:data2\" content=\"10 minutos\" \/>\n<script type=\"application\/ld+json\" class=\"yoast-schema-graph\">{\"@context\":\"https:\\\/\\\/schema.org\",\"@graph\":[{\"@type\":\"Article\",\"@id\":\"https:\\\/\\\/folhapopular.info\\\/index.php\\\/2025\\\/03\\\/09\\\/intermunicipal-sicredi-certel-comeca-com-chuva-de-gols\\\/#article\",\"isPartOf\":{\"@id\":\"https:\\\/\\\/folhapopular.info\\\/index.php\\\/2025\\\/03\\\/09\\\/intermunicipal-sicredi-certel-comeca-com-chuva-de-gols\\\/\"},\"author\":{\"name\":\"Lucas Leandro Brune\",\"@id\":\"https:\\\/\\\/folhapopular.info\\\/#\\\/schema\\\/person\\\/533a15f60cd49e81ab3a90b4ca33cb36\"},\"headline\":\"Intermunicipal Sicredi Certel come\u00e7a com &#8220;chuva de gols&#8221;\",\"datePublished\":\"2025-03-09T21:47:20+00:00\",\"dateModified\":\"2025-03-22T16:37:12+00:00\",\"mainEntityOfPage\":{\"@id\":\"https:\\\/\\\/folhapopular.info\\\/index.php\\\/2025\\\/03\\\/09\\\/intermunicipal-sicredi-certel-comeca-com-chuva-de-gols\\\/\"},\"wordCount\":1116,\"commentCount\":0,\"image\":{\"@id\":\"https:\\\/\\\/folhapopular.info\\\/index.php\\\/2025\\\/03\\\/09\\\/intermunicipal-sicredi-certel-comeca-com-chuva-de-gols\\\/#primaryimage\"},\"thumbnailUrl\":\"https:\\\/\\\/folhapopular.info\\\/wp-content\\\/uploads\\\/2025\\\/03\\\/WhatsApp-Image-2025-03-09-at-17.29.48-1-scaled-e1741554551338.jpeg\",\"keywords\":[\"Intermunicipal Sicredi Certel 2025\",\"Po\u00e7o das Antas\",\"Teut\u00f4nia\",\"Westf\u00e1lia\"],\"articleSection\":[\"Destaques\",\"Esportes\",\"Futebol Amador\",\"Intermunicipal 2025\"],\"inLanguage\":\"pt-BR\",\"potentialAction\":[{\"@type\":\"CommentAction\",\"name\":\"Comment\",\"target\":[\"https:\\\/\\\/folhapopular.info\\\/index.php\\\/2025\\\/03\\\/09\\\/intermunicipal-sicredi-certel-comeca-com-chuva-de-gols\\\/#respond\"]}]},{\"@type\":\"WebPage\",\"@id\":\"https:\\\/\\\/folhapopular.info\\\/index.php\\\/2025\\\/03\\\/09\\\/intermunicipal-sicredi-certel-comeca-com-chuva-de-gols\\\/\",\"url\":\"https:\\\/\\\/folhapopular.info\\\/index.php\\\/2025\\\/03\\\/09\\\/intermunicipal-sicredi-certel-comeca-com-chuva-de-gols\\\/\",\"name\":\"Intermunicipal Sicredi Certel come\u00e7a com \\\"chuva de gols\\\" - Folha Popular\",\"isPartOf\":{\"@id\":\"https:\\\/\\\/folhapopular.info\\\/#website\"},\"primaryImageOfPage\":{\"@id\":\"https:\\\/\\\/folhapopular.info\\\/index.php\\\/2025\\\/03\\\/09\\\/intermunicipal-sicredi-certel-comeca-com-chuva-de-gols\\\/#primaryimage\"},\"image\":{\"@id\":\"https:\\\/\\\/folhapopular.info\\\/index.php\\\/2025\\\/03\\\/09\\\/intermunicipal-sicredi-certel-comeca-com-chuva-de-gols\\\/#primaryimage\"},\"thumbnailUrl\":\"https:\\\/\\\/folhapopular.info\\\/wp-content\\\/uploads\\\/2025\\\/03\\\/WhatsApp-Image-2025-03-09-at-17.29.48-1-scaled-e1741554551338.jpeg\",\"datePublished\":\"2025-03-09T21:47:20+00:00\",\"dateModified\":\"2025-03-22T16:37:12+00:00\",\"author\":{\"@id\":\"https:\\\/\\\/folhapopular.info\\\/#\\\/schema\\\/person\\\/533a15f60cd49e81ab3a90b4ca33cb36\"},\"breadcrumb\":{\"@id\":\"https:\\\/\\\/folhapopular.info\\\/index.php\\\/2025\\\/03\\\/09\\\/intermunicipal-sicredi-certel-comeca-com-chuva-de-gols\\\/#breadcrumb\"},\"inLanguage\":\"pt-BR\",\"potentialAction\":[{\"@type\":\"ReadAction\",\"target\":[\"https:\\\/\\\/folhapopular.info\\\/index.php\\\/2025\\\/03\\\/09\\\/intermunicipal-sicredi-certel-comeca-com-chuva-de-gols\\\/\"]}]},{\"@type\":\"ImageObject\",\"inLanguage\":\"pt-BR\",\"@id\":\"https:\\\/\\\/folhapopular.info\\\/index.php\\\/2025\\\/03\\\/09\\\/intermunicipal-sicredi-certel-comeca-com-chuva-de-gols\\\/#primaryimage\",\"url\":\"https:\\\/\\\/folhapopular.info\\\/wp-content\\\/uploads\\\/2025\\\/03\\\/WhatsApp-Image-2025-03-09-at-17.29.48-1-scaled-e1741554551338.jpeg\",\"contentUrl\":\"https:\\\/\\\/folhapopular.info\\\/wp-content\\\/uploads\\\/2025\\\/03\\\/WhatsApp-Image-2025-03-09-at-17.29.48-1-scaled-e1741554551338.jpeg\",\"width\":1574,\"height\":1105,\"caption\":\"Juventude superou o Ga\u00facho na reestreia do Pav\u00e3o Vermelho no futebol amador \\\/\\\/ Cr\u00e9dito: Luis Augusto Huppes\"},{\"@type\":\"BreadcrumbList\",\"@id\":\"https:\\\/\\\/folhapopular.info\\\/index.php\\\/2025\\\/03\\\/09\\\/intermunicipal-sicredi-certel-comeca-com-chuva-de-gols\\\/#breadcrumb\",\"itemListElement\":[{\"@type\":\"ListItem\",\"position\":1,\"name\":\"In\u00edcio\",\"item\":\"https:\\\/\\\/folhapopular.info\\\/\"},{\"@type\":\"ListItem\",\"position\":2,\"name\":\"Intermunicipal Sicredi Certel come\u00e7a com &#8220;chuva de gols&#8221;\"}]},{\"@type\":\"WebSite\",\"@id\":\"https:\\\/\\\/folhapopular.info\\\/#website\",\"url\":\"https:\\\/\\\/folhapopular.info\\\/\",\"name\":\"Folha Popular\",\"description\":\"Onde voc\u00ea tem vez e voz\",\"potentialAction\":[{\"@type\":\"SearchAction\",\"target\":{\"@type\":\"EntryPoint\",\"urlTemplate\":\"https:\\\/\\\/folhapopular.info\\\/?s={search_term_string}\"},\"query-input\":{\"@type\":\"PropertyValueSpecification\",\"valueRequired\":true,\"valueName\":\"search_term_string\"}}],\"inLanguage\":\"pt-BR\"},{\"@type\":\"Person\",\"@id\":\"https:\\\/\\\/folhapopular.info\\\/#\\\/schema\\\/person\\\/533a15f60cd49e81ab3a90b4ca33cb36\",\"name\":\"Lucas Leandro Brune\",\"image\":{\"@type\":\"ImageObject\",\"inLanguage\":\"pt-BR\",\"@id\":\"https:\\\/\\\/folhapopular.info\\\/wp-content\\\/uploads\\\/2026\\\/04\\\/LUCAS-1-1.webp\",\"url\":\"https:\\\/\\\/folhapopular.info\\\/wp-content\\\/uploads\\\/2026\\\/04\\\/LUCAS-1-1.webp\",\"contentUrl\":\"https:\\\/\\\/folhapopular.info\\\/wp-content\\\/uploads\\\/2026\\\/04\\\/LUCAS-1-1.webp\",\"caption\":\"Lucas Leandro Brune\"},\"description\":\"Jornalista Profissional Diplomado MTB\\\/RS 14.333\",\"url\":\"https:\\\/\\\/folhapopular.info\\\/index.php\\\/author\\\/lucas-brune\\\/\"}]}<\/script>\n<!-- \/ Yoast SEO plugin. -->","yoast_head_json":{"title":"Intermunicipal Sicredi Certel come\u00e7a com \"chuva de gols\" - Folha Popular","robots":{"index":"index","follow":"follow","max-snippet":"max-snippet:-1","max-image-preview":"max-image-preview:large","max-video-preview":"max-video-preview:-1"},"canonical":"https:\/\/folhapopular.info\/index.php\/2025\/03\/09\/intermunicipal-sicredi-certel-comeca-com-chuva-de-gols\/","og_locale":"pt_BR","og_type":"article","og_title":"Intermunicipal Sicredi Certel come\u00e7a com \"chuva de gols\" - Folha Popular","og_description":"O Campeonato Intermunicipal Sicredi Certel 2025 iniciou na tarde chuvosa e de temperatura agrad\u00e1vel deste domingo (9\/3), com quatro grandes jogos nas categorias Aspirantes e Titulares. Grandes elencos montados, dirigentes mobilizados, torcedores a campo e bola na rede deram in\u00edcio a uma competi\u00e7\u00e3o muito equilibrada e cobi\u00e7ada pelos clubes. Os quatro times que jogaram em [&hellip;]","og_url":"https:\/\/folhapopular.info\/index.php\/2025\/03\/09\/intermunicipal-sicredi-certel-comeca-com-chuva-de-gols\/","og_site_name":"Folha Popular","article_published_time":"2025-03-09T21:47:20+00:00","article_modified_time":"2025-03-22T16:37:12+00:00","og_image":[{"width":1574,"height":1105,"url":"http:\/\/folhapopular.info\/wp-content\/uploads\/2025\/03\/WhatsApp-Image-2025-03-09-at-17.29.48-1-scaled-e1741554551338.jpeg","type":"image\/jpeg"}],"author":"Lucas Leandro Brune","twitter_card":"summary_large_image","twitter_misc":{"Escrito por":"Lucas Leandro Brune","Est. tempo de leitura":"10 minutos"},"schema":{"@context":"https:\/\/schema.org","@graph":[{"@type":"Article","@id":"https:\/\/folhapopular.info\/index.php\/2025\/03\/09\/intermunicipal-sicredi-certel-comeca-com-chuva-de-gols\/#article","isPartOf":{"@id":"https:\/\/folhapopular.info\/index.php\/2025\/03\/09\/intermunicipal-sicredi-certel-comeca-com-chuva-de-gols\/"},"author":{"name":"Lucas Leandro Brune","@id":"https:\/\/folhapopular.info\/#\/schema\/person\/533a15f60cd49e81ab3a90b4ca33cb36"},"headline":"Intermunicipal Sicredi Certel come\u00e7a com &#8220;chuva de gols&#8221;","datePublished":"2025-03-09T21:47:20+00:00","dateModified":"2025-03-22T16:37:12+00:00","mainEntityOfPage":{"@id":"https:\/\/folhapopular.info\/index.php\/2025\/03\/09\/intermunicipal-sicredi-certel-comeca-com-chuva-de-gols\/"},"wordCount":1116,"commentCount":0,"image":{"@id":"https:\/\/folhapopular.info\/index.php\/2025\/03\/09\/intermunicipal-sicredi-certel-comeca-com-chuva-de-gols\/#primaryimage"},"thumbnailUrl":"https:\/\/folhapopular.info\/wp-content\/uploads\/2025\/03\/WhatsApp-Image-2025-03-09-at-17.29.48-1-scaled-e1741554551338.jpeg","keywords":["Intermunicipal Sicredi Certel 2025","Po\u00e7o das Antas","Teut\u00f4nia","Westf\u00e1lia"],"articleSection":["Destaques","Esportes","Futebol Amador","Intermunicipal 2025"],"inLanguage":"pt-BR","potentialAction":[{"@type":"CommentAction","name":"Comment","target":["https:\/\/folhapopular.info\/index.php\/2025\/03\/09\/intermunicipal-sicredi-certel-comeca-com-chuva-de-gols\/#respond"]}]},{"@type":"WebPage","@id":"https:\/\/folhapopular.info\/index.php\/2025\/03\/09\/intermunicipal-sicredi-certel-comeca-com-chuva-de-gols\/","url":"https:\/\/folhapopular.info\/index.php\/2025\/03\/09\/intermunicipal-sicredi-certel-comeca-com-chuva-de-gols\/","name":"Intermunicipal Sicredi Certel come\u00e7a com \"chuva de gols\" - Folha Popular","isPartOf":{"@id":"https:\/\/folhapopular.info\/#website"},"primaryImageOfPage":{"@id":"https:\/\/folhapopular.info\/index.php\/2025\/03\/09\/intermunicipal-sicredi-certel-comeca-com-chuva-de-gols\/#primaryimage"},"image":{"@id":"https:\/\/folhapopular.info\/index.php\/2025\/03\/09\/intermunicipal-sicredi-certel-comeca-com-chuva-de-gols\/#primaryimage"},"thumbnailUrl":"https:\/\/folhapopular.info\/wp-content\/uploads\/2025\/03\/WhatsApp-Image-2025-03-09-at-17.29.48-1-scaled-e1741554551338.jpeg","datePublished":"2025-03-09T21:47:20+00:00","dateModified":"2025-03-22T16:37:12+00:00","author":{"@id":"https:\/\/folhapopular.info\/#\/schema\/person\/533a15f60cd49e81ab3a90b4ca33cb36"},"breadcrumb":{"@id":"https:\/\/folhapopular.info\/index.php\/2025\/03\/09\/intermunicipal-sicredi-certel-comeca-com-chuva-de-gols\/#breadcrumb"},"inLanguage":"pt-BR","potentialAction":[{"@type":"ReadAction","target":["https:\/\/folhapopular.info\/index.php\/2025\/03\/09\/intermunicipal-sicredi-certel-comeca-com-chuva-de-gols\/"]}]},{"@type":"ImageObject","inLanguage":"pt-BR","@id":"https:\/\/folhapopular.info\/index.php\/2025\/03\/09\/intermunicipal-sicredi-certel-comeca-com-chuva-de-gols\/#primaryimage","url":"https:\/\/folhapopular.info\/wp-content\/uploads\/2025\/03\/WhatsApp-Image-2025-03-09-at-17.29.48-1-scaled-e1741554551338.jpeg","contentUrl":"https:\/\/folhapopular.info\/wp-content\/uploads\/2025\/03\/WhatsApp-Image-2025-03-09-at-17.29.48-1-scaled-e1741554551338.jpeg","width":1574,"height":1105,"caption":"Juventude superou o Ga\u00facho na reestreia do Pav\u00e3o Vermelho no futebol amador \/\/ Cr\u00e9dito: Luis Augusto Huppes"},{"@type":"BreadcrumbList","@id":"https:\/\/folhapopular.info\/index.php\/2025\/03\/09\/intermunicipal-sicredi-certel-comeca-com-chuva-de-gols\/#breadcrumb","itemListElement":[{"@type":"ListItem","position":1,"name":"In\u00edcio","item":"https:\/\/folhapopular.info\/"},{"@type":"ListItem","position":2,"name":"Intermunicipal Sicredi Certel come\u00e7a com &#8220;chuva de gols&#8221;"}]},{"@type":"WebSite","@id":"https:\/\/folhapopular.info\/#website","url":"https:\/\/folhapopular.info\/","name":"Folha Popular","description":"Onde voc\u00ea tem vez e voz","potentialAction":[{"@type":"SearchAction","target":{"@type":"EntryPoint","urlTemplate":"https:\/\/folhapopular.info\/?s={search_term_string}"},"query-input":{"@type":"PropertyValueSpecification","valueRequired":true,"valueName":"search_term_string"}}],"inLanguage":"pt-BR"},{"@type":"Person","@id":"https:\/\/folhapopular.info\/#\/schema\/person\/533a15f60cd49e81ab3a90b4ca33cb36","name":"Lucas Leandro Brune","image":{"@type":"ImageObject","inLanguage":"pt-BR","@id":"https:\/\/folhapopular.info\/wp-content\/uploads\/2026\/04\/LUCAS-1-1.webp","url":"https:\/\/folhapopular.info\/wp-content\/uploads\/2026\/04\/LUCAS-1-1.webp","contentUrl":"https:\/\/folhapopular.info\/wp-content\/uploads\/2026\/04\/LUCAS-1-1.webp","caption":"Lucas Leandro Brune"},"description":"Jornalista Profissional Diplomado MTB\/RS 14.333","url":"https:\/\/folhapopular.info\/index.php\/author\/lucas-brune\/"}]}},"jetpack_featured_media_url":"https:\/\/folhapopular.info\/wp-content\/uploads\/2025\/03\/WhatsApp-Image-2025-03-09-at-17.29.48-1-scaled-e1741554551338.jpeg","jetpack_sharing_enabled":true,"amp_enabled":true,"_links":{"self":[{"href":"https:\/\/folhapopular.info\/index.php\/wp-json\/wp\/v2\/posts\/182053","targetHints":{"allow":["GET"]}}],"collection":[{"href":"https:\/\/folhapopular.info\/index.php\/wp-json\/wp\/v2\/posts"}],"about":[{"href":"https:\/\/folhapopular.info\/index.php\/wp-json\/wp\/v2\/types\/post"}],"author":[{"embeddable":true,"href":"https:\/\/folhapopular.info\/index.php\/wp-json\/wp\/v2\/users\/7"}],"replies":[{"embeddable":true,"href":"https:\/\/folhapopular.info\/index.php\/wp-json\/wp\/v2\/comments?post=182053"}],"version-history":[{"count":0,"href":"https:\/\/folhapopular.info\/index.php\/wp-json\/wp\/v2\/posts\/182053\/revisions"}],"wp:featuredmedia":[{"embeddable":true,"href":"https:\/\/folhapopular.info\/index.php\/wp-json\/wp\/v2\/media\/182057"}],"wp:attachment":[{"href":"https:\/\/folhapopular.info\/index.php\/wp-json\/wp\/v2\/media?parent=182053"}],"wp:term":[{"taxonomy":"category","embeddable":true,"href":"https:\/\/folhapopular.info\/index.php\/wp-json\/wp\/v2\/categories?post=182053"},{"taxonomy":"post_tag","embeddable":true,"href":"https:\/\/folhapopular.info\/index.php\/wp-json\/wp\/v2\/tags?post=182053"}],"curies":[{"name":"wp","href":"https:\/\/api.w.org\/{rel}","templated":true}]}}