{"id":182168,"date":"2025-03-11T08:35:31","date_gmt":"2025-03-11T11:35:31","guid":{"rendered":"https:\/\/folhapopular.info\/?p=182168"},"modified":"2025-03-11T14:16:19","modified_gmt":"2025-03-11T17:16:19","slug":"feira-do-produtor-de-roca-sales-retorna-apos-um-ano-e-meio","status":"publish","type":"post","link":"https:\/\/folhapopular.info\/index.php\/2025\/03\/11\/feira-do-produtor-de-roca-sales-retorna-apos-um-ano-e-meio\/","title":{"rendered":"Feira do Produtor de Roca Sales retorna ap\u00f3s um ano e meio"},"content":{"rendered":"\n<p>No s\u00e1bado (8\/3), a Feira do Produtor de Roca Sales voltou a ser realizada ap\u00f3s um ano e meio. O evento aconteceu na Pra\u00e7a J\u00falio Lengler, e reunindo produtores e artes\u00e3os, proporcionando \u00e0 comunidade a oportunidade de adquirir produtos locais diretamente.<\/p>\n\n\n\n<p>A retomada da feira foi recebida com entusiasmo tanto pelos feirantes quanto pelos consumidores, que puderam encontrar uma variedade de produtos frescos e de qualidade. Al\u00e9m de incentivar a economia local, a feira fortalece o v\u00ednculo entre produtores e clientes, promovendo o consumo consciente e sustent\u00e1vel.<\/p>\n\n\n\n<p>De agora em diante, as feiras ser\u00e3o realizadas todos os s\u00e1bados, a partir das 8h. Al\u00e9m disso, haver\u00e1 edi\u00e7\u00f5es especiais ao longo do ano. A expectativa \u00e9 de que o n\u00famero de produtores aumente, pois novos expositores j\u00e1 se inscreveram para ampliar a variedade de produtos dispon\u00edveis.<\/p>\n\n\n\n<p>A reabertura teve a presen\u00e7a de autoridades locais, incluindo vereadores, servidores p\u00fablicos, o prefeito Jones e Vice Henrique Pivatto, que prestigiaram o evento e destacaram a import\u00e2ncia da feira para o fortalecimento da economia e da comunidade local. Tamb\u00e9m estiveram presentes o presidente do Sindicato dos Trabalhadores Rurais (STR), Gilmar Bernstein, e o Sicredi, que ofereceu brindes especiais em homenagem ao Dia da Mulher.<\/p>\n\n\n\n<p>Para aqueles que desejam participar como expositores, \u00e9 necess\u00e1rio realizar a inscri\u00e7\u00e3o no Escrit\u00f3rio Municipal da Emater. Durante a inscri\u00e7\u00e3o, os interessados devem informar suas necessidades espec\u00edficas para a organiza\u00e7\u00e3o do ponto de venda e fornecer uma descri\u00e7\u00e3o b\u00e1sica dos produtos que ser\u00e3o comercializados.<\/p>\n\n\n\n<p>D\u00favidas, mais informa\u00e7\u00f5es ou agendamentos podem ser feitos pelo telefone: (51) 9 9825 8498.<\/p>\n","protected":false},"excerpt":{"rendered":"<p>No s\u00e1bado (8\/3), a Feira do Produtor de Roca Sales voltou a ser realizada ap\u00f3s um ano e meio. O evento aconteceu na Pra\u00e7a J\u00falio Lengler, e reunindo produtores e artes\u00e3os, proporcionando \u00e0 comunidade a oportunidade de adquirir produtos locais diretamente. A retomada da feira foi recebida com entusiasmo tanto pelos feirantes quanto pelos consumidores, [&hellip;]<\/p>\n","protected":false},"author":8,"featured_media":182169,"comment_status":"open","ping_status":"open","sticky":false,"template":"","format":"standard","meta":{"pmpro_default_level":"","_jetpack_memberships_contains_paid_content":false,"footnotes":""},"categories":[10991,10994],"tags":[890,4101,707,11027],"class_list":{"0":"post-182168","1":"post","2":"type-post","3":"status-publish","4":"format-standard","5":"has-post-thumbnail","7":"category-economia","8":"category-rural","9":"tag-feira-do-produtor","10":"tag-produtores","11":"tag-roca-sales","12":"tag-rural","13":"pmpro-has-access"},"yoast_head":"<!-- This site is optimized with the Yoast SEO plugin v27.5 - https:\/\/yoast.com\/product\/yoast-seo-wordpress\/ -->\n<title>Feira do Produtor de Roca Sales retorna ap\u00f3s um ano e meio - Folha Popular<\/title>\n<meta name=\"robots\" content=\"index, follow, max-snippet:-1, max-image-preview:large, max-video-preview:-1\" \/>\n<link rel=\"canonical\" href=\"https:\/\/folhapopular.info\/index.php\/2025\/03\/11\/feira-do-produtor-de-roca-sales-retorna-apos-um-ano-e-meio\/\" \/>\n<meta property=\"og:locale\" content=\"pt_BR\" \/>\n<meta property=\"og:type\" content=\"article\" \/>\n<meta property=\"og:title\" content=\"Feira do Produtor de Roca Sales retorna ap\u00f3s um ano e meio - Folha Popular\" \/>\n<meta property=\"og:description\" content=\"No s\u00e1bado (8\/3), a Feira do Produtor de Roca Sales voltou a ser realizada ap\u00f3s um ano e meio. O evento aconteceu na Pra\u00e7a J\u00falio Lengler, e reunindo produtores e artes\u00e3os, proporcionando \u00e0 comunidade a oportunidade de adquirir produtos locais diretamente. A retomada da feira foi recebida com entusiasmo tanto pelos feirantes quanto pelos consumidores, [&hellip;]\" \/>\n<meta property=\"og:url\" content=\"https:\/\/folhapopular.info\/index.php\/2025\/03\/11\/feira-do-produtor-de-roca-sales-retorna-apos-um-ano-e-meio\/\" \/>\n<meta property=\"og:site_name\" content=\"Folha Popular\" \/>\n<meta property=\"article:published_time\" content=\"2025-03-11T11:35:31+00:00\" \/>\n<meta property=\"article:modified_time\" content=\"2025-03-11T17:16:19+00:00\" \/>\n<meta property=\"og:image\" content=\"http:\/\/folhapopular.info\/wp-content\/uploads\/2025\/03\/WhatsApp-Image-2025-03-11-at-08.18.04.jpeg\" \/>\n\t<meta property=\"og:image:width\" content=\"1600\" \/>\n\t<meta property=\"og:image:height\" content=\"1200\" \/>\n\t<meta property=\"og:image:type\" content=\"image\/jpeg\" \/>\n<meta name=\"author\" content=\"Reda\u00e7\u00e3o Folha Popular\" \/>\n<meta name=\"twitter:card\" content=\"summary_large_image\" \/>\n<meta name=\"twitter:label1\" content=\"Escrito por\" \/>\n\t<meta name=\"twitter:data1\" content=\"Reda\u00e7\u00e3o Folha Popular\" \/>\n\t<meta name=\"twitter:label2\" content=\"Est. tempo de leitura\" \/>\n\t<meta name=\"twitter:data2\" content=\"2 minutos\" \/>\n<script type=\"application\/ld+json\" class=\"yoast-schema-graph\">{\"@context\":\"https:\\\/\\\/schema.org\",\"@graph\":[{\"@type\":\"Article\",\"@id\":\"https:\\\/\\\/folhapopular.info\\\/index.php\\\/2025\\\/03\\\/11\\\/feira-do-produtor-de-roca-sales-retorna-apos-um-ano-e-meio\\\/#article\",\"isPartOf\":{\"@id\":\"https:\\\/\\\/folhapopular.info\\\/index.php\\\/2025\\\/03\\\/11\\\/feira-do-produtor-de-roca-sales-retorna-apos-um-ano-e-meio\\\/\"},\"author\":{\"name\":\"Reda\u00e7\u00e3o Folha Popular\",\"@id\":\"https:\\\/\\\/folhapopular.info\\\/#\\\/schema\\\/person\\\/2814e8a0df7643585a9ca38bc6eb9d4b\"},\"headline\":\"Feira do Produtor de Roca Sales retorna ap\u00f3s um ano e meio\",\"datePublished\":\"2025-03-11T11:35:31+00:00\",\"dateModified\":\"2025-03-11T17:16:19+00:00\",\"mainEntityOfPage\":{\"@id\":\"https:\\\/\\\/folhapopular.info\\\/index.php\\\/2025\\\/03\\\/11\\\/feira-do-produtor-de-roca-sales-retorna-apos-um-ano-e-meio\\\/\"},\"wordCount\":290,\"commentCount\":0,\"image\":{\"@id\":\"https:\\\/\\\/folhapopular.info\\\/index.php\\\/2025\\\/03\\\/11\\\/feira-do-produtor-de-roca-sales-retorna-apos-um-ano-e-meio\\\/#primaryimage\"},\"thumbnailUrl\":\"https:\\\/\\\/folhapopular.info\\\/wp-content\\\/uploads\\\/2025\\\/03\\\/WhatsApp-Image-2025-03-11-at-08.18.04.jpeg\",\"keywords\":[\"Feira do Produtor\",\"Produtores\",\"Roca Sales\",\"rural\"],\"articleSection\":[\"Economia\",\"Rural\"],\"inLanguage\":\"pt-BR\",\"potentialAction\":[{\"@type\":\"CommentAction\",\"name\":\"Comment\",\"target\":[\"https:\\\/\\\/folhapopular.info\\\/index.php\\\/2025\\\/03\\\/11\\\/feira-do-produtor-de-roca-sales-retorna-apos-um-ano-e-meio\\\/#respond\"]}]},{\"@type\":\"WebPage\",\"@id\":\"https:\\\/\\\/folhapopular.info\\\/index.php\\\/2025\\\/03\\\/11\\\/feira-do-produtor-de-roca-sales-retorna-apos-um-ano-e-meio\\\/\",\"url\":\"https:\\\/\\\/folhapopular.info\\\/index.php\\\/2025\\\/03\\\/11\\\/feira-do-produtor-de-roca-sales-retorna-apos-um-ano-e-meio\\\/\",\"name\":\"Feira do Produtor de Roca Sales retorna ap\u00f3s um ano e meio - Folha Popular\",\"isPartOf\":{\"@id\":\"https:\\\/\\\/folhapopular.info\\\/#website\"},\"primaryImageOfPage\":{\"@id\":\"https:\\\/\\\/folhapopular.info\\\/index.php\\\/2025\\\/03\\\/11\\\/feira-do-produtor-de-roca-sales-retorna-apos-um-ano-e-meio\\\/#primaryimage\"},\"image\":{\"@id\":\"https:\\\/\\\/folhapopular.info\\\/index.php\\\/2025\\\/03\\\/11\\\/feira-do-produtor-de-roca-sales-retorna-apos-um-ano-e-meio\\\/#primaryimage\"},\"thumbnailUrl\":\"https:\\\/\\\/folhapopular.info\\\/wp-content\\\/uploads\\\/2025\\\/03\\\/WhatsApp-Image-2025-03-11-at-08.18.04.jpeg\",\"datePublished\":\"2025-03-11T11:35:31+00:00\",\"dateModified\":\"2025-03-11T17:16:19+00:00\",\"author\":{\"@id\":\"https:\\\/\\\/folhapopular.info\\\/#\\\/schema\\\/person\\\/2814e8a0df7643585a9ca38bc6eb9d4b\"},\"breadcrumb\":{\"@id\":\"https:\\\/\\\/folhapopular.info\\\/index.php\\\/2025\\\/03\\\/11\\\/feira-do-produtor-de-roca-sales-retorna-apos-um-ano-e-meio\\\/#breadcrumb\"},\"inLanguage\":\"pt-BR\",\"potentialAction\":[{\"@type\":\"ReadAction\",\"target\":[\"https:\\\/\\\/folhapopular.info\\\/index.php\\\/2025\\\/03\\\/11\\\/feira-do-produtor-de-roca-sales-retorna-apos-um-ano-e-meio\\\/\"]}]},{\"@type\":\"ImageObject\",\"inLanguage\":\"pt-BR\",\"@id\":\"https:\\\/\\\/folhapopular.info\\\/index.php\\\/2025\\\/03\\\/11\\\/feira-do-produtor-de-roca-sales-retorna-apos-um-ano-e-meio\\\/#primaryimage\",\"url\":\"https:\\\/\\\/folhapopular.info\\\/wp-content\\\/uploads\\\/2025\\\/03\\\/WhatsApp-Image-2025-03-11-at-08.18.04.jpeg\",\"contentUrl\":\"https:\\\/\\\/folhapopular.info\\\/wp-content\\\/uploads\\\/2025\\\/03\\\/WhatsApp-Image-2025-03-11-at-08.18.04.jpeg\",\"width\":1600,\"height\":1200,\"caption\":\"Cr\u00e9dito: Divulga\u00e7\u00e3o\"},{\"@type\":\"BreadcrumbList\",\"@id\":\"https:\\\/\\\/folhapopular.info\\\/index.php\\\/2025\\\/03\\\/11\\\/feira-do-produtor-de-roca-sales-retorna-apos-um-ano-e-meio\\\/#breadcrumb\",\"itemListElement\":[{\"@type\":\"ListItem\",\"position\":1,\"name\":\"In\u00edcio\",\"item\":\"https:\\\/\\\/folhapopular.info\\\/\"},{\"@type\":\"ListItem\",\"position\":2,\"name\":\"Feira do Produtor de Roca Sales retorna ap\u00f3s um ano e meio\"}]},{\"@type\":\"WebSite\",\"@id\":\"https:\\\/\\\/folhapopular.info\\\/#website\",\"url\":\"https:\\\/\\\/folhapopular.info\\\/\",\"name\":\"Folha Popular\",\"description\":\"Onde voc\u00ea tem vez e voz\",\"potentialAction\":[{\"@type\":\"SearchAction\",\"target\":{\"@type\":\"EntryPoint\",\"urlTemplate\":\"https:\\\/\\\/folhapopular.info\\\/?s={search_term_string}\"},\"query-input\":{\"@type\":\"PropertyValueSpecification\",\"valueRequired\":true,\"valueName\":\"search_term_string\"}}],\"inLanguage\":\"pt-BR\"},{\"@type\":\"Person\",\"@id\":\"https:\\\/\\\/folhapopular.info\\\/#\\\/schema\\\/person\\\/2814e8a0df7643585a9ca38bc6eb9d4b\",\"name\":\"Reda\u00e7\u00e3o Folha Popular\",\"image\":{\"@type\":\"ImageObject\",\"inLanguage\":\"pt-BR\",\"@id\":\"https:\\\/\\\/folhapopular.info\\\/wp-content\\\/uploads\\\/2026\\\/04\\\/Folha-1.webp\",\"url\":\"https:\\\/\\\/folhapopular.info\\\/wp-content\\\/uploads\\\/2026\\\/04\\\/Folha-1.webp\",\"contentUrl\":\"https:\\\/\\\/folhapopular.info\\\/wp-content\\\/uploads\\\/2026\\\/04\\\/Folha-1.webp\",\"caption\":\"Reda\u00e7\u00e3o Folha Popular\"},\"url\":\"https:\\\/\\\/folhapopular.info\\\/index.php\\\/author\\\/redacao\\\/\"}]}<\/script>\n<!-- \/ Yoast SEO plugin. -->","yoast_head_json":{"title":"Feira do Produtor de Roca Sales retorna ap\u00f3s um ano e meio - Folha Popular","robots":{"index":"index","follow":"follow","max-snippet":"max-snippet:-1","max-image-preview":"max-image-preview:large","max-video-preview":"max-video-preview:-1"},"canonical":"https:\/\/folhapopular.info\/index.php\/2025\/03\/11\/feira-do-produtor-de-roca-sales-retorna-apos-um-ano-e-meio\/","og_locale":"pt_BR","og_type":"article","og_title":"Feira do Produtor de Roca Sales retorna ap\u00f3s um ano e meio - Folha Popular","og_description":"No s\u00e1bado (8\/3), a Feira do Produtor de Roca Sales voltou a ser realizada ap\u00f3s um ano e meio. O evento aconteceu na Pra\u00e7a J\u00falio Lengler, e reunindo produtores e artes\u00e3os, proporcionando \u00e0 comunidade a oportunidade de adquirir produtos locais diretamente. A retomada da feira foi recebida com entusiasmo tanto pelos feirantes quanto pelos consumidores, [&hellip;]","og_url":"https:\/\/folhapopular.info\/index.php\/2025\/03\/11\/feira-do-produtor-de-roca-sales-retorna-apos-um-ano-e-meio\/","og_site_name":"Folha Popular","article_published_time":"2025-03-11T11:35:31+00:00","article_modified_time":"2025-03-11T17:16:19+00:00","og_image":[{"width":1600,"height":1200,"url":"http:\/\/folhapopular.info\/wp-content\/uploads\/2025\/03\/WhatsApp-Image-2025-03-11-at-08.18.04.jpeg","type":"image\/jpeg"}],"author":"Reda\u00e7\u00e3o Folha Popular","twitter_card":"summary_large_image","twitter_misc":{"Escrito por":"Reda\u00e7\u00e3o Folha Popular","Est. tempo de leitura":"2 minutos"},"schema":{"@context":"https:\/\/schema.org","@graph":[{"@type":"Article","@id":"https:\/\/folhapopular.info\/index.php\/2025\/03\/11\/feira-do-produtor-de-roca-sales-retorna-apos-um-ano-e-meio\/#article","isPartOf":{"@id":"https:\/\/folhapopular.info\/index.php\/2025\/03\/11\/feira-do-produtor-de-roca-sales-retorna-apos-um-ano-e-meio\/"},"author":{"name":"Reda\u00e7\u00e3o Folha Popular","@id":"https:\/\/folhapopular.info\/#\/schema\/person\/2814e8a0df7643585a9ca38bc6eb9d4b"},"headline":"Feira do Produtor de Roca Sales retorna ap\u00f3s um ano e meio","datePublished":"2025-03-11T11:35:31+00:00","dateModified":"2025-03-11T17:16:19+00:00","mainEntityOfPage":{"@id":"https:\/\/folhapopular.info\/index.php\/2025\/03\/11\/feira-do-produtor-de-roca-sales-retorna-apos-um-ano-e-meio\/"},"wordCount":290,"commentCount":0,"image":{"@id":"https:\/\/folhapopular.info\/index.php\/2025\/03\/11\/feira-do-produtor-de-roca-sales-retorna-apos-um-ano-e-meio\/#primaryimage"},"thumbnailUrl":"https:\/\/folhapopular.info\/wp-content\/uploads\/2025\/03\/WhatsApp-Image-2025-03-11-at-08.18.04.jpeg","keywords":["Feira do Produtor","Produtores","Roca Sales","rural"],"articleSection":["Economia","Rural"],"inLanguage":"pt-BR","potentialAction":[{"@type":"CommentAction","name":"Comment","target":["https:\/\/folhapopular.info\/index.php\/2025\/03\/11\/feira-do-produtor-de-roca-sales-retorna-apos-um-ano-e-meio\/#respond"]}]},{"@type":"WebPage","@id":"https:\/\/folhapopular.info\/index.php\/2025\/03\/11\/feira-do-produtor-de-roca-sales-retorna-apos-um-ano-e-meio\/","url":"https:\/\/folhapopular.info\/index.php\/2025\/03\/11\/feira-do-produtor-de-roca-sales-retorna-apos-um-ano-e-meio\/","name":"Feira do Produtor de Roca Sales retorna ap\u00f3s um ano e meio - Folha Popular","isPartOf":{"@id":"https:\/\/folhapopular.info\/#website"},"primaryImageOfPage":{"@id":"https:\/\/folhapopular.info\/index.php\/2025\/03\/11\/feira-do-produtor-de-roca-sales-retorna-apos-um-ano-e-meio\/#primaryimage"},"image":{"@id":"https:\/\/folhapopular.info\/index.php\/2025\/03\/11\/feira-do-produtor-de-roca-sales-retorna-apos-um-ano-e-meio\/#primaryimage"},"thumbnailUrl":"https:\/\/folhapopular.info\/wp-content\/uploads\/2025\/03\/WhatsApp-Image-2025-03-11-at-08.18.04.jpeg","datePublished":"2025-03-11T11:35:31+00:00","dateModified":"2025-03-11T17:16:19+00:00","author":{"@id":"https:\/\/folhapopular.info\/#\/schema\/person\/2814e8a0df7643585a9ca38bc6eb9d4b"},"breadcrumb":{"@id":"https:\/\/folhapopular.info\/index.php\/2025\/03\/11\/feira-do-produtor-de-roca-sales-retorna-apos-um-ano-e-meio\/#breadcrumb"},"inLanguage":"pt-BR","potentialAction":[{"@type":"ReadAction","target":["https:\/\/folhapopular.info\/index.php\/2025\/03\/11\/feira-do-produtor-de-roca-sales-retorna-apos-um-ano-e-meio\/"]}]},{"@type":"ImageObject","inLanguage":"pt-BR","@id":"https:\/\/folhapopular.info\/index.php\/2025\/03\/11\/feira-do-produtor-de-roca-sales-retorna-apos-um-ano-e-meio\/#primaryimage","url":"https:\/\/folhapopular.info\/wp-content\/uploads\/2025\/03\/WhatsApp-Image-2025-03-11-at-08.18.04.jpeg","contentUrl":"https:\/\/folhapopular.info\/wp-content\/uploads\/2025\/03\/WhatsApp-Image-2025-03-11-at-08.18.04.jpeg","width":1600,"height":1200,"caption":"Cr\u00e9dito: Divulga\u00e7\u00e3o"},{"@type":"BreadcrumbList","@id":"https:\/\/folhapopular.info\/index.php\/2025\/03\/11\/feira-do-produtor-de-roca-sales-retorna-apos-um-ano-e-meio\/#breadcrumb","itemListElement":[{"@type":"ListItem","position":1,"name":"In\u00edcio","item":"https:\/\/folhapopular.info\/"},{"@type":"ListItem","position":2,"name":"Feira do Produtor de Roca Sales retorna ap\u00f3s um ano e meio"}]},{"@type":"WebSite","@id":"https:\/\/folhapopular.info\/#website","url":"https:\/\/folhapopular.info\/","name":"Folha Popular","description":"Onde voc\u00ea tem vez e voz","potentialAction":[{"@type":"SearchAction","target":{"@type":"EntryPoint","urlTemplate":"https:\/\/folhapopular.info\/?s={search_term_string}"},"query-input":{"@type":"PropertyValueSpecification","valueRequired":true,"valueName":"search_term_string"}}],"inLanguage":"pt-BR"},{"@type":"Person","@id":"https:\/\/folhapopular.info\/#\/schema\/person\/2814e8a0df7643585a9ca38bc6eb9d4b","name":"Reda\u00e7\u00e3o Folha Popular","image":{"@type":"ImageObject","inLanguage":"pt-BR","@id":"https:\/\/folhapopular.info\/wp-content\/uploads\/2026\/04\/Folha-1.webp","url":"https:\/\/folhapopular.info\/wp-content\/uploads\/2026\/04\/Folha-1.webp","contentUrl":"https:\/\/folhapopular.info\/wp-content\/uploads\/2026\/04\/Folha-1.webp","caption":"Reda\u00e7\u00e3o Folha Popular"},"url":"https:\/\/folhapopular.info\/index.php\/author\/redacao\/"}]}},"jetpack_featured_media_url":"https:\/\/folhapopular.info\/wp-content\/uploads\/2025\/03\/WhatsApp-Image-2025-03-11-at-08.18.04.jpeg","jetpack_sharing_enabled":true,"amp_enabled":true,"_links":{"self":[{"href":"https:\/\/folhapopular.info\/index.php\/wp-json\/wp\/v2\/posts\/182168","targetHints":{"allow":["GET"]}}],"collection":[{"href":"https:\/\/folhapopular.info\/index.php\/wp-json\/wp\/v2\/posts"}],"about":[{"href":"https:\/\/folhapopular.info\/index.php\/wp-json\/wp\/v2\/types\/post"}],"author":[{"embeddable":true,"href":"https:\/\/folhapopular.info\/index.php\/wp-json\/wp\/v2\/users\/8"}],"replies":[{"embeddable":true,"href":"https:\/\/folhapopular.info\/index.php\/wp-json\/wp\/v2\/comments?post=182168"}],"version-history":[{"count":0,"href":"https:\/\/folhapopular.info\/index.php\/wp-json\/wp\/v2\/posts\/182168\/revisions"}],"wp:featuredmedia":[{"embeddable":true,"href":"https:\/\/folhapopular.info\/index.php\/wp-json\/wp\/v2\/media\/182169"}],"wp:attachment":[{"href":"https:\/\/folhapopular.info\/index.php\/wp-json\/wp\/v2\/media?parent=182168"}],"wp:term":[{"taxonomy":"category","embeddable":true,"href":"https:\/\/folhapopular.info\/index.php\/wp-json\/wp\/v2\/categories?post=182168"},{"taxonomy":"post_tag","embeddable":true,"href":"https:\/\/folhapopular.info\/index.php\/wp-json\/wp\/v2\/tags?post=182168"}],"curies":[{"name":"wp","href":"https:\/\/api.w.org\/{rel}","templated":true}]}}