{"id":182236,"date":"2025-03-12T14:14:00","date_gmt":"2025-03-12T17:14:00","guid":{"rendered":"https:\/\/folhapopular.info\/?p=182236"},"modified":"2025-03-12T16:06:53","modified_gmt":"2025-03-12T19:06:53","slug":"apae-teutonia-concilia-inclusao-determinacao-e-conquistas-no-paradesporto","status":"publish","type":"post","link":"https:\/\/folhapopular.info\/index.php\/2025\/03\/12\/apae-teutonia-concilia-inclusao-determinacao-e-conquistas-no-paradesporto\/","title":{"rendered":"APAE Teut\u00f4nia concilia inclus\u00e3o, determina\u00e7\u00e3o e conquistas no paradesporto"},"content":{"rendered":"\n<p>A Associa\u00e7\u00e3o de Pais e Amigos dos Excepcionais (APAE) de Teut\u00f4nia segue ampliando suas iniciativas na \u00e1rea esportiva e promove a inclus\u00e3o de pessoas com defici\u00eancia por meio do paradesporto. Com um calend\u00e1rio recheado de competi\u00e7\u00f5es em 2025, a institui\u00e7\u00e3o fortalece o papel do esporte na vida de seus atletas e seus impactos na comunidade.<\/p>\n\n\n\n<p>No pr\u00f3ximo dia 21, a APAE Teut\u00f4nia sediar\u00e1 o primeiro evento de bocha paral\u00edmpica do ano, reunindo quatro unidades da institui\u00e7\u00e3o da regi\u00e3o. A competi\u00e7\u00e3o classificar\u00e1 atletas para a etapa estadual das Paralimp\u00edadas das APAEs.<\/p>\n\n\n\n<p>A bocha paral\u00edmpica, modalidade voltada para pessoas com paralisia cerebral e defici\u00eancia f\u00edsica severa, permite a pr\u00e1tica esportiva mesmo para aqueles com grande limita\u00e7\u00e3o motora, utilizando materiais adaptados como bolas mais leves e dispositivos auxiliares.<\/p>\n\n\n\n<h2 class=\"wp-block-heading\"><strong>Expans\u00e3o e impacto<\/strong><\/h2>\n\n\n\n<p>A coordenadora esportiva da APAE Teut\u00f4nia, \u00c9velin Elisa Aschebrock Pacheco, destaca que a institui\u00e7\u00e3o iniciou suas atividades esportivas em 2013, com a bocha paral\u00edmpica, e desde ent\u00e3o expandiu para diversas modalidades.<\/p>\n\n\n\n<p>Atualmente, mais de 50 atletas participam de esportes como atletismo, futsal adaptado e <em>snowboard<\/em>. O incentivo \u00e0s pr\u00e1ticas esportivas vai al\u00e9m da competi\u00e7\u00e3o, impactando a sa\u00fade f\u00edsica e emocional dos participantes, al\u00e9m de promover inclus\u00e3o social.<\/p>\n\n\n\n<p>O projeto de paradesporto da institui\u00e7\u00e3o recebe financiamento por meio de iniciativas como o Pr\u00f3-Esporte RS, o que possibilita a aquisi\u00e7\u00e3o de equipamentos e a participa\u00e7\u00e3o dos atletas em competi\u00e7\u00f5es estaduais e nacionais.<\/p>\n\n\n\n<p>\u00c9velin destaca a import\u00e2ncia do apoio das empresas e da comunidade para garantir a continuidade dessas atividades. \u201cO apoio financeiro nos permite levar nossos atletas a competi\u00e7\u00f5es, oferecer materiais adequados e ampliar as oportunidades para essas pessoas\u201d, afirma.<\/p>\n\n\n\n<h2 class=\"wp-block-heading\"><strong>Calend\u00e1rio repleto<\/strong><\/h2>\n\n\n\n<p>Em 2025, a APAE Teut\u00f4nia participar\u00e1 de 12 competi\u00e7\u00f5es, incluindo a fase estadual das Paralimp\u00edadas Escolares, que ocorrer\u00e1 em Porto Alegre, e o Campeonato Regional Sul de Bocha Paral\u00edmpica, com sede a ser definida entre Santa Catarina e Paran\u00e1. A programa\u00e7\u00e3o tamb\u00e9m prev\u00ea eventos nacionais, como a Olimp\u00edada Nacional das APAEs, em Bras\u00edlia.<\/p>\n\n\n\n<p>Uma das novidades \u00e9 a introdu\u00e7\u00e3o do <em>snowboard <\/em>paral\u00edmpico, treinado pelos atletas da APAE em Gramado. A iniciativa \u00e9 fruto de uma parceria com a Confedera\u00e7\u00e3o Brasileira de Desporto na Neve, que permite que tr\u00eas atletas com paralisia cerebral pratiquem a modalidade, que est\u00e1 em ascens\u00e3o no Brasil.<\/p>\n\n\n\n<h2 class=\"wp-block-heading\"><strong>Apoio e engajamento<\/strong><\/h2>\n\n\n\n<p>A equipe da APAE conta com quatro profissionais de educa\u00e7\u00e3o f\u00edsica, al\u00e9m de apoio multiprofissional para oferecer um acompanhamento completo aos atletas. O incentivo da comunidade e de patrocinadores \u00e9 essencial para manter os projetos em andamento e possibilitar a participa\u00e7\u00e3o em eventos de grande porte.<\/p>\n\n\n\n<p>\u201cVer nossos atletas conquistando medalhas e alcan\u00e7ando metas \u00e9 uma recompensa imensa. O esporte transforma vidas e refor\u00e7a a autoestima e a inclus\u00e3o de pessoas com defici\u00eancia\u201d, conclui \u00c9velin.<\/p>\n\n\n\n<p><strong>\u00c9velin participou do programa di\u00e1rio Bola na Trave.<\/strong> <strong>Assista:<\/strong><\/p>\n\n\n\n<figure class=\"wp-block-embed is-type-video is-provider-youtube wp-block-embed-youtube wp-embed-aspect-4-3 wp-has-aspect-ratio\"><div class=\"wp-block-embed__wrapper\">\n<div class=\"youtube-embed\" data-video_id=\"jy1b-gL70GM\"><iframe loading=\"lazy\" title=\"BOLA NA TRAVE | Proje\u00e7\u00f5es de 2025 da Apae Teut\u00f4nia no paradesporto\" width=\"696\" height=\"522\" src=\"https:\/\/www.youtube.com\/embed\/jy1b-gL70GM?start=1&#038;feature=oembed\" frameborder=\"0\" allow=\"accelerometer; autoplay; clipboard-write; encrypted-media; gyroscope; picture-in-picture; web-share\" referrerpolicy=\"strict-origin-when-cross-origin\" allowfullscreen><\/iframe><\/div>\n<\/div><\/figure>\n","protected":false},"excerpt":{"rendered":"<p>A Associa\u00e7\u00e3o de Pais e Amigos dos Excepcionais (APAE) de Teut\u00f4nia segue ampliando suas iniciativas na \u00e1rea esportiva e promove a inclus\u00e3o de pessoas com defici\u00eancia por meio do paradesporto. Com um calend\u00e1rio recheado de competi\u00e7\u00f5es em 2025, a institui\u00e7\u00e3o fortalece o papel do esporte na vida de seus atletas e seus impactos na comunidade. [&hellip;]<\/p>\n","protected":false},"author":732,"featured_media":182359,"comment_status":"open","ping_status":"open","sticky":false,"template":"","format":"standard","meta":{"pmpro_default_level":"","_jetpack_memberships_contains_paid_content":false,"footnotes":""},"categories":[5,16776],"tags":[887,7425,5125,1124,17391,26],"class_list":{"0":"post-182236","1":"post","2":"type-post","3":"status-publish","4":"format-standard","5":"has-post-thumbnail","7":"category-esportes","8":"category-paradesporto","9":"tag-apae","10":"tag-apae-teutonia","11":"tag-esportes","12":"tag-inclusao","13":"tag-paradesporto","14":"tag-teutonia","15":"pmpro-has-access"},"yoast_head":"<!-- This site is optimized with the Yoast SEO plugin v27.5 - https:\/\/yoast.com\/product\/yoast-seo-wordpress\/ -->\n<title>APAE Teut\u00f4nia concilia inclus\u00e3o, determina\u00e7\u00e3o e conquistas no paradesporto - Folha Popular<\/title>\n<meta name=\"robots\" content=\"index, follow, max-snippet:-1, max-image-preview:large, max-video-preview:-1\" \/>\n<link rel=\"canonical\" href=\"https:\/\/folhapopular.info\/index.php\/2025\/03\/12\/apae-teutonia-concilia-inclusao-determinacao-e-conquistas-no-paradesporto\/\" \/>\n<meta property=\"og:locale\" content=\"pt_BR\" \/>\n<meta property=\"og:type\" content=\"article\" \/>\n<meta property=\"og:title\" content=\"APAE Teut\u00f4nia concilia inclus\u00e3o, determina\u00e7\u00e3o e conquistas no paradesporto - Folha Popular\" \/>\n<meta property=\"og:description\" content=\"A Associa\u00e7\u00e3o de Pais e Amigos dos Excepcionais (APAE) de Teut\u00f4nia segue ampliando suas iniciativas na \u00e1rea esportiva e promove a inclus\u00e3o de pessoas com defici\u00eancia por meio do paradesporto. Com um calend\u00e1rio recheado de competi\u00e7\u00f5es em 2025, a institui\u00e7\u00e3o fortalece o papel do esporte na vida de seus atletas e seus impactos na comunidade. [&hellip;]\" \/>\n<meta property=\"og:url\" content=\"https:\/\/folhapopular.info\/index.php\/2025\/03\/12\/apae-teutonia-concilia-inclusao-determinacao-e-conquistas-no-paradesporto\/\" \/>\n<meta property=\"og:site_name\" content=\"Folha Popular\" \/>\n<meta property=\"article:author\" content=\"https:\/\/www.facebook.com\/luis.huppes\/\" \/>\n<meta property=\"article:published_time\" content=\"2025-03-12T17:14:00+00:00\" \/>\n<meta property=\"article:modified_time\" content=\"2025-03-12T19:06:53+00:00\" \/>\n<meta property=\"og:image\" content=\"http:\/\/folhapopular.info\/wp-content\/uploads\/2025\/03\/WhatsApp-Image-2025-03-12-at-09.52.14-1.jpeg\" \/>\n\t<meta property=\"og:image:width\" content=\"1600\" \/>\n\t<meta property=\"og:image:height\" content=\"1200\" \/>\n\t<meta property=\"og:image:type\" content=\"image\/jpeg\" \/>\n<meta name=\"author\" content=\"Luis Augusto Huppes\" \/>\n<meta name=\"twitter:card\" content=\"summary_large_image\" \/>\n<meta name=\"twitter:label1\" content=\"Escrito por\" \/>\n\t<meta name=\"twitter:data1\" content=\"Luis Augusto Huppes\" \/>\n\t<meta name=\"twitter:label2\" content=\"Est. tempo de leitura\" \/>\n\t<meta name=\"twitter:data2\" content=\"3 minutos\" \/>\n<script type=\"application\/ld+json\" class=\"yoast-schema-graph\">{\"@context\":\"https:\\\/\\\/schema.org\",\"@graph\":[{\"@type\":\"Article\",\"@id\":\"https:\\\/\\\/folhapopular.info\\\/index.php\\\/2025\\\/03\\\/12\\\/apae-teutonia-concilia-inclusao-determinacao-e-conquistas-no-paradesporto\\\/#article\",\"isPartOf\":{\"@id\":\"https:\\\/\\\/folhapopular.info\\\/index.php\\\/2025\\\/03\\\/12\\\/apae-teutonia-concilia-inclusao-determinacao-e-conquistas-no-paradesporto\\\/\"},\"author\":{\"name\":\"Luis Augusto Huppes\",\"@id\":\"https:\\\/\\\/folhapopular.info\\\/#\\\/schema\\\/person\\\/e852c327371714676d02e58cf917fd9f\"},\"headline\":\"APAE Teut\u00f4nia concilia inclus\u00e3o, determina\u00e7\u00e3o e conquistas no paradesporto\",\"datePublished\":\"2025-03-12T17:14:00+00:00\",\"dateModified\":\"2025-03-12T19:06:53+00:00\",\"mainEntityOfPage\":{\"@id\":\"https:\\\/\\\/folhapopular.info\\\/index.php\\\/2025\\\/03\\\/12\\\/apae-teutonia-concilia-inclusao-determinacao-e-conquistas-no-paradesporto\\\/\"},\"wordCount\":531,\"commentCount\":0,\"image\":{\"@id\":\"https:\\\/\\\/folhapopular.info\\\/index.php\\\/2025\\\/03\\\/12\\\/apae-teutonia-concilia-inclusao-determinacao-e-conquistas-no-paradesporto\\\/#primaryimage\"},\"thumbnailUrl\":\"https:\\\/\\\/folhapopular.info\\\/wp-content\\\/uploads\\\/2025\\\/03\\\/WhatsApp-Image-2025-03-12-at-09.52.14-1.jpeg\",\"keywords\":[\"Apae\",\"Apae Teut\u00f4nia\",\"Esportes\",\"Inclus\u00e3o\",\"Paradesporto\",\"Teut\u00f4nia\"],\"articleSection\":[\"Esportes\",\"Paradesporto\"],\"inLanguage\":\"pt-BR\",\"potentialAction\":[{\"@type\":\"CommentAction\",\"name\":\"Comment\",\"target\":[\"https:\\\/\\\/folhapopular.info\\\/index.php\\\/2025\\\/03\\\/12\\\/apae-teutonia-concilia-inclusao-determinacao-e-conquistas-no-paradesporto\\\/#respond\"]}]},{\"@type\":\"WebPage\",\"@id\":\"https:\\\/\\\/folhapopular.info\\\/index.php\\\/2025\\\/03\\\/12\\\/apae-teutonia-concilia-inclusao-determinacao-e-conquistas-no-paradesporto\\\/\",\"url\":\"https:\\\/\\\/folhapopular.info\\\/index.php\\\/2025\\\/03\\\/12\\\/apae-teutonia-concilia-inclusao-determinacao-e-conquistas-no-paradesporto\\\/\",\"name\":\"APAE Teut\u00f4nia concilia inclus\u00e3o, determina\u00e7\u00e3o e conquistas no paradesporto - Folha Popular\",\"isPartOf\":{\"@id\":\"https:\\\/\\\/folhapopular.info\\\/#website\"},\"primaryImageOfPage\":{\"@id\":\"https:\\\/\\\/folhapopular.info\\\/index.php\\\/2025\\\/03\\\/12\\\/apae-teutonia-concilia-inclusao-determinacao-e-conquistas-no-paradesporto\\\/#primaryimage\"},\"image\":{\"@id\":\"https:\\\/\\\/folhapopular.info\\\/index.php\\\/2025\\\/03\\\/12\\\/apae-teutonia-concilia-inclusao-determinacao-e-conquistas-no-paradesporto\\\/#primaryimage\"},\"thumbnailUrl\":\"https:\\\/\\\/folhapopular.info\\\/wp-content\\\/uploads\\\/2025\\\/03\\\/WhatsApp-Image-2025-03-12-at-09.52.14-1.jpeg\",\"datePublished\":\"2025-03-12T17:14:00+00:00\",\"dateModified\":\"2025-03-12T19:06:53+00:00\",\"author\":{\"@id\":\"https:\\\/\\\/folhapopular.info\\\/#\\\/schema\\\/person\\\/e852c327371714676d02e58cf917fd9f\"},\"breadcrumb\":{\"@id\":\"https:\\\/\\\/folhapopular.info\\\/index.php\\\/2025\\\/03\\\/12\\\/apae-teutonia-concilia-inclusao-determinacao-e-conquistas-no-paradesporto\\\/#breadcrumb\"},\"inLanguage\":\"pt-BR\",\"potentialAction\":[{\"@type\":\"ReadAction\",\"target\":[\"https:\\\/\\\/folhapopular.info\\\/index.php\\\/2025\\\/03\\\/12\\\/apae-teutonia-concilia-inclusao-determinacao-e-conquistas-no-paradesporto\\\/\"]}]},{\"@type\":\"ImageObject\",\"inLanguage\":\"pt-BR\",\"@id\":\"https:\\\/\\\/folhapopular.info\\\/index.php\\\/2025\\\/03\\\/12\\\/apae-teutonia-concilia-inclusao-determinacao-e-conquistas-no-paradesporto\\\/#primaryimage\",\"url\":\"https:\\\/\\\/folhapopular.info\\\/wp-content\\\/uploads\\\/2025\\\/03\\\/WhatsApp-Image-2025-03-12-at-09.52.14-1.jpeg\",\"contentUrl\":\"https:\\\/\\\/folhapopular.info\\\/wp-content\\\/uploads\\\/2025\\\/03\\\/WhatsApp-Image-2025-03-12-at-09.52.14-1.jpeg\",\"width\":1600,\"height\":1200,\"caption\":\"A Apae de Teut\u00f4nia \u00e9 considerada refer\u00eancia no paradesporto ga\u00facho - Cr\u00e9dito: Arquivo Pessoal \\\/ Divulga\u00e7\u00e3o\"},{\"@type\":\"BreadcrumbList\",\"@id\":\"https:\\\/\\\/folhapopular.info\\\/index.php\\\/2025\\\/03\\\/12\\\/apae-teutonia-concilia-inclusao-determinacao-e-conquistas-no-paradesporto\\\/#breadcrumb\",\"itemListElement\":[{\"@type\":\"ListItem\",\"position\":1,\"name\":\"In\u00edcio\",\"item\":\"https:\\\/\\\/folhapopular.info\\\/\"},{\"@type\":\"ListItem\",\"position\":2,\"name\":\"APAE Teut\u00f4nia concilia inclus\u00e3o, determina\u00e7\u00e3o e conquistas no paradesporto\"}]},{\"@type\":\"WebSite\",\"@id\":\"https:\\\/\\\/folhapopular.info\\\/#website\",\"url\":\"https:\\\/\\\/folhapopular.info\\\/\",\"name\":\"Folha Popular\",\"description\":\"Onde voc\u00ea tem vez e voz\",\"potentialAction\":[{\"@type\":\"SearchAction\",\"target\":{\"@type\":\"EntryPoint\",\"urlTemplate\":\"https:\\\/\\\/folhapopular.info\\\/?s={search_term_string}\"},\"query-input\":{\"@type\":\"PropertyValueSpecification\",\"valueRequired\":true,\"valueName\":\"search_term_string\"}}],\"inLanguage\":\"pt-BR\"},{\"@type\":\"Person\",\"@id\":\"https:\\\/\\\/folhapopular.info\\\/#\\\/schema\\\/person\\\/e852c327371714676d02e58cf917fd9f\",\"name\":\"Luis Augusto Huppes\",\"image\":{\"@type\":\"ImageObject\",\"inLanguage\":\"pt-BR\",\"@id\":\"https:\\\/\\\/folhapopular.info\\\/wp-content\\\/uploads\\\/2026\\\/04\\\/Luis-Augusto-Huppes-1-1.webp\",\"url\":\"https:\\\/\\\/folhapopular.info\\\/wp-content\\\/uploads\\\/2026\\\/04\\\/Luis-Augusto-Huppes-1-1.webp\",\"contentUrl\":\"https:\\\/\\\/folhapopular.info\\\/wp-content\\\/uploads\\\/2026\\\/04\\\/Luis-Augusto-Huppes-1-1.webp\",\"caption\":\"Luis Augusto Huppes\"},\"sameAs\":[\"https:\\\/\\\/www.facebook.com\\\/luis.huppes\\\/\",\"https:\\\/\\\/www.instagram.com\\\/luis.huppes\\\/\",\"https:\\\/\\\/www.linkedin.com\\\/in\\\/luis-augusto-huppes-2554b52b7\\\/\"],\"url\":\"https:\\\/\\\/folhapopular.info\\\/index.php\\\/author\\\/luis-augusto-huppes\\\/\"}]}<\/script>\n<!-- \/ Yoast SEO plugin. -->","yoast_head_json":{"title":"APAE Teut\u00f4nia concilia inclus\u00e3o, determina\u00e7\u00e3o e conquistas no paradesporto - Folha Popular","robots":{"index":"index","follow":"follow","max-snippet":"max-snippet:-1","max-image-preview":"max-image-preview:large","max-video-preview":"max-video-preview:-1"},"canonical":"https:\/\/folhapopular.info\/index.php\/2025\/03\/12\/apae-teutonia-concilia-inclusao-determinacao-e-conquistas-no-paradesporto\/","og_locale":"pt_BR","og_type":"article","og_title":"APAE Teut\u00f4nia concilia inclus\u00e3o, determina\u00e7\u00e3o e conquistas no paradesporto - Folha Popular","og_description":"A Associa\u00e7\u00e3o de Pais e Amigos dos Excepcionais (APAE) de Teut\u00f4nia segue ampliando suas iniciativas na \u00e1rea esportiva e promove a inclus\u00e3o de pessoas com defici\u00eancia por meio do paradesporto. Com um calend\u00e1rio recheado de competi\u00e7\u00f5es em 2025, a institui\u00e7\u00e3o fortalece o papel do esporte na vida de seus atletas e seus impactos na comunidade. [&hellip;]","og_url":"https:\/\/folhapopular.info\/index.php\/2025\/03\/12\/apae-teutonia-concilia-inclusao-determinacao-e-conquistas-no-paradesporto\/","og_site_name":"Folha Popular","article_author":"https:\/\/www.facebook.com\/luis.huppes\/","article_published_time":"2025-03-12T17:14:00+00:00","article_modified_time":"2025-03-12T19:06:53+00:00","og_image":[{"width":1600,"height":1200,"url":"http:\/\/folhapopular.info\/wp-content\/uploads\/2025\/03\/WhatsApp-Image-2025-03-12-at-09.52.14-1.jpeg","type":"image\/jpeg"}],"author":"Luis Augusto Huppes","twitter_card":"summary_large_image","twitter_misc":{"Escrito por":"Luis Augusto Huppes","Est. tempo de leitura":"3 minutos"},"schema":{"@context":"https:\/\/schema.org","@graph":[{"@type":"Article","@id":"https:\/\/folhapopular.info\/index.php\/2025\/03\/12\/apae-teutonia-concilia-inclusao-determinacao-e-conquistas-no-paradesporto\/#article","isPartOf":{"@id":"https:\/\/folhapopular.info\/index.php\/2025\/03\/12\/apae-teutonia-concilia-inclusao-determinacao-e-conquistas-no-paradesporto\/"},"author":{"name":"Luis Augusto Huppes","@id":"https:\/\/folhapopular.info\/#\/schema\/person\/e852c327371714676d02e58cf917fd9f"},"headline":"APAE Teut\u00f4nia concilia inclus\u00e3o, determina\u00e7\u00e3o e conquistas no paradesporto","datePublished":"2025-03-12T17:14:00+00:00","dateModified":"2025-03-12T19:06:53+00:00","mainEntityOfPage":{"@id":"https:\/\/folhapopular.info\/index.php\/2025\/03\/12\/apae-teutonia-concilia-inclusao-determinacao-e-conquistas-no-paradesporto\/"},"wordCount":531,"commentCount":0,"image":{"@id":"https:\/\/folhapopular.info\/index.php\/2025\/03\/12\/apae-teutonia-concilia-inclusao-determinacao-e-conquistas-no-paradesporto\/#primaryimage"},"thumbnailUrl":"https:\/\/folhapopular.info\/wp-content\/uploads\/2025\/03\/WhatsApp-Image-2025-03-12-at-09.52.14-1.jpeg","keywords":["Apae","Apae Teut\u00f4nia","Esportes","Inclus\u00e3o","Paradesporto","Teut\u00f4nia"],"articleSection":["Esportes","Paradesporto"],"inLanguage":"pt-BR","potentialAction":[{"@type":"CommentAction","name":"Comment","target":["https:\/\/folhapopular.info\/index.php\/2025\/03\/12\/apae-teutonia-concilia-inclusao-determinacao-e-conquistas-no-paradesporto\/#respond"]}]},{"@type":"WebPage","@id":"https:\/\/folhapopular.info\/index.php\/2025\/03\/12\/apae-teutonia-concilia-inclusao-determinacao-e-conquistas-no-paradesporto\/","url":"https:\/\/folhapopular.info\/index.php\/2025\/03\/12\/apae-teutonia-concilia-inclusao-determinacao-e-conquistas-no-paradesporto\/","name":"APAE Teut\u00f4nia concilia inclus\u00e3o, determina\u00e7\u00e3o e conquistas no paradesporto - Folha Popular","isPartOf":{"@id":"https:\/\/folhapopular.info\/#website"},"primaryImageOfPage":{"@id":"https:\/\/folhapopular.info\/index.php\/2025\/03\/12\/apae-teutonia-concilia-inclusao-determinacao-e-conquistas-no-paradesporto\/#primaryimage"},"image":{"@id":"https:\/\/folhapopular.info\/index.php\/2025\/03\/12\/apae-teutonia-concilia-inclusao-determinacao-e-conquistas-no-paradesporto\/#primaryimage"},"thumbnailUrl":"https:\/\/folhapopular.info\/wp-content\/uploads\/2025\/03\/WhatsApp-Image-2025-03-12-at-09.52.14-1.jpeg","datePublished":"2025-03-12T17:14:00+00:00","dateModified":"2025-03-12T19:06:53+00:00","author":{"@id":"https:\/\/folhapopular.info\/#\/schema\/person\/e852c327371714676d02e58cf917fd9f"},"breadcrumb":{"@id":"https:\/\/folhapopular.info\/index.php\/2025\/03\/12\/apae-teutonia-concilia-inclusao-determinacao-e-conquistas-no-paradesporto\/#breadcrumb"},"inLanguage":"pt-BR","potentialAction":[{"@type":"ReadAction","target":["https:\/\/folhapopular.info\/index.php\/2025\/03\/12\/apae-teutonia-concilia-inclusao-determinacao-e-conquistas-no-paradesporto\/"]}]},{"@type":"ImageObject","inLanguage":"pt-BR","@id":"https:\/\/folhapopular.info\/index.php\/2025\/03\/12\/apae-teutonia-concilia-inclusao-determinacao-e-conquistas-no-paradesporto\/#primaryimage","url":"https:\/\/folhapopular.info\/wp-content\/uploads\/2025\/03\/WhatsApp-Image-2025-03-12-at-09.52.14-1.jpeg","contentUrl":"https:\/\/folhapopular.info\/wp-content\/uploads\/2025\/03\/WhatsApp-Image-2025-03-12-at-09.52.14-1.jpeg","width":1600,"height":1200,"caption":"A Apae de Teut\u00f4nia \u00e9 considerada refer\u00eancia no paradesporto ga\u00facho - Cr\u00e9dito: Arquivo Pessoal \/ Divulga\u00e7\u00e3o"},{"@type":"BreadcrumbList","@id":"https:\/\/folhapopular.info\/index.php\/2025\/03\/12\/apae-teutonia-concilia-inclusao-determinacao-e-conquistas-no-paradesporto\/#breadcrumb","itemListElement":[{"@type":"ListItem","position":1,"name":"In\u00edcio","item":"https:\/\/folhapopular.info\/"},{"@type":"ListItem","position":2,"name":"APAE Teut\u00f4nia concilia inclus\u00e3o, determina\u00e7\u00e3o e conquistas no paradesporto"}]},{"@type":"WebSite","@id":"https:\/\/folhapopular.info\/#website","url":"https:\/\/folhapopular.info\/","name":"Folha Popular","description":"Onde voc\u00ea tem vez e voz","potentialAction":[{"@type":"SearchAction","target":{"@type":"EntryPoint","urlTemplate":"https:\/\/folhapopular.info\/?s={search_term_string}"},"query-input":{"@type":"PropertyValueSpecification","valueRequired":true,"valueName":"search_term_string"}}],"inLanguage":"pt-BR"},{"@type":"Person","@id":"https:\/\/folhapopular.info\/#\/schema\/person\/e852c327371714676d02e58cf917fd9f","name":"Luis Augusto Huppes","image":{"@type":"ImageObject","inLanguage":"pt-BR","@id":"https:\/\/folhapopular.info\/wp-content\/uploads\/2026\/04\/Luis-Augusto-Huppes-1-1.webp","url":"https:\/\/folhapopular.info\/wp-content\/uploads\/2026\/04\/Luis-Augusto-Huppes-1-1.webp","contentUrl":"https:\/\/folhapopular.info\/wp-content\/uploads\/2026\/04\/Luis-Augusto-Huppes-1-1.webp","caption":"Luis Augusto Huppes"},"sameAs":["https:\/\/www.facebook.com\/luis.huppes\/","https:\/\/www.instagram.com\/luis.huppes\/","https:\/\/www.linkedin.com\/in\/luis-augusto-huppes-2554b52b7\/"],"url":"https:\/\/folhapopular.info\/index.php\/author\/luis-augusto-huppes\/"}]}},"jetpack_featured_media_url":"https:\/\/folhapopular.info\/wp-content\/uploads\/2025\/03\/WhatsApp-Image-2025-03-12-at-09.52.14-1.jpeg","jetpack_sharing_enabled":true,"amp_enabled":true,"_links":{"self":[{"href":"https:\/\/folhapopular.info\/index.php\/wp-json\/wp\/v2\/posts\/182236","targetHints":{"allow":["GET"]}}],"collection":[{"href":"https:\/\/folhapopular.info\/index.php\/wp-json\/wp\/v2\/posts"}],"about":[{"href":"https:\/\/folhapopular.info\/index.php\/wp-json\/wp\/v2\/types\/post"}],"author":[{"embeddable":true,"href":"https:\/\/folhapopular.info\/index.php\/wp-json\/wp\/v2\/users\/732"}],"replies":[{"embeddable":true,"href":"https:\/\/folhapopular.info\/index.php\/wp-json\/wp\/v2\/comments?post=182236"}],"version-history":[{"count":0,"href":"https:\/\/folhapopular.info\/index.php\/wp-json\/wp\/v2\/posts\/182236\/revisions"}],"wp:featuredmedia":[{"embeddable":true,"href":"https:\/\/folhapopular.info\/index.php\/wp-json\/wp\/v2\/media\/182359"}],"wp:attachment":[{"href":"https:\/\/folhapopular.info\/index.php\/wp-json\/wp\/v2\/media?parent=182236"}],"wp:term":[{"taxonomy":"category","embeddable":true,"href":"https:\/\/folhapopular.info\/index.php\/wp-json\/wp\/v2\/categories?post=182236"},{"taxonomy":"post_tag","embeddable":true,"href":"https:\/\/folhapopular.info\/index.php\/wp-json\/wp\/v2\/tags?post=182236"}],"curies":[{"name":"wp","href":"https:\/\/api.w.org\/{rel}","templated":true}]}}