{"id":182299,"date":"2025-03-12T12:00:00","date_gmt":"2025-03-12T15:00:00","guid":{"rendered":"https:\/\/folhapopular.info\/?p=182299"},"modified":"2025-03-12T10:33:36","modified_gmt":"2025-03-12T13:33:36","slug":"por-mais-de-duas-decadas-baile-das-luluzinhas-e-destaque-nas-comemoracoes-do-dia-internacional-da-mulher-em-paverama","status":"publish","type":"post","link":"https:\/\/folhapopular.info\/index.php\/2025\/03\/12\/por-mais-de-duas-decadas-baile-das-luluzinhas-e-destaque-nas-comemoracoes-do-dia-internacional-da-mulher-em-paverama\/","title":{"rendered":"Por mais de duas d\u00e9cadas, Baile das Luluzinhas \u00e9 destaque nas comemora\u00e7\u00f5es do Dia Internacional da Mulher em Paverama"},"content":{"rendered":"\n<p>O s\u00e1bado (8\/3), Dia Internacional da Mulher, foi de total divers\u00e3o para as mulheres que participaram do j\u00e1 tradicional Baile das Luluzinhas, em Paverama. O evento faz parte das a\u00e7\u00f5es relacionadas ao M\u00eas da Mulher na cidade. O tema da 22\u00aa edi\u00e7\u00e3o foi \u201cPor onde for, flores\u00e7a e deixe sua ess\u00eancia brilhar\u201d, e reuniu mulheres de diversas cidades da regi\u00e3o. A programa\u00e7\u00e3o da festa contou com touro mec\u00e2nico, <em>drinks<\/em> e discotecagem da DJ Fernanda.<\/p>\n\n\n\n<p>Com car\u00e1ter solid\u00e1rio, o evento deste ano se destacou por arrecadar 600 quilos de alimentos n\u00e3o perec\u00edveis, que ser\u00e3o destinados \u00e0s fam\u00edlias cadastradas no Cras, e 115 quilos de ra\u00e7\u00e3o para a Associa\u00e7\u00e3o de Prote\u00e7\u00e3o aos Animais (Apave). De acordo com organiza\u00e7\u00e3o, cerca de 700 mulheres fizeram a festa no Centro Cultural Evang\u00e9lico de Paverama.<\/p>\n\n\n\n<h2 class=\"wp-block-heading\"><strong>Uma festa de liberdade<\/strong><\/h2>\n\n\n\n<p>No Dia Internacional da Mulher, o evento marca a comemora\u00e7\u00e3o que todas merecem, unindo divers\u00e3o, liberdade e solidariedade. De Teut\u00f4nia, 32 mulheres combinaram de irem juntas e em total seguran\u00e7a. Elas organizaram uma excurs\u00e3o com destino \u00e0 noite de pura alegria compartilhada entre elas. \u00c9 o caso das duas amigas e colegas de trabalho, a empres\u00e1ria Liane Maria Schneider, 50, e a massoterapeuta e <em>lash designer<\/em> Sabrina de Freitas, 30.<\/p>\n\n\n\n<p>Pela primeira vez do outro lado do balc\u00e3o de <em>drinks<\/em>, Liane conta que a festa \u00e9 de total liberta\u00e7\u00e3o para as mulheres. No ano passado, ela atuou como volunt\u00e1ria e j\u00e1 tinha muita expectativa sobre o evento de 2025.<\/p>\n\n\n\n<figure class=\"wp-block-pullquote has-black-color has-text-color has-link-color wp-elements-cac8def31f5d721bd2c8a946f6db0f28\"><blockquote><p><strong>\u201cSempre aproveito muito esse evento, j\u00e1 fui em v\u00e1rios. \u00c9 o tipo de festa onde as mulheres v\u00e3o para se soltar, <\/strong><br><strong>dan\u00e7ar, beber sem se preocupar com o que os outros v\u00e3o falar\u201d <\/strong><br><strong>Liane Maria Schneider<\/strong><\/p><\/blockquote><\/figure>\n\n\n\n<p>Ela ainda recomenda a toda mulherada que n\u00e3o deixe de frequentar o Baile das Luluzinhas, pois certamente ir\u00e3o se surpreender.<\/p>\n\n\n\n<p>E quem tamb\u00e9m estreou na festa foi Sabrina de Freitas. Para ela, o baile ultrapassou todas as expectativas, que j\u00e1 eram altas, no que diz respeito \u00e0 divers\u00e3o. Destaca que o ambiente \u00e9 acolhedor e descontra\u00eddo, para cada uma ser o que quiser e aproveitar a noite.<\/p>\n\n\n\n<p>A fantasia \u00e9 item essencial para as integrantes da festa. Inclusive, Sabrina j\u00e1 pensa o traje para a pr\u00f3xima edi\u00e7\u00e3o. Al\u00e9m disso, as mulheres se elogiam, tiram fotos juntas e tornam-se amigas em um misto de divers\u00e3o e companheirismo.<\/p>\n\n\n\n<figure class=\"wp-block-pullquote has-black-color has-text-color has-link-color wp-elements-b7a70aaa02a0b0539a953566feb66210\"><blockquote><p><strong>\u201cNo Baile das Luluzinhas pude fortalecer la\u00e7os, criar mem\u00f3rias e, acima de tudo, celebrar a alegria de estar<\/strong><br><strong>cercada por mulheres incr\u00edveis. Mal posso esperar para viver tudo isso novamente\u201d<\/strong><br><strong>Sabrina de Freitas<\/strong><\/p><\/blockquote><\/figure>\n\n\n\n<figure class=\"wp-block-pullquote has-black-color has-text-color has-link-color wp-elements-acdf31e9705ebccda3eae295b099d8a8\"><blockquote><p><\/p><\/blockquote><\/figure>\n\n\n\n<figure class=\"wp-block-gallery has-nested-images columns-default is-cropped wp-block-gallery-1 is-layout-flex wp-block-gallery-is-layout-flex\">\n<figure class=\"wp-block-image size-large is-style-default\"><img loading=\"lazy\" decoding=\"async\" width=\"576\" height=\"1024\" data-id=\"182306\" src=\"https:\/\/folhapopular.info\/wp-content\/uploads\/2025\/03\/WhatsApp-Image-2025-03-10-at-12.35.31-576x1024.jpeg\" alt=\"\" class=\"wp-image-182306\"\/><figcaption class=\"wp-element-caption\">Liane Maria Schneider<\/figcaption><\/figure>\n\n\n\n<figure class=\"wp-block-image size-large\"><img loading=\"lazy\" decoding=\"async\" width=\"576\" height=\"1024\" data-id=\"182309\" src=\"https:\/\/folhapopular.info\/wp-content\/uploads\/2025\/03\/IMG_1672-576x1024.jpg\" alt=\"\" class=\"wp-image-182309\" srcset=\"https:\/\/folhapopular.info\/wp-content\/uploads\/2025\/03\/IMG_1672-576x1024.jpg 576w, https:\/\/folhapopular.info\/wp-content\/uploads\/2025\/03\/IMG_1672-169x300.jpg 169w, https:\/\/folhapopular.info\/wp-content\/uploads\/2025\/03\/IMG_1672-768x1365.jpg 768w, https:\/\/folhapopular.info\/wp-content\/uploads\/2025\/03\/IMG_1672-864x1536.jpg 864w, https:\/\/folhapopular.info\/wp-content\/uploads\/2025\/03\/IMG_1672-1152x2048.jpg 1152w, https:\/\/folhapopular.info\/wp-content\/uploads\/2025\/03\/IMG_1672-236x420.jpg 236w, https:\/\/folhapopular.info\/wp-content\/uploads\/2025\/03\/IMG_1672-696x1237.jpg 696w, https:\/\/folhapopular.info\/wp-content\/uploads\/2025\/03\/IMG_1672-1068x1899.jpg 1068w, https:\/\/folhapopular.info\/wp-content\/uploads\/2025\/03\/IMG_1672.jpg 1179w\" sizes=\"auto, (max-width: 576px) 100vw, 576px\" \/><figcaption class=\"wp-element-caption\">Sabrina de Freitas<\/figcaption><\/figure>\n<figcaption class=\"blocks-gallery-caption wp-element-caption\">Cr\u00e9dito: Arquivo Pessoal \/ Divulga\u00e7\u00e3o<\/figcaption><\/figure>\n\n\n\n<p><\/p>\n","protected":false},"excerpt":{"rendered":"<p>O s\u00e1bado (8\/3), Dia Internacional da Mulher, foi de total divers\u00e3o para as mulheres que participaram do j\u00e1 tradicional Baile das Luluzinhas, em Paverama. O evento faz parte das a\u00e7\u00f5es relacionadas ao M\u00eas da Mulher na cidade. O tema da 22\u00aa edi\u00e7\u00e3o foi \u201cPor onde for, flores\u00e7a e deixe sua ess\u00eancia brilhar\u201d, e reuniu mulheres [&hellip;]<\/p>\n","protected":false},"author":707,"featured_media":182301,"comment_status":"open","ping_status":"open","sticky":false,"template":"","format":"standard","meta":{"pmpro_default_level":"","_jetpack_memberships_contains_paid_content":false,"footnotes":""},"categories":[2,6],"tags":[4226,7244,4227,46],"class_list":{"0":"post-182299","1":"post","2":"type-post","3":"status-publish","4":"format-standard","5":"has-post-thumbnail","7":"category-featured","8":"category-inclusive","9":"tag-baile-das-luluzinhas","10":"tag-comemoracoes","11":"tag-dia-internacional-da-mulher","12":"tag-paverama","13":"pmpro-has-access"},"yoast_head":"<!-- This site is optimized with the Yoast SEO plugin v27.5 - https:\/\/yoast.com\/product\/yoast-seo-wordpress\/ -->\n<title>Por mais de duas d\u00e9cadas, Baile das Luluzinhas \u00e9 destaque nas comemora\u00e7\u00f5es do Dia Internacional da Mulher em Paverama - Folha Popular<\/title>\n<meta name=\"robots\" content=\"index, follow, max-snippet:-1, max-image-preview:large, max-video-preview:-1\" \/>\n<link rel=\"canonical\" href=\"https:\/\/folhapopular.info\/index.php\/2025\/03\/12\/por-mais-de-duas-decadas-baile-das-luluzinhas-e-destaque-nas-comemoracoes-do-dia-internacional-da-mulher-em-paverama\/\" \/>\n<meta property=\"og:locale\" content=\"pt_BR\" \/>\n<meta property=\"og:type\" content=\"article\" \/>\n<meta property=\"og:title\" content=\"Por mais de duas d\u00e9cadas, Baile das Luluzinhas \u00e9 destaque nas comemora\u00e7\u00f5es do Dia Internacional da Mulher em Paverama - Folha Popular\" \/>\n<meta property=\"og:description\" content=\"O s\u00e1bado (8\/3), Dia Internacional da Mulher, foi de total divers\u00e3o para as mulheres que participaram do j\u00e1 tradicional Baile das Luluzinhas, em Paverama. O evento faz parte das a\u00e7\u00f5es relacionadas ao M\u00eas da Mulher na cidade. O tema da 22\u00aa edi\u00e7\u00e3o foi \u201cPor onde for, flores\u00e7a e deixe sua ess\u00eancia brilhar\u201d, e reuniu mulheres [&hellip;]\" \/>\n<meta property=\"og:url\" content=\"https:\/\/folhapopular.info\/index.php\/2025\/03\/12\/por-mais-de-duas-decadas-baile-das-luluzinhas-e-destaque-nas-comemoracoes-do-dia-internacional-da-mulher-em-paverama\/\" \/>\n<meta property=\"og:site_name\" content=\"Folha Popular\" \/>\n<meta property=\"article:published_time\" content=\"2025-03-12T15:00:00+00:00\" \/>\n<meta property=\"og:image\" content=\"https:\/\/folhapopular.info\/wp-content\/uploads\/2025\/03\/As-amigas-se-prepararam-com-muita-atencao-a-cada-detalhe-das-fantasias_Arq-pessoal_DIV-scaled.jpg\" \/>\n\t<meta property=\"og:image:width\" content=\"1920\" \/>\n\t<meta property=\"og:image:height\" content=\"2560\" \/>\n\t<meta property=\"og:image:type\" content=\"image\/jpeg\" \/>\n<meta name=\"author\" content=\"Ariana de Oliveira\" \/>\n<meta name=\"twitter:card\" content=\"summary_large_image\" \/>\n<meta name=\"twitter:label1\" content=\"Escrito por\" \/>\n\t<meta name=\"twitter:data1\" content=\"Ariana de Oliveira\" \/>\n\t<meta name=\"twitter:label2\" content=\"Est. tempo de leitura\" \/>\n\t<meta name=\"twitter:data2\" content=\"3 minutos\" \/>\n<script type=\"application\/ld+json\" class=\"yoast-schema-graph\">{\"@context\":\"https:\\\/\\\/schema.org\",\"@graph\":[{\"@type\":\"Article\",\"@id\":\"https:\\\/\\\/folhapopular.info\\\/index.php\\\/2025\\\/03\\\/12\\\/por-mais-de-duas-decadas-baile-das-luluzinhas-e-destaque-nas-comemoracoes-do-dia-internacional-da-mulher-em-paverama\\\/#article\",\"isPartOf\":{\"@id\":\"https:\\\/\\\/folhapopular.info\\\/index.php\\\/2025\\\/03\\\/12\\\/por-mais-de-duas-decadas-baile-das-luluzinhas-e-destaque-nas-comemoracoes-do-dia-internacional-da-mulher-em-paverama\\\/\"},\"author\":{\"name\":\"Ariana de Oliveira\",\"@id\":\"https:\\\/\\\/folhapopular.info\\\/#\\\/schema\\\/person\\\/e80d332e33633a6164933af03d7ee1b2\"},\"headline\":\"Por mais de duas d\u00e9cadas, Baile das Luluzinhas \u00e9 destaque nas comemora\u00e7\u00f5es do Dia Internacional da Mulher em Paverama\",\"datePublished\":\"2025-03-12T15:00:00+00:00\",\"mainEntityOfPage\":{\"@id\":\"https:\\\/\\\/folhapopular.info\\\/index.php\\\/2025\\\/03\\\/12\\\/por-mais-de-duas-decadas-baile-das-luluzinhas-e-destaque-nas-comemoracoes-do-dia-internacional-da-mulher-em-paverama\\\/\"},\"wordCount\":479,\"commentCount\":0,\"image\":{\"@id\":\"https:\\\/\\\/folhapopular.info\\\/index.php\\\/2025\\\/03\\\/12\\\/por-mais-de-duas-decadas-baile-das-luluzinhas-e-destaque-nas-comemoracoes-do-dia-internacional-da-mulher-em-paverama\\\/#primaryimage\"},\"thumbnailUrl\":\"https:\\\/\\\/folhapopular.info\\\/wp-content\\\/uploads\\\/2025\\\/03\\\/As-amigas-se-prepararam-com-muita-atencao-a-cada-detalhe-das-fantasias_Arq-pessoal_DIV-scaled.jpg\",\"keywords\":[\"Baile das Luluzinhas\",\"Comemora\u00e7\u00f5es\",\"Dia Internacional da Mulher\",\"Paverama\"],\"articleSection\":[\"Destaques\",\"Inclusive\"],\"inLanguage\":\"pt-BR\",\"potentialAction\":[{\"@type\":\"CommentAction\",\"name\":\"Comment\",\"target\":[\"https:\\\/\\\/folhapopular.info\\\/index.php\\\/2025\\\/03\\\/12\\\/por-mais-de-duas-decadas-baile-das-luluzinhas-e-destaque-nas-comemoracoes-do-dia-internacional-da-mulher-em-paverama\\\/#respond\"]}]},{\"@type\":\"WebPage\",\"@id\":\"https:\\\/\\\/folhapopular.info\\\/index.php\\\/2025\\\/03\\\/12\\\/por-mais-de-duas-decadas-baile-das-luluzinhas-e-destaque-nas-comemoracoes-do-dia-internacional-da-mulher-em-paverama\\\/\",\"url\":\"https:\\\/\\\/folhapopular.info\\\/index.php\\\/2025\\\/03\\\/12\\\/por-mais-de-duas-decadas-baile-das-luluzinhas-e-destaque-nas-comemoracoes-do-dia-internacional-da-mulher-em-paverama\\\/\",\"name\":\"Por mais de duas d\u00e9cadas, Baile das Luluzinhas \u00e9 destaque nas comemora\u00e7\u00f5es do Dia Internacional da Mulher em Paverama - Folha Popular\",\"isPartOf\":{\"@id\":\"https:\\\/\\\/folhapopular.info\\\/#website\"},\"primaryImageOfPage\":{\"@id\":\"https:\\\/\\\/folhapopular.info\\\/index.php\\\/2025\\\/03\\\/12\\\/por-mais-de-duas-decadas-baile-das-luluzinhas-e-destaque-nas-comemoracoes-do-dia-internacional-da-mulher-em-paverama\\\/#primaryimage\"},\"image\":{\"@id\":\"https:\\\/\\\/folhapopular.info\\\/index.php\\\/2025\\\/03\\\/12\\\/por-mais-de-duas-decadas-baile-das-luluzinhas-e-destaque-nas-comemoracoes-do-dia-internacional-da-mulher-em-paverama\\\/#primaryimage\"},\"thumbnailUrl\":\"https:\\\/\\\/folhapopular.info\\\/wp-content\\\/uploads\\\/2025\\\/03\\\/As-amigas-se-prepararam-com-muita-atencao-a-cada-detalhe-das-fantasias_Arq-pessoal_DIV-scaled.jpg\",\"datePublished\":\"2025-03-12T15:00:00+00:00\",\"author\":{\"@id\":\"https:\\\/\\\/folhapopular.info\\\/#\\\/schema\\\/person\\\/e80d332e33633a6164933af03d7ee1b2\"},\"breadcrumb\":{\"@id\":\"https:\\\/\\\/folhapopular.info\\\/index.php\\\/2025\\\/03\\\/12\\\/por-mais-de-duas-decadas-baile-das-luluzinhas-e-destaque-nas-comemoracoes-do-dia-internacional-da-mulher-em-paverama\\\/#breadcrumb\"},\"inLanguage\":\"pt-BR\",\"potentialAction\":[{\"@type\":\"ReadAction\",\"target\":[\"https:\\\/\\\/folhapopular.info\\\/index.php\\\/2025\\\/03\\\/12\\\/por-mais-de-duas-decadas-baile-das-luluzinhas-e-destaque-nas-comemoracoes-do-dia-internacional-da-mulher-em-paverama\\\/\"]}]},{\"@type\":\"ImageObject\",\"inLanguage\":\"pt-BR\",\"@id\":\"https:\\\/\\\/folhapopular.info\\\/index.php\\\/2025\\\/03\\\/12\\\/por-mais-de-duas-decadas-baile-das-luluzinhas-e-destaque-nas-comemoracoes-do-dia-internacional-da-mulher-em-paverama\\\/#primaryimage\",\"url\":\"https:\\\/\\\/folhapopular.info\\\/wp-content\\\/uploads\\\/2025\\\/03\\\/As-amigas-se-prepararam-com-muita-atencao-a-cada-detalhe-das-fantasias_Arq-pessoal_DIV-scaled.jpg\",\"contentUrl\":\"https:\\\/\\\/folhapopular.info\\\/wp-content\\\/uploads\\\/2025\\\/03\\\/As-amigas-se-prepararam-com-muita-atencao-a-cada-detalhe-das-fantasias_Arq-pessoal_DIV-scaled.jpg\",\"width\":1920,\"height\":2560,\"caption\":\"As amigas se prepararam com muita aten\u00e7\u00e3o a cada detalhe das fantasias \\\/ Cr\u00e9dito: Arquivo Pessoal \\\/ Sabrina de Freitas \\\/ Divulga\u00e7\u00e3o\"},{\"@type\":\"BreadcrumbList\",\"@id\":\"https:\\\/\\\/folhapopular.info\\\/index.php\\\/2025\\\/03\\\/12\\\/por-mais-de-duas-decadas-baile-das-luluzinhas-e-destaque-nas-comemoracoes-do-dia-internacional-da-mulher-em-paverama\\\/#breadcrumb\",\"itemListElement\":[{\"@type\":\"ListItem\",\"position\":1,\"name\":\"In\u00edcio\",\"item\":\"https:\\\/\\\/folhapopular.info\\\/\"},{\"@type\":\"ListItem\",\"position\":2,\"name\":\"Por mais de duas d\u00e9cadas, Baile das Luluzinhas \u00e9 destaque nas comemora\u00e7\u00f5es do Dia Internacional da Mulher em Paverama\"}]},{\"@type\":\"WebSite\",\"@id\":\"https:\\\/\\\/folhapopular.info\\\/#website\",\"url\":\"https:\\\/\\\/folhapopular.info\\\/\",\"name\":\"Folha Popular\",\"description\":\"Onde voc\u00ea tem vez e voz\",\"potentialAction\":[{\"@type\":\"SearchAction\",\"target\":{\"@type\":\"EntryPoint\",\"urlTemplate\":\"https:\\\/\\\/folhapopular.info\\\/?s={search_term_string}\"},\"query-input\":{\"@type\":\"PropertyValueSpecification\",\"valueRequired\":true,\"valueName\":\"search_term_string\"}}],\"inLanguage\":\"pt-BR\"},{\"@type\":\"Person\",\"@id\":\"https:\\\/\\\/folhapopular.info\\\/#\\\/schema\\\/person\\\/e80d332e33633a6164933af03d7ee1b2\",\"name\":\"Ariana de Oliveira\",\"image\":{\"@type\":\"ImageObject\",\"inLanguage\":\"pt-BR\",\"@id\":\"https:\\\/\\\/secure.gravatar.com\\\/avatar\\\/f41f85ba276460e0a04f6d5aca07e53f273efeee7e662d9ef431432a18216f59?s=96&d=mm&r=g\",\"url\":\"https:\\\/\\\/secure.gravatar.com\\\/avatar\\\/f41f85ba276460e0a04f6d5aca07e53f273efeee7e662d9ef431432a18216f59?s=96&d=mm&r=g\",\"contentUrl\":\"https:\\\/\\\/secure.gravatar.com\\\/avatar\\\/f41f85ba276460e0a04f6d5aca07e53f273efeee7e662d9ef431432a18216f59?s=96&d=mm&r=g\",\"caption\":\"Ariana de Oliveira\"},\"url\":\"https:\\\/\\\/folhapopular.info\\\/index.php\\\/author\\\/ariana-deoliveiragmail-com\\\/\"}]}<\/script>\n<!-- \/ Yoast SEO plugin. -->","yoast_head_json":{"title":"Por mais de duas d\u00e9cadas, Baile das Luluzinhas \u00e9 destaque nas comemora\u00e7\u00f5es do Dia Internacional da Mulher em Paverama - Folha Popular","robots":{"index":"index","follow":"follow","max-snippet":"max-snippet:-1","max-image-preview":"max-image-preview:large","max-video-preview":"max-video-preview:-1"},"canonical":"https:\/\/folhapopular.info\/index.php\/2025\/03\/12\/por-mais-de-duas-decadas-baile-das-luluzinhas-e-destaque-nas-comemoracoes-do-dia-internacional-da-mulher-em-paverama\/","og_locale":"pt_BR","og_type":"article","og_title":"Por mais de duas d\u00e9cadas, Baile das Luluzinhas \u00e9 destaque nas comemora\u00e7\u00f5es do Dia Internacional da Mulher em Paverama - Folha Popular","og_description":"O s\u00e1bado (8\/3), Dia Internacional da Mulher, foi de total divers\u00e3o para as mulheres que participaram do j\u00e1 tradicional Baile das Luluzinhas, em Paverama. O evento faz parte das a\u00e7\u00f5es relacionadas ao M\u00eas da Mulher na cidade. O tema da 22\u00aa edi\u00e7\u00e3o foi \u201cPor onde for, flores\u00e7a e deixe sua ess\u00eancia brilhar\u201d, e reuniu mulheres [&hellip;]","og_url":"https:\/\/folhapopular.info\/index.php\/2025\/03\/12\/por-mais-de-duas-decadas-baile-das-luluzinhas-e-destaque-nas-comemoracoes-do-dia-internacional-da-mulher-em-paverama\/","og_site_name":"Folha Popular","article_published_time":"2025-03-12T15:00:00+00:00","og_image":[{"width":1920,"height":2560,"url":"https:\/\/folhapopular.info\/wp-content\/uploads\/2025\/03\/As-amigas-se-prepararam-com-muita-atencao-a-cada-detalhe-das-fantasias_Arq-pessoal_DIV-scaled.jpg","type":"image\/jpeg"}],"author":"Ariana de Oliveira","twitter_card":"summary_large_image","twitter_misc":{"Escrito por":"Ariana de Oliveira","Est. tempo de leitura":"3 minutos"},"schema":{"@context":"https:\/\/schema.org","@graph":[{"@type":"Article","@id":"https:\/\/folhapopular.info\/index.php\/2025\/03\/12\/por-mais-de-duas-decadas-baile-das-luluzinhas-e-destaque-nas-comemoracoes-do-dia-internacional-da-mulher-em-paverama\/#article","isPartOf":{"@id":"https:\/\/folhapopular.info\/index.php\/2025\/03\/12\/por-mais-de-duas-decadas-baile-das-luluzinhas-e-destaque-nas-comemoracoes-do-dia-internacional-da-mulher-em-paverama\/"},"author":{"name":"Ariana de Oliveira","@id":"https:\/\/folhapopular.info\/#\/schema\/person\/e80d332e33633a6164933af03d7ee1b2"},"headline":"Por mais de duas d\u00e9cadas, Baile das Luluzinhas \u00e9 destaque nas comemora\u00e7\u00f5es do Dia Internacional da Mulher em Paverama","datePublished":"2025-03-12T15:00:00+00:00","mainEntityOfPage":{"@id":"https:\/\/folhapopular.info\/index.php\/2025\/03\/12\/por-mais-de-duas-decadas-baile-das-luluzinhas-e-destaque-nas-comemoracoes-do-dia-internacional-da-mulher-em-paverama\/"},"wordCount":479,"commentCount":0,"image":{"@id":"https:\/\/folhapopular.info\/index.php\/2025\/03\/12\/por-mais-de-duas-decadas-baile-das-luluzinhas-e-destaque-nas-comemoracoes-do-dia-internacional-da-mulher-em-paverama\/#primaryimage"},"thumbnailUrl":"https:\/\/folhapopular.info\/wp-content\/uploads\/2025\/03\/As-amigas-se-prepararam-com-muita-atencao-a-cada-detalhe-das-fantasias_Arq-pessoal_DIV-scaled.jpg","keywords":["Baile das Luluzinhas","Comemora\u00e7\u00f5es","Dia Internacional da Mulher","Paverama"],"articleSection":["Destaques","Inclusive"],"inLanguage":"pt-BR","potentialAction":[{"@type":"CommentAction","name":"Comment","target":["https:\/\/folhapopular.info\/index.php\/2025\/03\/12\/por-mais-de-duas-decadas-baile-das-luluzinhas-e-destaque-nas-comemoracoes-do-dia-internacional-da-mulher-em-paverama\/#respond"]}]},{"@type":"WebPage","@id":"https:\/\/folhapopular.info\/index.php\/2025\/03\/12\/por-mais-de-duas-decadas-baile-das-luluzinhas-e-destaque-nas-comemoracoes-do-dia-internacional-da-mulher-em-paverama\/","url":"https:\/\/folhapopular.info\/index.php\/2025\/03\/12\/por-mais-de-duas-decadas-baile-das-luluzinhas-e-destaque-nas-comemoracoes-do-dia-internacional-da-mulher-em-paverama\/","name":"Por mais de duas d\u00e9cadas, Baile das Luluzinhas \u00e9 destaque nas comemora\u00e7\u00f5es do Dia Internacional da Mulher em Paverama - Folha Popular","isPartOf":{"@id":"https:\/\/folhapopular.info\/#website"},"primaryImageOfPage":{"@id":"https:\/\/folhapopular.info\/index.php\/2025\/03\/12\/por-mais-de-duas-decadas-baile-das-luluzinhas-e-destaque-nas-comemoracoes-do-dia-internacional-da-mulher-em-paverama\/#primaryimage"},"image":{"@id":"https:\/\/folhapopular.info\/index.php\/2025\/03\/12\/por-mais-de-duas-decadas-baile-das-luluzinhas-e-destaque-nas-comemoracoes-do-dia-internacional-da-mulher-em-paverama\/#primaryimage"},"thumbnailUrl":"https:\/\/folhapopular.info\/wp-content\/uploads\/2025\/03\/As-amigas-se-prepararam-com-muita-atencao-a-cada-detalhe-das-fantasias_Arq-pessoal_DIV-scaled.jpg","datePublished":"2025-03-12T15:00:00+00:00","author":{"@id":"https:\/\/folhapopular.info\/#\/schema\/person\/e80d332e33633a6164933af03d7ee1b2"},"breadcrumb":{"@id":"https:\/\/folhapopular.info\/index.php\/2025\/03\/12\/por-mais-de-duas-decadas-baile-das-luluzinhas-e-destaque-nas-comemoracoes-do-dia-internacional-da-mulher-em-paverama\/#breadcrumb"},"inLanguage":"pt-BR","potentialAction":[{"@type":"ReadAction","target":["https:\/\/folhapopular.info\/index.php\/2025\/03\/12\/por-mais-de-duas-decadas-baile-das-luluzinhas-e-destaque-nas-comemoracoes-do-dia-internacional-da-mulher-em-paverama\/"]}]},{"@type":"ImageObject","inLanguage":"pt-BR","@id":"https:\/\/folhapopular.info\/index.php\/2025\/03\/12\/por-mais-de-duas-decadas-baile-das-luluzinhas-e-destaque-nas-comemoracoes-do-dia-internacional-da-mulher-em-paverama\/#primaryimage","url":"https:\/\/folhapopular.info\/wp-content\/uploads\/2025\/03\/As-amigas-se-prepararam-com-muita-atencao-a-cada-detalhe-das-fantasias_Arq-pessoal_DIV-scaled.jpg","contentUrl":"https:\/\/folhapopular.info\/wp-content\/uploads\/2025\/03\/As-amigas-se-prepararam-com-muita-atencao-a-cada-detalhe-das-fantasias_Arq-pessoal_DIV-scaled.jpg","width":1920,"height":2560,"caption":"As amigas se prepararam com muita aten\u00e7\u00e3o a cada detalhe das fantasias \/ Cr\u00e9dito: Arquivo Pessoal \/ Sabrina de Freitas \/ Divulga\u00e7\u00e3o"},{"@type":"BreadcrumbList","@id":"https:\/\/folhapopular.info\/index.php\/2025\/03\/12\/por-mais-de-duas-decadas-baile-das-luluzinhas-e-destaque-nas-comemoracoes-do-dia-internacional-da-mulher-em-paverama\/#breadcrumb","itemListElement":[{"@type":"ListItem","position":1,"name":"In\u00edcio","item":"https:\/\/folhapopular.info\/"},{"@type":"ListItem","position":2,"name":"Por mais de duas d\u00e9cadas, Baile das Luluzinhas \u00e9 destaque nas comemora\u00e7\u00f5es do Dia Internacional da Mulher em Paverama"}]},{"@type":"WebSite","@id":"https:\/\/folhapopular.info\/#website","url":"https:\/\/folhapopular.info\/","name":"Folha Popular","description":"Onde voc\u00ea tem vez e voz","potentialAction":[{"@type":"SearchAction","target":{"@type":"EntryPoint","urlTemplate":"https:\/\/folhapopular.info\/?s={search_term_string}"},"query-input":{"@type":"PropertyValueSpecification","valueRequired":true,"valueName":"search_term_string"}}],"inLanguage":"pt-BR"},{"@type":"Person","@id":"https:\/\/folhapopular.info\/#\/schema\/person\/e80d332e33633a6164933af03d7ee1b2","name":"Ariana de Oliveira","image":{"@type":"ImageObject","inLanguage":"pt-BR","@id":"https:\/\/secure.gravatar.com\/avatar\/f41f85ba276460e0a04f6d5aca07e53f273efeee7e662d9ef431432a18216f59?s=96&d=mm&r=g","url":"https:\/\/secure.gravatar.com\/avatar\/f41f85ba276460e0a04f6d5aca07e53f273efeee7e662d9ef431432a18216f59?s=96&d=mm&r=g","contentUrl":"https:\/\/secure.gravatar.com\/avatar\/f41f85ba276460e0a04f6d5aca07e53f273efeee7e662d9ef431432a18216f59?s=96&d=mm&r=g","caption":"Ariana de Oliveira"},"url":"https:\/\/folhapopular.info\/index.php\/author\/ariana-deoliveiragmail-com\/"}]}},"jetpack_featured_media_url":"https:\/\/folhapopular.info\/wp-content\/uploads\/2025\/03\/As-amigas-se-prepararam-com-muita-atencao-a-cada-detalhe-das-fantasias_Arq-pessoal_DIV-scaled.jpg","jetpack_sharing_enabled":true,"amp_enabled":true,"_links":{"self":[{"href":"https:\/\/folhapopular.info\/index.php\/wp-json\/wp\/v2\/posts\/182299","targetHints":{"allow":["GET"]}}],"collection":[{"href":"https:\/\/folhapopular.info\/index.php\/wp-json\/wp\/v2\/posts"}],"about":[{"href":"https:\/\/folhapopular.info\/index.php\/wp-json\/wp\/v2\/types\/post"}],"author":[{"embeddable":true,"href":"https:\/\/folhapopular.info\/index.php\/wp-json\/wp\/v2\/users\/707"}],"replies":[{"embeddable":true,"href":"https:\/\/folhapopular.info\/index.php\/wp-json\/wp\/v2\/comments?post=182299"}],"version-history":[{"count":0,"href":"https:\/\/folhapopular.info\/index.php\/wp-json\/wp\/v2\/posts\/182299\/revisions"}],"wp:featuredmedia":[{"embeddable":true,"href":"https:\/\/folhapopular.info\/index.php\/wp-json\/wp\/v2\/media\/182301"}],"wp:attachment":[{"href":"https:\/\/folhapopular.info\/index.php\/wp-json\/wp\/v2\/media?parent=182299"}],"wp:term":[{"taxonomy":"category","embeddable":true,"href":"https:\/\/folhapopular.info\/index.php\/wp-json\/wp\/v2\/categories?post=182299"},{"taxonomy":"post_tag","embeddable":true,"href":"https:\/\/folhapopular.info\/index.php\/wp-json\/wp\/v2\/tags?post=182299"}],"curies":[{"name":"wp","href":"https:\/\/api.w.org\/{rel}","templated":true}]}}