{"id":182479,"date":"2025-03-15T08:00:00","date_gmt":"2025-03-15T11:00:00","guid":{"rendered":"https:\/\/folhapopular.info\/?p=182479"},"modified":"2025-03-15T07:47:02","modified_gmt":"2025-03-15T10:47:02","slug":"programa-mais-elas-e-cic-teutonia-propoem-noite-de-leveza-e-risada-as-mulheres","status":"publish","type":"post","link":"https:\/\/folhapopular.info\/index.php\/2025\/03\/15\/programa-mais-elas-e-cic-teutonia-propoem-noite-de-leveza-e-risada-as-mulheres\/","title":{"rendered":"Programa Mais Elas e Cic Teut\u00f4nia prop\u00f5em noite de leveza e risada \u00e0s mulheres"},"content":{"rendered":"\n<p>O Dia Internacional da Mulher \u00e9 celebrado em todo mundo em 8 de mar\u00e7o, por\u00e9m, um dia s\u00f3 n\u00e3o d\u00e1 conta de tantas possibilidades de pensar em ser, agir e se manifestar enquanto mulher. Pensando nisso, a 12\u00aa edi\u00e7\u00e3o do Dia Internacional da Mulher, parceria entre o Programa Mais Elas, da R\u00e1dio Popular, e a C\u00e2mara de Ind\u00fastria, Com\u00e9rcio e Servi\u00e7os (CIC) de Teut\u00f4nia realizou uma noite pensada s\u00f3 nelas.<\/p>\n\n\n\n<p>A programa\u00e7\u00e3o, pensada com muito carinho, trouxe com\u00e9dia e m\u00fasica feitas por mulheres incr\u00edveis. A comediante Betina C\u00e2mara foi respons\u00e1vel pelas gargalhadas de 150 mulheres.<\/p>\n\n\n\n<p><strong>Humor \u00e9 uma<\/strong> <strong>ferramenta de poder<\/strong><\/p>\n\n\n\n<p>Pela primeira vez em Teut\u00f4nia, a comediante Betina C\u00e2mara surpreendeu com seu humor \u00e1cido e provocativo, afinal de contas, o humor \u00e9 feito tamb\u00e9m para refletir a sociedade. Betina afirma categoricamente que &#8220;humor \u00e9 uma ferramenta de poder&#8221;. Ela explica que, historicamente, o humor foi mais presente e aceito entre os homens, e que at\u00e9 a gera\u00e7\u00e3o atual, n\u00e3o era algo incentivado entre as meninas.<\/p>\n\n\n\n<p><strong> \u201cTudo que n\u00f3s mulheres queremos \u00e9 sermos respeitadas e tamb\u00e9m termos a nossa liberdade. Eu sempre falo isso, humor \u00e9 uma ferramenta de poder, por isso que durante tantos anos ele esteve mais presente na boca dos homens\u201d<\/strong> &#8211; <strong>Betina C\u00e2mara<\/strong><\/p>\n\n\n\n<figure class=\"wp-block-image size-large\"><img loading=\"lazy\" decoding=\"async\" width=\"1024\" height=\"683\" src=\"https:\/\/folhapopular.info\/wp-content\/uploads\/2025\/03\/bolinha-betina-1024x683.jpg\" alt=\"\" class=\"wp-image-182482\" srcset=\"https:\/\/folhapopular.info\/wp-content\/uploads\/2025\/03\/bolinha-betina-1024x683.jpg 1024w, https:\/\/folhapopular.info\/wp-content\/uploads\/2025\/03\/bolinha-betina-300x200.jpg 300w, https:\/\/folhapopular.info\/wp-content\/uploads\/2025\/03\/bolinha-betina-768x512.jpg 768w, https:\/\/folhapopular.info\/wp-content\/uploads\/2025\/03\/bolinha-betina-1536x1024.jpg 1536w, https:\/\/folhapopular.info\/wp-content\/uploads\/2025\/03\/bolinha-betina-2048x1365.jpg 2048w, https:\/\/folhapopular.info\/wp-content\/uploads\/2025\/03\/bolinha-betina-630x420.jpg 630w, https:\/\/folhapopular.info\/wp-content\/uploads\/2025\/03\/bolinha-betina-696x464.jpg 696w, https:\/\/folhapopular.info\/wp-content\/uploads\/2025\/03\/bolinha-betina-1068x712.jpg 1068w, https:\/\/folhapopular.info\/wp-content\/uploads\/2025\/03\/bolinha-betina-1920x1280.jpg 1920w\" sizes=\"auto, (max-width: 1024px) 100vw, 1024px\" \/><figcaption class=\"wp-element-caption\">Betina C\u00e2mara <\/figcaption><\/figure>\n\n\n\n<p>Betina reflete sobre como o desenvolvimento do humor e da linguagem humor\u00edstica pode ter sido limitado nas mulheres desde a inf\u00e2ncia, devido a expectativas sociais ligadas \u00e0 beleza e a pap\u00e9is tradicionais das mulheres. Ela se identifica com outras comediantes como Tat\u00e1 Werneck e Dani Calabresa, mulheres que fogem das expectativas do feminino e que encontraram no humor uma forma de comunica\u00e7\u00e3o.<\/p>\n\n\n\n<p><strong>12 edi\u00e7\u00f5es reunindo mulheres<\/strong><\/p>\n\n\n\n<p>Uma das organizadoras do evento \u00e9 a jornalista e comunicadora do Grupo Popular, Luciana Brune. Apresentadora e idealizadora do programa Mais Elas da R\u00e1dio Popular, Luciana diz que o objetivo do evento \u00e9 marcar a data com uma programa\u00e7\u00e3o para que as mulheres possam se sentir especiais. O destaque s\u00e3o as tem\u00e1ticas importantes a elas e o momento de confraterniza\u00e7\u00e3o, trocas e de estar com as amigas, al\u00e9m de conhecer novas mulheres.<\/p>\n\n\n\n<p>Al\u00e9m disso, Luciana destaca que todas t\u00eam muito a comemorar: por exemplo, se voltarmos ao in\u00edcio do programa Mais Elas, n\u00e3o era comum as mulheres estarem no r\u00e1dio e serem protagonistas de programas radiof\u00f4nicos.<\/p>\n\n\n\n<p><strong>\u201cA Popular foi protagonista tamb\u00e9m na quest\u00e3o esportiva, de levar mulheres para o campo para fazer reportagem e fotografar. Isso se multiplica, porque esses eventos nos empoderam. Uma vai fortalecendo a outra e vamos crescendo juntas\u201d<\/strong> &#8211; <strong>Luciana Brune<\/strong><\/p>\n\n\n\n<figure class=\"wp-block-image size-full\"><img loading=\"lazy\" decoding=\"async\" width=\"437\" height=\"762\" src=\"https:\/\/folhapopular.info\/wp-content\/uploads\/2025\/03\/WhatsApp-Image-2025-03-15-at-07.44.59.jpeg\" alt=\"\" class=\"wp-image-182484\" srcset=\"https:\/\/folhapopular.info\/wp-content\/uploads\/2025\/03\/WhatsApp-Image-2025-03-15-at-07.44.59.jpeg 437w, https:\/\/folhapopular.info\/wp-content\/uploads\/2025\/03\/WhatsApp-Image-2025-03-15-at-07.44.59-172x300.jpeg 172w, https:\/\/folhapopular.info\/wp-content\/uploads\/2025\/03\/WhatsApp-Image-2025-03-15-at-07.44.59-241x420.jpeg 241w\" sizes=\"auto, (max-width: 437px) 100vw, 437px\" \/><figcaption class=\"wp-element-caption\">Luciana Brune<\/figcaption><\/figure>\n\n\n\n<p>A realiza\u00e7\u00e3o do evento \u00e9 da CIC Teut\u00f4nia e do Programa Mais Elas (R\u00e1dio Popular), com o patroc\u00ednio de Cooperativa Certel, Cresol Ess\u00eancia, Cristal Joias e \u00d3tica, Ra\u00edzes Emp\u00f3rio e Vinhos, Sicredi Ouro Branco RS\/MG e apoio do N\u00facleo de Mulheres Empreendedoras da CIC Teut\u00f4nia.<\/p>\n","protected":false},"excerpt":{"rendered":"<p>O Dia Internacional da Mulher \u00e9 celebrado em todo mundo em 8 de mar\u00e7o, por\u00e9m, um dia s\u00f3 n\u00e3o d\u00e1 conta de tantas possibilidades de pensar em ser, agir e se manifestar enquanto mulher. Pensando nisso, a 12\u00aa edi\u00e7\u00e3o do Dia Internacional da Mulher, parceria entre o Programa Mais Elas, da R\u00e1dio Popular, e a [&hellip;]<\/p>\n","protected":false},"author":707,"featured_media":182481,"comment_status":"open","ping_status":"open","sticky":false,"template":"","format":"standard","meta":{"pmpro_default_level":"","_jetpack_memberships_contains_paid_content":false,"footnotes":""},"categories":[2,10999,6],"tags":[178,2220,2454,26],"class_list":{"0":"post-182479","1":"post","2":"type-post","3":"status-publish","4":"format-standard","5":"has-post-thumbnail","7":"category-featured","8":"category-entretenimento","9":"category-inclusive","10":"tag-cic-teutonia","11":"tag-dia-da-mulher","12":"tag-mais-elas","13":"tag-teutonia","14":"pmpro-has-access"},"yoast_head":"<!-- This site is optimized with the Yoast SEO plugin v27.5 - https:\/\/yoast.com\/product\/yoast-seo-wordpress\/ -->\n<title>Programa Mais Elas e Cic Teut\u00f4nia prop\u00f5em noite de leveza e risada \u00e0s mulheres - Folha Popular<\/title>\n<meta name=\"robots\" content=\"index, follow, max-snippet:-1, max-image-preview:large, max-video-preview:-1\" \/>\n<link rel=\"canonical\" href=\"https:\/\/folhapopular.info\/index.php\/2025\/03\/15\/programa-mais-elas-e-cic-teutonia-propoem-noite-de-leveza-e-risada-as-mulheres\/\" \/>\n<meta property=\"og:locale\" content=\"pt_BR\" \/>\n<meta property=\"og:type\" content=\"article\" \/>\n<meta property=\"og:title\" content=\"Programa Mais Elas e Cic Teut\u00f4nia prop\u00f5em noite de leveza e risada \u00e0s mulheres - Folha Popular\" \/>\n<meta property=\"og:description\" content=\"O Dia Internacional da Mulher \u00e9 celebrado em todo mundo em 8 de mar\u00e7o, por\u00e9m, um dia s\u00f3 n\u00e3o d\u00e1 conta de tantas possibilidades de pensar em ser, agir e se manifestar enquanto mulher. Pensando nisso, a 12\u00aa edi\u00e7\u00e3o do Dia Internacional da Mulher, parceria entre o Programa Mais Elas, da R\u00e1dio Popular, e a [&hellip;]\" \/>\n<meta property=\"og:url\" content=\"https:\/\/folhapopular.info\/index.php\/2025\/03\/15\/programa-mais-elas-e-cic-teutonia-propoem-noite-de-leveza-e-risada-as-mulheres\/\" \/>\n<meta property=\"og:site_name\" content=\"Folha Popular\" \/>\n<meta property=\"article:published_time\" content=\"2025-03-15T11:00:00+00:00\" \/>\n<meta property=\"og:image\" content=\"https:\/\/folhapopular.info\/wp-content\/uploads\/2025\/03\/Betina-sacudiu-o-publico-com-seu-humor-acido_Paloma-Valandro-scaled.jpg\" \/>\n\t<meta property=\"og:image:width\" content=\"2560\" \/>\n\t<meta property=\"og:image:height\" content=\"1707\" \/>\n\t<meta property=\"og:image:type\" content=\"image\/jpeg\" \/>\n<meta name=\"author\" content=\"Ariana de Oliveira\" \/>\n<meta name=\"twitter:card\" content=\"summary_large_image\" \/>\n<meta name=\"twitter:label1\" content=\"Escrito por\" \/>\n\t<meta name=\"twitter:data1\" content=\"Ariana de Oliveira\" \/>\n\t<meta name=\"twitter:label2\" content=\"Est. tempo de leitura\" \/>\n\t<meta name=\"twitter:data2\" content=\"4 minutos\" \/>\n<script type=\"application\/ld+json\" class=\"yoast-schema-graph\">{\"@context\":\"https:\\\/\\\/schema.org\",\"@graph\":[{\"@type\":\"Article\",\"@id\":\"https:\\\/\\\/folhapopular.info\\\/index.php\\\/2025\\\/03\\\/15\\\/programa-mais-elas-e-cic-teutonia-propoem-noite-de-leveza-e-risada-as-mulheres\\\/#article\",\"isPartOf\":{\"@id\":\"https:\\\/\\\/folhapopular.info\\\/index.php\\\/2025\\\/03\\\/15\\\/programa-mais-elas-e-cic-teutonia-propoem-noite-de-leveza-e-risada-as-mulheres\\\/\"},\"author\":{\"name\":\"Ariana de Oliveira\",\"@id\":\"https:\\\/\\\/folhapopular.info\\\/#\\\/schema\\\/person\\\/e80d332e33633a6164933af03d7ee1b2\"},\"headline\":\"Programa Mais Elas e Cic Teut\u00f4nia prop\u00f5em noite de leveza e risada \u00e0s mulheres\",\"datePublished\":\"2025-03-15T11:00:00+00:00\",\"mainEntityOfPage\":{\"@id\":\"https:\\\/\\\/folhapopular.info\\\/index.php\\\/2025\\\/03\\\/15\\\/programa-mais-elas-e-cic-teutonia-propoem-noite-de-leveza-e-risada-as-mulheres\\\/\"},\"wordCount\":523,\"commentCount\":0,\"image\":{\"@id\":\"https:\\\/\\\/folhapopular.info\\\/index.php\\\/2025\\\/03\\\/15\\\/programa-mais-elas-e-cic-teutonia-propoem-noite-de-leveza-e-risada-as-mulheres\\\/#primaryimage\"},\"thumbnailUrl\":\"https:\\\/\\\/folhapopular.info\\\/wp-content\\\/uploads\\\/2025\\\/03\\\/Betina-sacudiu-o-publico-com-seu-humor-acido_Paloma-Valandro-scaled.jpg\",\"keywords\":[\"CIC Teut\u00f4nia\",\"Dia da Mulher\",\"mais elas\",\"Teut\u00f4nia\"],\"articleSection\":[\"Destaques\",\"Entretenimento\",\"Inclusive\"],\"inLanguage\":\"pt-BR\",\"potentialAction\":[{\"@type\":\"CommentAction\",\"name\":\"Comment\",\"target\":[\"https:\\\/\\\/folhapopular.info\\\/index.php\\\/2025\\\/03\\\/15\\\/programa-mais-elas-e-cic-teutonia-propoem-noite-de-leveza-e-risada-as-mulheres\\\/#respond\"]}]},{\"@type\":\"WebPage\",\"@id\":\"https:\\\/\\\/folhapopular.info\\\/index.php\\\/2025\\\/03\\\/15\\\/programa-mais-elas-e-cic-teutonia-propoem-noite-de-leveza-e-risada-as-mulheres\\\/\",\"url\":\"https:\\\/\\\/folhapopular.info\\\/index.php\\\/2025\\\/03\\\/15\\\/programa-mais-elas-e-cic-teutonia-propoem-noite-de-leveza-e-risada-as-mulheres\\\/\",\"name\":\"Programa Mais Elas e Cic Teut\u00f4nia prop\u00f5em noite de leveza e risada \u00e0s mulheres - Folha Popular\",\"isPartOf\":{\"@id\":\"https:\\\/\\\/folhapopular.info\\\/#website\"},\"primaryImageOfPage\":{\"@id\":\"https:\\\/\\\/folhapopular.info\\\/index.php\\\/2025\\\/03\\\/15\\\/programa-mais-elas-e-cic-teutonia-propoem-noite-de-leveza-e-risada-as-mulheres\\\/#primaryimage\"},\"image\":{\"@id\":\"https:\\\/\\\/folhapopular.info\\\/index.php\\\/2025\\\/03\\\/15\\\/programa-mais-elas-e-cic-teutonia-propoem-noite-de-leveza-e-risada-as-mulheres\\\/#primaryimage\"},\"thumbnailUrl\":\"https:\\\/\\\/folhapopular.info\\\/wp-content\\\/uploads\\\/2025\\\/03\\\/Betina-sacudiu-o-publico-com-seu-humor-acido_Paloma-Valandro-scaled.jpg\",\"datePublished\":\"2025-03-15T11:00:00+00:00\",\"author\":{\"@id\":\"https:\\\/\\\/folhapopular.info\\\/#\\\/schema\\\/person\\\/e80d332e33633a6164933af03d7ee1b2\"},\"breadcrumb\":{\"@id\":\"https:\\\/\\\/folhapopular.info\\\/index.php\\\/2025\\\/03\\\/15\\\/programa-mais-elas-e-cic-teutonia-propoem-noite-de-leveza-e-risada-as-mulheres\\\/#breadcrumb\"},\"inLanguage\":\"pt-BR\",\"potentialAction\":[{\"@type\":\"ReadAction\",\"target\":[\"https:\\\/\\\/folhapopular.info\\\/index.php\\\/2025\\\/03\\\/15\\\/programa-mais-elas-e-cic-teutonia-propoem-noite-de-leveza-e-risada-as-mulheres\\\/\"]}]},{\"@type\":\"ImageObject\",\"inLanguage\":\"pt-BR\",\"@id\":\"https:\\\/\\\/folhapopular.info\\\/index.php\\\/2025\\\/03\\\/15\\\/programa-mais-elas-e-cic-teutonia-propoem-noite-de-leveza-e-risada-as-mulheres\\\/#primaryimage\",\"url\":\"https:\\\/\\\/folhapopular.info\\\/wp-content\\\/uploads\\\/2025\\\/03\\\/Betina-sacudiu-o-publico-com-seu-humor-acido_Paloma-Valandro-scaled.jpg\",\"contentUrl\":\"https:\\\/\\\/folhapopular.info\\\/wp-content\\\/uploads\\\/2025\\\/03\\\/Betina-sacudiu-o-publico-com-seu-humor-acido_Paloma-Valandro-scaled.jpg\",\"width\":2560,\"height\":1707,\"caption\":\"Betina sacudiu o p\u00fablico com seu humor \u00e1cido \\\/ Cr\u00e9dito: Paloma Valandro\"},{\"@type\":\"BreadcrumbList\",\"@id\":\"https:\\\/\\\/folhapopular.info\\\/index.php\\\/2025\\\/03\\\/15\\\/programa-mais-elas-e-cic-teutonia-propoem-noite-de-leveza-e-risada-as-mulheres\\\/#breadcrumb\",\"itemListElement\":[{\"@type\":\"ListItem\",\"position\":1,\"name\":\"In\u00edcio\",\"item\":\"https:\\\/\\\/folhapopular.info\\\/\"},{\"@type\":\"ListItem\",\"position\":2,\"name\":\"Programa Mais Elas e Cic Teut\u00f4nia prop\u00f5em noite de leveza e risada \u00e0s mulheres\"}]},{\"@type\":\"WebSite\",\"@id\":\"https:\\\/\\\/folhapopular.info\\\/#website\",\"url\":\"https:\\\/\\\/folhapopular.info\\\/\",\"name\":\"Folha Popular\",\"description\":\"Onde voc\u00ea tem vez e voz\",\"potentialAction\":[{\"@type\":\"SearchAction\",\"target\":{\"@type\":\"EntryPoint\",\"urlTemplate\":\"https:\\\/\\\/folhapopular.info\\\/?s={search_term_string}\"},\"query-input\":{\"@type\":\"PropertyValueSpecification\",\"valueRequired\":true,\"valueName\":\"search_term_string\"}}],\"inLanguage\":\"pt-BR\"},{\"@type\":\"Person\",\"@id\":\"https:\\\/\\\/folhapopular.info\\\/#\\\/schema\\\/person\\\/e80d332e33633a6164933af03d7ee1b2\",\"name\":\"Ariana de Oliveira\",\"image\":{\"@type\":\"ImageObject\",\"inLanguage\":\"pt-BR\",\"@id\":\"https:\\\/\\\/secure.gravatar.com\\\/avatar\\\/f41f85ba276460e0a04f6d5aca07e53f273efeee7e662d9ef431432a18216f59?s=96&d=mm&r=g\",\"url\":\"https:\\\/\\\/secure.gravatar.com\\\/avatar\\\/f41f85ba276460e0a04f6d5aca07e53f273efeee7e662d9ef431432a18216f59?s=96&d=mm&r=g\",\"contentUrl\":\"https:\\\/\\\/secure.gravatar.com\\\/avatar\\\/f41f85ba276460e0a04f6d5aca07e53f273efeee7e662d9ef431432a18216f59?s=96&d=mm&r=g\",\"caption\":\"Ariana de Oliveira\"},\"url\":\"https:\\\/\\\/folhapopular.info\\\/index.php\\\/author\\\/ariana-deoliveiragmail-com\\\/\"}]}<\/script>\n<!-- \/ Yoast SEO plugin. -->","yoast_head_json":{"title":"Programa Mais Elas e Cic Teut\u00f4nia prop\u00f5em noite de leveza e risada \u00e0s mulheres - Folha Popular","robots":{"index":"index","follow":"follow","max-snippet":"max-snippet:-1","max-image-preview":"max-image-preview:large","max-video-preview":"max-video-preview:-1"},"canonical":"https:\/\/folhapopular.info\/index.php\/2025\/03\/15\/programa-mais-elas-e-cic-teutonia-propoem-noite-de-leveza-e-risada-as-mulheres\/","og_locale":"pt_BR","og_type":"article","og_title":"Programa Mais Elas e Cic Teut\u00f4nia prop\u00f5em noite de leveza e risada \u00e0s mulheres - Folha Popular","og_description":"O Dia Internacional da Mulher \u00e9 celebrado em todo mundo em 8 de mar\u00e7o, por\u00e9m, um dia s\u00f3 n\u00e3o d\u00e1 conta de tantas possibilidades de pensar em ser, agir e se manifestar enquanto mulher. Pensando nisso, a 12\u00aa edi\u00e7\u00e3o do Dia Internacional da Mulher, parceria entre o Programa Mais Elas, da R\u00e1dio Popular, e a [&hellip;]","og_url":"https:\/\/folhapopular.info\/index.php\/2025\/03\/15\/programa-mais-elas-e-cic-teutonia-propoem-noite-de-leveza-e-risada-as-mulheres\/","og_site_name":"Folha Popular","article_published_time":"2025-03-15T11:00:00+00:00","og_image":[{"width":2560,"height":1707,"url":"https:\/\/folhapopular.info\/wp-content\/uploads\/2025\/03\/Betina-sacudiu-o-publico-com-seu-humor-acido_Paloma-Valandro-scaled.jpg","type":"image\/jpeg"}],"author":"Ariana de Oliveira","twitter_card":"summary_large_image","twitter_misc":{"Escrito por":"Ariana de Oliveira","Est. tempo de leitura":"4 minutos"},"schema":{"@context":"https:\/\/schema.org","@graph":[{"@type":"Article","@id":"https:\/\/folhapopular.info\/index.php\/2025\/03\/15\/programa-mais-elas-e-cic-teutonia-propoem-noite-de-leveza-e-risada-as-mulheres\/#article","isPartOf":{"@id":"https:\/\/folhapopular.info\/index.php\/2025\/03\/15\/programa-mais-elas-e-cic-teutonia-propoem-noite-de-leveza-e-risada-as-mulheres\/"},"author":{"name":"Ariana de Oliveira","@id":"https:\/\/folhapopular.info\/#\/schema\/person\/e80d332e33633a6164933af03d7ee1b2"},"headline":"Programa Mais Elas e Cic Teut\u00f4nia prop\u00f5em noite de leveza e risada \u00e0s mulheres","datePublished":"2025-03-15T11:00:00+00:00","mainEntityOfPage":{"@id":"https:\/\/folhapopular.info\/index.php\/2025\/03\/15\/programa-mais-elas-e-cic-teutonia-propoem-noite-de-leveza-e-risada-as-mulheres\/"},"wordCount":523,"commentCount":0,"image":{"@id":"https:\/\/folhapopular.info\/index.php\/2025\/03\/15\/programa-mais-elas-e-cic-teutonia-propoem-noite-de-leveza-e-risada-as-mulheres\/#primaryimage"},"thumbnailUrl":"https:\/\/folhapopular.info\/wp-content\/uploads\/2025\/03\/Betina-sacudiu-o-publico-com-seu-humor-acido_Paloma-Valandro-scaled.jpg","keywords":["CIC Teut\u00f4nia","Dia da Mulher","mais elas","Teut\u00f4nia"],"articleSection":["Destaques","Entretenimento","Inclusive"],"inLanguage":"pt-BR","potentialAction":[{"@type":"CommentAction","name":"Comment","target":["https:\/\/folhapopular.info\/index.php\/2025\/03\/15\/programa-mais-elas-e-cic-teutonia-propoem-noite-de-leveza-e-risada-as-mulheres\/#respond"]}]},{"@type":"WebPage","@id":"https:\/\/folhapopular.info\/index.php\/2025\/03\/15\/programa-mais-elas-e-cic-teutonia-propoem-noite-de-leveza-e-risada-as-mulheres\/","url":"https:\/\/folhapopular.info\/index.php\/2025\/03\/15\/programa-mais-elas-e-cic-teutonia-propoem-noite-de-leveza-e-risada-as-mulheres\/","name":"Programa Mais Elas e Cic Teut\u00f4nia prop\u00f5em noite de leveza e risada \u00e0s mulheres - Folha Popular","isPartOf":{"@id":"https:\/\/folhapopular.info\/#website"},"primaryImageOfPage":{"@id":"https:\/\/folhapopular.info\/index.php\/2025\/03\/15\/programa-mais-elas-e-cic-teutonia-propoem-noite-de-leveza-e-risada-as-mulheres\/#primaryimage"},"image":{"@id":"https:\/\/folhapopular.info\/index.php\/2025\/03\/15\/programa-mais-elas-e-cic-teutonia-propoem-noite-de-leveza-e-risada-as-mulheres\/#primaryimage"},"thumbnailUrl":"https:\/\/folhapopular.info\/wp-content\/uploads\/2025\/03\/Betina-sacudiu-o-publico-com-seu-humor-acido_Paloma-Valandro-scaled.jpg","datePublished":"2025-03-15T11:00:00+00:00","author":{"@id":"https:\/\/folhapopular.info\/#\/schema\/person\/e80d332e33633a6164933af03d7ee1b2"},"breadcrumb":{"@id":"https:\/\/folhapopular.info\/index.php\/2025\/03\/15\/programa-mais-elas-e-cic-teutonia-propoem-noite-de-leveza-e-risada-as-mulheres\/#breadcrumb"},"inLanguage":"pt-BR","potentialAction":[{"@type":"ReadAction","target":["https:\/\/folhapopular.info\/index.php\/2025\/03\/15\/programa-mais-elas-e-cic-teutonia-propoem-noite-de-leveza-e-risada-as-mulheres\/"]}]},{"@type":"ImageObject","inLanguage":"pt-BR","@id":"https:\/\/folhapopular.info\/index.php\/2025\/03\/15\/programa-mais-elas-e-cic-teutonia-propoem-noite-de-leveza-e-risada-as-mulheres\/#primaryimage","url":"https:\/\/folhapopular.info\/wp-content\/uploads\/2025\/03\/Betina-sacudiu-o-publico-com-seu-humor-acido_Paloma-Valandro-scaled.jpg","contentUrl":"https:\/\/folhapopular.info\/wp-content\/uploads\/2025\/03\/Betina-sacudiu-o-publico-com-seu-humor-acido_Paloma-Valandro-scaled.jpg","width":2560,"height":1707,"caption":"Betina sacudiu o p\u00fablico com seu humor \u00e1cido \/ Cr\u00e9dito: Paloma Valandro"},{"@type":"BreadcrumbList","@id":"https:\/\/folhapopular.info\/index.php\/2025\/03\/15\/programa-mais-elas-e-cic-teutonia-propoem-noite-de-leveza-e-risada-as-mulheres\/#breadcrumb","itemListElement":[{"@type":"ListItem","position":1,"name":"In\u00edcio","item":"https:\/\/folhapopular.info\/"},{"@type":"ListItem","position":2,"name":"Programa Mais Elas e Cic Teut\u00f4nia prop\u00f5em noite de leveza e risada \u00e0s mulheres"}]},{"@type":"WebSite","@id":"https:\/\/folhapopular.info\/#website","url":"https:\/\/folhapopular.info\/","name":"Folha Popular","description":"Onde voc\u00ea tem vez e voz","potentialAction":[{"@type":"SearchAction","target":{"@type":"EntryPoint","urlTemplate":"https:\/\/folhapopular.info\/?s={search_term_string}"},"query-input":{"@type":"PropertyValueSpecification","valueRequired":true,"valueName":"search_term_string"}}],"inLanguage":"pt-BR"},{"@type":"Person","@id":"https:\/\/folhapopular.info\/#\/schema\/person\/e80d332e33633a6164933af03d7ee1b2","name":"Ariana de Oliveira","image":{"@type":"ImageObject","inLanguage":"pt-BR","@id":"https:\/\/secure.gravatar.com\/avatar\/f41f85ba276460e0a04f6d5aca07e53f273efeee7e662d9ef431432a18216f59?s=96&d=mm&r=g","url":"https:\/\/secure.gravatar.com\/avatar\/f41f85ba276460e0a04f6d5aca07e53f273efeee7e662d9ef431432a18216f59?s=96&d=mm&r=g","contentUrl":"https:\/\/secure.gravatar.com\/avatar\/f41f85ba276460e0a04f6d5aca07e53f273efeee7e662d9ef431432a18216f59?s=96&d=mm&r=g","caption":"Ariana de Oliveira"},"url":"https:\/\/folhapopular.info\/index.php\/author\/ariana-deoliveiragmail-com\/"}]}},"jetpack_featured_media_url":"https:\/\/folhapopular.info\/wp-content\/uploads\/2025\/03\/Betina-sacudiu-o-publico-com-seu-humor-acido_Paloma-Valandro-scaled.jpg","jetpack_sharing_enabled":true,"amp_enabled":true,"_links":{"self":[{"href":"https:\/\/folhapopular.info\/index.php\/wp-json\/wp\/v2\/posts\/182479","targetHints":{"allow":["GET"]}}],"collection":[{"href":"https:\/\/folhapopular.info\/index.php\/wp-json\/wp\/v2\/posts"}],"about":[{"href":"https:\/\/folhapopular.info\/index.php\/wp-json\/wp\/v2\/types\/post"}],"author":[{"embeddable":true,"href":"https:\/\/folhapopular.info\/index.php\/wp-json\/wp\/v2\/users\/707"}],"replies":[{"embeddable":true,"href":"https:\/\/folhapopular.info\/index.php\/wp-json\/wp\/v2\/comments?post=182479"}],"version-history":[{"count":0,"href":"https:\/\/folhapopular.info\/index.php\/wp-json\/wp\/v2\/posts\/182479\/revisions"}],"wp:featuredmedia":[{"embeddable":true,"href":"https:\/\/folhapopular.info\/index.php\/wp-json\/wp\/v2\/media\/182481"}],"wp:attachment":[{"href":"https:\/\/folhapopular.info\/index.php\/wp-json\/wp\/v2\/media?parent=182479"}],"wp:term":[{"taxonomy":"category","embeddable":true,"href":"https:\/\/folhapopular.info\/index.php\/wp-json\/wp\/v2\/categories?post=182479"},{"taxonomy":"post_tag","embeddable":true,"href":"https:\/\/folhapopular.info\/index.php\/wp-json\/wp\/v2\/tags?post=182479"}],"curies":[{"name":"wp","href":"https:\/\/api.w.org\/{rel}","templated":true}]}}