{"id":182758,"date":"2025-03-19T08:52:22","date_gmt":"2025-03-19T11:52:22","guid":{"rendered":"https:\/\/folhapopular.info\/?p=182758"},"modified":"2025-03-19T08:52:25","modified_gmt":"2025-03-19T11:52:25","slug":"prefeita-e-vice-de-boa-vista-do-sul-reunem-se-com-capeluppi-para-melhorar-projeto","status":"publish","type":"post","link":"https:\/\/folhapopular.info\/index.php\/2025\/03\/19\/prefeita-e-vice-de-boa-vista-do-sul-reunem-se-com-capeluppi-para-melhorar-projeto\/","title":{"rendered":"Prefeita e vice de Boa Vista do Sul re\u00fanem-se com Capeluppi para melhorar projeto"},"content":{"rendered":"\n<p>A prefeita Patr\u00edcia L\u00facia Bagatini e o vice-prefeito Juliano Carminatti tiveram audi\u00eancia com o secret\u00e1rio da Reconstru\u00e7\u00e3o e Parcerias, Pedro Capeluppi, na segunda-feira (17\/3). Apresentaram o estudo de aprimoramento no projeto de concess\u00e3o da RSC-453 (Rota do Sol) na \u00e1rea de Boa Vista do Sul. As lideran\u00e7as boavistenses fizeram uma for\u00e7a-tarefa para aprofundar a an\u00e1lise dos mapas e tra\u00e7ar sugest\u00f5es.<\/p>\n\n\n\n<p>\u201cA reuni\u00e3o foi muito boa e bem produtiva. Conseguimos encaminhar as demandas e tenho plena confian\u00e7a de que seremos atendidos. Acreditamos que vamos encaixar algumas das nossas demandas\u201d, destaca Patr\u00edcia. Ela j\u00e1 havia sustentado as modifica\u00e7\u00f5es na reuni\u00e3o t\u00e9cnica de sexta-feira (14\/3) em Teut\u00f4nia e tamb\u00e9m preparou a formaliza\u00e7\u00e3o \u2013 relat\u00f3rio foi entregue segunda-feira para Capeluppi.<\/p>\n\n\n\n<h2 class=\"wp-block-heading\"><strong>Em s\u00edntese, o Munic\u00edpio pede:<\/strong><\/h2>\n\n\n\n<p>1) Deslocar o p\u00f3rtico <em>free flow<\/em> da frente da Tenda do Maicon (km 70,5) para imedia\u00e7\u00f5es do limite com Westf\u00e1lia (km 70);<\/p>\n\n\n\n<p>2) Implantar r\u00f3tula de acesso na localidade de S\u00e3o Silvestre (km 72,76) \u2013 \u00e9 o primeiro acesso a Boa Vista do Sul para quem vem de Westf\u00e1lia e do Vale do Taquari. \u201cSer\u00e1 a \u00fanica liga\u00e7\u00e3o da Serra com o Vale do Taquari caso ocorra qualquer bloqueio da Rota do Sol, a exemplo de 2024). Tamb\u00e9m permitir\u00e1 um retorno aos moradores e usu\u00e1rios, pois o pr\u00f3ximo seria apenas em Westf\u00e1lia (km 76,5);<\/p>\n\n\n\n<p>3) Realizar obras de conten\u00e7\u00f5es em pontos cr\u00edticos (entre os km 75 e 77) com deslizamentos volumosos em 2024;<\/p>\n\n\n\n<p>4) Deslocar o outro p\u00f3rtico <em>free flow<\/em> (km 79,5) para mais pr\u00f3ximo de Carlos Barbosa (km 86).<\/p>\n\n\n\n<p>O Munic\u00edpio justificou as necessidades das melhorias no projeto para contemplar os produtores rurais, especialmente de frangos de corte \u2013 est\u00e1 entre os quatro maiores munic\u00edpios do Estado. Tamb\u00e9m h\u00e1 produ\u00e7\u00e3o de su\u00ednos, gado de corte, ovos e leite. \u201cDepende direta e indiretamente da RSC-453 para o transporte de ra\u00e7\u00f5es e produ\u00e7\u00e3o\u201d, salienta a prefeita.<\/p>\n\n\n\n<p>Ainda repercute o deslocamento de trabalhadores para outras cidades ou de pacientes em busca de atendimento na Sa\u00fade, com conex\u00f5es a Caxias do Sul e Porto Alegre. A mobilidade tamb\u00e9m impacta o transporte escolar de estudantes. \u201cA proposta como est\u00e1 nos deixa cercados por dois p\u00f3rticos de ped\u00e1gios e com dificuldade de retornos\u201d, salienta a prefeita.<\/p>\n\n\n\n<p>A Rota do Sol corta Boa Vista do Sul por aproximadamente 14 quil\u00f4metros. H\u00e1 25 anos, a comunidade convive com pra\u00e7a de ped\u00e1gio no Km 78, atualmente sob gest\u00e3o da Empresa Ga\u00facha de Rodovias (EGR). S\u00e3o aguardadas obras de melhorias por parte da estatal, que ainda n\u00e3o foram cumpridas apesar das prioridades elencadas.<\/p>\n","protected":false},"excerpt":{"rendered":"<p>A prefeita Patr\u00edcia L\u00facia Bagatini e o vice-prefeito Juliano Carminatti tiveram audi\u00eancia com o secret\u00e1rio da Reconstru\u00e7\u00e3o e Parcerias, Pedro Capeluppi, na segunda-feira (17\/3). Apresentaram o estudo de aprimoramento no projeto de concess\u00e3o da RSC-453 (Rota do Sol) na \u00e1rea de Boa Vista do Sul. As lideran\u00e7as boavistenses fizeram uma for\u00e7a-tarefa para aprofundar a an\u00e1lise [&hellip;]<\/p>\n","protected":false},"author":7,"featured_media":182762,"comment_status":"open","ping_status":"open","sticky":false,"template":"","format":"standard","meta":{"pmpro_default_level":"","_jetpack_memberships_contains_paid_content":false,"footnotes":""},"categories":[2,3,11091],"tags":[1404,18229,176,18230,10329],"class_list":{"0":"post-182758","1":"post","2":"type-post","3":"status-publish","4":"format-standard","5":"has-post-thumbnail","7":"category-featured","8":"category-geral","9":"category-servicos","10":"tag-boa-vista-do-sul","11":"tag-capeluppi","12":"tag-estado","13":"tag-prefeita-e-vice","14":"tag-reconstrucao","15":"pmpro-has-access"},"yoast_head":"<!-- This site is optimized with the Yoast SEO plugin v27.5 - https:\/\/yoast.com\/product\/yoast-seo-wordpress\/ -->\n<title>Prefeita e vice de Boa Vista do Sul re\u00fanem-se com Capeluppi para melhorar projeto - Folha Popular<\/title>\n<meta name=\"robots\" content=\"index, follow, max-snippet:-1, max-image-preview:large, max-video-preview:-1\" \/>\n<link rel=\"canonical\" href=\"https:\/\/folhapopular.info\/index.php\/2025\/03\/19\/prefeita-e-vice-de-boa-vista-do-sul-reunem-se-com-capeluppi-para-melhorar-projeto\/\" \/>\n<meta property=\"og:locale\" content=\"pt_BR\" \/>\n<meta property=\"og:type\" content=\"article\" \/>\n<meta property=\"og:title\" content=\"Prefeita e vice de Boa Vista do Sul re\u00fanem-se com Capeluppi para melhorar projeto - Folha Popular\" \/>\n<meta property=\"og:description\" content=\"A prefeita Patr\u00edcia L\u00facia Bagatini e o vice-prefeito Juliano Carminatti tiveram audi\u00eancia com o secret\u00e1rio da Reconstru\u00e7\u00e3o e Parcerias, Pedro Capeluppi, na segunda-feira (17\/3). Apresentaram o estudo de aprimoramento no projeto de concess\u00e3o da RSC-453 (Rota do Sol) na \u00e1rea de Boa Vista do Sul. As lideran\u00e7as boavistenses fizeram uma for\u00e7a-tarefa para aprofundar a an\u00e1lise [&hellip;]\" \/>\n<meta property=\"og:url\" content=\"https:\/\/folhapopular.info\/index.php\/2025\/03\/19\/prefeita-e-vice-de-boa-vista-do-sul-reunem-se-com-capeluppi-para-melhorar-projeto\/\" \/>\n<meta property=\"og:site_name\" content=\"Folha Popular\" \/>\n<meta property=\"article:published_time\" content=\"2025-03-19T11:52:22+00:00\" \/>\n<meta property=\"article:modified_time\" content=\"2025-03-19T11:52:25+00:00\" \/>\n<meta property=\"og:image\" content=\"http:\/\/folhapopular.info\/wp-content\/uploads\/2025\/03\/Capeluppi-ouviu-com-atencao-as-ponderacoes-de-Boa-Vista-do-Sul_Divulgacao.jpeg\" \/>\n\t<meta property=\"og:image:width\" content=\"1600\" \/>\n\t<meta property=\"og:image:height\" content=\"1200\" \/>\n\t<meta property=\"og:image:type\" content=\"image\/jpeg\" \/>\n<meta name=\"author\" content=\"Lucas Leandro Brune\" \/>\n<meta name=\"twitter:card\" content=\"summary_large_image\" \/>\n<meta name=\"twitter:label1\" content=\"Escrito por\" \/>\n\t<meta name=\"twitter:data1\" content=\"Lucas Leandro Brune\" \/>\n\t<meta name=\"twitter:label2\" content=\"Est. tempo de leitura\" \/>\n\t<meta name=\"twitter:data2\" content=\"3 minutos\" \/>\n<script type=\"application\/ld+json\" class=\"yoast-schema-graph\">{\"@context\":\"https:\\\/\\\/schema.org\",\"@graph\":[{\"@type\":\"Article\",\"@id\":\"https:\\\/\\\/folhapopular.info\\\/index.php\\\/2025\\\/03\\\/19\\\/prefeita-e-vice-de-boa-vista-do-sul-reunem-se-com-capeluppi-para-melhorar-projeto\\\/#article\",\"isPartOf\":{\"@id\":\"https:\\\/\\\/folhapopular.info\\\/index.php\\\/2025\\\/03\\\/19\\\/prefeita-e-vice-de-boa-vista-do-sul-reunem-se-com-capeluppi-para-melhorar-projeto\\\/\"},\"author\":{\"name\":\"Lucas Leandro Brune\",\"@id\":\"https:\\\/\\\/folhapopular.info\\\/#\\\/schema\\\/person\\\/533a15f60cd49e81ab3a90b4ca33cb36\"},\"headline\":\"Prefeita e vice de Boa Vista do Sul re\u00fanem-se com Capeluppi para melhorar projeto\",\"datePublished\":\"2025-03-19T11:52:22+00:00\",\"dateModified\":\"2025-03-19T11:52:25+00:00\",\"mainEntityOfPage\":{\"@id\":\"https:\\\/\\\/folhapopular.info\\\/index.php\\\/2025\\\/03\\\/19\\\/prefeita-e-vice-de-boa-vista-do-sul-reunem-se-com-capeluppi-para-melhorar-projeto\\\/\"},\"wordCount\":464,\"commentCount\":0,\"image\":{\"@id\":\"https:\\\/\\\/folhapopular.info\\\/index.php\\\/2025\\\/03\\\/19\\\/prefeita-e-vice-de-boa-vista-do-sul-reunem-se-com-capeluppi-para-melhorar-projeto\\\/#primaryimage\"},\"thumbnailUrl\":\"https:\\\/\\\/folhapopular.info\\\/wp-content\\\/uploads\\\/2025\\\/03\\\/Capeluppi-ouviu-com-atencao-as-ponderacoes-de-Boa-Vista-do-Sul_Divulgacao.jpeg\",\"keywords\":[\"Boa Vista do Sul\",\"Capeluppi\",\"Estado\",\"prefeita e vice\",\"Reconstru\u00e7\u00e3o\"],\"articleSection\":[\"Destaques\",\"Geral\",\"Servi\u00e7os\"],\"inLanguage\":\"pt-BR\",\"potentialAction\":[{\"@type\":\"CommentAction\",\"name\":\"Comment\",\"target\":[\"https:\\\/\\\/folhapopular.info\\\/index.php\\\/2025\\\/03\\\/19\\\/prefeita-e-vice-de-boa-vista-do-sul-reunem-se-com-capeluppi-para-melhorar-projeto\\\/#respond\"]}]},{\"@type\":\"WebPage\",\"@id\":\"https:\\\/\\\/folhapopular.info\\\/index.php\\\/2025\\\/03\\\/19\\\/prefeita-e-vice-de-boa-vista-do-sul-reunem-se-com-capeluppi-para-melhorar-projeto\\\/\",\"url\":\"https:\\\/\\\/folhapopular.info\\\/index.php\\\/2025\\\/03\\\/19\\\/prefeita-e-vice-de-boa-vista-do-sul-reunem-se-com-capeluppi-para-melhorar-projeto\\\/\",\"name\":\"Prefeita e vice de Boa Vista do Sul re\u00fanem-se com Capeluppi para melhorar projeto - Folha Popular\",\"isPartOf\":{\"@id\":\"https:\\\/\\\/folhapopular.info\\\/#website\"},\"primaryImageOfPage\":{\"@id\":\"https:\\\/\\\/folhapopular.info\\\/index.php\\\/2025\\\/03\\\/19\\\/prefeita-e-vice-de-boa-vista-do-sul-reunem-se-com-capeluppi-para-melhorar-projeto\\\/#primaryimage\"},\"image\":{\"@id\":\"https:\\\/\\\/folhapopular.info\\\/index.php\\\/2025\\\/03\\\/19\\\/prefeita-e-vice-de-boa-vista-do-sul-reunem-se-com-capeluppi-para-melhorar-projeto\\\/#primaryimage\"},\"thumbnailUrl\":\"https:\\\/\\\/folhapopular.info\\\/wp-content\\\/uploads\\\/2025\\\/03\\\/Capeluppi-ouviu-com-atencao-as-ponderacoes-de-Boa-Vista-do-Sul_Divulgacao.jpeg\",\"datePublished\":\"2025-03-19T11:52:22+00:00\",\"dateModified\":\"2025-03-19T11:52:25+00:00\",\"author\":{\"@id\":\"https:\\\/\\\/folhapopular.info\\\/#\\\/schema\\\/person\\\/533a15f60cd49e81ab3a90b4ca33cb36\"},\"breadcrumb\":{\"@id\":\"https:\\\/\\\/folhapopular.info\\\/index.php\\\/2025\\\/03\\\/19\\\/prefeita-e-vice-de-boa-vista-do-sul-reunem-se-com-capeluppi-para-melhorar-projeto\\\/#breadcrumb\"},\"inLanguage\":\"pt-BR\",\"potentialAction\":[{\"@type\":\"ReadAction\",\"target\":[\"https:\\\/\\\/folhapopular.info\\\/index.php\\\/2025\\\/03\\\/19\\\/prefeita-e-vice-de-boa-vista-do-sul-reunem-se-com-capeluppi-para-melhorar-projeto\\\/\"]}]},{\"@type\":\"ImageObject\",\"inLanguage\":\"pt-BR\",\"@id\":\"https:\\\/\\\/folhapopular.info\\\/index.php\\\/2025\\\/03\\\/19\\\/prefeita-e-vice-de-boa-vista-do-sul-reunem-se-com-capeluppi-para-melhorar-projeto\\\/#primaryimage\",\"url\":\"https:\\\/\\\/folhapopular.info\\\/wp-content\\\/uploads\\\/2025\\\/03\\\/Capeluppi-ouviu-com-atencao-as-ponderacoes-de-Boa-Vista-do-Sul_Divulgacao.jpeg\",\"contentUrl\":\"https:\\\/\\\/folhapopular.info\\\/wp-content\\\/uploads\\\/2025\\\/03\\\/Capeluppi-ouviu-com-atencao-as-ponderacoes-de-Boa-Vista-do-Sul_Divulgacao.jpeg\",\"width\":1600,\"height\":1200,\"caption\":\"Capeluppi ouviu com aten\u00e7\u00e3o as pondera\u00e7\u00f5es de Boa Vista do Sul \\\/ Cr\u00e9dito: Divulga\u00e7\u00e3o\"},{\"@type\":\"BreadcrumbList\",\"@id\":\"https:\\\/\\\/folhapopular.info\\\/index.php\\\/2025\\\/03\\\/19\\\/prefeita-e-vice-de-boa-vista-do-sul-reunem-se-com-capeluppi-para-melhorar-projeto\\\/#breadcrumb\",\"itemListElement\":[{\"@type\":\"ListItem\",\"position\":1,\"name\":\"In\u00edcio\",\"item\":\"https:\\\/\\\/folhapopular.info\\\/\"},{\"@type\":\"ListItem\",\"position\":2,\"name\":\"Prefeita e vice de Boa Vista do Sul re\u00fanem-se com Capeluppi para melhorar projeto\"}]},{\"@type\":\"WebSite\",\"@id\":\"https:\\\/\\\/folhapopular.info\\\/#website\",\"url\":\"https:\\\/\\\/folhapopular.info\\\/\",\"name\":\"Folha Popular\",\"description\":\"Onde voc\u00ea tem vez e voz\",\"potentialAction\":[{\"@type\":\"SearchAction\",\"target\":{\"@type\":\"EntryPoint\",\"urlTemplate\":\"https:\\\/\\\/folhapopular.info\\\/?s={search_term_string}\"},\"query-input\":{\"@type\":\"PropertyValueSpecification\",\"valueRequired\":true,\"valueName\":\"search_term_string\"}}],\"inLanguage\":\"pt-BR\"},{\"@type\":\"Person\",\"@id\":\"https:\\\/\\\/folhapopular.info\\\/#\\\/schema\\\/person\\\/533a15f60cd49e81ab3a90b4ca33cb36\",\"name\":\"Lucas Leandro Brune\",\"image\":{\"@type\":\"ImageObject\",\"inLanguage\":\"pt-BR\",\"@id\":\"https:\\\/\\\/folhapopular.info\\\/wp-content\\\/uploads\\\/2026\\\/04\\\/LUCAS-1-1.webp\",\"url\":\"https:\\\/\\\/folhapopular.info\\\/wp-content\\\/uploads\\\/2026\\\/04\\\/LUCAS-1-1.webp\",\"contentUrl\":\"https:\\\/\\\/folhapopular.info\\\/wp-content\\\/uploads\\\/2026\\\/04\\\/LUCAS-1-1.webp\",\"caption\":\"Lucas Leandro Brune\"},\"description\":\"Jornalista Profissional Diplomado MTB\\\/RS 14.333\",\"url\":\"https:\\\/\\\/folhapopular.info\\\/index.php\\\/author\\\/lucas-brune\\\/\"}]}<\/script>\n<!-- \/ Yoast SEO plugin. -->","yoast_head_json":{"title":"Prefeita e vice de Boa Vista do Sul re\u00fanem-se com Capeluppi para melhorar projeto - Folha Popular","robots":{"index":"index","follow":"follow","max-snippet":"max-snippet:-1","max-image-preview":"max-image-preview:large","max-video-preview":"max-video-preview:-1"},"canonical":"https:\/\/folhapopular.info\/index.php\/2025\/03\/19\/prefeita-e-vice-de-boa-vista-do-sul-reunem-se-com-capeluppi-para-melhorar-projeto\/","og_locale":"pt_BR","og_type":"article","og_title":"Prefeita e vice de Boa Vista do Sul re\u00fanem-se com Capeluppi para melhorar projeto - Folha Popular","og_description":"A prefeita Patr\u00edcia L\u00facia Bagatini e o vice-prefeito Juliano Carminatti tiveram audi\u00eancia com o secret\u00e1rio da Reconstru\u00e7\u00e3o e Parcerias, Pedro Capeluppi, na segunda-feira (17\/3). Apresentaram o estudo de aprimoramento no projeto de concess\u00e3o da RSC-453 (Rota do Sol) na \u00e1rea de Boa Vista do Sul. As lideran\u00e7as boavistenses fizeram uma for\u00e7a-tarefa para aprofundar a an\u00e1lise [&hellip;]","og_url":"https:\/\/folhapopular.info\/index.php\/2025\/03\/19\/prefeita-e-vice-de-boa-vista-do-sul-reunem-se-com-capeluppi-para-melhorar-projeto\/","og_site_name":"Folha Popular","article_published_time":"2025-03-19T11:52:22+00:00","article_modified_time":"2025-03-19T11:52:25+00:00","og_image":[{"width":1600,"height":1200,"url":"http:\/\/folhapopular.info\/wp-content\/uploads\/2025\/03\/Capeluppi-ouviu-com-atencao-as-ponderacoes-de-Boa-Vista-do-Sul_Divulgacao.jpeg","type":"image\/jpeg"}],"author":"Lucas Leandro Brune","twitter_card":"summary_large_image","twitter_misc":{"Escrito por":"Lucas Leandro Brune","Est. tempo de leitura":"3 minutos"},"schema":{"@context":"https:\/\/schema.org","@graph":[{"@type":"Article","@id":"https:\/\/folhapopular.info\/index.php\/2025\/03\/19\/prefeita-e-vice-de-boa-vista-do-sul-reunem-se-com-capeluppi-para-melhorar-projeto\/#article","isPartOf":{"@id":"https:\/\/folhapopular.info\/index.php\/2025\/03\/19\/prefeita-e-vice-de-boa-vista-do-sul-reunem-se-com-capeluppi-para-melhorar-projeto\/"},"author":{"name":"Lucas Leandro Brune","@id":"https:\/\/folhapopular.info\/#\/schema\/person\/533a15f60cd49e81ab3a90b4ca33cb36"},"headline":"Prefeita e vice de Boa Vista do Sul re\u00fanem-se com Capeluppi para melhorar projeto","datePublished":"2025-03-19T11:52:22+00:00","dateModified":"2025-03-19T11:52:25+00:00","mainEntityOfPage":{"@id":"https:\/\/folhapopular.info\/index.php\/2025\/03\/19\/prefeita-e-vice-de-boa-vista-do-sul-reunem-se-com-capeluppi-para-melhorar-projeto\/"},"wordCount":464,"commentCount":0,"image":{"@id":"https:\/\/folhapopular.info\/index.php\/2025\/03\/19\/prefeita-e-vice-de-boa-vista-do-sul-reunem-se-com-capeluppi-para-melhorar-projeto\/#primaryimage"},"thumbnailUrl":"https:\/\/folhapopular.info\/wp-content\/uploads\/2025\/03\/Capeluppi-ouviu-com-atencao-as-ponderacoes-de-Boa-Vista-do-Sul_Divulgacao.jpeg","keywords":["Boa Vista do Sul","Capeluppi","Estado","prefeita e vice","Reconstru\u00e7\u00e3o"],"articleSection":["Destaques","Geral","Servi\u00e7os"],"inLanguage":"pt-BR","potentialAction":[{"@type":"CommentAction","name":"Comment","target":["https:\/\/folhapopular.info\/index.php\/2025\/03\/19\/prefeita-e-vice-de-boa-vista-do-sul-reunem-se-com-capeluppi-para-melhorar-projeto\/#respond"]}]},{"@type":"WebPage","@id":"https:\/\/folhapopular.info\/index.php\/2025\/03\/19\/prefeita-e-vice-de-boa-vista-do-sul-reunem-se-com-capeluppi-para-melhorar-projeto\/","url":"https:\/\/folhapopular.info\/index.php\/2025\/03\/19\/prefeita-e-vice-de-boa-vista-do-sul-reunem-se-com-capeluppi-para-melhorar-projeto\/","name":"Prefeita e vice de Boa Vista do Sul re\u00fanem-se com Capeluppi para melhorar projeto - Folha Popular","isPartOf":{"@id":"https:\/\/folhapopular.info\/#website"},"primaryImageOfPage":{"@id":"https:\/\/folhapopular.info\/index.php\/2025\/03\/19\/prefeita-e-vice-de-boa-vista-do-sul-reunem-se-com-capeluppi-para-melhorar-projeto\/#primaryimage"},"image":{"@id":"https:\/\/folhapopular.info\/index.php\/2025\/03\/19\/prefeita-e-vice-de-boa-vista-do-sul-reunem-se-com-capeluppi-para-melhorar-projeto\/#primaryimage"},"thumbnailUrl":"https:\/\/folhapopular.info\/wp-content\/uploads\/2025\/03\/Capeluppi-ouviu-com-atencao-as-ponderacoes-de-Boa-Vista-do-Sul_Divulgacao.jpeg","datePublished":"2025-03-19T11:52:22+00:00","dateModified":"2025-03-19T11:52:25+00:00","author":{"@id":"https:\/\/folhapopular.info\/#\/schema\/person\/533a15f60cd49e81ab3a90b4ca33cb36"},"breadcrumb":{"@id":"https:\/\/folhapopular.info\/index.php\/2025\/03\/19\/prefeita-e-vice-de-boa-vista-do-sul-reunem-se-com-capeluppi-para-melhorar-projeto\/#breadcrumb"},"inLanguage":"pt-BR","potentialAction":[{"@type":"ReadAction","target":["https:\/\/folhapopular.info\/index.php\/2025\/03\/19\/prefeita-e-vice-de-boa-vista-do-sul-reunem-se-com-capeluppi-para-melhorar-projeto\/"]}]},{"@type":"ImageObject","inLanguage":"pt-BR","@id":"https:\/\/folhapopular.info\/index.php\/2025\/03\/19\/prefeita-e-vice-de-boa-vista-do-sul-reunem-se-com-capeluppi-para-melhorar-projeto\/#primaryimage","url":"https:\/\/folhapopular.info\/wp-content\/uploads\/2025\/03\/Capeluppi-ouviu-com-atencao-as-ponderacoes-de-Boa-Vista-do-Sul_Divulgacao.jpeg","contentUrl":"https:\/\/folhapopular.info\/wp-content\/uploads\/2025\/03\/Capeluppi-ouviu-com-atencao-as-ponderacoes-de-Boa-Vista-do-Sul_Divulgacao.jpeg","width":1600,"height":1200,"caption":"Capeluppi ouviu com aten\u00e7\u00e3o as pondera\u00e7\u00f5es de Boa Vista do Sul \/ Cr\u00e9dito: Divulga\u00e7\u00e3o"},{"@type":"BreadcrumbList","@id":"https:\/\/folhapopular.info\/index.php\/2025\/03\/19\/prefeita-e-vice-de-boa-vista-do-sul-reunem-se-com-capeluppi-para-melhorar-projeto\/#breadcrumb","itemListElement":[{"@type":"ListItem","position":1,"name":"In\u00edcio","item":"https:\/\/folhapopular.info\/"},{"@type":"ListItem","position":2,"name":"Prefeita e vice de Boa Vista do Sul re\u00fanem-se com Capeluppi para melhorar projeto"}]},{"@type":"WebSite","@id":"https:\/\/folhapopular.info\/#website","url":"https:\/\/folhapopular.info\/","name":"Folha Popular","description":"Onde voc\u00ea tem vez e voz","potentialAction":[{"@type":"SearchAction","target":{"@type":"EntryPoint","urlTemplate":"https:\/\/folhapopular.info\/?s={search_term_string}"},"query-input":{"@type":"PropertyValueSpecification","valueRequired":true,"valueName":"search_term_string"}}],"inLanguage":"pt-BR"},{"@type":"Person","@id":"https:\/\/folhapopular.info\/#\/schema\/person\/533a15f60cd49e81ab3a90b4ca33cb36","name":"Lucas Leandro Brune","image":{"@type":"ImageObject","inLanguage":"pt-BR","@id":"https:\/\/folhapopular.info\/wp-content\/uploads\/2026\/04\/LUCAS-1-1.webp","url":"https:\/\/folhapopular.info\/wp-content\/uploads\/2026\/04\/LUCAS-1-1.webp","contentUrl":"https:\/\/folhapopular.info\/wp-content\/uploads\/2026\/04\/LUCAS-1-1.webp","caption":"Lucas Leandro Brune"},"description":"Jornalista Profissional Diplomado MTB\/RS 14.333","url":"https:\/\/folhapopular.info\/index.php\/author\/lucas-brune\/"}]}},"jetpack_featured_media_url":"https:\/\/folhapopular.info\/wp-content\/uploads\/2025\/03\/Capeluppi-ouviu-com-atencao-as-ponderacoes-de-Boa-Vista-do-Sul_Divulgacao.jpeg","jetpack_sharing_enabled":true,"amp_enabled":true,"_links":{"self":[{"href":"https:\/\/folhapopular.info\/index.php\/wp-json\/wp\/v2\/posts\/182758","targetHints":{"allow":["GET"]}}],"collection":[{"href":"https:\/\/folhapopular.info\/index.php\/wp-json\/wp\/v2\/posts"}],"about":[{"href":"https:\/\/folhapopular.info\/index.php\/wp-json\/wp\/v2\/types\/post"}],"author":[{"embeddable":true,"href":"https:\/\/folhapopular.info\/index.php\/wp-json\/wp\/v2\/users\/7"}],"replies":[{"embeddable":true,"href":"https:\/\/folhapopular.info\/index.php\/wp-json\/wp\/v2\/comments?post=182758"}],"version-history":[{"count":0,"href":"https:\/\/folhapopular.info\/index.php\/wp-json\/wp\/v2\/posts\/182758\/revisions"}],"wp:featuredmedia":[{"embeddable":true,"href":"https:\/\/folhapopular.info\/index.php\/wp-json\/wp\/v2\/media\/182762"}],"wp:attachment":[{"href":"https:\/\/folhapopular.info\/index.php\/wp-json\/wp\/v2\/media?parent=182758"}],"wp:term":[{"taxonomy":"category","embeddable":true,"href":"https:\/\/folhapopular.info\/index.php\/wp-json\/wp\/v2\/categories?post=182758"},{"taxonomy":"post_tag","embeddable":true,"href":"https:\/\/folhapopular.info\/index.php\/wp-json\/wp\/v2\/tags?post=182758"}],"curies":[{"name":"wp","href":"https:\/\/api.w.org\/{rel}","templated":true}]}}