{"id":182774,"date":"2025-03-19T11:00:00","date_gmt":"2025-03-19T14:00:00","guid":{"rendered":"https:\/\/folhapopular.info\/?p=182774"},"modified":"2025-03-19T09:36:45","modified_gmt":"2025-03-19T12:36:45","slug":"15o-encontro-de-veiculos-antigos-sera-neste-fim-de-semana-e-tera-show-da-banda-vera-loca","status":"publish","type":"post","link":"https:\/\/folhapopular.info\/index.php\/2025\/03\/19\/15o-encontro-de-veiculos-antigos-sera-neste-fim-de-semana-e-tera-show-da-banda-vera-loca\/","title":{"rendered":"15\u00ba Encontro de Ve\u00edculos Antigos ser\u00e1 neste fim de semana e ter\u00e1 show da banda Vera Loca"},"content":{"rendered":"\n<p>O 15\u00b0 Encontro Nacional de Ve\u00edculos Antigos est\u00e1 marcado para este fim de semana, nos dias 21, 22 e 23 de mar\u00e7o. O evento \u00e9 parte do calend\u00e1rio nacional da Associa\u00e7\u00e3o Brasileira de Ve\u00edculos Antigos, de prest\u00edgio nacional. A organiza\u00e7\u00e3o convida a comunidade de Teut\u00f4nia e regi\u00e3o para acompanhar o evento e aproveitar a programa\u00e7\u00e3o.<\/p>\n\n\n\n<p>N\u00e3o haver\u00e1 cobran\u00e7a de ingresso, mas a organiza\u00e7\u00e3o pede a doa\u00e7\u00e3o de alimentos n\u00e3o perec\u00edveis. \u201cO movimento que acontece \u00e9 significativo para o com\u00e9rcio e hot\u00e9is. Mas tamb\u00e9m \u00e9 interessante que n\u00f3s fa\u00e7amos o lado social\u201d, ressalta o presidente da C\u00e2mara de Ind\u00fastria, Com\u00e9rcio e Servi\u00e7os de Teut\u00f4nia (CIC), Renato Lauri Scheffler.<\/p>\n\n\n\n<p>O encontro \u00e9 aberto a todas as categorias de ve\u00edculos antigos e afins (autom\u00f3veis, motos, utilit\u00e1rios, caminh\u00f5es e \u00f4nibus) com mais de 30 anos de fabrica\u00e7\u00e3o, nacionais e importados. A inscri\u00e7\u00e3o para antigomobilistas pode ser realizada antecipadamente pelo site do Carros Antigos Teut\u00f4nia, com direito a um kit de expositor.<\/p>\n\n\n\n<p>Junto \u00e0 exibi\u00e7\u00e3o dos carros ocorrer\u00e1 a de artesanato, o tradicional &#8220;mercado de pulgas&#8221;, com pe\u00e7as, acess\u00f3rios e artigos automotivos e, ainda, uma \u00e1rea voltada para a memorab\u00edlia, com confec\u00e7\u00f5es, canecas, quadros, miniaturas e outros itens personalizados. Al\u00e9m disso, haver\u00e1 espa\u00e7o <em>Kids<\/em> para os pequenos, com brinquedos infl\u00e1veis.<\/p>\n\n\n\n<p>O domingo \u00e9 o ponto alto do evento, com a premia\u00e7\u00e3o de 70 carros pela sele\u00e7\u00e3o do <em>Veteran Car<\/em> Teut\u00f4nia. Haver\u00e1 entrega de trof\u00e9u, fl\u00e2mula, um desfile no tapete vermelho e registro fotogr\u00e1fico.<\/p>\n\n\n\n<p>Ap\u00f3s, ocorre o show nacional com a banda Vera Loca.<\/p>\n\n\n\n<p>A programa\u00e7\u00e3o conta com shows durante os tr\u00eas dias de evento, com Marco &amp; Nando e Banda, Banda Sputnick, Banda <em>Teaser<\/em>, Banda Velhav\u00f3, Rafa Hass &amp; Banda e <em>Soul Rock<\/em>.<\/p>\n\n\n\n<p>O encontro \u00e9 uma realiza\u00e7\u00e3o da CIC Teut\u00f4nia, com apoio do <em>Veteran Car<\/em> Teut\u00f4nia e da Federa\u00e7\u00e3o Brasileira de Ve\u00edculos Antigos, com patroc\u00ednio da Prefeitura de Teut\u00f4nia e das cooperativas Certel e Sicredi.<\/p>\n\n\n\n<h2 class=\"wp-block-heading\"><strong>P\u00fablico<\/strong><\/h2>\n\n\n\n<p>No ano passado, 550 autom\u00f3veis participaram do encontro e 10 mil pessoas visitaram o evento. Para 2025, s\u00e3o esperados ainda mais visitantes. \u201cTemos previs\u00e3o de clima bom e a expectativa de p\u00fablico \u00e9 a maior poss\u00edvel\u201d, explica o presidente do <em>Veteran Car<\/em> Teut\u00f4nia, Cristian Branco.<\/p>\n\n\n\n<p>Segundo ele, s\u00e3o mais de 60 cidades de todo o pa\u00eds representadas por antigomobilistas. O evento tamb\u00e9m atrai expositores e visitantes de fora do Brasil, como do Uruguai.<\/p>\n\n\n\n<h1 class=\"wp-block-heading\"><strong>Programa\u00e7\u00e3o:<\/strong><\/h1>\n\n\n\n<h2 class=\"wp-block-heading\"><strong>Sexta-feira (21\/3)<\/strong><\/h2>\n\n\n\n<p>13h30 \u00e0s 17h30 \u2013 Retirada de <em>kits<\/em> dos antigomobilistas na CIC<\/p>\n\n\n\n<p>20h30 \u2013 Marco &amp; Nando e Banda<\/p>\n\n\n\n<h3 class=\"wp-block-heading\"><strong>S\u00e1bado (22\/3)<\/strong><\/h3>\n\n\n\n<p>8h \u00e0s 17h30 \u2013 Retirada de <em>kits<\/em> dos antigomobilistas na CIC<\/p>\n\n\n\n<p>8h \u00e0s 10h \u2013 Caf\u00e9 da manh\u00e3 de recep\u00e7\u00e3o dos expositores<\/p>\n\n\n\n<p>14h \u2013 Abertura oficial<\/p>\n\n\n\n<p>16h \u2013 Banda Sputnick<\/p>\n\n\n\n<p>18h \u2013 Banda <em>Teaser<\/em><\/p>\n\n\n\n<p>20h30 \u2013 Banda Velhav\u00f3<\/p>\n\n\n\n<p>22h30 \u2013 Cervejaria \u00c2ncora: Rafa Hass &amp; Banda e Soul Rock<\/p>\n\n\n\n<h3 class=\"wp-block-heading\"><strong>Domingo (23\/3)<\/strong><\/h3>\n\n\n\n<p>8h \u00e0s 12h \u2013 Retirada de <em>kits<\/em> dos antigomobilistas na CIC<\/p>\n\n\n\n<p>8h \u00e0s 10h \u2013 Caf\u00e9 da manh\u00e3 de recep\u00e7\u00e3o dos expositores<\/p>\n\n\n\n<p>13h30 \u2013 Desfile de premia\u00e7\u00e3o Carros Destaque<\/p>\n\n\n\n<p>16h \u2013 Show nacional com a banda Vera Loca<\/p>\n\n\n\n<p>18h \u2013 Encerramento<\/p>\n\n\n\n<figure class=\"wp-block-pullquote has-black-color has-text-color has-link-color wp-elements-0b471df20c2b93e4ba473abf9385dea4\"><blockquote><p>\u201cOs carros s\u00e3o hist\u00f3rias em cima de rodas\u201d<br>Renato Lauri Scheffler &#8211; Presidente da CIC Teut\u00f4nia<\/p><\/blockquote><\/figure>\n","protected":false},"excerpt":{"rendered":"<p>O 15\u00b0 Encontro Nacional de Ve\u00edculos Antigos est\u00e1 marcado para este fim de semana, nos dias 21, 22 e 23 de mar\u00e7o. O evento \u00e9 parte do calend\u00e1rio nacional da Associa\u00e7\u00e3o Brasileira de Ve\u00edculos Antigos, de prest\u00edgio nacional. A organiza\u00e7\u00e3o convida a comunidade de Teut\u00f4nia e regi\u00e3o para acompanhar o evento e aproveitar a programa\u00e7\u00e3o. [&hellip;]<\/p>\n","protected":false},"author":673,"featured_media":182775,"comment_status":"open","ping_status":"open","sticky":false,"template":"","format":"standard","meta":{"pmpro_default_level":"","_jetpack_memberships_contains_paid_content":false,"footnotes":""},"categories":[2,6],"tags":[18233,17870,26],"class_list":{"0":"post-182774","1":"post","2":"type-post","3":"status-publish","4":"format-standard","5":"has-post-thumbnail","7":"category-featured","8":"category-inclusive","9":"tag-15o-encontro-de-veiculos-antigos","10":"tag-banda-vera-loca","11":"tag-teutonia","12":"pmpro-has-access"},"yoast_head":"<!-- This site is optimized with the Yoast SEO plugin v27.5 - https:\/\/yoast.com\/product\/yoast-seo-wordpress\/ -->\n<title>15\u00ba Encontro de Ve\u00edculos Antigos ser\u00e1 neste fim de semana e ter\u00e1 show da banda Vera Loca - Folha Popular<\/title>\n<meta name=\"robots\" content=\"index, follow, max-snippet:-1, max-image-preview:large, max-video-preview:-1\" \/>\n<link rel=\"canonical\" href=\"https:\/\/folhapopular.info\/index.php\/2025\/03\/19\/15o-encontro-de-veiculos-antigos-sera-neste-fim-de-semana-e-tera-show-da-banda-vera-loca\/\" \/>\n<meta property=\"og:locale\" content=\"pt_BR\" \/>\n<meta property=\"og:type\" content=\"article\" \/>\n<meta property=\"og:title\" content=\"15\u00ba Encontro de Ve\u00edculos Antigos ser\u00e1 neste fim de semana e ter\u00e1 show da banda Vera Loca - Folha Popular\" \/>\n<meta property=\"og:description\" content=\"O 15\u00b0 Encontro Nacional de Ve\u00edculos Antigos est\u00e1 marcado para este fim de semana, nos dias 21, 22 e 23 de mar\u00e7o. O evento \u00e9 parte do calend\u00e1rio nacional da Associa\u00e7\u00e3o Brasileira de Ve\u00edculos Antigos, de prest\u00edgio nacional. A organiza\u00e7\u00e3o convida a comunidade de Teut\u00f4nia e regi\u00e3o para acompanhar o evento e aproveitar a programa\u00e7\u00e3o. [&hellip;]\" \/>\n<meta property=\"og:url\" content=\"https:\/\/folhapopular.info\/index.php\/2025\/03\/19\/15o-encontro-de-veiculos-antigos-sera-neste-fim-de-semana-e-tera-show-da-banda-vera-loca\/\" \/>\n<meta property=\"og:site_name\" content=\"Folha Popular\" \/>\n<meta property=\"article:published_time\" content=\"2025-03-19T14:00:00+00:00\" \/>\n<meta property=\"og:image\" content=\"https:\/\/folhapopular.info\/wp-content\/uploads\/2025\/03\/Encontro-de-Veiculos-Antigos_DIV.jpg\" \/>\n\t<meta property=\"og:image:width\" content=\"696\" \/>\n\t<meta property=\"og:image:height\" content=\"438\" \/>\n\t<meta property=\"og:image:type\" content=\"image\/jpeg\" \/>\n<meta name=\"author\" content=\"Let\u00edcia Echer\" \/>\n<meta name=\"twitter:card\" content=\"summary_large_image\" \/>\n<meta name=\"twitter:label1\" content=\"Escrito por\" \/>\n\t<meta name=\"twitter:data1\" content=\"Let\u00edcia Echer\" \/>\n\t<meta name=\"twitter:label2\" content=\"Est. tempo de leitura\" \/>\n\t<meta name=\"twitter:data2\" content=\"3 minutos\" \/>\n<script type=\"application\/ld+json\" class=\"yoast-schema-graph\">{\"@context\":\"https:\\\/\\\/schema.org\",\"@graph\":[{\"@type\":\"Article\",\"@id\":\"https:\\\/\\\/folhapopular.info\\\/index.php\\\/2025\\\/03\\\/19\\\/15o-encontro-de-veiculos-antigos-sera-neste-fim-de-semana-e-tera-show-da-banda-vera-loca\\\/#article\",\"isPartOf\":{\"@id\":\"https:\\\/\\\/folhapopular.info\\\/index.php\\\/2025\\\/03\\\/19\\\/15o-encontro-de-veiculos-antigos-sera-neste-fim-de-semana-e-tera-show-da-banda-vera-loca\\\/\"},\"author\":{\"name\":\"Let\u00edcia Echer\",\"@id\":\"https:\\\/\\\/folhapopular.info\\\/#\\\/schema\\\/person\\\/52b95b9c1c41ec0e826e7518183d0cc0\"},\"headline\":\"15\u00ba Encontro de Ve\u00edculos Antigos ser\u00e1 neste fim de semana e ter\u00e1 show da banda Vera Loca\",\"datePublished\":\"2025-03-19T14:00:00+00:00\",\"mainEntityOfPage\":{\"@id\":\"https:\\\/\\\/folhapopular.info\\\/index.php\\\/2025\\\/03\\\/19\\\/15o-encontro-de-veiculos-antigos-sera-neste-fim-de-semana-e-tera-show-da-banda-vera-loca\\\/\"},\"wordCount\":573,\"commentCount\":0,\"image\":{\"@id\":\"https:\\\/\\\/folhapopular.info\\\/index.php\\\/2025\\\/03\\\/19\\\/15o-encontro-de-veiculos-antigos-sera-neste-fim-de-semana-e-tera-show-da-banda-vera-loca\\\/#primaryimage\"},\"thumbnailUrl\":\"https:\\\/\\\/folhapopular.info\\\/wp-content\\\/uploads\\\/2025\\\/03\\\/Encontro-de-Veiculos-Antigos_DIV.jpg\",\"keywords\":[\"15\u00ba Encontro de Ve\u00edculos Antigos\",\"Banda Vera Loca\",\"Teut\u00f4nia\"],\"articleSection\":[\"Destaques\",\"Inclusive\"],\"inLanguage\":\"pt-BR\",\"potentialAction\":[{\"@type\":\"CommentAction\",\"name\":\"Comment\",\"target\":[\"https:\\\/\\\/folhapopular.info\\\/index.php\\\/2025\\\/03\\\/19\\\/15o-encontro-de-veiculos-antigos-sera-neste-fim-de-semana-e-tera-show-da-banda-vera-loca\\\/#respond\"]}]},{\"@type\":\"WebPage\",\"@id\":\"https:\\\/\\\/folhapopular.info\\\/index.php\\\/2025\\\/03\\\/19\\\/15o-encontro-de-veiculos-antigos-sera-neste-fim-de-semana-e-tera-show-da-banda-vera-loca\\\/\",\"url\":\"https:\\\/\\\/folhapopular.info\\\/index.php\\\/2025\\\/03\\\/19\\\/15o-encontro-de-veiculos-antigos-sera-neste-fim-de-semana-e-tera-show-da-banda-vera-loca\\\/\",\"name\":\"15\u00ba Encontro de Ve\u00edculos Antigos ser\u00e1 neste fim de semana e ter\u00e1 show da banda Vera Loca - Folha Popular\",\"isPartOf\":{\"@id\":\"https:\\\/\\\/folhapopular.info\\\/#website\"},\"primaryImageOfPage\":{\"@id\":\"https:\\\/\\\/folhapopular.info\\\/index.php\\\/2025\\\/03\\\/19\\\/15o-encontro-de-veiculos-antigos-sera-neste-fim-de-semana-e-tera-show-da-banda-vera-loca\\\/#primaryimage\"},\"image\":{\"@id\":\"https:\\\/\\\/folhapopular.info\\\/index.php\\\/2025\\\/03\\\/19\\\/15o-encontro-de-veiculos-antigos-sera-neste-fim-de-semana-e-tera-show-da-banda-vera-loca\\\/#primaryimage\"},\"thumbnailUrl\":\"https:\\\/\\\/folhapopular.info\\\/wp-content\\\/uploads\\\/2025\\\/03\\\/Encontro-de-Veiculos-Antigos_DIV.jpg\",\"datePublished\":\"2025-03-19T14:00:00+00:00\",\"author\":{\"@id\":\"https:\\\/\\\/folhapopular.info\\\/#\\\/schema\\\/person\\\/52b95b9c1c41ec0e826e7518183d0cc0\"},\"breadcrumb\":{\"@id\":\"https:\\\/\\\/folhapopular.info\\\/index.php\\\/2025\\\/03\\\/19\\\/15o-encontro-de-veiculos-antigos-sera-neste-fim-de-semana-e-tera-show-da-banda-vera-loca\\\/#breadcrumb\"},\"inLanguage\":\"pt-BR\",\"potentialAction\":[{\"@type\":\"ReadAction\",\"target\":[\"https:\\\/\\\/folhapopular.info\\\/index.php\\\/2025\\\/03\\\/19\\\/15o-encontro-de-veiculos-antigos-sera-neste-fim-de-semana-e-tera-show-da-banda-vera-loca\\\/\"]}]},{\"@type\":\"ImageObject\",\"inLanguage\":\"pt-BR\",\"@id\":\"https:\\\/\\\/folhapopular.info\\\/index.php\\\/2025\\\/03\\\/19\\\/15o-encontro-de-veiculos-antigos-sera-neste-fim-de-semana-e-tera-show-da-banda-vera-loca\\\/#primaryimage\",\"url\":\"https:\\\/\\\/folhapopular.info\\\/wp-content\\\/uploads\\\/2025\\\/03\\\/Encontro-de-Veiculos-Antigos_DIV.jpg\",\"contentUrl\":\"https:\\\/\\\/folhapopular.info\\\/wp-content\\\/uploads\\\/2025\\\/03\\\/Encontro-de-Veiculos-Antigos_DIV.jpg\",\"width\":696,\"height\":438,\"caption\":\"Encontro de Ve\u00edculos Antigos \\\/ Cr\u00e9dito: Divulga\u00e7\u00e3o\"},{\"@type\":\"BreadcrumbList\",\"@id\":\"https:\\\/\\\/folhapopular.info\\\/index.php\\\/2025\\\/03\\\/19\\\/15o-encontro-de-veiculos-antigos-sera-neste-fim-de-semana-e-tera-show-da-banda-vera-loca\\\/#breadcrumb\",\"itemListElement\":[{\"@type\":\"ListItem\",\"position\":1,\"name\":\"In\u00edcio\",\"item\":\"https:\\\/\\\/folhapopular.info\\\/\"},{\"@type\":\"ListItem\",\"position\":2,\"name\":\"15\u00ba Encontro de Ve\u00edculos Antigos ser\u00e1 neste fim de semana e ter\u00e1 show da banda Vera Loca\"}]},{\"@type\":\"WebSite\",\"@id\":\"https:\\\/\\\/folhapopular.info\\\/#website\",\"url\":\"https:\\\/\\\/folhapopular.info\\\/\",\"name\":\"Folha Popular\",\"description\":\"Onde voc\u00ea tem vez e voz\",\"potentialAction\":[{\"@type\":\"SearchAction\",\"target\":{\"@type\":\"EntryPoint\",\"urlTemplate\":\"https:\\\/\\\/folhapopular.info\\\/?s={search_term_string}\"},\"query-input\":{\"@type\":\"PropertyValueSpecification\",\"valueRequired\":true,\"valueName\":\"search_term_string\"}}],\"inLanguage\":\"pt-BR\"},{\"@type\":\"Person\",\"@id\":\"https:\\\/\\\/folhapopular.info\\\/#\\\/schema\\\/person\\\/52b95b9c1c41ec0e826e7518183d0cc0\",\"name\":\"Let\u00edcia Echer\",\"image\":{\"@type\":\"ImageObject\",\"inLanguage\":\"pt-BR\",\"@id\":\"https:\\\/\\\/secure.gravatar.com\\\/avatar\\\/303201b45d8f4e048c95808925ff8953fa7ebc0e52cb5b3af1fc9e3d52c95645?s=96&d=mm&r=g\",\"url\":\"https:\\\/\\\/secure.gravatar.com\\\/avatar\\\/303201b45d8f4e048c95808925ff8953fa7ebc0e52cb5b3af1fc9e3d52c95645?s=96&d=mm&r=g\",\"contentUrl\":\"https:\\\/\\\/secure.gravatar.com\\\/avatar\\\/303201b45d8f4e048c95808925ff8953fa7ebc0e52cb5b3af1fc9e3d52c95645?s=96&d=mm&r=g\",\"caption\":\"Let\u00edcia Echer\"},\"url\":\"https:\\\/\\\/folhapopular.info\\\/index.php\\\/author\\\/leticiaecher04gmail-com\\\/\"}]}<\/script>\n<!-- \/ Yoast SEO plugin. -->","yoast_head_json":{"title":"15\u00ba Encontro de Ve\u00edculos Antigos ser\u00e1 neste fim de semana e ter\u00e1 show da banda Vera Loca - Folha Popular","robots":{"index":"index","follow":"follow","max-snippet":"max-snippet:-1","max-image-preview":"max-image-preview:large","max-video-preview":"max-video-preview:-1"},"canonical":"https:\/\/folhapopular.info\/index.php\/2025\/03\/19\/15o-encontro-de-veiculos-antigos-sera-neste-fim-de-semana-e-tera-show-da-banda-vera-loca\/","og_locale":"pt_BR","og_type":"article","og_title":"15\u00ba Encontro de Ve\u00edculos Antigos ser\u00e1 neste fim de semana e ter\u00e1 show da banda Vera Loca - Folha Popular","og_description":"O 15\u00b0 Encontro Nacional de Ve\u00edculos Antigos est\u00e1 marcado para este fim de semana, nos dias 21, 22 e 23 de mar\u00e7o. O evento \u00e9 parte do calend\u00e1rio nacional da Associa\u00e7\u00e3o Brasileira de Ve\u00edculos Antigos, de prest\u00edgio nacional. A organiza\u00e7\u00e3o convida a comunidade de Teut\u00f4nia e regi\u00e3o para acompanhar o evento e aproveitar a programa\u00e7\u00e3o. [&hellip;]","og_url":"https:\/\/folhapopular.info\/index.php\/2025\/03\/19\/15o-encontro-de-veiculos-antigos-sera-neste-fim-de-semana-e-tera-show-da-banda-vera-loca\/","og_site_name":"Folha Popular","article_published_time":"2025-03-19T14:00:00+00:00","og_image":[{"width":696,"height":438,"url":"https:\/\/folhapopular.info\/wp-content\/uploads\/2025\/03\/Encontro-de-Veiculos-Antigos_DIV.jpg","type":"image\/jpeg"}],"author":"Let\u00edcia Echer","twitter_card":"summary_large_image","twitter_misc":{"Escrito por":"Let\u00edcia Echer","Est. tempo de leitura":"3 minutos"},"schema":{"@context":"https:\/\/schema.org","@graph":[{"@type":"Article","@id":"https:\/\/folhapopular.info\/index.php\/2025\/03\/19\/15o-encontro-de-veiculos-antigos-sera-neste-fim-de-semana-e-tera-show-da-banda-vera-loca\/#article","isPartOf":{"@id":"https:\/\/folhapopular.info\/index.php\/2025\/03\/19\/15o-encontro-de-veiculos-antigos-sera-neste-fim-de-semana-e-tera-show-da-banda-vera-loca\/"},"author":{"name":"Let\u00edcia Echer","@id":"https:\/\/folhapopular.info\/#\/schema\/person\/52b95b9c1c41ec0e826e7518183d0cc0"},"headline":"15\u00ba Encontro de Ve\u00edculos Antigos ser\u00e1 neste fim de semana e ter\u00e1 show da banda Vera Loca","datePublished":"2025-03-19T14:00:00+00:00","mainEntityOfPage":{"@id":"https:\/\/folhapopular.info\/index.php\/2025\/03\/19\/15o-encontro-de-veiculos-antigos-sera-neste-fim-de-semana-e-tera-show-da-banda-vera-loca\/"},"wordCount":573,"commentCount":0,"image":{"@id":"https:\/\/folhapopular.info\/index.php\/2025\/03\/19\/15o-encontro-de-veiculos-antigos-sera-neste-fim-de-semana-e-tera-show-da-banda-vera-loca\/#primaryimage"},"thumbnailUrl":"https:\/\/folhapopular.info\/wp-content\/uploads\/2025\/03\/Encontro-de-Veiculos-Antigos_DIV.jpg","keywords":["15\u00ba Encontro de Ve\u00edculos Antigos","Banda Vera Loca","Teut\u00f4nia"],"articleSection":["Destaques","Inclusive"],"inLanguage":"pt-BR","potentialAction":[{"@type":"CommentAction","name":"Comment","target":["https:\/\/folhapopular.info\/index.php\/2025\/03\/19\/15o-encontro-de-veiculos-antigos-sera-neste-fim-de-semana-e-tera-show-da-banda-vera-loca\/#respond"]}]},{"@type":"WebPage","@id":"https:\/\/folhapopular.info\/index.php\/2025\/03\/19\/15o-encontro-de-veiculos-antigos-sera-neste-fim-de-semana-e-tera-show-da-banda-vera-loca\/","url":"https:\/\/folhapopular.info\/index.php\/2025\/03\/19\/15o-encontro-de-veiculos-antigos-sera-neste-fim-de-semana-e-tera-show-da-banda-vera-loca\/","name":"15\u00ba Encontro de Ve\u00edculos Antigos ser\u00e1 neste fim de semana e ter\u00e1 show da banda Vera Loca - Folha Popular","isPartOf":{"@id":"https:\/\/folhapopular.info\/#website"},"primaryImageOfPage":{"@id":"https:\/\/folhapopular.info\/index.php\/2025\/03\/19\/15o-encontro-de-veiculos-antigos-sera-neste-fim-de-semana-e-tera-show-da-banda-vera-loca\/#primaryimage"},"image":{"@id":"https:\/\/folhapopular.info\/index.php\/2025\/03\/19\/15o-encontro-de-veiculos-antigos-sera-neste-fim-de-semana-e-tera-show-da-banda-vera-loca\/#primaryimage"},"thumbnailUrl":"https:\/\/folhapopular.info\/wp-content\/uploads\/2025\/03\/Encontro-de-Veiculos-Antigos_DIV.jpg","datePublished":"2025-03-19T14:00:00+00:00","author":{"@id":"https:\/\/folhapopular.info\/#\/schema\/person\/52b95b9c1c41ec0e826e7518183d0cc0"},"breadcrumb":{"@id":"https:\/\/folhapopular.info\/index.php\/2025\/03\/19\/15o-encontro-de-veiculos-antigos-sera-neste-fim-de-semana-e-tera-show-da-banda-vera-loca\/#breadcrumb"},"inLanguage":"pt-BR","potentialAction":[{"@type":"ReadAction","target":["https:\/\/folhapopular.info\/index.php\/2025\/03\/19\/15o-encontro-de-veiculos-antigos-sera-neste-fim-de-semana-e-tera-show-da-banda-vera-loca\/"]}]},{"@type":"ImageObject","inLanguage":"pt-BR","@id":"https:\/\/folhapopular.info\/index.php\/2025\/03\/19\/15o-encontro-de-veiculos-antigos-sera-neste-fim-de-semana-e-tera-show-da-banda-vera-loca\/#primaryimage","url":"https:\/\/folhapopular.info\/wp-content\/uploads\/2025\/03\/Encontro-de-Veiculos-Antigos_DIV.jpg","contentUrl":"https:\/\/folhapopular.info\/wp-content\/uploads\/2025\/03\/Encontro-de-Veiculos-Antigos_DIV.jpg","width":696,"height":438,"caption":"Encontro de Ve\u00edculos Antigos \/ Cr\u00e9dito: Divulga\u00e7\u00e3o"},{"@type":"BreadcrumbList","@id":"https:\/\/folhapopular.info\/index.php\/2025\/03\/19\/15o-encontro-de-veiculos-antigos-sera-neste-fim-de-semana-e-tera-show-da-banda-vera-loca\/#breadcrumb","itemListElement":[{"@type":"ListItem","position":1,"name":"In\u00edcio","item":"https:\/\/folhapopular.info\/"},{"@type":"ListItem","position":2,"name":"15\u00ba Encontro de Ve\u00edculos Antigos ser\u00e1 neste fim de semana e ter\u00e1 show da banda Vera Loca"}]},{"@type":"WebSite","@id":"https:\/\/folhapopular.info\/#website","url":"https:\/\/folhapopular.info\/","name":"Folha Popular","description":"Onde voc\u00ea tem vez e voz","potentialAction":[{"@type":"SearchAction","target":{"@type":"EntryPoint","urlTemplate":"https:\/\/folhapopular.info\/?s={search_term_string}"},"query-input":{"@type":"PropertyValueSpecification","valueRequired":true,"valueName":"search_term_string"}}],"inLanguage":"pt-BR"},{"@type":"Person","@id":"https:\/\/folhapopular.info\/#\/schema\/person\/52b95b9c1c41ec0e826e7518183d0cc0","name":"Let\u00edcia Echer","image":{"@type":"ImageObject","inLanguage":"pt-BR","@id":"https:\/\/secure.gravatar.com\/avatar\/303201b45d8f4e048c95808925ff8953fa7ebc0e52cb5b3af1fc9e3d52c95645?s=96&d=mm&r=g","url":"https:\/\/secure.gravatar.com\/avatar\/303201b45d8f4e048c95808925ff8953fa7ebc0e52cb5b3af1fc9e3d52c95645?s=96&d=mm&r=g","contentUrl":"https:\/\/secure.gravatar.com\/avatar\/303201b45d8f4e048c95808925ff8953fa7ebc0e52cb5b3af1fc9e3d52c95645?s=96&d=mm&r=g","caption":"Let\u00edcia Echer"},"url":"https:\/\/folhapopular.info\/index.php\/author\/leticiaecher04gmail-com\/"}]}},"jetpack_featured_media_url":"https:\/\/folhapopular.info\/wp-content\/uploads\/2025\/03\/Encontro-de-Veiculos-Antigos_DIV.jpg","jetpack_sharing_enabled":true,"amp_enabled":true,"_links":{"self":[{"href":"https:\/\/folhapopular.info\/index.php\/wp-json\/wp\/v2\/posts\/182774","targetHints":{"allow":["GET"]}}],"collection":[{"href":"https:\/\/folhapopular.info\/index.php\/wp-json\/wp\/v2\/posts"}],"about":[{"href":"https:\/\/folhapopular.info\/index.php\/wp-json\/wp\/v2\/types\/post"}],"author":[{"embeddable":true,"href":"https:\/\/folhapopular.info\/index.php\/wp-json\/wp\/v2\/users\/673"}],"replies":[{"embeddable":true,"href":"https:\/\/folhapopular.info\/index.php\/wp-json\/wp\/v2\/comments?post=182774"}],"version-history":[{"count":0,"href":"https:\/\/folhapopular.info\/index.php\/wp-json\/wp\/v2\/posts\/182774\/revisions"}],"wp:featuredmedia":[{"embeddable":true,"href":"https:\/\/folhapopular.info\/index.php\/wp-json\/wp\/v2\/media\/182775"}],"wp:attachment":[{"href":"https:\/\/folhapopular.info\/index.php\/wp-json\/wp\/v2\/media?parent=182774"}],"wp:term":[{"taxonomy":"category","embeddable":true,"href":"https:\/\/folhapopular.info\/index.php\/wp-json\/wp\/v2\/categories?post=182774"},{"taxonomy":"post_tag","embeddable":true,"href":"https:\/\/folhapopular.info\/index.php\/wp-json\/wp\/v2\/tags?post=182774"}],"curies":[{"name":"wp","href":"https:\/\/api.w.org\/{rel}","templated":true}]}}