{"id":182798,"date":"2025-03-19T15:59:41","date_gmt":"2025-03-19T18:59:41","guid":{"rendered":"https:\/\/folhapopular.info\/?p=182798"},"modified":"2025-03-20T09:29:28","modified_gmt":"2025-03-20T12:29:28","slug":"paverama-se-prepara-para-retomada-do-campeonato-municipal-de-futebol","status":"publish","type":"post","link":"https:\/\/folhapopular.info\/index.php\/2025\/03\/19\/paverama-se-prepara-para-retomada-do-campeonato-municipal-de-futebol\/","title":{"rendered":"Paverama se prepara para retomada do Campeonato Municipal de Futebol"},"content":{"rendered":"\n<p>Ap\u00f3s anos de hiato, o Campeonato Municipal de Futebol de Paverama est\u00e1 prestes a voltar ao cen\u00e1rio esportivo local. A mais recente edi\u00e7\u00e3o ocorreu em 2018, e agora a coordena\u00e7\u00e3o de Esportes trabalha para garantir que a competi\u00e7\u00e3o seja realizada novamente. A reuni\u00e3o decisiva para definir os detalhes ocorrer\u00e1 na pr\u00f3xima segunda-feira, dia 24 de mar\u00e7o. A previs\u00e3o inicial para o come\u00e7o do campeonato est\u00e1 para o dia 6 de abril.<\/p>\n\n\n\n<p>At\u00e9 o momento, seis clubes participaram da primeira reuni\u00e3o, no dia 10 de mar\u00e7o, para discutir a realiza\u00e7\u00e3o do torneio, e quatro j\u00e1 est\u00e3o pr\u00e9-confirmados. A expectativa \u00e9 que o campeonato aconte\u00e7a mesmo com um n\u00famero reduzido de equipes. Os jogos ser\u00e3o disputados em uma \u00fanica sede, no per\u00edodo da tarde.<\/p>\n\n\n\n<p>Entre os times que demonstraram interesse na competi\u00e7\u00e3o est\u00e3o Uni\u00e3o da Boa Esperan\u00e7a, Morro Bonito, Gua\u00edba, Santa Manoela, Independente e S\u00e3o Jos\u00e9. O S\u00e3o Jos\u00e9, primeiro campe\u00e3o de Paverama, busca parceria com outro clube para ter um campo dispon\u00edvel para seus jogos. Outros times tradicionais, como o Brasil da Linha Brasil e o Morro Azul, informaram que n\u00e3o participar\u00e3o desta edi\u00e7\u00e3o.<\/p>\n\n\n\n<p>O regulamento do campeonato prev\u00ea uma composi\u00e7\u00e3o mista dos elencos: cada equipe deve inscrever seis atletas de idade superior a 40 anos, nascidos em 1985 ou antes, dos quais tr\u00eas devem estar em campo na partida. Essa mesma regra vale para atletas menores de 18 anos, nascidos em 2007 ou depois. As equipes poder\u00e3o inscrever tamb\u00e9m dez atletas de idade livre, os quais poder\u00e3o estar em campo simultaneamente cinco atletas.<\/p>\n\n\n\n<h3 class=\"wp-block-heading\"><strong>Movimenta\u00e7\u00e3o esportiva<\/strong><\/h3>\n\n\n\n<p>Al\u00e9m do retorno do Campeonato Municipal de Futebol, o calend\u00e1rio esportivo de Paverama est\u00e1 recheado de eventos. Est\u00e3o previstos para os pr\u00f3ximos meses o Campeonato Municipal de Futsal, a Canastra, o Aberto de Futsal, al\u00e9m de competi\u00e7\u00f5es de v\u00f4lei, futev\u00f4lei e torneios de modalidades alternativas como taco, estilingue, videogames e at\u00e9 bolinha de gude.<\/p>\n\n\n\n<p>A crescente do incentivo ao esporte tamb\u00e9m se reflete em outras competi\u00e7\u00f5es como a tradicional R\u00fastica, que promete movimentar os amantes da corrida.<\/p>\n\n\n\n<p>O coordenador esportivo do munic\u00edpio, Anderson Lucas Nierich, destaca que a retomada do campeonato municipal tem como objetivo fortalecer o esporte local e, futuramente, viabilizar a participa\u00e7\u00e3o de uma equipe da cidade em competi\u00e7\u00f5es regionais. &#8220;Nosso foco \u00e9 movimentar o esporte amador e dar oportunidades para todas as idades&#8221;, afirma.<\/p>\n\n\n\n<p><strong>Assista a entrevista completa:<\/strong><\/p>\n\n\n\n<figure class=\"wp-block-embed is-type-video is-provider-youtube wp-block-embed-youtube wp-embed-aspect-16-9 wp-has-aspect-ratio\"><div class=\"wp-block-embed__wrapper\">\n<div class=\"youtube-embed\" data-video_id=\"xwLUFotkY7M\"><iframe loading=\"lazy\" title=\"BOLA NA TRAVE | Debate esportivo\" width=\"696\" height=\"392\" src=\"https:\/\/www.youtube.com\/embed\/xwLUFotkY7M?feature=oembed&#038;enablejsapi=1\" frameborder=\"0\" allow=\"accelerometer; autoplay; clipboard-write; encrypted-media; gyroscope; picture-in-picture; web-share\" referrerpolicy=\"strict-origin-when-cross-origin\" allowfullscreen><\/iframe><\/div>\n<\/div><\/figure>\n","protected":false},"excerpt":{"rendered":"<p>Ap\u00f3s anos de hiato, o Campeonato Municipal de Futebol de Paverama est\u00e1 prestes a voltar ao cen\u00e1rio esportivo local. A mais recente edi\u00e7\u00e3o ocorreu em 2018, e agora a coordena\u00e7\u00e3o de Esportes trabalha para garantir que a competi\u00e7\u00e3o seja realizada novamente. A reuni\u00e3o decisiva para definir os detalhes ocorrer\u00e1 na pr\u00f3xima segunda-feira, dia 24 de [&hellip;]<\/p>\n","protected":false},"author":732,"featured_media":182818,"comment_status":"open","ping_status":"open","sticky":false,"template":"","format":"standard","meta":{"pmpro_default_level":"","_jetpack_memberships_contains_paid_content":false,"footnotes":""},"categories":[5,240],"tags":[6432,499,3840,147,46,8174],"class_list":{"0":"post-182798","1":"post","2":"type-post","3":"status-publish","4":"format-standard","5":"has-post-thumbnail","7":"category-esportes","8":"category-futebol-amador","9":"tag-bola-na-trave","10":"tag-campeonato-municipal","11":"tag-campeonato-municipal-de-futebol-de-campo","12":"tag-futebol-amador","13":"tag-paverama","14":"tag-retomada","15":"pmpro-has-access"},"yoast_head":"<!-- This site is optimized with the Yoast SEO plugin v27.5 - https:\/\/yoast.com\/product\/yoast-seo-wordpress\/ -->\n<title>Paverama se prepara para retomada do Campeonato Municipal de Futebol - Folha Popular<\/title>\n<meta name=\"robots\" content=\"index, follow, max-snippet:-1, max-image-preview:large, max-video-preview:-1\" \/>\n<link rel=\"canonical\" href=\"https:\/\/folhapopular.info\/index.php\/2025\/03\/19\/paverama-se-prepara-para-retomada-do-campeonato-municipal-de-futebol\/\" \/>\n<meta property=\"og:locale\" content=\"pt_BR\" \/>\n<meta property=\"og:type\" content=\"article\" \/>\n<meta property=\"og:title\" content=\"Paverama se prepara para retomada do Campeonato Municipal de Futebol - Folha Popular\" \/>\n<meta property=\"og:description\" content=\"Ap\u00f3s anos de hiato, o Campeonato Municipal de Futebol de Paverama est\u00e1 prestes a voltar ao cen\u00e1rio esportivo local. A mais recente edi\u00e7\u00e3o ocorreu em 2018, e agora a coordena\u00e7\u00e3o de Esportes trabalha para garantir que a competi\u00e7\u00e3o seja realizada novamente. A reuni\u00e3o decisiva para definir os detalhes ocorrer\u00e1 na pr\u00f3xima segunda-feira, dia 24 de [&hellip;]\" \/>\n<meta property=\"og:url\" content=\"https:\/\/folhapopular.info\/index.php\/2025\/03\/19\/paverama-se-prepara-para-retomada-do-campeonato-municipal-de-futebol\/\" \/>\n<meta property=\"og:site_name\" content=\"Folha Popular\" \/>\n<meta property=\"article:author\" content=\"https:\/\/www.facebook.com\/luis.huppes\/\" \/>\n<meta property=\"article:published_time\" content=\"2025-03-19T18:59:41+00:00\" \/>\n<meta property=\"article:modified_time\" content=\"2025-03-20T12:29:28+00:00\" \/>\n<meta property=\"og:image\" content=\"http:\/\/folhapopular.info\/wp-content\/uploads\/2025\/03\/483914671_18038832260612056_4713728570817823633_n.jpg\" \/>\n\t<meta property=\"og:image:width\" content=\"900\" \/>\n\t<meta property=\"og:image:height\" content=\"547\" \/>\n\t<meta property=\"og:image:type\" content=\"image\/jpeg\" \/>\n<meta name=\"author\" content=\"Luis Augusto Huppes\" \/>\n<meta name=\"twitter:card\" content=\"summary_large_image\" \/>\n<meta name=\"twitter:label1\" content=\"Escrito por\" \/>\n\t<meta name=\"twitter:data1\" content=\"Luis Augusto Huppes\" \/>\n\t<meta name=\"twitter:label2\" content=\"Est. tempo de leitura\" \/>\n\t<meta name=\"twitter:data2\" content=\"3 minutos\" \/>\n<script type=\"application\/ld+json\" class=\"yoast-schema-graph\">{\"@context\":\"https:\\\/\\\/schema.org\",\"@graph\":[{\"@type\":\"Article\",\"@id\":\"https:\\\/\\\/folhapopular.info\\\/index.php\\\/2025\\\/03\\\/19\\\/paverama-se-prepara-para-retomada-do-campeonato-municipal-de-futebol\\\/#article\",\"isPartOf\":{\"@id\":\"https:\\\/\\\/folhapopular.info\\\/index.php\\\/2025\\\/03\\\/19\\\/paverama-se-prepara-para-retomada-do-campeonato-municipal-de-futebol\\\/\"},\"author\":{\"name\":\"Luis Augusto Huppes\",\"@id\":\"https:\\\/\\\/folhapopular.info\\\/#\\\/schema\\\/person\\\/e852c327371714676d02e58cf917fd9f\"},\"headline\":\"Paverama se prepara para retomada do Campeonato Municipal de Futebol\",\"datePublished\":\"2025-03-19T18:59:41+00:00\",\"dateModified\":\"2025-03-20T12:29:28+00:00\",\"mainEntityOfPage\":{\"@id\":\"https:\\\/\\\/folhapopular.info\\\/index.php\\\/2025\\\/03\\\/19\\\/paverama-se-prepara-para-retomada-do-campeonato-municipal-de-futebol\\\/\"},\"wordCount\":445,\"commentCount\":0,\"image\":{\"@id\":\"https:\\\/\\\/folhapopular.info\\\/index.php\\\/2025\\\/03\\\/19\\\/paverama-se-prepara-para-retomada-do-campeonato-municipal-de-futebol\\\/#primaryimage\"},\"thumbnailUrl\":\"https:\\\/\\\/folhapopular.info\\\/wp-content\\\/uploads\\\/2025\\\/03\\\/483914671_18038832260612056_4713728570817823633_n.jpg\",\"keywords\":[\"Bola na Trave\",\"Campeonato Municipal\",\"campeonato municipal de futebol de campo\",\"futebol amador\",\"Paverama\",\"Retomada\"],\"articleSection\":[\"Esportes\",\"Futebol Amador\"],\"inLanguage\":\"pt-BR\",\"potentialAction\":[{\"@type\":\"CommentAction\",\"name\":\"Comment\",\"target\":[\"https:\\\/\\\/folhapopular.info\\\/index.php\\\/2025\\\/03\\\/19\\\/paverama-se-prepara-para-retomada-do-campeonato-municipal-de-futebol\\\/#respond\"]}]},{\"@type\":\"WebPage\",\"@id\":\"https:\\\/\\\/folhapopular.info\\\/index.php\\\/2025\\\/03\\\/19\\\/paverama-se-prepara-para-retomada-do-campeonato-municipal-de-futebol\\\/\",\"url\":\"https:\\\/\\\/folhapopular.info\\\/index.php\\\/2025\\\/03\\\/19\\\/paverama-se-prepara-para-retomada-do-campeonato-municipal-de-futebol\\\/\",\"name\":\"Paverama se prepara para retomada do Campeonato Municipal de Futebol - Folha Popular\",\"isPartOf\":{\"@id\":\"https:\\\/\\\/folhapopular.info\\\/#website\"},\"primaryImageOfPage\":{\"@id\":\"https:\\\/\\\/folhapopular.info\\\/index.php\\\/2025\\\/03\\\/19\\\/paverama-se-prepara-para-retomada-do-campeonato-municipal-de-futebol\\\/#primaryimage\"},\"image\":{\"@id\":\"https:\\\/\\\/folhapopular.info\\\/index.php\\\/2025\\\/03\\\/19\\\/paverama-se-prepara-para-retomada-do-campeonato-municipal-de-futebol\\\/#primaryimage\"},\"thumbnailUrl\":\"https:\\\/\\\/folhapopular.info\\\/wp-content\\\/uploads\\\/2025\\\/03\\\/483914671_18038832260612056_4713728570817823633_n.jpg\",\"datePublished\":\"2025-03-19T18:59:41+00:00\",\"dateModified\":\"2025-03-20T12:29:28+00:00\",\"author\":{\"@id\":\"https:\\\/\\\/folhapopular.info\\\/#\\\/schema\\\/person\\\/e852c327371714676d02e58cf917fd9f\"},\"breadcrumb\":{\"@id\":\"https:\\\/\\\/folhapopular.info\\\/index.php\\\/2025\\\/03\\\/19\\\/paverama-se-prepara-para-retomada-do-campeonato-municipal-de-futebol\\\/#breadcrumb\"},\"inLanguage\":\"pt-BR\",\"potentialAction\":[{\"@type\":\"ReadAction\",\"target\":[\"https:\\\/\\\/folhapopular.info\\\/index.php\\\/2025\\\/03\\\/19\\\/paverama-se-prepara-para-retomada-do-campeonato-municipal-de-futebol\\\/\"]}]},{\"@type\":\"ImageObject\",\"inLanguage\":\"pt-BR\",\"@id\":\"https:\\\/\\\/folhapopular.info\\\/index.php\\\/2025\\\/03\\\/19\\\/paverama-se-prepara-para-retomada-do-campeonato-municipal-de-futebol\\\/#primaryimage\",\"url\":\"https:\\\/\\\/folhapopular.info\\\/wp-content\\\/uploads\\\/2025\\\/03\\\/483914671_18038832260612056_4713728570817823633_n.jpg\",\"contentUrl\":\"https:\\\/\\\/folhapopular.info\\\/wp-content\\\/uploads\\\/2025\\\/03\\\/483914671_18038832260612056_4713728570817823633_n.jpg\",\"width\":900,\"height\":547,\"caption\":\"Primeiro encontro reuniu representantes dos clubes interessados - Cr\u00e9dito: Divulga\u00e7\u00e3o\"},{\"@type\":\"BreadcrumbList\",\"@id\":\"https:\\\/\\\/folhapopular.info\\\/index.php\\\/2025\\\/03\\\/19\\\/paverama-se-prepara-para-retomada-do-campeonato-municipal-de-futebol\\\/#breadcrumb\",\"itemListElement\":[{\"@type\":\"ListItem\",\"position\":1,\"name\":\"In\u00edcio\",\"item\":\"https:\\\/\\\/folhapopular.info\\\/\"},{\"@type\":\"ListItem\",\"position\":2,\"name\":\"Paverama se prepara para retomada do Campeonato Municipal de Futebol\"}]},{\"@type\":\"WebSite\",\"@id\":\"https:\\\/\\\/folhapopular.info\\\/#website\",\"url\":\"https:\\\/\\\/folhapopular.info\\\/\",\"name\":\"Folha Popular\",\"description\":\"Onde voc\u00ea tem vez e voz\",\"potentialAction\":[{\"@type\":\"SearchAction\",\"target\":{\"@type\":\"EntryPoint\",\"urlTemplate\":\"https:\\\/\\\/folhapopular.info\\\/?s={search_term_string}\"},\"query-input\":{\"@type\":\"PropertyValueSpecification\",\"valueRequired\":true,\"valueName\":\"search_term_string\"}}],\"inLanguage\":\"pt-BR\"},{\"@type\":\"Person\",\"@id\":\"https:\\\/\\\/folhapopular.info\\\/#\\\/schema\\\/person\\\/e852c327371714676d02e58cf917fd9f\",\"name\":\"Luis Augusto Huppes\",\"image\":{\"@type\":\"ImageObject\",\"inLanguage\":\"pt-BR\",\"@id\":\"https:\\\/\\\/folhapopular.info\\\/wp-content\\\/uploads\\\/2026\\\/04\\\/Luis-Augusto-Huppes-1-1.webp\",\"url\":\"https:\\\/\\\/folhapopular.info\\\/wp-content\\\/uploads\\\/2026\\\/04\\\/Luis-Augusto-Huppes-1-1.webp\",\"contentUrl\":\"https:\\\/\\\/folhapopular.info\\\/wp-content\\\/uploads\\\/2026\\\/04\\\/Luis-Augusto-Huppes-1-1.webp\",\"caption\":\"Luis Augusto Huppes\"},\"sameAs\":[\"https:\\\/\\\/www.facebook.com\\\/luis.huppes\\\/\",\"https:\\\/\\\/www.instagram.com\\\/luis.huppes\\\/\",\"https:\\\/\\\/www.linkedin.com\\\/in\\\/luis-augusto-huppes-2554b52b7\\\/\"],\"url\":\"https:\\\/\\\/folhapopular.info\\\/index.php\\\/author\\\/luis-augusto-huppes\\\/\"}]}<\/script>\n<!-- \/ Yoast SEO plugin. -->","yoast_head_json":{"title":"Paverama se prepara para retomada do Campeonato Municipal de Futebol - Folha Popular","robots":{"index":"index","follow":"follow","max-snippet":"max-snippet:-1","max-image-preview":"max-image-preview:large","max-video-preview":"max-video-preview:-1"},"canonical":"https:\/\/folhapopular.info\/index.php\/2025\/03\/19\/paverama-se-prepara-para-retomada-do-campeonato-municipal-de-futebol\/","og_locale":"pt_BR","og_type":"article","og_title":"Paverama se prepara para retomada do Campeonato Municipal de Futebol - Folha Popular","og_description":"Ap\u00f3s anos de hiato, o Campeonato Municipal de Futebol de Paverama est\u00e1 prestes a voltar ao cen\u00e1rio esportivo local. A mais recente edi\u00e7\u00e3o ocorreu em 2018, e agora a coordena\u00e7\u00e3o de Esportes trabalha para garantir que a competi\u00e7\u00e3o seja realizada novamente. A reuni\u00e3o decisiva para definir os detalhes ocorrer\u00e1 na pr\u00f3xima segunda-feira, dia 24 de [&hellip;]","og_url":"https:\/\/folhapopular.info\/index.php\/2025\/03\/19\/paverama-se-prepara-para-retomada-do-campeonato-municipal-de-futebol\/","og_site_name":"Folha Popular","article_author":"https:\/\/www.facebook.com\/luis.huppes\/","article_published_time":"2025-03-19T18:59:41+00:00","article_modified_time":"2025-03-20T12:29:28+00:00","og_image":[{"width":900,"height":547,"url":"http:\/\/folhapopular.info\/wp-content\/uploads\/2025\/03\/483914671_18038832260612056_4713728570817823633_n.jpg","type":"image\/jpeg"}],"author":"Luis Augusto Huppes","twitter_card":"summary_large_image","twitter_misc":{"Escrito por":"Luis Augusto Huppes","Est. tempo de leitura":"3 minutos"},"schema":{"@context":"https:\/\/schema.org","@graph":[{"@type":"Article","@id":"https:\/\/folhapopular.info\/index.php\/2025\/03\/19\/paverama-se-prepara-para-retomada-do-campeonato-municipal-de-futebol\/#article","isPartOf":{"@id":"https:\/\/folhapopular.info\/index.php\/2025\/03\/19\/paverama-se-prepara-para-retomada-do-campeonato-municipal-de-futebol\/"},"author":{"name":"Luis Augusto Huppes","@id":"https:\/\/folhapopular.info\/#\/schema\/person\/e852c327371714676d02e58cf917fd9f"},"headline":"Paverama se prepara para retomada do Campeonato Municipal de Futebol","datePublished":"2025-03-19T18:59:41+00:00","dateModified":"2025-03-20T12:29:28+00:00","mainEntityOfPage":{"@id":"https:\/\/folhapopular.info\/index.php\/2025\/03\/19\/paverama-se-prepara-para-retomada-do-campeonato-municipal-de-futebol\/"},"wordCount":445,"commentCount":0,"image":{"@id":"https:\/\/folhapopular.info\/index.php\/2025\/03\/19\/paverama-se-prepara-para-retomada-do-campeonato-municipal-de-futebol\/#primaryimage"},"thumbnailUrl":"https:\/\/folhapopular.info\/wp-content\/uploads\/2025\/03\/483914671_18038832260612056_4713728570817823633_n.jpg","keywords":["Bola na Trave","Campeonato Municipal","campeonato municipal de futebol de campo","futebol amador","Paverama","Retomada"],"articleSection":["Esportes","Futebol Amador"],"inLanguage":"pt-BR","potentialAction":[{"@type":"CommentAction","name":"Comment","target":["https:\/\/folhapopular.info\/index.php\/2025\/03\/19\/paverama-se-prepara-para-retomada-do-campeonato-municipal-de-futebol\/#respond"]}]},{"@type":"WebPage","@id":"https:\/\/folhapopular.info\/index.php\/2025\/03\/19\/paverama-se-prepara-para-retomada-do-campeonato-municipal-de-futebol\/","url":"https:\/\/folhapopular.info\/index.php\/2025\/03\/19\/paverama-se-prepara-para-retomada-do-campeonato-municipal-de-futebol\/","name":"Paverama se prepara para retomada do Campeonato Municipal de Futebol - Folha Popular","isPartOf":{"@id":"https:\/\/folhapopular.info\/#website"},"primaryImageOfPage":{"@id":"https:\/\/folhapopular.info\/index.php\/2025\/03\/19\/paverama-se-prepara-para-retomada-do-campeonato-municipal-de-futebol\/#primaryimage"},"image":{"@id":"https:\/\/folhapopular.info\/index.php\/2025\/03\/19\/paverama-se-prepara-para-retomada-do-campeonato-municipal-de-futebol\/#primaryimage"},"thumbnailUrl":"https:\/\/folhapopular.info\/wp-content\/uploads\/2025\/03\/483914671_18038832260612056_4713728570817823633_n.jpg","datePublished":"2025-03-19T18:59:41+00:00","dateModified":"2025-03-20T12:29:28+00:00","author":{"@id":"https:\/\/folhapopular.info\/#\/schema\/person\/e852c327371714676d02e58cf917fd9f"},"breadcrumb":{"@id":"https:\/\/folhapopular.info\/index.php\/2025\/03\/19\/paverama-se-prepara-para-retomada-do-campeonato-municipal-de-futebol\/#breadcrumb"},"inLanguage":"pt-BR","potentialAction":[{"@type":"ReadAction","target":["https:\/\/folhapopular.info\/index.php\/2025\/03\/19\/paverama-se-prepara-para-retomada-do-campeonato-municipal-de-futebol\/"]}]},{"@type":"ImageObject","inLanguage":"pt-BR","@id":"https:\/\/folhapopular.info\/index.php\/2025\/03\/19\/paverama-se-prepara-para-retomada-do-campeonato-municipal-de-futebol\/#primaryimage","url":"https:\/\/folhapopular.info\/wp-content\/uploads\/2025\/03\/483914671_18038832260612056_4713728570817823633_n.jpg","contentUrl":"https:\/\/folhapopular.info\/wp-content\/uploads\/2025\/03\/483914671_18038832260612056_4713728570817823633_n.jpg","width":900,"height":547,"caption":"Primeiro encontro reuniu representantes dos clubes interessados - Cr\u00e9dito: Divulga\u00e7\u00e3o"},{"@type":"BreadcrumbList","@id":"https:\/\/folhapopular.info\/index.php\/2025\/03\/19\/paverama-se-prepara-para-retomada-do-campeonato-municipal-de-futebol\/#breadcrumb","itemListElement":[{"@type":"ListItem","position":1,"name":"In\u00edcio","item":"https:\/\/folhapopular.info\/"},{"@type":"ListItem","position":2,"name":"Paverama se prepara para retomada do Campeonato Municipal de Futebol"}]},{"@type":"WebSite","@id":"https:\/\/folhapopular.info\/#website","url":"https:\/\/folhapopular.info\/","name":"Folha Popular","description":"Onde voc\u00ea tem vez e voz","potentialAction":[{"@type":"SearchAction","target":{"@type":"EntryPoint","urlTemplate":"https:\/\/folhapopular.info\/?s={search_term_string}"},"query-input":{"@type":"PropertyValueSpecification","valueRequired":true,"valueName":"search_term_string"}}],"inLanguage":"pt-BR"},{"@type":"Person","@id":"https:\/\/folhapopular.info\/#\/schema\/person\/e852c327371714676d02e58cf917fd9f","name":"Luis Augusto Huppes","image":{"@type":"ImageObject","inLanguage":"pt-BR","@id":"https:\/\/folhapopular.info\/wp-content\/uploads\/2026\/04\/Luis-Augusto-Huppes-1-1.webp","url":"https:\/\/folhapopular.info\/wp-content\/uploads\/2026\/04\/Luis-Augusto-Huppes-1-1.webp","contentUrl":"https:\/\/folhapopular.info\/wp-content\/uploads\/2026\/04\/Luis-Augusto-Huppes-1-1.webp","caption":"Luis Augusto Huppes"},"sameAs":["https:\/\/www.facebook.com\/luis.huppes\/","https:\/\/www.instagram.com\/luis.huppes\/","https:\/\/www.linkedin.com\/in\/luis-augusto-huppes-2554b52b7\/"],"url":"https:\/\/folhapopular.info\/index.php\/author\/luis-augusto-huppes\/"}]}},"jetpack_featured_media_url":"https:\/\/folhapopular.info\/wp-content\/uploads\/2025\/03\/483914671_18038832260612056_4713728570817823633_n.jpg","jetpack_sharing_enabled":true,"amp_enabled":true,"_links":{"self":[{"href":"https:\/\/folhapopular.info\/index.php\/wp-json\/wp\/v2\/posts\/182798","targetHints":{"allow":["GET"]}}],"collection":[{"href":"https:\/\/folhapopular.info\/index.php\/wp-json\/wp\/v2\/posts"}],"about":[{"href":"https:\/\/folhapopular.info\/index.php\/wp-json\/wp\/v2\/types\/post"}],"author":[{"embeddable":true,"href":"https:\/\/folhapopular.info\/index.php\/wp-json\/wp\/v2\/users\/732"}],"replies":[{"embeddable":true,"href":"https:\/\/folhapopular.info\/index.php\/wp-json\/wp\/v2\/comments?post=182798"}],"version-history":[{"count":0,"href":"https:\/\/folhapopular.info\/index.php\/wp-json\/wp\/v2\/posts\/182798\/revisions"}],"wp:featuredmedia":[{"embeddable":true,"href":"https:\/\/folhapopular.info\/index.php\/wp-json\/wp\/v2\/media\/182818"}],"wp:attachment":[{"href":"https:\/\/folhapopular.info\/index.php\/wp-json\/wp\/v2\/media?parent=182798"}],"wp:term":[{"taxonomy":"category","embeddable":true,"href":"https:\/\/folhapopular.info\/index.php\/wp-json\/wp\/v2\/categories?post=182798"},{"taxonomy":"post_tag","embeddable":true,"href":"https:\/\/folhapopular.info\/index.php\/wp-json\/wp\/v2\/tags?post=182798"}],"curies":[{"name":"wp","href":"https:\/\/api.w.org\/{rel}","templated":true}]}}