{"id":182822,"date":"2025-03-19T17:16:13","date_gmt":"2025-03-19T20:16:13","guid":{"rendered":"https:\/\/folhapopular.info\/?p=182822"},"modified":"2025-03-19T17:16:16","modified_gmt":"2025-03-19T20:16:16","slug":"egr-inicia-icamento-de-lajes-pre-moldadas-na-ponte-entre-lajeado-e-arroio-do-meio","status":"publish","type":"post","link":"https:\/\/folhapopular.info\/index.php\/2025\/03\/19\/egr-inicia-icamento-de-lajes-pre-moldadas-na-ponte-entre-lajeado-e-arroio-do-meio\/","title":{"rendered":"EGR inicia i\u00e7amento de lajes pr\u00e9-moldadas na ponte entre Lajeado e Arroio do Meio"},"content":{"rendered":"\n<p>A Empresa Ga\u00facha de Rodovias (EGR) iniciou, na segunda-feira (17\/3), a instala\u00e7\u00e3o das lajes pr\u00e9-moldadas sobre a estrutura da ponte da ERS-130, entre Lajeado e Arroio do Meio. Para realizar o processo, ser\u00e1 utilizado um guindaste que posiciona as pe\u00e7as enquanto a treli\u00e7a continua com o lan\u00e7amento das \u00faltimas vigas.<\/p>\n\n\n\n<p>Ap\u00f3s a coloca\u00e7\u00e3o das lajes em cada v\u00e3o, as equipes come\u00e7am imediatamente a concretagem e o nivelamento da estrutura, sempre com foco na efici\u00eancia e na seguran\u00e7a do projeto. Mesmo com a mudan\u00e7a no planejamento, a EGR mant\u00e9m a previs\u00e3o de conclus\u00e3o da ponte para o dia 29 de mar\u00e7o.<\/p>\n\n\n\n<p>Segundo o diretor-presidente da EGR, Luis Fernando Vanac\u00f4r, o i\u00e7amento das lajes representa uma fase crucial na execu\u00e7\u00e3o da obra na ERS-130. &#8220;Este \u00e9 um momento decisivo, pois \u00e9 quando a popua\u00e7\u00e3o do Vale do Taquari consegue visualizar de forma mais clara e evidente o progresso da obra. As pessoas come\u00e7am a perceber o tamanho da dedica\u00e7\u00e3o das equipes envolvidas, que est\u00e3o trabalhando intensamente para concluir a ponte com a m\u00e1xima agilidade&#8221;, destacou Vanac\u00f4r.<\/p>\n","protected":false},"excerpt":{"rendered":"<p>A Empresa Ga\u00facha de Rodovias (EGR) iniciou, na segunda-feira (17\/3), a instala\u00e7\u00e3o das lajes pr\u00e9-moldadas sobre a estrutura da ponte da ERS-130, entre Lajeado e Arroio do Meio. Para realizar o processo, ser\u00e1 utilizado um guindaste que posiciona as pe\u00e7as enquanto a treli\u00e7a continua com o lan\u00e7amento das \u00faltimas vigas. Ap\u00f3s a coloca\u00e7\u00e3o das lajes [&hellip;]<\/p>\n","protected":false},"author":8,"featured_media":182827,"comment_status":"open","ping_status":"open","sticky":false,"template":"","format":"standard","meta":{"pmpro_default_level":"","_jetpack_memberships_contains_paid_content":false,"footnotes":""},"categories":[7,10983],"tags":[140,8949,9395,27,193],"class_list":{"0":"post-182822","1":"post","2":"type-post","3":"status-publish","4":"format-standard","5":"has-post-thumbnail","7":"category-seguranca","8":"category-transito","9":"tag-arroio-do-meio","10":"tag-egr","11":"tag-icamento","12":"tag-lajeado","13":"tag-ponte","14":"pmpro-has-access"},"yoast_head":"<!-- This site is optimized with the Yoast SEO plugin v27.5 - https:\/\/yoast.com\/product\/yoast-seo-wordpress\/ -->\n<title>EGR inicia i\u00e7amento de lajes pr\u00e9-moldadas na ponte entre Lajeado e Arroio do Meio - Folha Popular<\/title>\n<meta name=\"robots\" content=\"index, follow, max-snippet:-1, max-image-preview:large, max-video-preview:-1\" \/>\n<link rel=\"canonical\" href=\"https:\/\/folhapopular.info\/index.php\/2025\/03\/19\/egr-inicia-icamento-de-lajes-pre-moldadas-na-ponte-entre-lajeado-e-arroio-do-meio\/\" \/>\n<meta property=\"og:locale\" content=\"pt_BR\" \/>\n<meta property=\"og:type\" content=\"article\" \/>\n<meta property=\"og:title\" content=\"EGR inicia i\u00e7amento de lajes pr\u00e9-moldadas na ponte entre Lajeado e Arroio do Meio - Folha Popular\" \/>\n<meta property=\"og:description\" content=\"A Empresa Ga\u00facha de Rodovias (EGR) iniciou, na segunda-feira (17\/3), a instala\u00e7\u00e3o das lajes pr\u00e9-moldadas sobre a estrutura da ponte da ERS-130, entre Lajeado e Arroio do Meio. Para realizar o processo, ser\u00e1 utilizado um guindaste que posiciona as pe\u00e7as enquanto a treli\u00e7a continua com o lan\u00e7amento das \u00faltimas vigas. Ap\u00f3s a coloca\u00e7\u00e3o das lajes [&hellip;]\" \/>\n<meta property=\"og:url\" content=\"https:\/\/folhapopular.info\/index.php\/2025\/03\/19\/egr-inicia-icamento-de-lajes-pre-moldadas-na-ponte-entre-lajeado-e-arroio-do-meio\/\" \/>\n<meta property=\"og:site_name\" content=\"Folha Popular\" \/>\n<meta property=\"article:published_time\" content=\"2025-03-19T20:16:13+00:00\" \/>\n<meta property=\"article:modified_time\" content=\"2025-03-19T20:16:16+00:00\" \/>\n<meta property=\"og:image\" content=\"http:\/\/folhapopular.info\/wp-content\/uploads\/2025\/03\/17155859_50080_GD.jpeg\" \/>\n\t<meta property=\"og:image:width\" content=\"871\" \/>\n\t<meta property=\"og:image:height\" content=\"490\" \/>\n\t<meta property=\"og:image:type\" content=\"image\/jpeg\" \/>\n<meta name=\"author\" content=\"Reda\u00e7\u00e3o Folha Popular\" \/>\n<meta name=\"twitter:card\" content=\"summary_large_image\" \/>\n<meta name=\"twitter:label1\" content=\"Escrito por\" \/>\n\t<meta name=\"twitter:data1\" content=\"Reda\u00e7\u00e3o Folha Popular\" \/>\n\t<meta name=\"twitter:label2\" content=\"Est. tempo de leitura\" \/>\n\t<meta name=\"twitter:data2\" content=\"2 minutos\" \/>\n<script type=\"application\/ld+json\" class=\"yoast-schema-graph\">{\"@context\":\"https:\\\/\\\/schema.org\",\"@graph\":[{\"@type\":\"Article\",\"@id\":\"https:\\\/\\\/folhapopular.info\\\/index.php\\\/2025\\\/03\\\/19\\\/egr-inicia-icamento-de-lajes-pre-moldadas-na-ponte-entre-lajeado-e-arroio-do-meio\\\/#article\",\"isPartOf\":{\"@id\":\"https:\\\/\\\/folhapopular.info\\\/index.php\\\/2025\\\/03\\\/19\\\/egr-inicia-icamento-de-lajes-pre-moldadas-na-ponte-entre-lajeado-e-arroio-do-meio\\\/\"},\"author\":{\"name\":\"Reda\u00e7\u00e3o Folha Popular\",\"@id\":\"https:\\\/\\\/folhapopular.info\\\/#\\\/schema\\\/person\\\/2814e8a0df7643585a9ca38bc6eb9d4b\"},\"headline\":\"EGR inicia i\u00e7amento de lajes pr\u00e9-moldadas na ponte entre Lajeado e Arroio do Meio\",\"datePublished\":\"2025-03-19T20:16:13+00:00\",\"dateModified\":\"2025-03-19T20:16:16+00:00\",\"mainEntityOfPage\":{\"@id\":\"https:\\\/\\\/folhapopular.info\\\/index.php\\\/2025\\\/03\\\/19\\\/egr-inicia-icamento-de-lajes-pre-moldadas-na-ponte-entre-lajeado-e-arroio-do-meio\\\/\"},\"wordCount\":212,\"commentCount\":0,\"image\":{\"@id\":\"https:\\\/\\\/folhapopular.info\\\/index.php\\\/2025\\\/03\\\/19\\\/egr-inicia-icamento-de-lajes-pre-moldadas-na-ponte-entre-lajeado-e-arroio-do-meio\\\/#primaryimage\"},\"thumbnailUrl\":\"https:\\\/\\\/folhapopular.info\\\/wp-content\\\/uploads\\\/2025\\\/03\\\/17155859_50080_GD.jpeg\",\"keywords\":[\"Arroio do Meio\",\"EGR\",\"I\u00e7amento\",\"Lajeado\",\"Ponte\"],\"articleSection\":[\"Seguran\u00e7a\",\"Tr\u00e2nsito\"],\"inLanguage\":\"pt-BR\",\"potentialAction\":[{\"@type\":\"CommentAction\",\"name\":\"Comment\",\"target\":[\"https:\\\/\\\/folhapopular.info\\\/index.php\\\/2025\\\/03\\\/19\\\/egr-inicia-icamento-de-lajes-pre-moldadas-na-ponte-entre-lajeado-e-arroio-do-meio\\\/#respond\"]}]},{\"@type\":\"WebPage\",\"@id\":\"https:\\\/\\\/folhapopular.info\\\/index.php\\\/2025\\\/03\\\/19\\\/egr-inicia-icamento-de-lajes-pre-moldadas-na-ponte-entre-lajeado-e-arroio-do-meio\\\/\",\"url\":\"https:\\\/\\\/folhapopular.info\\\/index.php\\\/2025\\\/03\\\/19\\\/egr-inicia-icamento-de-lajes-pre-moldadas-na-ponte-entre-lajeado-e-arroio-do-meio\\\/\",\"name\":\"EGR inicia i\u00e7amento de lajes pr\u00e9-moldadas na ponte entre Lajeado e Arroio do Meio - Folha Popular\",\"isPartOf\":{\"@id\":\"https:\\\/\\\/folhapopular.info\\\/#website\"},\"primaryImageOfPage\":{\"@id\":\"https:\\\/\\\/folhapopular.info\\\/index.php\\\/2025\\\/03\\\/19\\\/egr-inicia-icamento-de-lajes-pre-moldadas-na-ponte-entre-lajeado-e-arroio-do-meio\\\/#primaryimage\"},\"image\":{\"@id\":\"https:\\\/\\\/folhapopular.info\\\/index.php\\\/2025\\\/03\\\/19\\\/egr-inicia-icamento-de-lajes-pre-moldadas-na-ponte-entre-lajeado-e-arroio-do-meio\\\/#primaryimage\"},\"thumbnailUrl\":\"https:\\\/\\\/folhapopular.info\\\/wp-content\\\/uploads\\\/2025\\\/03\\\/17155859_50080_GD.jpeg\",\"datePublished\":\"2025-03-19T20:16:13+00:00\",\"dateModified\":\"2025-03-19T20:16:16+00:00\",\"author\":{\"@id\":\"https:\\\/\\\/folhapopular.info\\\/#\\\/schema\\\/person\\\/2814e8a0df7643585a9ca38bc6eb9d4b\"},\"breadcrumb\":{\"@id\":\"https:\\\/\\\/folhapopular.info\\\/index.php\\\/2025\\\/03\\\/19\\\/egr-inicia-icamento-de-lajes-pre-moldadas-na-ponte-entre-lajeado-e-arroio-do-meio\\\/#breadcrumb\"},\"inLanguage\":\"pt-BR\",\"potentialAction\":[{\"@type\":\"ReadAction\",\"target\":[\"https:\\\/\\\/folhapopular.info\\\/index.php\\\/2025\\\/03\\\/19\\\/egr-inicia-icamento-de-lajes-pre-moldadas-na-ponte-entre-lajeado-e-arroio-do-meio\\\/\"]}]},{\"@type\":\"ImageObject\",\"inLanguage\":\"pt-BR\",\"@id\":\"https:\\\/\\\/folhapopular.info\\\/index.php\\\/2025\\\/03\\\/19\\\/egr-inicia-icamento-de-lajes-pre-moldadas-na-ponte-entre-lajeado-e-arroio-do-meio\\\/#primaryimage\",\"url\":\"https:\\\/\\\/folhapopular.info\\\/wp-content\\\/uploads\\\/2025\\\/03\\\/17155859_50080_GD.jpeg\",\"contentUrl\":\"https:\\\/\\\/folhapopular.info\\\/wp-content\\\/uploads\\\/2025\\\/03\\\/17155859_50080_GD.jpeg\",\"width\":871,\"height\":490,\"caption\":\"Empresa utiliza guindaste para realizar o servi\u00e7o - Cr\u00e9dito: Divulga\u00e7\u00e3o \\\/ EGR\"},{\"@type\":\"BreadcrumbList\",\"@id\":\"https:\\\/\\\/folhapopular.info\\\/index.php\\\/2025\\\/03\\\/19\\\/egr-inicia-icamento-de-lajes-pre-moldadas-na-ponte-entre-lajeado-e-arroio-do-meio\\\/#breadcrumb\",\"itemListElement\":[{\"@type\":\"ListItem\",\"position\":1,\"name\":\"In\u00edcio\",\"item\":\"https:\\\/\\\/folhapopular.info\\\/\"},{\"@type\":\"ListItem\",\"position\":2,\"name\":\"EGR inicia i\u00e7amento de lajes pr\u00e9-moldadas na ponte entre Lajeado e Arroio do Meio\"}]},{\"@type\":\"WebSite\",\"@id\":\"https:\\\/\\\/folhapopular.info\\\/#website\",\"url\":\"https:\\\/\\\/folhapopular.info\\\/\",\"name\":\"Folha Popular\",\"description\":\"Onde voc\u00ea tem vez e voz\",\"potentialAction\":[{\"@type\":\"SearchAction\",\"target\":{\"@type\":\"EntryPoint\",\"urlTemplate\":\"https:\\\/\\\/folhapopular.info\\\/?s={search_term_string}\"},\"query-input\":{\"@type\":\"PropertyValueSpecification\",\"valueRequired\":true,\"valueName\":\"search_term_string\"}}],\"inLanguage\":\"pt-BR\"},{\"@type\":\"Person\",\"@id\":\"https:\\\/\\\/folhapopular.info\\\/#\\\/schema\\\/person\\\/2814e8a0df7643585a9ca38bc6eb9d4b\",\"name\":\"Reda\u00e7\u00e3o Folha Popular\",\"image\":{\"@type\":\"ImageObject\",\"inLanguage\":\"pt-BR\",\"@id\":\"https:\\\/\\\/folhapopular.info\\\/wp-content\\\/uploads\\\/2026\\\/04\\\/Folha-1.webp\",\"url\":\"https:\\\/\\\/folhapopular.info\\\/wp-content\\\/uploads\\\/2026\\\/04\\\/Folha-1.webp\",\"contentUrl\":\"https:\\\/\\\/folhapopular.info\\\/wp-content\\\/uploads\\\/2026\\\/04\\\/Folha-1.webp\",\"caption\":\"Reda\u00e7\u00e3o Folha Popular\"},\"url\":\"https:\\\/\\\/folhapopular.info\\\/index.php\\\/author\\\/redacao\\\/\"}]}<\/script>\n<!-- \/ Yoast SEO plugin. -->","yoast_head_json":{"title":"EGR inicia i\u00e7amento de lajes pr\u00e9-moldadas na ponte entre Lajeado e Arroio do Meio - Folha Popular","robots":{"index":"index","follow":"follow","max-snippet":"max-snippet:-1","max-image-preview":"max-image-preview:large","max-video-preview":"max-video-preview:-1"},"canonical":"https:\/\/folhapopular.info\/index.php\/2025\/03\/19\/egr-inicia-icamento-de-lajes-pre-moldadas-na-ponte-entre-lajeado-e-arroio-do-meio\/","og_locale":"pt_BR","og_type":"article","og_title":"EGR inicia i\u00e7amento de lajes pr\u00e9-moldadas na ponte entre Lajeado e Arroio do Meio - Folha Popular","og_description":"A Empresa Ga\u00facha de Rodovias (EGR) iniciou, na segunda-feira (17\/3), a instala\u00e7\u00e3o das lajes pr\u00e9-moldadas sobre a estrutura da ponte da ERS-130, entre Lajeado e Arroio do Meio. Para realizar o processo, ser\u00e1 utilizado um guindaste que posiciona as pe\u00e7as enquanto a treli\u00e7a continua com o lan\u00e7amento das \u00faltimas vigas. Ap\u00f3s a coloca\u00e7\u00e3o das lajes [&hellip;]","og_url":"https:\/\/folhapopular.info\/index.php\/2025\/03\/19\/egr-inicia-icamento-de-lajes-pre-moldadas-na-ponte-entre-lajeado-e-arroio-do-meio\/","og_site_name":"Folha Popular","article_published_time":"2025-03-19T20:16:13+00:00","article_modified_time":"2025-03-19T20:16:16+00:00","og_image":[{"width":871,"height":490,"url":"http:\/\/folhapopular.info\/wp-content\/uploads\/2025\/03\/17155859_50080_GD.jpeg","type":"image\/jpeg"}],"author":"Reda\u00e7\u00e3o Folha Popular","twitter_card":"summary_large_image","twitter_misc":{"Escrito por":"Reda\u00e7\u00e3o Folha Popular","Est. tempo de leitura":"2 minutos"},"schema":{"@context":"https:\/\/schema.org","@graph":[{"@type":"Article","@id":"https:\/\/folhapopular.info\/index.php\/2025\/03\/19\/egr-inicia-icamento-de-lajes-pre-moldadas-na-ponte-entre-lajeado-e-arroio-do-meio\/#article","isPartOf":{"@id":"https:\/\/folhapopular.info\/index.php\/2025\/03\/19\/egr-inicia-icamento-de-lajes-pre-moldadas-na-ponte-entre-lajeado-e-arroio-do-meio\/"},"author":{"name":"Reda\u00e7\u00e3o Folha Popular","@id":"https:\/\/folhapopular.info\/#\/schema\/person\/2814e8a0df7643585a9ca38bc6eb9d4b"},"headline":"EGR inicia i\u00e7amento de lajes pr\u00e9-moldadas na ponte entre Lajeado e Arroio do Meio","datePublished":"2025-03-19T20:16:13+00:00","dateModified":"2025-03-19T20:16:16+00:00","mainEntityOfPage":{"@id":"https:\/\/folhapopular.info\/index.php\/2025\/03\/19\/egr-inicia-icamento-de-lajes-pre-moldadas-na-ponte-entre-lajeado-e-arroio-do-meio\/"},"wordCount":212,"commentCount":0,"image":{"@id":"https:\/\/folhapopular.info\/index.php\/2025\/03\/19\/egr-inicia-icamento-de-lajes-pre-moldadas-na-ponte-entre-lajeado-e-arroio-do-meio\/#primaryimage"},"thumbnailUrl":"https:\/\/folhapopular.info\/wp-content\/uploads\/2025\/03\/17155859_50080_GD.jpeg","keywords":["Arroio do Meio","EGR","I\u00e7amento","Lajeado","Ponte"],"articleSection":["Seguran\u00e7a","Tr\u00e2nsito"],"inLanguage":"pt-BR","potentialAction":[{"@type":"CommentAction","name":"Comment","target":["https:\/\/folhapopular.info\/index.php\/2025\/03\/19\/egr-inicia-icamento-de-lajes-pre-moldadas-na-ponte-entre-lajeado-e-arroio-do-meio\/#respond"]}]},{"@type":"WebPage","@id":"https:\/\/folhapopular.info\/index.php\/2025\/03\/19\/egr-inicia-icamento-de-lajes-pre-moldadas-na-ponte-entre-lajeado-e-arroio-do-meio\/","url":"https:\/\/folhapopular.info\/index.php\/2025\/03\/19\/egr-inicia-icamento-de-lajes-pre-moldadas-na-ponte-entre-lajeado-e-arroio-do-meio\/","name":"EGR inicia i\u00e7amento de lajes pr\u00e9-moldadas na ponte entre Lajeado e Arroio do Meio - Folha Popular","isPartOf":{"@id":"https:\/\/folhapopular.info\/#website"},"primaryImageOfPage":{"@id":"https:\/\/folhapopular.info\/index.php\/2025\/03\/19\/egr-inicia-icamento-de-lajes-pre-moldadas-na-ponte-entre-lajeado-e-arroio-do-meio\/#primaryimage"},"image":{"@id":"https:\/\/folhapopular.info\/index.php\/2025\/03\/19\/egr-inicia-icamento-de-lajes-pre-moldadas-na-ponte-entre-lajeado-e-arroio-do-meio\/#primaryimage"},"thumbnailUrl":"https:\/\/folhapopular.info\/wp-content\/uploads\/2025\/03\/17155859_50080_GD.jpeg","datePublished":"2025-03-19T20:16:13+00:00","dateModified":"2025-03-19T20:16:16+00:00","author":{"@id":"https:\/\/folhapopular.info\/#\/schema\/person\/2814e8a0df7643585a9ca38bc6eb9d4b"},"breadcrumb":{"@id":"https:\/\/folhapopular.info\/index.php\/2025\/03\/19\/egr-inicia-icamento-de-lajes-pre-moldadas-na-ponte-entre-lajeado-e-arroio-do-meio\/#breadcrumb"},"inLanguage":"pt-BR","potentialAction":[{"@type":"ReadAction","target":["https:\/\/folhapopular.info\/index.php\/2025\/03\/19\/egr-inicia-icamento-de-lajes-pre-moldadas-na-ponte-entre-lajeado-e-arroio-do-meio\/"]}]},{"@type":"ImageObject","inLanguage":"pt-BR","@id":"https:\/\/folhapopular.info\/index.php\/2025\/03\/19\/egr-inicia-icamento-de-lajes-pre-moldadas-na-ponte-entre-lajeado-e-arroio-do-meio\/#primaryimage","url":"https:\/\/folhapopular.info\/wp-content\/uploads\/2025\/03\/17155859_50080_GD.jpeg","contentUrl":"https:\/\/folhapopular.info\/wp-content\/uploads\/2025\/03\/17155859_50080_GD.jpeg","width":871,"height":490,"caption":"Empresa utiliza guindaste para realizar o servi\u00e7o - Cr\u00e9dito: Divulga\u00e7\u00e3o \/ EGR"},{"@type":"BreadcrumbList","@id":"https:\/\/folhapopular.info\/index.php\/2025\/03\/19\/egr-inicia-icamento-de-lajes-pre-moldadas-na-ponte-entre-lajeado-e-arroio-do-meio\/#breadcrumb","itemListElement":[{"@type":"ListItem","position":1,"name":"In\u00edcio","item":"https:\/\/folhapopular.info\/"},{"@type":"ListItem","position":2,"name":"EGR inicia i\u00e7amento de lajes pr\u00e9-moldadas na ponte entre Lajeado e Arroio do Meio"}]},{"@type":"WebSite","@id":"https:\/\/folhapopular.info\/#website","url":"https:\/\/folhapopular.info\/","name":"Folha Popular","description":"Onde voc\u00ea tem vez e voz","potentialAction":[{"@type":"SearchAction","target":{"@type":"EntryPoint","urlTemplate":"https:\/\/folhapopular.info\/?s={search_term_string}"},"query-input":{"@type":"PropertyValueSpecification","valueRequired":true,"valueName":"search_term_string"}}],"inLanguage":"pt-BR"},{"@type":"Person","@id":"https:\/\/folhapopular.info\/#\/schema\/person\/2814e8a0df7643585a9ca38bc6eb9d4b","name":"Reda\u00e7\u00e3o Folha Popular","image":{"@type":"ImageObject","inLanguage":"pt-BR","@id":"https:\/\/folhapopular.info\/wp-content\/uploads\/2026\/04\/Folha-1.webp","url":"https:\/\/folhapopular.info\/wp-content\/uploads\/2026\/04\/Folha-1.webp","contentUrl":"https:\/\/folhapopular.info\/wp-content\/uploads\/2026\/04\/Folha-1.webp","caption":"Reda\u00e7\u00e3o Folha Popular"},"url":"https:\/\/folhapopular.info\/index.php\/author\/redacao\/"}]}},"jetpack_featured_media_url":"https:\/\/folhapopular.info\/wp-content\/uploads\/2025\/03\/17155859_50080_GD.jpeg","jetpack_sharing_enabled":true,"amp_enabled":true,"_links":{"self":[{"href":"https:\/\/folhapopular.info\/index.php\/wp-json\/wp\/v2\/posts\/182822","targetHints":{"allow":["GET"]}}],"collection":[{"href":"https:\/\/folhapopular.info\/index.php\/wp-json\/wp\/v2\/posts"}],"about":[{"href":"https:\/\/folhapopular.info\/index.php\/wp-json\/wp\/v2\/types\/post"}],"author":[{"embeddable":true,"href":"https:\/\/folhapopular.info\/index.php\/wp-json\/wp\/v2\/users\/8"}],"replies":[{"embeddable":true,"href":"https:\/\/folhapopular.info\/index.php\/wp-json\/wp\/v2\/comments?post=182822"}],"version-history":[{"count":0,"href":"https:\/\/folhapopular.info\/index.php\/wp-json\/wp\/v2\/posts\/182822\/revisions"}],"wp:featuredmedia":[{"embeddable":true,"href":"https:\/\/folhapopular.info\/index.php\/wp-json\/wp\/v2\/media\/182827"}],"wp:attachment":[{"href":"https:\/\/folhapopular.info\/index.php\/wp-json\/wp\/v2\/media?parent=182822"}],"wp:term":[{"taxonomy":"category","embeddable":true,"href":"https:\/\/folhapopular.info\/index.php\/wp-json\/wp\/v2\/categories?post=182822"},{"taxonomy":"post_tag","embeddable":true,"href":"https:\/\/folhapopular.info\/index.php\/wp-json\/wp\/v2\/tags?post=182822"}],"curies":[{"name":"wp","href":"https:\/\/api.w.org\/{rel}","templated":true}]}}