{"id":182861,"date":"2025-03-20T09:18:59","date_gmt":"2025-03-20T12:18:59","guid":{"rendered":"https:\/\/folhapopular.info\/?p=182861"},"modified":"2025-03-20T09:19:02","modified_gmt":"2025-03-20T12:19:02","slug":"secretaria-de-saude-de-imigrante-informa-sobre-mudancas-no-programa-farmacia-popular-do-brasil","status":"publish","type":"post","link":"https:\/\/folhapopular.info\/index.php\/2025\/03\/20\/secretaria-de-saude-de-imigrante-informa-sobre-mudancas-no-programa-farmacia-popular-do-brasil\/","title":{"rendered":"Secretaria de Sa\u00fade de Imigrante informa sobre mudan\u00e7as no Programa Farm\u00e1cia Popular do Brasil"},"content":{"rendered":"\n<p>A Secretaria de Sa\u00fade de Imigrante informa a comunidade sobre as recentes altera\u00e7\u00f5es no Programa Farm\u00e1cia Popular do Brasil (PFPB), que incluem a inclus\u00e3o de novos medicamentos e mudan\u00e7as nas regras para dispensa\u00e7\u00e3o de medicamentos e insumos.<br><br>Entre os medicamentos agora dispon\u00edveis gratuitamente para o tratamento da hipertens\u00e3o arterial est\u00e3o:<br>&#8211; Besilato de Anlodipino 5mg<br>&#8211; Succinato de Metoprolol 25mg<br>&#8211; Espironolactona 25mg<br>&#8211; Furosemida 40mg<br><br>Al\u00e9m disso, o medicamento Dapagliflozina 10mg, indicado para diabetes mellitus tipo 2 associada a doen\u00e7as cardiovasculares, passa a ser disponibilizado por copagamento, exclusivamente para pacientes a partir de 65 anos.<br><br><strong>Novas regras para a dispensa\u00e7\u00e3o<\/strong><\/p>\n\n\n\n<ul class=\"wp-block-list\">\n<li>Para a retirada de medicamentos e insumos, os pacientes devem apresentar:<\/li>\n\n\n\n<li>Documento oficial com foto e CPF;<\/li>\n\n\n\n<li>Receita m\u00e9dica dentro do prazo de validade de 180 dias (emitida pelo SUS ou servi\u00e7o particular);<\/li>\n\n\n\n<li>Para fraldas geri\u00e1tricas, \u00e9 necess\u00e1rio apresentar prescri\u00e7\u00e3o, laudo ou atestado m\u00e9dico, informando a necessidade do uso, tamanho e quantidade mensal. No caso de pacientes com defici\u00eancia, deve constar a Classifica\u00e7\u00e3o Internacional de Doen\u00e7as (CID).<br><br><strong>Aquisi\u00e7\u00e3o por representantes legais ou procuradores<\/strong><\/li>\n<\/ul>\n\n\n\n<ul class=\"wp-block-list\">\n<li>Quando o paciente n\u00e3o puder comparecer, um representante pode realizar a retirada, desde que apresente:<\/li>\n\n\n\n<li>Receita m\u00e9dica v\u00e1lida;<\/li>\n\n\n\n<li>Documentos do benefici\u00e1rio (identidade com foto e CPF);<\/li>\n\n\n\n<li>Documentos do representante e prova de representa\u00e7\u00e3o (procura\u00e7\u00e3o p\u00fablica ou particular registrada em cart\u00f3rio, ou documento judicial).<\/li>\n\n\n\n<li>A Secretaria de Sa\u00fade de Imigrante refor\u00e7a que a lista completa dos medicamentos dispon\u00edveis no Programa Farm\u00e1cia Popular pode ser consultada diretamente nas farm\u00e1cias credenciadas ou no site\u00a0<a href=\"http:\/\/gov.br\/\" target=\"_blank\" rel=\"noreferrer noopener\">gov.br<\/a>.<br><br>Para mais informa\u00e7\u00f5es, os mun\u00edcipes podem entrar em contato com o Centro de Sa\u00fade da Fam\u00edlia pelo telefone (51) 3754-1031.<\/li>\n<\/ul>\n","protected":false},"excerpt":{"rendered":"<p>A Secretaria de Sa\u00fade de Imigrante informa a comunidade sobre as recentes altera\u00e7\u00f5es no Programa Farm\u00e1cia Popular do Brasil (PFPB), que incluem a inclus\u00e3o de novos medicamentos e mudan\u00e7as nas regras para dispensa\u00e7\u00e3o de medicamentos e insumos. Entre os medicamentos agora dispon\u00edveis gratuitamente para o tratamento da hipertens\u00e3o arterial est\u00e3o:&#8211; Besilato de Anlodipino 5mg&#8211; Succinato [&hellip;]<\/p>\n","protected":false},"author":8,"featured_media":182862,"comment_status":"open","ping_status":"open","sticky":false,"template":"","format":"standard","meta":{"pmpro_default_level":"","_jetpack_memberships_contains_paid_content":false,"footnotes":""},"categories":[3,10986],"tags":[34,18250,910],"class_list":{"0":"post-182861","1":"post","2":"type-post","3":"status-publish","4":"format-standard","5":"has-post-thumbnail","7":"category-geral","8":"category-saude","9":"tag-imigrante","10":"tag-programa-farmacia-popular","11":"tag-secretaria-de-saude","12":"pmpro-has-access"},"yoast_head":"<!-- This site is optimized with the Yoast SEO plugin v27.5 - https:\/\/yoast.com\/product\/yoast-seo-wordpress\/ -->\n<title>Secretaria de Sa\u00fade de Imigrante informa sobre mudan\u00e7as no Programa Farm\u00e1cia Popular do Brasil - Folha Popular<\/title>\n<meta name=\"robots\" content=\"index, follow, max-snippet:-1, max-image-preview:large, max-video-preview:-1\" \/>\n<link rel=\"canonical\" href=\"https:\/\/folhapopular.info\/index.php\/2025\/03\/20\/secretaria-de-saude-de-imigrante-informa-sobre-mudancas-no-programa-farmacia-popular-do-brasil\/\" \/>\n<meta property=\"og:locale\" content=\"pt_BR\" \/>\n<meta property=\"og:type\" content=\"article\" \/>\n<meta property=\"og:title\" content=\"Secretaria de Sa\u00fade de Imigrante informa sobre mudan\u00e7as no Programa Farm\u00e1cia Popular do Brasil - Folha Popular\" \/>\n<meta property=\"og:description\" content=\"A Secretaria de Sa\u00fade de Imigrante informa a comunidade sobre as recentes altera\u00e7\u00f5es no Programa Farm\u00e1cia Popular do Brasil (PFPB), que incluem a inclus\u00e3o de novos medicamentos e mudan\u00e7as nas regras para dispensa\u00e7\u00e3o de medicamentos e insumos. Entre os medicamentos agora dispon\u00edveis gratuitamente para o tratamento da hipertens\u00e3o arterial est\u00e3o:&#8211; Besilato de Anlodipino 5mg&#8211; Succinato [&hellip;]\" \/>\n<meta property=\"og:url\" content=\"https:\/\/folhapopular.info\/index.php\/2025\/03\/20\/secretaria-de-saude-de-imigrante-informa-sobre-mudancas-no-programa-farmacia-popular-do-brasil\/\" \/>\n<meta property=\"og:site_name\" content=\"Folha Popular\" \/>\n<meta property=\"article:published_time\" content=\"2025-03-20T12:18:59+00:00\" \/>\n<meta property=\"article:modified_time\" content=\"2025-03-20T12:19:02+00:00\" \/>\n<meta property=\"og:image\" content=\"http:\/\/folhapopular.info\/wp-content\/uploads\/2025\/03\/WhatsApp-Image-2025-03-19-at-19.25.03.jpeg\" \/>\n\t<meta property=\"og:image:width\" content=\"1280\" \/>\n\t<meta property=\"og:image:height\" content=\"960\" \/>\n\t<meta property=\"og:image:type\" content=\"image\/jpeg\" \/>\n<meta name=\"author\" content=\"Reda\u00e7\u00e3o Folha Popular\" \/>\n<meta name=\"twitter:card\" content=\"summary_large_image\" \/>\n<meta name=\"twitter:label1\" content=\"Escrito por\" \/>\n\t<meta name=\"twitter:data1\" content=\"Reda\u00e7\u00e3o Folha Popular\" \/>\n\t<meta name=\"twitter:label2\" content=\"Est. tempo de leitura\" \/>\n\t<meta name=\"twitter:data2\" content=\"2 minutos\" \/>\n<script type=\"application\/ld+json\" class=\"yoast-schema-graph\">{\"@context\":\"https:\\\/\\\/schema.org\",\"@graph\":[{\"@type\":\"Article\",\"@id\":\"https:\\\/\\\/folhapopular.info\\\/index.php\\\/2025\\\/03\\\/20\\\/secretaria-de-saude-de-imigrante-informa-sobre-mudancas-no-programa-farmacia-popular-do-brasil\\\/#article\",\"isPartOf\":{\"@id\":\"https:\\\/\\\/folhapopular.info\\\/index.php\\\/2025\\\/03\\\/20\\\/secretaria-de-saude-de-imigrante-informa-sobre-mudancas-no-programa-farmacia-popular-do-brasil\\\/\"},\"author\":{\"name\":\"Reda\u00e7\u00e3o Folha Popular\",\"@id\":\"https:\\\/\\\/folhapopular.info\\\/#\\\/schema\\\/person\\\/2814e8a0df7643585a9ca38bc6eb9d4b\"},\"headline\":\"Secretaria de Sa\u00fade de Imigrante informa sobre mudan\u00e7as no Programa Farm\u00e1cia Popular do Brasil\",\"datePublished\":\"2025-03-20T12:18:59+00:00\",\"dateModified\":\"2025-03-20T12:19:02+00:00\",\"mainEntityOfPage\":{\"@id\":\"https:\\\/\\\/folhapopular.info\\\/index.php\\\/2025\\\/03\\\/20\\\/secretaria-de-saude-de-imigrante-informa-sobre-mudancas-no-programa-farmacia-popular-do-brasil\\\/\"},\"wordCount\":315,\"commentCount\":0,\"image\":{\"@id\":\"https:\\\/\\\/folhapopular.info\\\/index.php\\\/2025\\\/03\\\/20\\\/secretaria-de-saude-de-imigrante-informa-sobre-mudancas-no-programa-farmacia-popular-do-brasil\\\/#primaryimage\"},\"thumbnailUrl\":\"https:\\\/\\\/folhapopular.info\\\/wp-content\\\/uploads\\\/2025\\\/03\\\/WhatsApp-Image-2025-03-19-at-19.25.03.jpeg\",\"keywords\":[\"Imigrante\",\"Programa Farm\u00e1cia Popular\",\"Secretaria de Sa\u00fade\"],\"articleSection\":[\"Geral\",\"Sa\u00fade\"],\"inLanguage\":\"pt-BR\",\"potentialAction\":[{\"@type\":\"CommentAction\",\"name\":\"Comment\",\"target\":[\"https:\\\/\\\/folhapopular.info\\\/index.php\\\/2025\\\/03\\\/20\\\/secretaria-de-saude-de-imigrante-informa-sobre-mudancas-no-programa-farmacia-popular-do-brasil\\\/#respond\"]}]},{\"@type\":\"WebPage\",\"@id\":\"https:\\\/\\\/folhapopular.info\\\/index.php\\\/2025\\\/03\\\/20\\\/secretaria-de-saude-de-imigrante-informa-sobre-mudancas-no-programa-farmacia-popular-do-brasil\\\/\",\"url\":\"https:\\\/\\\/folhapopular.info\\\/index.php\\\/2025\\\/03\\\/20\\\/secretaria-de-saude-de-imigrante-informa-sobre-mudancas-no-programa-farmacia-popular-do-brasil\\\/\",\"name\":\"Secretaria de Sa\u00fade de Imigrante informa sobre mudan\u00e7as no Programa Farm\u00e1cia Popular do Brasil - Folha Popular\",\"isPartOf\":{\"@id\":\"https:\\\/\\\/folhapopular.info\\\/#website\"},\"primaryImageOfPage\":{\"@id\":\"https:\\\/\\\/folhapopular.info\\\/index.php\\\/2025\\\/03\\\/20\\\/secretaria-de-saude-de-imigrante-informa-sobre-mudancas-no-programa-farmacia-popular-do-brasil\\\/#primaryimage\"},\"image\":{\"@id\":\"https:\\\/\\\/folhapopular.info\\\/index.php\\\/2025\\\/03\\\/20\\\/secretaria-de-saude-de-imigrante-informa-sobre-mudancas-no-programa-farmacia-popular-do-brasil\\\/#primaryimage\"},\"thumbnailUrl\":\"https:\\\/\\\/folhapopular.info\\\/wp-content\\\/uploads\\\/2025\\\/03\\\/WhatsApp-Image-2025-03-19-at-19.25.03.jpeg\",\"datePublished\":\"2025-03-20T12:18:59+00:00\",\"dateModified\":\"2025-03-20T12:19:02+00:00\",\"author\":{\"@id\":\"https:\\\/\\\/folhapopular.info\\\/#\\\/schema\\\/person\\\/2814e8a0df7643585a9ca38bc6eb9d4b\"},\"breadcrumb\":{\"@id\":\"https:\\\/\\\/folhapopular.info\\\/index.php\\\/2025\\\/03\\\/20\\\/secretaria-de-saude-de-imigrante-informa-sobre-mudancas-no-programa-farmacia-popular-do-brasil\\\/#breadcrumb\"},\"inLanguage\":\"pt-BR\",\"potentialAction\":[{\"@type\":\"ReadAction\",\"target\":[\"https:\\\/\\\/folhapopular.info\\\/index.php\\\/2025\\\/03\\\/20\\\/secretaria-de-saude-de-imigrante-informa-sobre-mudancas-no-programa-farmacia-popular-do-brasil\\\/\"]}]},{\"@type\":\"ImageObject\",\"inLanguage\":\"pt-BR\",\"@id\":\"https:\\\/\\\/folhapopular.info\\\/index.php\\\/2025\\\/03\\\/20\\\/secretaria-de-saude-de-imigrante-informa-sobre-mudancas-no-programa-farmacia-popular-do-brasil\\\/#primaryimage\",\"url\":\"https:\\\/\\\/folhapopular.info\\\/wp-content\\\/uploads\\\/2025\\\/03\\\/WhatsApp-Image-2025-03-19-at-19.25.03.jpeg\",\"contentUrl\":\"https:\\\/\\\/folhapopular.info\\\/wp-content\\\/uploads\\\/2025\\\/03\\\/WhatsApp-Image-2025-03-19-at-19.25.03.jpeg\",\"width\":1280,\"height\":960,\"caption\":\"Secretaria de Sa\u00fade realizou uma reuni\u00e3o com as farm\u00e1cias credenciadas do munic\u00edpio \\\/ Cr\u00e9dito: Divulga\u00e7\u00e3o Prefeitura de Imigrante\"},{\"@type\":\"BreadcrumbList\",\"@id\":\"https:\\\/\\\/folhapopular.info\\\/index.php\\\/2025\\\/03\\\/20\\\/secretaria-de-saude-de-imigrante-informa-sobre-mudancas-no-programa-farmacia-popular-do-brasil\\\/#breadcrumb\",\"itemListElement\":[{\"@type\":\"ListItem\",\"position\":1,\"name\":\"In\u00edcio\",\"item\":\"https:\\\/\\\/folhapopular.info\\\/\"},{\"@type\":\"ListItem\",\"position\":2,\"name\":\"Secretaria de Sa\u00fade de Imigrante informa sobre mudan\u00e7as no Programa Farm\u00e1cia Popular do Brasil\"}]},{\"@type\":\"WebSite\",\"@id\":\"https:\\\/\\\/folhapopular.info\\\/#website\",\"url\":\"https:\\\/\\\/folhapopular.info\\\/\",\"name\":\"Folha Popular\",\"description\":\"Onde voc\u00ea tem vez e voz\",\"potentialAction\":[{\"@type\":\"SearchAction\",\"target\":{\"@type\":\"EntryPoint\",\"urlTemplate\":\"https:\\\/\\\/folhapopular.info\\\/?s={search_term_string}\"},\"query-input\":{\"@type\":\"PropertyValueSpecification\",\"valueRequired\":true,\"valueName\":\"search_term_string\"}}],\"inLanguage\":\"pt-BR\"},{\"@type\":\"Person\",\"@id\":\"https:\\\/\\\/folhapopular.info\\\/#\\\/schema\\\/person\\\/2814e8a0df7643585a9ca38bc6eb9d4b\",\"name\":\"Reda\u00e7\u00e3o Folha Popular\",\"image\":{\"@type\":\"ImageObject\",\"inLanguage\":\"pt-BR\",\"@id\":\"https:\\\/\\\/folhapopular.info\\\/wp-content\\\/uploads\\\/2026\\\/04\\\/Folha-1.webp\",\"url\":\"https:\\\/\\\/folhapopular.info\\\/wp-content\\\/uploads\\\/2026\\\/04\\\/Folha-1.webp\",\"contentUrl\":\"https:\\\/\\\/folhapopular.info\\\/wp-content\\\/uploads\\\/2026\\\/04\\\/Folha-1.webp\",\"caption\":\"Reda\u00e7\u00e3o Folha Popular\"},\"url\":\"https:\\\/\\\/folhapopular.info\\\/index.php\\\/author\\\/redacao\\\/\"}]}<\/script>\n<!-- \/ Yoast SEO plugin. -->","yoast_head_json":{"title":"Secretaria de Sa\u00fade de Imigrante informa sobre mudan\u00e7as no Programa Farm\u00e1cia Popular do Brasil - Folha Popular","robots":{"index":"index","follow":"follow","max-snippet":"max-snippet:-1","max-image-preview":"max-image-preview:large","max-video-preview":"max-video-preview:-1"},"canonical":"https:\/\/folhapopular.info\/index.php\/2025\/03\/20\/secretaria-de-saude-de-imigrante-informa-sobre-mudancas-no-programa-farmacia-popular-do-brasil\/","og_locale":"pt_BR","og_type":"article","og_title":"Secretaria de Sa\u00fade de Imigrante informa sobre mudan\u00e7as no Programa Farm\u00e1cia Popular do Brasil - Folha Popular","og_description":"A Secretaria de Sa\u00fade de Imigrante informa a comunidade sobre as recentes altera\u00e7\u00f5es no Programa Farm\u00e1cia Popular do Brasil (PFPB), que incluem a inclus\u00e3o de novos medicamentos e mudan\u00e7as nas regras para dispensa\u00e7\u00e3o de medicamentos e insumos. Entre os medicamentos agora dispon\u00edveis gratuitamente para o tratamento da hipertens\u00e3o arterial est\u00e3o:&#8211; Besilato de Anlodipino 5mg&#8211; Succinato [&hellip;]","og_url":"https:\/\/folhapopular.info\/index.php\/2025\/03\/20\/secretaria-de-saude-de-imigrante-informa-sobre-mudancas-no-programa-farmacia-popular-do-brasil\/","og_site_name":"Folha Popular","article_published_time":"2025-03-20T12:18:59+00:00","article_modified_time":"2025-03-20T12:19:02+00:00","og_image":[{"width":1280,"height":960,"url":"http:\/\/folhapopular.info\/wp-content\/uploads\/2025\/03\/WhatsApp-Image-2025-03-19-at-19.25.03.jpeg","type":"image\/jpeg"}],"author":"Reda\u00e7\u00e3o Folha Popular","twitter_card":"summary_large_image","twitter_misc":{"Escrito por":"Reda\u00e7\u00e3o Folha Popular","Est. tempo de leitura":"2 minutos"},"schema":{"@context":"https:\/\/schema.org","@graph":[{"@type":"Article","@id":"https:\/\/folhapopular.info\/index.php\/2025\/03\/20\/secretaria-de-saude-de-imigrante-informa-sobre-mudancas-no-programa-farmacia-popular-do-brasil\/#article","isPartOf":{"@id":"https:\/\/folhapopular.info\/index.php\/2025\/03\/20\/secretaria-de-saude-de-imigrante-informa-sobre-mudancas-no-programa-farmacia-popular-do-brasil\/"},"author":{"name":"Reda\u00e7\u00e3o Folha Popular","@id":"https:\/\/folhapopular.info\/#\/schema\/person\/2814e8a0df7643585a9ca38bc6eb9d4b"},"headline":"Secretaria de Sa\u00fade de Imigrante informa sobre mudan\u00e7as no Programa Farm\u00e1cia Popular do Brasil","datePublished":"2025-03-20T12:18:59+00:00","dateModified":"2025-03-20T12:19:02+00:00","mainEntityOfPage":{"@id":"https:\/\/folhapopular.info\/index.php\/2025\/03\/20\/secretaria-de-saude-de-imigrante-informa-sobre-mudancas-no-programa-farmacia-popular-do-brasil\/"},"wordCount":315,"commentCount":0,"image":{"@id":"https:\/\/folhapopular.info\/index.php\/2025\/03\/20\/secretaria-de-saude-de-imigrante-informa-sobre-mudancas-no-programa-farmacia-popular-do-brasil\/#primaryimage"},"thumbnailUrl":"https:\/\/folhapopular.info\/wp-content\/uploads\/2025\/03\/WhatsApp-Image-2025-03-19-at-19.25.03.jpeg","keywords":["Imigrante","Programa Farm\u00e1cia Popular","Secretaria de Sa\u00fade"],"articleSection":["Geral","Sa\u00fade"],"inLanguage":"pt-BR","potentialAction":[{"@type":"CommentAction","name":"Comment","target":["https:\/\/folhapopular.info\/index.php\/2025\/03\/20\/secretaria-de-saude-de-imigrante-informa-sobre-mudancas-no-programa-farmacia-popular-do-brasil\/#respond"]}]},{"@type":"WebPage","@id":"https:\/\/folhapopular.info\/index.php\/2025\/03\/20\/secretaria-de-saude-de-imigrante-informa-sobre-mudancas-no-programa-farmacia-popular-do-brasil\/","url":"https:\/\/folhapopular.info\/index.php\/2025\/03\/20\/secretaria-de-saude-de-imigrante-informa-sobre-mudancas-no-programa-farmacia-popular-do-brasil\/","name":"Secretaria de Sa\u00fade de Imigrante informa sobre mudan\u00e7as no Programa Farm\u00e1cia Popular do Brasil - Folha Popular","isPartOf":{"@id":"https:\/\/folhapopular.info\/#website"},"primaryImageOfPage":{"@id":"https:\/\/folhapopular.info\/index.php\/2025\/03\/20\/secretaria-de-saude-de-imigrante-informa-sobre-mudancas-no-programa-farmacia-popular-do-brasil\/#primaryimage"},"image":{"@id":"https:\/\/folhapopular.info\/index.php\/2025\/03\/20\/secretaria-de-saude-de-imigrante-informa-sobre-mudancas-no-programa-farmacia-popular-do-brasil\/#primaryimage"},"thumbnailUrl":"https:\/\/folhapopular.info\/wp-content\/uploads\/2025\/03\/WhatsApp-Image-2025-03-19-at-19.25.03.jpeg","datePublished":"2025-03-20T12:18:59+00:00","dateModified":"2025-03-20T12:19:02+00:00","author":{"@id":"https:\/\/folhapopular.info\/#\/schema\/person\/2814e8a0df7643585a9ca38bc6eb9d4b"},"breadcrumb":{"@id":"https:\/\/folhapopular.info\/index.php\/2025\/03\/20\/secretaria-de-saude-de-imigrante-informa-sobre-mudancas-no-programa-farmacia-popular-do-brasil\/#breadcrumb"},"inLanguage":"pt-BR","potentialAction":[{"@type":"ReadAction","target":["https:\/\/folhapopular.info\/index.php\/2025\/03\/20\/secretaria-de-saude-de-imigrante-informa-sobre-mudancas-no-programa-farmacia-popular-do-brasil\/"]}]},{"@type":"ImageObject","inLanguage":"pt-BR","@id":"https:\/\/folhapopular.info\/index.php\/2025\/03\/20\/secretaria-de-saude-de-imigrante-informa-sobre-mudancas-no-programa-farmacia-popular-do-brasil\/#primaryimage","url":"https:\/\/folhapopular.info\/wp-content\/uploads\/2025\/03\/WhatsApp-Image-2025-03-19-at-19.25.03.jpeg","contentUrl":"https:\/\/folhapopular.info\/wp-content\/uploads\/2025\/03\/WhatsApp-Image-2025-03-19-at-19.25.03.jpeg","width":1280,"height":960,"caption":"Secretaria de Sa\u00fade realizou uma reuni\u00e3o com as farm\u00e1cias credenciadas do munic\u00edpio \/ Cr\u00e9dito: Divulga\u00e7\u00e3o Prefeitura de Imigrante"},{"@type":"BreadcrumbList","@id":"https:\/\/folhapopular.info\/index.php\/2025\/03\/20\/secretaria-de-saude-de-imigrante-informa-sobre-mudancas-no-programa-farmacia-popular-do-brasil\/#breadcrumb","itemListElement":[{"@type":"ListItem","position":1,"name":"In\u00edcio","item":"https:\/\/folhapopular.info\/"},{"@type":"ListItem","position":2,"name":"Secretaria de Sa\u00fade de Imigrante informa sobre mudan\u00e7as no Programa Farm\u00e1cia Popular do Brasil"}]},{"@type":"WebSite","@id":"https:\/\/folhapopular.info\/#website","url":"https:\/\/folhapopular.info\/","name":"Folha Popular","description":"Onde voc\u00ea tem vez e voz","potentialAction":[{"@type":"SearchAction","target":{"@type":"EntryPoint","urlTemplate":"https:\/\/folhapopular.info\/?s={search_term_string}"},"query-input":{"@type":"PropertyValueSpecification","valueRequired":true,"valueName":"search_term_string"}}],"inLanguage":"pt-BR"},{"@type":"Person","@id":"https:\/\/folhapopular.info\/#\/schema\/person\/2814e8a0df7643585a9ca38bc6eb9d4b","name":"Reda\u00e7\u00e3o Folha Popular","image":{"@type":"ImageObject","inLanguage":"pt-BR","@id":"https:\/\/folhapopular.info\/wp-content\/uploads\/2026\/04\/Folha-1.webp","url":"https:\/\/folhapopular.info\/wp-content\/uploads\/2026\/04\/Folha-1.webp","contentUrl":"https:\/\/folhapopular.info\/wp-content\/uploads\/2026\/04\/Folha-1.webp","caption":"Reda\u00e7\u00e3o Folha Popular"},"url":"https:\/\/folhapopular.info\/index.php\/author\/redacao\/"}]}},"jetpack_featured_media_url":"https:\/\/folhapopular.info\/wp-content\/uploads\/2025\/03\/WhatsApp-Image-2025-03-19-at-19.25.03.jpeg","jetpack_sharing_enabled":true,"amp_enabled":true,"_links":{"self":[{"href":"https:\/\/folhapopular.info\/index.php\/wp-json\/wp\/v2\/posts\/182861","targetHints":{"allow":["GET"]}}],"collection":[{"href":"https:\/\/folhapopular.info\/index.php\/wp-json\/wp\/v2\/posts"}],"about":[{"href":"https:\/\/folhapopular.info\/index.php\/wp-json\/wp\/v2\/types\/post"}],"author":[{"embeddable":true,"href":"https:\/\/folhapopular.info\/index.php\/wp-json\/wp\/v2\/users\/8"}],"replies":[{"embeddable":true,"href":"https:\/\/folhapopular.info\/index.php\/wp-json\/wp\/v2\/comments?post=182861"}],"version-history":[{"count":0,"href":"https:\/\/folhapopular.info\/index.php\/wp-json\/wp\/v2\/posts\/182861\/revisions"}],"wp:featuredmedia":[{"embeddable":true,"href":"https:\/\/folhapopular.info\/index.php\/wp-json\/wp\/v2\/media\/182862"}],"wp:attachment":[{"href":"https:\/\/folhapopular.info\/index.php\/wp-json\/wp\/v2\/media?parent=182861"}],"wp:term":[{"taxonomy":"category","embeddable":true,"href":"https:\/\/folhapopular.info\/index.php\/wp-json\/wp\/v2\/categories?post=182861"},{"taxonomy":"post_tag","embeddable":true,"href":"https:\/\/folhapopular.info\/index.php\/wp-json\/wp\/v2\/tags?post=182861"}],"curies":[{"name":"wp","href":"https:\/\/api.w.org\/{rel}","templated":true}]}}