{"id":182990,"date":"2025-03-22T12:43:29","date_gmt":"2025-03-22T15:43:29","guid":{"rendered":"https:\/\/folhapopular.info\/?p=182990"},"modified":"2025-03-22T12:44:19","modified_gmt":"2025-03-22T15:44:19","slug":"19a-taca-da-amizade-de-roca-sales-sera-de-24-a-27-de-abril","status":"publish","type":"post","link":"https:\/\/folhapopular.info\/index.php\/2025\/03\/22\/19a-taca-da-amizade-de-roca-sales-sera-de-24-a-27-de-abril\/","title":{"rendered":"19\u00aa Ta\u00e7a da Amizade de Roca Sales ser\u00e1 de 24 a 27 de abril"},"content":{"rendered":"\n<p>A Ta\u00e7a da Amizade de Roca Sales, competi\u00e7\u00e3o tradicional do futebol de base, chega \u00e0 sua 19\u00aa edi\u00e7\u00e3o em 2025. O torneio, que j\u00e1 soma quase duas d\u00e9cadas de hist\u00f3ria, teve uma pausa durante a pandemia, mas voltou com for\u00e7a total. Criada com o intuito de valorizar jovens talentos, a competi\u00e7\u00e3o conta com a participa\u00e7\u00e3o de diversas equipes tradicionais do futebol brasileiro.<\/p>\n\n\n\n<p>O campeonato iniciou em 2005 e, desde ent\u00e3o, tem sido palco importante para o desenvolvimento de atletas da categoria Sub-15. No in\u00edcio, times locais como Conc\u00f3rdia CSU, Roca Sales CSU, Conc\u00f3rdia Imigrante e outras escolinhas marcaram presen\u00e7a ao longo dos anos. Durante a d\u00e9cada de 1990, houve uma forte parceria entre Roca Sales e Imigrante, o que resultou em diversas conquistas estaduais.<\/p>\n\n\n\n<h3 class=\"wp-block-heading\"><strong>Participa\u00e7\u00e3o e expectativas<\/strong><\/h3>\n\n\n\n<p>Nesta edi\u00e7\u00e3o de 2025 est\u00e3o confirmados os seguintes clubes: Chapecoense, S\u00e3o Jos\u00e9 (Porto Alegre), Juventude, Progresso (Pelotas), Associa\u00e7\u00e3o Lajeado de Esportes (Ale &#8211; Lajeado), Caxias, Internacional, Centro de Treinamento Esportivo (CTE) Roca Sales, Gr\u00eamio, Ypiranga (Erechim) e Novo Hamburgo.<\/p>\n\n\n\n<p>O torneio proporciona uma grande oportunidade para a observa\u00e7\u00e3o de jovens promessas, uma vez que as equipes geralmente trazem os principais atletas da categoria. A edi\u00e7\u00e3o anterior teve como finalistas Ava\u00ed e Internacional, sendo o Internacional o campe\u00e3o com vit\u00f3ria pelo placar de 2 a 1.<\/p>\n\n\n\n<h3 class=\"wp-block-heading\"><strong>Formato da competi\u00e7\u00e3o<\/strong><\/h3>\n\n\n\n<p>A competi\u00e7\u00e3o ser\u00e1 realizada entre os dias 24 e 27 de abril. As 12 equipes ser\u00e3o divididas em tr\u00eas grupos de quatro times. As partidas ser\u00e3o disputadas em diferentes campos: Conc\u00f3rdia, Copalto e Esperan\u00e7a da Fazenda Lohmann.<\/p>\n\n\n\n<p>Cada jogo ter\u00e1 dura\u00e7\u00e3o de dois tempos de 30 minutos. Os oito melhores times avan\u00e7am para as quartas de final, com a semifinal ocorrendo na manh\u00e3 de domingo e a grande final, \u00e0 tarde.<\/p>\n\n\n\n<h3 class=\"wp-block-heading\"><strong>Hist\u00f3rico de campe\u00f5es<\/strong><\/h3>\n\n\n\n<p>A competi\u00e7\u00e3o j\u00e1 teve campe\u00f5es variados ao longo dos anos. A Chapecoense \u00e9 bicampe\u00e3; o S\u00e3o Jos\u00e9 venceu em 2016; o Juventude e o Internacional somam quatro t\u00edtulos; e o Gr\u00eamio tem tr\u00eas conquistas. O CTE Roca Sales, time da casa, foi campe\u00e3o em 2013.<\/p>\n\n\n\n<h3 class=\"wp-block-heading\"><strong>Participa\u00e7\u00e3o do p\u00fablico<\/strong><\/h3>\n\n\n\n<p>A entrada de torcedores e apreciadores para os jogos ser\u00e1 gratuita, dando a toda a comunidade a oportunidade de prestigiar os jovens atletas. A organiza\u00e7\u00e3o busca ampliar ainda mais o alcance e a visibilidade do torneio, com a promo\u00e7\u00e3o do futebol de base, e ao proporcionar uma experi\u00eancia de alto n\u00edvel para os participantes e espectadores.<\/p>\n","protected":false},"excerpt":{"rendered":"<p>A Ta\u00e7a da Amizade de Roca Sales, competi\u00e7\u00e3o tradicional do futebol de base, chega \u00e0 sua 19\u00aa edi\u00e7\u00e3o em 2025. O torneio, que j\u00e1 soma quase duas d\u00e9cadas de hist\u00f3ria, teve uma pausa durante a pandemia, mas voltou com for\u00e7a total. Criada com o intuito de valorizar jovens talentos, a competi\u00e7\u00e3o conta com a participa\u00e7\u00e3o [&hellip;]<\/p>\n","protected":false},"author":732,"featured_media":182991,"comment_status":"open","ping_status":"open","sticky":false,"template":"","format":"standard","meta":{"pmpro_default_level":"","_jetpack_memberships_contains_paid_content":false,"footnotes":""},"categories":[5],"tags":[18264,2000,707],"class_list":{"0":"post-182990","1":"post","2":"type-post","3":"status-publish","4":"format-standard","5":"has-post-thumbnail","7":"category-esportes","8":"tag-19a-taca-da-amizade","9":"tag-categoria-de-base","10":"tag-roca-sales","11":"pmpro-has-access"},"yoast_head":"<!-- This site is optimized with the Yoast SEO plugin v27.5 - https:\/\/yoast.com\/product\/yoast-seo-wordpress\/ -->\n<title>19\u00aa Ta\u00e7a da Amizade de Roca Sales ser\u00e1 de 24 a 27 de abril - Folha Popular<\/title>\n<meta name=\"robots\" content=\"index, follow, max-snippet:-1, max-image-preview:large, max-video-preview:-1\" \/>\n<link rel=\"canonical\" href=\"https:\/\/folhapopular.info\/index.php\/2025\/03\/22\/19a-taca-da-amizade-de-roca-sales-sera-de-24-a-27-de-abril\/\" \/>\n<meta property=\"og:locale\" content=\"pt_BR\" \/>\n<meta property=\"og:type\" content=\"article\" \/>\n<meta property=\"og:title\" content=\"19\u00aa Ta\u00e7a da Amizade de Roca Sales ser\u00e1 de 24 a 27 de abril - Folha Popular\" \/>\n<meta property=\"og:description\" content=\"A Ta\u00e7a da Amizade de Roca Sales, competi\u00e7\u00e3o tradicional do futebol de base, chega \u00e0 sua 19\u00aa edi\u00e7\u00e3o em 2025. O torneio, que j\u00e1 soma quase duas d\u00e9cadas de hist\u00f3ria, teve uma pausa durante a pandemia, mas voltou com for\u00e7a total. Criada com o intuito de valorizar jovens talentos, a competi\u00e7\u00e3o conta com a participa\u00e7\u00e3o [&hellip;]\" \/>\n<meta property=\"og:url\" content=\"https:\/\/folhapopular.info\/index.php\/2025\/03\/22\/19a-taca-da-amizade-de-roca-sales-sera-de-24-a-27-de-abril\/\" \/>\n<meta property=\"og:site_name\" content=\"Folha Popular\" \/>\n<meta property=\"article:author\" content=\"https:\/\/www.facebook.com\/luis.huppes\/\" \/>\n<meta property=\"article:published_time\" content=\"2025-03-22T15:43:29+00:00\" \/>\n<meta property=\"article:modified_time\" content=\"2025-03-22T15:44:19+00:00\" \/>\n<meta property=\"og:image\" content=\"http:\/\/folhapopular.info\/wp-content\/uploads\/2025\/03\/485775455_17848724301429333_6552050065502921321_n.webp\" \/>\n\t<meta property=\"og:image:width\" content=\"1440\" \/>\n\t<meta property=\"og:image:height\" content=\"1440\" \/>\n\t<meta property=\"og:image:type\" content=\"image\/webp\" \/>\n<meta name=\"author\" content=\"Luis Augusto Huppes\" \/>\n<meta name=\"twitter:card\" content=\"summary_large_image\" \/>\n<meta name=\"twitter:label1\" content=\"Escrito por\" \/>\n\t<meta name=\"twitter:data1\" content=\"Luis Augusto Huppes\" \/>\n\t<meta name=\"twitter:label2\" content=\"Est. tempo de leitura\" \/>\n\t<meta name=\"twitter:data2\" content=\"3 minutos\" \/>\n<script type=\"application\/ld+json\" class=\"yoast-schema-graph\">{\"@context\":\"https:\\\/\\\/schema.org\",\"@graph\":[{\"@type\":\"Article\",\"@id\":\"https:\\\/\\\/folhapopular.info\\\/index.php\\\/2025\\\/03\\\/22\\\/19a-taca-da-amizade-de-roca-sales-sera-de-24-a-27-de-abril\\\/#article\",\"isPartOf\":{\"@id\":\"https:\\\/\\\/folhapopular.info\\\/index.php\\\/2025\\\/03\\\/22\\\/19a-taca-da-amizade-de-roca-sales-sera-de-24-a-27-de-abril\\\/\"},\"author\":{\"name\":\"Luis Augusto Huppes\",\"@id\":\"https:\\\/\\\/folhapopular.info\\\/#\\\/schema\\\/person\\\/e852c327371714676d02e58cf917fd9f\"},\"headline\":\"19\u00aa Ta\u00e7a da Amizade de Roca Sales ser\u00e1 de 24 a 27 de abril\",\"datePublished\":\"2025-03-22T15:43:29+00:00\",\"dateModified\":\"2025-03-22T15:44:19+00:00\",\"mainEntityOfPage\":{\"@id\":\"https:\\\/\\\/folhapopular.info\\\/index.php\\\/2025\\\/03\\\/22\\\/19a-taca-da-amizade-de-roca-sales-sera-de-24-a-27-de-abril\\\/\"},\"wordCount\":437,\"commentCount\":0,\"image\":{\"@id\":\"https:\\\/\\\/folhapopular.info\\\/index.php\\\/2025\\\/03\\\/22\\\/19a-taca-da-amizade-de-roca-sales-sera-de-24-a-27-de-abril\\\/#primaryimage\"},\"thumbnailUrl\":\"https:\\\/\\\/folhapopular.info\\\/wp-content\\\/uploads\\\/2025\\\/03\\\/485775455_17848724301429333_6552050065502921321_n.webp\",\"keywords\":[\"19\u00aa Ta\u00e7a da Amizade\",\"categoria de base\",\"Roca Sales\"],\"articleSection\":[\"Esportes\"],\"inLanguage\":\"pt-BR\",\"potentialAction\":[{\"@type\":\"CommentAction\",\"name\":\"Comment\",\"target\":[\"https:\\\/\\\/folhapopular.info\\\/index.php\\\/2025\\\/03\\\/22\\\/19a-taca-da-amizade-de-roca-sales-sera-de-24-a-27-de-abril\\\/#respond\"]}]},{\"@type\":\"WebPage\",\"@id\":\"https:\\\/\\\/folhapopular.info\\\/index.php\\\/2025\\\/03\\\/22\\\/19a-taca-da-amizade-de-roca-sales-sera-de-24-a-27-de-abril\\\/\",\"url\":\"https:\\\/\\\/folhapopular.info\\\/index.php\\\/2025\\\/03\\\/22\\\/19a-taca-da-amizade-de-roca-sales-sera-de-24-a-27-de-abril\\\/\",\"name\":\"19\u00aa Ta\u00e7a da Amizade de Roca Sales ser\u00e1 de 24 a 27 de abril - Folha Popular\",\"isPartOf\":{\"@id\":\"https:\\\/\\\/folhapopular.info\\\/#website\"},\"primaryImageOfPage\":{\"@id\":\"https:\\\/\\\/folhapopular.info\\\/index.php\\\/2025\\\/03\\\/22\\\/19a-taca-da-amizade-de-roca-sales-sera-de-24-a-27-de-abril\\\/#primaryimage\"},\"image\":{\"@id\":\"https:\\\/\\\/folhapopular.info\\\/index.php\\\/2025\\\/03\\\/22\\\/19a-taca-da-amizade-de-roca-sales-sera-de-24-a-27-de-abril\\\/#primaryimage\"},\"thumbnailUrl\":\"https:\\\/\\\/folhapopular.info\\\/wp-content\\\/uploads\\\/2025\\\/03\\\/485775455_17848724301429333_6552050065502921321_n.webp\",\"datePublished\":\"2025-03-22T15:43:29+00:00\",\"dateModified\":\"2025-03-22T15:44:19+00:00\",\"author\":{\"@id\":\"https:\\\/\\\/folhapopular.info\\\/#\\\/schema\\\/person\\\/e852c327371714676d02e58cf917fd9f\"},\"breadcrumb\":{\"@id\":\"https:\\\/\\\/folhapopular.info\\\/index.php\\\/2025\\\/03\\\/22\\\/19a-taca-da-amizade-de-roca-sales-sera-de-24-a-27-de-abril\\\/#breadcrumb\"},\"inLanguage\":\"pt-BR\",\"potentialAction\":[{\"@type\":\"ReadAction\",\"target\":[\"https:\\\/\\\/folhapopular.info\\\/index.php\\\/2025\\\/03\\\/22\\\/19a-taca-da-amizade-de-roca-sales-sera-de-24-a-27-de-abril\\\/\"]}]},{\"@type\":\"ImageObject\",\"inLanguage\":\"pt-BR\",\"@id\":\"https:\\\/\\\/folhapopular.info\\\/index.php\\\/2025\\\/03\\\/22\\\/19a-taca-da-amizade-de-roca-sales-sera-de-24-a-27-de-abril\\\/#primaryimage\",\"url\":\"https:\\\/\\\/folhapopular.info\\\/wp-content\\\/uploads\\\/2025\\\/03\\\/485775455_17848724301429333_6552050065502921321_n.webp\",\"contentUrl\":\"https:\\\/\\\/folhapopular.info\\\/wp-content\\\/uploads\\\/2025\\\/03\\\/485775455_17848724301429333_6552050065502921321_n.webp\",\"width\":1440,\"height\":1440,\"caption\":\"Clubes confirmados na 19\u00aa Ta\u00e7a da Amizade \\\/ Cr\u00e9dito: Divulga\u00e7\u00e3o\"},{\"@type\":\"BreadcrumbList\",\"@id\":\"https:\\\/\\\/folhapopular.info\\\/index.php\\\/2025\\\/03\\\/22\\\/19a-taca-da-amizade-de-roca-sales-sera-de-24-a-27-de-abril\\\/#breadcrumb\",\"itemListElement\":[{\"@type\":\"ListItem\",\"position\":1,\"name\":\"In\u00edcio\",\"item\":\"https:\\\/\\\/folhapopular.info\\\/\"},{\"@type\":\"ListItem\",\"position\":2,\"name\":\"19\u00aa Ta\u00e7a da Amizade de Roca Sales ser\u00e1 de 24 a 27 de abril\"}]},{\"@type\":\"WebSite\",\"@id\":\"https:\\\/\\\/folhapopular.info\\\/#website\",\"url\":\"https:\\\/\\\/folhapopular.info\\\/\",\"name\":\"Folha Popular\",\"description\":\"Onde voc\u00ea tem vez e voz\",\"potentialAction\":[{\"@type\":\"SearchAction\",\"target\":{\"@type\":\"EntryPoint\",\"urlTemplate\":\"https:\\\/\\\/folhapopular.info\\\/?s={search_term_string}\"},\"query-input\":{\"@type\":\"PropertyValueSpecification\",\"valueRequired\":true,\"valueName\":\"search_term_string\"}}],\"inLanguage\":\"pt-BR\"},{\"@type\":\"Person\",\"@id\":\"https:\\\/\\\/folhapopular.info\\\/#\\\/schema\\\/person\\\/e852c327371714676d02e58cf917fd9f\",\"name\":\"Luis Augusto Huppes\",\"image\":{\"@type\":\"ImageObject\",\"inLanguage\":\"pt-BR\",\"@id\":\"https:\\\/\\\/folhapopular.info\\\/wp-content\\\/uploads\\\/2026\\\/04\\\/Luis-Augusto-Huppes-1-1.webp\",\"url\":\"https:\\\/\\\/folhapopular.info\\\/wp-content\\\/uploads\\\/2026\\\/04\\\/Luis-Augusto-Huppes-1-1.webp\",\"contentUrl\":\"https:\\\/\\\/folhapopular.info\\\/wp-content\\\/uploads\\\/2026\\\/04\\\/Luis-Augusto-Huppes-1-1.webp\",\"caption\":\"Luis Augusto Huppes\"},\"sameAs\":[\"https:\\\/\\\/www.facebook.com\\\/luis.huppes\\\/\",\"https:\\\/\\\/www.instagram.com\\\/luis.huppes\\\/\",\"https:\\\/\\\/www.linkedin.com\\\/in\\\/luis-augusto-huppes-2554b52b7\\\/\"],\"url\":\"https:\\\/\\\/folhapopular.info\\\/index.php\\\/author\\\/luis-augusto-huppes\\\/\"}]}<\/script>\n<!-- \/ Yoast SEO plugin. -->","yoast_head_json":{"title":"19\u00aa Ta\u00e7a da Amizade de Roca Sales ser\u00e1 de 24 a 27 de abril - Folha Popular","robots":{"index":"index","follow":"follow","max-snippet":"max-snippet:-1","max-image-preview":"max-image-preview:large","max-video-preview":"max-video-preview:-1"},"canonical":"https:\/\/folhapopular.info\/index.php\/2025\/03\/22\/19a-taca-da-amizade-de-roca-sales-sera-de-24-a-27-de-abril\/","og_locale":"pt_BR","og_type":"article","og_title":"19\u00aa Ta\u00e7a da Amizade de Roca Sales ser\u00e1 de 24 a 27 de abril - Folha Popular","og_description":"A Ta\u00e7a da Amizade de Roca Sales, competi\u00e7\u00e3o tradicional do futebol de base, chega \u00e0 sua 19\u00aa edi\u00e7\u00e3o em 2025. O torneio, que j\u00e1 soma quase duas d\u00e9cadas de hist\u00f3ria, teve uma pausa durante a pandemia, mas voltou com for\u00e7a total. Criada com o intuito de valorizar jovens talentos, a competi\u00e7\u00e3o conta com a participa\u00e7\u00e3o [&hellip;]","og_url":"https:\/\/folhapopular.info\/index.php\/2025\/03\/22\/19a-taca-da-amizade-de-roca-sales-sera-de-24-a-27-de-abril\/","og_site_name":"Folha Popular","article_author":"https:\/\/www.facebook.com\/luis.huppes\/","article_published_time":"2025-03-22T15:43:29+00:00","article_modified_time":"2025-03-22T15:44:19+00:00","og_image":[{"width":1440,"height":1440,"url":"http:\/\/folhapopular.info\/wp-content\/uploads\/2025\/03\/485775455_17848724301429333_6552050065502921321_n.webp","type":"image\/webp"}],"author":"Luis Augusto Huppes","twitter_card":"summary_large_image","twitter_misc":{"Escrito por":"Luis Augusto Huppes","Est. tempo de leitura":"3 minutos"},"schema":{"@context":"https:\/\/schema.org","@graph":[{"@type":"Article","@id":"https:\/\/folhapopular.info\/index.php\/2025\/03\/22\/19a-taca-da-amizade-de-roca-sales-sera-de-24-a-27-de-abril\/#article","isPartOf":{"@id":"https:\/\/folhapopular.info\/index.php\/2025\/03\/22\/19a-taca-da-amizade-de-roca-sales-sera-de-24-a-27-de-abril\/"},"author":{"name":"Luis Augusto Huppes","@id":"https:\/\/folhapopular.info\/#\/schema\/person\/e852c327371714676d02e58cf917fd9f"},"headline":"19\u00aa Ta\u00e7a da Amizade de Roca Sales ser\u00e1 de 24 a 27 de abril","datePublished":"2025-03-22T15:43:29+00:00","dateModified":"2025-03-22T15:44:19+00:00","mainEntityOfPage":{"@id":"https:\/\/folhapopular.info\/index.php\/2025\/03\/22\/19a-taca-da-amizade-de-roca-sales-sera-de-24-a-27-de-abril\/"},"wordCount":437,"commentCount":0,"image":{"@id":"https:\/\/folhapopular.info\/index.php\/2025\/03\/22\/19a-taca-da-amizade-de-roca-sales-sera-de-24-a-27-de-abril\/#primaryimage"},"thumbnailUrl":"https:\/\/folhapopular.info\/wp-content\/uploads\/2025\/03\/485775455_17848724301429333_6552050065502921321_n.webp","keywords":["19\u00aa Ta\u00e7a da Amizade","categoria de base","Roca Sales"],"articleSection":["Esportes"],"inLanguage":"pt-BR","potentialAction":[{"@type":"CommentAction","name":"Comment","target":["https:\/\/folhapopular.info\/index.php\/2025\/03\/22\/19a-taca-da-amizade-de-roca-sales-sera-de-24-a-27-de-abril\/#respond"]}]},{"@type":"WebPage","@id":"https:\/\/folhapopular.info\/index.php\/2025\/03\/22\/19a-taca-da-amizade-de-roca-sales-sera-de-24-a-27-de-abril\/","url":"https:\/\/folhapopular.info\/index.php\/2025\/03\/22\/19a-taca-da-amizade-de-roca-sales-sera-de-24-a-27-de-abril\/","name":"19\u00aa Ta\u00e7a da Amizade de Roca Sales ser\u00e1 de 24 a 27 de abril - Folha Popular","isPartOf":{"@id":"https:\/\/folhapopular.info\/#website"},"primaryImageOfPage":{"@id":"https:\/\/folhapopular.info\/index.php\/2025\/03\/22\/19a-taca-da-amizade-de-roca-sales-sera-de-24-a-27-de-abril\/#primaryimage"},"image":{"@id":"https:\/\/folhapopular.info\/index.php\/2025\/03\/22\/19a-taca-da-amizade-de-roca-sales-sera-de-24-a-27-de-abril\/#primaryimage"},"thumbnailUrl":"https:\/\/folhapopular.info\/wp-content\/uploads\/2025\/03\/485775455_17848724301429333_6552050065502921321_n.webp","datePublished":"2025-03-22T15:43:29+00:00","dateModified":"2025-03-22T15:44:19+00:00","author":{"@id":"https:\/\/folhapopular.info\/#\/schema\/person\/e852c327371714676d02e58cf917fd9f"},"breadcrumb":{"@id":"https:\/\/folhapopular.info\/index.php\/2025\/03\/22\/19a-taca-da-amizade-de-roca-sales-sera-de-24-a-27-de-abril\/#breadcrumb"},"inLanguage":"pt-BR","potentialAction":[{"@type":"ReadAction","target":["https:\/\/folhapopular.info\/index.php\/2025\/03\/22\/19a-taca-da-amizade-de-roca-sales-sera-de-24-a-27-de-abril\/"]}]},{"@type":"ImageObject","inLanguage":"pt-BR","@id":"https:\/\/folhapopular.info\/index.php\/2025\/03\/22\/19a-taca-da-amizade-de-roca-sales-sera-de-24-a-27-de-abril\/#primaryimage","url":"https:\/\/folhapopular.info\/wp-content\/uploads\/2025\/03\/485775455_17848724301429333_6552050065502921321_n.webp","contentUrl":"https:\/\/folhapopular.info\/wp-content\/uploads\/2025\/03\/485775455_17848724301429333_6552050065502921321_n.webp","width":1440,"height":1440,"caption":"Clubes confirmados na 19\u00aa Ta\u00e7a da Amizade \/ Cr\u00e9dito: Divulga\u00e7\u00e3o"},{"@type":"BreadcrumbList","@id":"https:\/\/folhapopular.info\/index.php\/2025\/03\/22\/19a-taca-da-amizade-de-roca-sales-sera-de-24-a-27-de-abril\/#breadcrumb","itemListElement":[{"@type":"ListItem","position":1,"name":"In\u00edcio","item":"https:\/\/folhapopular.info\/"},{"@type":"ListItem","position":2,"name":"19\u00aa Ta\u00e7a da Amizade de Roca Sales ser\u00e1 de 24 a 27 de abril"}]},{"@type":"WebSite","@id":"https:\/\/folhapopular.info\/#website","url":"https:\/\/folhapopular.info\/","name":"Folha Popular","description":"Onde voc\u00ea tem vez e voz","potentialAction":[{"@type":"SearchAction","target":{"@type":"EntryPoint","urlTemplate":"https:\/\/folhapopular.info\/?s={search_term_string}"},"query-input":{"@type":"PropertyValueSpecification","valueRequired":true,"valueName":"search_term_string"}}],"inLanguage":"pt-BR"},{"@type":"Person","@id":"https:\/\/folhapopular.info\/#\/schema\/person\/e852c327371714676d02e58cf917fd9f","name":"Luis Augusto Huppes","image":{"@type":"ImageObject","inLanguage":"pt-BR","@id":"https:\/\/folhapopular.info\/wp-content\/uploads\/2026\/04\/Luis-Augusto-Huppes-1-1.webp","url":"https:\/\/folhapopular.info\/wp-content\/uploads\/2026\/04\/Luis-Augusto-Huppes-1-1.webp","contentUrl":"https:\/\/folhapopular.info\/wp-content\/uploads\/2026\/04\/Luis-Augusto-Huppes-1-1.webp","caption":"Luis Augusto Huppes"},"sameAs":["https:\/\/www.facebook.com\/luis.huppes\/","https:\/\/www.instagram.com\/luis.huppes\/","https:\/\/www.linkedin.com\/in\/luis-augusto-huppes-2554b52b7\/"],"url":"https:\/\/folhapopular.info\/index.php\/author\/luis-augusto-huppes\/"}]}},"jetpack_featured_media_url":"https:\/\/folhapopular.info\/wp-content\/uploads\/2025\/03\/485775455_17848724301429333_6552050065502921321_n.webp","jetpack_sharing_enabled":true,"amp_enabled":true,"_links":{"self":[{"href":"https:\/\/folhapopular.info\/index.php\/wp-json\/wp\/v2\/posts\/182990","targetHints":{"allow":["GET"]}}],"collection":[{"href":"https:\/\/folhapopular.info\/index.php\/wp-json\/wp\/v2\/posts"}],"about":[{"href":"https:\/\/folhapopular.info\/index.php\/wp-json\/wp\/v2\/types\/post"}],"author":[{"embeddable":true,"href":"https:\/\/folhapopular.info\/index.php\/wp-json\/wp\/v2\/users\/732"}],"replies":[{"embeddable":true,"href":"https:\/\/folhapopular.info\/index.php\/wp-json\/wp\/v2\/comments?post=182990"}],"version-history":[{"count":0,"href":"https:\/\/folhapopular.info\/index.php\/wp-json\/wp\/v2\/posts\/182990\/revisions"}],"wp:featuredmedia":[{"embeddable":true,"href":"https:\/\/folhapopular.info\/index.php\/wp-json\/wp\/v2\/media\/182991"}],"wp:attachment":[{"href":"https:\/\/folhapopular.info\/index.php\/wp-json\/wp\/v2\/media?parent=182990"}],"wp:term":[{"taxonomy":"category","embeddable":true,"href":"https:\/\/folhapopular.info\/index.php\/wp-json\/wp\/v2\/categories?post=182990"},{"taxonomy":"post_tag","embeddable":true,"href":"https:\/\/folhapopular.info\/index.php\/wp-json\/wp\/v2\/tags?post=182990"}],"curies":[{"name":"wp","href":"https:\/\/api.w.org\/{rel}","templated":true}]}}