{"id":183067,"date":"2025-03-24T11:00:00","date_gmt":"2025-03-24T14:00:00","guid":{"rendered":"https:\/\/folhapopular.info\/?p=183067"},"modified":"2025-03-24T10:11:54","modified_gmt":"2025-03-24T13:11:54","slug":"reinauguracao-da-emei-raio-de-sol-e-simbolo-de-uniao-em-estrela","status":"publish","type":"post","link":"https:\/\/folhapopular.info\/index.php\/2025\/03\/24\/reinauguracao-da-emei-raio-de-sol-e-simbolo-de-uniao-em-estrela\/","title":{"rendered":"Reinaugura\u00e7\u00e3o da Emei Raio de Sol \u00e9 s\u00edmbolo de uni\u00e3o em Estrela"},"content":{"rendered":"\n<p>A diretora da Escola Municipal de Educa\u00e7\u00e3o Infantil Raio de Sol, Fabiana Erichsen, n\u00e3o conteve as l\u00e1grimas ao declarar: &#8220;\u00c9 imposs\u00edvel descrever o que sentimos ao ver a escola de p\u00e9 novamente. Isso aqui \u00e9 fruto de muita solidariedade, de m\u00e3os que se estenderam quando mais precisamos.&#8221; A frase marcou a reinaugura\u00e7\u00e3o do pr\u00e9dio da EMEI, que simboliza a for\u00e7a e a resili\u00eancia da comunidade de Estrela.<\/p>\n\n\n\n<p>O novo edif\u00edcio, que foi reconstru\u00eddo ap\u00f3s danos causados por enchentes, tamb\u00e9m acolher\u00e1 temporariamente a EMEI Crian\u00e7a Feliz, que segue sem sede pr\u00f3pria desde que tamb\u00e9m foi atingida pelas \u00e1guas. <\/p>\n\n\n\n<p>A cerim\u00f4nia contou com a presen\u00e7a da prefeita Carine Schwingel, que destacou a relev\u00e2ncia da participa\u00e7\u00e3o da comunidade na reconstru\u00e7\u00e3o. &#8220;Essa entrega \u00e9 fruto do esfor\u00e7o de muitas m\u00e3os. Estivemos aqui nos momentos dif\u00edceis, e hoje estamos novamente juntos para celebrar essa conquista&#8221;, afirmou Carine, ressaltando a import\u00e2ncia da uni\u00e3o em momentos adversos.<\/p>\n\n\n\n<p>O secret\u00e1rio de Educa\u00e7\u00e3o, Paulo Sehn, e sua adjunta, Raquel Guntzel, tamb\u00e9m marcaram presen\u00e7a, refor\u00e7ando que a reconstru\u00e7\u00e3o da escola foi uma prioridade. &#8220;A educa\u00e7\u00e3o n\u00e3o podia parar. E gra\u00e7as ao empenho de volunt\u00e1rios, empresas e servidores p\u00fablicos, conseguimos realizar essa entrega com qualidade e agilidade&#8221;, disse Sehn, destacando a rapidez e efici\u00eancia do trabalho realizado.<\/p>\n\n\n\n<p>A promotora de justi\u00e7a Andrea Almeida Barros foi outra presen\u00e7a importante na cerim\u00f4nia. Ela elogiou a articula\u00e7\u00e3o entre poder p\u00fablico, iniciativa privada e sociedade civil, que garantiu que os direitos das crian\u00e7as fossem preservados. &#8220;Em momentos como este, vemos o qu\u00e3o essencial \u00e9 a colabora\u00e7\u00e3o entre todos os setores. Juntos, conseguimos garantir o acesso \u00e0 educa\u00e7\u00e3o em um ambiente seguro e acolhedor&#8221;, afirmou a promotora.<\/p>\n\n\n\n<p>A cerim\u00f4nia foi ainda marcada pela presen\u00e7a de vereadores, como Valderes Oliveira da Rosa e Julio Cesar Schorr, al\u00e9m de representantes de empresas que contribu\u00edram com materiais, m\u00e3o de obra e doa\u00e7\u00f5es. Fam\u00edlias, alunos e funcion\u00e1rios tamb\u00e9m participaram da celebra\u00e7\u00e3o, transformando o evento em um verdadeiro s\u00edmbolo de renova\u00e7\u00e3o e esperan\u00e7a para a cidade.<\/p>\n\n\n\n<p><\/p>\n\n\n\n<p><\/p>\n","protected":false},"excerpt":{"rendered":"<p>A diretora da Escola Municipal de Educa\u00e7\u00e3o Infantil Raio de Sol, Fabiana Erichsen, n\u00e3o conteve as l\u00e1grimas ao declarar: &#8220;\u00c9 imposs\u00edvel descrever o que sentimos ao ver a escola de p\u00e9 novamente. Isso aqui \u00e9 fruto de muita solidariedade, de m\u00e3os que se estenderam quando mais precisamos.&#8221; A frase marcou a reinaugura\u00e7\u00e3o do pr\u00e9dio da [&hellip;]<\/p>\n","protected":false},"author":8,"featured_media":183071,"comment_status":"open","ping_status":"open","sticky":false,"template":"","format":"standard","meta":{"pmpro_default_level":"","_jetpack_memberships_contains_paid_content":false,"footnotes":""},"categories":[2,10988,3],"tags":[13372,2153,8],"class_list":{"0":"post-183067","1":"post","2":"type-post","3":"status-publish","4":"format-standard","5":"has-post-thumbnail","7":"category-featured","8":"category-educacao","9":"category-geral","10":"tag-emei-raio-de-sol","11":"tag-escola","12":"tag-estrela","13":"pmpro-has-access"},"yoast_head":"<!-- This site is optimized with the Yoast SEO plugin v27.5 - https:\/\/yoast.com\/product\/yoast-seo-wordpress\/ -->\n<title>Reinaugura\u00e7\u00e3o da Emei Raio de Sol \u00e9 s\u00edmbolo de uni\u00e3o em Estrela - Folha Popular<\/title>\n<meta name=\"robots\" content=\"index, follow, max-snippet:-1, max-image-preview:large, max-video-preview:-1\" \/>\n<link rel=\"canonical\" href=\"https:\/\/folhapopular.info\/index.php\/2025\/03\/24\/reinauguracao-da-emei-raio-de-sol-e-simbolo-de-uniao-em-estrela\/\" \/>\n<meta property=\"og:locale\" content=\"pt_BR\" \/>\n<meta property=\"og:type\" content=\"article\" \/>\n<meta property=\"og:title\" content=\"Reinaugura\u00e7\u00e3o da Emei Raio de Sol \u00e9 s\u00edmbolo de uni\u00e3o em Estrela - Folha Popular\" \/>\n<meta property=\"og:description\" content=\"A diretora da Escola Municipal de Educa\u00e7\u00e3o Infantil Raio de Sol, Fabiana Erichsen, n\u00e3o conteve as l\u00e1grimas ao declarar: &#8220;\u00c9 imposs\u00edvel descrever o que sentimos ao ver a escola de p\u00e9 novamente. Isso aqui \u00e9 fruto de muita solidariedade, de m\u00e3os que se estenderam quando mais precisamos.&#8221; A frase marcou a reinaugura\u00e7\u00e3o do pr\u00e9dio da [&hellip;]\" \/>\n<meta property=\"og:url\" content=\"https:\/\/folhapopular.info\/index.php\/2025\/03\/24\/reinauguracao-da-emei-raio-de-sol-e-simbolo-de-uniao-em-estrela\/\" \/>\n<meta property=\"og:site_name\" content=\"Folha Popular\" \/>\n<meta property=\"article:published_time\" content=\"2025-03-24T14:00:00+00:00\" \/>\n<meta property=\"og:image\" content=\"https:\/\/folhapopular.info\/wp-content\/uploads\/2025\/03\/img_CE57D350A2D7FB44C880ECE82F9E3EC2C69CA850-scaled-e1742821826844.jpeg\" \/>\n\t<meta property=\"og:image:width\" content=\"1440\" \/>\n\t<meta property=\"og:image:height\" content=\"1344\" \/>\n\t<meta property=\"og:image:type\" content=\"image\/jpeg\" \/>\n<meta name=\"author\" content=\"Reda\u00e7\u00e3o Folha Popular\" \/>\n<meta name=\"twitter:card\" content=\"summary_large_image\" \/>\n<meta name=\"twitter:label1\" content=\"Escrito por\" \/>\n\t<meta name=\"twitter:data1\" content=\"Reda\u00e7\u00e3o Folha Popular\" \/>\n\t<meta name=\"twitter:label2\" content=\"Est. tempo de leitura\" \/>\n\t<meta name=\"twitter:data2\" content=\"2 minutos\" \/>\n<script type=\"application\/ld+json\" class=\"yoast-schema-graph\">{\"@context\":\"https:\\\/\\\/schema.org\",\"@graph\":[{\"@type\":\"Article\",\"@id\":\"https:\\\/\\\/folhapopular.info\\\/index.php\\\/2025\\\/03\\\/24\\\/reinauguracao-da-emei-raio-de-sol-e-simbolo-de-uniao-em-estrela\\\/#article\",\"isPartOf\":{\"@id\":\"https:\\\/\\\/folhapopular.info\\\/index.php\\\/2025\\\/03\\\/24\\\/reinauguracao-da-emei-raio-de-sol-e-simbolo-de-uniao-em-estrela\\\/\"},\"author\":{\"name\":\"Reda\u00e7\u00e3o Folha Popular\",\"@id\":\"https:\\\/\\\/folhapopular.info\\\/#\\\/schema\\\/person\\\/2814e8a0df7643585a9ca38bc6eb9d4b\"},\"headline\":\"Reinaugura\u00e7\u00e3o da Emei Raio de Sol \u00e9 s\u00edmbolo de uni\u00e3o em Estrela\",\"datePublished\":\"2025-03-24T14:00:00+00:00\",\"mainEntityOfPage\":{\"@id\":\"https:\\\/\\\/folhapopular.info\\\/index.php\\\/2025\\\/03\\\/24\\\/reinauguracao-da-emei-raio-de-sol-e-simbolo-de-uniao-em-estrela\\\/\"},\"wordCount\":394,\"commentCount\":0,\"image\":{\"@id\":\"https:\\\/\\\/folhapopular.info\\\/index.php\\\/2025\\\/03\\\/24\\\/reinauguracao-da-emei-raio-de-sol-e-simbolo-de-uniao-em-estrela\\\/#primaryimage\"},\"thumbnailUrl\":\"https:\\\/\\\/folhapopular.info\\\/wp-content\\\/uploads\\\/2025\\\/03\\\/img_CE57D350A2D7FB44C880ECE82F9E3EC2C69CA850-scaled-e1742821826844.jpeg\",\"keywords\":[\"Emei Raio de Sol\",\"Escola\",\"Estrela\"],\"articleSection\":[\"Destaques\",\"Educa\u00e7\u00e3o\",\"Geral\"],\"inLanguage\":\"pt-BR\",\"potentialAction\":[{\"@type\":\"CommentAction\",\"name\":\"Comment\",\"target\":[\"https:\\\/\\\/folhapopular.info\\\/index.php\\\/2025\\\/03\\\/24\\\/reinauguracao-da-emei-raio-de-sol-e-simbolo-de-uniao-em-estrela\\\/#respond\"]}]},{\"@type\":\"WebPage\",\"@id\":\"https:\\\/\\\/folhapopular.info\\\/index.php\\\/2025\\\/03\\\/24\\\/reinauguracao-da-emei-raio-de-sol-e-simbolo-de-uniao-em-estrela\\\/\",\"url\":\"https:\\\/\\\/folhapopular.info\\\/index.php\\\/2025\\\/03\\\/24\\\/reinauguracao-da-emei-raio-de-sol-e-simbolo-de-uniao-em-estrela\\\/\",\"name\":\"Reinaugura\u00e7\u00e3o da Emei Raio de Sol \u00e9 s\u00edmbolo de uni\u00e3o em Estrela - Folha Popular\",\"isPartOf\":{\"@id\":\"https:\\\/\\\/folhapopular.info\\\/#website\"},\"primaryImageOfPage\":{\"@id\":\"https:\\\/\\\/folhapopular.info\\\/index.php\\\/2025\\\/03\\\/24\\\/reinauguracao-da-emei-raio-de-sol-e-simbolo-de-uniao-em-estrela\\\/#primaryimage\"},\"image\":{\"@id\":\"https:\\\/\\\/folhapopular.info\\\/index.php\\\/2025\\\/03\\\/24\\\/reinauguracao-da-emei-raio-de-sol-e-simbolo-de-uniao-em-estrela\\\/#primaryimage\"},\"thumbnailUrl\":\"https:\\\/\\\/folhapopular.info\\\/wp-content\\\/uploads\\\/2025\\\/03\\\/img_CE57D350A2D7FB44C880ECE82F9E3EC2C69CA850-scaled-e1742821826844.jpeg\",\"datePublished\":\"2025-03-24T14:00:00+00:00\",\"author\":{\"@id\":\"https:\\\/\\\/folhapopular.info\\\/#\\\/schema\\\/person\\\/2814e8a0df7643585a9ca38bc6eb9d4b\"},\"breadcrumb\":{\"@id\":\"https:\\\/\\\/folhapopular.info\\\/index.php\\\/2025\\\/03\\\/24\\\/reinauguracao-da-emei-raio-de-sol-e-simbolo-de-uniao-em-estrela\\\/#breadcrumb\"},\"inLanguage\":\"pt-BR\",\"potentialAction\":[{\"@type\":\"ReadAction\",\"target\":[\"https:\\\/\\\/folhapopular.info\\\/index.php\\\/2025\\\/03\\\/24\\\/reinauguracao-da-emei-raio-de-sol-e-simbolo-de-uniao-em-estrela\\\/\"]}]},{\"@type\":\"ImageObject\",\"inLanguage\":\"pt-BR\",\"@id\":\"https:\\\/\\\/folhapopular.info\\\/index.php\\\/2025\\\/03\\\/24\\\/reinauguracao-da-emei-raio-de-sol-e-simbolo-de-uniao-em-estrela\\\/#primaryimage\",\"url\":\"https:\\\/\\\/folhapopular.info\\\/wp-content\\\/uploads\\\/2025\\\/03\\\/img_CE57D350A2D7FB44C880ECE82F9E3EC2C69CA850-scaled-e1742821826844.jpeg\",\"contentUrl\":\"https:\\\/\\\/folhapopular.info\\\/wp-content\\\/uploads\\\/2025\\\/03\\\/img_CE57D350A2D7FB44C880ECE82F9E3EC2C69CA850-scaled-e1742821826844.jpeg\",\"width\":1440,\"height\":1344,\"caption\":\"Cr\u00e9dito: Divulga\u00e7\u00e3o \\\/ AI Estrela\"},{\"@type\":\"BreadcrumbList\",\"@id\":\"https:\\\/\\\/folhapopular.info\\\/index.php\\\/2025\\\/03\\\/24\\\/reinauguracao-da-emei-raio-de-sol-e-simbolo-de-uniao-em-estrela\\\/#breadcrumb\",\"itemListElement\":[{\"@type\":\"ListItem\",\"position\":1,\"name\":\"In\u00edcio\",\"item\":\"https:\\\/\\\/folhapopular.info\\\/\"},{\"@type\":\"ListItem\",\"position\":2,\"name\":\"Reinaugura\u00e7\u00e3o da Emei Raio de Sol \u00e9 s\u00edmbolo de uni\u00e3o em Estrela\"}]},{\"@type\":\"WebSite\",\"@id\":\"https:\\\/\\\/folhapopular.info\\\/#website\",\"url\":\"https:\\\/\\\/folhapopular.info\\\/\",\"name\":\"Folha Popular\",\"description\":\"Onde voc\u00ea tem vez e voz\",\"potentialAction\":[{\"@type\":\"SearchAction\",\"target\":{\"@type\":\"EntryPoint\",\"urlTemplate\":\"https:\\\/\\\/folhapopular.info\\\/?s={search_term_string}\"},\"query-input\":{\"@type\":\"PropertyValueSpecification\",\"valueRequired\":true,\"valueName\":\"search_term_string\"}}],\"inLanguage\":\"pt-BR\"},{\"@type\":\"Person\",\"@id\":\"https:\\\/\\\/folhapopular.info\\\/#\\\/schema\\\/person\\\/2814e8a0df7643585a9ca38bc6eb9d4b\",\"name\":\"Reda\u00e7\u00e3o Folha Popular\",\"image\":{\"@type\":\"ImageObject\",\"inLanguage\":\"pt-BR\",\"@id\":\"https:\\\/\\\/folhapopular.info\\\/wp-content\\\/uploads\\\/2026\\\/04\\\/Folha-1.webp\",\"url\":\"https:\\\/\\\/folhapopular.info\\\/wp-content\\\/uploads\\\/2026\\\/04\\\/Folha-1.webp\",\"contentUrl\":\"https:\\\/\\\/folhapopular.info\\\/wp-content\\\/uploads\\\/2026\\\/04\\\/Folha-1.webp\",\"caption\":\"Reda\u00e7\u00e3o Folha Popular\"},\"url\":\"https:\\\/\\\/folhapopular.info\\\/index.php\\\/author\\\/redacao\\\/\"}]}<\/script>\n<!-- \/ Yoast SEO plugin. -->","yoast_head_json":{"title":"Reinaugura\u00e7\u00e3o da Emei Raio de Sol \u00e9 s\u00edmbolo de uni\u00e3o em Estrela - Folha Popular","robots":{"index":"index","follow":"follow","max-snippet":"max-snippet:-1","max-image-preview":"max-image-preview:large","max-video-preview":"max-video-preview:-1"},"canonical":"https:\/\/folhapopular.info\/index.php\/2025\/03\/24\/reinauguracao-da-emei-raio-de-sol-e-simbolo-de-uniao-em-estrela\/","og_locale":"pt_BR","og_type":"article","og_title":"Reinaugura\u00e7\u00e3o da Emei Raio de Sol \u00e9 s\u00edmbolo de uni\u00e3o em Estrela - Folha Popular","og_description":"A diretora da Escola Municipal de Educa\u00e7\u00e3o Infantil Raio de Sol, Fabiana Erichsen, n\u00e3o conteve as l\u00e1grimas ao declarar: &#8220;\u00c9 imposs\u00edvel descrever o que sentimos ao ver a escola de p\u00e9 novamente. Isso aqui \u00e9 fruto de muita solidariedade, de m\u00e3os que se estenderam quando mais precisamos.&#8221; A frase marcou a reinaugura\u00e7\u00e3o do pr\u00e9dio da [&hellip;]","og_url":"https:\/\/folhapopular.info\/index.php\/2025\/03\/24\/reinauguracao-da-emei-raio-de-sol-e-simbolo-de-uniao-em-estrela\/","og_site_name":"Folha Popular","article_published_time":"2025-03-24T14:00:00+00:00","og_image":[{"width":1440,"height":1344,"url":"https:\/\/folhapopular.info\/wp-content\/uploads\/2025\/03\/img_CE57D350A2D7FB44C880ECE82F9E3EC2C69CA850-scaled-e1742821826844.jpeg","type":"image\/jpeg"}],"author":"Reda\u00e7\u00e3o Folha Popular","twitter_card":"summary_large_image","twitter_misc":{"Escrito por":"Reda\u00e7\u00e3o Folha Popular","Est. tempo de leitura":"2 minutos"},"schema":{"@context":"https:\/\/schema.org","@graph":[{"@type":"Article","@id":"https:\/\/folhapopular.info\/index.php\/2025\/03\/24\/reinauguracao-da-emei-raio-de-sol-e-simbolo-de-uniao-em-estrela\/#article","isPartOf":{"@id":"https:\/\/folhapopular.info\/index.php\/2025\/03\/24\/reinauguracao-da-emei-raio-de-sol-e-simbolo-de-uniao-em-estrela\/"},"author":{"name":"Reda\u00e7\u00e3o Folha Popular","@id":"https:\/\/folhapopular.info\/#\/schema\/person\/2814e8a0df7643585a9ca38bc6eb9d4b"},"headline":"Reinaugura\u00e7\u00e3o da Emei Raio de Sol \u00e9 s\u00edmbolo de uni\u00e3o em Estrela","datePublished":"2025-03-24T14:00:00+00:00","mainEntityOfPage":{"@id":"https:\/\/folhapopular.info\/index.php\/2025\/03\/24\/reinauguracao-da-emei-raio-de-sol-e-simbolo-de-uniao-em-estrela\/"},"wordCount":394,"commentCount":0,"image":{"@id":"https:\/\/folhapopular.info\/index.php\/2025\/03\/24\/reinauguracao-da-emei-raio-de-sol-e-simbolo-de-uniao-em-estrela\/#primaryimage"},"thumbnailUrl":"https:\/\/folhapopular.info\/wp-content\/uploads\/2025\/03\/img_CE57D350A2D7FB44C880ECE82F9E3EC2C69CA850-scaled-e1742821826844.jpeg","keywords":["Emei Raio de Sol","Escola","Estrela"],"articleSection":["Destaques","Educa\u00e7\u00e3o","Geral"],"inLanguage":"pt-BR","potentialAction":[{"@type":"CommentAction","name":"Comment","target":["https:\/\/folhapopular.info\/index.php\/2025\/03\/24\/reinauguracao-da-emei-raio-de-sol-e-simbolo-de-uniao-em-estrela\/#respond"]}]},{"@type":"WebPage","@id":"https:\/\/folhapopular.info\/index.php\/2025\/03\/24\/reinauguracao-da-emei-raio-de-sol-e-simbolo-de-uniao-em-estrela\/","url":"https:\/\/folhapopular.info\/index.php\/2025\/03\/24\/reinauguracao-da-emei-raio-de-sol-e-simbolo-de-uniao-em-estrela\/","name":"Reinaugura\u00e7\u00e3o da Emei Raio de Sol \u00e9 s\u00edmbolo de uni\u00e3o em Estrela - Folha Popular","isPartOf":{"@id":"https:\/\/folhapopular.info\/#website"},"primaryImageOfPage":{"@id":"https:\/\/folhapopular.info\/index.php\/2025\/03\/24\/reinauguracao-da-emei-raio-de-sol-e-simbolo-de-uniao-em-estrela\/#primaryimage"},"image":{"@id":"https:\/\/folhapopular.info\/index.php\/2025\/03\/24\/reinauguracao-da-emei-raio-de-sol-e-simbolo-de-uniao-em-estrela\/#primaryimage"},"thumbnailUrl":"https:\/\/folhapopular.info\/wp-content\/uploads\/2025\/03\/img_CE57D350A2D7FB44C880ECE82F9E3EC2C69CA850-scaled-e1742821826844.jpeg","datePublished":"2025-03-24T14:00:00+00:00","author":{"@id":"https:\/\/folhapopular.info\/#\/schema\/person\/2814e8a0df7643585a9ca38bc6eb9d4b"},"breadcrumb":{"@id":"https:\/\/folhapopular.info\/index.php\/2025\/03\/24\/reinauguracao-da-emei-raio-de-sol-e-simbolo-de-uniao-em-estrela\/#breadcrumb"},"inLanguage":"pt-BR","potentialAction":[{"@type":"ReadAction","target":["https:\/\/folhapopular.info\/index.php\/2025\/03\/24\/reinauguracao-da-emei-raio-de-sol-e-simbolo-de-uniao-em-estrela\/"]}]},{"@type":"ImageObject","inLanguage":"pt-BR","@id":"https:\/\/folhapopular.info\/index.php\/2025\/03\/24\/reinauguracao-da-emei-raio-de-sol-e-simbolo-de-uniao-em-estrela\/#primaryimage","url":"https:\/\/folhapopular.info\/wp-content\/uploads\/2025\/03\/img_CE57D350A2D7FB44C880ECE82F9E3EC2C69CA850-scaled-e1742821826844.jpeg","contentUrl":"https:\/\/folhapopular.info\/wp-content\/uploads\/2025\/03\/img_CE57D350A2D7FB44C880ECE82F9E3EC2C69CA850-scaled-e1742821826844.jpeg","width":1440,"height":1344,"caption":"Cr\u00e9dito: Divulga\u00e7\u00e3o \/ AI Estrela"},{"@type":"BreadcrumbList","@id":"https:\/\/folhapopular.info\/index.php\/2025\/03\/24\/reinauguracao-da-emei-raio-de-sol-e-simbolo-de-uniao-em-estrela\/#breadcrumb","itemListElement":[{"@type":"ListItem","position":1,"name":"In\u00edcio","item":"https:\/\/folhapopular.info\/"},{"@type":"ListItem","position":2,"name":"Reinaugura\u00e7\u00e3o da Emei Raio de Sol \u00e9 s\u00edmbolo de uni\u00e3o em Estrela"}]},{"@type":"WebSite","@id":"https:\/\/folhapopular.info\/#website","url":"https:\/\/folhapopular.info\/","name":"Folha Popular","description":"Onde voc\u00ea tem vez e voz","potentialAction":[{"@type":"SearchAction","target":{"@type":"EntryPoint","urlTemplate":"https:\/\/folhapopular.info\/?s={search_term_string}"},"query-input":{"@type":"PropertyValueSpecification","valueRequired":true,"valueName":"search_term_string"}}],"inLanguage":"pt-BR"},{"@type":"Person","@id":"https:\/\/folhapopular.info\/#\/schema\/person\/2814e8a0df7643585a9ca38bc6eb9d4b","name":"Reda\u00e7\u00e3o Folha Popular","image":{"@type":"ImageObject","inLanguage":"pt-BR","@id":"https:\/\/folhapopular.info\/wp-content\/uploads\/2026\/04\/Folha-1.webp","url":"https:\/\/folhapopular.info\/wp-content\/uploads\/2026\/04\/Folha-1.webp","contentUrl":"https:\/\/folhapopular.info\/wp-content\/uploads\/2026\/04\/Folha-1.webp","caption":"Reda\u00e7\u00e3o Folha Popular"},"url":"https:\/\/folhapopular.info\/index.php\/author\/redacao\/"}]}},"jetpack_featured_media_url":"https:\/\/folhapopular.info\/wp-content\/uploads\/2025\/03\/img_CE57D350A2D7FB44C880ECE82F9E3EC2C69CA850-scaled-e1742821826844.jpeg","jetpack_sharing_enabled":true,"amp_enabled":true,"_links":{"self":[{"href":"https:\/\/folhapopular.info\/index.php\/wp-json\/wp\/v2\/posts\/183067","targetHints":{"allow":["GET"]}}],"collection":[{"href":"https:\/\/folhapopular.info\/index.php\/wp-json\/wp\/v2\/posts"}],"about":[{"href":"https:\/\/folhapopular.info\/index.php\/wp-json\/wp\/v2\/types\/post"}],"author":[{"embeddable":true,"href":"https:\/\/folhapopular.info\/index.php\/wp-json\/wp\/v2\/users\/8"}],"replies":[{"embeddable":true,"href":"https:\/\/folhapopular.info\/index.php\/wp-json\/wp\/v2\/comments?post=183067"}],"version-history":[{"count":0,"href":"https:\/\/folhapopular.info\/index.php\/wp-json\/wp\/v2\/posts\/183067\/revisions"}],"wp:featuredmedia":[{"embeddable":true,"href":"https:\/\/folhapopular.info\/index.php\/wp-json\/wp\/v2\/media\/183071"}],"wp:attachment":[{"href":"https:\/\/folhapopular.info\/index.php\/wp-json\/wp\/v2\/media?parent=183067"}],"wp:term":[{"taxonomy":"category","embeddable":true,"href":"https:\/\/folhapopular.info\/index.php\/wp-json\/wp\/v2\/categories?post=183067"},{"taxonomy":"post_tag","embeddable":true,"href":"https:\/\/folhapopular.info\/index.php\/wp-json\/wp\/v2\/tags?post=183067"}],"curies":[{"name":"wp","href":"https:\/\/api.w.org\/{rel}","templated":true}]}}