{"id":183116,"date":"2025-03-24T22:51:07","date_gmt":"2025-03-25T01:51:07","guid":{"rendered":"https:\/\/folhapopular.info\/?p=183116"},"modified":"2025-03-24T22:51:10","modified_gmt":"2025-03-25T01:51:10","slug":"1a-aquibom-abre-encontros-microrregionais","status":"publish","type":"post","link":"https:\/\/folhapopular.info\/index.php\/2025\/03\/24\/1a-aquibom-abre-encontros-microrregionais\/","title":{"rendered":"1\u00aa AquiBom abre encontros microrregionais"},"content":{"rendered":"\n<p>A comiss\u00e3o organizadora da 1\u00aa Feira Estadual de Aquicultura \u2013 AquiBom \u2013 abriu nova etapa de divulga\u00e7\u00e3o do evento. O coordenador Mauro Luciano Hauschild apresentou a iniciativa in\u00e9dita para um grupo de lideran\u00e7as de Teut\u00f4nia, Westf\u00e1lia, Po\u00e7o das Antas e Colinas, no Miniaudit\u00f3rio do Col\u00e9gio Teut\u00f4nia, na manh\u00e3 desta segunda-feira (24\/3). A inten\u00e7\u00e3o \u00e9 repetir o modelo em outros grupos de munic\u00edpios do Vale do Taquari.<\/p>\n\n\n\n<p>Hauschild destacou o cen\u00e1rio da aquicultura \u2013 produ\u00e7\u00f5es de peixes, crust\u00e1ceos, moluscos e algas \u2013 com \u00eanfase na piscicultura. Trouxe dados econ\u00f4micos, panorama mundial e brasileiro, cen\u00e1rio ga\u00facho e regional, oportunidades e possibilidades de neg\u00f3cios.<\/p>\n\n\n\n<p>Apresentou as diferentes \u00e1reas da feira com 6 hectares: exposi\u00e7\u00f5es de m\u00e1quinas, equipamentos, produtos, servi\u00e7os e solu\u00e7\u00f5es tecnol\u00f3gicas; arena de debates; shows; pra\u00e7a de alimenta\u00e7\u00e3o. Ainda destacou a inclus\u00e3o social e valores de ESG: agricultura familiar, artesanato, apoio a entidades, prestadores de servi\u00e7os, inclus\u00e3o das comunidades Cruz das Almas e Mundo Novo, utiliza\u00e7\u00e3o de materiais e solu\u00e7\u00f5es sustent\u00e1veis.<\/p>\n\n\n\n<p>A expectativa \u00e9 ter um p\u00fablico de 20 a 35 mil pessoas, com a possibilidade de ter o Dia Estadual do Peixe, shows e atratividade pelas parcerias regionais.<\/p>\n\n\n\n<p>A 1\u00aa AquiBom ser\u00e1 de 7 a 9 de novembro, no Recanto Novo Para\u00edso, em Sanga Funda \u2013 Bom Retiro do Sul. Haver\u00e1 exposi\u00e7\u00e3o de produtos e servi\u00e7os, experi\u00eancias de campo, palestras, atra\u00e7\u00f5es culturais, show nacional e um jantar com pratos de peixe.<\/p>\n","protected":false},"excerpt":{"rendered":"<p>A comiss\u00e3o organizadora da 1\u00aa Feira Estadual de Aquicultura \u2013 AquiBom \u2013 abriu nova etapa de divulga\u00e7\u00e3o do evento. O coordenador Mauro Luciano Hauschild apresentou a iniciativa in\u00e9dita para um grupo de lideran\u00e7as de Teut\u00f4nia, Westf\u00e1lia, Po\u00e7o das Antas e Colinas, no Miniaudit\u00f3rio do Col\u00e9gio Teut\u00f4nia, na manh\u00e3 desta segunda-feira (24\/3). A inten\u00e7\u00e3o \u00e9 repetir [&hellip;]<\/p>\n","protected":false},"author":7,"featured_media":183117,"comment_status":"open","ping_status":"open","sticky":false,"template":"","format":"standard","meta":{"pmpro_default_level":"","_jetpack_memberships_contains_paid_content":false,"footnotes":""},"categories":[2,10991,10993,10994],"tags":[17376,146,26,156],"class_list":{"0":"post-183116","1":"post","2":"type-post","3":"status-publish","4":"format-standard","5":"has-post-thumbnail","7":"category-featured","8":"category-economia","9":"category-empreender","10":"category-rural","11":"tag-aquibom","12":"tag-bom-retiro-do-sul","13":"tag-teutonia","14":"tag-vale-do-taquari","15":"pmpro-has-access"},"yoast_head":"<!-- This site is optimized with the Yoast SEO plugin v27.5 - https:\/\/yoast.com\/product\/yoast-seo-wordpress\/ -->\n<title>1\u00aa AquiBom abre encontros microrregionais - Folha Popular<\/title>\n<meta name=\"robots\" content=\"index, follow, max-snippet:-1, max-image-preview:large, max-video-preview:-1\" \/>\n<link rel=\"canonical\" href=\"https:\/\/folhapopular.info\/index.php\/2025\/03\/24\/1a-aquibom-abre-encontros-microrregionais\/\" \/>\n<meta property=\"og:locale\" content=\"pt_BR\" \/>\n<meta property=\"og:type\" content=\"article\" \/>\n<meta property=\"og:title\" content=\"1\u00aa AquiBom abre encontros microrregionais - Folha Popular\" \/>\n<meta property=\"og:description\" content=\"A comiss\u00e3o organizadora da 1\u00aa Feira Estadual de Aquicultura \u2013 AquiBom \u2013 abriu nova etapa de divulga\u00e7\u00e3o do evento. O coordenador Mauro Luciano Hauschild apresentou a iniciativa in\u00e9dita para um grupo de lideran\u00e7as de Teut\u00f4nia, Westf\u00e1lia, Po\u00e7o das Antas e Colinas, no Miniaudit\u00f3rio do Col\u00e9gio Teut\u00f4nia, na manh\u00e3 desta segunda-feira (24\/3). A inten\u00e7\u00e3o \u00e9 repetir [&hellip;]\" \/>\n<meta property=\"og:url\" content=\"https:\/\/folhapopular.info\/index.php\/2025\/03\/24\/1a-aquibom-abre-encontros-microrregionais\/\" \/>\n<meta property=\"og:site_name\" content=\"Folha Popular\" \/>\n<meta property=\"article:published_time\" content=\"2025-03-25T01:51:07+00:00\" \/>\n<meta property=\"article:modified_time\" content=\"2025-03-25T01:51:10+00:00\" \/>\n<meta property=\"og:image\" content=\"http:\/\/folhapopular.info\/wp-content\/uploads\/2025\/03\/WhatsApp-Image-2025-03-24-at-07.54.50-scaled.jpeg\" \/>\n\t<meta property=\"og:image:width\" content=\"2560\" \/>\n\t<meta property=\"og:image:height\" content=\"1920\" \/>\n\t<meta property=\"og:image:type\" content=\"image\/jpeg\" \/>\n<meta name=\"author\" content=\"Lucas Leandro Brune\" \/>\n<meta name=\"twitter:card\" content=\"summary_large_image\" \/>\n<meta name=\"twitter:label1\" content=\"Escrito por\" \/>\n\t<meta name=\"twitter:data1\" content=\"Lucas Leandro Brune\" \/>\n\t<meta name=\"twitter:label2\" content=\"Est. tempo de leitura\" \/>\n\t<meta name=\"twitter:data2\" content=\"2 minutos\" \/>\n<script type=\"application\/ld+json\" class=\"yoast-schema-graph\">{\"@context\":\"https:\\\/\\\/schema.org\",\"@graph\":[{\"@type\":\"Article\",\"@id\":\"https:\\\/\\\/folhapopular.info\\\/index.php\\\/2025\\\/03\\\/24\\\/1a-aquibom-abre-encontros-microrregionais\\\/#article\",\"isPartOf\":{\"@id\":\"https:\\\/\\\/folhapopular.info\\\/index.php\\\/2025\\\/03\\\/24\\\/1a-aquibom-abre-encontros-microrregionais\\\/\"},\"author\":{\"name\":\"Lucas Leandro Brune\",\"@id\":\"https:\\\/\\\/folhapopular.info\\\/#\\\/schema\\\/person\\\/533a15f60cd49e81ab3a90b4ca33cb36\"},\"headline\":\"1\u00aa AquiBom abre encontros microrregionais\",\"datePublished\":\"2025-03-25T01:51:07+00:00\",\"dateModified\":\"2025-03-25T01:51:10+00:00\",\"mainEntityOfPage\":{\"@id\":\"https:\\\/\\\/folhapopular.info\\\/index.php\\\/2025\\\/03\\\/24\\\/1a-aquibom-abre-encontros-microrregionais\\\/\"},\"wordCount\":257,\"commentCount\":0,\"image\":{\"@id\":\"https:\\\/\\\/folhapopular.info\\\/index.php\\\/2025\\\/03\\\/24\\\/1a-aquibom-abre-encontros-microrregionais\\\/#primaryimage\"},\"thumbnailUrl\":\"https:\\\/\\\/folhapopular.info\\\/wp-content\\\/uploads\\\/2025\\\/03\\\/WhatsApp-Image-2025-03-24-at-07.54.50-scaled.jpeg\",\"keywords\":[\"Aquibom\",\"Bom Retiro do Sul\",\"Teut\u00f4nia\",\"Vale do Taquari\"],\"articleSection\":[\"Destaques\",\"Economia\",\"Empreender\",\"Rural\"],\"inLanguage\":\"pt-BR\",\"potentialAction\":[{\"@type\":\"CommentAction\",\"name\":\"Comment\",\"target\":[\"https:\\\/\\\/folhapopular.info\\\/index.php\\\/2025\\\/03\\\/24\\\/1a-aquibom-abre-encontros-microrregionais\\\/#respond\"]}]},{\"@type\":\"WebPage\",\"@id\":\"https:\\\/\\\/folhapopular.info\\\/index.php\\\/2025\\\/03\\\/24\\\/1a-aquibom-abre-encontros-microrregionais\\\/\",\"url\":\"https:\\\/\\\/folhapopular.info\\\/index.php\\\/2025\\\/03\\\/24\\\/1a-aquibom-abre-encontros-microrregionais\\\/\",\"name\":\"1\u00aa AquiBom abre encontros microrregionais - Folha Popular\",\"isPartOf\":{\"@id\":\"https:\\\/\\\/folhapopular.info\\\/#website\"},\"primaryImageOfPage\":{\"@id\":\"https:\\\/\\\/folhapopular.info\\\/index.php\\\/2025\\\/03\\\/24\\\/1a-aquibom-abre-encontros-microrregionais\\\/#primaryimage\"},\"image\":{\"@id\":\"https:\\\/\\\/folhapopular.info\\\/index.php\\\/2025\\\/03\\\/24\\\/1a-aquibom-abre-encontros-microrregionais\\\/#primaryimage\"},\"thumbnailUrl\":\"https:\\\/\\\/folhapopular.info\\\/wp-content\\\/uploads\\\/2025\\\/03\\\/WhatsApp-Image-2025-03-24-at-07.54.50-scaled.jpeg\",\"datePublished\":\"2025-03-25T01:51:07+00:00\",\"dateModified\":\"2025-03-25T01:51:10+00:00\",\"author\":{\"@id\":\"https:\\\/\\\/folhapopular.info\\\/#\\\/schema\\\/person\\\/533a15f60cd49e81ab3a90b4ca33cb36\"},\"breadcrumb\":{\"@id\":\"https:\\\/\\\/folhapopular.info\\\/index.php\\\/2025\\\/03\\\/24\\\/1a-aquibom-abre-encontros-microrregionais\\\/#breadcrumb\"},\"inLanguage\":\"pt-BR\",\"potentialAction\":[{\"@type\":\"ReadAction\",\"target\":[\"https:\\\/\\\/folhapopular.info\\\/index.php\\\/2025\\\/03\\\/24\\\/1a-aquibom-abre-encontros-microrregionais\\\/\"]}]},{\"@type\":\"ImageObject\",\"inLanguage\":\"pt-BR\",\"@id\":\"https:\\\/\\\/folhapopular.info\\\/index.php\\\/2025\\\/03\\\/24\\\/1a-aquibom-abre-encontros-microrregionais\\\/#primaryimage\",\"url\":\"https:\\\/\\\/folhapopular.info\\\/wp-content\\\/uploads\\\/2025\\\/03\\\/WhatsApp-Image-2025-03-24-at-07.54.50-scaled.jpeg\",\"contentUrl\":\"https:\\\/\\\/folhapopular.info\\\/wp-content\\\/uploads\\\/2025\\\/03\\\/WhatsApp-Image-2025-03-24-at-07.54.50-scaled.jpeg\",\"width\":2560,\"height\":1920,\"caption\":\"Encontro visa aproximar o evento de lideran\u00e7as regionais \\\/\\\/ Cr\u00e9dito: Lucas Leandro Brune\"},{\"@type\":\"BreadcrumbList\",\"@id\":\"https:\\\/\\\/folhapopular.info\\\/index.php\\\/2025\\\/03\\\/24\\\/1a-aquibom-abre-encontros-microrregionais\\\/#breadcrumb\",\"itemListElement\":[{\"@type\":\"ListItem\",\"position\":1,\"name\":\"In\u00edcio\",\"item\":\"https:\\\/\\\/folhapopular.info\\\/\"},{\"@type\":\"ListItem\",\"position\":2,\"name\":\"1\u00aa AquiBom abre encontros microrregionais\"}]},{\"@type\":\"WebSite\",\"@id\":\"https:\\\/\\\/folhapopular.info\\\/#website\",\"url\":\"https:\\\/\\\/folhapopular.info\\\/\",\"name\":\"Folha Popular\",\"description\":\"Onde voc\u00ea tem vez e voz\",\"potentialAction\":[{\"@type\":\"SearchAction\",\"target\":{\"@type\":\"EntryPoint\",\"urlTemplate\":\"https:\\\/\\\/folhapopular.info\\\/?s={search_term_string}\"},\"query-input\":{\"@type\":\"PropertyValueSpecification\",\"valueRequired\":true,\"valueName\":\"search_term_string\"}}],\"inLanguage\":\"pt-BR\"},{\"@type\":\"Person\",\"@id\":\"https:\\\/\\\/folhapopular.info\\\/#\\\/schema\\\/person\\\/533a15f60cd49e81ab3a90b4ca33cb36\",\"name\":\"Lucas Leandro Brune\",\"image\":{\"@type\":\"ImageObject\",\"inLanguage\":\"pt-BR\",\"@id\":\"https:\\\/\\\/folhapopular.info\\\/wp-content\\\/uploads\\\/2026\\\/04\\\/LUCAS-1-1.webp\",\"url\":\"https:\\\/\\\/folhapopular.info\\\/wp-content\\\/uploads\\\/2026\\\/04\\\/LUCAS-1-1.webp\",\"contentUrl\":\"https:\\\/\\\/folhapopular.info\\\/wp-content\\\/uploads\\\/2026\\\/04\\\/LUCAS-1-1.webp\",\"caption\":\"Lucas Leandro Brune\"},\"description\":\"Jornalista Profissional Diplomado MTB\\\/RS 14.333\",\"url\":\"https:\\\/\\\/folhapopular.info\\\/index.php\\\/author\\\/lucas-brune\\\/\"}]}<\/script>\n<!-- \/ Yoast SEO plugin. -->","yoast_head_json":{"title":"1\u00aa AquiBom abre encontros microrregionais - Folha Popular","robots":{"index":"index","follow":"follow","max-snippet":"max-snippet:-1","max-image-preview":"max-image-preview:large","max-video-preview":"max-video-preview:-1"},"canonical":"https:\/\/folhapopular.info\/index.php\/2025\/03\/24\/1a-aquibom-abre-encontros-microrregionais\/","og_locale":"pt_BR","og_type":"article","og_title":"1\u00aa AquiBom abre encontros microrregionais - Folha Popular","og_description":"A comiss\u00e3o organizadora da 1\u00aa Feira Estadual de Aquicultura \u2013 AquiBom \u2013 abriu nova etapa de divulga\u00e7\u00e3o do evento. O coordenador Mauro Luciano Hauschild apresentou a iniciativa in\u00e9dita para um grupo de lideran\u00e7as de Teut\u00f4nia, Westf\u00e1lia, Po\u00e7o das Antas e Colinas, no Miniaudit\u00f3rio do Col\u00e9gio Teut\u00f4nia, na manh\u00e3 desta segunda-feira (24\/3). A inten\u00e7\u00e3o \u00e9 repetir [&hellip;]","og_url":"https:\/\/folhapopular.info\/index.php\/2025\/03\/24\/1a-aquibom-abre-encontros-microrregionais\/","og_site_name":"Folha Popular","article_published_time":"2025-03-25T01:51:07+00:00","article_modified_time":"2025-03-25T01:51:10+00:00","og_image":[{"width":2560,"height":1920,"url":"http:\/\/folhapopular.info\/wp-content\/uploads\/2025\/03\/WhatsApp-Image-2025-03-24-at-07.54.50-scaled.jpeg","type":"image\/jpeg"}],"author":"Lucas Leandro Brune","twitter_card":"summary_large_image","twitter_misc":{"Escrito por":"Lucas Leandro Brune","Est. tempo de leitura":"2 minutos"},"schema":{"@context":"https:\/\/schema.org","@graph":[{"@type":"Article","@id":"https:\/\/folhapopular.info\/index.php\/2025\/03\/24\/1a-aquibom-abre-encontros-microrregionais\/#article","isPartOf":{"@id":"https:\/\/folhapopular.info\/index.php\/2025\/03\/24\/1a-aquibom-abre-encontros-microrregionais\/"},"author":{"name":"Lucas Leandro Brune","@id":"https:\/\/folhapopular.info\/#\/schema\/person\/533a15f60cd49e81ab3a90b4ca33cb36"},"headline":"1\u00aa AquiBom abre encontros microrregionais","datePublished":"2025-03-25T01:51:07+00:00","dateModified":"2025-03-25T01:51:10+00:00","mainEntityOfPage":{"@id":"https:\/\/folhapopular.info\/index.php\/2025\/03\/24\/1a-aquibom-abre-encontros-microrregionais\/"},"wordCount":257,"commentCount":0,"image":{"@id":"https:\/\/folhapopular.info\/index.php\/2025\/03\/24\/1a-aquibom-abre-encontros-microrregionais\/#primaryimage"},"thumbnailUrl":"https:\/\/folhapopular.info\/wp-content\/uploads\/2025\/03\/WhatsApp-Image-2025-03-24-at-07.54.50-scaled.jpeg","keywords":["Aquibom","Bom Retiro do Sul","Teut\u00f4nia","Vale do Taquari"],"articleSection":["Destaques","Economia","Empreender","Rural"],"inLanguage":"pt-BR","potentialAction":[{"@type":"CommentAction","name":"Comment","target":["https:\/\/folhapopular.info\/index.php\/2025\/03\/24\/1a-aquibom-abre-encontros-microrregionais\/#respond"]}]},{"@type":"WebPage","@id":"https:\/\/folhapopular.info\/index.php\/2025\/03\/24\/1a-aquibom-abre-encontros-microrregionais\/","url":"https:\/\/folhapopular.info\/index.php\/2025\/03\/24\/1a-aquibom-abre-encontros-microrregionais\/","name":"1\u00aa AquiBom abre encontros microrregionais - Folha Popular","isPartOf":{"@id":"https:\/\/folhapopular.info\/#website"},"primaryImageOfPage":{"@id":"https:\/\/folhapopular.info\/index.php\/2025\/03\/24\/1a-aquibom-abre-encontros-microrregionais\/#primaryimage"},"image":{"@id":"https:\/\/folhapopular.info\/index.php\/2025\/03\/24\/1a-aquibom-abre-encontros-microrregionais\/#primaryimage"},"thumbnailUrl":"https:\/\/folhapopular.info\/wp-content\/uploads\/2025\/03\/WhatsApp-Image-2025-03-24-at-07.54.50-scaled.jpeg","datePublished":"2025-03-25T01:51:07+00:00","dateModified":"2025-03-25T01:51:10+00:00","author":{"@id":"https:\/\/folhapopular.info\/#\/schema\/person\/533a15f60cd49e81ab3a90b4ca33cb36"},"breadcrumb":{"@id":"https:\/\/folhapopular.info\/index.php\/2025\/03\/24\/1a-aquibom-abre-encontros-microrregionais\/#breadcrumb"},"inLanguage":"pt-BR","potentialAction":[{"@type":"ReadAction","target":["https:\/\/folhapopular.info\/index.php\/2025\/03\/24\/1a-aquibom-abre-encontros-microrregionais\/"]}]},{"@type":"ImageObject","inLanguage":"pt-BR","@id":"https:\/\/folhapopular.info\/index.php\/2025\/03\/24\/1a-aquibom-abre-encontros-microrregionais\/#primaryimage","url":"https:\/\/folhapopular.info\/wp-content\/uploads\/2025\/03\/WhatsApp-Image-2025-03-24-at-07.54.50-scaled.jpeg","contentUrl":"https:\/\/folhapopular.info\/wp-content\/uploads\/2025\/03\/WhatsApp-Image-2025-03-24-at-07.54.50-scaled.jpeg","width":2560,"height":1920,"caption":"Encontro visa aproximar o evento de lideran\u00e7as regionais \/\/ Cr\u00e9dito: Lucas Leandro Brune"},{"@type":"BreadcrumbList","@id":"https:\/\/folhapopular.info\/index.php\/2025\/03\/24\/1a-aquibom-abre-encontros-microrregionais\/#breadcrumb","itemListElement":[{"@type":"ListItem","position":1,"name":"In\u00edcio","item":"https:\/\/folhapopular.info\/"},{"@type":"ListItem","position":2,"name":"1\u00aa AquiBom abre encontros microrregionais"}]},{"@type":"WebSite","@id":"https:\/\/folhapopular.info\/#website","url":"https:\/\/folhapopular.info\/","name":"Folha Popular","description":"Onde voc\u00ea tem vez e voz","potentialAction":[{"@type":"SearchAction","target":{"@type":"EntryPoint","urlTemplate":"https:\/\/folhapopular.info\/?s={search_term_string}"},"query-input":{"@type":"PropertyValueSpecification","valueRequired":true,"valueName":"search_term_string"}}],"inLanguage":"pt-BR"},{"@type":"Person","@id":"https:\/\/folhapopular.info\/#\/schema\/person\/533a15f60cd49e81ab3a90b4ca33cb36","name":"Lucas Leandro Brune","image":{"@type":"ImageObject","inLanguage":"pt-BR","@id":"https:\/\/folhapopular.info\/wp-content\/uploads\/2026\/04\/LUCAS-1-1.webp","url":"https:\/\/folhapopular.info\/wp-content\/uploads\/2026\/04\/LUCAS-1-1.webp","contentUrl":"https:\/\/folhapopular.info\/wp-content\/uploads\/2026\/04\/LUCAS-1-1.webp","caption":"Lucas Leandro Brune"},"description":"Jornalista Profissional Diplomado MTB\/RS 14.333","url":"https:\/\/folhapopular.info\/index.php\/author\/lucas-brune\/"}]}},"jetpack_featured_media_url":"https:\/\/folhapopular.info\/wp-content\/uploads\/2025\/03\/WhatsApp-Image-2025-03-24-at-07.54.50-scaled.jpeg","jetpack_sharing_enabled":true,"amp_enabled":true,"_links":{"self":[{"href":"https:\/\/folhapopular.info\/index.php\/wp-json\/wp\/v2\/posts\/183116","targetHints":{"allow":["GET"]}}],"collection":[{"href":"https:\/\/folhapopular.info\/index.php\/wp-json\/wp\/v2\/posts"}],"about":[{"href":"https:\/\/folhapopular.info\/index.php\/wp-json\/wp\/v2\/types\/post"}],"author":[{"embeddable":true,"href":"https:\/\/folhapopular.info\/index.php\/wp-json\/wp\/v2\/users\/7"}],"replies":[{"embeddable":true,"href":"https:\/\/folhapopular.info\/index.php\/wp-json\/wp\/v2\/comments?post=183116"}],"version-history":[{"count":0,"href":"https:\/\/folhapopular.info\/index.php\/wp-json\/wp\/v2\/posts\/183116\/revisions"}],"wp:featuredmedia":[{"embeddable":true,"href":"https:\/\/folhapopular.info\/index.php\/wp-json\/wp\/v2\/media\/183117"}],"wp:attachment":[{"href":"https:\/\/folhapopular.info\/index.php\/wp-json\/wp\/v2\/media?parent=183116"}],"wp:term":[{"taxonomy":"category","embeddable":true,"href":"https:\/\/folhapopular.info\/index.php\/wp-json\/wp\/v2\/categories?post=183116"},{"taxonomy":"post_tag","embeddable":true,"href":"https:\/\/folhapopular.info\/index.php\/wp-json\/wp\/v2\/tags?post=183116"}],"curies":[{"name":"wp","href":"https:\/\/api.w.org\/{rel}","templated":true}]}}