{"id":183161,"date":"2025-03-25T16:51:33","date_gmt":"2025-03-25T19:51:33","guid":{"rendered":"https:\/\/folhapopular.info\/?p=183161"},"modified":"2025-03-25T16:51:36","modified_gmt":"2025-03-25T19:51:36","slug":"imigrante-sedia-seminario-regional-de-turismo-nesta-quarta-e-quinta-feira","status":"publish","type":"post","link":"https:\/\/folhapopular.info\/index.php\/2025\/03\/25\/imigrante-sedia-seminario-regional-de-turismo-nesta-quarta-e-quinta-feira\/","title":{"rendered":"Imigrante sedia Semin\u00e1rio Regional de Turismo nesta quarta e quinta-feira"},"content":{"rendered":"\n<p>A Prefeitura de Imigrante, em parceria com a Associa\u00e7\u00e3o dos Munic\u00edpios de Turismo da Regi\u00e3o dos Vales (Amturvales), realiza o Semin\u00e1rio Regional de Turismo \u2013 &#8220;Oportunidades no Turismo&#8221;. O evento acontece nesta quarta e quinta-feira (26 e 27\/3), no Convento S\u00e3o Boaventura, reunindo especialistas, autoridades e empreendedores do setor.<\/p>\n\n\n\n<h3 class=\"wp-block-heading\"><strong>Programa\u00e7\u00e3o<\/strong><\/h3>\n\n\n\n<p>O evento inicia nesta quarta-feira (26\/3), \u00e0s 9h30, com um caf\u00e9 de boas-vindas preparado com produtos das Agroind\u00fastrias Familiares do Vale do Taquari, seguido de um momento cultural com o m\u00fasico Tiago Redder. \u00c0s 10h, ser\u00e1 realizada a abertura oficial, com a presen\u00e7a de autoridades locais e estaduais, incluindo um representante da Setur RS.<\/p>\n\n\n\n<p>Ao longo do primeiro dia, os participantes acompanhar\u00e3o palestras e pain\u00e9is sobre casos de sucesso no turismo regional e participar\u00e3o de um&nbsp;<em>city tour<\/em>&nbsp;por Imigrante, visitando o Cact\u00e1rio Horst e a Cascata Bugerfels. O dia ser\u00e1 encerrado com um jantar t\u00edpico, acompanhado pela apresenta\u00e7\u00e3o da Orquestra de Imigrante.<\/p>\n\n\n\n<p>Na quinta-feira (27\/3), a programa\u00e7\u00e3o segue com palestras sobre o comportamento do turista, qualifica\u00e7\u00e3o do setor e desenvolvimento de novos projetos tur\u00edsticos. O evento se encerra com a palestra sobre oportunidades no turismo rural, ministrada pela turism\u00f3loga Nat\u00e1lia Brasil, da Emater-RS.<\/p>\n\n\n\n<h3 class=\"wp-block-heading\"><strong>Fortalecimento do turismo regional<\/strong><\/h3>\n\n\n\n<p>O presidente da Amturvales, Rafael Fontana, destaca a import\u00e2ncia do evento para o desenvolvimento do setor: &#8220;O conhecimento sempre auxilia no desenvolvimento e no aperfei\u00e7oamento pessoal e profissional. O Semin\u00e1rio Regional em Imigrante ir\u00e1 contribuir para a qualifica\u00e7\u00e3o dos empreendedores do turismo da regi\u00e3o\u201d.<\/p>\n\n\n\n<p>O secret\u00e1rio de Cultura, Desporto e Turismo de Imigrante, Charles Porsche, refor\u00e7a a relev\u00e2ncia da iniciativa para a cidade: &#8220;O evento Oportunidades no Turismo acontece em Imigrante justamente por uma proposta do nosso Munic\u00edpio, por meio da nossa Secretaria, de promover um evento diferenciado e um atrativo tur\u00edstico. A Amturvales abra\u00e7ou a ideia e, com isso, conseguimos uma proje\u00e7\u00e3o estadual, trazendo nomes importantes do setor para palestras e apresenta\u00e7\u00f5es de casos de sucesso. Para Imigrante, esse evento representa visibilidade e a chance de mostrar os investimentos que estamos fazendo no turismo\u201d.<\/p>\n\n\n\n<h3 class=\"wp-block-heading\"><strong>Divulga\u00e7\u00e3o da Rota dos Capit\u00e9is<\/strong><\/h3>\n\n\n\n<p>Durante o Semin\u00e1rio, a Rota dos Capit\u00e9is ser\u00e1 divulgada aos participantes. O projeto envolve Imigrante e outros nove munic\u00edpios da Regi\u00e3o Serrana, totalizando mais de 800km de percurso tur\u00edstico, com foco no turismo religioso e na peregrina\u00e7\u00e3o.<\/p>\n\n\n\n<p>A expectativa \u00e9 que a Rota dos Capit\u00e9is seja inaugurada ainda este ano. Atualmente, a sinaliza\u00e7\u00e3o est\u00e1 em fase de confec\u00e7\u00e3o e, na pr\u00f3xima etapa, ser\u00e1 instalada ao longo do percurso. A inaugura\u00e7\u00e3o oficial deve ocorrer no segundo semestre.<\/p>\n\n\n\n<p>O Semin\u00e1rio Regional de Turismo \u2013 &#8220;Oportunidades no Turismo&#8221; &#8211; \u00e9 uma realiza\u00e7\u00e3o da Prefeitura de Imigrante e Amturvales, com apoio da Emater-Ascar, Setur RS e Convento S\u00e3o Boaventura, e patroc\u00ednio do Sicredi.<\/p>\n","protected":false},"excerpt":{"rendered":"<p>A Prefeitura de Imigrante, em parceria com a Associa\u00e7\u00e3o dos Munic\u00edpios de Turismo da Regi\u00e3o dos Vales (Amturvales), realiza o Semin\u00e1rio Regional de Turismo \u2013 &#8220;Oportunidades no Turismo&#8221;. O evento acontece nesta quarta e quinta-feira (26 e 27\/3), no Convento S\u00e3o Boaventura, reunindo especialistas, autoridades e empreendedores do setor. Programa\u00e7\u00e3o O evento inicia nesta quarta-feira [&hellip;]<\/p>\n","protected":false},"author":8,"featured_media":183162,"comment_status":"open","ping_status":"open","sticky":false,"template":"","format":"standard","meta":{"pmpro_default_level":"","_jetpack_memberships_contains_paid_content":false,"footnotes":""},"categories":[6,11000],"tags":[2022,34,6793],"class_list":{"0":"post-183161","1":"post","2":"type-post","3":"status-publish","4":"format-standard","5":"has-post-thumbnail","7":"category-inclusive","8":"category-turismo","9":"tag-amturvales","10":"tag-imigrante","11":"tag-seminario-regional-de-turismo","12":"pmpro-has-access"},"yoast_head":"<!-- This site is optimized with the Yoast SEO plugin v27.5 - https:\/\/yoast.com\/product\/yoast-seo-wordpress\/ -->\n<title>Imigrante sedia Semin\u00e1rio Regional de Turismo nesta quarta e quinta-feira - Folha Popular<\/title>\n<meta name=\"robots\" content=\"index, follow, max-snippet:-1, max-image-preview:large, max-video-preview:-1\" \/>\n<link rel=\"canonical\" href=\"https:\/\/folhapopular.info\/index.php\/2025\/03\/25\/imigrante-sedia-seminario-regional-de-turismo-nesta-quarta-e-quinta-feira\/\" \/>\n<meta property=\"og:locale\" content=\"pt_BR\" \/>\n<meta property=\"og:type\" content=\"article\" \/>\n<meta property=\"og:title\" content=\"Imigrante sedia Semin\u00e1rio Regional de Turismo nesta quarta e quinta-feira - Folha Popular\" \/>\n<meta property=\"og:description\" content=\"A Prefeitura de Imigrante, em parceria com a Associa\u00e7\u00e3o dos Munic\u00edpios de Turismo da Regi\u00e3o dos Vales (Amturvales), realiza o Semin\u00e1rio Regional de Turismo \u2013 &#8220;Oportunidades no Turismo&#8221;. O evento acontece nesta quarta e quinta-feira (26 e 27\/3), no Convento S\u00e3o Boaventura, reunindo especialistas, autoridades e empreendedores do setor. Programa\u00e7\u00e3o O evento inicia nesta quarta-feira [&hellip;]\" \/>\n<meta property=\"og:url\" content=\"https:\/\/folhapopular.info\/index.php\/2025\/03\/25\/imigrante-sedia-seminario-regional-de-turismo-nesta-quarta-e-quinta-feira\/\" \/>\n<meta property=\"og:site_name\" content=\"Folha Popular\" \/>\n<meta property=\"article:published_time\" content=\"2025-03-25T19:51:33+00:00\" \/>\n<meta property=\"article:modified_time\" content=\"2025-03-25T19:51:36+00:00\" \/>\n<meta property=\"og:image\" content=\"http:\/\/folhapopular.info\/wp-content\/uploads\/2025\/03\/DSC_0004-scaled.jpg\" \/>\n\t<meta property=\"og:image:width\" content=\"2560\" \/>\n\t<meta property=\"og:image:height\" content=\"1707\" \/>\n\t<meta property=\"og:image:type\" content=\"image\/jpeg\" \/>\n<meta name=\"author\" content=\"Reda\u00e7\u00e3o Folha Popular\" \/>\n<meta name=\"twitter:card\" content=\"summary_large_image\" \/>\n<meta name=\"twitter:label1\" content=\"Escrito por\" \/>\n\t<meta name=\"twitter:data1\" content=\"Reda\u00e7\u00e3o Folha Popular\" \/>\n\t<meta name=\"twitter:label2\" content=\"Est. tempo de leitura\" \/>\n\t<meta name=\"twitter:data2\" content=\"3 minutos\" \/>\n<script type=\"application\/ld+json\" class=\"yoast-schema-graph\">{\"@context\":\"https:\\\/\\\/schema.org\",\"@graph\":[{\"@type\":\"Article\",\"@id\":\"https:\\\/\\\/folhapopular.info\\\/index.php\\\/2025\\\/03\\\/25\\\/imigrante-sedia-seminario-regional-de-turismo-nesta-quarta-e-quinta-feira\\\/#article\",\"isPartOf\":{\"@id\":\"https:\\\/\\\/folhapopular.info\\\/index.php\\\/2025\\\/03\\\/25\\\/imigrante-sedia-seminario-regional-de-turismo-nesta-quarta-e-quinta-feira\\\/\"},\"author\":{\"name\":\"Reda\u00e7\u00e3o Folha Popular\",\"@id\":\"https:\\\/\\\/folhapopular.info\\\/#\\\/schema\\\/person\\\/2814e8a0df7643585a9ca38bc6eb9d4b\"},\"headline\":\"Imigrante sedia Semin\u00e1rio Regional de Turismo nesta quarta e quinta-feira\",\"datePublished\":\"2025-03-25T19:51:33+00:00\",\"dateModified\":\"2025-03-25T19:51:36+00:00\",\"mainEntityOfPage\":{\"@id\":\"https:\\\/\\\/folhapopular.info\\\/index.php\\\/2025\\\/03\\\/25\\\/imigrante-sedia-seminario-regional-de-turismo-nesta-quarta-e-quinta-feira\\\/\"},\"wordCount\":502,\"commentCount\":0,\"image\":{\"@id\":\"https:\\\/\\\/folhapopular.info\\\/index.php\\\/2025\\\/03\\\/25\\\/imigrante-sedia-seminario-regional-de-turismo-nesta-quarta-e-quinta-feira\\\/#primaryimage\"},\"thumbnailUrl\":\"https:\\\/\\\/folhapopular.info\\\/wp-content\\\/uploads\\\/2025\\\/03\\\/DSC_0004-scaled.jpg\",\"keywords\":[\"Amturvales\",\"Imigrante\",\"Semin\u00e1rio Regional de Turismo\"],\"articleSection\":[\"Inclusive\",\"Turismo\"],\"inLanguage\":\"pt-BR\",\"potentialAction\":[{\"@type\":\"CommentAction\",\"name\":\"Comment\",\"target\":[\"https:\\\/\\\/folhapopular.info\\\/index.php\\\/2025\\\/03\\\/25\\\/imigrante-sedia-seminario-regional-de-turismo-nesta-quarta-e-quinta-feira\\\/#respond\"]}]},{\"@type\":\"WebPage\",\"@id\":\"https:\\\/\\\/folhapopular.info\\\/index.php\\\/2025\\\/03\\\/25\\\/imigrante-sedia-seminario-regional-de-turismo-nesta-quarta-e-quinta-feira\\\/\",\"url\":\"https:\\\/\\\/folhapopular.info\\\/index.php\\\/2025\\\/03\\\/25\\\/imigrante-sedia-seminario-regional-de-turismo-nesta-quarta-e-quinta-feira\\\/\",\"name\":\"Imigrante sedia Semin\u00e1rio Regional de Turismo nesta quarta e quinta-feira - Folha Popular\",\"isPartOf\":{\"@id\":\"https:\\\/\\\/folhapopular.info\\\/#website\"},\"primaryImageOfPage\":{\"@id\":\"https:\\\/\\\/folhapopular.info\\\/index.php\\\/2025\\\/03\\\/25\\\/imigrante-sedia-seminario-regional-de-turismo-nesta-quarta-e-quinta-feira\\\/#primaryimage\"},\"image\":{\"@id\":\"https:\\\/\\\/folhapopular.info\\\/index.php\\\/2025\\\/03\\\/25\\\/imigrante-sedia-seminario-regional-de-turismo-nesta-quarta-e-quinta-feira\\\/#primaryimage\"},\"thumbnailUrl\":\"https:\\\/\\\/folhapopular.info\\\/wp-content\\\/uploads\\\/2025\\\/03\\\/DSC_0004-scaled.jpg\",\"datePublished\":\"2025-03-25T19:51:33+00:00\",\"dateModified\":\"2025-03-25T19:51:36+00:00\",\"author\":{\"@id\":\"https:\\\/\\\/folhapopular.info\\\/#\\\/schema\\\/person\\\/2814e8a0df7643585a9ca38bc6eb9d4b\"},\"breadcrumb\":{\"@id\":\"https:\\\/\\\/folhapopular.info\\\/index.php\\\/2025\\\/03\\\/25\\\/imigrante-sedia-seminario-regional-de-turismo-nesta-quarta-e-quinta-feira\\\/#breadcrumb\"},\"inLanguage\":\"pt-BR\",\"potentialAction\":[{\"@type\":\"ReadAction\",\"target\":[\"https:\\\/\\\/folhapopular.info\\\/index.php\\\/2025\\\/03\\\/25\\\/imigrante-sedia-seminario-regional-de-turismo-nesta-quarta-e-quinta-feira\\\/\"]}]},{\"@type\":\"ImageObject\",\"inLanguage\":\"pt-BR\",\"@id\":\"https:\\\/\\\/folhapopular.info\\\/index.php\\\/2025\\\/03\\\/25\\\/imigrante-sedia-seminario-regional-de-turismo-nesta-quarta-e-quinta-feira\\\/#primaryimage\",\"url\":\"https:\\\/\\\/folhapopular.info\\\/wp-content\\\/uploads\\\/2025\\\/03\\\/DSC_0004-scaled.jpg\",\"contentUrl\":\"https:\\\/\\\/folhapopular.info\\\/wp-content\\\/uploads\\\/2025\\\/03\\\/DSC_0004-scaled.jpg\",\"width\":2560,\"height\":1707,\"caption\":\"Cr\u00e9dito: Carla Beckmann \\\/ Prefeitura de Imigrante\"},{\"@type\":\"BreadcrumbList\",\"@id\":\"https:\\\/\\\/folhapopular.info\\\/index.php\\\/2025\\\/03\\\/25\\\/imigrante-sedia-seminario-regional-de-turismo-nesta-quarta-e-quinta-feira\\\/#breadcrumb\",\"itemListElement\":[{\"@type\":\"ListItem\",\"position\":1,\"name\":\"In\u00edcio\",\"item\":\"https:\\\/\\\/folhapopular.info\\\/\"},{\"@type\":\"ListItem\",\"position\":2,\"name\":\"Imigrante sedia Semin\u00e1rio Regional de Turismo nesta quarta e quinta-feira\"}]},{\"@type\":\"WebSite\",\"@id\":\"https:\\\/\\\/folhapopular.info\\\/#website\",\"url\":\"https:\\\/\\\/folhapopular.info\\\/\",\"name\":\"Folha Popular\",\"description\":\"Onde voc\u00ea tem vez e voz\",\"potentialAction\":[{\"@type\":\"SearchAction\",\"target\":{\"@type\":\"EntryPoint\",\"urlTemplate\":\"https:\\\/\\\/folhapopular.info\\\/?s={search_term_string}\"},\"query-input\":{\"@type\":\"PropertyValueSpecification\",\"valueRequired\":true,\"valueName\":\"search_term_string\"}}],\"inLanguage\":\"pt-BR\"},{\"@type\":\"Person\",\"@id\":\"https:\\\/\\\/folhapopular.info\\\/#\\\/schema\\\/person\\\/2814e8a0df7643585a9ca38bc6eb9d4b\",\"name\":\"Reda\u00e7\u00e3o Folha Popular\",\"image\":{\"@type\":\"ImageObject\",\"inLanguage\":\"pt-BR\",\"@id\":\"https:\\\/\\\/folhapopular.info\\\/wp-content\\\/uploads\\\/2026\\\/04\\\/Folha-1.webp\",\"url\":\"https:\\\/\\\/folhapopular.info\\\/wp-content\\\/uploads\\\/2026\\\/04\\\/Folha-1.webp\",\"contentUrl\":\"https:\\\/\\\/folhapopular.info\\\/wp-content\\\/uploads\\\/2026\\\/04\\\/Folha-1.webp\",\"caption\":\"Reda\u00e7\u00e3o Folha Popular\"},\"url\":\"https:\\\/\\\/folhapopular.info\\\/index.php\\\/author\\\/redacao\\\/\"}]}<\/script>\n<!-- \/ Yoast SEO plugin. -->","yoast_head_json":{"title":"Imigrante sedia Semin\u00e1rio Regional de Turismo nesta quarta e quinta-feira - Folha Popular","robots":{"index":"index","follow":"follow","max-snippet":"max-snippet:-1","max-image-preview":"max-image-preview:large","max-video-preview":"max-video-preview:-1"},"canonical":"https:\/\/folhapopular.info\/index.php\/2025\/03\/25\/imigrante-sedia-seminario-regional-de-turismo-nesta-quarta-e-quinta-feira\/","og_locale":"pt_BR","og_type":"article","og_title":"Imigrante sedia Semin\u00e1rio Regional de Turismo nesta quarta e quinta-feira - Folha Popular","og_description":"A Prefeitura de Imigrante, em parceria com a Associa\u00e7\u00e3o dos Munic\u00edpios de Turismo da Regi\u00e3o dos Vales (Amturvales), realiza o Semin\u00e1rio Regional de Turismo \u2013 &#8220;Oportunidades no Turismo&#8221;. O evento acontece nesta quarta e quinta-feira (26 e 27\/3), no Convento S\u00e3o Boaventura, reunindo especialistas, autoridades e empreendedores do setor. Programa\u00e7\u00e3o O evento inicia nesta quarta-feira [&hellip;]","og_url":"https:\/\/folhapopular.info\/index.php\/2025\/03\/25\/imigrante-sedia-seminario-regional-de-turismo-nesta-quarta-e-quinta-feira\/","og_site_name":"Folha Popular","article_published_time":"2025-03-25T19:51:33+00:00","article_modified_time":"2025-03-25T19:51:36+00:00","og_image":[{"width":2560,"height":1707,"url":"http:\/\/folhapopular.info\/wp-content\/uploads\/2025\/03\/DSC_0004-scaled.jpg","type":"image\/jpeg"}],"author":"Reda\u00e7\u00e3o Folha Popular","twitter_card":"summary_large_image","twitter_misc":{"Escrito por":"Reda\u00e7\u00e3o Folha Popular","Est. tempo de leitura":"3 minutos"},"schema":{"@context":"https:\/\/schema.org","@graph":[{"@type":"Article","@id":"https:\/\/folhapopular.info\/index.php\/2025\/03\/25\/imigrante-sedia-seminario-regional-de-turismo-nesta-quarta-e-quinta-feira\/#article","isPartOf":{"@id":"https:\/\/folhapopular.info\/index.php\/2025\/03\/25\/imigrante-sedia-seminario-regional-de-turismo-nesta-quarta-e-quinta-feira\/"},"author":{"name":"Reda\u00e7\u00e3o Folha Popular","@id":"https:\/\/folhapopular.info\/#\/schema\/person\/2814e8a0df7643585a9ca38bc6eb9d4b"},"headline":"Imigrante sedia Semin\u00e1rio Regional de Turismo nesta quarta e quinta-feira","datePublished":"2025-03-25T19:51:33+00:00","dateModified":"2025-03-25T19:51:36+00:00","mainEntityOfPage":{"@id":"https:\/\/folhapopular.info\/index.php\/2025\/03\/25\/imigrante-sedia-seminario-regional-de-turismo-nesta-quarta-e-quinta-feira\/"},"wordCount":502,"commentCount":0,"image":{"@id":"https:\/\/folhapopular.info\/index.php\/2025\/03\/25\/imigrante-sedia-seminario-regional-de-turismo-nesta-quarta-e-quinta-feira\/#primaryimage"},"thumbnailUrl":"https:\/\/folhapopular.info\/wp-content\/uploads\/2025\/03\/DSC_0004-scaled.jpg","keywords":["Amturvales","Imigrante","Semin\u00e1rio Regional de Turismo"],"articleSection":["Inclusive","Turismo"],"inLanguage":"pt-BR","potentialAction":[{"@type":"CommentAction","name":"Comment","target":["https:\/\/folhapopular.info\/index.php\/2025\/03\/25\/imigrante-sedia-seminario-regional-de-turismo-nesta-quarta-e-quinta-feira\/#respond"]}]},{"@type":"WebPage","@id":"https:\/\/folhapopular.info\/index.php\/2025\/03\/25\/imigrante-sedia-seminario-regional-de-turismo-nesta-quarta-e-quinta-feira\/","url":"https:\/\/folhapopular.info\/index.php\/2025\/03\/25\/imigrante-sedia-seminario-regional-de-turismo-nesta-quarta-e-quinta-feira\/","name":"Imigrante sedia Semin\u00e1rio Regional de Turismo nesta quarta e quinta-feira - Folha Popular","isPartOf":{"@id":"https:\/\/folhapopular.info\/#website"},"primaryImageOfPage":{"@id":"https:\/\/folhapopular.info\/index.php\/2025\/03\/25\/imigrante-sedia-seminario-regional-de-turismo-nesta-quarta-e-quinta-feira\/#primaryimage"},"image":{"@id":"https:\/\/folhapopular.info\/index.php\/2025\/03\/25\/imigrante-sedia-seminario-regional-de-turismo-nesta-quarta-e-quinta-feira\/#primaryimage"},"thumbnailUrl":"https:\/\/folhapopular.info\/wp-content\/uploads\/2025\/03\/DSC_0004-scaled.jpg","datePublished":"2025-03-25T19:51:33+00:00","dateModified":"2025-03-25T19:51:36+00:00","author":{"@id":"https:\/\/folhapopular.info\/#\/schema\/person\/2814e8a0df7643585a9ca38bc6eb9d4b"},"breadcrumb":{"@id":"https:\/\/folhapopular.info\/index.php\/2025\/03\/25\/imigrante-sedia-seminario-regional-de-turismo-nesta-quarta-e-quinta-feira\/#breadcrumb"},"inLanguage":"pt-BR","potentialAction":[{"@type":"ReadAction","target":["https:\/\/folhapopular.info\/index.php\/2025\/03\/25\/imigrante-sedia-seminario-regional-de-turismo-nesta-quarta-e-quinta-feira\/"]}]},{"@type":"ImageObject","inLanguage":"pt-BR","@id":"https:\/\/folhapopular.info\/index.php\/2025\/03\/25\/imigrante-sedia-seminario-regional-de-turismo-nesta-quarta-e-quinta-feira\/#primaryimage","url":"https:\/\/folhapopular.info\/wp-content\/uploads\/2025\/03\/DSC_0004-scaled.jpg","contentUrl":"https:\/\/folhapopular.info\/wp-content\/uploads\/2025\/03\/DSC_0004-scaled.jpg","width":2560,"height":1707,"caption":"Cr\u00e9dito: Carla Beckmann \/ Prefeitura de Imigrante"},{"@type":"BreadcrumbList","@id":"https:\/\/folhapopular.info\/index.php\/2025\/03\/25\/imigrante-sedia-seminario-regional-de-turismo-nesta-quarta-e-quinta-feira\/#breadcrumb","itemListElement":[{"@type":"ListItem","position":1,"name":"In\u00edcio","item":"https:\/\/folhapopular.info\/"},{"@type":"ListItem","position":2,"name":"Imigrante sedia Semin\u00e1rio Regional de Turismo nesta quarta e quinta-feira"}]},{"@type":"WebSite","@id":"https:\/\/folhapopular.info\/#website","url":"https:\/\/folhapopular.info\/","name":"Folha Popular","description":"Onde voc\u00ea tem vez e voz","potentialAction":[{"@type":"SearchAction","target":{"@type":"EntryPoint","urlTemplate":"https:\/\/folhapopular.info\/?s={search_term_string}"},"query-input":{"@type":"PropertyValueSpecification","valueRequired":true,"valueName":"search_term_string"}}],"inLanguage":"pt-BR"},{"@type":"Person","@id":"https:\/\/folhapopular.info\/#\/schema\/person\/2814e8a0df7643585a9ca38bc6eb9d4b","name":"Reda\u00e7\u00e3o Folha Popular","image":{"@type":"ImageObject","inLanguage":"pt-BR","@id":"https:\/\/folhapopular.info\/wp-content\/uploads\/2026\/04\/Folha-1.webp","url":"https:\/\/folhapopular.info\/wp-content\/uploads\/2026\/04\/Folha-1.webp","contentUrl":"https:\/\/folhapopular.info\/wp-content\/uploads\/2026\/04\/Folha-1.webp","caption":"Reda\u00e7\u00e3o Folha Popular"},"url":"https:\/\/folhapopular.info\/index.php\/author\/redacao\/"}]}},"jetpack_featured_media_url":"https:\/\/folhapopular.info\/wp-content\/uploads\/2025\/03\/DSC_0004-scaled.jpg","jetpack_sharing_enabled":true,"amp_enabled":true,"_links":{"self":[{"href":"https:\/\/folhapopular.info\/index.php\/wp-json\/wp\/v2\/posts\/183161","targetHints":{"allow":["GET"]}}],"collection":[{"href":"https:\/\/folhapopular.info\/index.php\/wp-json\/wp\/v2\/posts"}],"about":[{"href":"https:\/\/folhapopular.info\/index.php\/wp-json\/wp\/v2\/types\/post"}],"author":[{"embeddable":true,"href":"https:\/\/folhapopular.info\/index.php\/wp-json\/wp\/v2\/users\/8"}],"replies":[{"embeddable":true,"href":"https:\/\/folhapopular.info\/index.php\/wp-json\/wp\/v2\/comments?post=183161"}],"version-history":[{"count":0,"href":"https:\/\/folhapopular.info\/index.php\/wp-json\/wp\/v2\/posts\/183161\/revisions"}],"wp:featuredmedia":[{"embeddable":true,"href":"https:\/\/folhapopular.info\/index.php\/wp-json\/wp\/v2\/media\/183162"}],"wp:attachment":[{"href":"https:\/\/folhapopular.info\/index.php\/wp-json\/wp\/v2\/media?parent=183161"}],"wp:term":[{"taxonomy":"category","embeddable":true,"href":"https:\/\/folhapopular.info\/index.php\/wp-json\/wp\/v2\/categories?post=183161"},{"taxonomy":"post_tag","embeddable":true,"href":"https:\/\/folhapopular.info\/index.php\/wp-json\/wp\/v2\/tags?post=183161"}],"curies":[{"name":"wp","href":"https:\/\/api.w.org\/{rel}","templated":true}]}}