{"id":183165,"date":"2025-03-25T17:46:57","date_gmt":"2025-03-25T20:46:57","guid":{"rendered":"https:\/\/folhapopular.info\/?p=183165"},"modified":"2025-03-25T17:47:03","modified_gmt":"2025-03-25T20:47:03","slug":"programa-nacional-de-credito-fundiario-pauta-reuniao-no-str","status":"publish","type":"post","link":"https:\/\/folhapopular.info\/index.php\/2025\/03\/25\/programa-nacional-de-credito-fundiario-pauta-reuniao-no-str\/","title":{"rendered":"Programa Nacional de Cr\u00e9dito Fundi\u00e1rio pauta reuni\u00e3o no STR"},"content":{"rendered":"\n<p>O Sindicato dos Trabalhadores Rurais de Teut\u00f4nia, Westf\u00e1lia e Po\u00e7o das Antas sediou, na tarde desta ter\u00e7a-feira (25\/3), um encontro para deliberar sobre o Programa Nacional de Cr\u00e9dito Fundi\u00e1rio (PNFC). O programa possibilita o acesso \u00e0 terra por meio de\u00a0financiamento\u00a0com condi\u00e7\u00f5es subsidiadas \u00e0 agricultores familiares que se enquadrem em crit\u00e9rios de renda, patrim\u00f4nio e outros previamente\u00a0definidos\u00a0nos normativos.\u00a0A iniciativa\u00a0tamb\u00e9m possibilita o\u00a0financiamento\u00a0da assist\u00eancia t\u00e9cnica e dos investimentos b\u00e1sicos para estrutura\u00e7\u00e3o da propriedade.<\/p>\n\n\n\n<p>Ap\u00f3s acolhida com a presidente do STR, Liane Brackmann, que considerou a iniciativa de suma import\u00e2ncia para os agricultores da regi\u00e3o, o superintendente do Minist\u00e9rio do Desenvolvimento Agr\u00e1rio\/RS, Milton Bernardes, lembrou que o PNFC \u00e9 uma pol\u00edtica p\u00fablica do Governo Federal. &#8220;\u00c9 importante fazer esse debate sobre o cr\u00e9dito fundi\u00e1rio e ver que forma a gente pode construir, de maneira que os agricultores e agricultoras do Munic\u00edpio e regi\u00e3o possam ter acesso a essa pol\u00edtica p\u00fablica&#8221;, frisou.<\/p>\n\n\n\n<p>Ap\u00f3s, houve explana\u00e7\u00e3o sobre o programa e os agricultores e agricultoras puderam esclarecer d\u00favidas sobre a tem\u00e1tica. O limite de financiamento por fam\u00edlia \u00e9 de R$ 293.527,64 e o STR e a Emater\/RS-Ascar seguem \u00e0 disposi\u00e7\u00e3o para mais informa\u00e7\u00f5es.<\/p>\n\n\n\n<p><\/p>\n\n\n\n<p><strong>Sucess\u00e3o rural<\/strong><\/p>\n\n\n\n<p>Um dos maiores problemas hoje, na agricultura de base familiar, \u00e9 a sucess\u00e3o rural. E o PNFC busca fomentar a perman\u00eancia do jovem no campo. &#8220;N\u00f3s, enquanto Minist\u00e9rio do Desenvolvimento Agr\u00e1rio, tem como primeiro propor pol\u00edticas p\u00fablicas para manter o jovem no campo, e tamb\u00e9m a partir da\u00ed n\u00e3o somente acessar o im\u00f3vel, que \u00e9 super importante, mas tamb\u00e9m um conjunto de a\u00e7\u00f5es, um conjunto de fatores que possam possibilitar que o jovem possa estar no campo&#8221;, enaltece Bernardes, refor\u00e7ando que, atualmente, o maior problema na agricultura \u00e9 justamente manter o jovem no campo.<\/p>\n\n\n\n<figure class=\"wp-block-gallery has-nested-images columns-default is-cropped wp-block-gallery-1 is-layout-flex wp-block-gallery-is-layout-flex\">\n<figure class=\"wp-block-image size-large\"><img loading=\"lazy\" decoding=\"async\" width=\"768\" height=\"1024\" data-id=\"183168\" src=\"https:\/\/folhapopular.info\/wp-content\/uploads\/2025\/03\/WhatsApp-Image-2025-03-25-at-17.04.07-768x1024.jpeg\" alt=\"\" class=\"wp-image-183168\" srcset=\"https:\/\/folhapopular.info\/wp-content\/uploads\/2025\/03\/WhatsApp-Image-2025-03-25-at-17.04.07-768x1024.jpeg 768w, https:\/\/folhapopular.info\/wp-content\/uploads\/2025\/03\/WhatsApp-Image-2025-03-25-at-17.04.07-225x300.jpeg 225w, https:\/\/folhapopular.info\/wp-content\/uploads\/2025\/03\/WhatsApp-Image-2025-03-25-at-17.04.07-1152x1536.jpeg 1152w, https:\/\/folhapopular.info\/wp-content\/uploads\/2025\/03\/WhatsApp-Image-2025-03-25-at-17.04.07-315x420.jpeg 315w, https:\/\/folhapopular.info\/wp-content\/uploads\/2025\/03\/WhatsApp-Image-2025-03-25-at-17.04.07-696x928.jpeg 696w, https:\/\/folhapopular.info\/wp-content\/uploads\/2025\/03\/WhatsApp-Image-2025-03-25-at-17.04.07-1068x1424.jpeg 1068w, https:\/\/folhapopular.info\/wp-content\/uploads\/2025\/03\/WhatsApp-Image-2025-03-25-at-17.04.07.jpeg 1200w\" sizes=\"auto, (max-width: 768px) 100vw, 768px\" \/><figcaption class=\"wp-element-caption\">Cr\u00e9dito: Paloma Driemeyer Valandro<\/figcaption><\/figure>\n\n\n\n<figure class=\"wp-block-image size-large\"><img loading=\"lazy\" decoding=\"async\" width=\"1024\" height=\"768\" data-id=\"183167\" src=\"https:\/\/folhapopular.info\/wp-content\/uploads\/2025\/03\/WhatsApp-Image-2025-03-25-at-17.04.11-1024x768.jpeg\" alt=\"\" class=\"wp-image-183167\" srcset=\"https:\/\/folhapopular.info\/wp-content\/uploads\/2025\/03\/WhatsApp-Image-2025-03-25-at-17.04.11-1024x768.jpeg 1024w, https:\/\/folhapopular.info\/wp-content\/uploads\/2025\/03\/WhatsApp-Image-2025-03-25-at-17.04.11-300x225.jpeg 300w, https:\/\/folhapopular.info\/wp-content\/uploads\/2025\/03\/WhatsApp-Image-2025-03-25-at-17.04.11-768x576.jpeg 768w, https:\/\/folhapopular.info\/wp-content\/uploads\/2025\/03\/WhatsApp-Image-2025-03-25-at-17.04.11-1536x1152.jpeg 1536w, https:\/\/folhapopular.info\/wp-content\/uploads\/2025\/03\/WhatsApp-Image-2025-03-25-at-17.04.11-560x420.jpeg 560w, https:\/\/folhapopular.info\/wp-content\/uploads\/2025\/03\/WhatsApp-Image-2025-03-25-at-17.04.11-80x60.jpeg 80w, https:\/\/folhapopular.info\/wp-content\/uploads\/2025\/03\/WhatsApp-Image-2025-03-25-at-17.04.11-696x522.jpeg 696w, https:\/\/folhapopular.info\/wp-content\/uploads\/2025\/03\/WhatsApp-Image-2025-03-25-at-17.04.11-1068x801.jpeg 1068w, https:\/\/folhapopular.info\/wp-content\/uploads\/2025\/03\/WhatsApp-Image-2025-03-25-at-17.04.11.jpeg 1600w\" sizes=\"auto, (max-width: 1024px) 100vw, 1024px\" \/><figcaption class=\"wp-element-caption\">Cr\u00e9dito: Paloma Driemeyer Valandro<\/figcaption><\/figure>\n<\/figure>\n\n\n\n<p><\/p>\n","protected":false},"excerpt":{"rendered":"<p>O Sindicato dos Trabalhadores Rurais de Teut\u00f4nia, Westf\u00e1lia e Po\u00e7o das Antas sediou, na tarde desta ter\u00e7a-feira (25\/3), um encontro para deliberar sobre o Programa Nacional de Cr\u00e9dito Fundi\u00e1rio (PNFC). O programa possibilita o acesso \u00e0 terra por meio de\u00a0financiamento\u00a0com condi\u00e7\u00f5es subsidiadas \u00e0 agricultores familiares que se enquadrem em crit\u00e9rios de renda, patrim\u00f4nio e outros [&hellip;]<\/p>\n","protected":false},"author":757,"featured_media":183166,"comment_status":"open","ping_status":"open","sticky":false,"template":"","format":"standard","meta":{"pmpro_default_level":"","_jetpack_memberships_contains_paid_content":false,"footnotes":""},"categories":[2,10991,10994],"tags":[18276,3693,370,26],"class_list":{"0":"post-183165","1":"post","2":"type-post","3":"status-publish","4":"format-standard","5":"has-post-thumbnail","7":"category-featured","8":"category-economia","9":"category-rural","10":"tag-programa-nacional-de-credito-fundiario","11":"tag-reuniao","12":"tag-str","13":"tag-teutonia","14":"pmpro-has-access"},"yoast_head":"<!-- This site is optimized with the Yoast SEO plugin v27.5 - https:\/\/yoast.com\/product\/yoast-seo-wordpress\/ -->\n<title>Programa Nacional de Cr\u00e9dito Fundi\u00e1rio pauta reuni\u00e3o no STR - Folha Popular<\/title>\n<meta name=\"robots\" content=\"index, follow, max-snippet:-1, max-image-preview:large, max-video-preview:-1\" \/>\n<link rel=\"canonical\" href=\"https:\/\/folhapopular.info\/index.php\/2025\/03\/25\/programa-nacional-de-credito-fundiario-pauta-reuniao-no-str\/\" \/>\n<meta property=\"og:locale\" content=\"pt_BR\" \/>\n<meta property=\"og:type\" content=\"article\" \/>\n<meta property=\"og:title\" content=\"Programa Nacional de Cr\u00e9dito Fundi\u00e1rio pauta reuni\u00e3o no STR - Folha Popular\" \/>\n<meta property=\"og:description\" content=\"O Sindicato dos Trabalhadores Rurais de Teut\u00f4nia, Westf\u00e1lia e Po\u00e7o das Antas sediou, na tarde desta ter\u00e7a-feira (25\/3), um encontro para deliberar sobre o Programa Nacional de Cr\u00e9dito Fundi\u00e1rio (PNFC). O programa possibilita o acesso \u00e0 terra por meio de\u00a0financiamento\u00a0com condi\u00e7\u00f5es subsidiadas \u00e0 agricultores familiares que se enquadrem em crit\u00e9rios de renda, patrim\u00f4nio e outros [&hellip;]\" \/>\n<meta property=\"og:url\" content=\"https:\/\/folhapopular.info\/index.php\/2025\/03\/25\/programa-nacional-de-credito-fundiario-pauta-reuniao-no-str\/\" \/>\n<meta property=\"og:site_name\" content=\"Folha Popular\" \/>\n<meta property=\"article:published_time\" content=\"2025-03-25T20:46:57+00:00\" \/>\n<meta property=\"article:modified_time\" content=\"2025-03-25T20:47:03+00:00\" \/>\n<meta property=\"og:image\" content=\"http:\/\/folhapopular.info\/wp-content\/uploads\/2025\/03\/WhatsApp-Image-2025-03-25-at-17.04.08.jpeg\" \/>\n\t<meta property=\"og:image:width\" content=\"1600\" \/>\n\t<meta property=\"og:image:height\" content=\"1200\" \/>\n\t<meta property=\"og:image:type\" content=\"image\/jpeg\" \/>\n<meta name=\"author\" content=\"Paloma Valandro\" \/>\n<meta name=\"twitter:card\" content=\"summary_large_image\" \/>\n<meta name=\"twitter:label1\" content=\"Escrito por\" \/>\n\t<meta name=\"twitter:data1\" content=\"Paloma Valandro\" \/>\n\t<meta name=\"twitter:label2\" content=\"Est. tempo de leitura\" \/>\n\t<meta name=\"twitter:data2\" content=\"3 minutos\" \/>\n<script type=\"application\/ld+json\" class=\"yoast-schema-graph\">{\"@context\":\"https:\\\/\\\/schema.org\",\"@graph\":[{\"@type\":\"Article\",\"@id\":\"https:\\\/\\\/folhapopular.info\\\/index.php\\\/2025\\\/03\\\/25\\\/programa-nacional-de-credito-fundiario-pauta-reuniao-no-str\\\/#article\",\"isPartOf\":{\"@id\":\"https:\\\/\\\/folhapopular.info\\\/index.php\\\/2025\\\/03\\\/25\\\/programa-nacional-de-credito-fundiario-pauta-reuniao-no-str\\\/\"},\"author\":{\"name\":\"Paloma Valandro\",\"@id\":\"https:\\\/\\\/folhapopular.info\\\/#\\\/schema\\\/person\\\/1fb1a50ca75661f91da0d3839657a34d\"},\"headline\":\"Programa Nacional de Cr\u00e9dito Fundi\u00e1rio pauta reuni\u00e3o no STR\",\"datePublished\":\"2025-03-25T20:46:57+00:00\",\"dateModified\":\"2025-03-25T20:47:03+00:00\",\"mainEntityOfPage\":{\"@id\":\"https:\\\/\\\/folhapopular.info\\\/index.php\\\/2025\\\/03\\\/25\\\/programa-nacional-de-credito-fundiario-pauta-reuniao-no-str\\\/\"},\"wordCount\":351,\"commentCount\":0,\"image\":{\"@id\":\"https:\\\/\\\/folhapopular.info\\\/index.php\\\/2025\\\/03\\\/25\\\/programa-nacional-de-credito-fundiario-pauta-reuniao-no-str\\\/#primaryimage\"},\"thumbnailUrl\":\"https:\\\/\\\/folhapopular.info\\\/wp-content\\\/uploads\\\/2025\\\/03\\\/WhatsApp-Image-2025-03-25-at-17.04.08.jpeg\",\"keywords\":[\"Programa Nacional de Cr\u00e9dito Fundi\u00e1rio\",\"reuni\u00e3o\",\"STR\",\"Teut\u00f4nia\"],\"articleSection\":[\"Destaques\",\"Economia\",\"Rural\"],\"inLanguage\":\"pt-BR\",\"potentialAction\":[{\"@type\":\"CommentAction\",\"name\":\"Comment\",\"target\":[\"https:\\\/\\\/folhapopular.info\\\/index.php\\\/2025\\\/03\\\/25\\\/programa-nacional-de-credito-fundiario-pauta-reuniao-no-str\\\/#respond\"]}]},{\"@type\":\"WebPage\",\"@id\":\"https:\\\/\\\/folhapopular.info\\\/index.php\\\/2025\\\/03\\\/25\\\/programa-nacional-de-credito-fundiario-pauta-reuniao-no-str\\\/\",\"url\":\"https:\\\/\\\/folhapopular.info\\\/index.php\\\/2025\\\/03\\\/25\\\/programa-nacional-de-credito-fundiario-pauta-reuniao-no-str\\\/\",\"name\":\"Programa Nacional de Cr\u00e9dito Fundi\u00e1rio pauta reuni\u00e3o no STR - Folha Popular\",\"isPartOf\":{\"@id\":\"https:\\\/\\\/folhapopular.info\\\/#website\"},\"primaryImageOfPage\":{\"@id\":\"https:\\\/\\\/folhapopular.info\\\/index.php\\\/2025\\\/03\\\/25\\\/programa-nacional-de-credito-fundiario-pauta-reuniao-no-str\\\/#primaryimage\"},\"image\":{\"@id\":\"https:\\\/\\\/folhapopular.info\\\/index.php\\\/2025\\\/03\\\/25\\\/programa-nacional-de-credito-fundiario-pauta-reuniao-no-str\\\/#primaryimage\"},\"thumbnailUrl\":\"https:\\\/\\\/folhapopular.info\\\/wp-content\\\/uploads\\\/2025\\\/03\\\/WhatsApp-Image-2025-03-25-at-17.04.08.jpeg\",\"datePublished\":\"2025-03-25T20:46:57+00:00\",\"dateModified\":\"2025-03-25T20:47:03+00:00\",\"author\":{\"@id\":\"https:\\\/\\\/folhapopular.info\\\/#\\\/schema\\\/person\\\/1fb1a50ca75661f91da0d3839657a34d\"},\"breadcrumb\":{\"@id\":\"https:\\\/\\\/folhapopular.info\\\/index.php\\\/2025\\\/03\\\/25\\\/programa-nacional-de-credito-fundiario-pauta-reuniao-no-str\\\/#breadcrumb\"},\"inLanguage\":\"pt-BR\",\"potentialAction\":[{\"@type\":\"ReadAction\",\"target\":[\"https:\\\/\\\/folhapopular.info\\\/index.php\\\/2025\\\/03\\\/25\\\/programa-nacional-de-credito-fundiario-pauta-reuniao-no-str\\\/\"]}]},{\"@type\":\"ImageObject\",\"inLanguage\":\"pt-BR\",\"@id\":\"https:\\\/\\\/folhapopular.info\\\/index.php\\\/2025\\\/03\\\/25\\\/programa-nacional-de-credito-fundiario-pauta-reuniao-no-str\\\/#primaryimage\",\"url\":\"https:\\\/\\\/folhapopular.info\\\/wp-content\\\/uploads\\\/2025\\\/03\\\/WhatsApp-Image-2025-03-25-at-17.04.08.jpeg\",\"contentUrl\":\"https:\\\/\\\/folhapopular.info\\\/wp-content\\\/uploads\\\/2025\\\/03\\\/WhatsApp-Image-2025-03-25-at-17.04.08.jpeg\",\"width\":1600,\"height\":1200,\"caption\":\"Agricultores puderam esclarecer d\u00favidas durante o encontro. Cr\u00e9dito: Paloma Driemeyer Valandro\"},{\"@type\":\"BreadcrumbList\",\"@id\":\"https:\\\/\\\/folhapopular.info\\\/index.php\\\/2025\\\/03\\\/25\\\/programa-nacional-de-credito-fundiario-pauta-reuniao-no-str\\\/#breadcrumb\",\"itemListElement\":[{\"@type\":\"ListItem\",\"position\":1,\"name\":\"In\u00edcio\",\"item\":\"https:\\\/\\\/folhapopular.info\\\/\"},{\"@type\":\"ListItem\",\"position\":2,\"name\":\"Programa Nacional de Cr\u00e9dito Fundi\u00e1rio pauta reuni\u00e3o no STR\"}]},{\"@type\":\"WebSite\",\"@id\":\"https:\\\/\\\/folhapopular.info\\\/#website\",\"url\":\"https:\\\/\\\/folhapopular.info\\\/\",\"name\":\"Folha Popular\",\"description\":\"Onde voc\u00ea tem vez e voz\",\"potentialAction\":[{\"@type\":\"SearchAction\",\"target\":{\"@type\":\"EntryPoint\",\"urlTemplate\":\"https:\\\/\\\/folhapopular.info\\\/?s={search_term_string}\"},\"query-input\":{\"@type\":\"PropertyValueSpecification\",\"valueRequired\":true,\"valueName\":\"search_term_string\"}}],\"inLanguage\":\"pt-BR\"},{\"@type\":\"Person\",\"@id\":\"https:\\\/\\\/folhapopular.info\\\/#\\\/schema\\\/person\\\/1fb1a50ca75661f91da0d3839657a34d\",\"name\":\"Paloma Valandro\",\"image\":{\"@type\":\"ImageObject\",\"inLanguage\":\"pt-BR\",\"@id\":\"https:\\\/\\\/secure.gravatar.com\\\/avatar\\\/ef90a8f37349cc3654b42d805942c6378eb385817dccc9c637c94e7794973921?s=96&d=mm&r=g\",\"url\":\"https:\\\/\\\/secure.gravatar.com\\\/avatar\\\/ef90a8f37349cc3654b42d805942c6378eb385817dccc9c637c94e7794973921?s=96&d=mm&r=g\",\"contentUrl\":\"https:\\\/\\\/secure.gravatar.com\\\/avatar\\\/ef90a8f37349cc3654b42d805942c6378eb385817dccc9c637c94e7794973921?s=96&d=mm&r=g\",\"caption\":\"Paloma Valandro\"},\"url\":\"https:\\\/\\\/folhapopular.info\\\/index.php\\\/author\\\/paloma-valandro\\\/\"}]}<\/script>\n<!-- \/ Yoast SEO plugin. -->","yoast_head_json":{"title":"Programa Nacional de Cr\u00e9dito Fundi\u00e1rio pauta reuni\u00e3o no STR - Folha Popular","robots":{"index":"index","follow":"follow","max-snippet":"max-snippet:-1","max-image-preview":"max-image-preview:large","max-video-preview":"max-video-preview:-1"},"canonical":"https:\/\/folhapopular.info\/index.php\/2025\/03\/25\/programa-nacional-de-credito-fundiario-pauta-reuniao-no-str\/","og_locale":"pt_BR","og_type":"article","og_title":"Programa Nacional de Cr\u00e9dito Fundi\u00e1rio pauta reuni\u00e3o no STR - Folha Popular","og_description":"O Sindicato dos Trabalhadores Rurais de Teut\u00f4nia, Westf\u00e1lia e Po\u00e7o das Antas sediou, na tarde desta ter\u00e7a-feira (25\/3), um encontro para deliberar sobre o Programa Nacional de Cr\u00e9dito Fundi\u00e1rio (PNFC). O programa possibilita o acesso \u00e0 terra por meio de\u00a0financiamento\u00a0com condi\u00e7\u00f5es subsidiadas \u00e0 agricultores familiares que se enquadrem em crit\u00e9rios de renda, patrim\u00f4nio e outros [&hellip;]","og_url":"https:\/\/folhapopular.info\/index.php\/2025\/03\/25\/programa-nacional-de-credito-fundiario-pauta-reuniao-no-str\/","og_site_name":"Folha Popular","article_published_time":"2025-03-25T20:46:57+00:00","article_modified_time":"2025-03-25T20:47:03+00:00","og_image":[{"width":1600,"height":1200,"url":"http:\/\/folhapopular.info\/wp-content\/uploads\/2025\/03\/WhatsApp-Image-2025-03-25-at-17.04.08.jpeg","type":"image\/jpeg"}],"author":"Paloma Valandro","twitter_card":"summary_large_image","twitter_misc":{"Escrito por":"Paloma Valandro","Est. tempo de leitura":"3 minutos"},"schema":{"@context":"https:\/\/schema.org","@graph":[{"@type":"Article","@id":"https:\/\/folhapopular.info\/index.php\/2025\/03\/25\/programa-nacional-de-credito-fundiario-pauta-reuniao-no-str\/#article","isPartOf":{"@id":"https:\/\/folhapopular.info\/index.php\/2025\/03\/25\/programa-nacional-de-credito-fundiario-pauta-reuniao-no-str\/"},"author":{"name":"Paloma Valandro","@id":"https:\/\/folhapopular.info\/#\/schema\/person\/1fb1a50ca75661f91da0d3839657a34d"},"headline":"Programa Nacional de Cr\u00e9dito Fundi\u00e1rio pauta reuni\u00e3o no STR","datePublished":"2025-03-25T20:46:57+00:00","dateModified":"2025-03-25T20:47:03+00:00","mainEntityOfPage":{"@id":"https:\/\/folhapopular.info\/index.php\/2025\/03\/25\/programa-nacional-de-credito-fundiario-pauta-reuniao-no-str\/"},"wordCount":351,"commentCount":0,"image":{"@id":"https:\/\/folhapopular.info\/index.php\/2025\/03\/25\/programa-nacional-de-credito-fundiario-pauta-reuniao-no-str\/#primaryimage"},"thumbnailUrl":"https:\/\/folhapopular.info\/wp-content\/uploads\/2025\/03\/WhatsApp-Image-2025-03-25-at-17.04.08.jpeg","keywords":["Programa Nacional de Cr\u00e9dito Fundi\u00e1rio","reuni\u00e3o","STR","Teut\u00f4nia"],"articleSection":["Destaques","Economia","Rural"],"inLanguage":"pt-BR","potentialAction":[{"@type":"CommentAction","name":"Comment","target":["https:\/\/folhapopular.info\/index.php\/2025\/03\/25\/programa-nacional-de-credito-fundiario-pauta-reuniao-no-str\/#respond"]}]},{"@type":"WebPage","@id":"https:\/\/folhapopular.info\/index.php\/2025\/03\/25\/programa-nacional-de-credito-fundiario-pauta-reuniao-no-str\/","url":"https:\/\/folhapopular.info\/index.php\/2025\/03\/25\/programa-nacional-de-credito-fundiario-pauta-reuniao-no-str\/","name":"Programa Nacional de Cr\u00e9dito Fundi\u00e1rio pauta reuni\u00e3o no STR - Folha Popular","isPartOf":{"@id":"https:\/\/folhapopular.info\/#website"},"primaryImageOfPage":{"@id":"https:\/\/folhapopular.info\/index.php\/2025\/03\/25\/programa-nacional-de-credito-fundiario-pauta-reuniao-no-str\/#primaryimage"},"image":{"@id":"https:\/\/folhapopular.info\/index.php\/2025\/03\/25\/programa-nacional-de-credito-fundiario-pauta-reuniao-no-str\/#primaryimage"},"thumbnailUrl":"https:\/\/folhapopular.info\/wp-content\/uploads\/2025\/03\/WhatsApp-Image-2025-03-25-at-17.04.08.jpeg","datePublished":"2025-03-25T20:46:57+00:00","dateModified":"2025-03-25T20:47:03+00:00","author":{"@id":"https:\/\/folhapopular.info\/#\/schema\/person\/1fb1a50ca75661f91da0d3839657a34d"},"breadcrumb":{"@id":"https:\/\/folhapopular.info\/index.php\/2025\/03\/25\/programa-nacional-de-credito-fundiario-pauta-reuniao-no-str\/#breadcrumb"},"inLanguage":"pt-BR","potentialAction":[{"@type":"ReadAction","target":["https:\/\/folhapopular.info\/index.php\/2025\/03\/25\/programa-nacional-de-credito-fundiario-pauta-reuniao-no-str\/"]}]},{"@type":"ImageObject","inLanguage":"pt-BR","@id":"https:\/\/folhapopular.info\/index.php\/2025\/03\/25\/programa-nacional-de-credito-fundiario-pauta-reuniao-no-str\/#primaryimage","url":"https:\/\/folhapopular.info\/wp-content\/uploads\/2025\/03\/WhatsApp-Image-2025-03-25-at-17.04.08.jpeg","contentUrl":"https:\/\/folhapopular.info\/wp-content\/uploads\/2025\/03\/WhatsApp-Image-2025-03-25-at-17.04.08.jpeg","width":1600,"height":1200,"caption":"Agricultores puderam esclarecer d\u00favidas durante o encontro. Cr\u00e9dito: Paloma Driemeyer Valandro"},{"@type":"BreadcrumbList","@id":"https:\/\/folhapopular.info\/index.php\/2025\/03\/25\/programa-nacional-de-credito-fundiario-pauta-reuniao-no-str\/#breadcrumb","itemListElement":[{"@type":"ListItem","position":1,"name":"In\u00edcio","item":"https:\/\/folhapopular.info\/"},{"@type":"ListItem","position":2,"name":"Programa Nacional de Cr\u00e9dito Fundi\u00e1rio pauta reuni\u00e3o no STR"}]},{"@type":"WebSite","@id":"https:\/\/folhapopular.info\/#website","url":"https:\/\/folhapopular.info\/","name":"Folha Popular","description":"Onde voc\u00ea tem vez e voz","potentialAction":[{"@type":"SearchAction","target":{"@type":"EntryPoint","urlTemplate":"https:\/\/folhapopular.info\/?s={search_term_string}"},"query-input":{"@type":"PropertyValueSpecification","valueRequired":true,"valueName":"search_term_string"}}],"inLanguage":"pt-BR"},{"@type":"Person","@id":"https:\/\/folhapopular.info\/#\/schema\/person\/1fb1a50ca75661f91da0d3839657a34d","name":"Paloma Valandro","image":{"@type":"ImageObject","inLanguage":"pt-BR","@id":"https:\/\/secure.gravatar.com\/avatar\/ef90a8f37349cc3654b42d805942c6378eb385817dccc9c637c94e7794973921?s=96&d=mm&r=g","url":"https:\/\/secure.gravatar.com\/avatar\/ef90a8f37349cc3654b42d805942c6378eb385817dccc9c637c94e7794973921?s=96&d=mm&r=g","contentUrl":"https:\/\/secure.gravatar.com\/avatar\/ef90a8f37349cc3654b42d805942c6378eb385817dccc9c637c94e7794973921?s=96&d=mm&r=g","caption":"Paloma Valandro"},"url":"https:\/\/folhapopular.info\/index.php\/author\/paloma-valandro\/"}]}},"jetpack_featured_media_url":"https:\/\/folhapopular.info\/wp-content\/uploads\/2025\/03\/WhatsApp-Image-2025-03-25-at-17.04.08.jpeg","jetpack_sharing_enabled":true,"amp_enabled":true,"_links":{"self":[{"href":"https:\/\/folhapopular.info\/index.php\/wp-json\/wp\/v2\/posts\/183165","targetHints":{"allow":["GET"]}}],"collection":[{"href":"https:\/\/folhapopular.info\/index.php\/wp-json\/wp\/v2\/posts"}],"about":[{"href":"https:\/\/folhapopular.info\/index.php\/wp-json\/wp\/v2\/types\/post"}],"author":[{"embeddable":true,"href":"https:\/\/folhapopular.info\/index.php\/wp-json\/wp\/v2\/users\/757"}],"replies":[{"embeddable":true,"href":"https:\/\/folhapopular.info\/index.php\/wp-json\/wp\/v2\/comments?post=183165"}],"version-history":[{"count":0,"href":"https:\/\/folhapopular.info\/index.php\/wp-json\/wp\/v2\/posts\/183165\/revisions"}],"wp:featuredmedia":[{"embeddable":true,"href":"https:\/\/folhapopular.info\/index.php\/wp-json\/wp\/v2\/media\/183166"}],"wp:attachment":[{"href":"https:\/\/folhapopular.info\/index.php\/wp-json\/wp\/v2\/media?parent=183165"}],"wp:term":[{"taxonomy":"category","embeddable":true,"href":"https:\/\/folhapopular.info\/index.php\/wp-json\/wp\/v2\/categories?post=183165"},{"taxonomy":"post_tag","embeddable":true,"href":"https:\/\/folhapopular.info\/index.php\/wp-json\/wp\/v2\/tags?post=183165"}],"curies":[{"name":"wp","href":"https:\/\/api.w.org\/{rel}","templated":true}]}}