{"id":183188,"date":"2025-03-26T09:17:50","date_gmt":"2025-03-26T12:17:50","guid":{"rendered":"https:\/\/folhapopular.info\/?p=183188"},"modified":"2025-03-26T09:17:56","modified_gmt":"2025-03-26T12:17:56","slug":"lista-de-espera-por-vagas-na-educacao-infantil-deve-reduzir-ainda-mais-aponta-secretario-de-teutonia","status":"publish","type":"post","link":"https:\/\/folhapopular.info\/index.php\/2025\/03\/26\/lista-de-espera-por-vagas-na-educacao-infantil-deve-reduzir-ainda-mais-aponta-secretario-de-teutonia\/","title":{"rendered":"Lista de espera por vagas na Educa\u00e7\u00e3o Infantil deve reduzir ainda mais, aponta secret\u00e1rio de Teut\u00f4nia"},"content":{"rendered":"\n<p>O secret\u00e1rio de Educa\u00e7\u00e3o, Evandro Biondo, explica que, no in\u00edcio do ano, a informa\u00e7\u00e3o \u00e9 de que seriam 552 crian\u00e7as na lista de espera da educa\u00e7\u00e3o infantil. No entanto, foi poss\u00edvel reduzir significativamente esse n\u00famero a partir da an\u00e1lise das crian\u00e7as que passaram para a idade de escola obrigat\u00f3ria (4 e 5 anos), de fam\u00edlias que se mudaram e n\u00e3o tiraram o nome dos filhos da lista, por exemplo, e do remanejamento de alunos dentro dos educand\u00e1rios.<\/p>\n\n\n\n<p>Entre as estrat\u00e9gias para ampliar o n\u00famero de vagas est\u00e1 tamb\u00e9m a finaliza\u00e7\u00e3o da obra da Emei Meu Cantinho,na Vila Popular. Na semana passada, foi assinado aditivo de R$ 87 mil que permitir\u00e1 a abertura de mais 100 vagas no educand\u00e1rio. \u201cN\u00e3o vamos zerar, mas chegaremos pr\u00f3ximo disso, cumprindo nossa promessa de trazer solu\u00e7\u00f5es a curto prazo para a popula\u00e7\u00e3o\u201d, enfatiza Biondo.<\/p>\n\n\n\n<p>A coordenadora da Educa\u00e7\u00e3o Infantil, Daniela Hauschild, ressalta que,apesar da disponibilidade de vagas em algumas escolas, muitas fam\u00edlias demonstram resist\u00eancia em aceit\u00e1-las.H\u00e1 12 vagas dispon\u00edveis em diferentes escolas:seis para crian\u00e7as de 0 a 1 anonaEmei Cora Coralina (Travess\u00e3o); uma vaga para crian\u00e7as de 3 a 4 anos na EEI Dente de Leite (Vila Esperan\u00e7a); tr\u00eas vagas para crian\u00e7as de 0 a 1 ano e duas vagas para crian\u00e7as de 2 a 3 anos na EEI Pequeno Mundo (Canabarro).<\/p>\n\n\n\n<p>Ainda, h\u00e1 a busca ativa por fam\u00edliasem todas as escolas visando identificar crian\u00e7as que necessitam de vagas e otimizar a ocupa\u00e7\u00e3o das creches existentes. \u201cJ\u00e1 ligamos para todas as fam\u00edlias do Bairro Canabarro, estamos no Centro Administrativo e as vagas n\u00e3o est\u00e3o sendo preenchidas\u201d, ressalta Daniela.<\/p>\n\n\n\n<p>A secretaria pede que as fam\u00edlias mantenham seus telefones atualizados na Central de Vagas para receberem o contato da prefeitura e que respondam \u00e0s mensagens enviadas.<\/p>\n\n\n\n<p>Hoje, Central de Vagas permite que os pais escolham tr\u00eas op\u00e7\u00f5es de educand\u00e1rios para seus filhos. A secretaria busca forma de modificar esse crit\u00e9rio, como uma inscri\u00e7\u00e3o em cadastro \u00fanico por \u00e1rea, justamente para evitar os deslocamentos de um bairro ao outro da cidade.<\/p>\n\n\n\n<p>\u201cEm n\u00fameros, o bairro com a maior demanda \u00e9 Canabarro. Como as vagas n\u00e3o s\u00e3o preenchidas, o Executivo est\u00e1 estruturando novas a\u00e7\u00f5es, em parceria com outra institui\u00e7\u00e3o\u201d, diz Daniela. O olhar ent\u00e3o passa para o Bairro Teut\u00f4nia, que contemplaria ainda o Alesgut e o Languiru.<\/p>\n\n\n\n<p>A expectativa \u00e9 encontrar solu\u00e7\u00e3o para 80 novas vagas, e n\u00e3o se descarta a constru\u00e7\u00e3o de um educand\u00e1rio no terreno onde estava localizado o antigo Hospital Teut\u00f4nia Norte, demolido na semana passada.<\/p>\n\n\n\n<h3 class=\"wp-block-heading\"><strong>Outros desafios<\/strong><\/h3>\n\n\n\n<p>Outros dois desafios da Educa\u00e7\u00e3o de Teut\u00f4nia envolvem o turno inverso e o Ensino Fundamental. H\u00e1 343 crian\u00e7as inscritas na Central de Vagas buscando por espa\u00e7o no turno inverso, al\u00e9m daquelas j\u00e1 atendidas no Cemef Leonel Brizola e nas escolas Arthur Costa e Silva (Linha Germano), Dom Pedro I (Linha Clara) e S\u00e3o Jac\u00f3 (Linha S\u00e3o Jac\u00f3).<\/p>\n\n\n\n<p>Ainda, algumas Escolas Municipais de Ensino Fundamental (Emefs) enfrentam dificuldades devido ao excesso de crian\u00e7as por turma. Biondo afirma que a constru\u00e7\u00e3o de um novo educand\u00e1rio \u00e9 levantada como solu\u00e7\u00e3o para esse problema.<\/p>\n","protected":false},"excerpt":{"rendered":"<p>O secret\u00e1rio de Educa\u00e7\u00e3o, Evandro Biondo, explica que, no in\u00edcio do ano, a informa\u00e7\u00e3o \u00e9 de que seriam 552 crian\u00e7as na lista de espera da educa\u00e7\u00e3o infantil. No entanto, foi poss\u00edvel reduzir significativamente esse n\u00famero a partir da an\u00e1lise das crian\u00e7as que passaram para a idade de escola obrigat\u00f3ria (4 e 5 anos), de fam\u00edlias [&hellip;]<\/p>\n","protected":false},"author":639,"featured_media":183194,"comment_status":"open","ping_status":"open","sticky":false,"template":"","format":"standard","meta":{"pmpro_default_level":"","_jetpack_memberships_contains_paid_content":false,"footnotes":""},"categories":[2,10988,3],"tags":[182,15619,1449,26],"class_list":{"0":"post-183188","1":"post","2":"type-post","3":"status-publish","4":"format-standard","5":"has-post-thumbnail","7":"category-featured","8":"category-educacao","9":"category-geral","10":"tag-educacao-infantil","11":"tag-evandro-biondo","12":"tag-lista-de-espera","13":"tag-teutonia","14":"pmpro-has-access"},"yoast_head":"<!-- This site is optimized with the Yoast SEO plugin v27.5 - https:\/\/yoast.com\/product\/yoast-seo-wordpress\/ -->\n<title>Lista de espera por vagas na Educa\u00e7\u00e3o Infantil deve reduzir ainda mais, aponta secret\u00e1rio de Teut\u00f4nia - Folha Popular<\/title>\n<meta name=\"robots\" content=\"index, follow, max-snippet:-1, max-image-preview:large, max-video-preview:-1\" \/>\n<link rel=\"canonical\" href=\"https:\/\/folhapopular.info\/index.php\/2025\/03\/26\/lista-de-espera-por-vagas-na-educacao-infantil-deve-reduzir-ainda-mais-aponta-secretario-de-teutonia\/\" \/>\n<meta property=\"og:locale\" content=\"pt_BR\" \/>\n<meta property=\"og:type\" content=\"article\" \/>\n<meta property=\"og:title\" content=\"Lista de espera por vagas na Educa\u00e7\u00e3o Infantil deve reduzir ainda mais, aponta secret\u00e1rio de Teut\u00f4nia - Folha Popular\" \/>\n<meta property=\"og:description\" content=\"O secret\u00e1rio de Educa\u00e7\u00e3o, Evandro Biondo, explica que, no in\u00edcio do ano, a informa\u00e7\u00e3o \u00e9 de que seriam 552 crian\u00e7as na lista de espera da educa\u00e7\u00e3o infantil. No entanto, foi poss\u00edvel reduzir significativamente esse n\u00famero a partir da an\u00e1lise das crian\u00e7as que passaram para a idade de escola obrigat\u00f3ria (4 e 5 anos), de fam\u00edlias [&hellip;]\" \/>\n<meta property=\"og:url\" content=\"https:\/\/folhapopular.info\/index.php\/2025\/03\/26\/lista-de-espera-por-vagas-na-educacao-infantil-deve-reduzir-ainda-mais-aponta-secretario-de-teutonia\/\" \/>\n<meta property=\"og:site_name\" content=\"Folha Popular\" \/>\n<meta property=\"article:published_time\" content=\"2025-03-26T12:17:50+00:00\" \/>\n<meta property=\"article:modified_time\" content=\"2025-03-26T12:17:56+00:00\" \/>\n<meta property=\"og:image\" content=\"http:\/\/folhapopular.info\/wp-content\/uploads\/2025\/03\/Lucas-Leandro-Brune-scaled.jpeg\" \/>\n\t<meta property=\"og:image:width\" content=\"2560\" \/>\n\t<meta property=\"og:image:height\" content=\"1920\" \/>\n\t<meta property=\"og:image:type\" content=\"image\/jpeg\" \/>\n<meta name=\"author\" content=\"Camille Lenz da Silva\" \/>\n<meta name=\"twitter:card\" content=\"summary_large_image\" \/>\n<meta name=\"twitter:label1\" content=\"Escrito por\" \/>\n\t<meta name=\"twitter:data1\" content=\"Camille Lenz da Silva\" \/>\n\t<meta name=\"twitter:label2\" content=\"Est. tempo de leitura\" \/>\n\t<meta name=\"twitter:data2\" content=\"3 minutos\" \/>\n<script type=\"application\/ld+json\" class=\"yoast-schema-graph\">{\"@context\":\"https:\\\/\\\/schema.org\",\"@graph\":[{\"@type\":\"Article\",\"@id\":\"https:\\\/\\\/folhapopular.info\\\/index.php\\\/2025\\\/03\\\/26\\\/lista-de-espera-por-vagas-na-educacao-infantil-deve-reduzir-ainda-mais-aponta-secretario-de-teutonia\\\/#article\",\"isPartOf\":{\"@id\":\"https:\\\/\\\/folhapopular.info\\\/index.php\\\/2025\\\/03\\\/26\\\/lista-de-espera-por-vagas-na-educacao-infantil-deve-reduzir-ainda-mais-aponta-secretario-de-teutonia\\\/\"},\"author\":{\"name\":\"Camille Lenz da Silva\",\"@id\":\"https:\\\/\\\/folhapopular.info\\\/#\\\/schema\\\/person\\\/f0b811f932ef2505faf473ffaef49df5\"},\"headline\":\"Lista de espera por vagas na Educa\u00e7\u00e3o Infantil deve reduzir ainda mais, aponta secret\u00e1rio de Teut\u00f4nia\",\"datePublished\":\"2025-03-26T12:17:50+00:00\",\"dateModified\":\"2025-03-26T12:17:56+00:00\",\"mainEntityOfPage\":{\"@id\":\"https:\\\/\\\/folhapopular.info\\\/index.php\\\/2025\\\/03\\\/26\\\/lista-de-espera-por-vagas-na-educacao-infantil-deve-reduzir-ainda-mais-aponta-secretario-de-teutonia\\\/\"},\"wordCount\":575,\"commentCount\":0,\"image\":{\"@id\":\"https:\\\/\\\/folhapopular.info\\\/index.php\\\/2025\\\/03\\\/26\\\/lista-de-espera-por-vagas-na-educacao-infantil-deve-reduzir-ainda-mais-aponta-secretario-de-teutonia\\\/#primaryimage\"},\"thumbnailUrl\":\"https:\\\/\\\/folhapopular.info\\\/wp-content\\\/uploads\\\/2025\\\/03\\\/Lucas-Leandro-Brune-scaled.jpeg\",\"keywords\":[\"Educa\u00e7\u00e3o Infantil\",\"Evandro Biondo\",\"Lista de Espera\",\"Teut\u00f4nia\"],\"articleSection\":[\"Destaques\",\"Educa\u00e7\u00e3o\",\"Geral\"],\"inLanguage\":\"pt-BR\",\"potentialAction\":[{\"@type\":\"CommentAction\",\"name\":\"Comment\",\"target\":[\"https:\\\/\\\/folhapopular.info\\\/index.php\\\/2025\\\/03\\\/26\\\/lista-de-espera-por-vagas-na-educacao-infantil-deve-reduzir-ainda-mais-aponta-secretario-de-teutonia\\\/#respond\"]}]},{\"@type\":\"WebPage\",\"@id\":\"https:\\\/\\\/folhapopular.info\\\/index.php\\\/2025\\\/03\\\/26\\\/lista-de-espera-por-vagas-na-educacao-infantil-deve-reduzir-ainda-mais-aponta-secretario-de-teutonia\\\/\",\"url\":\"https:\\\/\\\/folhapopular.info\\\/index.php\\\/2025\\\/03\\\/26\\\/lista-de-espera-por-vagas-na-educacao-infantil-deve-reduzir-ainda-mais-aponta-secretario-de-teutonia\\\/\",\"name\":\"Lista de espera por vagas na Educa\u00e7\u00e3o Infantil deve reduzir ainda mais, aponta secret\u00e1rio de Teut\u00f4nia - Folha Popular\",\"isPartOf\":{\"@id\":\"https:\\\/\\\/folhapopular.info\\\/#website\"},\"primaryImageOfPage\":{\"@id\":\"https:\\\/\\\/folhapopular.info\\\/index.php\\\/2025\\\/03\\\/26\\\/lista-de-espera-por-vagas-na-educacao-infantil-deve-reduzir-ainda-mais-aponta-secretario-de-teutonia\\\/#primaryimage\"},\"image\":{\"@id\":\"https:\\\/\\\/folhapopular.info\\\/index.php\\\/2025\\\/03\\\/26\\\/lista-de-espera-por-vagas-na-educacao-infantil-deve-reduzir-ainda-mais-aponta-secretario-de-teutonia\\\/#primaryimage\"},\"thumbnailUrl\":\"https:\\\/\\\/folhapopular.info\\\/wp-content\\\/uploads\\\/2025\\\/03\\\/Lucas-Leandro-Brune-scaled.jpeg\",\"datePublished\":\"2025-03-26T12:17:50+00:00\",\"dateModified\":\"2025-03-26T12:17:56+00:00\",\"author\":{\"@id\":\"https:\\\/\\\/folhapopular.info\\\/#\\\/schema\\\/person\\\/f0b811f932ef2505faf473ffaef49df5\"},\"breadcrumb\":{\"@id\":\"https:\\\/\\\/folhapopular.info\\\/index.php\\\/2025\\\/03\\\/26\\\/lista-de-espera-por-vagas-na-educacao-infantil-deve-reduzir-ainda-mais-aponta-secretario-de-teutonia\\\/#breadcrumb\"},\"inLanguage\":\"pt-BR\",\"potentialAction\":[{\"@type\":\"ReadAction\",\"target\":[\"https:\\\/\\\/folhapopular.info\\\/index.php\\\/2025\\\/03\\\/26\\\/lista-de-espera-por-vagas-na-educacao-infantil-deve-reduzir-ainda-mais-aponta-secretario-de-teutonia\\\/\"]}]},{\"@type\":\"ImageObject\",\"inLanguage\":\"pt-BR\",\"@id\":\"https:\\\/\\\/folhapopular.info\\\/index.php\\\/2025\\\/03\\\/26\\\/lista-de-espera-por-vagas-na-educacao-infantil-deve-reduzir-ainda-mais-aponta-secretario-de-teutonia\\\/#primaryimage\",\"url\":\"https:\\\/\\\/folhapopular.info\\\/wp-content\\\/uploads\\\/2025\\\/03\\\/Lucas-Leandro-Brune-scaled.jpeg\",\"contentUrl\":\"https:\\\/\\\/folhapopular.info\\\/wp-content\\\/uploads\\\/2025\\\/03\\\/Lucas-Leandro-Brune-scaled.jpeg\",\"width\":2560,\"height\":1920,\"caption\":\"S\u00e3o 937 alunos nas escolas ditas \u201ccomunit\u00e1rias\u201d e outros 840 alunos em Emeis ou Emefs - Cr\u00e9dito: Lucas Leandro Brune\"},{\"@type\":\"BreadcrumbList\",\"@id\":\"https:\\\/\\\/folhapopular.info\\\/index.php\\\/2025\\\/03\\\/26\\\/lista-de-espera-por-vagas-na-educacao-infantil-deve-reduzir-ainda-mais-aponta-secretario-de-teutonia\\\/#breadcrumb\",\"itemListElement\":[{\"@type\":\"ListItem\",\"position\":1,\"name\":\"In\u00edcio\",\"item\":\"https:\\\/\\\/folhapopular.info\\\/\"},{\"@type\":\"ListItem\",\"position\":2,\"name\":\"Lista de espera por vagas na Educa\u00e7\u00e3o Infantil deve reduzir ainda mais, aponta secret\u00e1rio de Teut\u00f4nia\"}]},{\"@type\":\"WebSite\",\"@id\":\"https:\\\/\\\/folhapopular.info\\\/#website\",\"url\":\"https:\\\/\\\/folhapopular.info\\\/\",\"name\":\"Folha Popular\",\"description\":\"Onde voc\u00ea tem vez e voz\",\"potentialAction\":[{\"@type\":\"SearchAction\",\"target\":{\"@type\":\"EntryPoint\",\"urlTemplate\":\"https:\\\/\\\/folhapopular.info\\\/?s={search_term_string}\"},\"query-input\":{\"@type\":\"PropertyValueSpecification\",\"valueRequired\":true,\"valueName\":\"search_term_string\"}}],\"inLanguage\":\"pt-BR\"},{\"@type\":\"Person\",\"@id\":\"https:\\\/\\\/folhapopular.info\\\/#\\\/schema\\\/person\\\/f0b811f932ef2505faf473ffaef49df5\",\"name\":\"Camille Lenz da Silva\",\"image\":{\"@type\":\"ImageObject\",\"inLanguage\":\"pt-BR\",\"@id\":\"https:\\\/\\\/secure.gravatar.com\\\/avatar\\\/50be826d73ca259ec0e0a88a407f5de800c576c46cfdc57e50ef28551e216fff?s=96&d=mm&r=g\",\"url\":\"https:\\\/\\\/secure.gravatar.com\\\/avatar\\\/50be826d73ca259ec0e0a88a407f5de800c576c46cfdc57e50ef28551e216fff?s=96&d=mm&r=g\",\"contentUrl\":\"https:\\\/\\\/secure.gravatar.com\\\/avatar\\\/50be826d73ca259ec0e0a88a407f5de800c576c46cfdc57e50ef28551e216fff?s=96&d=mm&r=g\",\"caption\":\"Camille Lenz da Silva\"},\"url\":\"https:\\\/\\\/folhapopular.info\\\/index.php\\\/author\\\/camillelenzgmail-com\\\/\"}]}<\/script>\n<!-- \/ Yoast SEO plugin. -->","yoast_head_json":{"title":"Lista de espera por vagas na Educa\u00e7\u00e3o Infantil deve reduzir ainda mais, aponta secret\u00e1rio de Teut\u00f4nia - Folha Popular","robots":{"index":"index","follow":"follow","max-snippet":"max-snippet:-1","max-image-preview":"max-image-preview:large","max-video-preview":"max-video-preview:-1"},"canonical":"https:\/\/folhapopular.info\/index.php\/2025\/03\/26\/lista-de-espera-por-vagas-na-educacao-infantil-deve-reduzir-ainda-mais-aponta-secretario-de-teutonia\/","og_locale":"pt_BR","og_type":"article","og_title":"Lista de espera por vagas na Educa\u00e7\u00e3o Infantil deve reduzir ainda mais, aponta secret\u00e1rio de Teut\u00f4nia - Folha Popular","og_description":"O secret\u00e1rio de Educa\u00e7\u00e3o, Evandro Biondo, explica que, no in\u00edcio do ano, a informa\u00e7\u00e3o \u00e9 de que seriam 552 crian\u00e7as na lista de espera da educa\u00e7\u00e3o infantil. No entanto, foi poss\u00edvel reduzir significativamente esse n\u00famero a partir da an\u00e1lise das crian\u00e7as que passaram para a idade de escola obrigat\u00f3ria (4 e 5 anos), de fam\u00edlias [&hellip;]","og_url":"https:\/\/folhapopular.info\/index.php\/2025\/03\/26\/lista-de-espera-por-vagas-na-educacao-infantil-deve-reduzir-ainda-mais-aponta-secretario-de-teutonia\/","og_site_name":"Folha Popular","article_published_time":"2025-03-26T12:17:50+00:00","article_modified_time":"2025-03-26T12:17:56+00:00","og_image":[{"width":2560,"height":1920,"url":"http:\/\/folhapopular.info\/wp-content\/uploads\/2025\/03\/Lucas-Leandro-Brune-scaled.jpeg","type":"image\/jpeg"}],"author":"Camille Lenz da Silva","twitter_card":"summary_large_image","twitter_misc":{"Escrito por":"Camille Lenz da Silva","Est. tempo de leitura":"3 minutos"},"schema":{"@context":"https:\/\/schema.org","@graph":[{"@type":"Article","@id":"https:\/\/folhapopular.info\/index.php\/2025\/03\/26\/lista-de-espera-por-vagas-na-educacao-infantil-deve-reduzir-ainda-mais-aponta-secretario-de-teutonia\/#article","isPartOf":{"@id":"https:\/\/folhapopular.info\/index.php\/2025\/03\/26\/lista-de-espera-por-vagas-na-educacao-infantil-deve-reduzir-ainda-mais-aponta-secretario-de-teutonia\/"},"author":{"name":"Camille Lenz da Silva","@id":"https:\/\/folhapopular.info\/#\/schema\/person\/f0b811f932ef2505faf473ffaef49df5"},"headline":"Lista de espera por vagas na Educa\u00e7\u00e3o Infantil deve reduzir ainda mais, aponta secret\u00e1rio de Teut\u00f4nia","datePublished":"2025-03-26T12:17:50+00:00","dateModified":"2025-03-26T12:17:56+00:00","mainEntityOfPage":{"@id":"https:\/\/folhapopular.info\/index.php\/2025\/03\/26\/lista-de-espera-por-vagas-na-educacao-infantil-deve-reduzir-ainda-mais-aponta-secretario-de-teutonia\/"},"wordCount":575,"commentCount":0,"image":{"@id":"https:\/\/folhapopular.info\/index.php\/2025\/03\/26\/lista-de-espera-por-vagas-na-educacao-infantil-deve-reduzir-ainda-mais-aponta-secretario-de-teutonia\/#primaryimage"},"thumbnailUrl":"https:\/\/folhapopular.info\/wp-content\/uploads\/2025\/03\/Lucas-Leandro-Brune-scaled.jpeg","keywords":["Educa\u00e7\u00e3o Infantil","Evandro Biondo","Lista de Espera","Teut\u00f4nia"],"articleSection":["Destaques","Educa\u00e7\u00e3o","Geral"],"inLanguage":"pt-BR","potentialAction":[{"@type":"CommentAction","name":"Comment","target":["https:\/\/folhapopular.info\/index.php\/2025\/03\/26\/lista-de-espera-por-vagas-na-educacao-infantil-deve-reduzir-ainda-mais-aponta-secretario-de-teutonia\/#respond"]}]},{"@type":"WebPage","@id":"https:\/\/folhapopular.info\/index.php\/2025\/03\/26\/lista-de-espera-por-vagas-na-educacao-infantil-deve-reduzir-ainda-mais-aponta-secretario-de-teutonia\/","url":"https:\/\/folhapopular.info\/index.php\/2025\/03\/26\/lista-de-espera-por-vagas-na-educacao-infantil-deve-reduzir-ainda-mais-aponta-secretario-de-teutonia\/","name":"Lista de espera por vagas na Educa\u00e7\u00e3o Infantil deve reduzir ainda mais, aponta secret\u00e1rio de Teut\u00f4nia - Folha Popular","isPartOf":{"@id":"https:\/\/folhapopular.info\/#website"},"primaryImageOfPage":{"@id":"https:\/\/folhapopular.info\/index.php\/2025\/03\/26\/lista-de-espera-por-vagas-na-educacao-infantil-deve-reduzir-ainda-mais-aponta-secretario-de-teutonia\/#primaryimage"},"image":{"@id":"https:\/\/folhapopular.info\/index.php\/2025\/03\/26\/lista-de-espera-por-vagas-na-educacao-infantil-deve-reduzir-ainda-mais-aponta-secretario-de-teutonia\/#primaryimage"},"thumbnailUrl":"https:\/\/folhapopular.info\/wp-content\/uploads\/2025\/03\/Lucas-Leandro-Brune-scaled.jpeg","datePublished":"2025-03-26T12:17:50+00:00","dateModified":"2025-03-26T12:17:56+00:00","author":{"@id":"https:\/\/folhapopular.info\/#\/schema\/person\/f0b811f932ef2505faf473ffaef49df5"},"breadcrumb":{"@id":"https:\/\/folhapopular.info\/index.php\/2025\/03\/26\/lista-de-espera-por-vagas-na-educacao-infantil-deve-reduzir-ainda-mais-aponta-secretario-de-teutonia\/#breadcrumb"},"inLanguage":"pt-BR","potentialAction":[{"@type":"ReadAction","target":["https:\/\/folhapopular.info\/index.php\/2025\/03\/26\/lista-de-espera-por-vagas-na-educacao-infantil-deve-reduzir-ainda-mais-aponta-secretario-de-teutonia\/"]}]},{"@type":"ImageObject","inLanguage":"pt-BR","@id":"https:\/\/folhapopular.info\/index.php\/2025\/03\/26\/lista-de-espera-por-vagas-na-educacao-infantil-deve-reduzir-ainda-mais-aponta-secretario-de-teutonia\/#primaryimage","url":"https:\/\/folhapopular.info\/wp-content\/uploads\/2025\/03\/Lucas-Leandro-Brune-scaled.jpeg","contentUrl":"https:\/\/folhapopular.info\/wp-content\/uploads\/2025\/03\/Lucas-Leandro-Brune-scaled.jpeg","width":2560,"height":1920,"caption":"S\u00e3o 937 alunos nas escolas ditas \u201ccomunit\u00e1rias\u201d e outros 840 alunos em Emeis ou Emefs - Cr\u00e9dito: Lucas Leandro Brune"},{"@type":"BreadcrumbList","@id":"https:\/\/folhapopular.info\/index.php\/2025\/03\/26\/lista-de-espera-por-vagas-na-educacao-infantil-deve-reduzir-ainda-mais-aponta-secretario-de-teutonia\/#breadcrumb","itemListElement":[{"@type":"ListItem","position":1,"name":"In\u00edcio","item":"https:\/\/folhapopular.info\/"},{"@type":"ListItem","position":2,"name":"Lista de espera por vagas na Educa\u00e7\u00e3o Infantil deve reduzir ainda mais, aponta secret\u00e1rio de Teut\u00f4nia"}]},{"@type":"WebSite","@id":"https:\/\/folhapopular.info\/#website","url":"https:\/\/folhapopular.info\/","name":"Folha Popular","description":"Onde voc\u00ea tem vez e voz","potentialAction":[{"@type":"SearchAction","target":{"@type":"EntryPoint","urlTemplate":"https:\/\/folhapopular.info\/?s={search_term_string}"},"query-input":{"@type":"PropertyValueSpecification","valueRequired":true,"valueName":"search_term_string"}}],"inLanguage":"pt-BR"},{"@type":"Person","@id":"https:\/\/folhapopular.info\/#\/schema\/person\/f0b811f932ef2505faf473ffaef49df5","name":"Camille Lenz da Silva","image":{"@type":"ImageObject","inLanguage":"pt-BR","@id":"https:\/\/secure.gravatar.com\/avatar\/50be826d73ca259ec0e0a88a407f5de800c576c46cfdc57e50ef28551e216fff?s=96&d=mm&r=g","url":"https:\/\/secure.gravatar.com\/avatar\/50be826d73ca259ec0e0a88a407f5de800c576c46cfdc57e50ef28551e216fff?s=96&d=mm&r=g","contentUrl":"https:\/\/secure.gravatar.com\/avatar\/50be826d73ca259ec0e0a88a407f5de800c576c46cfdc57e50ef28551e216fff?s=96&d=mm&r=g","caption":"Camille Lenz da Silva"},"url":"https:\/\/folhapopular.info\/index.php\/author\/camillelenzgmail-com\/"}]}},"jetpack_featured_media_url":"https:\/\/folhapopular.info\/wp-content\/uploads\/2025\/03\/Lucas-Leandro-Brune-scaled.jpeg","jetpack_sharing_enabled":true,"amp_enabled":true,"_links":{"self":[{"href":"https:\/\/folhapopular.info\/index.php\/wp-json\/wp\/v2\/posts\/183188","targetHints":{"allow":["GET"]}}],"collection":[{"href":"https:\/\/folhapopular.info\/index.php\/wp-json\/wp\/v2\/posts"}],"about":[{"href":"https:\/\/folhapopular.info\/index.php\/wp-json\/wp\/v2\/types\/post"}],"author":[{"embeddable":true,"href":"https:\/\/folhapopular.info\/index.php\/wp-json\/wp\/v2\/users\/639"}],"replies":[{"embeddable":true,"href":"https:\/\/folhapopular.info\/index.php\/wp-json\/wp\/v2\/comments?post=183188"}],"version-history":[{"count":0,"href":"https:\/\/folhapopular.info\/index.php\/wp-json\/wp\/v2\/posts\/183188\/revisions"}],"wp:featuredmedia":[{"embeddable":true,"href":"https:\/\/folhapopular.info\/index.php\/wp-json\/wp\/v2\/media\/183194"}],"wp:attachment":[{"href":"https:\/\/folhapopular.info\/index.php\/wp-json\/wp\/v2\/media?parent=183188"}],"wp:term":[{"taxonomy":"category","embeddable":true,"href":"https:\/\/folhapopular.info\/index.php\/wp-json\/wp\/v2\/categories?post=183188"},{"taxonomy":"post_tag","embeddable":true,"href":"https:\/\/folhapopular.info\/index.php\/wp-json\/wp\/v2\/tags?post=183188"}],"curies":[{"name":"wp","href":"https:\/\/api.w.org\/{rel}","templated":true}]}}