{"id":183189,"date":"2025-03-26T10:00:00","date_gmt":"2025-03-26T13:00:00","guid":{"rendered":"https:\/\/folhapopular.info\/?p=183189"},"modified":"2025-03-26T09:23:29","modified_gmt":"2025-03-26T12:23:29","slug":"quase-600-reliquias-encantam-15-mil-pessoas-no-15o-encontro-de-veiculos-antigos-de-teutonia","status":"publish","type":"post","link":"https:\/\/folhapopular.info\/index.php\/2025\/03\/26\/quase-600-reliquias-encantam-15-mil-pessoas-no-15o-encontro-de-veiculos-antigos-de-teutonia\/","title":{"rendered":"Quase 600 rel\u00edquias encantam 15 mil pessoas no 15\u00ba Encontro de Ve\u00edculos Antigos de Teut\u00f4nia"},"content":{"rendered":"\n<p>O 15\u00ba Encontro Nacional de Ve\u00edculos Antigos de Teut\u00f4nia, realizado entre os dias 21 e 23 de mar\u00e7o, contou com cerca de 600 ve\u00edculos, vindos de mais de 60 cidades e estados diferentes, como S\u00e3o Paulo, Santa Catarina, Paran\u00e1 e at\u00e9 do Uruguai. A festa do antigomobilismo atraiu um p\u00fablico superior a 15 mil pessoas e consolidou-se como um dos maiores encontros do g\u00eanero na regi\u00e3o.<\/p>\n\n\n\n<p>O evento recebeu ve\u00edculos antigos de todas as categorias com mais de 30 anos de fabrica\u00e7\u00e3o, sejam nacionais ou importados, incluindo autom\u00f3veis, motos, utilit\u00e1rios, caminh\u00f5es e \u00f4nibus, al\u00e9m de cl\u00e1ssicos considerados hist\u00f3ricos. Havia ve\u00edculos desde a d\u00e9cada de 1920 at\u00e9 os anos 2000.<\/p>\n\n\n\n<p>O domingo (23\/3) foi marcado pelo desfile de premia\u00e7\u00e3o de 73 carros-destaque, que circularam sobre um tapete vermelho. Entre os premiados estiveram ve\u00edculos de Serafina Corr\u00eaa, Cachoeirinha, Santa Maria, Garibaldi, Campo Bom, Bom Jesus e Novo Hamburgo.<\/p>\n\n\n\n<p>Durante a premia\u00e7\u00e3o, Renato Lauri Schefler, representante da C\u00e2mara de Ind\u00fastria, Com\u00e9rcio e Servi\u00e7os (CIC) de Teut\u00f4nia, agradeceu aos patrocinadores cooperativas Certel e Sicredi, aos antigomobilistas e ao p\u00fablico pelo apoio e presen\u00e7a.<\/p>\n\n\n\n<p>Para fechar o evento, o show nacional da banda Vera Loca lotou o Pavilh\u00e3o Multiuso da prefeitura e encerrou o 15\u00ba Encontro Nacional de Ve\u00edculos Antigos de Teut\u00f4nia com muita m\u00fasica e divers\u00e3o.<\/p>\n\n\n\n<p>Cristian Branco, presidente do <em>Veteran Car<\/em>Teut\u00f4nia, destacou as novas amizades proporcionadas pelo encontro. \u201cFoi um fim de semana incr\u00edvel. Entre tantas rel\u00edquias e novas conex\u00f5es criadas, o encontro consolidado na regi\u00e3o \u00e9 feito a v\u00e1rias m\u00e3os, o que mostra todo esse resultado\u201d, comemorou.<\/p>\n\n\n\n<p>Marcelo Bertin, diretor regional da Federa\u00e7\u00e3o Brasileira de Ve\u00edculos Antigos (FBVA), ressaltou a import\u00e2ncia da uni\u00e3o de esfor\u00e7os para o sucesso do evento. \u201cParabenizamos todos os envolvidos pela realiza\u00e7\u00e3o deste bel\u00edssimo encontro, que j\u00e1 \u00e9 refer\u00eancia na regi\u00e3o\u201d, afirmou.<\/p>\n\n\n\n<p>Valdir Jos\u00e9 Griebeler, secret\u00e1rio de Desenvolvimento Econ\u00f4mico, Inova\u00e7\u00e3o e Turismo de Teut\u00f4nia, destacou o papel dos antigomobilistas na preserva\u00e7\u00e3o hist\u00f3rica dos ve\u00edculos. \u201cCada ve\u00edculo exposto carrega consigo uma hist\u00f3ria \u00fanica. Agradecemos tamb\u00e9m \u00e0 comunidade que prestigiou nosso evento\u201d, salientou.<\/p>\n\n\n\n<p><strong>Amor de gera\u00e7\u00f5es<\/strong><\/p>\n\n\n\n<p>Al\u00e9m dos carros, o evento \u00e9 momento de uni\u00e3o, troca de experi\u00eancias e amizade. Expositores e visitantes acumulam mem\u00f3rias e hist\u00f3rias no encontro. Para Fabr\u00edcio Sehn, de Lajeado, os carros antigos s\u00e3o mais do que ve\u00edculos e rel\u00edquias. \u201cS\u00e3o vidas, s\u00e3o hist\u00f3rias que contamos\u201d, afirma.<\/p>\n\n\n\n<p>O antigomobilista Evandro divide a paix\u00e3o por carros com seu irm\u00e3o h\u00e1 mais de 20 anos. O amor por ve\u00edculos antigos come\u00e7ou com seu pai e est\u00e1 no sangue da fam\u00edlia. \u201cA paix\u00e3o aumentou depois de ganharmos um Maverick. N\u00f3s temos 22 carros. O meu preferido \u00e9 o <em>Dodge Charger<\/em> 500, \u00e9 o meu sonho de consumo. O do meu irm\u00e3o \u00e9 um Mustang 69\u201d, conta.<\/p>\n\n\n\n<p>Fabr\u00edcio Silveira \u00e9 natural de Farroupilha, mas esteve presente em todas as edi\u00e7\u00f5es do evento com o com\u00e9rcio de camisetas. Ele participa apenas deste tipo de evento, tanto no RS como em Santa Catarina e S\u00e3o Paulo. Diz que o com\u00e9rcio sofreu bastante com as enchentes, mas que estar em Teut\u00f4nia \u00e9 sempre bom.<\/p>\n\n\n\n<p>Ele mal pode esperar para ter seu carro. Para ele, os carros s\u00e3o um ref\u00fagio e um momento de alegria, mesmo em momentos dif\u00edceis. Ele \u00e9 apaixonado por fuscas e kombis.<\/p>\n\n\n\n<p>Robson, vendedor de pe\u00e7as antigas \u2013 o famoso Mercado de Pulgas, agradece a cidade e o evento pelo carinho. \u201cTeut\u00f4nia \u00e9 uma cidade maravilhosa, acolhedora, tanto para quem vem expor quanto para quem vem visitar. Conseguem coisas originais, muitas linhas mec\u00e2nicas e de acess\u00f3rios, estamos h\u00e1 8 anos no mercado. \u00c9 um mercado lucrativo e prazeroso para quem tem um ve\u00edculo antigo, porque remete ao av\u00f4, ao bisav\u00f4, \u00e0s vezes passa de gera\u00e7\u00e3o em gera\u00e7\u00e3o e fica como um bem da fam\u00edlia\u201d, completa.<\/p>\n\n\n\n<figure class=\"wp-block-gallery has-nested-images columns-default is-cropped wp-block-gallery-1 is-layout-flex wp-block-gallery-is-layout-flex\">\n<figure class=\"wp-block-image size-large\"><img loading=\"lazy\" decoding=\"async\" width=\"1024\" height=\"768\" data-id=\"183191\" src=\"https:\/\/folhapopular.info\/wp-content\/uploads\/2025\/03\/Evandro_LA-1024x768.jpg\" alt=\"\" class=\"wp-image-183191\" srcset=\"https:\/\/folhapopular.info\/wp-content\/uploads\/2025\/03\/Evandro_LA-1024x768.jpg 1024w, https:\/\/folhapopular.info\/wp-content\/uploads\/2025\/03\/Evandro_LA-300x225.jpg 300w, https:\/\/folhapopular.info\/wp-content\/uploads\/2025\/03\/Evandro_LA-768x576.jpg 768w, https:\/\/folhapopular.info\/wp-content\/uploads\/2025\/03\/Evandro_LA-560x420.jpg 560w, https:\/\/folhapopular.info\/wp-content\/uploads\/2025\/03\/Evandro_LA-80x60.jpg 80w, https:\/\/folhapopular.info\/wp-content\/uploads\/2025\/03\/Evandro_LA-696x522.jpg 696w, https:\/\/folhapopular.info\/wp-content\/uploads\/2025\/03\/Evandro_LA-1068x801.jpg 1068w, https:\/\/folhapopular.info\/wp-content\/uploads\/2025\/03\/Evandro_LA.jpg 1280w\" sizes=\"auto, (max-width: 1024px) 100vw, 1024px\" \/><figcaption class=\"wp-element-caption\">Evandro e sua fam\u00edlia frequentam encontros<br>do g\u00eanero desde a inf\u00e2ncia <br>Cr\u00e9dito: Luis Augusto Huppes<\/figcaption><\/figure>\n\n\n\n<figure class=\"wp-block-image size-large\"><img loading=\"lazy\" decoding=\"async\" width=\"768\" height=\"1024\" data-id=\"183192\" src=\"https:\/\/folhapopular.info\/wp-content\/uploads\/2025\/03\/Fabricio-Sehn_Gabriely-768x1024.jpg\" alt=\"\" class=\"wp-image-183192\" srcset=\"https:\/\/folhapopular.info\/wp-content\/uploads\/2025\/03\/Fabricio-Sehn_Gabriely-768x1024.jpg 768w, https:\/\/folhapopular.info\/wp-content\/uploads\/2025\/03\/Fabricio-Sehn_Gabriely-225x300.jpg 225w, https:\/\/folhapopular.info\/wp-content\/uploads\/2025\/03\/Fabricio-Sehn_Gabriely-315x420.jpg 315w, https:\/\/folhapopular.info\/wp-content\/uploads\/2025\/03\/Fabricio-Sehn_Gabriely-696x928.jpg 696w, https:\/\/folhapopular.info\/wp-content\/uploads\/2025\/03\/Fabricio-Sehn_Gabriely.jpg 960w\" sizes=\"auto, (max-width: 768px) 100vw, 768px\" \/><figcaption class=\"wp-element-caption\">Fabr\u00edcio Sehn participa do evento pela segunda vez e elogia o evento<br>Cr\u00e9dito: Gabriely Hartmann Mallmann<\/figcaption><\/figure>\n<\/figure>\n","protected":false},"excerpt":{"rendered":"<p>O 15\u00ba Encontro Nacional de Ve\u00edculos Antigos de Teut\u00f4nia, realizado entre os dias 21 e 23 de mar\u00e7o, contou com cerca de 600 ve\u00edculos, vindos de mais de 60 cidades e estados diferentes, como S\u00e3o Paulo, Santa Catarina, Paran\u00e1 e at\u00e9 do Uruguai. A festa do antigomobilismo atraiu um p\u00fablico superior a 15 mil pessoas [&hellip;]<\/p>\n","protected":false},"author":673,"featured_media":183193,"comment_status":"open","ping_status":"open","sticky":false,"template":"","format":"standard","meta":{"pmpro_default_level":"","_jetpack_memberships_contains_paid_content":false,"footnotes":""},"categories":[2,6],"tags":[18283,18281,18282,26],"class_list":{"0":"post-183189","1":"post","2":"type-post","3":"status-publish","4":"format-standard","5":"has-post-thumbnail","7":"category-featured","8":"category-inclusive","9":"tag-15-mil-pessoas","10":"tag-15o-encontro-de-veiculos-antigos-de-teutonia","11":"tag-600-carros","12":"tag-teutonia","13":"pmpro-has-access"},"yoast_head":"<!-- This site is optimized with the Yoast SEO plugin v27.5 - https:\/\/yoast.com\/product\/yoast-seo-wordpress\/ -->\n<title>Quase 600 rel\u00edquias encantam 15 mil pessoas no 15\u00ba Encontro de Ve\u00edculos Antigos de Teut\u00f4nia - Folha Popular<\/title>\n<meta name=\"robots\" content=\"index, follow, max-snippet:-1, max-image-preview:large, max-video-preview:-1\" \/>\n<link rel=\"canonical\" href=\"https:\/\/folhapopular.info\/index.php\/2025\/03\/26\/quase-600-reliquias-encantam-15-mil-pessoas-no-15o-encontro-de-veiculos-antigos-de-teutonia\/\" \/>\n<meta property=\"og:locale\" content=\"pt_BR\" \/>\n<meta property=\"og:type\" content=\"article\" \/>\n<meta property=\"og:title\" content=\"Quase 600 rel\u00edquias encantam 15 mil pessoas no 15\u00ba Encontro de Ve\u00edculos Antigos de Teut\u00f4nia - Folha Popular\" \/>\n<meta property=\"og:description\" content=\"O 15\u00ba Encontro Nacional de Ve\u00edculos Antigos de Teut\u00f4nia, realizado entre os dias 21 e 23 de mar\u00e7o, contou com cerca de 600 ve\u00edculos, vindos de mais de 60 cidades e estados diferentes, como S\u00e3o Paulo, Santa Catarina, Paran\u00e1 e at\u00e9 do Uruguai. A festa do antigomobilismo atraiu um p\u00fablico superior a 15 mil pessoas [&hellip;]\" \/>\n<meta property=\"og:url\" content=\"https:\/\/folhapopular.info\/index.php\/2025\/03\/26\/quase-600-reliquias-encantam-15-mil-pessoas-no-15o-encontro-de-veiculos-antigos-de-teutonia\/\" \/>\n<meta property=\"og:site_name\" content=\"Folha Popular\" \/>\n<meta property=\"article:published_time\" content=\"2025-03-26T13:00:00+00:00\" \/>\n<meta property=\"og:image\" content=\"https:\/\/folhapopular.info\/wp-content\/uploads\/2025\/03\/Banda-Vera-Loca_DIV-scaled.jpg\" \/>\n\t<meta property=\"og:image:width\" content=\"2560\" \/>\n\t<meta property=\"og:image:height\" content=\"1441\" \/>\n\t<meta property=\"og:image:type\" content=\"image\/jpeg\" \/>\n<meta name=\"author\" content=\"Let\u00edcia Echer\" \/>\n<meta name=\"twitter:card\" content=\"summary_large_image\" \/>\n<meta name=\"twitter:label1\" content=\"Escrito por\" \/>\n\t<meta name=\"twitter:data1\" content=\"Let\u00edcia Echer\" \/>\n\t<meta name=\"twitter:label2\" content=\"Est. tempo de leitura\" \/>\n\t<meta name=\"twitter:data2\" content=\"5 minutos\" \/>\n<script type=\"application\/ld+json\" class=\"yoast-schema-graph\">{\"@context\":\"https:\\\/\\\/schema.org\",\"@graph\":[{\"@type\":\"Article\",\"@id\":\"https:\\\/\\\/folhapopular.info\\\/index.php\\\/2025\\\/03\\\/26\\\/quase-600-reliquias-encantam-15-mil-pessoas-no-15o-encontro-de-veiculos-antigos-de-teutonia\\\/#article\",\"isPartOf\":{\"@id\":\"https:\\\/\\\/folhapopular.info\\\/index.php\\\/2025\\\/03\\\/26\\\/quase-600-reliquias-encantam-15-mil-pessoas-no-15o-encontro-de-veiculos-antigos-de-teutonia\\\/\"},\"author\":{\"name\":\"Let\u00edcia Echer\",\"@id\":\"https:\\\/\\\/folhapopular.info\\\/#\\\/schema\\\/person\\\/52b95b9c1c41ec0e826e7518183d0cc0\"},\"headline\":\"Quase 600 rel\u00edquias encantam 15 mil pessoas no 15\u00ba Encontro de Ve\u00edculos Antigos de Teut\u00f4nia\",\"datePublished\":\"2025-03-26T13:00:00+00:00\",\"mainEntityOfPage\":{\"@id\":\"https:\\\/\\\/folhapopular.info\\\/index.php\\\/2025\\\/03\\\/26\\\/quase-600-reliquias-encantam-15-mil-pessoas-no-15o-encontro-de-veiculos-antigos-de-teutonia\\\/\"},\"wordCount\":733,\"commentCount\":0,\"image\":{\"@id\":\"https:\\\/\\\/folhapopular.info\\\/index.php\\\/2025\\\/03\\\/26\\\/quase-600-reliquias-encantam-15-mil-pessoas-no-15o-encontro-de-veiculos-antigos-de-teutonia\\\/#primaryimage\"},\"thumbnailUrl\":\"https:\\\/\\\/folhapopular.info\\\/wp-content\\\/uploads\\\/2025\\\/03\\\/Banda-Vera-Loca_DIV-scaled.jpg\",\"keywords\":[\"15 mil pessoas\",\"15\u00ba Encontro de Ve\u00edculos Antigos de Teut\u00f4nia\",\"600 carros\",\"Teut\u00f4nia\"],\"articleSection\":[\"Destaques\",\"Inclusive\"],\"inLanguage\":\"pt-BR\",\"potentialAction\":[{\"@type\":\"CommentAction\",\"name\":\"Comment\",\"target\":[\"https:\\\/\\\/folhapopular.info\\\/index.php\\\/2025\\\/03\\\/26\\\/quase-600-reliquias-encantam-15-mil-pessoas-no-15o-encontro-de-veiculos-antigos-de-teutonia\\\/#respond\"]}]},{\"@type\":\"WebPage\",\"@id\":\"https:\\\/\\\/folhapopular.info\\\/index.php\\\/2025\\\/03\\\/26\\\/quase-600-reliquias-encantam-15-mil-pessoas-no-15o-encontro-de-veiculos-antigos-de-teutonia\\\/\",\"url\":\"https:\\\/\\\/folhapopular.info\\\/index.php\\\/2025\\\/03\\\/26\\\/quase-600-reliquias-encantam-15-mil-pessoas-no-15o-encontro-de-veiculos-antigos-de-teutonia\\\/\",\"name\":\"Quase 600 rel\u00edquias encantam 15 mil pessoas no 15\u00ba Encontro de Ve\u00edculos Antigos de Teut\u00f4nia - Folha Popular\",\"isPartOf\":{\"@id\":\"https:\\\/\\\/folhapopular.info\\\/#website\"},\"primaryImageOfPage\":{\"@id\":\"https:\\\/\\\/folhapopular.info\\\/index.php\\\/2025\\\/03\\\/26\\\/quase-600-reliquias-encantam-15-mil-pessoas-no-15o-encontro-de-veiculos-antigos-de-teutonia\\\/#primaryimage\"},\"image\":{\"@id\":\"https:\\\/\\\/folhapopular.info\\\/index.php\\\/2025\\\/03\\\/26\\\/quase-600-reliquias-encantam-15-mil-pessoas-no-15o-encontro-de-veiculos-antigos-de-teutonia\\\/#primaryimage\"},\"thumbnailUrl\":\"https:\\\/\\\/folhapopular.info\\\/wp-content\\\/uploads\\\/2025\\\/03\\\/Banda-Vera-Loca_DIV-scaled.jpg\",\"datePublished\":\"2025-03-26T13:00:00+00:00\",\"author\":{\"@id\":\"https:\\\/\\\/folhapopular.info\\\/#\\\/schema\\\/person\\\/52b95b9c1c41ec0e826e7518183d0cc0\"},\"breadcrumb\":{\"@id\":\"https:\\\/\\\/folhapopular.info\\\/index.php\\\/2025\\\/03\\\/26\\\/quase-600-reliquias-encantam-15-mil-pessoas-no-15o-encontro-de-veiculos-antigos-de-teutonia\\\/#breadcrumb\"},\"inLanguage\":\"pt-BR\",\"potentialAction\":[{\"@type\":\"ReadAction\",\"target\":[\"https:\\\/\\\/folhapopular.info\\\/index.php\\\/2025\\\/03\\\/26\\\/quase-600-reliquias-encantam-15-mil-pessoas-no-15o-encontro-de-veiculos-antigos-de-teutonia\\\/\"]}]},{\"@type\":\"ImageObject\",\"inLanguage\":\"pt-BR\",\"@id\":\"https:\\\/\\\/folhapopular.info\\\/index.php\\\/2025\\\/03\\\/26\\\/quase-600-reliquias-encantam-15-mil-pessoas-no-15o-encontro-de-veiculos-antigos-de-teutonia\\\/#primaryimage\",\"url\":\"https:\\\/\\\/folhapopular.info\\\/wp-content\\\/uploads\\\/2025\\\/03\\\/Banda-Vera-Loca_DIV-scaled.jpg\",\"contentUrl\":\"https:\\\/\\\/folhapopular.info\\\/wp-content\\\/uploads\\\/2025\\\/03\\\/Banda-Vera-Loca_DIV-scaled.jpg\",\"width\":2560,\"height\":1441,\"caption\":\"A banda Vera Loca lotou o pavilh\u00e3o e encerrou o evento - Cr\u00e9dito: Divulga\u00e7\u00e3o \\\/ AI CIC Teut\u00f4nia\"},{\"@type\":\"BreadcrumbList\",\"@id\":\"https:\\\/\\\/folhapopular.info\\\/index.php\\\/2025\\\/03\\\/26\\\/quase-600-reliquias-encantam-15-mil-pessoas-no-15o-encontro-de-veiculos-antigos-de-teutonia\\\/#breadcrumb\",\"itemListElement\":[{\"@type\":\"ListItem\",\"position\":1,\"name\":\"In\u00edcio\",\"item\":\"https:\\\/\\\/folhapopular.info\\\/\"},{\"@type\":\"ListItem\",\"position\":2,\"name\":\"Quase 600 rel\u00edquias encantam 15 mil pessoas no 15\u00ba Encontro de Ve\u00edculos Antigos de Teut\u00f4nia\"}]},{\"@type\":\"WebSite\",\"@id\":\"https:\\\/\\\/folhapopular.info\\\/#website\",\"url\":\"https:\\\/\\\/folhapopular.info\\\/\",\"name\":\"Folha Popular\",\"description\":\"Onde voc\u00ea tem vez e voz\",\"potentialAction\":[{\"@type\":\"SearchAction\",\"target\":{\"@type\":\"EntryPoint\",\"urlTemplate\":\"https:\\\/\\\/folhapopular.info\\\/?s={search_term_string}\"},\"query-input\":{\"@type\":\"PropertyValueSpecification\",\"valueRequired\":true,\"valueName\":\"search_term_string\"}}],\"inLanguage\":\"pt-BR\"},{\"@type\":\"Person\",\"@id\":\"https:\\\/\\\/folhapopular.info\\\/#\\\/schema\\\/person\\\/52b95b9c1c41ec0e826e7518183d0cc0\",\"name\":\"Let\u00edcia Echer\",\"image\":{\"@type\":\"ImageObject\",\"inLanguage\":\"pt-BR\",\"@id\":\"https:\\\/\\\/secure.gravatar.com\\\/avatar\\\/303201b45d8f4e048c95808925ff8953fa7ebc0e52cb5b3af1fc9e3d52c95645?s=96&d=mm&r=g\",\"url\":\"https:\\\/\\\/secure.gravatar.com\\\/avatar\\\/303201b45d8f4e048c95808925ff8953fa7ebc0e52cb5b3af1fc9e3d52c95645?s=96&d=mm&r=g\",\"contentUrl\":\"https:\\\/\\\/secure.gravatar.com\\\/avatar\\\/303201b45d8f4e048c95808925ff8953fa7ebc0e52cb5b3af1fc9e3d52c95645?s=96&d=mm&r=g\",\"caption\":\"Let\u00edcia Echer\"},\"url\":\"https:\\\/\\\/folhapopular.info\\\/index.php\\\/author\\\/leticiaecher04gmail-com\\\/\"}]}<\/script>\n<!-- \/ Yoast SEO plugin. -->","yoast_head_json":{"title":"Quase 600 rel\u00edquias encantam 15 mil pessoas no 15\u00ba Encontro de Ve\u00edculos Antigos de Teut\u00f4nia - Folha Popular","robots":{"index":"index","follow":"follow","max-snippet":"max-snippet:-1","max-image-preview":"max-image-preview:large","max-video-preview":"max-video-preview:-1"},"canonical":"https:\/\/folhapopular.info\/index.php\/2025\/03\/26\/quase-600-reliquias-encantam-15-mil-pessoas-no-15o-encontro-de-veiculos-antigos-de-teutonia\/","og_locale":"pt_BR","og_type":"article","og_title":"Quase 600 rel\u00edquias encantam 15 mil pessoas no 15\u00ba Encontro de Ve\u00edculos Antigos de Teut\u00f4nia - Folha Popular","og_description":"O 15\u00ba Encontro Nacional de Ve\u00edculos Antigos de Teut\u00f4nia, realizado entre os dias 21 e 23 de mar\u00e7o, contou com cerca de 600 ve\u00edculos, vindos de mais de 60 cidades e estados diferentes, como S\u00e3o Paulo, Santa Catarina, Paran\u00e1 e at\u00e9 do Uruguai. A festa do antigomobilismo atraiu um p\u00fablico superior a 15 mil pessoas [&hellip;]","og_url":"https:\/\/folhapopular.info\/index.php\/2025\/03\/26\/quase-600-reliquias-encantam-15-mil-pessoas-no-15o-encontro-de-veiculos-antigos-de-teutonia\/","og_site_name":"Folha Popular","article_published_time":"2025-03-26T13:00:00+00:00","og_image":[{"width":2560,"height":1441,"url":"https:\/\/folhapopular.info\/wp-content\/uploads\/2025\/03\/Banda-Vera-Loca_DIV-scaled.jpg","type":"image\/jpeg"}],"author":"Let\u00edcia Echer","twitter_card":"summary_large_image","twitter_misc":{"Escrito por":"Let\u00edcia Echer","Est. tempo de leitura":"5 minutos"},"schema":{"@context":"https:\/\/schema.org","@graph":[{"@type":"Article","@id":"https:\/\/folhapopular.info\/index.php\/2025\/03\/26\/quase-600-reliquias-encantam-15-mil-pessoas-no-15o-encontro-de-veiculos-antigos-de-teutonia\/#article","isPartOf":{"@id":"https:\/\/folhapopular.info\/index.php\/2025\/03\/26\/quase-600-reliquias-encantam-15-mil-pessoas-no-15o-encontro-de-veiculos-antigos-de-teutonia\/"},"author":{"name":"Let\u00edcia Echer","@id":"https:\/\/folhapopular.info\/#\/schema\/person\/52b95b9c1c41ec0e826e7518183d0cc0"},"headline":"Quase 600 rel\u00edquias encantam 15 mil pessoas no 15\u00ba Encontro de Ve\u00edculos Antigos de Teut\u00f4nia","datePublished":"2025-03-26T13:00:00+00:00","mainEntityOfPage":{"@id":"https:\/\/folhapopular.info\/index.php\/2025\/03\/26\/quase-600-reliquias-encantam-15-mil-pessoas-no-15o-encontro-de-veiculos-antigos-de-teutonia\/"},"wordCount":733,"commentCount":0,"image":{"@id":"https:\/\/folhapopular.info\/index.php\/2025\/03\/26\/quase-600-reliquias-encantam-15-mil-pessoas-no-15o-encontro-de-veiculos-antigos-de-teutonia\/#primaryimage"},"thumbnailUrl":"https:\/\/folhapopular.info\/wp-content\/uploads\/2025\/03\/Banda-Vera-Loca_DIV-scaled.jpg","keywords":["15 mil pessoas","15\u00ba Encontro de Ve\u00edculos Antigos de Teut\u00f4nia","600 carros","Teut\u00f4nia"],"articleSection":["Destaques","Inclusive"],"inLanguage":"pt-BR","potentialAction":[{"@type":"CommentAction","name":"Comment","target":["https:\/\/folhapopular.info\/index.php\/2025\/03\/26\/quase-600-reliquias-encantam-15-mil-pessoas-no-15o-encontro-de-veiculos-antigos-de-teutonia\/#respond"]}]},{"@type":"WebPage","@id":"https:\/\/folhapopular.info\/index.php\/2025\/03\/26\/quase-600-reliquias-encantam-15-mil-pessoas-no-15o-encontro-de-veiculos-antigos-de-teutonia\/","url":"https:\/\/folhapopular.info\/index.php\/2025\/03\/26\/quase-600-reliquias-encantam-15-mil-pessoas-no-15o-encontro-de-veiculos-antigos-de-teutonia\/","name":"Quase 600 rel\u00edquias encantam 15 mil pessoas no 15\u00ba Encontro de Ve\u00edculos Antigos de Teut\u00f4nia - Folha Popular","isPartOf":{"@id":"https:\/\/folhapopular.info\/#website"},"primaryImageOfPage":{"@id":"https:\/\/folhapopular.info\/index.php\/2025\/03\/26\/quase-600-reliquias-encantam-15-mil-pessoas-no-15o-encontro-de-veiculos-antigos-de-teutonia\/#primaryimage"},"image":{"@id":"https:\/\/folhapopular.info\/index.php\/2025\/03\/26\/quase-600-reliquias-encantam-15-mil-pessoas-no-15o-encontro-de-veiculos-antigos-de-teutonia\/#primaryimage"},"thumbnailUrl":"https:\/\/folhapopular.info\/wp-content\/uploads\/2025\/03\/Banda-Vera-Loca_DIV-scaled.jpg","datePublished":"2025-03-26T13:00:00+00:00","author":{"@id":"https:\/\/folhapopular.info\/#\/schema\/person\/52b95b9c1c41ec0e826e7518183d0cc0"},"breadcrumb":{"@id":"https:\/\/folhapopular.info\/index.php\/2025\/03\/26\/quase-600-reliquias-encantam-15-mil-pessoas-no-15o-encontro-de-veiculos-antigos-de-teutonia\/#breadcrumb"},"inLanguage":"pt-BR","potentialAction":[{"@type":"ReadAction","target":["https:\/\/folhapopular.info\/index.php\/2025\/03\/26\/quase-600-reliquias-encantam-15-mil-pessoas-no-15o-encontro-de-veiculos-antigos-de-teutonia\/"]}]},{"@type":"ImageObject","inLanguage":"pt-BR","@id":"https:\/\/folhapopular.info\/index.php\/2025\/03\/26\/quase-600-reliquias-encantam-15-mil-pessoas-no-15o-encontro-de-veiculos-antigos-de-teutonia\/#primaryimage","url":"https:\/\/folhapopular.info\/wp-content\/uploads\/2025\/03\/Banda-Vera-Loca_DIV-scaled.jpg","contentUrl":"https:\/\/folhapopular.info\/wp-content\/uploads\/2025\/03\/Banda-Vera-Loca_DIV-scaled.jpg","width":2560,"height":1441,"caption":"A banda Vera Loca lotou o pavilh\u00e3o e encerrou o evento - Cr\u00e9dito: Divulga\u00e7\u00e3o \/ AI CIC Teut\u00f4nia"},{"@type":"BreadcrumbList","@id":"https:\/\/folhapopular.info\/index.php\/2025\/03\/26\/quase-600-reliquias-encantam-15-mil-pessoas-no-15o-encontro-de-veiculos-antigos-de-teutonia\/#breadcrumb","itemListElement":[{"@type":"ListItem","position":1,"name":"In\u00edcio","item":"https:\/\/folhapopular.info\/"},{"@type":"ListItem","position":2,"name":"Quase 600 rel\u00edquias encantam 15 mil pessoas no 15\u00ba Encontro de Ve\u00edculos Antigos de Teut\u00f4nia"}]},{"@type":"WebSite","@id":"https:\/\/folhapopular.info\/#website","url":"https:\/\/folhapopular.info\/","name":"Folha Popular","description":"Onde voc\u00ea tem vez e voz","potentialAction":[{"@type":"SearchAction","target":{"@type":"EntryPoint","urlTemplate":"https:\/\/folhapopular.info\/?s={search_term_string}"},"query-input":{"@type":"PropertyValueSpecification","valueRequired":true,"valueName":"search_term_string"}}],"inLanguage":"pt-BR"},{"@type":"Person","@id":"https:\/\/folhapopular.info\/#\/schema\/person\/52b95b9c1c41ec0e826e7518183d0cc0","name":"Let\u00edcia Echer","image":{"@type":"ImageObject","inLanguage":"pt-BR","@id":"https:\/\/secure.gravatar.com\/avatar\/303201b45d8f4e048c95808925ff8953fa7ebc0e52cb5b3af1fc9e3d52c95645?s=96&d=mm&r=g","url":"https:\/\/secure.gravatar.com\/avatar\/303201b45d8f4e048c95808925ff8953fa7ebc0e52cb5b3af1fc9e3d52c95645?s=96&d=mm&r=g","contentUrl":"https:\/\/secure.gravatar.com\/avatar\/303201b45d8f4e048c95808925ff8953fa7ebc0e52cb5b3af1fc9e3d52c95645?s=96&d=mm&r=g","caption":"Let\u00edcia Echer"},"url":"https:\/\/folhapopular.info\/index.php\/author\/leticiaecher04gmail-com\/"}]}},"jetpack_featured_media_url":"https:\/\/folhapopular.info\/wp-content\/uploads\/2025\/03\/Banda-Vera-Loca_DIV-scaled.jpg","jetpack_sharing_enabled":true,"amp_enabled":true,"_links":{"self":[{"href":"https:\/\/folhapopular.info\/index.php\/wp-json\/wp\/v2\/posts\/183189","targetHints":{"allow":["GET"]}}],"collection":[{"href":"https:\/\/folhapopular.info\/index.php\/wp-json\/wp\/v2\/posts"}],"about":[{"href":"https:\/\/folhapopular.info\/index.php\/wp-json\/wp\/v2\/types\/post"}],"author":[{"embeddable":true,"href":"https:\/\/folhapopular.info\/index.php\/wp-json\/wp\/v2\/users\/673"}],"replies":[{"embeddable":true,"href":"https:\/\/folhapopular.info\/index.php\/wp-json\/wp\/v2\/comments?post=183189"}],"version-history":[{"count":0,"href":"https:\/\/folhapopular.info\/index.php\/wp-json\/wp\/v2\/posts\/183189\/revisions"}],"wp:featuredmedia":[{"embeddable":true,"href":"https:\/\/folhapopular.info\/index.php\/wp-json\/wp\/v2\/media\/183193"}],"wp:attachment":[{"href":"https:\/\/folhapopular.info\/index.php\/wp-json\/wp\/v2\/media?parent=183189"}],"wp:term":[{"taxonomy":"category","embeddable":true,"href":"https:\/\/folhapopular.info\/index.php\/wp-json\/wp\/v2\/categories?post=183189"},{"taxonomy":"post_tag","embeddable":true,"href":"https:\/\/folhapopular.info\/index.php\/wp-json\/wp\/v2\/tags?post=183189"}],"curies":[{"name":"wp","href":"https:\/\/api.w.org\/{rel}","templated":true}]}}