{"id":183272,"date":"2025-03-27T11:05:18","date_gmt":"2025-03-27T14:05:18","guid":{"rendered":"https:\/\/folhapopular.info\/?p=183272"},"modified":"2025-03-27T11:05:22","modified_gmt":"2025-03-27T14:05:22","slug":"sicredi-e-destaque-entre-as-dez-grandes-marcas-gauchas-do-ano","status":"publish","type":"post","link":"https:\/\/folhapopular.info\/index.php\/2025\/03\/27\/sicredi-e-destaque-entre-as-dez-grandes-marcas-gauchas-do-ano\/","title":{"rendered":"Sicredi \u00e9 destaque entre as dez grandes marcas ga\u00fachas do ano"},"content":{"rendered":"\n<p>A pesquisa Marcas de Quem Decide, realizada pelo Jornal do Com\u00e9rcio em parceria com o Instituto de Pesquisas de Opini\u00e3o (IPO), reconheceu o Sicredi como uma das principais empresas que impulsionam a economia do Rio Grande do Sul. Na 27\u00aa edi\u00e7\u00e3o do estudo, promovido nesta segunda-feira (24\/3), a institui\u00e7\u00e3o se destacou em cinco categorias.<\/p>\n\n\n\n<p>O Sicredi conquistou o primeiro lugar na prefer\u00eancia e lembran\u00e7a entre as cooperativas de cr\u00e9dito, al\u00e9m de ser a institui\u00e7\u00e3o financeira mais lembrada e preferida pelos ga\u00fachos. A cooperativa tamb\u00e9m se destacou na categoria Previd\u00eancia Privada e figurou entre as principais empresas da categoria Cons\u00f3rcio. O quinto reconhecimento da institui\u00e7\u00e3o foi na categoria Grande Marca Ga\u00facha do Ano, onde o Sicredi foi classificado entre as dez empresas mais bem avaliadas pelos entrevistados.<\/p>\n\n\n\n<p>\u201cEstar entre as grandes marcas ga\u00fachas e sermos a cooperativa de cr\u00e9dito e a institui\u00e7\u00e3o financeira mais lembrada e preferida refor\u00e7a nosso prop\u00f3sito e fortalece nosso compromisso de continuar impulsionando as regi\u00f5es em que atuamos. No Rio Grande do Sul, estamos presentes em 484 cidades, o que corresponde a 97% do territ\u00f3rio ga\u00facho\u201d, afirmou Leandro Gindri de Lima, diretor executivo da Central Sicredi Sul\/Sudeste.<\/p>\n\n\n\n<p><\/p>\n","protected":false},"excerpt":{"rendered":"<p>A pesquisa Marcas de Quem Decide, realizada pelo Jornal do Com\u00e9rcio em parceria com o Instituto de Pesquisas de Opini\u00e3o (IPO), reconheceu o Sicredi como uma das principais empresas que impulsionam a economia do Rio Grande do Sul. Na 27\u00aa edi\u00e7\u00e3o do estudo, promovido nesta segunda-feira (24\/3), a institui\u00e7\u00e3o se destacou em cinco categorias. O [&hellip;]<\/p>\n","protected":false},"author":8,"featured_media":183273,"comment_status":"open","ping_status":"open","sticky":false,"template":"","format":"standard","meta":{"pmpro_default_level":"","_jetpack_memberships_contains_paid_content":false,"footnotes":""},"categories":[10992,2,10991],"tags":[9165,1595,292],"class_list":{"0":"post-183272","1":"post","2":"type-post","3":"status-publish","4":"format-standard","5":"has-post-thumbnail","7":"category-coopop","8":"category-featured","9":"category-economia","10":"tag-coopop","11":"tag-pesquisa","12":"tag-sicredi","13":"pmpro-has-access"},"yoast_head":"<!-- This site is optimized with the Yoast SEO plugin v27.5 - https:\/\/yoast.com\/product\/yoast-seo-wordpress\/ -->\n<title>Sicredi \u00e9 destaque entre as dez grandes marcas ga\u00fachas do ano - Folha Popular<\/title>\n<meta name=\"robots\" content=\"index, follow, max-snippet:-1, max-image-preview:large, max-video-preview:-1\" \/>\n<link rel=\"canonical\" href=\"https:\/\/folhapopular.info\/index.php\/2025\/03\/27\/sicredi-e-destaque-entre-as-dez-grandes-marcas-gauchas-do-ano\/\" \/>\n<meta property=\"og:locale\" content=\"pt_BR\" \/>\n<meta property=\"og:type\" content=\"article\" \/>\n<meta property=\"og:title\" content=\"Sicredi \u00e9 destaque entre as dez grandes marcas ga\u00fachas do ano - Folha Popular\" \/>\n<meta property=\"og:description\" content=\"A pesquisa Marcas de Quem Decide, realizada pelo Jornal do Com\u00e9rcio em parceria com o Instituto de Pesquisas de Opini\u00e3o (IPO), reconheceu o Sicredi como uma das principais empresas que impulsionam a economia do Rio Grande do Sul. Na 27\u00aa edi\u00e7\u00e3o do estudo, promovido nesta segunda-feira (24\/3), a institui\u00e7\u00e3o se destacou em cinco categorias. O [&hellip;]\" \/>\n<meta property=\"og:url\" content=\"https:\/\/folhapopular.info\/index.php\/2025\/03\/27\/sicredi-e-destaque-entre-as-dez-grandes-marcas-gauchas-do-ano\/\" \/>\n<meta property=\"og:site_name\" content=\"Folha Popular\" \/>\n<meta property=\"article:published_time\" content=\"2025-03-27T14:05:18+00:00\" \/>\n<meta property=\"article:modified_time\" content=\"2025-03-27T14:05:22+00:00\" \/>\n<meta property=\"og:image\" content=\"http:\/\/folhapopular.info\/wp-content\/uploads\/2025\/03\/Credito-Rodrigo-Rodembusch-scaled.jpg\" \/>\n\t<meta property=\"og:image:width\" content=\"2560\" \/>\n\t<meta property=\"og:image:height\" content=\"1920\" \/>\n\t<meta property=\"og:image:type\" content=\"image\/jpeg\" \/>\n<meta name=\"author\" content=\"Reda\u00e7\u00e3o Folha Popular\" \/>\n<meta name=\"twitter:card\" content=\"summary_large_image\" \/>\n<meta name=\"twitter:label1\" content=\"Escrito por\" \/>\n\t<meta name=\"twitter:data1\" content=\"Reda\u00e7\u00e3o Folha Popular\" \/>\n\t<meta name=\"twitter:label2\" content=\"Est. tempo de leitura\" \/>\n\t<meta name=\"twitter:data2\" content=\"2 minutos\" \/>\n<script type=\"application\/ld+json\" class=\"yoast-schema-graph\">{\"@context\":\"https:\\\/\\\/schema.org\",\"@graph\":[{\"@type\":\"Article\",\"@id\":\"https:\\\/\\\/folhapopular.info\\\/index.php\\\/2025\\\/03\\\/27\\\/sicredi-e-destaque-entre-as-dez-grandes-marcas-gauchas-do-ano\\\/#article\",\"isPartOf\":{\"@id\":\"https:\\\/\\\/folhapopular.info\\\/index.php\\\/2025\\\/03\\\/27\\\/sicredi-e-destaque-entre-as-dez-grandes-marcas-gauchas-do-ano\\\/\"},\"author\":{\"name\":\"Reda\u00e7\u00e3o Folha Popular\",\"@id\":\"https:\\\/\\\/folhapopular.info\\\/#\\\/schema\\\/person\\\/2814e8a0df7643585a9ca38bc6eb9d4b\"},\"headline\":\"Sicredi \u00e9 destaque entre as dez grandes marcas ga\u00fachas do ano\",\"datePublished\":\"2025-03-27T14:05:18+00:00\",\"dateModified\":\"2025-03-27T14:05:22+00:00\",\"mainEntityOfPage\":{\"@id\":\"https:\\\/\\\/folhapopular.info\\\/index.php\\\/2025\\\/03\\\/27\\\/sicredi-e-destaque-entre-as-dez-grandes-marcas-gauchas-do-ano\\\/\"},\"wordCount\":221,\"commentCount\":0,\"image\":{\"@id\":\"https:\\\/\\\/folhapopular.info\\\/index.php\\\/2025\\\/03\\\/27\\\/sicredi-e-destaque-entre-as-dez-grandes-marcas-gauchas-do-ano\\\/#primaryimage\"},\"thumbnailUrl\":\"https:\\\/\\\/folhapopular.info\\\/wp-content\\\/uploads\\\/2025\\\/03\\\/Credito-Rodrigo-Rodembusch-scaled.jpg\",\"keywords\":[\"Coopop\",\"Pesquisa\",\"Sicredi\"],\"articleSection\":[\"Coopop\",\"Destaques\",\"Economia\"],\"inLanguage\":\"pt-BR\",\"potentialAction\":[{\"@type\":\"CommentAction\",\"name\":\"Comment\",\"target\":[\"https:\\\/\\\/folhapopular.info\\\/index.php\\\/2025\\\/03\\\/27\\\/sicredi-e-destaque-entre-as-dez-grandes-marcas-gauchas-do-ano\\\/#respond\"]}]},{\"@type\":\"WebPage\",\"@id\":\"https:\\\/\\\/folhapopular.info\\\/index.php\\\/2025\\\/03\\\/27\\\/sicredi-e-destaque-entre-as-dez-grandes-marcas-gauchas-do-ano\\\/\",\"url\":\"https:\\\/\\\/folhapopular.info\\\/index.php\\\/2025\\\/03\\\/27\\\/sicredi-e-destaque-entre-as-dez-grandes-marcas-gauchas-do-ano\\\/\",\"name\":\"Sicredi \u00e9 destaque entre as dez grandes marcas ga\u00fachas do ano - Folha Popular\",\"isPartOf\":{\"@id\":\"https:\\\/\\\/folhapopular.info\\\/#website\"},\"primaryImageOfPage\":{\"@id\":\"https:\\\/\\\/folhapopular.info\\\/index.php\\\/2025\\\/03\\\/27\\\/sicredi-e-destaque-entre-as-dez-grandes-marcas-gauchas-do-ano\\\/#primaryimage\"},\"image\":{\"@id\":\"https:\\\/\\\/folhapopular.info\\\/index.php\\\/2025\\\/03\\\/27\\\/sicredi-e-destaque-entre-as-dez-grandes-marcas-gauchas-do-ano\\\/#primaryimage\"},\"thumbnailUrl\":\"https:\\\/\\\/folhapopular.info\\\/wp-content\\\/uploads\\\/2025\\\/03\\\/Credito-Rodrigo-Rodembusch-scaled.jpg\",\"datePublished\":\"2025-03-27T14:05:18+00:00\",\"dateModified\":\"2025-03-27T14:05:22+00:00\",\"author\":{\"@id\":\"https:\\\/\\\/folhapopular.info\\\/#\\\/schema\\\/person\\\/2814e8a0df7643585a9ca38bc6eb9d4b\"},\"breadcrumb\":{\"@id\":\"https:\\\/\\\/folhapopular.info\\\/index.php\\\/2025\\\/03\\\/27\\\/sicredi-e-destaque-entre-as-dez-grandes-marcas-gauchas-do-ano\\\/#breadcrumb\"},\"inLanguage\":\"pt-BR\",\"potentialAction\":[{\"@type\":\"ReadAction\",\"target\":[\"https:\\\/\\\/folhapopular.info\\\/index.php\\\/2025\\\/03\\\/27\\\/sicredi-e-destaque-entre-as-dez-grandes-marcas-gauchas-do-ano\\\/\"]}]},{\"@type\":\"ImageObject\",\"inLanguage\":\"pt-BR\",\"@id\":\"https:\\\/\\\/folhapopular.info\\\/index.php\\\/2025\\\/03\\\/27\\\/sicredi-e-destaque-entre-as-dez-grandes-marcas-gauchas-do-ano\\\/#primaryimage\",\"url\":\"https:\\\/\\\/folhapopular.info\\\/wp-content\\\/uploads\\\/2025\\\/03\\\/Credito-Rodrigo-Rodembusch-scaled.jpg\",\"contentUrl\":\"https:\\\/\\\/folhapopular.info\\\/wp-content\\\/uploads\\\/2025\\\/03\\\/Credito-Rodrigo-Rodembusch-scaled.jpg\",\"width\":2560,\"height\":1920,\"caption\":\"Cr\u00e9dito: Rodrigo Rodembusch \\\/ Divulga\u00e7\u00e3o\"},{\"@type\":\"BreadcrumbList\",\"@id\":\"https:\\\/\\\/folhapopular.info\\\/index.php\\\/2025\\\/03\\\/27\\\/sicredi-e-destaque-entre-as-dez-grandes-marcas-gauchas-do-ano\\\/#breadcrumb\",\"itemListElement\":[{\"@type\":\"ListItem\",\"position\":1,\"name\":\"In\u00edcio\",\"item\":\"https:\\\/\\\/folhapopular.info\\\/\"},{\"@type\":\"ListItem\",\"position\":2,\"name\":\"Sicredi \u00e9 destaque entre as dez grandes marcas ga\u00fachas do ano\"}]},{\"@type\":\"WebSite\",\"@id\":\"https:\\\/\\\/folhapopular.info\\\/#website\",\"url\":\"https:\\\/\\\/folhapopular.info\\\/\",\"name\":\"Folha Popular\",\"description\":\"Onde voc\u00ea tem vez e voz\",\"potentialAction\":[{\"@type\":\"SearchAction\",\"target\":{\"@type\":\"EntryPoint\",\"urlTemplate\":\"https:\\\/\\\/folhapopular.info\\\/?s={search_term_string}\"},\"query-input\":{\"@type\":\"PropertyValueSpecification\",\"valueRequired\":true,\"valueName\":\"search_term_string\"}}],\"inLanguage\":\"pt-BR\"},{\"@type\":\"Person\",\"@id\":\"https:\\\/\\\/folhapopular.info\\\/#\\\/schema\\\/person\\\/2814e8a0df7643585a9ca38bc6eb9d4b\",\"name\":\"Reda\u00e7\u00e3o Folha Popular\",\"image\":{\"@type\":\"ImageObject\",\"inLanguage\":\"pt-BR\",\"@id\":\"https:\\\/\\\/folhapopular.info\\\/wp-content\\\/uploads\\\/2026\\\/04\\\/Folha-1.webp\",\"url\":\"https:\\\/\\\/folhapopular.info\\\/wp-content\\\/uploads\\\/2026\\\/04\\\/Folha-1.webp\",\"contentUrl\":\"https:\\\/\\\/folhapopular.info\\\/wp-content\\\/uploads\\\/2026\\\/04\\\/Folha-1.webp\",\"caption\":\"Reda\u00e7\u00e3o Folha Popular\"},\"url\":\"https:\\\/\\\/folhapopular.info\\\/index.php\\\/author\\\/redacao\\\/\"}]}<\/script>\n<!-- \/ Yoast SEO plugin. -->","yoast_head_json":{"title":"Sicredi \u00e9 destaque entre as dez grandes marcas ga\u00fachas do ano - Folha Popular","robots":{"index":"index","follow":"follow","max-snippet":"max-snippet:-1","max-image-preview":"max-image-preview:large","max-video-preview":"max-video-preview:-1"},"canonical":"https:\/\/folhapopular.info\/index.php\/2025\/03\/27\/sicredi-e-destaque-entre-as-dez-grandes-marcas-gauchas-do-ano\/","og_locale":"pt_BR","og_type":"article","og_title":"Sicredi \u00e9 destaque entre as dez grandes marcas ga\u00fachas do ano - Folha Popular","og_description":"A pesquisa Marcas de Quem Decide, realizada pelo Jornal do Com\u00e9rcio em parceria com o Instituto de Pesquisas de Opini\u00e3o (IPO), reconheceu o Sicredi como uma das principais empresas que impulsionam a economia do Rio Grande do Sul. Na 27\u00aa edi\u00e7\u00e3o do estudo, promovido nesta segunda-feira (24\/3), a institui\u00e7\u00e3o se destacou em cinco categorias. O [&hellip;]","og_url":"https:\/\/folhapopular.info\/index.php\/2025\/03\/27\/sicredi-e-destaque-entre-as-dez-grandes-marcas-gauchas-do-ano\/","og_site_name":"Folha Popular","article_published_time":"2025-03-27T14:05:18+00:00","article_modified_time":"2025-03-27T14:05:22+00:00","og_image":[{"width":2560,"height":1920,"url":"http:\/\/folhapopular.info\/wp-content\/uploads\/2025\/03\/Credito-Rodrigo-Rodembusch-scaled.jpg","type":"image\/jpeg"}],"author":"Reda\u00e7\u00e3o Folha Popular","twitter_card":"summary_large_image","twitter_misc":{"Escrito por":"Reda\u00e7\u00e3o Folha Popular","Est. tempo de leitura":"2 minutos"},"schema":{"@context":"https:\/\/schema.org","@graph":[{"@type":"Article","@id":"https:\/\/folhapopular.info\/index.php\/2025\/03\/27\/sicredi-e-destaque-entre-as-dez-grandes-marcas-gauchas-do-ano\/#article","isPartOf":{"@id":"https:\/\/folhapopular.info\/index.php\/2025\/03\/27\/sicredi-e-destaque-entre-as-dez-grandes-marcas-gauchas-do-ano\/"},"author":{"name":"Reda\u00e7\u00e3o Folha Popular","@id":"https:\/\/folhapopular.info\/#\/schema\/person\/2814e8a0df7643585a9ca38bc6eb9d4b"},"headline":"Sicredi \u00e9 destaque entre as dez grandes marcas ga\u00fachas do ano","datePublished":"2025-03-27T14:05:18+00:00","dateModified":"2025-03-27T14:05:22+00:00","mainEntityOfPage":{"@id":"https:\/\/folhapopular.info\/index.php\/2025\/03\/27\/sicredi-e-destaque-entre-as-dez-grandes-marcas-gauchas-do-ano\/"},"wordCount":221,"commentCount":0,"image":{"@id":"https:\/\/folhapopular.info\/index.php\/2025\/03\/27\/sicredi-e-destaque-entre-as-dez-grandes-marcas-gauchas-do-ano\/#primaryimage"},"thumbnailUrl":"https:\/\/folhapopular.info\/wp-content\/uploads\/2025\/03\/Credito-Rodrigo-Rodembusch-scaled.jpg","keywords":["Coopop","Pesquisa","Sicredi"],"articleSection":["Coopop","Destaques","Economia"],"inLanguage":"pt-BR","potentialAction":[{"@type":"CommentAction","name":"Comment","target":["https:\/\/folhapopular.info\/index.php\/2025\/03\/27\/sicredi-e-destaque-entre-as-dez-grandes-marcas-gauchas-do-ano\/#respond"]}]},{"@type":"WebPage","@id":"https:\/\/folhapopular.info\/index.php\/2025\/03\/27\/sicredi-e-destaque-entre-as-dez-grandes-marcas-gauchas-do-ano\/","url":"https:\/\/folhapopular.info\/index.php\/2025\/03\/27\/sicredi-e-destaque-entre-as-dez-grandes-marcas-gauchas-do-ano\/","name":"Sicredi \u00e9 destaque entre as dez grandes marcas ga\u00fachas do ano - Folha Popular","isPartOf":{"@id":"https:\/\/folhapopular.info\/#website"},"primaryImageOfPage":{"@id":"https:\/\/folhapopular.info\/index.php\/2025\/03\/27\/sicredi-e-destaque-entre-as-dez-grandes-marcas-gauchas-do-ano\/#primaryimage"},"image":{"@id":"https:\/\/folhapopular.info\/index.php\/2025\/03\/27\/sicredi-e-destaque-entre-as-dez-grandes-marcas-gauchas-do-ano\/#primaryimage"},"thumbnailUrl":"https:\/\/folhapopular.info\/wp-content\/uploads\/2025\/03\/Credito-Rodrigo-Rodembusch-scaled.jpg","datePublished":"2025-03-27T14:05:18+00:00","dateModified":"2025-03-27T14:05:22+00:00","author":{"@id":"https:\/\/folhapopular.info\/#\/schema\/person\/2814e8a0df7643585a9ca38bc6eb9d4b"},"breadcrumb":{"@id":"https:\/\/folhapopular.info\/index.php\/2025\/03\/27\/sicredi-e-destaque-entre-as-dez-grandes-marcas-gauchas-do-ano\/#breadcrumb"},"inLanguage":"pt-BR","potentialAction":[{"@type":"ReadAction","target":["https:\/\/folhapopular.info\/index.php\/2025\/03\/27\/sicredi-e-destaque-entre-as-dez-grandes-marcas-gauchas-do-ano\/"]}]},{"@type":"ImageObject","inLanguage":"pt-BR","@id":"https:\/\/folhapopular.info\/index.php\/2025\/03\/27\/sicredi-e-destaque-entre-as-dez-grandes-marcas-gauchas-do-ano\/#primaryimage","url":"https:\/\/folhapopular.info\/wp-content\/uploads\/2025\/03\/Credito-Rodrigo-Rodembusch-scaled.jpg","contentUrl":"https:\/\/folhapopular.info\/wp-content\/uploads\/2025\/03\/Credito-Rodrigo-Rodembusch-scaled.jpg","width":2560,"height":1920,"caption":"Cr\u00e9dito: Rodrigo Rodembusch \/ Divulga\u00e7\u00e3o"},{"@type":"BreadcrumbList","@id":"https:\/\/folhapopular.info\/index.php\/2025\/03\/27\/sicredi-e-destaque-entre-as-dez-grandes-marcas-gauchas-do-ano\/#breadcrumb","itemListElement":[{"@type":"ListItem","position":1,"name":"In\u00edcio","item":"https:\/\/folhapopular.info\/"},{"@type":"ListItem","position":2,"name":"Sicredi \u00e9 destaque entre as dez grandes marcas ga\u00fachas do ano"}]},{"@type":"WebSite","@id":"https:\/\/folhapopular.info\/#website","url":"https:\/\/folhapopular.info\/","name":"Folha Popular","description":"Onde voc\u00ea tem vez e voz","potentialAction":[{"@type":"SearchAction","target":{"@type":"EntryPoint","urlTemplate":"https:\/\/folhapopular.info\/?s={search_term_string}"},"query-input":{"@type":"PropertyValueSpecification","valueRequired":true,"valueName":"search_term_string"}}],"inLanguage":"pt-BR"},{"@type":"Person","@id":"https:\/\/folhapopular.info\/#\/schema\/person\/2814e8a0df7643585a9ca38bc6eb9d4b","name":"Reda\u00e7\u00e3o Folha Popular","image":{"@type":"ImageObject","inLanguage":"pt-BR","@id":"https:\/\/folhapopular.info\/wp-content\/uploads\/2026\/04\/Folha-1.webp","url":"https:\/\/folhapopular.info\/wp-content\/uploads\/2026\/04\/Folha-1.webp","contentUrl":"https:\/\/folhapopular.info\/wp-content\/uploads\/2026\/04\/Folha-1.webp","caption":"Reda\u00e7\u00e3o Folha Popular"},"url":"https:\/\/folhapopular.info\/index.php\/author\/redacao\/"}]}},"jetpack_featured_media_url":"https:\/\/folhapopular.info\/wp-content\/uploads\/2025\/03\/Credito-Rodrigo-Rodembusch-scaled.jpg","jetpack_sharing_enabled":true,"amp_enabled":true,"_links":{"self":[{"href":"https:\/\/folhapopular.info\/index.php\/wp-json\/wp\/v2\/posts\/183272","targetHints":{"allow":["GET"]}}],"collection":[{"href":"https:\/\/folhapopular.info\/index.php\/wp-json\/wp\/v2\/posts"}],"about":[{"href":"https:\/\/folhapopular.info\/index.php\/wp-json\/wp\/v2\/types\/post"}],"author":[{"embeddable":true,"href":"https:\/\/folhapopular.info\/index.php\/wp-json\/wp\/v2\/users\/8"}],"replies":[{"embeddable":true,"href":"https:\/\/folhapopular.info\/index.php\/wp-json\/wp\/v2\/comments?post=183272"}],"version-history":[{"count":0,"href":"https:\/\/folhapopular.info\/index.php\/wp-json\/wp\/v2\/posts\/183272\/revisions"}],"wp:featuredmedia":[{"embeddable":true,"href":"https:\/\/folhapopular.info\/index.php\/wp-json\/wp\/v2\/media\/183273"}],"wp:attachment":[{"href":"https:\/\/folhapopular.info\/index.php\/wp-json\/wp\/v2\/media?parent=183272"}],"wp:term":[{"taxonomy":"category","embeddable":true,"href":"https:\/\/folhapopular.info\/index.php\/wp-json\/wp\/v2\/categories?post=183272"},{"taxonomy":"post_tag","embeddable":true,"href":"https:\/\/folhapopular.info\/index.php\/wp-json\/wp\/v2\/tags?post=183272"}],"curies":[{"name":"wp","href":"https:\/\/api.w.org\/{rel}","templated":true}]}}