{"id":183444,"date":"2025-03-29T08:00:00","date_gmt":"2025-03-29T11:00:00","guid":{"rendered":"https:\/\/folhapopular.info\/?p=183444"},"modified":"2025-03-29T07:54:07","modified_gmt":"2025-03-29T10:54:07","slug":"lancamento-oficial-da-pascoa-de-colinas-sera-na-manha-deste-sabado","status":"publish","type":"post","link":"https:\/\/folhapopular.info\/index.php\/2025\/03\/29\/lancamento-oficial-da-pascoa-de-colinas-sera-na-manha-deste-sabado\/","title":{"rendered":"Lan\u00e7amento oficial da P\u00e1scoa de Colinas ser\u00e1 na manh\u00e3 deste s\u00e1bado"},"content":{"rendered":"\n<p>A Prefeitura de Colinas promove a \u201cP\u00e1scoa Encantada de Colinas: A Reconstru\u00e7\u00e3o\u201d a partir deste fim de semana, com lan\u00e7amento hoje (29\/3), \u00e0s 9h30. Apesar dos desafios do ano passado, o evento vem para \u201ctrazer de volta a esperan\u00e7a e a autoestima da popula\u00e7\u00e3o\u201d, segundo o prefeito Marcelo Schr\u00f6er.<\/p>\n\n\n\n<p>A P\u00e1scoa marca a retomada do turismo na Cidade Jardim e um recome\u00e7o no munic\u00edpio. Em raz\u00e3o disso, todos os expositores e comerciantes ser\u00e3o colinenses, com o objetivo de estimular a economia local e fortalecer a cidade.<\/p>\n\n\n\n<p>A programa\u00e7\u00e3o conta com diversas atividades, desde ca\u00e7a ao ninho a pe\u00e7as teatrais. Al\u00e9m disso, haver\u00e1 comercializa\u00e7\u00e3o de lanches e bebidas, artesanato, brinquedos infl\u00e1veis, maquiagem art\u00edstica, produtos agroindustriais e oficina de pintura de ovinhos. As atividades est\u00e3o espalhadas pelo munic\u00edpio, entre a Pra\u00e7a dos P\u00e1ssaros, Pra\u00e7a Zoo Vegetal e \u00c1rea de Lazer Jo\u00e3o Roberto Frielink.<\/p>\n\n\n\n<p>Parte da decora\u00e7\u00e3o \u00e9 m\u00e9rito das participantes das oficinas de pintura do Centro de Refer\u00eancia de Assist\u00eancia Social (Cras) e dos alunos da Emef Ipiranga. Os volunt\u00e1rios decoraram cerca de 70 ovos para a ornamenta\u00e7\u00e3o de Colinas.<\/p>\n\n\n\n<p>O ponto alto ser\u00e1 o desfile tem\u00e1tico no dia 19 de abril. Neste ano, o tema ser\u00e1 \u201cRenascimento e Reconstru\u00e7\u00e3o! Uma homenagem a n\u00f3s e a nossas cidades irm\u0101s\u201d. A vice-prefeita e secret\u00e1ria de Educa\u00e7\u00e3o, Cultura, Turismo e Desporto, Maristela Nicolodi de Souza, aponta que ocorrer\u00e1 uma homenagem para as cidades pr\u00f3ximas, desde Santa Teresa at\u00e9 Cruzeiro do Sul, \u201cque tamb\u00e9m sofreram com as cheias e est\u00e3o nesse momento de reconstru\u00e7\u00e3o\u201d.<\/p>\n\n\n\n<figure class=\"wp-block-image size-large\"><img loading=\"lazy\" decoding=\"async\" width=\"1024\" height=\"682\" src=\"https:\/\/folhapopular.info\/wp-content\/uploads\/2025\/03\/Acesso-a-cidade-ja-encanta-com-a-decoracao-de-Pascoa_Angelica-Pott-1024x682.jpeg\" alt=\"\" class=\"wp-image-183447\" srcset=\"https:\/\/folhapopular.info\/wp-content\/uploads\/2025\/03\/Acesso-a-cidade-ja-encanta-com-a-decoracao-de-Pascoa_Angelica-Pott-1024x682.jpeg 1024w, https:\/\/folhapopular.info\/wp-content\/uploads\/2025\/03\/Acesso-a-cidade-ja-encanta-com-a-decoracao-de-Pascoa_Angelica-Pott-300x200.jpeg 300w, https:\/\/folhapopular.info\/wp-content\/uploads\/2025\/03\/Acesso-a-cidade-ja-encanta-com-a-decoracao-de-Pascoa_Angelica-Pott-768x512.jpeg 768w, https:\/\/folhapopular.info\/wp-content\/uploads\/2025\/03\/Acesso-a-cidade-ja-encanta-com-a-decoracao-de-Pascoa_Angelica-Pott-630x420.jpeg 630w, https:\/\/folhapopular.info\/wp-content\/uploads\/2025\/03\/Acesso-a-cidade-ja-encanta-com-a-decoracao-de-Pascoa_Angelica-Pott-696x464.jpeg 696w, https:\/\/folhapopular.info\/wp-content\/uploads\/2025\/03\/Acesso-a-cidade-ja-encanta-com-a-decoracao-de-Pascoa_Angelica-Pott-1068x712.jpeg 1068w, https:\/\/folhapopular.info\/wp-content\/uploads\/2025\/03\/Acesso-a-cidade-ja-encanta-com-a-decoracao-de-Pascoa_Angelica-Pott.jpeg 1280w\" sizes=\"auto, (max-width: 1024px) 100vw, 1024px\" \/><figcaption class=\"wp-element-caption\">Acesso \u00e0 cidade j\u00e1 encanta com a decora\u00e7\u00e3o de P\u00e1scoa \/ Cr\u00e9dito: Ang\u00e9lica Pott<\/figcaption><\/figure>\n\n\n\n<p><strong>Ornamenta\u00e7\u00e3o<\/strong><\/p>\n\n\n\n<p>A Prefeitura de Colinas tamb\u00e9m promove o Concurso de Melhor Ornamenta\u00e7\u00e3o de P\u00e1scoa. As inscri\u00e7\u00f5es s\u00e3o gratuitas e devem ser realizadas at\u00e9 11 de abril, junto \u00e0 Secretaria de Educa\u00e7\u00e3o, Cultura, Turismo e Desporto. As decora\u00e7\u00f5es devem estar instaladas at\u00e9 o dia 13 de abril.<\/p>\n\n\n\n<p>As categorias premiadas com vale-compras no com\u00e9rcio local ser\u00e3o: Melhor Criatividade &#8211; Com\u00e9rcio\/Entidades (1\u00ba lugar: R$ 300; 2\u00ba lugar: R$ 200) e Melhor Criatividade &#8211; Resid\u00eancias (1\u00ba lugar: R$ 300; 2\u00ba lugar: R$ 200). As avalia\u00e7\u00f5es ocorrer\u00e3o entre 14 e 17 de abril, e o resultado ser\u00e1 divulgado no dia 18 de abril, na Pra\u00e7a dos P\u00e1ssaros. Mais informa\u00e7\u00f5es podem ser obtidas na secretaria.<\/p>\n\n\n\n<p><strong>Confira a programa\u00e7\u00e3o:<\/strong><\/p>\n\n\n\n<p><strong>S\u00e1bado (29\/3)<\/strong><\/p>\n\n\n\n<p>9h30 &#8211; Lan\u00e7amento com autoridades, imprensa e patrocinadores<\/p>\n\n\n\n<p><strong>Domingo (30\/3)<\/strong><\/p>\n\n\n\n<p>13h30 \u00e0s 18h &#8211; Ca\u00e7a ao ninho e passeio de trenzinho<\/p>\n\n\n\n<p>Local: Pra\u00e7a dos p\u00e1ssaros<\/p>\n\n\n\n<p><strong>5 de abril<\/strong><\/p>\n\n\n\n<p>9h30 &#8211; Encontro de Grupos Folcl\u00f3ricos<\/p>\n\n\n\n<p>13h30 &#8211; Ca\u00e7a ao ninho e passeio de trenzinho<\/p>\n\n\n\n<p>15h &#8211; Apresenta\u00e7\u00e3o da pe\u00e7a teatral \u201cA magia das coisas simples\u201d<\/p>\n\n\n\n<p>16h30 &#8211; Oficina de Conta\u00e7\u00e3o de Hist\u00f3rias<\/p>\n\n\n\n<p><strong>6 de abril<\/strong><\/p>\n\n\n\n<p>13h30 \u00e0s 18h &#8211; Ca\u00e7a ao Ninho e Passeio de Trenzinho<br>14h30 &#8211; Oficina de Conta\u00e7\u00e3o de Hist\u00f3rias, com Cristina M\u00fcller<br>15h e 16h30 &#8211; Apresenta\u00e7\u00e3o da pe\u00e7a teatral \u201cA magia das coisas simples\u201d<br>16h &#8211; Interven\u00e7\u00e3o Cultural &#8211; Coral do Cras<\/p>\n\n\n\n<p><strong>12 de abril<\/strong><br>13h30 \u00e0s 18h &#8211; Ca\u00e7a ao Ninho e Passeio de Trenzinho (Pra\u00e7a dos P\u00e1ssaros)<br>13h30 &#8211; Encontro de Orquestras<br>16h &#8211; Interven\u00e7\u00e3o Cultural &#8211; Coral Municipal<br><br><strong>13 de abril<\/strong><br>13h30 \u00e0s 18h &#8211; Ca\u00e7a ao Ninho e Passeio de Trenzinho<\/p>\n\n\n\n<p>15h &#8211; Oficina de Conta\u00e7\u00e3o de Hist\u00f3rias, com Cristina M\u00fcller<br>16h &#8211; Desfile Tem\u00e1tico: \u201cRenascimento e Reconstru\u00e7\u00e3o! Uma homenagem a n\u00f3s e a nossas cidades irm\u00e3s\u201d<\/p>\n\n\n\n<p><strong>18 de abril<\/strong><br>13h30 \u00e0s 18h &#8211; Ca\u00e7a ao Ninho e Passeio de Trenzinho<br>14h30 &#8211; Oficina de Conta\u00e7\u00e3o de Hist\u00f3rias, com Cristina M\u00fcller<br>15h e 16h30 &#8211; Apresenta\u00e7\u00e3o da pe\u00e7a teatral \u201cA magia das coisas simples\u201d<br>16h &#8211; Interven\u00e7\u00e3o Cultural &#8211; Coral Municipal Infantojuvenil<br><br><strong>19 de abril <\/strong><br>13h30 \u00e0s 18h &#8211; Ca\u00e7a ao Ninho e Passeio de Trenzinho<\/p>\n\n\n\n<p>15h &#8211; Oficina de Conta\u00e7\u00e3o de Hist\u00f3rias, com Cristina M\u00fcller<br>16h &#8211; Desfile Tem\u00e1tico: \u201cRenascimento e Reconstru\u00e7\u00e3o! Uma homenagem a n\u00f3s e a nossas cidades irm\u0101s\u201d<\/p>\n","protected":false},"excerpt":{"rendered":"<p>A Prefeitura de Colinas promove a \u201cP\u00e1scoa Encantada de Colinas: A Reconstru\u00e7\u00e3o\u201d a partir deste fim de semana, com lan\u00e7amento hoje (29\/3), \u00e0s 9h30. Apesar dos desafios do ano passado, o evento vem para \u201ctrazer de volta a esperan\u00e7a e a autoestima da popula\u00e7\u00e3o\u201d, segundo o prefeito Marcelo Schr\u00f6er. A P\u00e1scoa marca a retomada do [&hellip;]<\/p>\n","protected":false},"author":673,"featured_media":183445,"comment_status":"open","ping_status":"open","sticky":false,"template":"","format":"standard","meta":{"pmpro_default_level":"","_jetpack_memberships_contains_paid_content":false,"footnotes":""},"categories":[10996,2,6],"tags":[183,2367,8513,10329],"class_list":{"0":"post-183444","1":"post","2":"type-post","3":"status-publish","4":"format-standard","5":"has-post-thumbnail","7":"category-cultura","8":"category-featured","9":"category-inclusive","10":"tag-colinas","11":"tag-pascoa","12":"tag-pascoa-encantada","13":"tag-reconstrucao","14":"pmpro-has-access"},"yoast_head":"<!-- This site is optimized with the Yoast SEO plugin v27.5 - https:\/\/yoast.com\/product\/yoast-seo-wordpress\/ -->\n<title>Lan\u00e7amento oficial da P\u00e1scoa de Colinas ser\u00e1 na manh\u00e3 deste s\u00e1bado - Folha Popular<\/title>\n<meta name=\"robots\" content=\"index, follow, max-snippet:-1, max-image-preview:large, max-video-preview:-1\" \/>\n<link rel=\"canonical\" href=\"https:\/\/folhapopular.info\/index.php\/2025\/03\/29\/lancamento-oficial-da-pascoa-de-colinas-sera-na-manha-deste-sabado\/\" \/>\n<meta property=\"og:locale\" content=\"pt_BR\" \/>\n<meta property=\"og:type\" content=\"article\" \/>\n<meta property=\"og:title\" content=\"Lan\u00e7amento oficial da P\u00e1scoa de Colinas ser\u00e1 na manh\u00e3 deste s\u00e1bado - Folha Popular\" \/>\n<meta property=\"og:description\" content=\"A Prefeitura de Colinas promove a \u201cP\u00e1scoa Encantada de Colinas: A Reconstru\u00e7\u00e3o\u201d a partir deste fim de semana, com lan\u00e7amento hoje (29\/3), \u00e0s 9h30. Apesar dos desafios do ano passado, o evento vem para \u201ctrazer de volta a esperan\u00e7a e a autoestima da popula\u00e7\u00e3o\u201d, segundo o prefeito Marcelo Schr\u00f6er. A P\u00e1scoa marca a retomada do [&hellip;]\" \/>\n<meta property=\"og:url\" content=\"https:\/\/folhapopular.info\/index.php\/2025\/03\/29\/lancamento-oficial-da-pascoa-de-colinas-sera-na-manha-deste-sabado\/\" \/>\n<meta property=\"og:site_name\" content=\"Folha Popular\" \/>\n<meta property=\"article:published_time\" content=\"2025-03-29T11:00:00+00:00\" \/>\n<meta property=\"og:image\" content=\"https:\/\/folhapopular.info\/wp-content\/uploads\/2025\/03\/Praca-dos-Passaros-recebe-a-maior-parte-da-programacao_Angelica-Pott.jpeg\" \/>\n\t<meta property=\"og:image:width\" content=\"1280\" \/>\n\t<meta property=\"og:image:height\" content=\"853\" \/>\n\t<meta property=\"og:image:type\" content=\"image\/jpeg\" \/>\n<meta name=\"author\" content=\"Let\u00edcia Echer\" \/>\n<meta name=\"twitter:card\" content=\"summary_large_image\" \/>\n<meta name=\"twitter:label1\" content=\"Escrito por\" \/>\n\t<meta name=\"twitter:data1\" content=\"Let\u00edcia Echer\" \/>\n\t<meta name=\"twitter:label2\" content=\"Est. tempo de leitura\" \/>\n\t<meta name=\"twitter:data2\" content=\"4 minutos\" \/>\n<script type=\"application\/ld+json\" class=\"yoast-schema-graph\">{\"@context\":\"https:\\\/\\\/schema.org\",\"@graph\":[{\"@type\":\"Article\",\"@id\":\"https:\\\/\\\/folhapopular.info\\\/index.php\\\/2025\\\/03\\\/29\\\/lancamento-oficial-da-pascoa-de-colinas-sera-na-manha-deste-sabado\\\/#article\",\"isPartOf\":{\"@id\":\"https:\\\/\\\/folhapopular.info\\\/index.php\\\/2025\\\/03\\\/29\\\/lancamento-oficial-da-pascoa-de-colinas-sera-na-manha-deste-sabado\\\/\"},\"author\":{\"name\":\"Let\u00edcia Echer\",\"@id\":\"https:\\\/\\\/folhapopular.info\\\/#\\\/schema\\\/person\\\/52b95b9c1c41ec0e826e7518183d0cc0\"},\"headline\":\"Lan\u00e7amento oficial da P\u00e1scoa de Colinas ser\u00e1 na manh\u00e3 deste s\u00e1bado\",\"datePublished\":\"2025-03-29T11:00:00+00:00\",\"mainEntityOfPage\":{\"@id\":\"https:\\\/\\\/folhapopular.info\\\/index.php\\\/2025\\\/03\\\/29\\\/lancamento-oficial-da-pascoa-de-colinas-sera-na-manha-deste-sabado\\\/\"},\"wordCount\":732,\"commentCount\":0,\"image\":{\"@id\":\"https:\\\/\\\/folhapopular.info\\\/index.php\\\/2025\\\/03\\\/29\\\/lancamento-oficial-da-pascoa-de-colinas-sera-na-manha-deste-sabado\\\/#primaryimage\"},\"thumbnailUrl\":\"https:\\\/\\\/folhapopular.info\\\/wp-content\\\/uploads\\\/2025\\\/03\\\/Praca-dos-Passaros-recebe-a-maior-parte-da-programacao_Angelica-Pott.jpeg\",\"keywords\":[\"Colinas\",\"P\u00e1scoa\",\"P\u00e1scoa Encantada\",\"Reconstru\u00e7\u00e3o\"],\"articleSection\":[\"Cultura\",\"Destaques\",\"Inclusive\"],\"inLanguage\":\"pt-BR\",\"potentialAction\":[{\"@type\":\"CommentAction\",\"name\":\"Comment\",\"target\":[\"https:\\\/\\\/folhapopular.info\\\/index.php\\\/2025\\\/03\\\/29\\\/lancamento-oficial-da-pascoa-de-colinas-sera-na-manha-deste-sabado\\\/#respond\"]}]},{\"@type\":\"WebPage\",\"@id\":\"https:\\\/\\\/folhapopular.info\\\/index.php\\\/2025\\\/03\\\/29\\\/lancamento-oficial-da-pascoa-de-colinas-sera-na-manha-deste-sabado\\\/\",\"url\":\"https:\\\/\\\/folhapopular.info\\\/index.php\\\/2025\\\/03\\\/29\\\/lancamento-oficial-da-pascoa-de-colinas-sera-na-manha-deste-sabado\\\/\",\"name\":\"Lan\u00e7amento oficial da P\u00e1scoa de Colinas ser\u00e1 na manh\u00e3 deste s\u00e1bado - Folha Popular\",\"isPartOf\":{\"@id\":\"https:\\\/\\\/folhapopular.info\\\/#website\"},\"primaryImageOfPage\":{\"@id\":\"https:\\\/\\\/folhapopular.info\\\/index.php\\\/2025\\\/03\\\/29\\\/lancamento-oficial-da-pascoa-de-colinas-sera-na-manha-deste-sabado\\\/#primaryimage\"},\"image\":{\"@id\":\"https:\\\/\\\/folhapopular.info\\\/index.php\\\/2025\\\/03\\\/29\\\/lancamento-oficial-da-pascoa-de-colinas-sera-na-manha-deste-sabado\\\/#primaryimage\"},\"thumbnailUrl\":\"https:\\\/\\\/folhapopular.info\\\/wp-content\\\/uploads\\\/2025\\\/03\\\/Praca-dos-Passaros-recebe-a-maior-parte-da-programacao_Angelica-Pott.jpeg\",\"datePublished\":\"2025-03-29T11:00:00+00:00\",\"author\":{\"@id\":\"https:\\\/\\\/folhapopular.info\\\/#\\\/schema\\\/person\\\/52b95b9c1c41ec0e826e7518183d0cc0\"},\"breadcrumb\":{\"@id\":\"https:\\\/\\\/folhapopular.info\\\/index.php\\\/2025\\\/03\\\/29\\\/lancamento-oficial-da-pascoa-de-colinas-sera-na-manha-deste-sabado\\\/#breadcrumb\"},\"inLanguage\":\"pt-BR\",\"potentialAction\":[{\"@type\":\"ReadAction\",\"target\":[\"https:\\\/\\\/folhapopular.info\\\/index.php\\\/2025\\\/03\\\/29\\\/lancamento-oficial-da-pascoa-de-colinas-sera-na-manha-deste-sabado\\\/\"]}]},{\"@type\":\"ImageObject\",\"inLanguage\":\"pt-BR\",\"@id\":\"https:\\\/\\\/folhapopular.info\\\/index.php\\\/2025\\\/03\\\/29\\\/lancamento-oficial-da-pascoa-de-colinas-sera-na-manha-deste-sabado\\\/#primaryimage\",\"url\":\"https:\\\/\\\/folhapopular.info\\\/wp-content\\\/uploads\\\/2025\\\/03\\\/Praca-dos-Passaros-recebe-a-maior-parte-da-programacao_Angelica-Pott.jpeg\",\"contentUrl\":\"https:\\\/\\\/folhapopular.info\\\/wp-content\\\/uploads\\\/2025\\\/03\\\/Praca-dos-Passaros-recebe-a-maior-parte-da-programacao_Angelica-Pott.jpeg\",\"width\":1280,\"height\":853,\"caption\":\"Pra\u00e7a dos P\u00e1ssaros recebe a maior parte da programa\u00e7\u00e3o \\\/ Cr\u00e9dito: Ang\u00e9lica Pott\"},{\"@type\":\"BreadcrumbList\",\"@id\":\"https:\\\/\\\/folhapopular.info\\\/index.php\\\/2025\\\/03\\\/29\\\/lancamento-oficial-da-pascoa-de-colinas-sera-na-manha-deste-sabado\\\/#breadcrumb\",\"itemListElement\":[{\"@type\":\"ListItem\",\"position\":1,\"name\":\"In\u00edcio\",\"item\":\"https:\\\/\\\/folhapopular.info\\\/\"},{\"@type\":\"ListItem\",\"position\":2,\"name\":\"Lan\u00e7amento oficial da P\u00e1scoa de Colinas ser\u00e1 na manh\u00e3 deste s\u00e1bado\"}]},{\"@type\":\"WebSite\",\"@id\":\"https:\\\/\\\/folhapopular.info\\\/#website\",\"url\":\"https:\\\/\\\/folhapopular.info\\\/\",\"name\":\"Folha Popular\",\"description\":\"Onde voc\u00ea tem vez e voz\",\"potentialAction\":[{\"@type\":\"SearchAction\",\"target\":{\"@type\":\"EntryPoint\",\"urlTemplate\":\"https:\\\/\\\/folhapopular.info\\\/?s={search_term_string}\"},\"query-input\":{\"@type\":\"PropertyValueSpecification\",\"valueRequired\":true,\"valueName\":\"search_term_string\"}}],\"inLanguage\":\"pt-BR\"},{\"@type\":\"Person\",\"@id\":\"https:\\\/\\\/folhapopular.info\\\/#\\\/schema\\\/person\\\/52b95b9c1c41ec0e826e7518183d0cc0\",\"name\":\"Let\u00edcia Echer\",\"image\":{\"@type\":\"ImageObject\",\"inLanguage\":\"pt-BR\",\"@id\":\"https:\\\/\\\/secure.gravatar.com\\\/avatar\\\/303201b45d8f4e048c95808925ff8953fa7ebc0e52cb5b3af1fc9e3d52c95645?s=96&d=mm&r=g\",\"url\":\"https:\\\/\\\/secure.gravatar.com\\\/avatar\\\/303201b45d8f4e048c95808925ff8953fa7ebc0e52cb5b3af1fc9e3d52c95645?s=96&d=mm&r=g\",\"contentUrl\":\"https:\\\/\\\/secure.gravatar.com\\\/avatar\\\/303201b45d8f4e048c95808925ff8953fa7ebc0e52cb5b3af1fc9e3d52c95645?s=96&d=mm&r=g\",\"caption\":\"Let\u00edcia Echer\"},\"url\":\"https:\\\/\\\/folhapopular.info\\\/index.php\\\/author\\\/leticiaecher04gmail-com\\\/\"}]}<\/script>\n<!-- \/ Yoast SEO plugin. -->","yoast_head_json":{"title":"Lan\u00e7amento oficial da P\u00e1scoa de Colinas ser\u00e1 na manh\u00e3 deste s\u00e1bado - Folha Popular","robots":{"index":"index","follow":"follow","max-snippet":"max-snippet:-1","max-image-preview":"max-image-preview:large","max-video-preview":"max-video-preview:-1"},"canonical":"https:\/\/folhapopular.info\/index.php\/2025\/03\/29\/lancamento-oficial-da-pascoa-de-colinas-sera-na-manha-deste-sabado\/","og_locale":"pt_BR","og_type":"article","og_title":"Lan\u00e7amento oficial da P\u00e1scoa de Colinas ser\u00e1 na manh\u00e3 deste s\u00e1bado - Folha Popular","og_description":"A Prefeitura de Colinas promove a \u201cP\u00e1scoa Encantada de Colinas: A Reconstru\u00e7\u00e3o\u201d a partir deste fim de semana, com lan\u00e7amento hoje (29\/3), \u00e0s 9h30. Apesar dos desafios do ano passado, o evento vem para \u201ctrazer de volta a esperan\u00e7a e a autoestima da popula\u00e7\u00e3o\u201d, segundo o prefeito Marcelo Schr\u00f6er. A P\u00e1scoa marca a retomada do [&hellip;]","og_url":"https:\/\/folhapopular.info\/index.php\/2025\/03\/29\/lancamento-oficial-da-pascoa-de-colinas-sera-na-manha-deste-sabado\/","og_site_name":"Folha Popular","article_published_time":"2025-03-29T11:00:00+00:00","og_image":[{"width":1280,"height":853,"url":"https:\/\/folhapopular.info\/wp-content\/uploads\/2025\/03\/Praca-dos-Passaros-recebe-a-maior-parte-da-programacao_Angelica-Pott.jpeg","type":"image\/jpeg"}],"author":"Let\u00edcia Echer","twitter_card":"summary_large_image","twitter_misc":{"Escrito por":"Let\u00edcia Echer","Est. tempo de leitura":"4 minutos"},"schema":{"@context":"https:\/\/schema.org","@graph":[{"@type":"Article","@id":"https:\/\/folhapopular.info\/index.php\/2025\/03\/29\/lancamento-oficial-da-pascoa-de-colinas-sera-na-manha-deste-sabado\/#article","isPartOf":{"@id":"https:\/\/folhapopular.info\/index.php\/2025\/03\/29\/lancamento-oficial-da-pascoa-de-colinas-sera-na-manha-deste-sabado\/"},"author":{"name":"Let\u00edcia Echer","@id":"https:\/\/folhapopular.info\/#\/schema\/person\/52b95b9c1c41ec0e826e7518183d0cc0"},"headline":"Lan\u00e7amento oficial da P\u00e1scoa de Colinas ser\u00e1 na manh\u00e3 deste s\u00e1bado","datePublished":"2025-03-29T11:00:00+00:00","mainEntityOfPage":{"@id":"https:\/\/folhapopular.info\/index.php\/2025\/03\/29\/lancamento-oficial-da-pascoa-de-colinas-sera-na-manha-deste-sabado\/"},"wordCount":732,"commentCount":0,"image":{"@id":"https:\/\/folhapopular.info\/index.php\/2025\/03\/29\/lancamento-oficial-da-pascoa-de-colinas-sera-na-manha-deste-sabado\/#primaryimage"},"thumbnailUrl":"https:\/\/folhapopular.info\/wp-content\/uploads\/2025\/03\/Praca-dos-Passaros-recebe-a-maior-parte-da-programacao_Angelica-Pott.jpeg","keywords":["Colinas","P\u00e1scoa","P\u00e1scoa Encantada","Reconstru\u00e7\u00e3o"],"articleSection":["Cultura","Destaques","Inclusive"],"inLanguage":"pt-BR","potentialAction":[{"@type":"CommentAction","name":"Comment","target":["https:\/\/folhapopular.info\/index.php\/2025\/03\/29\/lancamento-oficial-da-pascoa-de-colinas-sera-na-manha-deste-sabado\/#respond"]}]},{"@type":"WebPage","@id":"https:\/\/folhapopular.info\/index.php\/2025\/03\/29\/lancamento-oficial-da-pascoa-de-colinas-sera-na-manha-deste-sabado\/","url":"https:\/\/folhapopular.info\/index.php\/2025\/03\/29\/lancamento-oficial-da-pascoa-de-colinas-sera-na-manha-deste-sabado\/","name":"Lan\u00e7amento oficial da P\u00e1scoa de Colinas ser\u00e1 na manh\u00e3 deste s\u00e1bado - Folha Popular","isPartOf":{"@id":"https:\/\/folhapopular.info\/#website"},"primaryImageOfPage":{"@id":"https:\/\/folhapopular.info\/index.php\/2025\/03\/29\/lancamento-oficial-da-pascoa-de-colinas-sera-na-manha-deste-sabado\/#primaryimage"},"image":{"@id":"https:\/\/folhapopular.info\/index.php\/2025\/03\/29\/lancamento-oficial-da-pascoa-de-colinas-sera-na-manha-deste-sabado\/#primaryimage"},"thumbnailUrl":"https:\/\/folhapopular.info\/wp-content\/uploads\/2025\/03\/Praca-dos-Passaros-recebe-a-maior-parte-da-programacao_Angelica-Pott.jpeg","datePublished":"2025-03-29T11:00:00+00:00","author":{"@id":"https:\/\/folhapopular.info\/#\/schema\/person\/52b95b9c1c41ec0e826e7518183d0cc0"},"breadcrumb":{"@id":"https:\/\/folhapopular.info\/index.php\/2025\/03\/29\/lancamento-oficial-da-pascoa-de-colinas-sera-na-manha-deste-sabado\/#breadcrumb"},"inLanguage":"pt-BR","potentialAction":[{"@type":"ReadAction","target":["https:\/\/folhapopular.info\/index.php\/2025\/03\/29\/lancamento-oficial-da-pascoa-de-colinas-sera-na-manha-deste-sabado\/"]}]},{"@type":"ImageObject","inLanguage":"pt-BR","@id":"https:\/\/folhapopular.info\/index.php\/2025\/03\/29\/lancamento-oficial-da-pascoa-de-colinas-sera-na-manha-deste-sabado\/#primaryimage","url":"https:\/\/folhapopular.info\/wp-content\/uploads\/2025\/03\/Praca-dos-Passaros-recebe-a-maior-parte-da-programacao_Angelica-Pott.jpeg","contentUrl":"https:\/\/folhapopular.info\/wp-content\/uploads\/2025\/03\/Praca-dos-Passaros-recebe-a-maior-parte-da-programacao_Angelica-Pott.jpeg","width":1280,"height":853,"caption":"Pra\u00e7a dos P\u00e1ssaros recebe a maior parte da programa\u00e7\u00e3o \/ Cr\u00e9dito: Ang\u00e9lica Pott"},{"@type":"BreadcrumbList","@id":"https:\/\/folhapopular.info\/index.php\/2025\/03\/29\/lancamento-oficial-da-pascoa-de-colinas-sera-na-manha-deste-sabado\/#breadcrumb","itemListElement":[{"@type":"ListItem","position":1,"name":"In\u00edcio","item":"https:\/\/folhapopular.info\/"},{"@type":"ListItem","position":2,"name":"Lan\u00e7amento oficial da P\u00e1scoa de Colinas ser\u00e1 na manh\u00e3 deste s\u00e1bado"}]},{"@type":"WebSite","@id":"https:\/\/folhapopular.info\/#website","url":"https:\/\/folhapopular.info\/","name":"Folha Popular","description":"Onde voc\u00ea tem vez e voz","potentialAction":[{"@type":"SearchAction","target":{"@type":"EntryPoint","urlTemplate":"https:\/\/folhapopular.info\/?s={search_term_string}"},"query-input":{"@type":"PropertyValueSpecification","valueRequired":true,"valueName":"search_term_string"}}],"inLanguage":"pt-BR"},{"@type":"Person","@id":"https:\/\/folhapopular.info\/#\/schema\/person\/52b95b9c1c41ec0e826e7518183d0cc0","name":"Let\u00edcia Echer","image":{"@type":"ImageObject","inLanguage":"pt-BR","@id":"https:\/\/secure.gravatar.com\/avatar\/303201b45d8f4e048c95808925ff8953fa7ebc0e52cb5b3af1fc9e3d52c95645?s=96&d=mm&r=g","url":"https:\/\/secure.gravatar.com\/avatar\/303201b45d8f4e048c95808925ff8953fa7ebc0e52cb5b3af1fc9e3d52c95645?s=96&d=mm&r=g","contentUrl":"https:\/\/secure.gravatar.com\/avatar\/303201b45d8f4e048c95808925ff8953fa7ebc0e52cb5b3af1fc9e3d52c95645?s=96&d=mm&r=g","caption":"Let\u00edcia Echer"},"url":"https:\/\/folhapopular.info\/index.php\/author\/leticiaecher04gmail-com\/"}]}},"jetpack_featured_media_url":"https:\/\/folhapopular.info\/wp-content\/uploads\/2025\/03\/Praca-dos-Passaros-recebe-a-maior-parte-da-programacao_Angelica-Pott.jpeg","jetpack_sharing_enabled":true,"amp_enabled":true,"_links":{"self":[{"href":"https:\/\/folhapopular.info\/index.php\/wp-json\/wp\/v2\/posts\/183444","targetHints":{"allow":["GET"]}}],"collection":[{"href":"https:\/\/folhapopular.info\/index.php\/wp-json\/wp\/v2\/posts"}],"about":[{"href":"https:\/\/folhapopular.info\/index.php\/wp-json\/wp\/v2\/types\/post"}],"author":[{"embeddable":true,"href":"https:\/\/folhapopular.info\/index.php\/wp-json\/wp\/v2\/users\/673"}],"replies":[{"embeddable":true,"href":"https:\/\/folhapopular.info\/index.php\/wp-json\/wp\/v2\/comments?post=183444"}],"version-history":[{"count":0,"href":"https:\/\/folhapopular.info\/index.php\/wp-json\/wp\/v2\/posts\/183444\/revisions"}],"wp:featuredmedia":[{"embeddable":true,"href":"https:\/\/folhapopular.info\/index.php\/wp-json\/wp\/v2\/media\/183445"}],"wp:attachment":[{"href":"https:\/\/folhapopular.info\/index.php\/wp-json\/wp\/v2\/media?parent=183444"}],"wp:term":[{"taxonomy":"category","embeddable":true,"href":"https:\/\/folhapopular.info\/index.php\/wp-json\/wp\/v2\/categories?post=183444"},{"taxonomy":"post_tag","embeddable":true,"href":"https:\/\/folhapopular.info\/index.php\/wp-json\/wp\/v2\/tags?post=183444"}],"curies":[{"name":"wp","href":"https:\/\/api.w.org\/{rel}","templated":true}]}}