{"id":183479,"date":"2025-03-29T09:19:53","date_gmt":"2025-03-29T12:19:53","guid":{"rendered":"https:\/\/folhapopular.info\/?p=183479"},"modified":"2025-03-29T09:20:05","modified_gmt":"2025-03-29T12:20:05","slug":"ampliacao-da-rede-eletrica-e-aquisicao-de-caminhao-aos-bombeiros-imicol-entre-os-13-projetos-aprovados-em-imigrante","status":"publish","type":"post","link":"https:\/\/folhapopular.info\/index.php\/2025\/03\/29\/ampliacao-da-rede-eletrica-e-aquisicao-de-caminhao-aos-bombeiros-imicol-entre-os-13-projetos-aprovados-em-imigrante\/","title":{"rendered":"Amplia\u00e7\u00e3o da rede el\u00e9trica e aquisi\u00e7\u00e3o de caminh\u00e3o aos bombeiros Imicol entre os 13 projetos aprovados em Imigrante"},"content":{"rendered":"\n<p>Ocorreu, na noite de quarta-feira (26\/3), a sess\u00e3o ordin\u00e1ria da C\u00e2mara de Vereadores de Imigrante, e tamb\u00e9m a primeira sess\u00e3o da C\u00e2mara Mirim do exerc\u00edcio vigente. O presidente da mesa, Juliano Zuchi (MDB), iniciou a sess\u00e3o desejando boas-vindas aos novos vereadores mirins, agradeceu e parabenizou os jovens pela representatividade dentro de suas respectivas escolas. Na sess\u00e3o ordin\u00e1ria, foram aprovados 13 projetos de lei do Poder Executivo e uma indica\u00e7\u00e3o do Legislativo por unanimidade de votos.<\/p>\n\n\n\n<p>O <strong>projeto de <\/strong><strong>n\u00b0 040\/2025<\/strong>, baixado na sess\u00e3o anterior, altera a lei municipal n\u00ba 2.446\/2022, que estabelece o novo Plano de Carreira do Magist\u00e9rio P\u00fablico de Imigrante e amplia duas vagas para cargo de professor at\u00e9 22h semanais, conforme o padr\u00e3o QM-01.<\/p>\n\n\n\n<p>O de <strong>n\u00ba 042\/2025<\/strong>autoriza o Munic\u00edpio a formalizar termo de acordo com a EGR para a execu\u00e7\u00e3o de extens\u00e3o de rede de energia el\u00e9trica. Para tal, o Executivo pagar\u00e1 R$ 49.251,42 \u00e0 permission\u00e1ria.<\/p>\n\n\n\n<p>O <strong>n\u00ba 043\/2025<\/strong>autoriza a abertura de cr\u00e9dito especial de R$ 18.400,00 para subs\u00eddio de loca\u00e7\u00e3o comercial da Secretaria de Agricultura, Meio Ambiente e Desenvolvimento Econ\u00f4mico.<\/p>\n\n\n\n<p>Os de <strong>n\u00ba 044\/2025<\/strong><strong> e 045\/2025<\/strong> autorizam a abertura de cr\u00e9ditos suplementares de R$ 16.195,45 e R$ 10 mil para pagamento da remunera\u00e7\u00e3o de profissionais p\u00fablicos e terceirizados da Assist\u00eancia Social.<\/p>\n\n\n\n<p>O <strong>n\u00ba 046\/2025<\/strong> autoriza a abertura de cr\u00e9dito suplementar de R$ 50 mil para custear exames e procedimentos de Sa\u00fade de m\u00e9dia e alta complexidades.<\/p>\n\n\n\n<p>Os de <strong>n\u00ba 047\/2025<\/strong> e<strong> 048\/2025<\/strong> autorizam a abertura de cr\u00e9ditos suplementares de R$ 9.016,26 e R$ 15.190,35 para pagamento de servi\u00e7os de Inform\u00e1tica.<\/p>\n\n\n\n<p>O <strong>n\u00ba<\/strong><strong>049\/2025<\/strong> autoriza a abertura de cr\u00e9dito suplementar de R$ 24.619,62 para aquisi\u00e7\u00e3o de equipamentos e mobili\u00e1rio para a Secretaria de Sa\u00fade e Assist\u00eancia Social.<\/p>\n\n\n\n<p>O <strong>n\u00ba<\/strong><strong>050\/2025<\/strong> autoriza a abertura de cr\u00e9dito especial de R$ 46.800,00 para transporte de alunos dos cursos t\u00e9cnicos.<\/p>\n\n\n\n<p>O <strong>n\u00ba 051\/2025<\/strong> autoriza a abertura de cr\u00e9dito suplementar de R$ 317.641,00 para aux\u00edlio no custeio do espet\u00e1culo Paix\u00e3o de Cristo.<\/p>\n\n\n\n<p>O <strong>n\u00ba<\/strong><strong>052\/2025<\/strong> autoriza o Munic\u00edpio a conceder aux\u00edlio de R$ 50 mil para a Associa\u00e7\u00e3o Corpo de Bombeiros Volunt\u00e1rios Imicol para a compra de caminh\u00e3o de combate a inc\u00eandios.<\/p>\n\n\n\n<p>O <strong>n<\/strong><strong>\u00ba<\/strong><strong>053\/2025<\/strong> autoriza a abertura de cr\u00e9dito especial de R$ 409.640,00 para servi\u00e7os de engenharia e horas-m\u00e1quina.<\/p>\n\n\n\n<p>A <strong>i<\/strong><strong>ndica\u00e7\u00e3o <\/strong><strong>n<\/strong><strong>\u00ba 006\/2025<\/strong> <strong>(<\/strong><strong>Ana Patr\u00edcia Funke<\/strong><strong>)<\/strong> pede ao Poder Executivo a manuten\u00e7\u00e3o e coloca\u00e7\u00e3o de elevada na Rua Pastor Heinrich Brackemeier, em frente \u00e0 Escola Municipal Arco-\u00cdris.<\/p>\n\n\n\n<p>A pr\u00f3xima sess\u00e3o ordin\u00e1ria ser\u00e1 realizada no dia 9 de abril, \u00e0s 19h30.<\/p>\n","protected":false},"excerpt":{"rendered":"<p>Ocorreu, na noite de quarta-feira (26\/3), a sess\u00e3o ordin\u00e1ria da C\u00e2mara de Vereadores de Imigrante, e tamb\u00e9m a primeira sess\u00e3o da C\u00e2mara Mirim do exerc\u00edcio vigente. O presidente da mesa, Juliano Zuchi (MDB), iniciou a sess\u00e3o desejando boas-vindas aos novos vereadores mirins, agradeceu e parabenizou os jovens pela representatividade dentro de suas respectivas escolas. Na [&hellip;]<\/p>\n","protected":false},"author":705,"featured_media":183481,"comment_status":"open","ping_status":"open","sticky":false,"template":"","format":"standard","meta":{"pmpro_default_level":"","_jetpack_memberships_contains_paid_content":false,"footnotes":""},"categories":[18239,10985],"tags":[13407,646,34],"class_list":{"0":"post-183479","1":"post","2":"type-post","3":"status-publish","4":"format-standard","5":"has-post-thumbnail","7":"category-camara-de-vereadores-de-teutonia","8":"category-politica","9":"tag-bombeiros-imicol","10":"tag-camara-de-vereadores","11":"tag-imigrante","12":"pmpro-has-access"},"yoast_head":"<!-- This site is optimized with the Yoast SEO plugin v27.5 - https:\/\/yoast.com\/product\/yoast-seo-wordpress\/ -->\n<title>Amplia\u00e7\u00e3o da rede el\u00e9trica e aquisi\u00e7\u00e3o de caminh\u00e3o aos bombeiros Imicol entre os 13 projetos aprovados em Imigrante - Folha Popular<\/title>\n<meta name=\"robots\" content=\"index, follow, max-snippet:-1, max-image-preview:large, max-video-preview:-1\" \/>\n<link rel=\"canonical\" href=\"https:\/\/folhapopular.info\/index.php\/2025\/03\/29\/ampliacao-da-rede-eletrica-e-aquisicao-de-caminhao-aos-bombeiros-imicol-entre-os-13-projetos-aprovados-em-imigrante\/\" \/>\n<meta property=\"og:locale\" content=\"pt_BR\" \/>\n<meta property=\"og:type\" content=\"article\" \/>\n<meta property=\"og:title\" content=\"Amplia\u00e7\u00e3o da rede el\u00e9trica e aquisi\u00e7\u00e3o de caminh\u00e3o aos bombeiros Imicol entre os 13 projetos aprovados em Imigrante - Folha Popular\" \/>\n<meta property=\"og:description\" content=\"Ocorreu, na noite de quarta-feira (26\/3), a sess\u00e3o ordin\u00e1ria da C\u00e2mara de Vereadores de Imigrante, e tamb\u00e9m a primeira sess\u00e3o da C\u00e2mara Mirim do exerc\u00edcio vigente. O presidente da mesa, Juliano Zuchi (MDB), iniciou a sess\u00e3o desejando boas-vindas aos novos vereadores mirins, agradeceu e parabenizou os jovens pela representatividade dentro de suas respectivas escolas. Na [&hellip;]\" \/>\n<meta property=\"og:url\" content=\"https:\/\/folhapopular.info\/index.php\/2025\/03\/29\/ampliacao-da-rede-eletrica-e-aquisicao-de-caminhao-aos-bombeiros-imicol-entre-os-13-projetos-aprovados-em-imigrante\/\" \/>\n<meta property=\"og:site_name\" content=\"Folha Popular\" \/>\n<meta property=\"article:published_time\" content=\"2025-03-29T12:19:53+00:00\" \/>\n<meta property=\"article:modified_time\" content=\"2025-03-29T12:20:05+00:00\" \/>\n<meta property=\"og:image\" content=\"http:\/\/folhapopular.info\/wp-content\/uploads\/2025\/03\/WhatsApp-Image-2025-03-26-at-21.55.20.jpeg\" \/>\n\t<meta property=\"og:image:width\" content=\"1600\" \/>\n\t<meta property=\"og:image:height\" content=\"1200\" \/>\n\t<meta property=\"og:image:type\" content=\"image\/jpeg\" \/>\n<meta name=\"author\" content=\"Bianca Let\u00edcia Fritscher\" \/>\n<meta name=\"twitter:card\" content=\"summary_large_image\" \/>\n<meta name=\"twitter:label1\" content=\"Escrito por\" \/>\n\t<meta name=\"twitter:data1\" content=\"Bianca Let\u00edcia Fritscher\" \/>\n\t<meta name=\"twitter:label2\" content=\"Est. tempo de leitura\" \/>\n\t<meta name=\"twitter:data2\" content=\"3 minutos\" \/>\n<script type=\"application\/ld+json\" class=\"yoast-schema-graph\">{\"@context\":\"https:\\\/\\\/schema.org\",\"@graph\":[{\"@type\":\"Article\",\"@id\":\"https:\\\/\\\/folhapopular.info\\\/index.php\\\/2025\\\/03\\\/29\\\/ampliacao-da-rede-eletrica-e-aquisicao-de-caminhao-aos-bombeiros-imicol-entre-os-13-projetos-aprovados-em-imigrante\\\/#article\",\"isPartOf\":{\"@id\":\"https:\\\/\\\/folhapopular.info\\\/index.php\\\/2025\\\/03\\\/29\\\/ampliacao-da-rede-eletrica-e-aquisicao-de-caminhao-aos-bombeiros-imicol-entre-os-13-projetos-aprovados-em-imigrante\\\/\"},\"author\":{\"name\":\"Bianca Let\u00edcia Fritscher\",\"@id\":\"https:\\\/\\\/folhapopular.info\\\/#\\\/schema\\\/person\\\/6cabf7c76b049b2d4ff702285a81746e\"},\"headline\":\"Amplia\u00e7\u00e3o da rede el\u00e9trica e aquisi\u00e7\u00e3o de caminh\u00e3o aos bombeiros Imicol entre os 13 projetos aprovados em Imigrante\",\"datePublished\":\"2025-03-29T12:19:53+00:00\",\"dateModified\":\"2025-03-29T12:20:05+00:00\",\"mainEntityOfPage\":{\"@id\":\"https:\\\/\\\/folhapopular.info\\\/index.php\\\/2025\\\/03\\\/29\\\/ampliacao-da-rede-eletrica-e-aquisicao-de-caminhao-aos-bombeiros-imicol-entre-os-13-projetos-aprovados-em-imigrante\\\/\"},\"wordCount\":464,\"commentCount\":0,\"image\":{\"@id\":\"https:\\\/\\\/folhapopular.info\\\/index.php\\\/2025\\\/03\\\/29\\\/ampliacao-da-rede-eletrica-e-aquisicao-de-caminhao-aos-bombeiros-imicol-entre-os-13-projetos-aprovados-em-imigrante\\\/#primaryimage\"},\"thumbnailUrl\":\"https:\\\/\\\/folhapopular.info\\\/wp-content\\\/uploads\\\/2025\\\/03\\\/WhatsApp-Image-2025-03-26-at-21.55.20.jpeg\",\"keywords\":[\"Bombeiros Imicol\",\"C\u00e2mara de Vereadores\",\"Imigrante\"],\"articleSection\":[\"C\u00e2mara de Vereadores de Teut\u00f4nia\",\"Pol\u00edtica\"],\"inLanguage\":\"pt-BR\",\"potentialAction\":[{\"@type\":\"CommentAction\",\"name\":\"Comment\",\"target\":[\"https:\\\/\\\/folhapopular.info\\\/index.php\\\/2025\\\/03\\\/29\\\/ampliacao-da-rede-eletrica-e-aquisicao-de-caminhao-aos-bombeiros-imicol-entre-os-13-projetos-aprovados-em-imigrante\\\/#respond\"]}]},{\"@type\":\"WebPage\",\"@id\":\"https:\\\/\\\/folhapopular.info\\\/index.php\\\/2025\\\/03\\\/29\\\/ampliacao-da-rede-eletrica-e-aquisicao-de-caminhao-aos-bombeiros-imicol-entre-os-13-projetos-aprovados-em-imigrante\\\/\",\"url\":\"https:\\\/\\\/folhapopular.info\\\/index.php\\\/2025\\\/03\\\/29\\\/ampliacao-da-rede-eletrica-e-aquisicao-de-caminhao-aos-bombeiros-imicol-entre-os-13-projetos-aprovados-em-imigrante\\\/\",\"name\":\"Amplia\u00e7\u00e3o da rede el\u00e9trica e aquisi\u00e7\u00e3o de caminh\u00e3o aos bombeiros Imicol entre os 13 projetos aprovados em Imigrante - Folha Popular\",\"isPartOf\":{\"@id\":\"https:\\\/\\\/folhapopular.info\\\/#website\"},\"primaryImageOfPage\":{\"@id\":\"https:\\\/\\\/folhapopular.info\\\/index.php\\\/2025\\\/03\\\/29\\\/ampliacao-da-rede-eletrica-e-aquisicao-de-caminhao-aos-bombeiros-imicol-entre-os-13-projetos-aprovados-em-imigrante\\\/#primaryimage\"},\"image\":{\"@id\":\"https:\\\/\\\/folhapopular.info\\\/index.php\\\/2025\\\/03\\\/29\\\/ampliacao-da-rede-eletrica-e-aquisicao-de-caminhao-aos-bombeiros-imicol-entre-os-13-projetos-aprovados-em-imigrante\\\/#primaryimage\"},\"thumbnailUrl\":\"https:\\\/\\\/folhapopular.info\\\/wp-content\\\/uploads\\\/2025\\\/03\\\/WhatsApp-Image-2025-03-26-at-21.55.20.jpeg\",\"datePublished\":\"2025-03-29T12:19:53+00:00\",\"dateModified\":\"2025-03-29T12:20:05+00:00\",\"author\":{\"@id\":\"https:\\\/\\\/folhapopular.info\\\/#\\\/schema\\\/person\\\/6cabf7c76b049b2d4ff702285a81746e\"},\"breadcrumb\":{\"@id\":\"https:\\\/\\\/folhapopular.info\\\/index.php\\\/2025\\\/03\\\/29\\\/ampliacao-da-rede-eletrica-e-aquisicao-de-caminhao-aos-bombeiros-imicol-entre-os-13-projetos-aprovados-em-imigrante\\\/#breadcrumb\"},\"inLanguage\":\"pt-BR\",\"potentialAction\":[{\"@type\":\"ReadAction\",\"target\":[\"https:\\\/\\\/folhapopular.info\\\/index.php\\\/2025\\\/03\\\/29\\\/ampliacao-da-rede-eletrica-e-aquisicao-de-caminhao-aos-bombeiros-imicol-entre-os-13-projetos-aprovados-em-imigrante\\\/\"]}]},{\"@type\":\"ImageObject\",\"inLanguage\":\"pt-BR\",\"@id\":\"https:\\\/\\\/folhapopular.info\\\/index.php\\\/2025\\\/03\\\/29\\\/ampliacao-da-rede-eletrica-e-aquisicao-de-caminhao-aos-bombeiros-imicol-entre-os-13-projetos-aprovados-em-imigrante\\\/#primaryimage\",\"url\":\"https:\\\/\\\/folhapopular.info\\\/wp-content\\\/uploads\\\/2025\\\/03\\\/WhatsApp-Image-2025-03-26-at-21.55.20.jpeg\",\"contentUrl\":\"https:\\\/\\\/folhapopular.info\\\/wp-content\\\/uploads\\\/2025\\\/03\\\/WhatsApp-Image-2025-03-26-at-21.55.20.jpeg\",\"width\":1600,\"height\":1200,\"caption\":\"Dos 13 projetos, 10 s\u00e3o referentes \u00e0 abertura de cr\u00e9ditos suplementares e especial \\\/ Cr\u00e9dito: Bianca Let\u00edcia Fritscher - Especial FP\"},{\"@type\":\"BreadcrumbList\",\"@id\":\"https:\\\/\\\/folhapopular.info\\\/index.php\\\/2025\\\/03\\\/29\\\/ampliacao-da-rede-eletrica-e-aquisicao-de-caminhao-aos-bombeiros-imicol-entre-os-13-projetos-aprovados-em-imigrante\\\/#breadcrumb\",\"itemListElement\":[{\"@type\":\"ListItem\",\"position\":1,\"name\":\"In\u00edcio\",\"item\":\"https:\\\/\\\/folhapopular.info\\\/\"},{\"@type\":\"ListItem\",\"position\":2,\"name\":\"Amplia\u00e7\u00e3o da rede el\u00e9trica e aquisi\u00e7\u00e3o de caminh\u00e3o aos bombeiros Imicol entre os 13 projetos aprovados em Imigrante\"}]},{\"@type\":\"WebSite\",\"@id\":\"https:\\\/\\\/folhapopular.info\\\/#website\",\"url\":\"https:\\\/\\\/folhapopular.info\\\/\",\"name\":\"Folha Popular\",\"description\":\"Onde voc\u00ea tem vez e voz\",\"potentialAction\":[{\"@type\":\"SearchAction\",\"target\":{\"@type\":\"EntryPoint\",\"urlTemplate\":\"https:\\\/\\\/folhapopular.info\\\/?s={search_term_string}\"},\"query-input\":{\"@type\":\"PropertyValueSpecification\",\"valueRequired\":true,\"valueName\":\"search_term_string\"}}],\"inLanguage\":\"pt-BR\"},{\"@type\":\"Person\",\"@id\":\"https:\\\/\\\/folhapopular.info\\\/#\\\/schema\\\/person\\\/6cabf7c76b049b2d4ff702285a81746e\",\"name\":\"Bianca Let\u00edcia Fritscher\",\"image\":{\"@type\":\"ImageObject\",\"inLanguage\":\"pt-BR\",\"@id\":\"https:\\\/\\\/secure.gravatar.com\\\/avatar\\\/d35e69df261686f72acb2795e53ece0af947e794c76c316440e7d5b1040b8e46?s=96&d=mm&r=g\",\"url\":\"https:\\\/\\\/secure.gravatar.com\\\/avatar\\\/d35e69df261686f72acb2795e53ece0af947e794c76c316440e7d5b1040b8e46?s=96&d=mm&r=g\",\"contentUrl\":\"https:\\\/\\\/secure.gravatar.com\\\/avatar\\\/d35e69df261686f72acb2795e53ece0af947e794c76c316440e7d5b1040b8e46?s=96&d=mm&r=g\",\"caption\":\"Bianca Let\u00edcia Fritscher\"},\"url\":\"https:\\\/\\\/folhapopular.info\\\/index.php\\\/author\\\/biafritscherhotmail-com\\\/\"}]}<\/script>\n<!-- \/ Yoast SEO plugin. -->","yoast_head_json":{"title":"Amplia\u00e7\u00e3o da rede el\u00e9trica e aquisi\u00e7\u00e3o de caminh\u00e3o aos bombeiros Imicol entre os 13 projetos aprovados em Imigrante - Folha Popular","robots":{"index":"index","follow":"follow","max-snippet":"max-snippet:-1","max-image-preview":"max-image-preview:large","max-video-preview":"max-video-preview:-1"},"canonical":"https:\/\/folhapopular.info\/index.php\/2025\/03\/29\/ampliacao-da-rede-eletrica-e-aquisicao-de-caminhao-aos-bombeiros-imicol-entre-os-13-projetos-aprovados-em-imigrante\/","og_locale":"pt_BR","og_type":"article","og_title":"Amplia\u00e7\u00e3o da rede el\u00e9trica e aquisi\u00e7\u00e3o de caminh\u00e3o aos bombeiros Imicol entre os 13 projetos aprovados em Imigrante - Folha Popular","og_description":"Ocorreu, na noite de quarta-feira (26\/3), a sess\u00e3o ordin\u00e1ria da C\u00e2mara de Vereadores de Imigrante, e tamb\u00e9m a primeira sess\u00e3o da C\u00e2mara Mirim do exerc\u00edcio vigente. O presidente da mesa, Juliano Zuchi (MDB), iniciou a sess\u00e3o desejando boas-vindas aos novos vereadores mirins, agradeceu e parabenizou os jovens pela representatividade dentro de suas respectivas escolas. Na [&hellip;]","og_url":"https:\/\/folhapopular.info\/index.php\/2025\/03\/29\/ampliacao-da-rede-eletrica-e-aquisicao-de-caminhao-aos-bombeiros-imicol-entre-os-13-projetos-aprovados-em-imigrante\/","og_site_name":"Folha Popular","article_published_time":"2025-03-29T12:19:53+00:00","article_modified_time":"2025-03-29T12:20:05+00:00","og_image":[{"width":1600,"height":1200,"url":"http:\/\/folhapopular.info\/wp-content\/uploads\/2025\/03\/WhatsApp-Image-2025-03-26-at-21.55.20.jpeg","type":"image\/jpeg"}],"author":"Bianca Let\u00edcia Fritscher","twitter_card":"summary_large_image","twitter_misc":{"Escrito por":"Bianca Let\u00edcia Fritscher","Est. tempo de leitura":"3 minutos"},"schema":{"@context":"https:\/\/schema.org","@graph":[{"@type":"Article","@id":"https:\/\/folhapopular.info\/index.php\/2025\/03\/29\/ampliacao-da-rede-eletrica-e-aquisicao-de-caminhao-aos-bombeiros-imicol-entre-os-13-projetos-aprovados-em-imigrante\/#article","isPartOf":{"@id":"https:\/\/folhapopular.info\/index.php\/2025\/03\/29\/ampliacao-da-rede-eletrica-e-aquisicao-de-caminhao-aos-bombeiros-imicol-entre-os-13-projetos-aprovados-em-imigrante\/"},"author":{"name":"Bianca Let\u00edcia Fritscher","@id":"https:\/\/folhapopular.info\/#\/schema\/person\/6cabf7c76b049b2d4ff702285a81746e"},"headline":"Amplia\u00e7\u00e3o da rede el\u00e9trica e aquisi\u00e7\u00e3o de caminh\u00e3o aos bombeiros Imicol entre os 13 projetos aprovados em Imigrante","datePublished":"2025-03-29T12:19:53+00:00","dateModified":"2025-03-29T12:20:05+00:00","mainEntityOfPage":{"@id":"https:\/\/folhapopular.info\/index.php\/2025\/03\/29\/ampliacao-da-rede-eletrica-e-aquisicao-de-caminhao-aos-bombeiros-imicol-entre-os-13-projetos-aprovados-em-imigrante\/"},"wordCount":464,"commentCount":0,"image":{"@id":"https:\/\/folhapopular.info\/index.php\/2025\/03\/29\/ampliacao-da-rede-eletrica-e-aquisicao-de-caminhao-aos-bombeiros-imicol-entre-os-13-projetos-aprovados-em-imigrante\/#primaryimage"},"thumbnailUrl":"https:\/\/folhapopular.info\/wp-content\/uploads\/2025\/03\/WhatsApp-Image-2025-03-26-at-21.55.20.jpeg","keywords":["Bombeiros Imicol","C\u00e2mara de Vereadores","Imigrante"],"articleSection":["C\u00e2mara de Vereadores de Teut\u00f4nia","Pol\u00edtica"],"inLanguage":"pt-BR","potentialAction":[{"@type":"CommentAction","name":"Comment","target":["https:\/\/folhapopular.info\/index.php\/2025\/03\/29\/ampliacao-da-rede-eletrica-e-aquisicao-de-caminhao-aos-bombeiros-imicol-entre-os-13-projetos-aprovados-em-imigrante\/#respond"]}]},{"@type":"WebPage","@id":"https:\/\/folhapopular.info\/index.php\/2025\/03\/29\/ampliacao-da-rede-eletrica-e-aquisicao-de-caminhao-aos-bombeiros-imicol-entre-os-13-projetos-aprovados-em-imigrante\/","url":"https:\/\/folhapopular.info\/index.php\/2025\/03\/29\/ampliacao-da-rede-eletrica-e-aquisicao-de-caminhao-aos-bombeiros-imicol-entre-os-13-projetos-aprovados-em-imigrante\/","name":"Amplia\u00e7\u00e3o da rede el\u00e9trica e aquisi\u00e7\u00e3o de caminh\u00e3o aos bombeiros Imicol entre os 13 projetos aprovados em Imigrante - Folha Popular","isPartOf":{"@id":"https:\/\/folhapopular.info\/#website"},"primaryImageOfPage":{"@id":"https:\/\/folhapopular.info\/index.php\/2025\/03\/29\/ampliacao-da-rede-eletrica-e-aquisicao-de-caminhao-aos-bombeiros-imicol-entre-os-13-projetos-aprovados-em-imigrante\/#primaryimage"},"image":{"@id":"https:\/\/folhapopular.info\/index.php\/2025\/03\/29\/ampliacao-da-rede-eletrica-e-aquisicao-de-caminhao-aos-bombeiros-imicol-entre-os-13-projetos-aprovados-em-imigrante\/#primaryimage"},"thumbnailUrl":"https:\/\/folhapopular.info\/wp-content\/uploads\/2025\/03\/WhatsApp-Image-2025-03-26-at-21.55.20.jpeg","datePublished":"2025-03-29T12:19:53+00:00","dateModified":"2025-03-29T12:20:05+00:00","author":{"@id":"https:\/\/folhapopular.info\/#\/schema\/person\/6cabf7c76b049b2d4ff702285a81746e"},"breadcrumb":{"@id":"https:\/\/folhapopular.info\/index.php\/2025\/03\/29\/ampliacao-da-rede-eletrica-e-aquisicao-de-caminhao-aos-bombeiros-imicol-entre-os-13-projetos-aprovados-em-imigrante\/#breadcrumb"},"inLanguage":"pt-BR","potentialAction":[{"@type":"ReadAction","target":["https:\/\/folhapopular.info\/index.php\/2025\/03\/29\/ampliacao-da-rede-eletrica-e-aquisicao-de-caminhao-aos-bombeiros-imicol-entre-os-13-projetos-aprovados-em-imigrante\/"]}]},{"@type":"ImageObject","inLanguage":"pt-BR","@id":"https:\/\/folhapopular.info\/index.php\/2025\/03\/29\/ampliacao-da-rede-eletrica-e-aquisicao-de-caminhao-aos-bombeiros-imicol-entre-os-13-projetos-aprovados-em-imigrante\/#primaryimage","url":"https:\/\/folhapopular.info\/wp-content\/uploads\/2025\/03\/WhatsApp-Image-2025-03-26-at-21.55.20.jpeg","contentUrl":"https:\/\/folhapopular.info\/wp-content\/uploads\/2025\/03\/WhatsApp-Image-2025-03-26-at-21.55.20.jpeg","width":1600,"height":1200,"caption":"Dos 13 projetos, 10 s\u00e3o referentes \u00e0 abertura de cr\u00e9ditos suplementares e especial \/ Cr\u00e9dito: Bianca Let\u00edcia Fritscher - Especial FP"},{"@type":"BreadcrumbList","@id":"https:\/\/folhapopular.info\/index.php\/2025\/03\/29\/ampliacao-da-rede-eletrica-e-aquisicao-de-caminhao-aos-bombeiros-imicol-entre-os-13-projetos-aprovados-em-imigrante\/#breadcrumb","itemListElement":[{"@type":"ListItem","position":1,"name":"In\u00edcio","item":"https:\/\/folhapopular.info\/"},{"@type":"ListItem","position":2,"name":"Amplia\u00e7\u00e3o da rede el\u00e9trica e aquisi\u00e7\u00e3o de caminh\u00e3o aos bombeiros Imicol entre os 13 projetos aprovados em Imigrante"}]},{"@type":"WebSite","@id":"https:\/\/folhapopular.info\/#website","url":"https:\/\/folhapopular.info\/","name":"Folha Popular","description":"Onde voc\u00ea tem vez e voz","potentialAction":[{"@type":"SearchAction","target":{"@type":"EntryPoint","urlTemplate":"https:\/\/folhapopular.info\/?s={search_term_string}"},"query-input":{"@type":"PropertyValueSpecification","valueRequired":true,"valueName":"search_term_string"}}],"inLanguage":"pt-BR"},{"@type":"Person","@id":"https:\/\/folhapopular.info\/#\/schema\/person\/6cabf7c76b049b2d4ff702285a81746e","name":"Bianca Let\u00edcia Fritscher","image":{"@type":"ImageObject","inLanguage":"pt-BR","@id":"https:\/\/secure.gravatar.com\/avatar\/d35e69df261686f72acb2795e53ece0af947e794c76c316440e7d5b1040b8e46?s=96&d=mm&r=g","url":"https:\/\/secure.gravatar.com\/avatar\/d35e69df261686f72acb2795e53ece0af947e794c76c316440e7d5b1040b8e46?s=96&d=mm&r=g","contentUrl":"https:\/\/secure.gravatar.com\/avatar\/d35e69df261686f72acb2795e53ece0af947e794c76c316440e7d5b1040b8e46?s=96&d=mm&r=g","caption":"Bianca Let\u00edcia Fritscher"},"url":"https:\/\/folhapopular.info\/index.php\/author\/biafritscherhotmail-com\/"}]}},"jetpack_featured_media_url":"https:\/\/folhapopular.info\/wp-content\/uploads\/2025\/03\/WhatsApp-Image-2025-03-26-at-21.55.20.jpeg","jetpack_sharing_enabled":true,"amp_enabled":true,"_links":{"self":[{"href":"https:\/\/folhapopular.info\/index.php\/wp-json\/wp\/v2\/posts\/183479","targetHints":{"allow":["GET"]}}],"collection":[{"href":"https:\/\/folhapopular.info\/index.php\/wp-json\/wp\/v2\/posts"}],"about":[{"href":"https:\/\/folhapopular.info\/index.php\/wp-json\/wp\/v2\/types\/post"}],"author":[{"embeddable":true,"href":"https:\/\/folhapopular.info\/index.php\/wp-json\/wp\/v2\/users\/705"}],"replies":[{"embeddable":true,"href":"https:\/\/folhapopular.info\/index.php\/wp-json\/wp\/v2\/comments?post=183479"}],"version-history":[{"count":0,"href":"https:\/\/folhapopular.info\/index.php\/wp-json\/wp\/v2\/posts\/183479\/revisions"}],"wp:featuredmedia":[{"embeddable":true,"href":"https:\/\/folhapopular.info\/index.php\/wp-json\/wp\/v2\/media\/183481"}],"wp:attachment":[{"href":"https:\/\/folhapopular.info\/index.php\/wp-json\/wp\/v2\/media?parent=183479"}],"wp:term":[{"taxonomy":"category","embeddable":true,"href":"https:\/\/folhapopular.info\/index.php\/wp-json\/wp\/v2\/categories?post=183479"},{"taxonomy":"post_tag","embeddable":true,"href":"https:\/\/folhapopular.info\/index.php\/wp-json\/wp\/v2\/tags?post=183479"}],"curies":[{"name":"wp","href":"https:\/\/api.w.org\/{rel}","templated":true}]}}